{"id":135103,"date":"2022-04-22T10:25:51","date_gmt":"2022-04-22T09:25:51","guid":{"rendered":"https:\/\/radioljubuski.ba\/?p=135103"},"modified":"2022-04-22T10:25:52","modified_gmt":"2022-04-22T09:25:52","slug":"sedmero-poginulih-u-pozaru-u-vojnom-institutu-u-rusiji","status":"publish","type":"post","link":"https:\/\/radioljubuski.ba\/index.php\/2022\/04\/22\/sedmero-poginulih-u-pozaru-u-vojnom-institutu-u-rusiji\/","title":{"rendered":"Sedmero poginulih u po\u017earu u vojnom institutu u Rusiji"},"content":{"rendered":"\n<p>Najmanje sedmero ljudi poginulo je u \u010detvrtak u velikom po\u017earu u institutu za vojna istra\u017eivanja u Tveru, 160 kilometara od Moskve, objavila je spasila\u010dka slu\u017eba, a prenijele ruske novinske agencije.<\/p>\n\n\n\n<p>Rije\u010d je o Sredi\u0161njem istra\u017eiva\u010dkom institutu ruskih aeronauti\u010dkih snaga. Ruska televizija objavila je snimku \u010detverokatnice iznad koje se uzdi\u017ee gusti dim.<\/p>\n\n\n\n<p>Po izjavama o\u010devidaca za televiziju, nekoliko zaposlenika instituta moralo je sko\u010diti kroz prozore s vi\u0161ih katova zgrade ne bi li pobjegli pred po\u017earom koji je zahvatio povr\u0161inu od 1000 metara \u010detvornih.<\/p>\n\n\n\n<p>&#8220;Po zadnjim informacijama, bilanca po\u017eara je porasla na sedmero mrtvih&#8221;, rekao je glasnogovornik spasila\u010dke slu\u017ebe za Ria Novosti. Prvo je bilo objavljeno da je poginulo petero ljudi, a dvadesetak je ozlije\u0111eno.<\/p>\n\n\n\n<p>Nekoliko ozlije\u0111enih je u bolnici, od kojih troje na reanimaciji, rekao je glasnogovornik bolnice u Tveru za TASS.<\/p>\n\n\n\n<p>Po prvim informacijama, po\u017ear je mo\u017eda izbio zbog starih elektri\u010dnih instalacija, navodi TASS.<\/p>\n\n\n\n<p>Institut se po&nbsp;ruskom ministarstvu obrane bavi obrambenim istra\u017eivanjima te razvojem novih sustava protuzra\u010dne obrane.<\/p>\n\n\n\n<p>Izvor:pogled.ba<\/p>\n","protected":false},"excerpt":{"rendered":"<p>Najmanje sedmero ljudi poginulo je u \u010detvrtak u velikom po\u017earu u institutu za vojna istra\u017eivanja u Tveru, 160 kilometara od Moskve, objavila je spasila\u010dka slu\u017eba, a prenijele ruske novinske agencije. Rije\u010d je o Sredi\u0161njem istra\u017eiva\u010dkom institutu ruskih aeronauti\u010dkih snaga. Ruska televizija objavila je snimku \u010detverokatnice iznad koje se uzdi\u017ee gusti dim. Po izjavama o\u010devidaca za [&hellip;]<\/p>\n","protected":false},"author":2,"featured_media":135104,"comment_status":"closed","ping_status":"closed","sticky":false,"template":"","format":"standard","meta":{"h5ap_radio_sources":[],"footnotes":""},"categories":[1],"tags":[],"class_list":["post-135103","post","type-post","status-publish","format-standard","has-post-thumbnail","hentry","category-bihiregija"],"yoast_head":"<!-- This site is optimized with the Yoast SEO plugin v27.4 - https:\/\/yoast.com\/product\/yoast-seo-wordpress\/ -->\n<title>Sedmero poginulih u po\u017earu u vojnom institutu u Rusiji - RADIO LJUBU\u0160KI<\/title>\n<meta name=\"robots\" content=\"index, follow, max-snippet:-1, max-image-preview:large, max-video-preview:-1\" \/>\n<link rel=\"canonical\" href=\"https:\/\/radioljubuski.ba\/index.php\/2022\/04\/22\/sedmero-poginulih-u-pozaru-u-vojnom-institutu-u-rusiji\/\" \/>\n<meta property=\"og:locale\" content=\"hr_HR\" \/>\n<meta property=\"og:type\" content=\"article\" \/>\n<meta property=\"og:title\" content=\"Sedmero poginulih u po\u017earu u vojnom institutu u Rusiji - RADIO LJUBU\u0160KI\" \/>\n<meta property=\"og:description\" content=\"Najmanje sedmero ljudi poginulo je u \u010detvrtak u velikom po\u017earu u institutu za vojna istra\u017eivanja u Tveru, 160 kilometara od Moskve, objavila je spasila\u010dka slu\u017eba, a prenijele ruske novinske agencije. Rije\u010d je o Sredi\u0161njem istra\u017eiva\u010dkom institutu ruskih aeronauti\u010dkih snaga. Ruska televizija objavila je snimku \u010detverokatnice iznad koje se uzdi\u017ee gusti dim. Po izjavama o\u010devidaca za [&hellip;]\" \/>\n<meta property=\"og:url\" content=\"https:\/\/radioljubuski.ba\/index.php\/2022\/04\/22\/sedmero-poginulih-u-pozaru-u-vojnom-institutu-u-rusiji\/\" \/>\n<meta property=\"og:site_name\" content=\"RADIO LJUBU\u0160KI\" \/>\n<meta property=\"article:publisher\" content=\"https:\/\/www.facebook.com\/Radiio-Ljubuski-1490835324566332\" \/>\n<meta property=\"article:published_time\" content=\"2022-04-22T09:25:51+00:00\" \/>\n<meta property=\"article:modified_time\" content=\"2022-04-22T09:25:52+00:00\" \/>\n<meta property=\"og:image\" content=\"https:\/\/radioljubuski.ba\/wp-content\/uploads\/2022\/04\/10-2022-04-21-19-05-29-219262_pozar_fmob.jpg\" \/>\n\t<meta property=\"og:image:width\" content=\"1000\" \/>\n\t<meta property=\"og:image:height\" content=\"625\" \/>\n\t<meta property=\"og:image:type\" content=\"image\/jpeg\" \/>\n<meta name=\"author\" content=\"Radio Ljubu\u0161ki\" \/>\n<meta name=\"twitter:card\" content=\"summary_large_image\" \/>\n<meta name=\"twitter:creator\" content=\"@radioljubuski\" \/>\n<meta name=\"twitter:site\" content=\"@radioljubuski\" \/>\n<meta name=\"twitter:label1\" content=\"Napisao\/la\" \/>\n\t<meta name=\"twitter:data1\" content=\"Radio Ljubu\u0161ki\" \/>\n\t<meta name=\"twitter:label2\" content=\"Procijenjeno vrijeme \u010ditanja\" \/>\n\t<meta name=\"twitter:data2\" content=\"1 minuta\" \/>\n<script type=\"application\/ld+json\" class=\"yoast-schema-graph\">{\"@context\":\"https:\\\/\\\/schema.org\",\"@graph\":[{\"@type\":\"Article\",\"@id\":\"https:\\\/\\\/radioljubuski.ba\\\/index.php\\\/2022\\\/04\\\/22\\\/sedmero-poginulih-u-pozaru-u-vojnom-institutu-u-rusiji\\\/#article\",\"isPartOf\":{\"@id\":\"https:\\\/\\\/radioljubuski.ba\\\/index.php\\\/2022\\\/04\\\/22\\\/sedmero-poginulih-u-pozaru-u-vojnom-institutu-u-rusiji\\\/\"},\"author\":{\"name\":\"Radio Ljubu\u0161ki\",\"@id\":\"https:\\\/\\\/radioljubuski.ba\\\/#\\\/schema\\\/person\\\/19fc700381a780f69665d7956c469e3b\"},\"headline\":\"Sedmero poginulih u po\u017earu u vojnom institutu u Rusiji\",\"datePublished\":\"2022-04-22T09:25:51+00:00\",\"dateModified\":\"2022-04-22T09:25:52+00:00\",\"mainEntityOfPage\":{\"@id\":\"https:\\\/\\\/radioljubuski.ba\\\/index.php\\\/2022\\\/04\\\/22\\\/sedmero-poginulih-u-pozaru-u-vojnom-institutu-u-rusiji\\\/\"},\"wordCount\":195,\"publisher\":{\"@id\":\"https:\\\/\\\/radioljubuski.ba\\\/#organization\"},\"image\":{\"@id\":\"https:\\\/\\\/radioljubuski.ba\\\/index.php\\\/2022\\\/04\\\/22\\\/sedmero-poginulih-u-pozaru-u-vojnom-institutu-u-rusiji\\\/#primaryimage\"},\"thumbnailUrl\":\"https:\\\/\\\/radioljubuski.ba\\\/wp-content\\\/uploads\\\/2022\\\/04\\\/10-2022-04-21-19-05-29-219262_pozar_fmob.jpg\",\"articleSection\":[\"BIH i regija\"],\"inLanguage\":\"hr\"},{\"@type\":\"WebPage\",\"@id\":\"https:\\\/\\\/radioljubuski.ba\\\/index.php\\\/2022\\\/04\\\/22\\\/sedmero-poginulih-u-pozaru-u-vojnom-institutu-u-rusiji\\\/\",\"url\":\"https:\\\/\\\/radioljubuski.ba\\\/index.php\\\/2022\\\/04\\\/22\\\/sedmero-poginulih-u-pozaru-u-vojnom-institutu-u-rusiji\\\/\",\"name\":\"Sedmero poginulih u po\u017earu u vojnom institutu u Rusiji - RADIO LJUBU\u0160KI\",\"isPartOf\":{\"@id\":\"https:\\\/\\\/radioljubuski.ba\\\/#website\"},\"primaryImageOfPage\":{\"@id\":\"https:\\\/\\\/radioljubuski.ba\\\/index.php\\\/2022\\\/04\\\/22\\\/sedmero-poginulih-u-pozaru-u-vojnom-institutu-u-rusiji\\\/#primaryimage\"},\"image\":{\"@id\":\"https:\\\/\\\/radioljubuski.ba\\\/index.php\\\/2022\\\/04\\\/22\\\/sedmero-poginulih-u-pozaru-u-vojnom-institutu-u-rusiji\\\/#primaryimage\"},\"thumbnailUrl\":\"https:\\\/\\\/radioljubuski.ba\\\/wp-content\\\/uploads\\\/2022\\\/04\\\/10-2022-04-21-19-05-29-219262_pozar_fmob.jpg\",\"datePublished\":\"2022-04-22T09:25:51+00:00\",\"dateModified\":\"2022-04-22T09:25:52+00:00\",\"breadcrumb\":{\"@id\":\"https:\\\/\\\/radioljubuski.ba\\\/index.php\\\/2022\\\/04\\\/22\\\/sedmero-poginulih-u-pozaru-u-vojnom-institutu-u-rusiji\\\/#breadcrumb\"},\"inLanguage\":\"hr\",\"potentialAction\":[{\"@type\":\"ReadAction\",\"target\":[\"https:\\\/\\\/radioljubuski.ba\\\/index.php\\\/2022\\\/04\\\/22\\\/sedmero-poginulih-u-pozaru-u-vojnom-institutu-u-rusiji\\\/\"]}]},{\"@type\":\"ImageObject\",\"inLanguage\":\"hr\",\"@id\":\"https:\\\/\\\/radioljubuski.ba\\\/index.php\\\/2022\\\/04\\\/22\\\/sedmero-poginulih-u-pozaru-u-vojnom-institutu-u-rusiji\\\/#primaryimage\",\"url\":\"https:\\\/\\\/radioljubuski.ba\\\/wp-content\\\/uploads\\\/2022\\\/04\\\/10-2022-04-21-19-05-29-219262_pozar_fmob.jpg\",\"contentUrl\":\"https:\\\/\\\/radioljubuski.ba\\\/wp-content\\\/uploads\\\/2022\\\/04\\\/10-2022-04-21-19-05-29-219262_pozar_fmob.jpg\",\"width\":1000,\"height\":625},{\"@type\":\"BreadcrumbList\",\"@id\":\"https:\\\/\\\/radioljubuski.ba\\\/index.php\\\/2022\\\/04\\\/22\\\/sedmero-poginulih-u-pozaru-u-vojnom-institutu-u-rusiji\\\/#breadcrumb\",\"itemListElement\":[{\"@type\":\"ListItem\",\"position\":1,\"name\":\"Po\u010detna stranica\",\"item\":\"https:\\\/\\\/radioljubuski.ba\\\/\"},{\"@type\":\"ListItem\",\"position\":2,\"name\":\"Sedmero poginulih u po\u017earu u vojnom institutu u Rusiji\"}]},{\"@type\":\"WebSite\",\"@id\":\"https:\\\/\\\/radioljubuski.ba\\\/#website\",\"url\":\"https:\\\/\\\/radioljubuski.ba\\\/\",\"name\":\"Radio Ljubu\u0161ki\",\"description\":\"Sun\u010dana frekvencija Hercegovine\",\"publisher\":{\"@id\":\"https:\\\/\\\/radioljubuski.ba\\\/#organization\"},\"potentialAction\":[{\"@type\":\"SearchAction\",\"target\":{\"@type\":\"EntryPoint\",\"urlTemplate\":\"https:\\\/\\\/radioljubuski.ba\\\/?s={search_term_string}\"},\"query-input\":{\"@type\":\"PropertyValueSpecification\",\"valueRequired\":true,\"valueName\":\"search_term_string\"}}],\"inLanguage\":\"hr\"},{\"@type\":\"Organization\",\"@id\":\"https:\\\/\\\/radioljubuski.ba\\\/#organization\",\"name\":\"Radio Ljubu\u0161ki\",\"url\":\"https:\\\/\\\/radioljubuski.ba\\\/\",\"logo\":{\"@type\":\"ImageObject\",\"inLanguage\":\"hr\",\"@id\":\"https:\\\/\\\/radioljubuski.ba\\\/#\\\/schema\\\/logo\\\/image\\\/\",\"url\":\"https:\\\/\\\/radioljubuski.ba\\\/wp-content\\\/uploads\\\/2021\\\/02\\\/cropped-Radio_Ljubuski_logo1.jpg\",\"contentUrl\":\"https:\\\/\\\/radioljubuski.ba\\\/wp-content\\\/uploads\\\/2021\\\/02\\\/cropped-Radio_Ljubuski_logo1.jpg\",\"width\":512,\"height\":512,\"caption\":\"Radio Ljubu\u0161ki\"},\"image\":{\"@id\":\"https:\\\/\\\/radioljubuski.ba\\\/#\\\/schema\\\/logo\\\/image\\\/\"},\"sameAs\":[\"https:\\\/\\\/www.facebook.com\\\/Radiio-Ljubuski-1490835324566332\",\"https:\\\/\\\/x.com\\\/radioljubuski\",\"https:\\\/\\\/hr.linkedin.com\\\/company\\\/radio-ljubuski\",\"https:\\\/\\\/www.youtube.com\\\/channel\\\/UCHYaeO_n0Db3tjNGudGpXyw\"]},{\"@type\":\"Person\",\"@id\":\"https:\\\/\\\/radioljubuski.ba\\\/#\\\/schema\\\/person\\\/19fc700381a780f69665d7956c469e3b\",\"name\":\"Radio Ljubu\u0161ki\"}]}<\/script>\n<!-- \/ Yoast SEO plugin. -->","yoast_head_json":{"title":"Sedmero poginulih u po\u017earu u vojnom institutu u Rusiji - RADIO LJUBU\u0160KI","robots":{"index":"index","follow":"follow","max-snippet":"max-snippet:-1","max-image-preview":"max-image-preview:large","max-video-preview":"max-video-preview:-1"},"canonical":"https:\/\/radioljubuski.ba\/index.php\/2022\/04\/22\/sedmero-poginulih-u-pozaru-u-vojnom-institutu-u-rusiji\/","og_locale":"hr_HR","og_type":"article","og_title":"Sedmero poginulih u po\u017earu u vojnom institutu u Rusiji - RADIO LJUBU\u0160KI","og_description":"Najmanje sedmero ljudi poginulo je u \u010detvrtak u velikom po\u017earu u institutu za vojna istra\u017eivanja u Tveru, 160 kilometara od Moskve, objavila je spasila\u010dka slu\u017eba, a prenijele ruske novinske agencije. Rije\u010d je o Sredi\u0161njem istra\u017eiva\u010dkom institutu ruskih aeronauti\u010dkih snaga. Ruska televizija objavila je snimku \u010detverokatnice iznad koje se uzdi\u017ee gusti dim. Po izjavama o\u010devidaca za [&hellip;]","og_url":"https:\/\/radioljubuski.ba\/index.php\/2022\/04\/22\/sedmero-poginulih-u-pozaru-u-vojnom-institutu-u-rusiji\/","og_site_name":"RADIO LJUBU\u0160KI","article_publisher":"https:\/\/www.facebook.com\/Radiio-Ljubuski-1490835324566332","article_published_time":"2022-04-22T09:25:51+00:00","article_modified_time":"2022-04-22T09:25:52+00:00","og_image":[{"width":1000,"height":625,"url":"https:\/\/radioljubuski.ba\/wp-content\/uploads\/2022\/04\/10-2022-04-21-19-05-29-219262_pozar_fmob.jpg","type":"image\/jpeg"}],"author":"Radio Ljubu\u0161ki","twitter_card":"summary_large_image","twitter_creator":"@radioljubuski","twitter_site":"@radioljubuski","twitter_misc":{"Napisao\/la":"Radio Ljubu\u0161ki","Procijenjeno vrijeme \u010ditanja":"1 minuta"},"schema":{"@context":"https:\/\/schema.org","@graph":[{"@type":"Article","@id":"https:\/\/radioljubuski.ba\/index.php\/2022\/04\/22\/sedmero-poginulih-u-pozaru-u-vojnom-institutu-u-rusiji\/#article","isPartOf":{"@id":"https:\/\/radioljubuski.ba\/index.php\/2022\/04\/22\/sedmero-poginulih-u-pozaru-u-vojnom-institutu-u-rusiji\/"},"author":{"name":"Radio Ljubu\u0161ki","@id":"https:\/\/radioljubuski.ba\/#\/schema\/person\/19fc700381a780f69665d7956c469e3b"},"headline":"Sedmero poginulih u po\u017earu u vojnom institutu u Rusiji","datePublished":"2022-04-22T09:25:51+00:00","dateModified":"2022-04-22T09:25:52+00:00","mainEntityOfPage":{"@id":"https:\/\/radioljubuski.ba\/index.php\/2022\/04\/22\/sedmero-poginulih-u-pozaru-u-vojnom-institutu-u-rusiji\/"},"wordCount":195,"publisher":{"@id":"https:\/\/radioljubuski.ba\/#organization"},"image":{"@id":"https:\/\/radioljubuski.ba\/index.php\/2022\/04\/22\/sedmero-poginulih-u-pozaru-u-vojnom-institutu-u-rusiji\/#primaryimage"},"thumbnailUrl":"https:\/\/radioljubuski.ba\/wp-content\/uploads\/2022\/04\/10-2022-04-21-19-05-29-219262_pozar_fmob.jpg","articleSection":["BIH i regija"],"inLanguage":"hr"},{"@type":"WebPage","@id":"https:\/\/radioljubuski.ba\/index.php\/2022\/04\/22\/sedmero-poginulih-u-pozaru-u-vojnom-institutu-u-rusiji\/","url":"https:\/\/radioljubuski.ba\/index.php\/2022\/04\/22\/sedmero-poginulih-u-pozaru-u-vojnom-institutu-u-rusiji\/","name":"Sedmero poginulih u po\u017earu u vojnom institutu u Rusiji - RADIO LJUBU\u0160KI","isPartOf":{"@id":"https:\/\/radioljubuski.ba\/#website"},"primaryImageOfPage":{"@id":"https:\/\/radioljubuski.ba\/index.php\/2022\/04\/22\/sedmero-poginulih-u-pozaru-u-vojnom-institutu-u-rusiji\/#primaryimage"},"image":{"@id":"https:\/\/radioljubuski.ba\/index.php\/2022\/04\/22\/sedmero-poginulih-u-pozaru-u-vojnom-institutu-u-rusiji\/#primaryimage"},"thumbnailUrl":"https:\/\/radioljubuski.ba\/wp-content\/uploads\/2022\/04\/10-2022-04-21-19-05-29-219262_pozar_fmob.jpg","datePublished":"2022-04-22T09:25:51+00:00","dateModified":"2022-04-22T09:25:52+00:00","breadcrumb":{"@id":"https:\/\/radioljubuski.ba\/index.php\/2022\/04\/22\/sedmero-poginulih-u-pozaru-u-vojnom-institutu-u-rusiji\/#breadcrumb"},"inLanguage":"hr","potentialAction":[{"@type":"ReadAction","target":["https:\/\/radioljubuski.ba\/index.php\/2022\/04\/22\/sedmero-poginulih-u-pozaru-u-vojnom-institutu-u-rusiji\/"]}]},{"@type":"ImageObject","inLanguage":"hr","@id":"https:\/\/radioljubuski.ba\/index.php\/2022\/04\/22\/sedmero-poginulih-u-pozaru-u-vojnom-institutu-u-rusiji\/#primaryimage","url":"https:\/\/radioljubuski.ba\/wp-content\/uploads\/2022\/04\/10-2022-04-21-19-05-29-219262_pozar_fmob.jpg","contentUrl":"https:\/\/radioljubuski.ba\/wp-content\/uploads\/2022\/04\/10-2022-04-21-19-05-29-219262_pozar_fmob.jpg","width":1000,"height":625},{"@type":"BreadcrumbList","@id":"https:\/\/radioljubuski.ba\/index.php\/2022\/04\/22\/sedmero-poginulih-u-pozaru-u-vojnom-institutu-u-rusiji\/#breadcrumb","itemListElement":[{"@type":"ListItem","position":1,"name":"Po\u010detna stranica","item":"https:\/\/radioljubuski.ba\/"},{"@type":"ListItem","position":2,"name":"Sedmero poginulih u po\u017earu u vojnom institutu u Rusiji"}]},{"@type":"WebSite","@id":"https:\/\/radioljubuski.ba\/#website","url":"https:\/\/radioljubuski.ba\/","name":"Radio Ljubu\u0161ki","description":"Sun\u010dana frekvencija Hercegovine","publisher":{"@id":"https:\/\/radioljubuski.ba\/#organization"},"potentialAction":[{"@type":"SearchAction","target":{"@type":"EntryPoint","urlTemplate":"https:\/\/radioljubuski.ba\/?s={search_term_string}"},"query-input":{"@type":"PropertyValueSpecification","valueRequired":true,"valueName":"search_term_string"}}],"inLanguage":"hr"},{"@type":"Organization","@id":"https:\/\/radioljubuski.ba\/#organization","name":"Radio Ljubu\u0161ki","url":"https:\/\/radioljubuski.ba\/","logo":{"@type":"ImageObject","inLanguage":"hr","@id":"https:\/\/radioljubuski.ba\/#\/schema\/logo\/image\/","url":"https:\/\/radioljubuski.ba\/wp-content\/uploads\/2021\/02\/cropped-Radio_Ljubuski_logo1.jpg","contentUrl":"https:\/\/radioljubuski.ba\/wp-content\/uploads\/2021\/02\/cropped-Radio_Ljubuski_logo1.jpg","width":512,"height":512,"caption":"Radio Ljubu\u0161ki"},"image":{"@id":"https:\/\/radioljubuski.ba\/#\/schema\/logo\/image\/"},"sameAs":["https:\/\/www.facebook.com\/Radiio-Ljubuski-1490835324566332","https:\/\/x.com\/radioljubuski","https:\/\/hr.linkedin.com\/company\/radio-ljubuski","https:\/\/www.youtube.com\/channel\/UCHYaeO_n0Db3tjNGudGpXyw"]},{"@type":"Person","@id":"https:\/\/radioljubuski.ba\/#\/schema\/person\/19fc700381a780f69665d7956c469e3b","name":"Radio Ljubu\u0161ki"}]}},"_links":{"self":[{"href":"https:\/\/radioljubuski.ba\/index.php\/wp-json\/wp\/v2\/posts\/135103","targetHints":{"allow":["GET"]}}],"collection":[{"href":"https:\/\/radioljubuski.ba\/index.php\/wp-json\/wp\/v2\/posts"}],"about":[{"href":"https:\/\/radioljubuski.ba\/index.php\/wp-json\/wp\/v2\/types\/post"}],"author":[{"embeddable":true,"href":"https:\/\/radioljubuski.ba\/index.php\/wp-json\/wp\/v2\/users\/2"}],"replies":[{"embeddable":true,"href":"https:\/\/radioljubuski.ba\/index.php\/wp-json\/wp\/v2\/comments?post=135103"}],"version-history":[{"count":1,"href":"https:\/\/radioljubuski.ba\/index.php\/wp-json\/wp\/v2\/posts\/135103\/revisions"}],"predecessor-version":[{"id":135105,"href":"https:\/\/radioljubuski.ba\/index.php\/wp-json\/wp\/v2\/posts\/135103\/revisions\/135105"}],"wp:featuredmedia":[{"embeddable":true,"href":"https:\/\/radioljubuski.ba\/index.php\/wp-json\/wp\/v2\/media\/135104"}],"wp:attachment":[{"href":"https:\/\/radioljubuski.ba\/index.php\/wp-json\/wp\/v2\/media?parent=135103"}],"wp:term":[{"taxonomy":"category","embeddable":true,"href":"https:\/\/radioljubuski.ba\/index.php\/wp-json\/wp\/v2\/categories?post=135103"},{"taxonomy":"post_tag","embeddable":true,"href":"https:\/\/radioljubuski.ba\/index.php\/wp-json\/wp\/v2\/tags?post=135103"}],"curies":[{"name":"wp","href":"https:\/\/api.w.org\/{rel}","templated":true}]}}