{"id":135131,"date":"2022-04-22T10:38:56","date_gmt":"2022-04-22T09:38:56","guid":{"rendered":"https:\/\/radioljubuski.ba\/?p=135131"},"modified":"2022-04-22T10:38:57","modified_gmt":"2022-04-22T09:38:57","slug":"od-274-molbe-za-pomilovanje-46-su-za-osobe-sa-statusom-hrvatskog-branitelja","status":"publish","type":"post","link":"https:\/\/radioljubuski.ba\/index.php\/2022\/04\/22\/od-274-molbe-za-pomilovanje-46-su-za-osobe-sa-statusom-hrvatskog-branitelja\/","title":{"rendered":"Od 274 molbe za pomilovanje &#8211; 46 su za osobe sa statusom hrvatskog branitelja"},"content":{"rendered":"\n<p>Ministartvo pravosu\u0111a i uprave priop\u0107ilo je da se od 274 molbe za pomilovanje koje su dosad dostavljene predsjedniku Republike Hrvatske na odlu\u010divanje njih 46 odnosi na molbe za pomilovanje osoba za koje se po dostupnim podacima mo\u017ee utvrditi da imaju status hrvatskog branitelja.<\/p>\n\n\n\n<p>Napominju da&nbsp;Ministarstvo u postupku obrade molbi za pomilovanje pribavlja podatke o pravomo\u0107noj osu\u0111uju\u0107oj presudu od nadle\u017enih tijela.<\/p>\n\n\n\n<p>Navedena okolnost da je osu\u0111enik hrvatski branitelj mo\u017ee se utvrditi samo ako je ta okolnost izri\u010dito navedena u molbi za pomilovanje ili ako je navedena u dostavljenoj dokumentaciji, stoji u priop\u0107enju Ministarstva&nbsp;pravosu\u0111a i uprave.<\/p>\n\n\n\n<p>Izvor:index.hr<\/p>\n","protected":false},"excerpt":{"rendered":"<p>Ministartvo pravosu\u0111a i uprave priop\u0107ilo je da se od 274 molbe za pomilovanje koje su dosad dostavljene predsjedniku Republike Hrvatske na odlu\u010divanje njih 46 odnosi na molbe za pomilovanje osoba za koje se po dostupnim podacima mo\u017ee utvrditi da imaju status hrvatskog branitelja. Napominju da&nbsp;Ministarstvo u postupku obrade molbi za pomilovanje pribavlja podatke o pravomo\u0107noj [&hellip;]<\/p>\n","protected":false},"author":2,"featured_media":49399,"comment_status":"closed","ping_status":"closed","sticky":false,"template":"","format":"standard","meta":{"h5ap_radio_sources":[],"footnotes":""},"categories":[1],"tags":[],"class_list":["post-135131","post","type-post","status-publish","format-standard","has-post-thumbnail","hentry","category-bihiregija"],"yoast_head":"<!-- This site is optimized with the Yoast SEO plugin v27.4 - https:\/\/yoast.com\/product\/yoast-seo-wordpress\/ -->\n<title>Od 274 molbe za pomilovanje - 46 su za osobe sa statusom hrvatskog branitelja - RADIO LJUBU\u0160KI<\/title>\n<meta name=\"robots\" content=\"index, follow, max-snippet:-1, max-image-preview:large, max-video-preview:-1\" \/>\n<link rel=\"canonical\" href=\"https:\/\/radioljubuski.ba\/index.php\/2022\/04\/22\/od-274-molbe-za-pomilovanje-46-su-za-osobe-sa-statusom-hrvatskog-branitelja\/\" \/>\n<meta property=\"og:locale\" content=\"hr_HR\" \/>\n<meta property=\"og:type\" content=\"article\" \/>\n<meta property=\"og:title\" content=\"Od 274 molbe za pomilovanje - 46 su za osobe sa statusom hrvatskog branitelja - RADIO LJUBU\u0160KI\" \/>\n<meta property=\"og:description\" content=\"Ministartvo pravosu\u0111a i uprave priop\u0107ilo je da se od 274 molbe za pomilovanje koje su dosad dostavljene predsjedniku Republike Hrvatske na odlu\u010divanje njih 46 odnosi na molbe za pomilovanje osoba za koje se po dostupnim podacima mo\u017ee utvrditi da imaju status hrvatskog branitelja. Napominju da&nbsp;Ministarstvo u postupku obrade molbi za pomilovanje pribavlja podatke o pravomo\u0107noj [&hellip;]\" \/>\n<meta property=\"og:url\" content=\"https:\/\/radioljubuski.ba\/index.php\/2022\/04\/22\/od-274-molbe-za-pomilovanje-46-su-za-osobe-sa-statusom-hrvatskog-branitelja\/\" \/>\n<meta property=\"og:site_name\" content=\"RADIO LJUBU\u0160KI\" \/>\n<meta property=\"article:publisher\" content=\"https:\/\/www.facebook.com\/Radiio-Ljubuski-1490835324566332\" \/>\n<meta property=\"article:published_time\" content=\"2022-04-22T09:38:56+00:00\" \/>\n<meta property=\"article:modified_time\" content=\"2022-04-22T09:38:57+00:00\" \/>\n<meta property=\"og:image\" content=\"https:\/\/radioljubuski.ba\/wp-content\/uploads\/2021\/08\/jtv7nSPp_milanovic.jpg\" \/>\n\t<meta property=\"og:image:width\" content=\"1000\" \/>\n\t<meta property=\"og:image:height\" content=\"625\" \/>\n\t<meta property=\"og:image:type\" content=\"image\/jpeg\" \/>\n<meta name=\"author\" content=\"Radio Ljubu\u0161ki\" \/>\n<meta name=\"twitter:card\" content=\"summary_large_image\" \/>\n<meta name=\"twitter:creator\" content=\"@radioljubuski\" \/>\n<meta name=\"twitter:site\" content=\"@radioljubuski\" \/>\n<meta name=\"twitter:label1\" content=\"Napisao\/la\" \/>\n\t<meta name=\"twitter:data1\" content=\"Radio Ljubu\u0161ki\" \/>\n\t<meta name=\"twitter:label2\" content=\"Procijenjeno vrijeme \u010ditanja\" \/>\n\t<meta name=\"twitter:data2\" content=\"1 minuta\" \/>\n<script type=\"application\/ld+json\" class=\"yoast-schema-graph\">{\"@context\":\"https:\\\/\\\/schema.org\",\"@graph\":[{\"@type\":\"Article\",\"@id\":\"https:\\\/\\\/radioljubuski.ba\\\/index.php\\\/2022\\\/04\\\/22\\\/od-274-molbe-za-pomilovanje-46-su-za-osobe-sa-statusom-hrvatskog-branitelja\\\/#article\",\"isPartOf\":{\"@id\":\"https:\\\/\\\/radioljubuski.ba\\\/index.php\\\/2022\\\/04\\\/22\\\/od-274-molbe-za-pomilovanje-46-su-za-osobe-sa-statusom-hrvatskog-branitelja\\\/\"},\"author\":{\"name\":\"Radio Ljubu\u0161ki\",\"@id\":\"https:\\\/\\\/radioljubuski.ba\\\/#\\\/schema\\\/person\\\/19fc700381a780f69665d7956c469e3b\"},\"headline\":\"Od 274 molbe za pomilovanje &#8211; 46 su za osobe sa statusom hrvatskog branitelja\",\"datePublished\":\"2022-04-22T09:38:56+00:00\",\"dateModified\":\"2022-04-22T09:38:57+00:00\",\"mainEntityOfPage\":{\"@id\":\"https:\\\/\\\/radioljubuski.ba\\\/index.php\\\/2022\\\/04\\\/22\\\/od-274-molbe-za-pomilovanje-46-su-za-osobe-sa-statusom-hrvatskog-branitelja\\\/\"},\"wordCount\":124,\"publisher\":{\"@id\":\"https:\\\/\\\/radioljubuski.ba\\\/#organization\"},\"image\":{\"@id\":\"https:\\\/\\\/radioljubuski.ba\\\/index.php\\\/2022\\\/04\\\/22\\\/od-274-molbe-za-pomilovanje-46-su-za-osobe-sa-statusom-hrvatskog-branitelja\\\/#primaryimage\"},\"thumbnailUrl\":\"https:\\\/\\\/radioljubuski.ba\\\/wp-content\\\/uploads\\\/2021\\\/08\\\/jtv7nSPp_milanovic.jpg\",\"articleSection\":[\"BIH i regija\"],\"inLanguage\":\"hr\"},{\"@type\":\"WebPage\",\"@id\":\"https:\\\/\\\/radioljubuski.ba\\\/index.php\\\/2022\\\/04\\\/22\\\/od-274-molbe-za-pomilovanje-46-su-za-osobe-sa-statusom-hrvatskog-branitelja\\\/\",\"url\":\"https:\\\/\\\/radioljubuski.ba\\\/index.php\\\/2022\\\/04\\\/22\\\/od-274-molbe-za-pomilovanje-46-su-za-osobe-sa-statusom-hrvatskog-branitelja\\\/\",\"name\":\"Od 274 molbe za pomilovanje - 46 su za osobe sa statusom hrvatskog branitelja - RADIO LJUBU\u0160KI\",\"isPartOf\":{\"@id\":\"https:\\\/\\\/radioljubuski.ba\\\/#website\"},\"primaryImageOfPage\":{\"@id\":\"https:\\\/\\\/radioljubuski.ba\\\/index.php\\\/2022\\\/04\\\/22\\\/od-274-molbe-za-pomilovanje-46-su-za-osobe-sa-statusom-hrvatskog-branitelja\\\/#primaryimage\"},\"image\":{\"@id\":\"https:\\\/\\\/radioljubuski.ba\\\/index.php\\\/2022\\\/04\\\/22\\\/od-274-molbe-za-pomilovanje-46-su-za-osobe-sa-statusom-hrvatskog-branitelja\\\/#primaryimage\"},\"thumbnailUrl\":\"https:\\\/\\\/radioljubuski.ba\\\/wp-content\\\/uploads\\\/2021\\\/08\\\/jtv7nSPp_milanovic.jpg\",\"datePublished\":\"2022-04-22T09:38:56+00:00\",\"dateModified\":\"2022-04-22T09:38:57+00:00\",\"breadcrumb\":{\"@id\":\"https:\\\/\\\/radioljubuski.ba\\\/index.php\\\/2022\\\/04\\\/22\\\/od-274-molbe-za-pomilovanje-46-su-za-osobe-sa-statusom-hrvatskog-branitelja\\\/#breadcrumb\"},\"inLanguage\":\"hr\",\"potentialAction\":[{\"@type\":\"ReadAction\",\"target\":[\"https:\\\/\\\/radioljubuski.ba\\\/index.php\\\/2022\\\/04\\\/22\\\/od-274-molbe-za-pomilovanje-46-su-za-osobe-sa-statusom-hrvatskog-branitelja\\\/\"]}]},{\"@type\":\"ImageObject\",\"inLanguage\":\"hr\",\"@id\":\"https:\\\/\\\/radioljubuski.ba\\\/index.php\\\/2022\\\/04\\\/22\\\/od-274-molbe-za-pomilovanje-46-su-za-osobe-sa-statusom-hrvatskog-branitelja\\\/#primaryimage\",\"url\":\"https:\\\/\\\/radioljubuski.ba\\\/wp-content\\\/uploads\\\/2021\\\/08\\\/jtv7nSPp_milanovic.jpg\",\"contentUrl\":\"https:\\\/\\\/radioljubuski.ba\\\/wp-content\\\/uploads\\\/2021\\\/08\\\/jtv7nSPp_milanovic.jpg\",\"width\":1000,\"height\":625},{\"@type\":\"BreadcrumbList\",\"@id\":\"https:\\\/\\\/radioljubuski.ba\\\/index.php\\\/2022\\\/04\\\/22\\\/od-274-molbe-za-pomilovanje-46-su-za-osobe-sa-statusom-hrvatskog-branitelja\\\/#breadcrumb\",\"itemListElement\":[{\"@type\":\"ListItem\",\"position\":1,\"name\":\"Po\u010detna stranica\",\"item\":\"https:\\\/\\\/radioljubuski.ba\\\/\"},{\"@type\":\"ListItem\",\"position\":2,\"name\":\"Od 274 molbe za pomilovanje &#8211; 46 su za osobe sa statusom hrvatskog branitelja\"}]},{\"@type\":\"WebSite\",\"@id\":\"https:\\\/\\\/radioljubuski.ba\\\/#website\",\"url\":\"https:\\\/\\\/radioljubuski.ba\\\/\",\"name\":\"Radio Ljubu\u0161ki\",\"description\":\"Sun\u010dana frekvencija Hercegovine\",\"publisher\":{\"@id\":\"https:\\\/\\\/radioljubuski.ba\\\/#organization\"},\"potentialAction\":[{\"@type\":\"SearchAction\",\"target\":{\"@type\":\"EntryPoint\",\"urlTemplate\":\"https:\\\/\\\/radioljubuski.ba\\\/?s={search_term_string}\"},\"query-input\":{\"@type\":\"PropertyValueSpecification\",\"valueRequired\":true,\"valueName\":\"search_term_string\"}}],\"inLanguage\":\"hr\"},{\"@type\":\"Organization\",\"@id\":\"https:\\\/\\\/radioljubuski.ba\\\/#organization\",\"name\":\"Radio Ljubu\u0161ki\",\"url\":\"https:\\\/\\\/radioljubuski.ba\\\/\",\"logo\":{\"@type\":\"ImageObject\",\"inLanguage\":\"hr\",\"@id\":\"https:\\\/\\\/radioljubuski.ba\\\/#\\\/schema\\\/logo\\\/image\\\/\",\"url\":\"https:\\\/\\\/radioljubuski.ba\\\/wp-content\\\/uploads\\\/2021\\\/02\\\/cropped-Radio_Ljubuski_logo1.jpg\",\"contentUrl\":\"https:\\\/\\\/radioljubuski.ba\\\/wp-content\\\/uploads\\\/2021\\\/02\\\/cropped-Radio_Ljubuski_logo1.jpg\",\"width\":512,\"height\":512,\"caption\":\"Radio Ljubu\u0161ki\"},\"image\":{\"@id\":\"https:\\\/\\\/radioljubuski.ba\\\/#\\\/schema\\\/logo\\\/image\\\/\"},\"sameAs\":[\"https:\\\/\\\/www.facebook.com\\\/Radiio-Ljubuski-1490835324566332\",\"https:\\\/\\\/x.com\\\/radioljubuski\",\"https:\\\/\\\/hr.linkedin.com\\\/company\\\/radio-ljubuski\",\"https:\\\/\\\/www.youtube.com\\\/channel\\\/UCHYaeO_n0Db3tjNGudGpXyw\"]},{\"@type\":\"Person\",\"@id\":\"https:\\\/\\\/radioljubuski.ba\\\/#\\\/schema\\\/person\\\/19fc700381a780f69665d7956c469e3b\",\"name\":\"Radio Ljubu\u0161ki\"}]}<\/script>\n<!-- \/ Yoast SEO plugin. -->","yoast_head_json":{"title":"Od 274 molbe za pomilovanje - 46 su za osobe sa statusom hrvatskog branitelja - RADIO LJUBU\u0160KI","robots":{"index":"index","follow":"follow","max-snippet":"max-snippet:-1","max-image-preview":"max-image-preview:large","max-video-preview":"max-video-preview:-1"},"canonical":"https:\/\/radioljubuski.ba\/index.php\/2022\/04\/22\/od-274-molbe-za-pomilovanje-46-su-za-osobe-sa-statusom-hrvatskog-branitelja\/","og_locale":"hr_HR","og_type":"article","og_title":"Od 274 molbe za pomilovanje - 46 su za osobe sa statusom hrvatskog branitelja - RADIO LJUBU\u0160KI","og_description":"Ministartvo pravosu\u0111a i uprave priop\u0107ilo je da se od 274 molbe za pomilovanje koje su dosad dostavljene predsjedniku Republike Hrvatske na odlu\u010divanje njih 46 odnosi na molbe za pomilovanje osoba za koje se po dostupnim podacima mo\u017ee utvrditi da imaju status hrvatskog branitelja. Napominju da&nbsp;Ministarstvo u postupku obrade molbi za pomilovanje pribavlja podatke o pravomo\u0107noj [&hellip;]","og_url":"https:\/\/radioljubuski.ba\/index.php\/2022\/04\/22\/od-274-molbe-za-pomilovanje-46-su-za-osobe-sa-statusom-hrvatskog-branitelja\/","og_site_name":"RADIO LJUBU\u0160KI","article_publisher":"https:\/\/www.facebook.com\/Radiio-Ljubuski-1490835324566332","article_published_time":"2022-04-22T09:38:56+00:00","article_modified_time":"2022-04-22T09:38:57+00:00","og_image":[{"width":1000,"height":625,"url":"https:\/\/radioljubuski.ba\/wp-content\/uploads\/2021\/08\/jtv7nSPp_milanovic.jpg","type":"image\/jpeg"}],"author":"Radio Ljubu\u0161ki","twitter_card":"summary_large_image","twitter_creator":"@radioljubuski","twitter_site":"@radioljubuski","twitter_misc":{"Napisao\/la":"Radio Ljubu\u0161ki","Procijenjeno vrijeme \u010ditanja":"1 minuta"},"schema":{"@context":"https:\/\/schema.org","@graph":[{"@type":"Article","@id":"https:\/\/radioljubuski.ba\/index.php\/2022\/04\/22\/od-274-molbe-za-pomilovanje-46-su-za-osobe-sa-statusom-hrvatskog-branitelja\/#article","isPartOf":{"@id":"https:\/\/radioljubuski.ba\/index.php\/2022\/04\/22\/od-274-molbe-za-pomilovanje-46-su-za-osobe-sa-statusom-hrvatskog-branitelja\/"},"author":{"name":"Radio Ljubu\u0161ki","@id":"https:\/\/radioljubuski.ba\/#\/schema\/person\/19fc700381a780f69665d7956c469e3b"},"headline":"Od 274 molbe za pomilovanje &#8211; 46 su za osobe sa statusom hrvatskog branitelja","datePublished":"2022-04-22T09:38:56+00:00","dateModified":"2022-04-22T09:38:57+00:00","mainEntityOfPage":{"@id":"https:\/\/radioljubuski.ba\/index.php\/2022\/04\/22\/od-274-molbe-za-pomilovanje-46-su-za-osobe-sa-statusom-hrvatskog-branitelja\/"},"wordCount":124,"publisher":{"@id":"https:\/\/radioljubuski.ba\/#organization"},"image":{"@id":"https:\/\/radioljubuski.ba\/index.php\/2022\/04\/22\/od-274-molbe-za-pomilovanje-46-su-za-osobe-sa-statusom-hrvatskog-branitelja\/#primaryimage"},"thumbnailUrl":"https:\/\/radioljubuski.ba\/wp-content\/uploads\/2021\/08\/jtv7nSPp_milanovic.jpg","articleSection":["BIH i regija"],"inLanguage":"hr"},{"@type":"WebPage","@id":"https:\/\/radioljubuski.ba\/index.php\/2022\/04\/22\/od-274-molbe-za-pomilovanje-46-su-za-osobe-sa-statusom-hrvatskog-branitelja\/","url":"https:\/\/radioljubuski.ba\/index.php\/2022\/04\/22\/od-274-molbe-za-pomilovanje-46-su-za-osobe-sa-statusom-hrvatskog-branitelja\/","name":"Od 274 molbe za pomilovanje - 46 su za osobe sa statusom hrvatskog branitelja - RADIO LJUBU\u0160KI","isPartOf":{"@id":"https:\/\/radioljubuski.ba\/#website"},"primaryImageOfPage":{"@id":"https:\/\/radioljubuski.ba\/index.php\/2022\/04\/22\/od-274-molbe-za-pomilovanje-46-su-za-osobe-sa-statusom-hrvatskog-branitelja\/#primaryimage"},"image":{"@id":"https:\/\/radioljubuski.ba\/index.php\/2022\/04\/22\/od-274-molbe-za-pomilovanje-46-su-za-osobe-sa-statusom-hrvatskog-branitelja\/#primaryimage"},"thumbnailUrl":"https:\/\/radioljubuski.ba\/wp-content\/uploads\/2021\/08\/jtv7nSPp_milanovic.jpg","datePublished":"2022-04-22T09:38:56+00:00","dateModified":"2022-04-22T09:38:57+00:00","breadcrumb":{"@id":"https:\/\/radioljubuski.ba\/index.php\/2022\/04\/22\/od-274-molbe-za-pomilovanje-46-su-za-osobe-sa-statusom-hrvatskog-branitelja\/#breadcrumb"},"inLanguage":"hr","potentialAction":[{"@type":"ReadAction","target":["https:\/\/radioljubuski.ba\/index.php\/2022\/04\/22\/od-274-molbe-za-pomilovanje-46-su-za-osobe-sa-statusom-hrvatskog-branitelja\/"]}]},{"@type":"ImageObject","inLanguage":"hr","@id":"https:\/\/radioljubuski.ba\/index.php\/2022\/04\/22\/od-274-molbe-za-pomilovanje-46-su-za-osobe-sa-statusom-hrvatskog-branitelja\/#primaryimage","url":"https:\/\/radioljubuski.ba\/wp-content\/uploads\/2021\/08\/jtv7nSPp_milanovic.jpg","contentUrl":"https:\/\/radioljubuski.ba\/wp-content\/uploads\/2021\/08\/jtv7nSPp_milanovic.jpg","width":1000,"height":625},{"@type":"BreadcrumbList","@id":"https:\/\/radioljubuski.ba\/index.php\/2022\/04\/22\/od-274-molbe-za-pomilovanje-46-su-za-osobe-sa-statusom-hrvatskog-branitelja\/#breadcrumb","itemListElement":[{"@type":"ListItem","position":1,"name":"Po\u010detna stranica","item":"https:\/\/radioljubuski.ba\/"},{"@type":"ListItem","position":2,"name":"Od 274 molbe za pomilovanje &#8211; 46 su za osobe sa statusom hrvatskog branitelja"}]},{"@type":"WebSite","@id":"https:\/\/radioljubuski.ba\/#website","url":"https:\/\/radioljubuski.ba\/","name":"Radio Ljubu\u0161ki","description":"Sun\u010dana frekvencija Hercegovine","publisher":{"@id":"https:\/\/radioljubuski.ba\/#organization"},"potentialAction":[{"@type":"SearchAction","target":{"@type":"EntryPoint","urlTemplate":"https:\/\/radioljubuski.ba\/?s={search_term_string}"},"query-input":{"@type":"PropertyValueSpecification","valueRequired":true,"valueName":"search_term_string"}}],"inLanguage":"hr"},{"@type":"Organization","@id":"https:\/\/radioljubuski.ba\/#organization","name":"Radio Ljubu\u0161ki","url":"https:\/\/radioljubuski.ba\/","logo":{"@type":"ImageObject","inLanguage":"hr","@id":"https:\/\/radioljubuski.ba\/#\/schema\/logo\/image\/","url":"https:\/\/radioljubuski.ba\/wp-content\/uploads\/2021\/02\/cropped-Radio_Ljubuski_logo1.jpg","contentUrl":"https:\/\/radioljubuski.ba\/wp-content\/uploads\/2021\/02\/cropped-Radio_Ljubuski_logo1.jpg","width":512,"height":512,"caption":"Radio Ljubu\u0161ki"},"image":{"@id":"https:\/\/radioljubuski.ba\/#\/schema\/logo\/image\/"},"sameAs":["https:\/\/www.facebook.com\/Radiio-Ljubuski-1490835324566332","https:\/\/x.com\/radioljubuski","https:\/\/hr.linkedin.com\/company\/radio-ljubuski","https:\/\/www.youtube.com\/channel\/UCHYaeO_n0Db3tjNGudGpXyw"]},{"@type":"Person","@id":"https:\/\/radioljubuski.ba\/#\/schema\/person\/19fc700381a780f69665d7956c469e3b","name":"Radio Ljubu\u0161ki"}]}},"_links":{"self":[{"href":"https:\/\/radioljubuski.ba\/index.php\/wp-json\/wp\/v2\/posts\/135131","targetHints":{"allow":["GET"]}}],"collection":[{"href":"https:\/\/radioljubuski.ba\/index.php\/wp-json\/wp\/v2\/posts"}],"about":[{"href":"https:\/\/radioljubuski.ba\/index.php\/wp-json\/wp\/v2\/types\/post"}],"author":[{"embeddable":true,"href":"https:\/\/radioljubuski.ba\/index.php\/wp-json\/wp\/v2\/users\/2"}],"replies":[{"embeddable":true,"href":"https:\/\/radioljubuski.ba\/index.php\/wp-json\/wp\/v2\/comments?post=135131"}],"version-history":[{"count":1,"href":"https:\/\/radioljubuski.ba\/index.php\/wp-json\/wp\/v2\/posts\/135131\/revisions"}],"predecessor-version":[{"id":135132,"href":"https:\/\/radioljubuski.ba\/index.php\/wp-json\/wp\/v2\/posts\/135131\/revisions\/135132"}],"wp:featuredmedia":[{"embeddable":true,"href":"https:\/\/radioljubuski.ba\/index.php\/wp-json\/wp\/v2\/media\/49399"}],"wp:attachment":[{"href":"https:\/\/radioljubuski.ba\/index.php\/wp-json\/wp\/v2\/media?parent=135131"}],"wp:term":[{"taxonomy":"category","embeddable":true,"href":"https:\/\/radioljubuski.ba\/index.php\/wp-json\/wp\/v2\/categories?post=135131"},{"taxonomy":"post_tag","embeddable":true,"href":"https:\/\/radioljubuski.ba\/index.php\/wp-json\/wp\/v2\/tags?post=135131"}],"curies":[{"name":"wp","href":"https:\/\/api.w.org\/{rel}","templated":true}]}}