{"id":135148,"date":"2022-04-22T10:53:12","date_gmt":"2022-04-22T09:53:12","guid":{"rendered":"https:\/\/radioljubuski.ba\/?p=135148"},"modified":"2022-04-22T10:53:12","modified_gmt":"2022-04-22T09:53:12","slug":"politicki-zatvorenici-o-perkovicu-i-mustacu-nisu-se-nikada-pokajali-reziser-je-vrlo-lukavo-iskamcio-potpise-generala","status":"publish","type":"post","link":"https:\/\/radioljubuski.ba\/index.php\/2022\/04\/22\/politicki-zatvorenici-o-perkovicu-i-mustacu-nisu-se-nikada-pokajali-reziser-je-vrlo-lukavo-iskamcio-potpise-generala\/","title":{"rendered":"Politi\u010dki zatvorenici o Perkovi\u0107u i Musta\u010du: Nisu se nikada pokajali\u2026.Re\u017eiser je vrlo lukavo iskam\u010dio potpise generala"},"content":{"rendered":"\n<p><strong>Hrvatsko dru\u0161tvo politi\u010dkih zatvorenika (HDPZ)<\/strong> smatra kako bi prihva\u0107anje molbe za pomilovanje biv\u0161ih jugoslavenskih i hrvatskih obavje\u0161tajaca <strong>Zdravka Musta\u010da i Josipa Perkovi\u0107a<\/strong> predstavljalo simboli\u010dki posljednji \u010davao u lijes hrvatske te\u017enje za postignu\u0107em pravde.<\/p>\n\n\n\n<p>U priop\u0107enju od \u010detvrtka, \u0161to ga je potpisao predsjednik HDPZ-a <strong>Marko Grubi\u0161i\u0107<\/strong>, ocjenjuje se kako je \u201dodgovornost ta dva stupa jugoslavenskoga komunisti\u010dkog re\u017eima najmanje dvostruka \u2013 u tome \u0161to su pomogli uspostavu i odr\u017eanje jugoslavenske komunisti\u010dke okupacije Hrvatske te \u0161to su izravno sudjelovali u ubojstvima, progonima i \u201dhap\u0161enjima\u2019 hrvatskih rodoljuba sve do 1990.\u201d<\/p>\n\n\n\n<h3 class=\"wp-block-heading\"><strong>Politi\u010dke zatvorenike pla\u0161ili slikom \u0110urekovi\u0107eve likvidacije<\/strong><\/h3>\n\n\n\n<p>\u201dUbojstvo zbog kojeg su presu\u0111eni, po rije\u010dima sudca <strong>Manfreda Daustera<\/strong> na <em>posebno podmukao i gnjusan<\/em> na\u010din potvr\u0111uje i slika kojom su pla\u0161ili i nas u Lepoglavskom zatvoru 1983., s porukom da smo mi koji smo osu\u0111eni kao hrvatski politi\u010dki zatvorenici jo\u0161 dobro pro\u0161li, jer smo \u2018samo\u2019 u zatvoru, a nismo zavr\u0161ili kao \u0110urekovi\u0107\u201d, napominje HDPZ.<\/p>\n\n\n\n<p>Nagla\u0161ava kako Musta\u010d i Perkovi\u0107 pred sudom nisu pomogli da se rasvijetli na\u010din funkcioniranja jugoslavenskoga ubila\u010dkoga stroja, koji je bio modus operandi u provo\u0111enju dr\u017eavnog terorizma, te da se nisu nikada pokajali zbog djela za koje su osu\u0111eni. Takvim pona\u0161anjem, ocjenjuje, oni su ponovno izabrali stranu, i to stranu na kojoj ne stoji ve\u0107ina hrvatskog naroda, javlja <a href=\"https:\/\/vijesti.hrt.hr\/hrvatska\/hdpz-pomilovanje-perkovica-i-mustaca-cavao-u-lijes-hrvatske-teznje-za-pravdom-6897959\">HRT<\/a>.<\/p>\n\n\n\n<p>HDPZ smatra kako je potpis nekoliko generala opravdano izazvao \u010du\u0111enje, ali na \u017ealost za mnoge i zgra\u017eanje. Ocjenjuje kako je re\u017eiser vrlo lukavo potpise iskam\u010dio u predblagdansko vrijeme Uskrsa.<\/p>\n\n\n\n<h3 class=\"wp-block-heading\"><strong>\u2018Ta drska podvala pljuska je u lice stotinama hrvatskih nara\u0161taja koji su se borili i ginuli za hrvatsku slobodu\u2019<\/strong><\/h3>\n\n\n\n<p>HDPZ izra\u017eava zgra\u017eanje nad tezom da su njih dvojica me\u0111u najzaslu\u017enijima za stvaranje samostalne hrvatske dr\u017eave. Ta teza je samo naizgled jeftina dosko\u010dica kojom se ho\u0107e pru\u017eiti alibi aktualnom predsjedniku Republike da dovr\u0161i pothvat zasnovan operacijom lex Perkovi\u0107, dodaje HDPZ.<\/p>\n\n\n\n<p>Ta teza je, smatra HDPZ, u stvarnosti neusporedivo opasnija, jer je u njezinu korijenu zapravo poruka da su komunisti\u010dka partija i njezin obavje\u0161tajno-represivni aparat pravi tvorci hrvatske dr\u017eave.<\/p>\n\n\n\n<p>\u201dTa drska podvala pljuska je u lice stotinama hrvatskih nara\u0161taja koji su se borili i ginuli za hrvatsku slobodu i dr\u017eavnu neovisnost, isti\u010de HDPZ i dodaje kako je ona \u0107u\u0161ka desecima, pa i stotinama tisu\u0107a Hrvata koji su zbog borbe za te vrijednosti u 20. stolje\u0107u pobijeni, raseljeni diljem svijeta ili su \u010damili u jugoslavenskim tamnicama\u201d.<\/p>\n\n\n\n<p>HDPZ je udruga koja od 1990. okuplja najve\u0107i broj Hrvata koji su zbog svojih nacionalnih i vjerskih uvjerenja do\u017eivjeli strahovite progone i zlostavljanja te u zatvorima proveli desetke tisu\u0107a godina.<\/p>\n\n\n\n<p><em>Izvor: narod.hr\/HRT<\/em><\/p>\n","protected":false},"excerpt":{"rendered":"<p>Hrvatsko dru\u0161tvo politi\u010dkih zatvorenika (HDPZ) smatra kako bi prihva\u0107anje molbe za pomilovanje biv\u0161ih jugoslavenskih i hrvatskih obavje\u0161tajaca Zdravka Musta\u010da i Josipa Perkovi\u0107a predstavljalo simboli\u010dki posljednji \u010davao u lijes hrvatske te\u017enje za postignu\u0107em pravde. U priop\u0107enju od \u010detvrtka, \u0161to ga je potpisao predsjednik HDPZ-a Marko Grubi\u0161i\u0107, ocjenjuje se kako je \u201dodgovornost ta dva stupa jugoslavenskoga komunisti\u010dkog [&hellip;]<\/p>\n","protected":false},"author":2,"featured_media":135149,"comment_status":"closed","ping_status":"closed","sticky":false,"template":"","format":"standard","meta":{"h5ap_radio_sources":[],"footnotes":""},"categories":[1],"tags":[],"class_list":["post-135148","post","type-post","status-publish","format-standard","has-post-thumbnail","hentry","category-bihiregija"],"yoast_head":"<!-- This site is optimized with the Yoast SEO plugin v27.4 - https:\/\/yoast.com\/product\/yoast-seo-wordpress\/ -->\n<title>Politi\u010dki zatvorenici o Perkovi\u0107u i Musta\u010du: Nisu se nikada pokajali\u2026.Re\u017eiser je vrlo lukavo iskam\u010dio potpise generala - RADIO LJUBU\u0160KI<\/title>\n<meta name=\"robots\" content=\"index, follow, max-snippet:-1, max-image-preview:large, max-video-preview:-1\" \/>\n<link rel=\"canonical\" href=\"https:\/\/radioljubuski.ba\/index.php\/2022\/04\/22\/politicki-zatvorenici-o-perkovicu-i-mustacu-nisu-se-nikada-pokajali-reziser-je-vrlo-lukavo-iskamcio-potpise-generala\/\" \/>\n<meta property=\"og:locale\" content=\"hr_HR\" \/>\n<meta property=\"og:type\" content=\"article\" \/>\n<meta property=\"og:title\" content=\"Politi\u010dki zatvorenici o Perkovi\u0107u i Musta\u010du: Nisu se nikada pokajali\u2026.Re\u017eiser je vrlo lukavo iskam\u010dio potpise generala - RADIO LJUBU\u0160KI\" \/>\n<meta property=\"og:description\" content=\"Hrvatsko dru\u0161tvo politi\u010dkih zatvorenika (HDPZ) smatra kako bi prihva\u0107anje molbe za pomilovanje biv\u0161ih jugoslavenskih i hrvatskih obavje\u0161tajaca Zdravka Musta\u010da i Josipa Perkovi\u0107a predstavljalo simboli\u010dki posljednji \u010davao u lijes hrvatske te\u017enje za postignu\u0107em pravde. U priop\u0107enju od \u010detvrtka, \u0161to ga je potpisao predsjednik HDPZ-a Marko Grubi\u0161i\u0107, ocjenjuje se kako je \u201dodgovornost ta dva stupa jugoslavenskoga komunisti\u010dkog [&hellip;]\" \/>\n<meta property=\"og:url\" content=\"https:\/\/radioljubuski.ba\/index.php\/2022\/04\/22\/politicki-zatvorenici-o-perkovicu-i-mustacu-nisu-se-nikada-pokajali-reziser-je-vrlo-lukavo-iskamcio-potpise-generala\/\" \/>\n<meta property=\"og:site_name\" content=\"RADIO LJUBU\u0160KI\" \/>\n<meta property=\"article:publisher\" content=\"https:\/\/www.facebook.com\/Radiio-Ljubuski-1490835324566332\" \/>\n<meta property=\"article:published_time\" content=\"2022-04-22T09:53:12+00:00\" \/>\n<meta property=\"og:image\" content=\"https:\/\/radioljubuski.ba\/wp-content\/uploads\/2022\/04\/FotoJet-2022-04-16T115458.422-696x406-1.jpg\" \/>\n\t<meta property=\"og:image:width\" content=\"696\" \/>\n\t<meta property=\"og:image:height\" content=\"406\" \/>\n\t<meta property=\"og:image:type\" content=\"image\/jpeg\" \/>\n<meta name=\"author\" content=\"Radio Ljubu\u0161ki\" \/>\n<meta name=\"twitter:card\" content=\"summary_large_image\" \/>\n<meta name=\"twitter:creator\" content=\"@radioljubuski\" \/>\n<meta name=\"twitter:site\" content=\"@radioljubuski\" \/>\n<meta name=\"twitter:label1\" content=\"Napisao\/la\" \/>\n\t<meta name=\"twitter:data1\" content=\"Radio Ljubu\u0161ki\" \/>\n\t<meta name=\"twitter:label2\" content=\"Procijenjeno vrijeme \u010ditanja\" \/>\n\t<meta name=\"twitter:data2\" content=\"2 minute\" \/>\n<script type=\"application\/ld+json\" class=\"yoast-schema-graph\">{\"@context\":\"https:\\\/\\\/schema.org\",\"@graph\":[{\"@type\":\"Article\",\"@id\":\"https:\\\/\\\/radioljubuski.ba\\\/index.php\\\/2022\\\/04\\\/22\\\/politicki-zatvorenici-o-perkovicu-i-mustacu-nisu-se-nikada-pokajali-reziser-je-vrlo-lukavo-iskamcio-potpise-generala\\\/#article\",\"isPartOf\":{\"@id\":\"https:\\\/\\\/radioljubuski.ba\\\/index.php\\\/2022\\\/04\\\/22\\\/politicki-zatvorenici-o-perkovicu-i-mustacu-nisu-se-nikada-pokajali-reziser-je-vrlo-lukavo-iskamcio-potpise-generala\\\/\"},\"author\":{\"name\":\"Radio Ljubu\u0161ki\",\"@id\":\"https:\\\/\\\/radioljubuski.ba\\\/#\\\/schema\\\/person\\\/19fc700381a780f69665d7956c469e3b\"},\"headline\":\"Politi\u010dki zatvorenici o Perkovi\u0107u i Musta\u010du: Nisu se nikada pokajali\u2026.Re\u017eiser je vrlo lukavo iskam\u010dio potpise generala\",\"datePublished\":\"2022-04-22T09:53:12+00:00\",\"mainEntityOfPage\":{\"@id\":\"https:\\\/\\\/radioljubuski.ba\\\/index.php\\\/2022\\\/04\\\/22\\\/politicki-zatvorenici-o-perkovicu-i-mustacu-nisu-se-nikada-pokajali-reziser-je-vrlo-lukavo-iskamcio-potpise-generala\\\/\"},\"wordCount\":491,\"publisher\":{\"@id\":\"https:\\\/\\\/radioljubuski.ba\\\/#organization\"},\"image\":{\"@id\":\"https:\\\/\\\/radioljubuski.ba\\\/index.php\\\/2022\\\/04\\\/22\\\/politicki-zatvorenici-o-perkovicu-i-mustacu-nisu-se-nikada-pokajali-reziser-je-vrlo-lukavo-iskamcio-potpise-generala\\\/#primaryimage\"},\"thumbnailUrl\":\"https:\\\/\\\/radioljubuski.ba\\\/wp-content\\\/uploads\\\/2022\\\/04\\\/FotoJet-2022-04-16T115458.422-696x406-1.jpg\",\"articleSection\":[\"BIH i regija\"],\"inLanguage\":\"hr\"},{\"@type\":\"WebPage\",\"@id\":\"https:\\\/\\\/radioljubuski.ba\\\/index.php\\\/2022\\\/04\\\/22\\\/politicki-zatvorenici-o-perkovicu-i-mustacu-nisu-se-nikada-pokajali-reziser-je-vrlo-lukavo-iskamcio-potpise-generala\\\/\",\"url\":\"https:\\\/\\\/radioljubuski.ba\\\/index.php\\\/2022\\\/04\\\/22\\\/politicki-zatvorenici-o-perkovicu-i-mustacu-nisu-se-nikada-pokajali-reziser-je-vrlo-lukavo-iskamcio-potpise-generala\\\/\",\"name\":\"Politi\u010dki zatvorenici o Perkovi\u0107u i Musta\u010du: Nisu se nikada pokajali\u2026.Re\u017eiser je vrlo lukavo iskam\u010dio potpise generala - RADIO LJUBU\u0160KI\",\"isPartOf\":{\"@id\":\"https:\\\/\\\/radioljubuski.ba\\\/#website\"},\"primaryImageOfPage\":{\"@id\":\"https:\\\/\\\/radioljubuski.ba\\\/index.php\\\/2022\\\/04\\\/22\\\/politicki-zatvorenici-o-perkovicu-i-mustacu-nisu-se-nikada-pokajali-reziser-je-vrlo-lukavo-iskamcio-potpise-generala\\\/#primaryimage\"},\"image\":{\"@id\":\"https:\\\/\\\/radioljubuski.ba\\\/index.php\\\/2022\\\/04\\\/22\\\/politicki-zatvorenici-o-perkovicu-i-mustacu-nisu-se-nikada-pokajali-reziser-je-vrlo-lukavo-iskamcio-potpise-generala\\\/#primaryimage\"},\"thumbnailUrl\":\"https:\\\/\\\/radioljubuski.ba\\\/wp-content\\\/uploads\\\/2022\\\/04\\\/FotoJet-2022-04-16T115458.422-696x406-1.jpg\",\"datePublished\":\"2022-04-22T09:53:12+00:00\",\"breadcrumb\":{\"@id\":\"https:\\\/\\\/radioljubuski.ba\\\/index.php\\\/2022\\\/04\\\/22\\\/politicki-zatvorenici-o-perkovicu-i-mustacu-nisu-se-nikada-pokajali-reziser-je-vrlo-lukavo-iskamcio-potpise-generala\\\/#breadcrumb\"},\"inLanguage\":\"hr\",\"potentialAction\":[{\"@type\":\"ReadAction\",\"target\":[\"https:\\\/\\\/radioljubuski.ba\\\/index.php\\\/2022\\\/04\\\/22\\\/politicki-zatvorenici-o-perkovicu-i-mustacu-nisu-se-nikada-pokajali-reziser-je-vrlo-lukavo-iskamcio-potpise-generala\\\/\"]}]},{\"@type\":\"ImageObject\",\"inLanguage\":\"hr\",\"@id\":\"https:\\\/\\\/radioljubuski.ba\\\/index.php\\\/2022\\\/04\\\/22\\\/politicki-zatvorenici-o-perkovicu-i-mustacu-nisu-se-nikada-pokajali-reziser-je-vrlo-lukavo-iskamcio-potpise-generala\\\/#primaryimage\",\"url\":\"https:\\\/\\\/radioljubuski.ba\\\/wp-content\\\/uploads\\\/2022\\\/04\\\/FotoJet-2022-04-16T115458.422-696x406-1.jpg\",\"contentUrl\":\"https:\\\/\\\/radioljubuski.ba\\\/wp-content\\\/uploads\\\/2022\\\/04\\\/FotoJet-2022-04-16T115458.422-696x406-1.jpg\",\"width\":696,\"height\":406},{\"@type\":\"BreadcrumbList\",\"@id\":\"https:\\\/\\\/radioljubuski.ba\\\/index.php\\\/2022\\\/04\\\/22\\\/politicki-zatvorenici-o-perkovicu-i-mustacu-nisu-se-nikada-pokajali-reziser-je-vrlo-lukavo-iskamcio-potpise-generala\\\/#breadcrumb\",\"itemListElement\":[{\"@type\":\"ListItem\",\"position\":1,\"name\":\"Po\u010detna stranica\",\"item\":\"https:\\\/\\\/radioljubuski.ba\\\/\"},{\"@type\":\"ListItem\",\"position\":2,\"name\":\"Politi\u010dki zatvorenici o Perkovi\u0107u i Musta\u010du: Nisu se nikada pokajali\u2026.Re\u017eiser je vrlo lukavo iskam\u010dio potpise generala\"}]},{\"@type\":\"WebSite\",\"@id\":\"https:\\\/\\\/radioljubuski.ba\\\/#website\",\"url\":\"https:\\\/\\\/radioljubuski.ba\\\/\",\"name\":\"Radio Ljubu\u0161ki\",\"description\":\"Sun\u010dana frekvencija Hercegovine\",\"publisher\":{\"@id\":\"https:\\\/\\\/radioljubuski.ba\\\/#organization\"},\"potentialAction\":[{\"@type\":\"SearchAction\",\"target\":{\"@type\":\"EntryPoint\",\"urlTemplate\":\"https:\\\/\\\/radioljubuski.ba\\\/?s={search_term_string}\"},\"query-input\":{\"@type\":\"PropertyValueSpecification\",\"valueRequired\":true,\"valueName\":\"search_term_string\"}}],\"inLanguage\":\"hr\"},{\"@type\":\"Organization\",\"@id\":\"https:\\\/\\\/radioljubuski.ba\\\/#organization\",\"name\":\"Radio Ljubu\u0161ki\",\"url\":\"https:\\\/\\\/radioljubuski.ba\\\/\",\"logo\":{\"@type\":\"ImageObject\",\"inLanguage\":\"hr\",\"@id\":\"https:\\\/\\\/radioljubuski.ba\\\/#\\\/schema\\\/logo\\\/image\\\/\",\"url\":\"https:\\\/\\\/radioljubuski.ba\\\/wp-content\\\/uploads\\\/2021\\\/02\\\/cropped-Radio_Ljubuski_logo1.jpg\",\"contentUrl\":\"https:\\\/\\\/radioljubuski.ba\\\/wp-content\\\/uploads\\\/2021\\\/02\\\/cropped-Radio_Ljubuski_logo1.jpg\",\"width\":512,\"height\":512,\"caption\":\"Radio Ljubu\u0161ki\"},\"image\":{\"@id\":\"https:\\\/\\\/radioljubuski.ba\\\/#\\\/schema\\\/logo\\\/image\\\/\"},\"sameAs\":[\"https:\\\/\\\/www.facebook.com\\\/Radiio-Ljubuski-1490835324566332\",\"https:\\\/\\\/x.com\\\/radioljubuski\",\"https:\\\/\\\/hr.linkedin.com\\\/company\\\/radio-ljubuski\",\"https:\\\/\\\/www.youtube.com\\\/channel\\\/UCHYaeO_n0Db3tjNGudGpXyw\"]},{\"@type\":\"Person\",\"@id\":\"https:\\\/\\\/radioljubuski.ba\\\/#\\\/schema\\\/person\\\/19fc700381a780f69665d7956c469e3b\",\"name\":\"Radio Ljubu\u0161ki\"}]}<\/script>\n<!-- \/ Yoast SEO plugin. -->","yoast_head_json":{"title":"Politi\u010dki zatvorenici o Perkovi\u0107u i Musta\u010du: Nisu se nikada pokajali\u2026.Re\u017eiser je vrlo lukavo iskam\u010dio potpise generala - RADIO LJUBU\u0160KI","robots":{"index":"index","follow":"follow","max-snippet":"max-snippet:-1","max-image-preview":"max-image-preview:large","max-video-preview":"max-video-preview:-1"},"canonical":"https:\/\/radioljubuski.ba\/index.php\/2022\/04\/22\/politicki-zatvorenici-o-perkovicu-i-mustacu-nisu-se-nikada-pokajali-reziser-je-vrlo-lukavo-iskamcio-potpise-generala\/","og_locale":"hr_HR","og_type":"article","og_title":"Politi\u010dki zatvorenici o Perkovi\u0107u i Musta\u010du: Nisu se nikada pokajali\u2026.Re\u017eiser je vrlo lukavo iskam\u010dio potpise generala - RADIO LJUBU\u0160KI","og_description":"Hrvatsko dru\u0161tvo politi\u010dkih zatvorenika (HDPZ) smatra kako bi prihva\u0107anje molbe za pomilovanje biv\u0161ih jugoslavenskih i hrvatskih obavje\u0161tajaca Zdravka Musta\u010da i Josipa Perkovi\u0107a predstavljalo simboli\u010dki posljednji \u010davao u lijes hrvatske te\u017enje za postignu\u0107em pravde. U priop\u0107enju od \u010detvrtka, \u0161to ga je potpisao predsjednik HDPZ-a Marko Grubi\u0161i\u0107, ocjenjuje se kako je \u201dodgovornost ta dva stupa jugoslavenskoga komunisti\u010dkog [&hellip;]","og_url":"https:\/\/radioljubuski.ba\/index.php\/2022\/04\/22\/politicki-zatvorenici-o-perkovicu-i-mustacu-nisu-se-nikada-pokajali-reziser-je-vrlo-lukavo-iskamcio-potpise-generala\/","og_site_name":"RADIO LJUBU\u0160KI","article_publisher":"https:\/\/www.facebook.com\/Radiio-Ljubuski-1490835324566332","article_published_time":"2022-04-22T09:53:12+00:00","og_image":[{"width":696,"height":406,"url":"https:\/\/radioljubuski.ba\/wp-content\/uploads\/2022\/04\/FotoJet-2022-04-16T115458.422-696x406-1.jpg","type":"image\/jpeg"}],"author":"Radio Ljubu\u0161ki","twitter_card":"summary_large_image","twitter_creator":"@radioljubuski","twitter_site":"@radioljubuski","twitter_misc":{"Napisao\/la":"Radio Ljubu\u0161ki","Procijenjeno vrijeme \u010ditanja":"2 minute"},"schema":{"@context":"https:\/\/schema.org","@graph":[{"@type":"Article","@id":"https:\/\/radioljubuski.ba\/index.php\/2022\/04\/22\/politicki-zatvorenici-o-perkovicu-i-mustacu-nisu-se-nikada-pokajali-reziser-je-vrlo-lukavo-iskamcio-potpise-generala\/#article","isPartOf":{"@id":"https:\/\/radioljubuski.ba\/index.php\/2022\/04\/22\/politicki-zatvorenici-o-perkovicu-i-mustacu-nisu-se-nikada-pokajali-reziser-je-vrlo-lukavo-iskamcio-potpise-generala\/"},"author":{"name":"Radio Ljubu\u0161ki","@id":"https:\/\/radioljubuski.ba\/#\/schema\/person\/19fc700381a780f69665d7956c469e3b"},"headline":"Politi\u010dki zatvorenici o Perkovi\u0107u i Musta\u010du: Nisu se nikada pokajali\u2026.Re\u017eiser je vrlo lukavo iskam\u010dio potpise generala","datePublished":"2022-04-22T09:53:12+00:00","mainEntityOfPage":{"@id":"https:\/\/radioljubuski.ba\/index.php\/2022\/04\/22\/politicki-zatvorenici-o-perkovicu-i-mustacu-nisu-se-nikada-pokajali-reziser-je-vrlo-lukavo-iskamcio-potpise-generala\/"},"wordCount":491,"publisher":{"@id":"https:\/\/radioljubuski.ba\/#organization"},"image":{"@id":"https:\/\/radioljubuski.ba\/index.php\/2022\/04\/22\/politicki-zatvorenici-o-perkovicu-i-mustacu-nisu-se-nikada-pokajali-reziser-je-vrlo-lukavo-iskamcio-potpise-generala\/#primaryimage"},"thumbnailUrl":"https:\/\/radioljubuski.ba\/wp-content\/uploads\/2022\/04\/FotoJet-2022-04-16T115458.422-696x406-1.jpg","articleSection":["BIH i regija"],"inLanguage":"hr"},{"@type":"WebPage","@id":"https:\/\/radioljubuski.ba\/index.php\/2022\/04\/22\/politicki-zatvorenici-o-perkovicu-i-mustacu-nisu-se-nikada-pokajali-reziser-je-vrlo-lukavo-iskamcio-potpise-generala\/","url":"https:\/\/radioljubuski.ba\/index.php\/2022\/04\/22\/politicki-zatvorenici-o-perkovicu-i-mustacu-nisu-se-nikada-pokajali-reziser-je-vrlo-lukavo-iskamcio-potpise-generala\/","name":"Politi\u010dki zatvorenici o Perkovi\u0107u i Musta\u010du: Nisu se nikada pokajali\u2026.Re\u017eiser je vrlo lukavo iskam\u010dio potpise generala - RADIO LJUBU\u0160KI","isPartOf":{"@id":"https:\/\/radioljubuski.ba\/#website"},"primaryImageOfPage":{"@id":"https:\/\/radioljubuski.ba\/index.php\/2022\/04\/22\/politicki-zatvorenici-o-perkovicu-i-mustacu-nisu-se-nikada-pokajali-reziser-je-vrlo-lukavo-iskamcio-potpise-generala\/#primaryimage"},"image":{"@id":"https:\/\/radioljubuski.ba\/index.php\/2022\/04\/22\/politicki-zatvorenici-o-perkovicu-i-mustacu-nisu-se-nikada-pokajali-reziser-je-vrlo-lukavo-iskamcio-potpise-generala\/#primaryimage"},"thumbnailUrl":"https:\/\/radioljubuski.ba\/wp-content\/uploads\/2022\/04\/FotoJet-2022-04-16T115458.422-696x406-1.jpg","datePublished":"2022-04-22T09:53:12+00:00","breadcrumb":{"@id":"https:\/\/radioljubuski.ba\/index.php\/2022\/04\/22\/politicki-zatvorenici-o-perkovicu-i-mustacu-nisu-se-nikada-pokajali-reziser-je-vrlo-lukavo-iskamcio-potpise-generala\/#breadcrumb"},"inLanguage":"hr","potentialAction":[{"@type":"ReadAction","target":["https:\/\/radioljubuski.ba\/index.php\/2022\/04\/22\/politicki-zatvorenici-o-perkovicu-i-mustacu-nisu-se-nikada-pokajali-reziser-je-vrlo-lukavo-iskamcio-potpise-generala\/"]}]},{"@type":"ImageObject","inLanguage":"hr","@id":"https:\/\/radioljubuski.ba\/index.php\/2022\/04\/22\/politicki-zatvorenici-o-perkovicu-i-mustacu-nisu-se-nikada-pokajali-reziser-je-vrlo-lukavo-iskamcio-potpise-generala\/#primaryimage","url":"https:\/\/radioljubuski.ba\/wp-content\/uploads\/2022\/04\/FotoJet-2022-04-16T115458.422-696x406-1.jpg","contentUrl":"https:\/\/radioljubuski.ba\/wp-content\/uploads\/2022\/04\/FotoJet-2022-04-16T115458.422-696x406-1.jpg","width":696,"height":406},{"@type":"BreadcrumbList","@id":"https:\/\/radioljubuski.ba\/index.php\/2022\/04\/22\/politicki-zatvorenici-o-perkovicu-i-mustacu-nisu-se-nikada-pokajali-reziser-je-vrlo-lukavo-iskamcio-potpise-generala\/#breadcrumb","itemListElement":[{"@type":"ListItem","position":1,"name":"Po\u010detna stranica","item":"https:\/\/radioljubuski.ba\/"},{"@type":"ListItem","position":2,"name":"Politi\u010dki zatvorenici o Perkovi\u0107u i Musta\u010du: Nisu se nikada pokajali\u2026.Re\u017eiser je vrlo lukavo iskam\u010dio potpise generala"}]},{"@type":"WebSite","@id":"https:\/\/radioljubuski.ba\/#website","url":"https:\/\/radioljubuski.ba\/","name":"Radio Ljubu\u0161ki","description":"Sun\u010dana frekvencija Hercegovine","publisher":{"@id":"https:\/\/radioljubuski.ba\/#organization"},"potentialAction":[{"@type":"SearchAction","target":{"@type":"EntryPoint","urlTemplate":"https:\/\/radioljubuski.ba\/?s={search_term_string}"},"query-input":{"@type":"PropertyValueSpecification","valueRequired":true,"valueName":"search_term_string"}}],"inLanguage":"hr"},{"@type":"Organization","@id":"https:\/\/radioljubuski.ba\/#organization","name":"Radio Ljubu\u0161ki","url":"https:\/\/radioljubuski.ba\/","logo":{"@type":"ImageObject","inLanguage":"hr","@id":"https:\/\/radioljubuski.ba\/#\/schema\/logo\/image\/","url":"https:\/\/radioljubuski.ba\/wp-content\/uploads\/2021\/02\/cropped-Radio_Ljubuski_logo1.jpg","contentUrl":"https:\/\/radioljubuski.ba\/wp-content\/uploads\/2021\/02\/cropped-Radio_Ljubuski_logo1.jpg","width":512,"height":512,"caption":"Radio Ljubu\u0161ki"},"image":{"@id":"https:\/\/radioljubuski.ba\/#\/schema\/logo\/image\/"},"sameAs":["https:\/\/www.facebook.com\/Radiio-Ljubuski-1490835324566332","https:\/\/x.com\/radioljubuski","https:\/\/hr.linkedin.com\/company\/radio-ljubuski","https:\/\/www.youtube.com\/channel\/UCHYaeO_n0Db3tjNGudGpXyw"]},{"@type":"Person","@id":"https:\/\/radioljubuski.ba\/#\/schema\/person\/19fc700381a780f69665d7956c469e3b","name":"Radio Ljubu\u0161ki"}]}},"_links":{"self":[{"href":"https:\/\/radioljubuski.ba\/index.php\/wp-json\/wp\/v2\/posts\/135148","targetHints":{"allow":["GET"]}}],"collection":[{"href":"https:\/\/radioljubuski.ba\/index.php\/wp-json\/wp\/v2\/posts"}],"about":[{"href":"https:\/\/radioljubuski.ba\/index.php\/wp-json\/wp\/v2\/types\/post"}],"author":[{"embeddable":true,"href":"https:\/\/radioljubuski.ba\/index.php\/wp-json\/wp\/v2\/users\/2"}],"replies":[{"embeddable":true,"href":"https:\/\/radioljubuski.ba\/index.php\/wp-json\/wp\/v2\/comments?post=135148"}],"version-history":[{"count":1,"href":"https:\/\/radioljubuski.ba\/index.php\/wp-json\/wp\/v2\/posts\/135148\/revisions"}],"predecessor-version":[{"id":135150,"href":"https:\/\/radioljubuski.ba\/index.php\/wp-json\/wp\/v2\/posts\/135148\/revisions\/135150"}],"wp:featuredmedia":[{"embeddable":true,"href":"https:\/\/radioljubuski.ba\/index.php\/wp-json\/wp\/v2\/media\/135149"}],"wp:attachment":[{"href":"https:\/\/radioljubuski.ba\/index.php\/wp-json\/wp\/v2\/media?parent=135148"}],"wp:term":[{"taxonomy":"category","embeddable":true,"href":"https:\/\/radioljubuski.ba\/index.php\/wp-json\/wp\/v2\/categories?post=135148"},{"taxonomy":"post_tag","embeddable":true,"href":"https:\/\/radioljubuski.ba\/index.php\/wp-json\/wp\/v2\/tags?post=135148"}],"curies":[{"name":"wp","href":"https:\/\/api.w.org\/{rel}","templated":true}]}}