{"id":135214,"date":"2022-04-22T13:46:18","date_gmt":"2022-04-22T12:46:18","guid":{"rendered":"https:\/\/radioljubuski.ba\/?p=135214"},"modified":"2022-04-22T13:46:19","modified_gmt":"2022-04-22T12:46:19","slug":"zatvaranje-brodskih-luka-u-kini-dize-cijenu-robe-u-bih","status":"publish","type":"post","link":"https:\/\/radioljubuski.ba\/index.php\/2022\/04\/22\/zatvaranje-brodskih-luka-u-kini-dize-cijenu-robe-u-bih\/","title":{"rendered":"Zatvaranje brodskih luka u Kini di\u017ee cijenu robe u BiH"},"content":{"rendered":"\n<p>Zbog pogor\u0161ane epidemiolo\u0161ke situacije u Kini do\u0161lo je do zatvaranja njihovih brodskih luka, tako da i u BiH postoji opasnost od novih problema u dostavi robe iz te dalekoisto\u010dne zemlje, \u0161to \u0107e dovesti do ka\u0161njenja isporuke, ali i poskupljenje prijevoza, pi\u0161u Nezavisne.<br>Naime, kako ka\u017eu, sve \u0107e to dodatno poljuljati globalne lance snabdijevanja koji su ve\u0107 znatno uzdrmani pandemijom korona virusa, ali i sukobom u Ukrajini.&nbsp;<\/p>\n\n\n\n<p>Mirsad Ja\u0161arspahi\u0107, predsjednik Gospodarske komore FBiH, kazao je za &#8220;Nezavisne novine&#8221; da doga\u0111anja u Kini svakako imaju utjecaj i na doma\u0107e tr\u017ei\u0161te.&nbsp;<\/p>\n\n\n\n<p>&#8220;Na\u0161a ekonomija i kompanije su ovisne o takvom vidu snabdijevanja, tako da se mo\u017ee o\u010dekivati da do\u0111e do odre\u0111enog poreme\u0107aja, ali i poskupljenja&#8221;, kazao je Ja\u0161arspahi\u0107.&nbsp;<\/p>\n\n\n\n<p>Kako je rekao, uz ote\u017ean transport, nedostatak repromaterijala na tr\u017ei\u0161tu, sukob u Ukrajini, sve je dodatni poreme\u0107aj na ionako turbulentnom tr\u017ei\u0161tu.&nbsp;<\/p>\n\n\n\n<p>&#8220;Ali to bi trebalo da bude prilika da se maksimalno okrenemo doma\u0107oj proizvodnji, doma\u0107im proizvo\u0111a\u010dima&#8221;, isti\u010de Ja\u0161arspahi\u0107.&nbsp;<\/p>\n\n\n\n<p>Kako je dodao, zbog svih tih de\u0161avanja potrebno je imati udru\u017eenu proizvodnju robe \u0161iroke potro\u0161nje, da bi, kako ka\u017ee, stanovni\u0161tvo bilo osigurano onim \u0161to je neophodno za normalan \u017eivot.&nbsp;<\/p>\n\n\n\n<p>&#8220;Izvozno orijentirane tvornice iz BiH imaju sada \u0161ansu da se bolje plasiraju&#8221;, pojasnio je Ja\u0161arspahi\u0107.&nbsp;<\/p>\n\n\n\n<p>Pero \u0106ori\u0107, predsjednik Gospodarske komore Republike Srpske, kazao je za &#8220;Nezavisne novine&#8221; da od pojave virusa korona imaju problema s prijevozom robe s tih destinacija te da su cijene transporta pove\u0107ane.<\/p>\n\n\n\n<p>&#8220;Znamo da je Kina va\u017ean vanjskotrgovinski partner, ali samo u domenu uvoza, jer izvoza imamo vrlo malo. Sigurno je da \u0107e zatvaranje luka u Kini uticati i na pove\u0107anje cijena, ali i na produ\u017eenje rokova isporuke, \u0161to je negativno&#8221;, kazao je \u0106ori\u0107, dodav\u0161i: &#8220;Pogotovo ako se odre\u0111eni dijelovi ili repromaterijal koristi u proizvodnji&#8221;.&nbsp;<\/p>\n\n\n\n<p>&#8220;Svako ka\u0161njenje, da li bilo dan, dva ili pet, u proizvodnji mnogo zna\u010di i donosi odre\u0111ene tro\u0161kove, a oni nikada nisu dobro do\u0161li, pogotovo ako su neplanirani&#8221;, kazao je \u0106ori\u0107.&nbsp;<\/p>\n\n\n\n<p>Igor Gavran, ekonomski analiti\u010dar, kazao je za &#8220;Nezavisne novine&#8221; da svaki dan zatvaranja velikih kineskih luka ima veliki utjecaj na globalne trgovinske tokove.&nbsp;<\/p>\n\n\n\n<p>&#8220;Remeti se snabdijevanje velikog broja proizvoda ne samo u periodu kada luke ne rade, ve\u0107 i mnogo du\u017ee, sve dok se ne nadoknadi i uravnote\u017ei promet. Prije svega se pove\u0107avaju tro\u0161kovi prijevoza robe, ali ako potraje du\u017ee onda dolazi i do nesta\u0161ica pojedine robe ili komponenti za proizvodnju drugih proizvoda \u0161irom svijeta i sve se to posljedi\u010dno odra\u017eava na veliki broj proizvoda i njihove cijene&#8221;, kazao je Gavran.&nbsp;<\/p>\n\n\n\n<p>Kako je rekao, ne mo\u017ee se o\u010dekivati trenutni efekt ili drasti\u010dno poskupljenje, ali svakako da uti\u010de na ionako poreme\u0107ene tokove snabdijevanja i dodatno doprinosi inflaciji.&nbsp;<\/p>\n\n\n\n<p>&#8220;Dugoro\u010dno gledano, nestabilnost snabdijevanja iz Kine mo\u017ee navesti neke naru\u010dioce da se okrenu bli\u017eim tr\u017ei\u0161tima u Europi pa da se uka\u017ee \u0161ansa i dobavlja\u010dima iz Bosne i Hercegovine, ali tako\u0111er tu nije rije\u010d o trenutnim ili brzim efektima, ve\u0107 mogu\u0107im dugoro\u010dnim prilikama&#8221;, zaklju\u010dio je Gavran.&nbsp;<\/p>\n\n\n\n<p>Izvor:nezavisne.com<\/p>\n","protected":false},"excerpt":{"rendered":"<p>Zbog pogor\u0161ane epidemiolo\u0161ke situacije u Kini do\u0161lo je do zatvaranja njihovih brodskih luka, tako da i u BiH postoji opasnost od novih problema u dostavi robe iz te dalekoisto\u010dne zemlje, \u0161to \u0107e dovesti do ka\u0161njenja isporuke, ali i poskupljenje prijevoza, pi\u0161u Nezavisne.Naime, kako ka\u017eu, sve \u0107e to dodatno poljuljati globalne lance snabdijevanja koji su ve\u0107 [&hellip;]<\/p>\n","protected":false},"author":2,"featured_media":135215,"comment_status":"closed","ping_status":"closed","sticky":false,"template":"","format":"standard","meta":{"h5ap_radio_sources":[],"footnotes":""},"categories":[1],"tags":[],"class_list":["post-135214","post","type-post","status-publish","format-standard","has-post-thumbnail","hentry","category-bihiregija"],"yoast_head":"<!-- This site is optimized with the Yoast SEO plugin v27.4 - https:\/\/yoast.com\/product\/yoast-seo-wordpress\/ -->\n<title>Zatvaranje brodskih luka u Kini di\u017ee cijenu robe u BiH - RADIO LJUBU\u0160KI<\/title>\n<meta name=\"robots\" content=\"index, follow, max-snippet:-1, max-image-preview:large, max-video-preview:-1\" \/>\n<link rel=\"canonical\" href=\"https:\/\/radioljubuski.ba\/index.php\/2022\/04\/22\/zatvaranje-brodskih-luka-u-kini-dize-cijenu-robe-u-bih\/\" \/>\n<meta property=\"og:locale\" content=\"hr_HR\" \/>\n<meta property=\"og:type\" content=\"article\" \/>\n<meta property=\"og:title\" content=\"Zatvaranje brodskih luka u Kini di\u017ee cijenu robe u BiH - RADIO LJUBU\u0160KI\" \/>\n<meta property=\"og:description\" content=\"Zbog pogor\u0161ane epidemiolo\u0161ke situacije u Kini do\u0161lo je do zatvaranja njihovih brodskih luka, tako da i u BiH postoji opasnost od novih problema u dostavi robe iz te dalekoisto\u010dne zemlje, \u0161to \u0107e dovesti do ka\u0161njenja isporuke, ali i poskupljenje prijevoza, pi\u0161u Nezavisne.Naime, kako ka\u017eu, sve \u0107e to dodatno poljuljati globalne lance snabdijevanja koji su ve\u0107 [&hellip;]\" \/>\n<meta property=\"og:url\" content=\"https:\/\/radioljubuski.ba\/index.php\/2022\/04\/22\/zatvaranje-brodskih-luka-u-kini-dize-cijenu-robe-u-bih\/\" \/>\n<meta property=\"og:site_name\" content=\"RADIO LJUBU\u0160KI\" \/>\n<meta property=\"article:publisher\" content=\"https:\/\/www.facebook.com\/Radiio-Ljubuski-1490835324566332\" \/>\n<meta property=\"article:published_time\" content=\"2022-04-22T12:46:18+00:00\" \/>\n<meta property=\"article:modified_time\" content=\"2022-04-22T12:46:19+00:00\" \/>\n<meta property=\"og:image\" content=\"https:\/\/radioljubuski.ba\/wp-content\/uploads\/2022\/04\/20220421161054_715242.jpg\" \/>\n\t<meta property=\"og:image:width\" content=\"1200\" \/>\n\t<meta property=\"og:image:height\" content=\"800\" \/>\n\t<meta property=\"og:image:type\" content=\"image\/jpeg\" \/>\n<meta name=\"author\" content=\"Radio Ljubu\u0161ki\" \/>\n<meta name=\"twitter:card\" content=\"summary_large_image\" \/>\n<meta name=\"twitter:creator\" content=\"@radioljubuski\" \/>\n<meta name=\"twitter:site\" content=\"@radioljubuski\" \/>\n<meta name=\"twitter:label1\" content=\"Napisao\/la\" \/>\n\t<meta name=\"twitter:data1\" content=\"Radio Ljubu\u0161ki\" \/>\n\t<meta name=\"twitter:label2\" content=\"Procijenjeno vrijeme \u010ditanja\" \/>\n\t<meta name=\"twitter:data2\" content=\"3 minute\" \/>\n<script type=\"application\/ld+json\" class=\"yoast-schema-graph\">{\"@context\":\"https:\\\/\\\/schema.org\",\"@graph\":[{\"@type\":\"Article\",\"@id\":\"https:\\\/\\\/radioljubuski.ba\\\/index.php\\\/2022\\\/04\\\/22\\\/zatvaranje-brodskih-luka-u-kini-dize-cijenu-robe-u-bih\\\/#article\",\"isPartOf\":{\"@id\":\"https:\\\/\\\/radioljubuski.ba\\\/index.php\\\/2022\\\/04\\\/22\\\/zatvaranje-brodskih-luka-u-kini-dize-cijenu-robe-u-bih\\\/\"},\"author\":{\"name\":\"Radio Ljubu\u0161ki\",\"@id\":\"https:\\\/\\\/radioljubuski.ba\\\/#\\\/schema\\\/person\\\/19fc700381a780f69665d7956c469e3b\"},\"headline\":\"Zatvaranje brodskih luka u Kini di\u017ee cijenu robe u BiH\",\"datePublished\":\"2022-04-22T12:46:18+00:00\",\"dateModified\":\"2022-04-22T12:46:19+00:00\",\"mainEntityOfPage\":{\"@id\":\"https:\\\/\\\/radioljubuski.ba\\\/index.php\\\/2022\\\/04\\\/22\\\/zatvaranje-brodskih-luka-u-kini-dize-cijenu-robe-u-bih\\\/\"},\"wordCount\":572,\"publisher\":{\"@id\":\"https:\\\/\\\/radioljubuski.ba\\\/#organization\"},\"image\":{\"@id\":\"https:\\\/\\\/radioljubuski.ba\\\/index.php\\\/2022\\\/04\\\/22\\\/zatvaranje-brodskih-luka-u-kini-dize-cijenu-robe-u-bih\\\/#primaryimage\"},\"thumbnailUrl\":\"https:\\\/\\\/radioljubuski.ba\\\/wp-content\\\/uploads\\\/2022\\\/04\\\/20220421161054_715242.jpg\",\"articleSection\":[\"BIH i regija\"],\"inLanguage\":\"hr\"},{\"@type\":\"WebPage\",\"@id\":\"https:\\\/\\\/radioljubuski.ba\\\/index.php\\\/2022\\\/04\\\/22\\\/zatvaranje-brodskih-luka-u-kini-dize-cijenu-robe-u-bih\\\/\",\"url\":\"https:\\\/\\\/radioljubuski.ba\\\/index.php\\\/2022\\\/04\\\/22\\\/zatvaranje-brodskih-luka-u-kini-dize-cijenu-robe-u-bih\\\/\",\"name\":\"Zatvaranje brodskih luka u Kini di\u017ee cijenu robe u BiH - RADIO LJUBU\u0160KI\",\"isPartOf\":{\"@id\":\"https:\\\/\\\/radioljubuski.ba\\\/#website\"},\"primaryImageOfPage\":{\"@id\":\"https:\\\/\\\/radioljubuski.ba\\\/index.php\\\/2022\\\/04\\\/22\\\/zatvaranje-brodskih-luka-u-kini-dize-cijenu-robe-u-bih\\\/#primaryimage\"},\"image\":{\"@id\":\"https:\\\/\\\/radioljubuski.ba\\\/index.php\\\/2022\\\/04\\\/22\\\/zatvaranje-brodskih-luka-u-kini-dize-cijenu-robe-u-bih\\\/#primaryimage\"},\"thumbnailUrl\":\"https:\\\/\\\/radioljubuski.ba\\\/wp-content\\\/uploads\\\/2022\\\/04\\\/20220421161054_715242.jpg\",\"datePublished\":\"2022-04-22T12:46:18+00:00\",\"dateModified\":\"2022-04-22T12:46:19+00:00\",\"breadcrumb\":{\"@id\":\"https:\\\/\\\/radioljubuski.ba\\\/index.php\\\/2022\\\/04\\\/22\\\/zatvaranje-brodskih-luka-u-kini-dize-cijenu-robe-u-bih\\\/#breadcrumb\"},\"inLanguage\":\"hr\",\"potentialAction\":[{\"@type\":\"ReadAction\",\"target\":[\"https:\\\/\\\/radioljubuski.ba\\\/index.php\\\/2022\\\/04\\\/22\\\/zatvaranje-brodskih-luka-u-kini-dize-cijenu-robe-u-bih\\\/\"]}]},{\"@type\":\"ImageObject\",\"inLanguage\":\"hr\",\"@id\":\"https:\\\/\\\/radioljubuski.ba\\\/index.php\\\/2022\\\/04\\\/22\\\/zatvaranje-brodskih-luka-u-kini-dize-cijenu-robe-u-bih\\\/#primaryimage\",\"url\":\"https:\\\/\\\/radioljubuski.ba\\\/wp-content\\\/uploads\\\/2022\\\/04\\\/20220421161054_715242.jpg\",\"contentUrl\":\"https:\\\/\\\/radioljubuski.ba\\\/wp-content\\\/uploads\\\/2022\\\/04\\\/20220421161054_715242.jpg\",\"width\":1200,\"height\":800},{\"@type\":\"BreadcrumbList\",\"@id\":\"https:\\\/\\\/radioljubuski.ba\\\/index.php\\\/2022\\\/04\\\/22\\\/zatvaranje-brodskih-luka-u-kini-dize-cijenu-robe-u-bih\\\/#breadcrumb\",\"itemListElement\":[{\"@type\":\"ListItem\",\"position\":1,\"name\":\"Po\u010detna stranica\",\"item\":\"https:\\\/\\\/radioljubuski.ba\\\/\"},{\"@type\":\"ListItem\",\"position\":2,\"name\":\"Zatvaranje brodskih luka u Kini di\u017ee cijenu robe u BiH\"}]},{\"@type\":\"WebSite\",\"@id\":\"https:\\\/\\\/radioljubuski.ba\\\/#website\",\"url\":\"https:\\\/\\\/radioljubuski.ba\\\/\",\"name\":\"Radio Ljubu\u0161ki\",\"description\":\"Sun\u010dana frekvencija Hercegovine\",\"publisher\":{\"@id\":\"https:\\\/\\\/radioljubuski.ba\\\/#organization\"},\"potentialAction\":[{\"@type\":\"SearchAction\",\"target\":{\"@type\":\"EntryPoint\",\"urlTemplate\":\"https:\\\/\\\/radioljubuski.ba\\\/?s={search_term_string}\"},\"query-input\":{\"@type\":\"PropertyValueSpecification\",\"valueRequired\":true,\"valueName\":\"search_term_string\"}}],\"inLanguage\":\"hr\"},{\"@type\":\"Organization\",\"@id\":\"https:\\\/\\\/radioljubuski.ba\\\/#organization\",\"name\":\"Radio Ljubu\u0161ki\",\"url\":\"https:\\\/\\\/radioljubuski.ba\\\/\",\"logo\":{\"@type\":\"ImageObject\",\"inLanguage\":\"hr\",\"@id\":\"https:\\\/\\\/radioljubuski.ba\\\/#\\\/schema\\\/logo\\\/image\\\/\",\"url\":\"https:\\\/\\\/radioljubuski.ba\\\/wp-content\\\/uploads\\\/2021\\\/02\\\/cropped-Radio_Ljubuski_logo1.jpg\",\"contentUrl\":\"https:\\\/\\\/radioljubuski.ba\\\/wp-content\\\/uploads\\\/2021\\\/02\\\/cropped-Radio_Ljubuski_logo1.jpg\",\"width\":512,\"height\":512,\"caption\":\"Radio Ljubu\u0161ki\"},\"image\":{\"@id\":\"https:\\\/\\\/radioljubuski.ba\\\/#\\\/schema\\\/logo\\\/image\\\/\"},\"sameAs\":[\"https:\\\/\\\/www.facebook.com\\\/Radiio-Ljubuski-1490835324566332\",\"https:\\\/\\\/x.com\\\/radioljubuski\",\"https:\\\/\\\/hr.linkedin.com\\\/company\\\/radio-ljubuski\",\"https:\\\/\\\/www.youtube.com\\\/channel\\\/UCHYaeO_n0Db3tjNGudGpXyw\"]},{\"@type\":\"Person\",\"@id\":\"https:\\\/\\\/radioljubuski.ba\\\/#\\\/schema\\\/person\\\/19fc700381a780f69665d7956c469e3b\",\"name\":\"Radio Ljubu\u0161ki\"}]}<\/script>\n<!-- \/ Yoast SEO plugin. -->","yoast_head_json":{"title":"Zatvaranje brodskih luka u Kini di\u017ee cijenu robe u BiH - RADIO LJUBU\u0160KI","robots":{"index":"index","follow":"follow","max-snippet":"max-snippet:-1","max-image-preview":"max-image-preview:large","max-video-preview":"max-video-preview:-1"},"canonical":"https:\/\/radioljubuski.ba\/index.php\/2022\/04\/22\/zatvaranje-brodskih-luka-u-kini-dize-cijenu-robe-u-bih\/","og_locale":"hr_HR","og_type":"article","og_title":"Zatvaranje brodskih luka u Kini di\u017ee cijenu robe u BiH - RADIO LJUBU\u0160KI","og_description":"Zbog pogor\u0161ane epidemiolo\u0161ke situacije u Kini do\u0161lo je do zatvaranja njihovih brodskih luka, tako da i u BiH postoji opasnost od novih problema u dostavi robe iz te dalekoisto\u010dne zemlje, \u0161to \u0107e dovesti do ka\u0161njenja isporuke, ali i poskupljenje prijevoza, pi\u0161u Nezavisne.Naime, kako ka\u017eu, sve \u0107e to dodatno poljuljati globalne lance snabdijevanja koji su ve\u0107 [&hellip;]","og_url":"https:\/\/radioljubuski.ba\/index.php\/2022\/04\/22\/zatvaranje-brodskih-luka-u-kini-dize-cijenu-robe-u-bih\/","og_site_name":"RADIO LJUBU\u0160KI","article_publisher":"https:\/\/www.facebook.com\/Radiio-Ljubuski-1490835324566332","article_published_time":"2022-04-22T12:46:18+00:00","article_modified_time":"2022-04-22T12:46:19+00:00","og_image":[{"width":1200,"height":800,"url":"https:\/\/radioljubuski.ba\/wp-content\/uploads\/2022\/04\/20220421161054_715242.jpg","type":"image\/jpeg"}],"author":"Radio Ljubu\u0161ki","twitter_card":"summary_large_image","twitter_creator":"@radioljubuski","twitter_site":"@radioljubuski","twitter_misc":{"Napisao\/la":"Radio Ljubu\u0161ki","Procijenjeno vrijeme \u010ditanja":"3 minute"},"schema":{"@context":"https:\/\/schema.org","@graph":[{"@type":"Article","@id":"https:\/\/radioljubuski.ba\/index.php\/2022\/04\/22\/zatvaranje-brodskih-luka-u-kini-dize-cijenu-robe-u-bih\/#article","isPartOf":{"@id":"https:\/\/radioljubuski.ba\/index.php\/2022\/04\/22\/zatvaranje-brodskih-luka-u-kini-dize-cijenu-robe-u-bih\/"},"author":{"name":"Radio Ljubu\u0161ki","@id":"https:\/\/radioljubuski.ba\/#\/schema\/person\/19fc700381a780f69665d7956c469e3b"},"headline":"Zatvaranje brodskih luka u Kini di\u017ee cijenu robe u BiH","datePublished":"2022-04-22T12:46:18+00:00","dateModified":"2022-04-22T12:46:19+00:00","mainEntityOfPage":{"@id":"https:\/\/radioljubuski.ba\/index.php\/2022\/04\/22\/zatvaranje-brodskih-luka-u-kini-dize-cijenu-robe-u-bih\/"},"wordCount":572,"publisher":{"@id":"https:\/\/radioljubuski.ba\/#organization"},"image":{"@id":"https:\/\/radioljubuski.ba\/index.php\/2022\/04\/22\/zatvaranje-brodskih-luka-u-kini-dize-cijenu-robe-u-bih\/#primaryimage"},"thumbnailUrl":"https:\/\/radioljubuski.ba\/wp-content\/uploads\/2022\/04\/20220421161054_715242.jpg","articleSection":["BIH i regija"],"inLanguage":"hr"},{"@type":"WebPage","@id":"https:\/\/radioljubuski.ba\/index.php\/2022\/04\/22\/zatvaranje-brodskih-luka-u-kini-dize-cijenu-robe-u-bih\/","url":"https:\/\/radioljubuski.ba\/index.php\/2022\/04\/22\/zatvaranje-brodskih-luka-u-kini-dize-cijenu-robe-u-bih\/","name":"Zatvaranje brodskih luka u Kini di\u017ee cijenu robe u BiH - RADIO LJUBU\u0160KI","isPartOf":{"@id":"https:\/\/radioljubuski.ba\/#website"},"primaryImageOfPage":{"@id":"https:\/\/radioljubuski.ba\/index.php\/2022\/04\/22\/zatvaranje-brodskih-luka-u-kini-dize-cijenu-robe-u-bih\/#primaryimage"},"image":{"@id":"https:\/\/radioljubuski.ba\/index.php\/2022\/04\/22\/zatvaranje-brodskih-luka-u-kini-dize-cijenu-robe-u-bih\/#primaryimage"},"thumbnailUrl":"https:\/\/radioljubuski.ba\/wp-content\/uploads\/2022\/04\/20220421161054_715242.jpg","datePublished":"2022-04-22T12:46:18+00:00","dateModified":"2022-04-22T12:46:19+00:00","breadcrumb":{"@id":"https:\/\/radioljubuski.ba\/index.php\/2022\/04\/22\/zatvaranje-brodskih-luka-u-kini-dize-cijenu-robe-u-bih\/#breadcrumb"},"inLanguage":"hr","potentialAction":[{"@type":"ReadAction","target":["https:\/\/radioljubuski.ba\/index.php\/2022\/04\/22\/zatvaranje-brodskih-luka-u-kini-dize-cijenu-robe-u-bih\/"]}]},{"@type":"ImageObject","inLanguage":"hr","@id":"https:\/\/radioljubuski.ba\/index.php\/2022\/04\/22\/zatvaranje-brodskih-luka-u-kini-dize-cijenu-robe-u-bih\/#primaryimage","url":"https:\/\/radioljubuski.ba\/wp-content\/uploads\/2022\/04\/20220421161054_715242.jpg","contentUrl":"https:\/\/radioljubuski.ba\/wp-content\/uploads\/2022\/04\/20220421161054_715242.jpg","width":1200,"height":800},{"@type":"BreadcrumbList","@id":"https:\/\/radioljubuski.ba\/index.php\/2022\/04\/22\/zatvaranje-brodskih-luka-u-kini-dize-cijenu-robe-u-bih\/#breadcrumb","itemListElement":[{"@type":"ListItem","position":1,"name":"Po\u010detna stranica","item":"https:\/\/radioljubuski.ba\/"},{"@type":"ListItem","position":2,"name":"Zatvaranje brodskih luka u Kini di\u017ee cijenu robe u BiH"}]},{"@type":"WebSite","@id":"https:\/\/radioljubuski.ba\/#website","url":"https:\/\/radioljubuski.ba\/","name":"Radio Ljubu\u0161ki","description":"Sun\u010dana frekvencija Hercegovine","publisher":{"@id":"https:\/\/radioljubuski.ba\/#organization"},"potentialAction":[{"@type":"SearchAction","target":{"@type":"EntryPoint","urlTemplate":"https:\/\/radioljubuski.ba\/?s={search_term_string}"},"query-input":{"@type":"PropertyValueSpecification","valueRequired":true,"valueName":"search_term_string"}}],"inLanguage":"hr"},{"@type":"Organization","@id":"https:\/\/radioljubuski.ba\/#organization","name":"Radio Ljubu\u0161ki","url":"https:\/\/radioljubuski.ba\/","logo":{"@type":"ImageObject","inLanguage":"hr","@id":"https:\/\/radioljubuski.ba\/#\/schema\/logo\/image\/","url":"https:\/\/radioljubuski.ba\/wp-content\/uploads\/2021\/02\/cropped-Radio_Ljubuski_logo1.jpg","contentUrl":"https:\/\/radioljubuski.ba\/wp-content\/uploads\/2021\/02\/cropped-Radio_Ljubuski_logo1.jpg","width":512,"height":512,"caption":"Radio Ljubu\u0161ki"},"image":{"@id":"https:\/\/radioljubuski.ba\/#\/schema\/logo\/image\/"},"sameAs":["https:\/\/www.facebook.com\/Radiio-Ljubuski-1490835324566332","https:\/\/x.com\/radioljubuski","https:\/\/hr.linkedin.com\/company\/radio-ljubuski","https:\/\/www.youtube.com\/channel\/UCHYaeO_n0Db3tjNGudGpXyw"]},{"@type":"Person","@id":"https:\/\/radioljubuski.ba\/#\/schema\/person\/19fc700381a780f69665d7956c469e3b","name":"Radio Ljubu\u0161ki"}]}},"_links":{"self":[{"href":"https:\/\/radioljubuski.ba\/index.php\/wp-json\/wp\/v2\/posts\/135214","targetHints":{"allow":["GET"]}}],"collection":[{"href":"https:\/\/radioljubuski.ba\/index.php\/wp-json\/wp\/v2\/posts"}],"about":[{"href":"https:\/\/radioljubuski.ba\/index.php\/wp-json\/wp\/v2\/types\/post"}],"author":[{"embeddable":true,"href":"https:\/\/radioljubuski.ba\/index.php\/wp-json\/wp\/v2\/users\/2"}],"replies":[{"embeddable":true,"href":"https:\/\/radioljubuski.ba\/index.php\/wp-json\/wp\/v2\/comments?post=135214"}],"version-history":[{"count":1,"href":"https:\/\/radioljubuski.ba\/index.php\/wp-json\/wp\/v2\/posts\/135214\/revisions"}],"predecessor-version":[{"id":135216,"href":"https:\/\/radioljubuski.ba\/index.php\/wp-json\/wp\/v2\/posts\/135214\/revisions\/135216"}],"wp:featuredmedia":[{"embeddable":true,"href":"https:\/\/radioljubuski.ba\/index.php\/wp-json\/wp\/v2\/media\/135215"}],"wp:attachment":[{"href":"https:\/\/radioljubuski.ba\/index.php\/wp-json\/wp\/v2\/media?parent=135214"}],"wp:term":[{"taxonomy":"category","embeddable":true,"href":"https:\/\/radioljubuski.ba\/index.php\/wp-json\/wp\/v2\/categories?post=135214"},{"taxonomy":"post_tag","embeddable":true,"href":"https:\/\/radioljubuski.ba\/index.php\/wp-json\/wp\/v2\/tags?post=135214"}],"curies":[{"name":"wp","href":"https:\/\/api.w.org\/{rel}","templated":true}]}}