{"id":135219,"date":"2022-04-22T13:50:15","date_gmt":"2022-04-22T12:50:15","guid":{"rendered":"https:\/\/radioljubuski.ba\/?p=135219"},"modified":"2022-04-22T13:50:16","modified_gmt":"2022-04-22T12:50:16","slug":"bivsi-savjetnik-ruske-vlade-putin-je-depresivan-i-bolestan-ova-snimka-to-pokazuje","status":"publish","type":"post","link":"https:\/\/radioljubuski.ba\/index.php\/2022\/04\/22\/bivsi-savjetnik-ruske-vlade-putin-je-depresivan-i-bolestan-ova-snimka-to-pokazuje\/","title":{"rendered":"Biv\u0161i savjetnik ruske vlade: Putin je depresivan i bolestan, ova snimka to pokazuje"},"content":{"rendered":"\n<p>Snimka na kojoj Vladimir Putin \u010dvrsto dr\u017ei stol tijekom sastanka potaknula je naga\u0111anja o zdravlju ruskog \u010delnika, pi\u0161e Telegraph.<\/p>\n\n\n\n<p>\u0160ef Kremlja je na snimci prikazan kako razgovara sa Sergejom \u0160ojguom, ruskim ministrom obrane, o situaciji u Mariupolju. \u0160ojgu izvje\u0161tava Putina da je Mariupolj pao, a Putin mu na tome \u010destita.<\/p>\n\n\n\n<p>No Putinovo dr\u017eanje potaknulo je pitanja o njegovom stanju, za koje neki promatra\u010di tvrde da se naglo pogor\u0161alo od po\u010detka rata 24. velja\u010de. Ruski predsjednik je tijekom sastanka bio pogrbljen u stolici i nije htio pustiti kut stola koji je \u010dvrsto dr\u017eao desnom rukom.<\/p>\n\n\n\n<blockquote class=\"twitter-tweet\"><p lang=\"en\" dir=\"ltr\">In social networks, people noticed that <a href=\"https:\/\/twitter.com\/hashtag\/Putin?src=hash&amp;ref_src=twsrc%5Etfw\">#Putin<\/a>, at a meeting with <a href=\"https:\/\/twitter.com\/hashtag\/Shoigu?src=hash&amp;ref_src=twsrc%5Etfw\">#Shoigu<\/a>, sat all the time in an unnatural position, grabbing the table with his hand and not letting go.<a href=\"https:\/\/twitter.com\/hashtag\/Ukraine?src=hash&amp;ref_src=twsrc%5Etfw\">#Ukraine<\/a> <a href=\"https:\/\/t.co\/LCz44KJbF9\">pic.twitter.com\/LCz44KJbF9<\/a><\/p>&mdash; Alex Patrushev (@Magnifyingglas_) <a href=\"https:\/\/twitter.com\/Magnifyingglas_\/status\/1517248098124378113?ref_src=twsrc%5Etfw\">April 21, 2022<\/a><\/blockquote> <script async src=\"https:\/\/platform.twitter.com\/widgets.js\" charset=\"utf-8\"><\/script> \n\n\n\n<p>\u0160ojgu, za kojeg su neki sugerirali da se nije pojavljivao u javnosti zbog lo\u0161eg zdravlja ili neslaganja s Putinom oko rata u Ukrajini, pro\u010ditao je svoje kratko obra\u0107anje Putinu s papira.<\/p>\n\n\n\n<p>&#8220;Depresivan i lo\u0161eg zdravlja&#8221;<br>Anders Aslund, \u0161vedski ekonomist i biv\u0161i savjetnik ruske vlade, rekao je da snimka sastanka pokazuje kako su oba Rusa &#8220;depresivna i lo\u0161eg zdravlja&#8221;. &#8220;\u0160ojgu mora \u010ditati svoje komentare Putinu i te\u0161ko govori, \u0161to sugerira da su glasine o sr\u010danom udaru vjerojatno to\u010dne. Lo\u0161a izvedba&#8221;, dodao je.<\/p>\n\n\n\n<blockquote class=\"twitter-tweet\"><p lang=\"en\" dir=\"ltr\">\u26a1\ufe0f<a href=\"https:\/\/twitter.com\/hashtag\/Putin?src=hash&amp;ref_src=twsrc%5Etfw\">#Putin<\/a> called the storming of <a href=\"https:\/\/twitter.com\/hashtag\/Azovstal?src=hash&amp;ref_src=twsrc%5Etfw\">#Azovstal<\/a>&#39;s industrial zone in <a href=\"https:\/\/twitter.com\/hashtag\/Mariupol?src=hash&amp;ref_src=twsrc%5Etfw\">#Mariupol<\/a> unreasonable and ordered its cancellation. <a href=\"https:\/\/t.co\/ieGFVIqqEr\">pic.twitter.com\/ieGFVIqqEr<\/a><\/p>&mdash; NEXTA (@nexta_tv) <a href=\"https:\/\/twitter.com\/nexta_tv\/status\/1517041760865767424?ref_src=twsrc%5Etfw\">April 21, 2022<\/a><\/blockquote> <script async src=\"https:\/\/platform.twitter.com\/widgets.js\" charset=\"utf-8\"><\/script> \n\n\n\n<p>I ranije su se pojavljivale \u0161pekulacije o Putinovu zdravstvenom stanju. Ruski medij Project &#8211; zabranjen u Rusiji, funkcionira iz inozemstva &#8211; objavio je nedavno da Putina stalno prati lije\u010dnik specijaliziran za rak \u0161titnja\u010de te da ruski predsjednik od po\u010detka invazije pati od brojnih zdravstvenih problema.<\/p>\n\n\n\n<p>Naga\u0111anja o Putinovom zdravlju<br>Pi\u0161u da Putina na putovanjima redovito prati i neurokirurg, pa i vi\u0161e lije\u010dnika. Project je, nadalje, objavio kako se Putin 2020. susreo s voditeljem Nacionalnog medicinskog istra\u017eiva\u010dkog centra za endokrinologiju Ivanom Dedovom, \u0161efom Putinove najstarije k\u0107eri Marije Voroncove.<\/p>\n\n\n\n<p>Project je naveo i da je Putin pet puta iznenada nestajao zbog medicinskih problema. Kremlj je ve\u0107 ranije demantirao tvrdnje prema kojima je Putin bolovao od raka, a isto je u\u010dinio i sada. Glasnogovornik Kremlja Dmitrij Peskov je putem ruskog medija Pravda poru\u010dio da pri\u010de o Putinovu raku \u0161titnja\u010de nisu istinite, kao ni izvje\u0161taji da je ruski predsjednik podvrgnut operacijama. Peskov je takve tvrdnje nazvao fikcijom i la\u017eima.&nbsp;<\/p>\n\n\n\n<p>Izvor:index.hr<\/p>\n","protected":false},"excerpt":{"rendered":"<p>Snimka na kojoj Vladimir Putin \u010dvrsto dr\u017ei stol tijekom sastanka potaknula je naga\u0111anja o zdravlju ruskog \u010delnika, pi\u0161e Telegraph. \u0160ef Kremlja je na snimci prikazan kako razgovara sa Sergejom \u0160ojguom, ruskim ministrom obrane, o situaciji u Mariupolju. \u0160ojgu izvje\u0161tava Putina da je Mariupolj pao, a Putin mu na tome \u010destita. No Putinovo dr\u017eanje potaknulo je [&hellip;]<\/p>\n","protected":false},"author":2,"featured_media":135220,"comment_status":"closed","ping_status":"closed","sticky":false,"template":"","format":"standard","meta":{"h5ap_radio_sources":[],"footnotes":""},"categories":[1],"tags":[],"class_list":["post-135219","post","type-post","status-publish","format-standard","has-post-thumbnail","hentry","category-bihiregija"],"yoast_head":"<!-- This site is optimized with the Yoast SEO plugin v27.4 - https:\/\/yoast.com\/product\/yoast-seo-wordpress\/ -->\n<title>Biv\u0161i savjetnik ruske vlade: Putin je depresivan i bolestan, ova snimka to pokazuje - RADIO LJUBU\u0160KI<\/title>\n<meta name=\"robots\" content=\"index, follow, max-snippet:-1, max-image-preview:large, max-video-preview:-1\" \/>\n<link rel=\"canonical\" href=\"https:\/\/radioljubuski.ba\/index.php\/2022\/04\/22\/bivsi-savjetnik-ruske-vlade-putin-je-depresivan-i-bolestan-ova-snimka-to-pokazuje\/\" \/>\n<meta property=\"og:locale\" content=\"hr_HR\" \/>\n<meta property=\"og:type\" content=\"article\" \/>\n<meta property=\"og:title\" content=\"Biv\u0161i savjetnik ruske vlade: Putin je depresivan i bolestan, ova snimka to pokazuje - RADIO LJUBU\u0160KI\" \/>\n<meta property=\"og:description\" content=\"Snimka na kojoj Vladimir Putin \u010dvrsto dr\u017ei stol tijekom sastanka potaknula je naga\u0111anja o zdravlju ruskog \u010delnika, pi\u0161e Telegraph. \u0160ef Kremlja je na snimci prikazan kako razgovara sa Sergejom \u0160ojguom, ruskim ministrom obrane, o situaciji u Mariupolju. \u0160ojgu izvje\u0161tava Putina da je Mariupolj pao, a Putin mu na tome \u010destita. No Putinovo dr\u017eanje potaknulo je [&hellip;]\" \/>\n<meta property=\"og:url\" content=\"https:\/\/radioljubuski.ba\/index.php\/2022\/04\/22\/bivsi-savjetnik-ruske-vlade-putin-je-depresivan-i-bolestan-ova-snimka-to-pokazuje\/\" \/>\n<meta property=\"og:site_name\" content=\"RADIO LJUBU\u0160KI\" \/>\n<meta property=\"article:publisher\" content=\"https:\/\/www.facebook.com\/Radiio-Ljubuski-1490835324566332\" \/>\n<meta property=\"article:published_time\" content=\"2022-04-22T12:50:15+00:00\" \/>\n<meta property=\"article:modified_time\" content=\"2022-04-22T12:50:16+00:00\" \/>\n<meta property=\"og:image\" content=\"https:\/\/radioljubuski.ba\/wp-content\/uploads\/2022\/04\/3-2022-04-22-08-06-17-1f96798d-24f8-4073-be98-871c1063170c.jpg\" \/>\n\t<meta property=\"og:image:width\" content=\"1000\" \/>\n\t<meta property=\"og:image:height\" content=\"625\" \/>\n\t<meta property=\"og:image:type\" content=\"image\/jpeg\" \/>\n<meta name=\"author\" content=\"Radio Ljubu\u0161ki\" \/>\n<meta name=\"twitter:card\" content=\"summary_large_image\" \/>\n<meta name=\"twitter:creator\" content=\"@radioljubuski\" \/>\n<meta name=\"twitter:site\" content=\"@radioljubuski\" \/>\n<meta name=\"twitter:label1\" content=\"Napisao\/la\" \/>\n\t<meta name=\"twitter:data1\" content=\"Radio Ljubu\u0161ki\" \/>\n\t<meta name=\"twitter:label2\" content=\"Procijenjeno vrijeme \u010ditanja\" \/>\n\t<meta name=\"twitter:data2\" content=\"2 minute\" \/>\n<script type=\"application\/ld+json\" class=\"yoast-schema-graph\">{\"@context\":\"https:\\\/\\\/schema.org\",\"@graph\":[{\"@type\":\"Article\",\"@id\":\"https:\\\/\\\/radioljubuski.ba\\\/index.php\\\/2022\\\/04\\\/22\\\/bivsi-savjetnik-ruske-vlade-putin-je-depresivan-i-bolestan-ova-snimka-to-pokazuje\\\/#article\",\"isPartOf\":{\"@id\":\"https:\\\/\\\/radioljubuski.ba\\\/index.php\\\/2022\\\/04\\\/22\\\/bivsi-savjetnik-ruske-vlade-putin-je-depresivan-i-bolestan-ova-snimka-to-pokazuje\\\/\"},\"author\":{\"name\":\"Radio Ljubu\u0161ki\",\"@id\":\"https:\\\/\\\/radioljubuski.ba\\\/#\\\/schema\\\/person\\\/19fc700381a780f69665d7956c469e3b\"},\"headline\":\"Biv\u0161i savjetnik ruske vlade: Putin je depresivan i bolestan, ova snimka to pokazuje\",\"datePublished\":\"2022-04-22T12:50:15+00:00\",\"dateModified\":\"2022-04-22T12:50:16+00:00\",\"mainEntityOfPage\":{\"@id\":\"https:\\\/\\\/radioljubuski.ba\\\/index.php\\\/2022\\\/04\\\/22\\\/bivsi-savjetnik-ruske-vlade-putin-je-depresivan-i-bolestan-ova-snimka-to-pokazuje\\\/\"},\"wordCount\":447,\"publisher\":{\"@id\":\"https:\\\/\\\/radioljubuski.ba\\\/#organization\"},\"image\":{\"@id\":\"https:\\\/\\\/radioljubuski.ba\\\/index.php\\\/2022\\\/04\\\/22\\\/bivsi-savjetnik-ruske-vlade-putin-je-depresivan-i-bolestan-ova-snimka-to-pokazuje\\\/#primaryimage\"},\"thumbnailUrl\":\"https:\\\/\\\/radioljubuski.ba\\\/wp-content\\\/uploads\\\/2022\\\/04\\\/3-2022-04-22-08-06-17-1f96798d-24f8-4073-be98-871c1063170c.jpg\",\"articleSection\":[\"BIH i regija\"],\"inLanguage\":\"hr\"},{\"@type\":\"WebPage\",\"@id\":\"https:\\\/\\\/radioljubuski.ba\\\/index.php\\\/2022\\\/04\\\/22\\\/bivsi-savjetnik-ruske-vlade-putin-je-depresivan-i-bolestan-ova-snimka-to-pokazuje\\\/\",\"url\":\"https:\\\/\\\/radioljubuski.ba\\\/index.php\\\/2022\\\/04\\\/22\\\/bivsi-savjetnik-ruske-vlade-putin-je-depresivan-i-bolestan-ova-snimka-to-pokazuje\\\/\",\"name\":\"Biv\u0161i savjetnik ruske vlade: Putin je depresivan i bolestan, ova snimka to pokazuje - RADIO LJUBU\u0160KI\",\"isPartOf\":{\"@id\":\"https:\\\/\\\/radioljubuski.ba\\\/#website\"},\"primaryImageOfPage\":{\"@id\":\"https:\\\/\\\/radioljubuski.ba\\\/index.php\\\/2022\\\/04\\\/22\\\/bivsi-savjetnik-ruske-vlade-putin-je-depresivan-i-bolestan-ova-snimka-to-pokazuje\\\/#primaryimage\"},\"image\":{\"@id\":\"https:\\\/\\\/radioljubuski.ba\\\/index.php\\\/2022\\\/04\\\/22\\\/bivsi-savjetnik-ruske-vlade-putin-je-depresivan-i-bolestan-ova-snimka-to-pokazuje\\\/#primaryimage\"},\"thumbnailUrl\":\"https:\\\/\\\/radioljubuski.ba\\\/wp-content\\\/uploads\\\/2022\\\/04\\\/3-2022-04-22-08-06-17-1f96798d-24f8-4073-be98-871c1063170c.jpg\",\"datePublished\":\"2022-04-22T12:50:15+00:00\",\"dateModified\":\"2022-04-22T12:50:16+00:00\",\"breadcrumb\":{\"@id\":\"https:\\\/\\\/radioljubuski.ba\\\/index.php\\\/2022\\\/04\\\/22\\\/bivsi-savjetnik-ruske-vlade-putin-je-depresivan-i-bolestan-ova-snimka-to-pokazuje\\\/#breadcrumb\"},\"inLanguage\":\"hr\",\"potentialAction\":[{\"@type\":\"ReadAction\",\"target\":[\"https:\\\/\\\/radioljubuski.ba\\\/index.php\\\/2022\\\/04\\\/22\\\/bivsi-savjetnik-ruske-vlade-putin-je-depresivan-i-bolestan-ova-snimka-to-pokazuje\\\/\"]}]},{\"@type\":\"ImageObject\",\"inLanguage\":\"hr\",\"@id\":\"https:\\\/\\\/radioljubuski.ba\\\/index.php\\\/2022\\\/04\\\/22\\\/bivsi-savjetnik-ruske-vlade-putin-je-depresivan-i-bolestan-ova-snimka-to-pokazuje\\\/#primaryimage\",\"url\":\"https:\\\/\\\/radioljubuski.ba\\\/wp-content\\\/uploads\\\/2022\\\/04\\\/3-2022-04-22-08-06-17-1f96798d-24f8-4073-be98-871c1063170c.jpg\",\"contentUrl\":\"https:\\\/\\\/radioljubuski.ba\\\/wp-content\\\/uploads\\\/2022\\\/04\\\/3-2022-04-22-08-06-17-1f96798d-24f8-4073-be98-871c1063170c.jpg\",\"width\":1000,\"height\":625},{\"@type\":\"BreadcrumbList\",\"@id\":\"https:\\\/\\\/radioljubuski.ba\\\/index.php\\\/2022\\\/04\\\/22\\\/bivsi-savjetnik-ruske-vlade-putin-je-depresivan-i-bolestan-ova-snimka-to-pokazuje\\\/#breadcrumb\",\"itemListElement\":[{\"@type\":\"ListItem\",\"position\":1,\"name\":\"Po\u010detna stranica\",\"item\":\"https:\\\/\\\/radioljubuski.ba\\\/\"},{\"@type\":\"ListItem\",\"position\":2,\"name\":\"Biv\u0161i savjetnik ruske vlade: Putin je depresivan i bolestan, ova snimka to pokazuje\"}]},{\"@type\":\"WebSite\",\"@id\":\"https:\\\/\\\/radioljubuski.ba\\\/#website\",\"url\":\"https:\\\/\\\/radioljubuski.ba\\\/\",\"name\":\"Radio Ljubu\u0161ki\",\"description\":\"Sun\u010dana frekvencija Hercegovine\",\"publisher\":{\"@id\":\"https:\\\/\\\/radioljubuski.ba\\\/#organization\"},\"potentialAction\":[{\"@type\":\"SearchAction\",\"target\":{\"@type\":\"EntryPoint\",\"urlTemplate\":\"https:\\\/\\\/radioljubuski.ba\\\/?s={search_term_string}\"},\"query-input\":{\"@type\":\"PropertyValueSpecification\",\"valueRequired\":true,\"valueName\":\"search_term_string\"}}],\"inLanguage\":\"hr\"},{\"@type\":\"Organization\",\"@id\":\"https:\\\/\\\/radioljubuski.ba\\\/#organization\",\"name\":\"Radio Ljubu\u0161ki\",\"url\":\"https:\\\/\\\/radioljubuski.ba\\\/\",\"logo\":{\"@type\":\"ImageObject\",\"inLanguage\":\"hr\",\"@id\":\"https:\\\/\\\/radioljubuski.ba\\\/#\\\/schema\\\/logo\\\/image\\\/\",\"url\":\"https:\\\/\\\/radioljubuski.ba\\\/wp-content\\\/uploads\\\/2021\\\/02\\\/cropped-Radio_Ljubuski_logo1.jpg\",\"contentUrl\":\"https:\\\/\\\/radioljubuski.ba\\\/wp-content\\\/uploads\\\/2021\\\/02\\\/cropped-Radio_Ljubuski_logo1.jpg\",\"width\":512,\"height\":512,\"caption\":\"Radio Ljubu\u0161ki\"},\"image\":{\"@id\":\"https:\\\/\\\/radioljubuski.ba\\\/#\\\/schema\\\/logo\\\/image\\\/\"},\"sameAs\":[\"https:\\\/\\\/www.facebook.com\\\/Radiio-Ljubuski-1490835324566332\",\"https:\\\/\\\/x.com\\\/radioljubuski\",\"https:\\\/\\\/hr.linkedin.com\\\/company\\\/radio-ljubuski\",\"https:\\\/\\\/www.youtube.com\\\/channel\\\/UCHYaeO_n0Db3tjNGudGpXyw\"]},{\"@type\":\"Person\",\"@id\":\"https:\\\/\\\/radioljubuski.ba\\\/#\\\/schema\\\/person\\\/19fc700381a780f69665d7956c469e3b\",\"name\":\"Radio Ljubu\u0161ki\"}]}<\/script>\n<!-- \/ Yoast SEO plugin. -->","yoast_head_json":{"title":"Biv\u0161i savjetnik ruske vlade: Putin je depresivan i bolestan, ova snimka to pokazuje - RADIO LJUBU\u0160KI","robots":{"index":"index","follow":"follow","max-snippet":"max-snippet:-1","max-image-preview":"max-image-preview:large","max-video-preview":"max-video-preview:-1"},"canonical":"https:\/\/radioljubuski.ba\/index.php\/2022\/04\/22\/bivsi-savjetnik-ruske-vlade-putin-je-depresivan-i-bolestan-ova-snimka-to-pokazuje\/","og_locale":"hr_HR","og_type":"article","og_title":"Biv\u0161i savjetnik ruske vlade: Putin je depresivan i bolestan, ova snimka to pokazuje - RADIO LJUBU\u0160KI","og_description":"Snimka na kojoj Vladimir Putin \u010dvrsto dr\u017ei stol tijekom sastanka potaknula je naga\u0111anja o zdravlju ruskog \u010delnika, pi\u0161e Telegraph. \u0160ef Kremlja je na snimci prikazan kako razgovara sa Sergejom \u0160ojguom, ruskim ministrom obrane, o situaciji u Mariupolju. \u0160ojgu izvje\u0161tava Putina da je Mariupolj pao, a Putin mu na tome \u010destita. No Putinovo dr\u017eanje potaknulo je [&hellip;]","og_url":"https:\/\/radioljubuski.ba\/index.php\/2022\/04\/22\/bivsi-savjetnik-ruske-vlade-putin-je-depresivan-i-bolestan-ova-snimka-to-pokazuje\/","og_site_name":"RADIO LJUBU\u0160KI","article_publisher":"https:\/\/www.facebook.com\/Radiio-Ljubuski-1490835324566332","article_published_time":"2022-04-22T12:50:15+00:00","article_modified_time":"2022-04-22T12:50:16+00:00","og_image":[{"width":1000,"height":625,"url":"https:\/\/radioljubuski.ba\/wp-content\/uploads\/2022\/04\/3-2022-04-22-08-06-17-1f96798d-24f8-4073-be98-871c1063170c.jpg","type":"image\/jpeg"}],"author":"Radio Ljubu\u0161ki","twitter_card":"summary_large_image","twitter_creator":"@radioljubuski","twitter_site":"@radioljubuski","twitter_misc":{"Napisao\/la":"Radio Ljubu\u0161ki","Procijenjeno vrijeme \u010ditanja":"2 minute"},"schema":{"@context":"https:\/\/schema.org","@graph":[{"@type":"Article","@id":"https:\/\/radioljubuski.ba\/index.php\/2022\/04\/22\/bivsi-savjetnik-ruske-vlade-putin-je-depresivan-i-bolestan-ova-snimka-to-pokazuje\/#article","isPartOf":{"@id":"https:\/\/radioljubuski.ba\/index.php\/2022\/04\/22\/bivsi-savjetnik-ruske-vlade-putin-je-depresivan-i-bolestan-ova-snimka-to-pokazuje\/"},"author":{"name":"Radio Ljubu\u0161ki","@id":"https:\/\/radioljubuski.ba\/#\/schema\/person\/19fc700381a780f69665d7956c469e3b"},"headline":"Biv\u0161i savjetnik ruske vlade: Putin je depresivan i bolestan, ova snimka to pokazuje","datePublished":"2022-04-22T12:50:15+00:00","dateModified":"2022-04-22T12:50:16+00:00","mainEntityOfPage":{"@id":"https:\/\/radioljubuski.ba\/index.php\/2022\/04\/22\/bivsi-savjetnik-ruske-vlade-putin-je-depresivan-i-bolestan-ova-snimka-to-pokazuje\/"},"wordCount":447,"publisher":{"@id":"https:\/\/radioljubuski.ba\/#organization"},"image":{"@id":"https:\/\/radioljubuski.ba\/index.php\/2022\/04\/22\/bivsi-savjetnik-ruske-vlade-putin-je-depresivan-i-bolestan-ova-snimka-to-pokazuje\/#primaryimage"},"thumbnailUrl":"https:\/\/radioljubuski.ba\/wp-content\/uploads\/2022\/04\/3-2022-04-22-08-06-17-1f96798d-24f8-4073-be98-871c1063170c.jpg","articleSection":["BIH i regija"],"inLanguage":"hr"},{"@type":"WebPage","@id":"https:\/\/radioljubuski.ba\/index.php\/2022\/04\/22\/bivsi-savjetnik-ruske-vlade-putin-je-depresivan-i-bolestan-ova-snimka-to-pokazuje\/","url":"https:\/\/radioljubuski.ba\/index.php\/2022\/04\/22\/bivsi-savjetnik-ruske-vlade-putin-je-depresivan-i-bolestan-ova-snimka-to-pokazuje\/","name":"Biv\u0161i savjetnik ruske vlade: Putin je depresivan i bolestan, ova snimka to pokazuje - RADIO LJUBU\u0160KI","isPartOf":{"@id":"https:\/\/radioljubuski.ba\/#website"},"primaryImageOfPage":{"@id":"https:\/\/radioljubuski.ba\/index.php\/2022\/04\/22\/bivsi-savjetnik-ruske-vlade-putin-je-depresivan-i-bolestan-ova-snimka-to-pokazuje\/#primaryimage"},"image":{"@id":"https:\/\/radioljubuski.ba\/index.php\/2022\/04\/22\/bivsi-savjetnik-ruske-vlade-putin-je-depresivan-i-bolestan-ova-snimka-to-pokazuje\/#primaryimage"},"thumbnailUrl":"https:\/\/radioljubuski.ba\/wp-content\/uploads\/2022\/04\/3-2022-04-22-08-06-17-1f96798d-24f8-4073-be98-871c1063170c.jpg","datePublished":"2022-04-22T12:50:15+00:00","dateModified":"2022-04-22T12:50:16+00:00","breadcrumb":{"@id":"https:\/\/radioljubuski.ba\/index.php\/2022\/04\/22\/bivsi-savjetnik-ruske-vlade-putin-je-depresivan-i-bolestan-ova-snimka-to-pokazuje\/#breadcrumb"},"inLanguage":"hr","potentialAction":[{"@type":"ReadAction","target":["https:\/\/radioljubuski.ba\/index.php\/2022\/04\/22\/bivsi-savjetnik-ruske-vlade-putin-je-depresivan-i-bolestan-ova-snimka-to-pokazuje\/"]}]},{"@type":"ImageObject","inLanguage":"hr","@id":"https:\/\/radioljubuski.ba\/index.php\/2022\/04\/22\/bivsi-savjetnik-ruske-vlade-putin-je-depresivan-i-bolestan-ova-snimka-to-pokazuje\/#primaryimage","url":"https:\/\/radioljubuski.ba\/wp-content\/uploads\/2022\/04\/3-2022-04-22-08-06-17-1f96798d-24f8-4073-be98-871c1063170c.jpg","contentUrl":"https:\/\/radioljubuski.ba\/wp-content\/uploads\/2022\/04\/3-2022-04-22-08-06-17-1f96798d-24f8-4073-be98-871c1063170c.jpg","width":1000,"height":625},{"@type":"BreadcrumbList","@id":"https:\/\/radioljubuski.ba\/index.php\/2022\/04\/22\/bivsi-savjetnik-ruske-vlade-putin-je-depresivan-i-bolestan-ova-snimka-to-pokazuje\/#breadcrumb","itemListElement":[{"@type":"ListItem","position":1,"name":"Po\u010detna stranica","item":"https:\/\/radioljubuski.ba\/"},{"@type":"ListItem","position":2,"name":"Biv\u0161i savjetnik ruske vlade: Putin je depresivan i bolestan, ova snimka to pokazuje"}]},{"@type":"WebSite","@id":"https:\/\/radioljubuski.ba\/#website","url":"https:\/\/radioljubuski.ba\/","name":"Radio Ljubu\u0161ki","description":"Sun\u010dana frekvencija Hercegovine","publisher":{"@id":"https:\/\/radioljubuski.ba\/#organization"},"potentialAction":[{"@type":"SearchAction","target":{"@type":"EntryPoint","urlTemplate":"https:\/\/radioljubuski.ba\/?s={search_term_string}"},"query-input":{"@type":"PropertyValueSpecification","valueRequired":true,"valueName":"search_term_string"}}],"inLanguage":"hr"},{"@type":"Organization","@id":"https:\/\/radioljubuski.ba\/#organization","name":"Radio Ljubu\u0161ki","url":"https:\/\/radioljubuski.ba\/","logo":{"@type":"ImageObject","inLanguage":"hr","@id":"https:\/\/radioljubuski.ba\/#\/schema\/logo\/image\/","url":"https:\/\/radioljubuski.ba\/wp-content\/uploads\/2021\/02\/cropped-Radio_Ljubuski_logo1.jpg","contentUrl":"https:\/\/radioljubuski.ba\/wp-content\/uploads\/2021\/02\/cropped-Radio_Ljubuski_logo1.jpg","width":512,"height":512,"caption":"Radio Ljubu\u0161ki"},"image":{"@id":"https:\/\/radioljubuski.ba\/#\/schema\/logo\/image\/"},"sameAs":["https:\/\/www.facebook.com\/Radiio-Ljubuski-1490835324566332","https:\/\/x.com\/radioljubuski","https:\/\/hr.linkedin.com\/company\/radio-ljubuski","https:\/\/www.youtube.com\/channel\/UCHYaeO_n0Db3tjNGudGpXyw"]},{"@type":"Person","@id":"https:\/\/radioljubuski.ba\/#\/schema\/person\/19fc700381a780f69665d7956c469e3b","name":"Radio Ljubu\u0161ki"}]}},"_links":{"self":[{"href":"https:\/\/radioljubuski.ba\/index.php\/wp-json\/wp\/v2\/posts\/135219","targetHints":{"allow":["GET"]}}],"collection":[{"href":"https:\/\/radioljubuski.ba\/index.php\/wp-json\/wp\/v2\/posts"}],"about":[{"href":"https:\/\/radioljubuski.ba\/index.php\/wp-json\/wp\/v2\/types\/post"}],"author":[{"embeddable":true,"href":"https:\/\/radioljubuski.ba\/index.php\/wp-json\/wp\/v2\/users\/2"}],"replies":[{"embeddable":true,"href":"https:\/\/radioljubuski.ba\/index.php\/wp-json\/wp\/v2\/comments?post=135219"}],"version-history":[{"count":1,"href":"https:\/\/radioljubuski.ba\/index.php\/wp-json\/wp\/v2\/posts\/135219\/revisions"}],"predecessor-version":[{"id":135222,"href":"https:\/\/radioljubuski.ba\/index.php\/wp-json\/wp\/v2\/posts\/135219\/revisions\/135222"}],"wp:featuredmedia":[{"embeddable":true,"href":"https:\/\/radioljubuski.ba\/index.php\/wp-json\/wp\/v2\/media\/135220"}],"wp:attachment":[{"href":"https:\/\/radioljubuski.ba\/index.php\/wp-json\/wp\/v2\/media?parent=135219"}],"wp:term":[{"taxonomy":"category","embeddable":true,"href":"https:\/\/radioljubuski.ba\/index.php\/wp-json\/wp\/v2\/categories?post=135219"},{"taxonomy":"post_tag","embeddable":true,"href":"https:\/\/radioljubuski.ba\/index.php\/wp-json\/wp\/v2\/tags?post=135219"}],"curies":[{"name":"wp","href":"https:\/\/api.w.org\/{rel}","templated":true}]}}