{"id":135228,"date":"2022-04-22T13:53:33","date_gmt":"2022-04-22T12:53:33","guid":{"rendered":"https:\/\/radioljubuski.ba\/?p=135228"},"modified":"2022-04-22T13:53:33","modified_gmt":"2022-04-22T12:53:33","slug":"pomaze-li-maska-ako-je-jedino-vi-nosite","status":"publish","type":"post","link":"https:\/\/radioljubuski.ba\/index.php\/2022\/04\/22\/pomaze-li-maska-ako-je-jedino-vi-nosite\/","title":{"rendered":"Poma\u017ee li maska ako je jedino vi nosite?"},"content":{"rendered":"\n<p>U trenutku kad je pandemija koronavirusa u mnogim zemljama u zalasku i ukidaju se mjere, dio ljudi to pozdravlja, a dio smatra da bi se neke mjere, primjerice no\u0161enje maski, trebale i dalje primjenjivati u situacijama kad je u malom prostoru mnogo ljudi poput javnog prometa.<\/p>\n\n\n\n<p>Maske za lice pru\u017eaju najve\u0107u za\u0161titu od \u0161irenja \u010destica koje nose viruse u zraku kada ih svi nose, pi\u0161e CNN i dodaje da istra\u017eivanja sugeriraju da maske, ako ih druge osobe ne nose, mogu za\u0161tititi samog nositelja, djeluju\u0107i kao barijera izme\u0111u \u010destica i njegova nosa i usta.<\/p>\n\n\n\n<p>&#8220;Ju\u010der sam putovao avionom nakon \u0161to je ukinuta obvezna maska u javnom prijevozu. Imao sam masku na licu tijekom cijelog leta&#8221;, rekao je Chris Cappa, profesor gra\u0111evinarstva i in\u017eenjerstva za\u0161tite okoli\u0161a na Sveu\u010dili\u0161tu Kalifornija u Davisu, koji prou\u010dava \u010destice aerosola i maske.<\/p>\n\n\n\n<p>Dok je putovao iz Sacramenta u San Diego, promatrao je kako se broj putnika koji su nosili maske tijekom leta smanjuje.<\/p>\n\n\n\n<p>&#8220;Nastavit \u0107u nositi svoju masku N95 dok putujem jo\u0161 neko vrijeme. Osobno sam vi\u0161e zabrinut kada sam u malim, prenapu\u010denim prostorima kao \u0161to su avioni u odnosu na velike, relativno otvorene prostore kao \u0161to su zra\u010dne luke&#8221;, ka\u017ee Cappa.<\/p>\n\n\n\n<p>&#8220;Razina za\u0161tite, kada samo vi nosite masku, uvelike ovisi o dva \u010dimbenika: koliko dobro va\u0161a maska \u200b\u200bprianja uz lice i koliko u\u010dinkovito materijal maske filtrira \u010destice koje mogu nositi viruse. Maske poput N95 i KN95 op\u0107enito \u0107e biti bolje od kirur\u0161kih maski ili maski od platna jer se mogu bolje priljubiti uz lice. A kirur\u0161ke maske rade bolji posao u filtriranju od platnenih maski&#8221;, ka\u017ee Cappa.<\/p>\n\n\n\n<p>&#8220;Razli\u010dite \u0107e maske bolje ili lo\u0161ije pristajati razli\u010ditim licima, pa je stoga va\u017eno prona\u0107i onu koja vam dobro pristaje&#8221;, rekao je.<\/p>\n\n\n\n<p>&#8220;\u010cak je i najbolja maska \u200b\u200bdobra samo onoliko koliko dobro prianja. Maska N95 koja dobro prianja mo\u017ee smanjiti koli\u010dinu potencijalno zaraznih \u010destica koje udi\u0161ete za vi\u0161e od 20 puta.&#8221;<\/p>\n\n\n\n<p>\u010cak i ako su svi oko vas bez maske, Cappa ka\u017ee da no\u0161enje maske N95 koja dobro pristaje mo\u017ee smanjiti koli\u010dinu infektivnih \u010destica koje mo\u017eete udahnuti.<\/p>\n\n\n\n<p>&#8220;Kada bi teoretski postojalo 100 zaraznih \u010destica koje biste trebali udahnuti bez maske, vi biste udahnuli 5 ili manje s maskom N95 koja dobro pristaje&#8221;, ka\u017ee on.<\/p>\n\n\n\n<p>Maske od tkanine koje su se koristile kad je druga za\u0161titna oprema nedostajala mogu filtrirati velike kapljice. Ali u\u010dinkovitije maske, poput N95, mogu filtrirati i manje aerosole ili \u010destice koje zara\u017eeni ljudi izdahnu, rekla je Erin Bromage, izvanredna profesorica biologije na Sveu\u010dili\u0161tu Massachusetts Dartmouth.<\/p>\n\n\n\n<p>Prema ameri\u010dkim Centrima za kontrolu i prevenciju bolesti (CDC), maske N95 mogu filtrirati najmanje 95 posto \u010destica ako su pravilno postavljene na lice. Kirur\u0161ke ili jednokratne maske su oko 5 do 10 posto manje u\u010dinkovite od N95, ka\u017ee Bromage.<\/p>\n\n\n\n<p>Studija CDC-a objavljena u velja\u010di otkrila je da su ljudi koji su izme\u0111u velja\u010de i prosinca 2021. uvijek nosili masku u zatvorenom javnom prostoru, imali manju vjerojatnost da budu pozitivni na covid-19 od ljudi koji nisu nosili maske.<\/p>\n\n\n\n<p>No\u0161enje maske &#8220;smanjilo je izglede za pozitivan test&#8221; na covid-19 za 56 posto me\u0111u onima koji su nosili platnene maske, 66 posto me\u0111u onima koji su nosili kirur\u0161ke maske i 83 posto me\u0111u onima koji su nosili maske N95 ili KN95, u usporedbi s ljudima koji uop\u0107e nisu nosili masku, prema CDC-u.<\/p>\n\n\n\n<p>&#8220;Ako nitko drugi osim vas ne nosi masku ti bi postoci mogli pasti&#8221;, rekao je Cappa za CNN.<\/p>\n\n\n\n<p>Izvor:pogled.ba<\/p>\n","protected":false},"excerpt":{"rendered":"<p>U trenutku kad je pandemija koronavirusa u mnogim zemljama u zalasku i ukidaju se mjere, dio ljudi to pozdravlja, a dio smatra da bi se neke mjere, primjerice no\u0161enje maski, trebale i dalje primjenjivati u situacijama kad je u malom prostoru mnogo ljudi poput javnog prometa. Maske za lice pru\u017eaju najve\u0107u za\u0161titu od \u0161irenja \u010destica [&hellip;]<\/p>\n","protected":false},"author":2,"featured_media":135229,"comment_status":"closed","ping_status":"closed","sticky":false,"template":"","format":"standard","meta":{"h5ap_radio_sources":[],"footnotes":""},"categories":[1],"tags":[],"class_list":["post-135228","post","type-post","status-publish","format-standard","has-post-thumbnail","hentry","category-bihiregija"],"yoast_head":"<!-- This site is optimized with the Yoast SEO plugin v27.4 - https:\/\/yoast.com\/product\/yoast-seo-wordpress\/ -->\n<title>Poma\u017ee li maska ako je jedino vi nosite? - RADIO LJUBU\u0160KI<\/title>\n<meta name=\"robots\" content=\"index, follow, max-snippet:-1, max-image-preview:large, max-video-preview:-1\" \/>\n<link rel=\"canonical\" href=\"https:\/\/radioljubuski.ba\/index.php\/2022\/04\/22\/pomaze-li-maska-ako-je-jedino-vi-nosite\/\" \/>\n<meta property=\"og:locale\" content=\"hr_HR\" \/>\n<meta property=\"og:type\" content=\"article\" \/>\n<meta property=\"og:title\" content=\"Poma\u017ee li maska ako je jedino vi nosite? - RADIO LJUBU\u0160KI\" \/>\n<meta property=\"og:description\" content=\"U trenutku kad je pandemija koronavirusa u mnogim zemljama u zalasku i ukidaju se mjere, dio ljudi to pozdravlja, a dio smatra da bi se neke mjere, primjerice no\u0161enje maski, trebale i dalje primjenjivati u situacijama kad je u malom prostoru mnogo ljudi poput javnog prometa. Maske za lice pru\u017eaju najve\u0107u za\u0161titu od \u0161irenja \u010destica [&hellip;]\" \/>\n<meta property=\"og:url\" content=\"https:\/\/radioljubuski.ba\/index.php\/2022\/04\/22\/pomaze-li-maska-ako-je-jedino-vi-nosite\/\" \/>\n<meta property=\"og:site_name\" content=\"RADIO LJUBU\u0160KI\" \/>\n<meta property=\"article:publisher\" content=\"https:\/\/www.facebook.com\/Radiio-Ljubuski-1490835324566332\" \/>\n<meta property=\"article:published_time\" content=\"2022-04-22T12:53:33+00:00\" \/>\n<meta property=\"og:image\" content=\"https:\/\/radioljubuski.ba\/wp-content\/uploads\/2022\/04\/mate-lavric.jpg\" \/>\n\t<meta property=\"og:image:width\" content=\"600\" \/>\n\t<meta property=\"og:image:height\" content=\"400\" \/>\n\t<meta property=\"og:image:type\" content=\"image\/jpeg\" \/>\n<meta name=\"author\" content=\"Radio Ljubu\u0161ki\" \/>\n<meta name=\"twitter:card\" content=\"summary_large_image\" \/>\n<meta name=\"twitter:creator\" content=\"@radioljubuski\" \/>\n<meta name=\"twitter:site\" content=\"@radioljubuski\" \/>\n<meta name=\"twitter:label1\" content=\"Napisao\/la\" \/>\n\t<meta name=\"twitter:data1\" content=\"Radio Ljubu\u0161ki\" \/>\n\t<meta name=\"twitter:label2\" content=\"Procijenjeno vrijeme \u010ditanja\" \/>\n\t<meta name=\"twitter:data2\" content=\"3 minute\" \/>\n<script type=\"application\/ld+json\" class=\"yoast-schema-graph\">{\"@context\":\"https:\\\/\\\/schema.org\",\"@graph\":[{\"@type\":\"Article\",\"@id\":\"https:\\\/\\\/radioljubuski.ba\\\/index.php\\\/2022\\\/04\\\/22\\\/pomaze-li-maska-ako-je-jedino-vi-nosite\\\/#article\",\"isPartOf\":{\"@id\":\"https:\\\/\\\/radioljubuski.ba\\\/index.php\\\/2022\\\/04\\\/22\\\/pomaze-li-maska-ako-je-jedino-vi-nosite\\\/\"},\"author\":{\"name\":\"Radio Ljubu\u0161ki\",\"@id\":\"https:\\\/\\\/radioljubuski.ba\\\/#\\\/schema\\\/person\\\/19fc700381a780f69665d7956c469e3b\"},\"headline\":\"Poma\u017ee li maska ako je jedino vi nosite?\",\"datePublished\":\"2022-04-22T12:53:33+00:00\",\"mainEntityOfPage\":{\"@id\":\"https:\\\/\\\/radioljubuski.ba\\\/index.php\\\/2022\\\/04\\\/22\\\/pomaze-li-maska-ako-je-jedino-vi-nosite\\\/\"},\"wordCount\":618,\"publisher\":{\"@id\":\"https:\\\/\\\/radioljubuski.ba\\\/#organization\"},\"image\":{\"@id\":\"https:\\\/\\\/radioljubuski.ba\\\/index.php\\\/2022\\\/04\\\/22\\\/pomaze-li-maska-ako-je-jedino-vi-nosite\\\/#primaryimage\"},\"thumbnailUrl\":\"https:\\\/\\\/radioljubuski.ba\\\/wp-content\\\/uploads\\\/2022\\\/04\\\/mate-lavric.jpg\",\"articleSection\":[\"BIH i regija\"],\"inLanguage\":\"hr\"},{\"@type\":\"WebPage\",\"@id\":\"https:\\\/\\\/radioljubuski.ba\\\/index.php\\\/2022\\\/04\\\/22\\\/pomaze-li-maska-ako-je-jedino-vi-nosite\\\/\",\"url\":\"https:\\\/\\\/radioljubuski.ba\\\/index.php\\\/2022\\\/04\\\/22\\\/pomaze-li-maska-ako-je-jedino-vi-nosite\\\/\",\"name\":\"Poma\u017ee li maska ako je jedino vi nosite? - RADIO LJUBU\u0160KI\",\"isPartOf\":{\"@id\":\"https:\\\/\\\/radioljubuski.ba\\\/#website\"},\"primaryImageOfPage\":{\"@id\":\"https:\\\/\\\/radioljubuski.ba\\\/index.php\\\/2022\\\/04\\\/22\\\/pomaze-li-maska-ako-je-jedino-vi-nosite\\\/#primaryimage\"},\"image\":{\"@id\":\"https:\\\/\\\/radioljubuski.ba\\\/index.php\\\/2022\\\/04\\\/22\\\/pomaze-li-maska-ako-je-jedino-vi-nosite\\\/#primaryimage\"},\"thumbnailUrl\":\"https:\\\/\\\/radioljubuski.ba\\\/wp-content\\\/uploads\\\/2022\\\/04\\\/mate-lavric.jpg\",\"datePublished\":\"2022-04-22T12:53:33+00:00\",\"breadcrumb\":{\"@id\":\"https:\\\/\\\/radioljubuski.ba\\\/index.php\\\/2022\\\/04\\\/22\\\/pomaze-li-maska-ako-je-jedino-vi-nosite\\\/#breadcrumb\"},\"inLanguage\":\"hr\",\"potentialAction\":[{\"@type\":\"ReadAction\",\"target\":[\"https:\\\/\\\/radioljubuski.ba\\\/index.php\\\/2022\\\/04\\\/22\\\/pomaze-li-maska-ako-je-jedino-vi-nosite\\\/\"]}]},{\"@type\":\"ImageObject\",\"inLanguage\":\"hr\",\"@id\":\"https:\\\/\\\/radioljubuski.ba\\\/index.php\\\/2022\\\/04\\\/22\\\/pomaze-li-maska-ako-je-jedino-vi-nosite\\\/#primaryimage\",\"url\":\"https:\\\/\\\/radioljubuski.ba\\\/wp-content\\\/uploads\\\/2022\\\/04\\\/mate-lavric.jpg\",\"contentUrl\":\"https:\\\/\\\/radioljubuski.ba\\\/wp-content\\\/uploads\\\/2022\\\/04\\\/mate-lavric.jpg\",\"width\":600,\"height\":400},{\"@type\":\"BreadcrumbList\",\"@id\":\"https:\\\/\\\/radioljubuski.ba\\\/index.php\\\/2022\\\/04\\\/22\\\/pomaze-li-maska-ako-je-jedino-vi-nosite\\\/#breadcrumb\",\"itemListElement\":[{\"@type\":\"ListItem\",\"position\":1,\"name\":\"Po\u010detna stranica\",\"item\":\"https:\\\/\\\/radioljubuski.ba\\\/\"},{\"@type\":\"ListItem\",\"position\":2,\"name\":\"Poma\u017ee li maska ako je jedino vi nosite?\"}]},{\"@type\":\"WebSite\",\"@id\":\"https:\\\/\\\/radioljubuski.ba\\\/#website\",\"url\":\"https:\\\/\\\/radioljubuski.ba\\\/\",\"name\":\"Radio Ljubu\u0161ki\",\"description\":\"Sun\u010dana frekvencija Hercegovine\",\"publisher\":{\"@id\":\"https:\\\/\\\/radioljubuski.ba\\\/#organization\"},\"potentialAction\":[{\"@type\":\"SearchAction\",\"target\":{\"@type\":\"EntryPoint\",\"urlTemplate\":\"https:\\\/\\\/radioljubuski.ba\\\/?s={search_term_string}\"},\"query-input\":{\"@type\":\"PropertyValueSpecification\",\"valueRequired\":true,\"valueName\":\"search_term_string\"}}],\"inLanguage\":\"hr\"},{\"@type\":\"Organization\",\"@id\":\"https:\\\/\\\/radioljubuski.ba\\\/#organization\",\"name\":\"Radio Ljubu\u0161ki\",\"url\":\"https:\\\/\\\/radioljubuski.ba\\\/\",\"logo\":{\"@type\":\"ImageObject\",\"inLanguage\":\"hr\",\"@id\":\"https:\\\/\\\/radioljubuski.ba\\\/#\\\/schema\\\/logo\\\/image\\\/\",\"url\":\"https:\\\/\\\/radioljubuski.ba\\\/wp-content\\\/uploads\\\/2021\\\/02\\\/cropped-Radio_Ljubuski_logo1.jpg\",\"contentUrl\":\"https:\\\/\\\/radioljubuski.ba\\\/wp-content\\\/uploads\\\/2021\\\/02\\\/cropped-Radio_Ljubuski_logo1.jpg\",\"width\":512,\"height\":512,\"caption\":\"Radio Ljubu\u0161ki\"},\"image\":{\"@id\":\"https:\\\/\\\/radioljubuski.ba\\\/#\\\/schema\\\/logo\\\/image\\\/\"},\"sameAs\":[\"https:\\\/\\\/www.facebook.com\\\/Radiio-Ljubuski-1490835324566332\",\"https:\\\/\\\/x.com\\\/radioljubuski\",\"https:\\\/\\\/hr.linkedin.com\\\/company\\\/radio-ljubuski\",\"https:\\\/\\\/www.youtube.com\\\/channel\\\/UCHYaeO_n0Db3tjNGudGpXyw\"]},{\"@type\":\"Person\",\"@id\":\"https:\\\/\\\/radioljubuski.ba\\\/#\\\/schema\\\/person\\\/19fc700381a780f69665d7956c469e3b\",\"name\":\"Radio Ljubu\u0161ki\"}]}<\/script>\n<!-- \/ Yoast SEO plugin. -->","yoast_head_json":{"title":"Poma\u017ee li maska ako je jedino vi nosite? - RADIO LJUBU\u0160KI","robots":{"index":"index","follow":"follow","max-snippet":"max-snippet:-1","max-image-preview":"max-image-preview:large","max-video-preview":"max-video-preview:-1"},"canonical":"https:\/\/radioljubuski.ba\/index.php\/2022\/04\/22\/pomaze-li-maska-ako-je-jedino-vi-nosite\/","og_locale":"hr_HR","og_type":"article","og_title":"Poma\u017ee li maska ako je jedino vi nosite? - RADIO LJUBU\u0160KI","og_description":"U trenutku kad je pandemija koronavirusa u mnogim zemljama u zalasku i ukidaju se mjere, dio ljudi to pozdravlja, a dio smatra da bi se neke mjere, primjerice no\u0161enje maski, trebale i dalje primjenjivati u situacijama kad je u malom prostoru mnogo ljudi poput javnog prometa. Maske za lice pru\u017eaju najve\u0107u za\u0161titu od \u0161irenja \u010destica [&hellip;]","og_url":"https:\/\/radioljubuski.ba\/index.php\/2022\/04\/22\/pomaze-li-maska-ako-je-jedino-vi-nosite\/","og_site_name":"RADIO LJUBU\u0160KI","article_publisher":"https:\/\/www.facebook.com\/Radiio-Ljubuski-1490835324566332","article_published_time":"2022-04-22T12:53:33+00:00","og_image":[{"width":600,"height":400,"url":"https:\/\/radioljubuski.ba\/wp-content\/uploads\/2022\/04\/mate-lavric.jpg","type":"image\/jpeg"}],"author":"Radio Ljubu\u0161ki","twitter_card":"summary_large_image","twitter_creator":"@radioljubuski","twitter_site":"@radioljubuski","twitter_misc":{"Napisao\/la":"Radio Ljubu\u0161ki","Procijenjeno vrijeme \u010ditanja":"3 minute"},"schema":{"@context":"https:\/\/schema.org","@graph":[{"@type":"Article","@id":"https:\/\/radioljubuski.ba\/index.php\/2022\/04\/22\/pomaze-li-maska-ako-je-jedino-vi-nosite\/#article","isPartOf":{"@id":"https:\/\/radioljubuski.ba\/index.php\/2022\/04\/22\/pomaze-li-maska-ako-je-jedino-vi-nosite\/"},"author":{"name":"Radio Ljubu\u0161ki","@id":"https:\/\/radioljubuski.ba\/#\/schema\/person\/19fc700381a780f69665d7956c469e3b"},"headline":"Poma\u017ee li maska ako je jedino vi nosite?","datePublished":"2022-04-22T12:53:33+00:00","mainEntityOfPage":{"@id":"https:\/\/radioljubuski.ba\/index.php\/2022\/04\/22\/pomaze-li-maska-ako-je-jedino-vi-nosite\/"},"wordCount":618,"publisher":{"@id":"https:\/\/radioljubuski.ba\/#organization"},"image":{"@id":"https:\/\/radioljubuski.ba\/index.php\/2022\/04\/22\/pomaze-li-maska-ako-je-jedino-vi-nosite\/#primaryimage"},"thumbnailUrl":"https:\/\/radioljubuski.ba\/wp-content\/uploads\/2022\/04\/mate-lavric.jpg","articleSection":["BIH i regija"],"inLanguage":"hr"},{"@type":"WebPage","@id":"https:\/\/radioljubuski.ba\/index.php\/2022\/04\/22\/pomaze-li-maska-ako-je-jedino-vi-nosite\/","url":"https:\/\/radioljubuski.ba\/index.php\/2022\/04\/22\/pomaze-li-maska-ako-je-jedino-vi-nosite\/","name":"Poma\u017ee li maska ako je jedino vi nosite? - RADIO LJUBU\u0160KI","isPartOf":{"@id":"https:\/\/radioljubuski.ba\/#website"},"primaryImageOfPage":{"@id":"https:\/\/radioljubuski.ba\/index.php\/2022\/04\/22\/pomaze-li-maska-ako-je-jedino-vi-nosite\/#primaryimage"},"image":{"@id":"https:\/\/radioljubuski.ba\/index.php\/2022\/04\/22\/pomaze-li-maska-ako-je-jedino-vi-nosite\/#primaryimage"},"thumbnailUrl":"https:\/\/radioljubuski.ba\/wp-content\/uploads\/2022\/04\/mate-lavric.jpg","datePublished":"2022-04-22T12:53:33+00:00","breadcrumb":{"@id":"https:\/\/radioljubuski.ba\/index.php\/2022\/04\/22\/pomaze-li-maska-ako-je-jedino-vi-nosite\/#breadcrumb"},"inLanguage":"hr","potentialAction":[{"@type":"ReadAction","target":["https:\/\/radioljubuski.ba\/index.php\/2022\/04\/22\/pomaze-li-maska-ako-je-jedino-vi-nosite\/"]}]},{"@type":"ImageObject","inLanguage":"hr","@id":"https:\/\/radioljubuski.ba\/index.php\/2022\/04\/22\/pomaze-li-maska-ako-je-jedino-vi-nosite\/#primaryimage","url":"https:\/\/radioljubuski.ba\/wp-content\/uploads\/2022\/04\/mate-lavric.jpg","contentUrl":"https:\/\/radioljubuski.ba\/wp-content\/uploads\/2022\/04\/mate-lavric.jpg","width":600,"height":400},{"@type":"BreadcrumbList","@id":"https:\/\/radioljubuski.ba\/index.php\/2022\/04\/22\/pomaze-li-maska-ako-je-jedino-vi-nosite\/#breadcrumb","itemListElement":[{"@type":"ListItem","position":1,"name":"Po\u010detna stranica","item":"https:\/\/radioljubuski.ba\/"},{"@type":"ListItem","position":2,"name":"Poma\u017ee li maska ako je jedino vi nosite?"}]},{"@type":"WebSite","@id":"https:\/\/radioljubuski.ba\/#website","url":"https:\/\/radioljubuski.ba\/","name":"Radio Ljubu\u0161ki","description":"Sun\u010dana frekvencija Hercegovine","publisher":{"@id":"https:\/\/radioljubuski.ba\/#organization"},"potentialAction":[{"@type":"SearchAction","target":{"@type":"EntryPoint","urlTemplate":"https:\/\/radioljubuski.ba\/?s={search_term_string}"},"query-input":{"@type":"PropertyValueSpecification","valueRequired":true,"valueName":"search_term_string"}}],"inLanguage":"hr"},{"@type":"Organization","@id":"https:\/\/radioljubuski.ba\/#organization","name":"Radio Ljubu\u0161ki","url":"https:\/\/radioljubuski.ba\/","logo":{"@type":"ImageObject","inLanguage":"hr","@id":"https:\/\/radioljubuski.ba\/#\/schema\/logo\/image\/","url":"https:\/\/radioljubuski.ba\/wp-content\/uploads\/2021\/02\/cropped-Radio_Ljubuski_logo1.jpg","contentUrl":"https:\/\/radioljubuski.ba\/wp-content\/uploads\/2021\/02\/cropped-Radio_Ljubuski_logo1.jpg","width":512,"height":512,"caption":"Radio Ljubu\u0161ki"},"image":{"@id":"https:\/\/radioljubuski.ba\/#\/schema\/logo\/image\/"},"sameAs":["https:\/\/www.facebook.com\/Radiio-Ljubuski-1490835324566332","https:\/\/x.com\/radioljubuski","https:\/\/hr.linkedin.com\/company\/radio-ljubuski","https:\/\/www.youtube.com\/channel\/UCHYaeO_n0Db3tjNGudGpXyw"]},{"@type":"Person","@id":"https:\/\/radioljubuski.ba\/#\/schema\/person\/19fc700381a780f69665d7956c469e3b","name":"Radio Ljubu\u0161ki"}]}},"_links":{"self":[{"href":"https:\/\/radioljubuski.ba\/index.php\/wp-json\/wp\/v2\/posts\/135228","targetHints":{"allow":["GET"]}}],"collection":[{"href":"https:\/\/radioljubuski.ba\/index.php\/wp-json\/wp\/v2\/posts"}],"about":[{"href":"https:\/\/radioljubuski.ba\/index.php\/wp-json\/wp\/v2\/types\/post"}],"author":[{"embeddable":true,"href":"https:\/\/radioljubuski.ba\/index.php\/wp-json\/wp\/v2\/users\/2"}],"replies":[{"embeddable":true,"href":"https:\/\/radioljubuski.ba\/index.php\/wp-json\/wp\/v2\/comments?post=135228"}],"version-history":[{"count":1,"href":"https:\/\/radioljubuski.ba\/index.php\/wp-json\/wp\/v2\/posts\/135228\/revisions"}],"predecessor-version":[{"id":135230,"href":"https:\/\/radioljubuski.ba\/index.php\/wp-json\/wp\/v2\/posts\/135228\/revisions\/135230"}],"wp:featuredmedia":[{"embeddable":true,"href":"https:\/\/radioljubuski.ba\/index.php\/wp-json\/wp\/v2\/media\/135229"}],"wp:attachment":[{"href":"https:\/\/radioljubuski.ba\/index.php\/wp-json\/wp\/v2\/media?parent=135228"}],"wp:term":[{"taxonomy":"category","embeddable":true,"href":"https:\/\/radioljubuski.ba\/index.php\/wp-json\/wp\/v2\/categories?post=135228"},{"taxonomy":"post_tag","embeddable":true,"href":"https:\/\/radioljubuski.ba\/index.php\/wp-json\/wp\/v2\/tags?post=135228"}],"curies":[{"name":"wp","href":"https:\/\/api.w.org\/{rel}","templated":true}]}}