{"id":135233,"date":"2022-04-22T13:56:24","date_gmt":"2022-04-22T12:56:24","guid":{"rendered":"https:\/\/radioljubuski.ba\/?p=135233"},"modified":"2022-04-22T13:56:25","modified_gmt":"2022-04-22T12:56:25","slug":"napretkov-svecani-uskrsni-koncert-uprilicen-u-katedrali-srca-isusova-u-sarajevu","status":"publish","type":"post","link":"https:\/\/radioljubuski.ba\/index.php\/2022\/04\/22\/napretkov-svecani-uskrsni-koncert-uprilicen-u-katedrali-srca-isusova-u-sarajevu\/","title":{"rendered":"Napretkov sve\u010dani uskrsni koncert uprili\u010den u Katedrali Srca Isusova u Sarajevu"},"content":{"rendered":"\n<p>Hrvatsko kulturno dru\u0161tvo (HKD) Napredak, prigodom najve\u0107eg kr\u0161\u0107anskog blagdana Uskrsa, ali i zna\u010dajnog jubileja 120 godina od utemeljenja Dru\u0161tva, u \u010detvrtak, 21. travnja 2022. godine, je u prepunoj Katedrali Srca Isusova u Sarajevu uprili\u010dilo svoj tradicionalni sve\u010dani uskrsni koncert.<\/p>\n\n\n\n<p>\u2013 U tom razdoblju pokazali smo da smo temelj oko kojeg se kretao hrvatski narod u BiH. Naravno, ni\u0161ta mi to ne bi mogli uraditi bez svih vas, sviju onih koji su na bilo koji na\u010din pomogali rad i djelovanje Napredka \u2013 istaknuo je \u010ci\u010da izra\u017eavaju\u0107i posebno zahvalnost Vladi Federacije BiH i resornoj ministrici, kao i Vladi S\u017d i resornom ministru.<\/p>\n\n\n\n<p>Predsjednik \u010ci\u010da je katolicima \u010destitao Uskrs, pravoslavcima predstoje\u0107i Vaskrs i muslimanima predstoje\u0107i Bajram.<\/p>\n\n\n\n<p>\u2013 \u017delim da svi zajedno blagujemo na\u0161e blagdane u miru, u ovim te\u0161kim okolnostima koje jesu i koje su bile zadnje dvije godine, ali da nam svima to bude poticaj da radimo vi\u0161e i bolje \u2013 naveo je \u010ci\u010da.<\/p>\n\n\n\n<p>Ministar kulture i sporta S\u017d Samir Avdi\u0107 je rekao da je HKD Napredak jedinstvena institucija koja je uz \u0160trosmajerovu akademiju i Maticu hrvatsku uvijek predstavljala stub o\u010duvanja kulturnog i nacionalnog identiteta hrvatskog naroda, kako u BiH, tako i Hrvatskoj.<\/p>\n\n\n\n<p>\u2013 HKD Napredak jeste institucija s impresivnih 120 godina postojanja i jednom vrlo va\u017enom filozofijom, kako je rad za \u010dovjeka i njegovo dobro uvijek bila osnova ovog kulturnog i humanog Dru\u0161tva \u2013 naveo je Avdi\u0107.<\/p>\n\n\n\n<p>Pod svodom katedrale prepleli su se sjajni glasovi mje\u0161ovitog Zbora Hrvatske radio-televizije s glasovima solista Darije Augu\u0161tan, sopran, Martine Goj\u010deta Sili\u0107, mezzosopran, Stjepana Franetovi\u0107a, tenora i Roberta Kolara, baritona, pod ravnanjem dirigenta Tomislava Fa\u010dinija koji su pripremili Hrvatsku misu u d-molu Borisa Papandopula, skladatelja od \u010dije smrti je pro\u0161le godine obilje\u017eeno 30 godina.<\/p>\n\n\n\n<p>U svojemu plodnom i intenzivnom umjetni\u010dkom djelovanju Boris Papandopulo (1906. \u2013 1991.) ujedinjavao je kvalitete vrsnog pijanista, duhovitoga glazbenog kriti\u010dara, energi\u010dnog dirigenta, dosjetljivog organizatora te nadasve plodnog i kreativnog skladatelja. Hrvatska misa monumentalno je djelo za zbor a cappella i \u010detiri solista, \u010diju \u0161esterostava\u010dnu koncepciju ponajprije odre\u0111uje tekst standardnog misnog ordinarija na hrvatskom jeziku, a skladatelj je oblikuje gotovo konvencionalno, no dramatur\u0161ki istan\u010dano, nizanjem odlomaka, ve\u0107ih i manjih solisti\u010dkih i zborskih to\u010daka. Kroz sakralne izvedbe Gospode pomiluj, Slava, Vjerovanje, Svet, Blagosloven i Jaganj\u010de Bo\u017eji Zbor i sjajni velikani solisti pokazali su svu rasko\u0161 svojih glasova i na poseban na\u010din s Hrvatskim kulturnim dru\u0161tvom Napredak obilje\u017eili najve\u0107i kr\u0161\u0107anski blagdan Uskrs, ali i veliki jubilej Dru\u0161tva.<\/p>\n\n\n\n<p>Koncertu su iz publike nazo\u010dili i brojni ugledni predstavnici politi\u010dkih, vjerskih i prijateljskih nacionalnih kulturnih dru\u0161tava te predstavnici diplomatskog zbora.<\/p>\n\n\n\n<p>U sklopu obilje\u017eavanja zna\u010dajnog jubileja, 120 godina od utemeljenja, u narednom razdoblju Hrvatsko kulturno dru\u0161tvo Napredak planira realizirati brojne manifestacije kako u Sarajevu na razini Sredi\u0161nje uprave tako i u podru\u017enicama koje djeluju diljem Bosne i Hercegovine, Republike Hrvatske i svijeta. Tako \u0107e u suradnji s Veleposlanstvom RH ve\u0107 30. svibnja teku\u0107e godine biti uprili\u010den koncert sjajnih Zagreba\u010dkih solista koje \u0107emo sa zadovoljstvom i rado\u0161\u0107u do\u010dekati u velebnoj sarajevskoj Vije\u0107nici.<\/p>\n\n\n\n<p>Izvor:hkd napredak<\/p>\n","protected":false},"excerpt":{"rendered":"<p>Hrvatsko kulturno dru\u0161tvo (HKD) Napredak, prigodom najve\u0107eg kr\u0161\u0107anskog blagdana Uskrsa, ali i zna\u010dajnog jubileja 120 godina od utemeljenja Dru\u0161tva, u \u010detvrtak, 21. travnja 2022. godine, je u prepunoj Katedrali Srca Isusova u Sarajevu uprili\u010dilo svoj tradicionalni sve\u010dani uskrsni koncert. \u2013 U tom razdoblju pokazali smo da smo temelj oko kojeg se kretao hrvatski narod u [&hellip;]<\/p>\n","protected":false},"author":2,"featured_media":135234,"comment_status":"closed","ping_status":"closed","sticky":false,"template":"","format":"standard","meta":{"h5ap_radio_sources":[],"footnotes":""},"categories":[1],"tags":[],"class_list":["post-135233","post","type-post","status-publish","format-standard","has-post-thumbnail","hentry","category-bihiregija"],"yoast_head":"<!-- This site is optimized with the Yoast SEO plugin v27.4 - https:\/\/yoast.com\/product\/yoast-seo-wordpress\/ -->\n<title>Napretkov sve\u010dani uskrsni koncert uprili\u010den u Katedrali Srca Isusova u Sarajevu - RADIO LJUBU\u0160KI<\/title>\n<meta name=\"robots\" content=\"index, follow, max-snippet:-1, max-image-preview:large, max-video-preview:-1\" \/>\n<link rel=\"canonical\" href=\"https:\/\/radioljubuski.ba\/index.php\/2022\/04\/22\/napretkov-svecani-uskrsni-koncert-uprilicen-u-katedrali-srca-isusova-u-sarajevu\/\" \/>\n<meta property=\"og:locale\" content=\"hr_HR\" \/>\n<meta property=\"og:type\" content=\"article\" \/>\n<meta property=\"og:title\" content=\"Napretkov sve\u010dani uskrsni koncert uprili\u010den u Katedrali Srca Isusova u Sarajevu - RADIO LJUBU\u0160KI\" \/>\n<meta property=\"og:description\" content=\"Hrvatsko kulturno dru\u0161tvo (HKD) Napredak, prigodom najve\u0107eg kr\u0161\u0107anskog blagdana Uskrsa, ali i zna\u010dajnog jubileja 120 godina od utemeljenja Dru\u0161tva, u \u010detvrtak, 21. travnja 2022. godine, je u prepunoj Katedrali Srca Isusova u Sarajevu uprili\u010dilo svoj tradicionalni sve\u010dani uskrsni koncert. \u2013 U tom razdoblju pokazali smo da smo temelj oko kojeg se kretao hrvatski narod u [&hellip;]\" \/>\n<meta property=\"og:url\" content=\"https:\/\/radioljubuski.ba\/index.php\/2022\/04\/22\/napretkov-svecani-uskrsni-koncert-uprilicen-u-katedrali-srca-isusova-u-sarajevu\/\" \/>\n<meta property=\"og:site_name\" content=\"RADIO LJUBU\u0160KI\" \/>\n<meta property=\"article:publisher\" content=\"https:\/\/www.facebook.com\/Radiio-Ljubuski-1490835324566332\" \/>\n<meta property=\"article:published_time\" content=\"2022-04-22T12:56:24+00:00\" \/>\n<meta property=\"article:modified_time\" content=\"2022-04-22T12:56:25+00:00\" \/>\n<meta property=\"og:image\" content=\"https:\/\/radioljubuski.ba\/wp-content\/uploads\/2022\/04\/3-2022-04-22-09-24-51-ADB06773.jpg\" \/>\n\t<meta property=\"og:image:width\" content=\"1000\" \/>\n\t<meta property=\"og:image:height\" content=\"625\" \/>\n\t<meta property=\"og:image:type\" content=\"image\/jpeg\" \/>\n<meta name=\"author\" content=\"Radio Ljubu\u0161ki\" \/>\n<meta name=\"twitter:card\" content=\"summary_large_image\" \/>\n<meta name=\"twitter:creator\" content=\"@radioljubuski\" \/>\n<meta name=\"twitter:site\" content=\"@radioljubuski\" \/>\n<meta name=\"twitter:label1\" content=\"Napisao\/la\" \/>\n\t<meta name=\"twitter:data1\" content=\"Radio Ljubu\u0161ki\" \/>\n\t<meta name=\"twitter:label2\" content=\"Procijenjeno vrijeme \u010ditanja\" \/>\n\t<meta name=\"twitter:data2\" content=\"3 minute\" \/>\n<script type=\"application\/ld+json\" class=\"yoast-schema-graph\">{\"@context\":\"https:\\\/\\\/schema.org\",\"@graph\":[{\"@type\":\"Article\",\"@id\":\"https:\\\/\\\/radioljubuski.ba\\\/index.php\\\/2022\\\/04\\\/22\\\/napretkov-svecani-uskrsni-koncert-uprilicen-u-katedrali-srca-isusova-u-sarajevu\\\/#article\",\"isPartOf\":{\"@id\":\"https:\\\/\\\/radioljubuski.ba\\\/index.php\\\/2022\\\/04\\\/22\\\/napretkov-svecani-uskrsni-koncert-uprilicen-u-katedrali-srca-isusova-u-sarajevu\\\/\"},\"author\":{\"name\":\"Radio Ljubu\u0161ki\",\"@id\":\"https:\\\/\\\/radioljubuski.ba\\\/#\\\/schema\\\/person\\\/19fc700381a780f69665d7956c469e3b\"},\"headline\":\"Napretkov sve\u010dani uskrsni koncert uprili\u010den u Katedrali Srca Isusova u Sarajevu\",\"datePublished\":\"2022-04-22T12:56:24+00:00\",\"dateModified\":\"2022-04-22T12:56:25+00:00\",\"mainEntityOfPage\":{\"@id\":\"https:\\\/\\\/radioljubuski.ba\\\/index.php\\\/2022\\\/04\\\/22\\\/napretkov-svecani-uskrsni-koncert-uprilicen-u-katedrali-srca-isusova-u-sarajevu\\\/\"},\"wordCount\":544,\"publisher\":{\"@id\":\"https:\\\/\\\/radioljubuski.ba\\\/#organization\"},\"image\":{\"@id\":\"https:\\\/\\\/radioljubuski.ba\\\/index.php\\\/2022\\\/04\\\/22\\\/napretkov-svecani-uskrsni-koncert-uprilicen-u-katedrali-srca-isusova-u-sarajevu\\\/#primaryimage\"},\"thumbnailUrl\":\"https:\\\/\\\/radioljubuski.ba\\\/wp-content\\\/uploads\\\/2022\\\/04\\\/3-2022-04-22-09-24-51-ADB06773.jpg\",\"articleSection\":[\"BIH i regija\"],\"inLanguage\":\"hr\"},{\"@type\":\"WebPage\",\"@id\":\"https:\\\/\\\/radioljubuski.ba\\\/index.php\\\/2022\\\/04\\\/22\\\/napretkov-svecani-uskrsni-koncert-uprilicen-u-katedrali-srca-isusova-u-sarajevu\\\/\",\"url\":\"https:\\\/\\\/radioljubuski.ba\\\/index.php\\\/2022\\\/04\\\/22\\\/napretkov-svecani-uskrsni-koncert-uprilicen-u-katedrali-srca-isusova-u-sarajevu\\\/\",\"name\":\"Napretkov sve\u010dani uskrsni koncert uprili\u010den u Katedrali Srca Isusova u Sarajevu - RADIO LJUBU\u0160KI\",\"isPartOf\":{\"@id\":\"https:\\\/\\\/radioljubuski.ba\\\/#website\"},\"primaryImageOfPage\":{\"@id\":\"https:\\\/\\\/radioljubuski.ba\\\/index.php\\\/2022\\\/04\\\/22\\\/napretkov-svecani-uskrsni-koncert-uprilicen-u-katedrali-srca-isusova-u-sarajevu\\\/#primaryimage\"},\"image\":{\"@id\":\"https:\\\/\\\/radioljubuski.ba\\\/index.php\\\/2022\\\/04\\\/22\\\/napretkov-svecani-uskrsni-koncert-uprilicen-u-katedrali-srca-isusova-u-sarajevu\\\/#primaryimage\"},\"thumbnailUrl\":\"https:\\\/\\\/radioljubuski.ba\\\/wp-content\\\/uploads\\\/2022\\\/04\\\/3-2022-04-22-09-24-51-ADB06773.jpg\",\"datePublished\":\"2022-04-22T12:56:24+00:00\",\"dateModified\":\"2022-04-22T12:56:25+00:00\",\"breadcrumb\":{\"@id\":\"https:\\\/\\\/radioljubuski.ba\\\/index.php\\\/2022\\\/04\\\/22\\\/napretkov-svecani-uskrsni-koncert-uprilicen-u-katedrali-srca-isusova-u-sarajevu\\\/#breadcrumb\"},\"inLanguage\":\"hr\",\"potentialAction\":[{\"@type\":\"ReadAction\",\"target\":[\"https:\\\/\\\/radioljubuski.ba\\\/index.php\\\/2022\\\/04\\\/22\\\/napretkov-svecani-uskrsni-koncert-uprilicen-u-katedrali-srca-isusova-u-sarajevu\\\/\"]}]},{\"@type\":\"ImageObject\",\"inLanguage\":\"hr\",\"@id\":\"https:\\\/\\\/radioljubuski.ba\\\/index.php\\\/2022\\\/04\\\/22\\\/napretkov-svecani-uskrsni-koncert-uprilicen-u-katedrali-srca-isusova-u-sarajevu\\\/#primaryimage\",\"url\":\"https:\\\/\\\/radioljubuski.ba\\\/wp-content\\\/uploads\\\/2022\\\/04\\\/3-2022-04-22-09-24-51-ADB06773.jpg\",\"contentUrl\":\"https:\\\/\\\/radioljubuski.ba\\\/wp-content\\\/uploads\\\/2022\\\/04\\\/3-2022-04-22-09-24-51-ADB06773.jpg\",\"width\":1000,\"height\":625},{\"@type\":\"BreadcrumbList\",\"@id\":\"https:\\\/\\\/radioljubuski.ba\\\/index.php\\\/2022\\\/04\\\/22\\\/napretkov-svecani-uskrsni-koncert-uprilicen-u-katedrali-srca-isusova-u-sarajevu\\\/#breadcrumb\",\"itemListElement\":[{\"@type\":\"ListItem\",\"position\":1,\"name\":\"Po\u010detna stranica\",\"item\":\"https:\\\/\\\/radioljubuski.ba\\\/\"},{\"@type\":\"ListItem\",\"position\":2,\"name\":\"Napretkov sve\u010dani uskrsni koncert uprili\u010den u Katedrali Srca Isusova u Sarajevu\"}]},{\"@type\":\"WebSite\",\"@id\":\"https:\\\/\\\/radioljubuski.ba\\\/#website\",\"url\":\"https:\\\/\\\/radioljubuski.ba\\\/\",\"name\":\"Radio Ljubu\u0161ki\",\"description\":\"Sun\u010dana frekvencija Hercegovine\",\"publisher\":{\"@id\":\"https:\\\/\\\/radioljubuski.ba\\\/#organization\"},\"potentialAction\":[{\"@type\":\"SearchAction\",\"target\":{\"@type\":\"EntryPoint\",\"urlTemplate\":\"https:\\\/\\\/radioljubuski.ba\\\/?s={search_term_string}\"},\"query-input\":{\"@type\":\"PropertyValueSpecification\",\"valueRequired\":true,\"valueName\":\"search_term_string\"}}],\"inLanguage\":\"hr\"},{\"@type\":\"Organization\",\"@id\":\"https:\\\/\\\/radioljubuski.ba\\\/#organization\",\"name\":\"Radio Ljubu\u0161ki\",\"url\":\"https:\\\/\\\/radioljubuski.ba\\\/\",\"logo\":{\"@type\":\"ImageObject\",\"inLanguage\":\"hr\",\"@id\":\"https:\\\/\\\/radioljubuski.ba\\\/#\\\/schema\\\/logo\\\/image\\\/\",\"url\":\"https:\\\/\\\/radioljubuski.ba\\\/wp-content\\\/uploads\\\/2021\\\/02\\\/cropped-Radio_Ljubuski_logo1.jpg\",\"contentUrl\":\"https:\\\/\\\/radioljubuski.ba\\\/wp-content\\\/uploads\\\/2021\\\/02\\\/cropped-Radio_Ljubuski_logo1.jpg\",\"width\":512,\"height\":512,\"caption\":\"Radio Ljubu\u0161ki\"},\"image\":{\"@id\":\"https:\\\/\\\/radioljubuski.ba\\\/#\\\/schema\\\/logo\\\/image\\\/\"},\"sameAs\":[\"https:\\\/\\\/www.facebook.com\\\/Radiio-Ljubuski-1490835324566332\",\"https:\\\/\\\/x.com\\\/radioljubuski\",\"https:\\\/\\\/hr.linkedin.com\\\/company\\\/radio-ljubuski\",\"https:\\\/\\\/www.youtube.com\\\/channel\\\/UCHYaeO_n0Db3tjNGudGpXyw\"]},{\"@type\":\"Person\",\"@id\":\"https:\\\/\\\/radioljubuski.ba\\\/#\\\/schema\\\/person\\\/19fc700381a780f69665d7956c469e3b\",\"name\":\"Radio Ljubu\u0161ki\"}]}<\/script>\n<!-- \/ Yoast SEO plugin. -->","yoast_head_json":{"title":"Napretkov sve\u010dani uskrsni koncert uprili\u010den u Katedrali Srca Isusova u Sarajevu - RADIO LJUBU\u0160KI","robots":{"index":"index","follow":"follow","max-snippet":"max-snippet:-1","max-image-preview":"max-image-preview:large","max-video-preview":"max-video-preview:-1"},"canonical":"https:\/\/radioljubuski.ba\/index.php\/2022\/04\/22\/napretkov-svecani-uskrsni-koncert-uprilicen-u-katedrali-srca-isusova-u-sarajevu\/","og_locale":"hr_HR","og_type":"article","og_title":"Napretkov sve\u010dani uskrsni koncert uprili\u010den u Katedrali Srca Isusova u Sarajevu - RADIO LJUBU\u0160KI","og_description":"Hrvatsko kulturno dru\u0161tvo (HKD) Napredak, prigodom najve\u0107eg kr\u0161\u0107anskog blagdana Uskrsa, ali i zna\u010dajnog jubileja 120 godina od utemeljenja Dru\u0161tva, u \u010detvrtak, 21. travnja 2022. godine, je u prepunoj Katedrali Srca Isusova u Sarajevu uprili\u010dilo svoj tradicionalni sve\u010dani uskrsni koncert. \u2013 U tom razdoblju pokazali smo da smo temelj oko kojeg se kretao hrvatski narod u [&hellip;]","og_url":"https:\/\/radioljubuski.ba\/index.php\/2022\/04\/22\/napretkov-svecani-uskrsni-koncert-uprilicen-u-katedrali-srca-isusova-u-sarajevu\/","og_site_name":"RADIO LJUBU\u0160KI","article_publisher":"https:\/\/www.facebook.com\/Radiio-Ljubuski-1490835324566332","article_published_time":"2022-04-22T12:56:24+00:00","article_modified_time":"2022-04-22T12:56:25+00:00","og_image":[{"width":1000,"height":625,"url":"https:\/\/radioljubuski.ba\/wp-content\/uploads\/2022\/04\/3-2022-04-22-09-24-51-ADB06773.jpg","type":"image\/jpeg"}],"author":"Radio Ljubu\u0161ki","twitter_card":"summary_large_image","twitter_creator":"@radioljubuski","twitter_site":"@radioljubuski","twitter_misc":{"Napisao\/la":"Radio Ljubu\u0161ki","Procijenjeno vrijeme \u010ditanja":"3 minute"},"schema":{"@context":"https:\/\/schema.org","@graph":[{"@type":"Article","@id":"https:\/\/radioljubuski.ba\/index.php\/2022\/04\/22\/napretkov-svecani-uskrsni-koncert-uprilicen-u-katedrali-srca-isusova-u-sarajevu\/#article","isPartOf":{"@id":"https:\/\/radioljubuski.ba\/index.php\/2022\/04\/22\/napretkov-svecani-uskrsni-koncert-uprilicen-u-katedrali-srca-isusova-u-sarajevu\/"},"author":{"name":"Radio Ljubu\u0161ki","@id":"https:\/\/radioljubuski.ba\/#\/schema\/person\/19fc700381a780f69665d7956c469e3b"},"headline":"Napretkov sve\u010dani uskrsni koncert uprili\u010den u Katedrali Srca Isusova u Sarajevu","datePublished":"2022-04-22T12:56:24+00:00","dateModified":"2022-04-22T12:56:25+00:00","mainEntityOfPage":{"@id":"https:\/\/radioljubuski.ba\/index.php\/2022\/04\/22\/napretkov-svecani-uskrsni-koncert-uprilicen-u-katedrali-srca-isusova-u-sarajevu\/"},"wordCount":544,"publisher":{"@id":"https:\/\/radioljubuski.ba\/#organization"},"image":{"@id":"https:\/\/radioljubuski.ba\/index.php\/2022\/04\/22\/napretkov-svecani-uskrsni-koncert-uprilicen-u-katedrali-srca-isusova-u-sarajevu\/#primaryimage"},"thumbnailUrl":"https:\/\/radioljubuski.ba\/wp-content\/uploads\/2022\/04\/3-2022-04-22-09-24-51-ADB06773.jpg","articleSection":["BIH i regija"],"inLanguage":"hr"},{"@type":"WebPage","@id":"https:\/\/radioljubuski.ba\/index.php\/2022\/04\/22\/napretkov-svecani-uskrsni-koncert-uprilicen-u-katedrali-srca-isusova-u-sarajevu\/","url":"https:\/\/radioljubuski.ba\/index.php\/2022\/04\/22\/napretkov-svecani-uskrsni-koncert-uprilicen-u-katedrali-srca-isusova-u-sarajevu\/","name":"Napretkov sve\u010dani uskrsni koncert uprili\u010den u Katedrali Srca Isusova u Sarajevu - RADIO LJUBU\u0160KI","isPartOf":{"@id":"https:\/\/radioljubuski.ba\/#website"},"primaryImageOfPage":{"@id":"https:\/\/radioljubuski.ba\/index.php\/2022\/04\/22\/napretkov-svecani-uskrsni-koncert-uprilicen-u-katedrali-srca-isusova-u-sarajevu\/#primaryimage"},"image":{"@id":"https:\/\/radioljubuski.ba\/index.php\/2022\/04\/22\/napretkov-svecani-uskrsni-koncert-uprilicen-u-katedrali-srca-isusova-u-sarajevu\/#primaryimage"},"thumbnailUrl":"https:\/\/radioljubuski.ba\/wp-content\/uploads\/2022\/04\/3-2022-04-22-09-24-51-ADB06773.jpg","datePublished":"2022-04-22T12:56:24+00:00","dateModified":"2022-04-22T12:56:25+00:00","breadcrumb":{"@id":"https:\/\/radioljubuski.ba\/index.php\/2022\/04\/22\/napretkov-svecani-uskrsni-koncert-uprilicen-u-katedrali-srca-isusova-u-sarajevu\/#breadcrumb"},"inLanguage":"hr","potentialAction":[{"@type":"ReadAction","target":["https:\/\/radioljubuski.ba\/index.php\/2022\/04\/22\/napretkov-svecani-uskrsni-koncert-uprilicen-u-katedrali-srca-isusova-u-sarajevu\/"]}]},{"@type":"ImageObject","inLanguage":"hr","@id":"https:\/\/radioljubuski.ba\/index.php\/2022\/04\/22\/napretkov-svecani-uskrsni-koncert-uprilicen-u-katedrali-srca-isusova-u-sarajevu\/#primaryimage","url":"https:\/\/radioljubuski.ba\/wp-content\/uploads\/2022\/04\/3-2022-04-22-09-24-51-ADB06773.jpg","contentUrl":"https:\/\/radioljubuski.ba\/wp-content\/uploads\/2022\/04\/3-2022-04-22-09-24-51-ADB06773.jpg","width":1000,"height":625},{"@type":"BreadcrumbList","@id":"https:\/\/radioljubuski.ba\/index.php\/2022\/04\/22\/napretkov-svecani-uskrsni-koncert-uprilicen-u-katedrali-srca-isusova-u-sarajevu\/#breadcrumb","itemListElement":[{"@type":"ListItem","position":1,"name":"Po\u010detna stranica","item":"https:\/\/radioljubuski.ba\/"},{"@type":"ListItem","position":2,"name":"Napretkov sve\u010dani uskrsni koncert uprili\u010den u Katedrali Srca Isusova u Sarajevu"}]},{"@type":"WebSite","@id":"https:\/\/radioljubuski.ba\/#website","url":"https:\/\/radioljubuski.ba\/","name":"Radio Ljubu\u0161ki","description":"Sun\u010dana frekvencija Hercegovine","publisher":{"@id":"https:\/\/radioljubuski.ba\/#organization"},"potentialAction":[{"@type":"SearchAction","target":{"@type":"EntryPoint","urlTemplate":"https:\/\/radioljubuski.ba\/?s={search_term_string}"},"query-input":{"@type":"PropertyValueSpecification","valueRequired":true,"valueName":"search_term_string"}}],"inLanguage":"hr"},{"@type":"Organization","@id":"https:\/\/radioljubuski.ba\/#organization","name":"Radio Ljubu\u0161ki","url":"https:\/\/radioljubuski.ba\/","logo":{"@type":"ImageObject","inLanguage":"hr","@id":"https:\/\/radioljubuski.ba\/#\/schema\/logo\/image\/","url":"https:\/\/radioljubuski.ba\/wp-content\/uploads\/2021\/02\/cropped-Radio_Ljubuski_logo1.jpg","contentUrl":"https:\/\/radioljubuski.ba\/wp-content\/uploads\/2021\/02\/cropped-Radio_Ljubuski_logo1.jpg","width":512,"height":512,"caption":"Radio Ljubu\u0161ki"},"image":{"@id":"https:\/\/radioljubuski.ba\/#\/schema\/logo\/image\/"},"sameAs":["https:\/\/www.facebook.com\/Radiio-Ljubuski-1490835324566332","https:\/\/x.com\/radioljubuski","https:\/\/hr.linkedin.com\/company\/radio-ljubuski","https:\/\/www.youtube.com\/channel\/UCHYaeO_n0Db3tjNGudGpXyw"]},{"@type":"Person","@id":"https:\/\/radioljubuski.ba\/#\/schema\/person\/19fc700381a780f69665d7956c469e3b","name":"Radio Ljubu\u0161ki"}]}},"_links":{"self":[{"href":"https:\/\/radioljubuski.ba\/index.php\/wp-json\/wp\/v2\/posts\/135233","targetHints":{"allow":["GET"]}}],"collection":[{"href":"https:\/\/radioljubuski.ba\/index.php\/wp-json\/wp\/v2\/posts"}],"about":[{"href":"https:\/\/radioljubuski.ba\/index.php\/wp-json\/wp\/v2\/types\/post"}],"author":[{"embeddable":true,"href":"https:\/\/radioljubuski.ba\/index.php\/wp-json\/wp\/v2\/users\/2"}],"replies":[{"embeddable":true,"href":"https:\/\/radioljubuski.ba\/index.php\/wp-json\/wp\/v2\/comments?post=135233"}],"version-history":[{"count":1,"href":"https:\/\/radioljubuski.ba\/index.php\/wp-json\/wp\/v2\/posts\/135233\/revisions"}],"predecessor-version":[{"id":135235,"href":"https:\/\/radioljubuski.ba\/index.php\/wp-json\/wp\/v2\/posts\/135233\/revisions\/135235"}],"wp:featuredmedia":[{"embeddable":true,"href":"https:\/\/radioljubuski.ba\/index.php\/wp-json\/wp\/v2\/media\/135234"}],"wp:attachment":[{"href":"https:\/\/radioljubuski.ba\/index.php\/wp-json\/wp\/v2\/media?parent=135233"}],"wp:term":[{"taxonomy":"category","embeddable":true,"href":"https:\/\/radioljubuski.ba\/index.php\/wp-json\/wp\/v2\/categories?post=135233"},{"taxonomy":"post_tag","embeddable":true,"href":"https:\/\/radioljubuski.ba\/index.php\/wp-json\/wp\/v2\/tags?post=135233"}],"curies":[{"name":"wp","href":"https:\/\/api.w.org\/{rel}","templated":true}]}}