{"id":135263,"date":"2022-04-22T14:32:29","date_gmt":"2022-04-22T13:32:29","guid":{"rendered":"https:\/\/radioljubuski.ba\/?p=135263"},"modified":"2022-04-22T14:32:30","modified_gmt":"2022-04-22T13:32:30","slug":"patrijarh-porfirije-molimo-za-mir-rat-je-sramota-svakog-covjeka","status":"publish","type":"post","link":"https:\/\/radioljubuski.ba\/index.php\/2022\/04\/22\/patrijarh-porfirije-molimo-za-mir-rat-je-sramota-svakog-covjeka\/","title":{"rendered":"Patrijarh Porfirije: Molimo za mir, rat je sramota svakog \u010dovjeka"},"content":{"rendered":"\n<p>Poglavar Srpske Pravoslavne Crkve (SPC) patrijarh Porfirije poru\u010dio je u petak u Uskrsnoj poslanici da je rat poraz i sramota svakog \u010dovjeka&nbsp;i pozvao je na molitvu kako bi se u Ukrajini \u0161to prije i bezuvjetno uspostavio mir.<\/p>\n\n\n\n<p>&#8220;Svaki rat, bilo gdje i bilo kada, proizvodi samo gubitnike i poraz je ljudskog dostojanstva, poraz je i sramota svakog \u010dovjeka kao ikone Bo\u017eje\u201c, istaknuo je patrijarh Porfirije u povodu Uskrsa&nbsp;koji SPC slavi u nedjelju, 24. travnja.<\/p>\n\n\n\n<p>On je u poslanici na Veliki petak rekao kako se moli &#8220;uskrslom Gospodinu da se \u0161to prie i bezuvjetno uspostavi mir, prestane stradanje i da se svi izbjegli vrate u svoje domove&#8221;.<\/p>\n\n\n\n<p>Patijarh SPC-a ukazao je na &#8220;osje\u0107aj odgovornosti&#8221; koji je me\u0111u ljudima ponajprije potreban &#8220;zbog sveop\u0107e krize u svijetu i \u010dinjenice da se plamen oru\u017eanih sukoba na prostorima Ukrajine pridru\u017eio onim drugim mjestima na planeti gdje postoji konflikt me\u0111u dr\u017eavama, narodima i vjerama&#8221;.<\/p>\n\n\n\n<p>\u201eSuosje\u0107amo sa svim pravoslavnim kri\u0161\u0107anima, sa svim ljudima ovoga svijeta gledaju\u0107i kako se sukobi na ukrajinskom tlu i \u0161irom Ekumene jo\u0161 vi\u0161e produbljuju\u201c, poru\u010dio je patrijarh Porfirije, istaknuv\u0161i da u ratovima diljem svijeta&nbsp;&#8220;najvi\u0161e stradanja podnosi obi\u010dan \u010dovjek&#8221;.<\/p>\n\n\n\n<p>Izvor:pogled.ba<\/p>\n","protected":false},"excerpt":{"rendered":"<p>Poglavar Srpske Pravoslavne Crkve (SPC) patrijarh Porfirije poru\u010dio je u petak u Uskrsnoj poslanici da je rat poraz i sramota svakog \u010dovjeka&nbsp;i pozvao je na molitvu kako bi se u Ukrajini \u0161to prije i bezuvjetno uspostavio mir. &#8220;Svaki rat, bilo gdje i bilo kada, proizvodi samo gubitnike i poraz je ljudskog dostojanstva, poraz je i [&hellip;]<\/p>\n","protected":false},"author":2,"featured_media":135264,"comment_status":"closed","ping_status":"closed","sticky":false,"template":"","format":"standard","meta":{"h5ap_radio_sources":[],"footnotes":""},"categories":[1],"tags":[],"class_list":["post-135263","post","type-post","status-publish","format-standard","has-post-thumbnail","hentry","category-bihiregija"],"yoast_head":"<!-- This site is optimized with the Yoast SEO plugin v27.4 - https:\/\/yoast.com\/product\/yoast-seo-wordpress\/ -->\n<title>Patrijarh Porfirije: Molimo za mir, rat je sramota svakog \u010dovjeka - RADIO LJUBU\u0160KI<\/title>\n<meta name=\"robots\" content=\"index, follow, max-snippet:-1, max-image-preview:large, max-video-preview:-1\" \/>\n<link rel=\"canonical\" href=\"https:\/\/radioljubuski.ba\/index.php\/2022\/04\/22\/patrijarh-porfirije-molimo-za-mir-rat-je-sramota-svakog-covjeka\/\" \/>\n<meta property=\"og:locale\" content=\"hr_HR\" \/>\n<meta property=\"og:type\" content=\"article\" \/>\n<meta property=\"og:title\" content=\"Patrijarh Porfirije: Molimo za mir, rat je sramota svakog \u010dovjeka - RADIO LJUBU\u0160KI\" \/>\n<meta property=\"og:description\" content=\"Poglavar Srpske Pravoslavne Crkve (SPC) patrijarh Porfirije poru\u010dio je u petak u Uskrsnoj poslanici da je rat poraz i sramota svakog \u010dovjeka&nbsp;i pozvao je na molitvu kako bi se u Ukrajini \u0161to prije i bezuvjetno uspostavio mir. &#8220;Svaki rat, bilo gdje i bilo kada, proizvodi samo gubitnike i poraz je ljudskog dostojanstva, poraz je i [&hellip;]\" \/>\n<meta property=\"og:url\" content=\"https:\/\/radioljubuski.ba\/index.php\/2022\/04\/22\/patrijarh-porfirije-molimo-za-mir-rat-je-sramota-svakog-covjeka\/\" \/>\n<meta property=\"og:site_name\" content=\"RADIO LJUBU\u0160KI\" \/>\n<meta property=\"article:publisher\" content=\"https:\/\/www.facebook.com\/Radiio-Ljubuski-1490835324566332\" \/>\n<meta property=\"article:published_time\" content=\"2022-04-22T13:32:29+00:00\" \/>\n<meta property=\"article:modified_time\" content=\"2022-04-22T13:32:30+00:00\" \/>\n<meta property=\"og:image\" content=\"https:\/\/radioljubuski.ba\/wp-content\/uploads\/2022\/04\/3-2022-04-22-11-55-22-l_fbd39e377c15af7695d14cf98cfff5d0.jpg\" \/>\n\t<meta property=\"og:image:width\" content=\"1000\" \/>\n\t<meta property=\"og:image:height\" content=\"625\" \/>\n\t<meta property=\"og:image:type\" content=\"image\/jpeg\" \/>\n<meta name=\"author\" content=\"Radio Ljubu\u0161ki\" \/>\n<meta name=\"twitter:card\" content=\"summary_large_image\" \/>\n<meta name=\"twitter:creator\" content=\"@radioljubuski\" \/>\n<meta name=\"twitter:site\" content=\"@radioljubuski\" \/>\n<meta name=\"twitter:label1\" content=\"Napisao\/la\" \/>\n\t<meta name=\"twitter:data1\" content=\"Radio Ljubu\u0161ki\" \/>\n\t<meta name=\"twitter:label2\" content=\"Procijenjeno vrijeme \u010ditanja\" \/>\n\t<meta name=\"twitter:data2\" content=\"1 minuta\" \/>\n<script type=\"application\/ld+json\" class=\"yoast-schema-graph\">{\"@context\":\"https:\\\/\\\/schema.org\",\"@graph\":[{\"@type\":\"Article\",\"@id\":\"https:\\\/\\\/radioljubuski.ba\\\/index.php\\\/2022\\\/04\\\/22\\\/patrijarh-porfirije-molimo-za-mir-rat-je-sramota-svakog-covjeka\\\/#article\",\"isPartOf\":{\"@id\":\"https:\\\/\\\/radioljubuski.ba\\\/index.php\\\/2022\\\/04\\\/22\\\/patrijarh-porfirije-molimo-za-mir-rat-je-sramota-svakog-covjeka\\\/\"},\"author\":{\"name\":\"Radio Ljubu\u0161ki\",\"@id\":\"https:\\\/\\\/radioljubuski.ba\\\/#\\\/schema\\\/person\\\/19fc700381a780f69665d7956c469e3b\"},\"headline\":\"Patrijarh Porfirije: Molimo za mir, rat je sramota svakog \u010dovjeka\",\"datePublished\":\"2022-04-22T13:32:29+00:00\",\"dateModified\":\"2022-04-22T13:32:30+00:00\",\"mainEntityOfPage\":{\"@id\":\"https:\\\/\\\/radioljubuski.ba\\\/index.php\\\/2022\\\/04\\\/22\\\/patrijarh-porfirije-molimo-za-mir-rat-je-sramota-svakog-covjeka\\\/\"},\"wordCount\":220,\"publisher\":{\"@id\":\"https:\\\/\\\/radioljubuski.ba\\\/#organization\"},\"image\":{\"@id\":\"https:\\\/\\\/radioljubuski.ba\\\/index.php\\\/2022\\\/04\\\/22\\\/patrijarh-porfirije-molimo-za-mir-rat-je-sramota-svakog-covjeka\\\/#primaryimage\"},\"thumbnailUrl\":\"https:\\\/\\\/radioljubuski.ba\\\/wp-content\\\/uploads\\\/2022\\\/04\\\/3-2022-04-22-11-55-22-l_fbd39e377c15af7695d14cf98cfff5d0.jpg\",\"articleSection\":[\"BIH i regija\"],\"inLanguage\":\"hr\"},{\"@type\":\"WebPage\",\"@id\":\"https:\\\/\\\/radioljubuski.ba\\\/index.php\\\/2022\\\/04\\\/22\\\/patrijarh-porfirije-molimo-za-mir-rat-je-sramota-svakog-covjeka\\\/\",\"url\":\"https:\\\/\\\/radioljubuski.ba\\\/index.php\\\/2022\\\/04\\\/22\\\/patrijarh-porfirije-molimo-za-mir-rat-je-sramota-svakog-covjeka\\\/\",\"name\":\"Patrijarh Porfirije: Molimo za mir, rat je sramota svakog \u010dovjeka - RADIO LJUBU\u0160KI\",\"isPartOf\":{\"@id\":\"https:\\\/\\\/radioljubuski.ba\\\/#website\"},\"primaryImageOfPage\":{\"@id\":\"https:\\\/\\\/radioljubuski.ba\\\/index.php\\\/2022\\\/04\\\/22\\\/patrijarh-porfirije-molimo-za-mir-rat-je-sramota-svakog-covjeka\\\/#primaryimage\"},\"image\":{\"@id\":\"https:\\\/\\\/radioljubuski.ba\\\/index.php\\\/2022\\\/04\\\/22\\\/patrijarh-porfirije-molimo-za-mir-rat-je-sramota-svakog-covjeka\\\/#primaryimage\"},\"thumbnailUrl\":\"https:\\\/\\\/radioljubuski.ba\\\/wp-content\\\/uploads\\\/2022\\\/04\\\/3-2022-04-22-11-55-22-l_fbd39e377c15af7695d14cf98cfff5d0.jpg\",\"datePublished\":\"2022-04-22T13:32:29+00:00\",\"dateModified\":\"2022-04-22T13:32:30+00:00\",\"breadcrumb\":{\"@id\":\"https:\\\/\\\/radioljubuski.ba\\\/index.php\\\/2022\\\/04\\\/22\\\/patrijarh-porfirije-molimo-za-mir-rat-je-sramota-svakog-covjeka\\\/#breadcrumb\"},\"inLanguage\":\"hr\",\"potentialAction\":[{\"@type\":\"ReadAction\",\"target\":[\"https:\\\/\\\/radioljubuski.ba\\\/index.php\\\/2022\\\/04\\\/22\\\/patrijarh-porfirije-molimo-za-mir-rat-je-sramota-svakog-covjeka\\\/\"]}]},{\"@type\":\"ImageObject\",\"inLanguage\":\"hr\",\"@id\":\"https:\\\/\\\/radioljubuski.ba\\\/index.php\\\/2022\\\/04\\\/22\\\/patrijarh-porfirije-molimo-za-mir-rat-je-sramota-svakog-covjeka\\\/#primaryimage\",\"url\":\"https:\\\/\\\/radioljubuski.ba\\\/wp-content\\\/uploads\\\/2022\\\/04\\\/3-2022-04-22-11-55-22-l_fbd39e377c15af7695d14cf98cfff5d0.jpg\",\"contentUrl\":\"https:\\\/\\\/radioljubuski.ba\\\/wp-content\\\/uploads\\\/2022\\\/04\\\/3-2022-04-22-11-55-22-l_fbd39e377c15af7695d14cf98cfff5d0.jpg\",\"width\":1000,\"height\":625},{\"@type\":\"BreadcrumbList\",\"@id\":\"https:\\\/\\\/radioljubuski.ba\\\/index.php\\\/2022\\\/04\\\/22\\\/patrijarh-porfirije-molimo-za-mir-rat-je-sramota-svakog-covjeka\\\/#breadcrumb\",\"itemListElement\":[{\"@type\":\"ListItem\",\"position\":1,\"name\":\"Po\u010detna stranica\",\"item\":\"https:\\\/\\\/radioljubuski.ba\\\/\"},{\"@type\":\"ListItem\",\"position\":2,\"name\":\"Patrijarh Porfirije: Molimo za mir, rat je sramota svakog \u010dovjeka\"}]},{\"@type\":\"WebSite\",\"@id\":\"https:\\\/\\\/radioljubuski.ba\\\/#website\",\"url\":\"https:\\\/\\\/radioljubuski.ba\\\/\",\"name\":\"Radio Ljubu\u0161ki\",\"description\":\"Sun\u010dana frekvencija Hercegovine\",\"publisher\":{\"@id\":\"https:\\\/\\\/radioljubuski.ba\\\/#organization\"},\"potentialAction\":[{\"@type\":\"SearchAction\",\"target\":{\"@type\":\"EntryPoint\",\"urlTemplate\":\"https:\\\/\\\/radioljubuski.ba\\\/?s={search_term_string}\"},\"query-input\":{\"@type\":\"PropertyValueSpecification\",\"valueRequired\":true,\"valueName\":\"search_term_string\"}}],\"inLanguage\":\"hr\"},{\"@type\":\"Organization\",\"@id\":\"https:\\\/\\\/radioljubuski.ba\\\/#organization\",\"name\":\"Radio Ljubu\u0161ki\",\"url\":\"https:\\\/\\\/radioljubuski.ba\\\/\",\"logo\":{\"@type\":\"ImageObject\",\"inLanguage\":\"hr\",\"@id\":\"https:\\\/\\\/radioljubuski.ba\\\/#\\\/schema\\\/logo\\\/image\\\/\",\"url\":\"https:\\\/\\\/radioljubuski.ba\\\/wp-content\\\/uploads\\\/2021\\\/02\\\/cropped-Radio_Ljubuski_logo1.jpg\",\"contentUrl\":\"https:\\\/\\\/radioljubuski.ba\\\/wp-content\\\/uploads\\\/2021\\\/02\\\/cropped-Radio_Ljubuski_logo1.jpg\",\"width\":512,\"height\":512,\"caption\":\"Radio Ljubu\u0161ki\"},\"image\":{\"@id\":\"https:\\\/\\\/radioljubuski.ba\\\/#\\\/schema\\\/logo\\\/image\\\/\"},\"sameAs\":[\"https:\\\/\\\/www.facebook.com\\\/Radiio-Ljubuski-1490835324566332\",\"https:\\\/\\\/x.com\\\/radioljubuski\",\"https:\\\/\\\/hr.linkedin.com\\\/company\\\/radio-ljubuski\",\"https:\\\/\\\/www.youtube.com\\\/channel\\\/UCHYaeO_n0Db3tjNGudGpXyw\"]},{\"@type\":\"Person\",\"@id\":\"https:\\\/\\\/radioljubuski.ba\\\/#\\\/schema\\\/person\\\/19fc700381a780f69665d7956c469e3b\",\"name\":\"Radio Ljubu\u0161ki\"}]}<\/script>\n<!-- \/ Yoast SEO plugin. -->","yoast_head_json":{"title":"Patrijarh Porfirije: Molimo za mir, rat je sramota svakog \u010dovjeka - RADIO LJUBU\u0160KI","robots":{"index":"index","follow":"follow","max-snippet":"max-snippet:-1","max-image-preview":"max-image-preview:large","max-video-preview":"max-video-preview:-1"},"canonical":"https:\/\/radioljubuski.ba\/index.php\/2022\/04\/22\/patrijarh-porfirije-molimo-za-mir-rat-je-sramota-svakog-covjeka\/","og_locale":"hr_HR","og_type":"article","og_title":"Patrijarh Porfirije: Molimo za mir, rat je sramota svakog \u010dovjeka - RADIO LJUBU\u0160KI","og_description":"Poglavar Srpske Pravoslavne Crkve (SPC) patrijarh Porfirije poru\u010dio je u petak u Uskrsnoj poslanici da je rat poraz i sramota svakog \u010dovjeka&nbsp;i pozvao je na molitvu kako bi se u Ukrajini \u0161to prije i bezuvjetno uspostavio mir. &#8220;Svaki rat, bilo gdje i bilo kada, proizvodi samo gubitnike i poraz je ljudskog dostojanstva, poraz je i [&hellip;]","og_url":"https:\/\/radioljubuski.ba\/index.php\/2022\/04\/22\/patrijarh-porfirije-molimo-za-mir-rat-je-sramota-svakog-covjeka\/","og_site_name":"RADIO LJUBU\u0160KI","article_publisher":"https:\/\/www.facebook.com\/Radiio-Ljubuski-1490835324566332","article_published_time":"2022-04-22T13:32:29+00:00","article_modified_time":"2022-04-22T13:32:30+00:00","og_image":[{"width":1000,"height":625,"url":"https:\/\/radioljubuski.ba\/wp-content\/uploads\/2022\/04\/3-2022-04-22-11-55-22-l_fbd39e377c15af7695d14cf98cfff5d0.jpg","type":"image\/jpeg"}],"author":"Radio Ljubu\u0161ki","twitter_card":"summary_large_image","twitter_creator":"@radioljubuski","twitter_site":"@radioljubuski","twitter_misc":{"Napisao\/la":"Radio Ljubu\u0161ki","Procijenjeno vrijeme \u010ditanja":"1 minuta"},"schema":{"@context":"https:\/\/schema.org","@graph":[{"@type":"Article","@id":"https:\/\/radioljubuski.ba\/index.php\/2022\/04\/22\/patrijarh-porfirije-molimo-za-mir-rat-je-sramota-svakog-covjeka\/#article","isPartOf":{"@id":"https:\/\/radioljubuski.ba\/index.php\/2022\/04\/22\/patrijarh-porfirije-molimo-za-mir-rat-je-sramota-svakog-covjeka\/"},"author":{"name":"Radio Ljubu\u0161ki","@id":"https:\/\/radioljubuski.ba\/#\/schema\/person\/19fc700381a780f69665d7956c469e3b"},"headline":"Patrijarh Porfirije: Molimo za mir, rat je sramota svakog \u010dovjeka","datePublished":"2022-04-22T13:32:29+00:00","dateModified":"2022-04-22T13:32:30+00:00","mainEntityOfPage":{"@id":"https:\/\/radioljubuski.ba\/index.php\/2022\/04\/22\/patrijarh-porfirije-molimo-za-mir-rat-je-sramota-svakog-covjeka\/"},"wordCount":220,"publisher":{"@id":"https:\/\/radioljubuski.ba\/#organization"},"image":{"@id":"https:\/\/radioljubuski.ba\/index.php\/2022\/04\/22\/patrijarh-porfirije-molimo-za-mir-rat-je-sramota-svakog-covjeka\/#primaryimage"},"thumbnailUrl":"https:\/\/radioljubuski.ba\/wp-content\/uploads\/2022\/04\/3-2022-04-22-11-55-22-l_fbd39e377c15af7695d14cf98cfff5d0.jpg","articleSection":["BIH i regija"],"inLanguage":"hr"},{"@type":"WebPage","@id":"https:\/\/radioljubuski.ba\/index.php\/2022\/04\/22\/patrijarh-porfirije-molimo-za-mir-rat-je-sramota-svakog-covjeka\/","url":"https:\/\/radioljubuski.ba\/index.php\/2022\/04\/22\/patrijarh-porfirije-molimo-za-mir-rat-je-sramota-svakog-covjeka\/","name":"Patrijarh Porfirije: Molimo za mir, rat je sramota svakog \u010dovjeka - RADIO LJUBU\u0160KI","isPartOf":{"@id":"https:\/\/radioljubuski.ba\/#website"},"primaryImageOfPage":{"@id":"https:\/\/radioljubuski.ba\/index.php\/2022\/04\/22\/patrijarh-porfirije-molimo-za-mir-rat-je-sramota-svakog-covjeka\/#primaryimage"},"image":{"@id":"https:\/\/radioljubuski.ba\/index.php\/2022\/04\/22\/patrijarh-porfirije-molimo-za-mir-rat-je-sramota-svakog-covjeka\/#primaryimage"},"thumbnailUrl":"https:\/\/radioljubuski.ba\/wp-content\/uploads\/2022\/04\/3-2022-04-22-11-55-22-l_fbd39e377c15af7695d14cf98cfff5d0.jpg","datePublished":"2022-04-22T13:32:29+00:00","dateModified":"2022-04-22T13:32:30+00:00","breadcrumb":{"@id":"https:\/\/radioljubuski.ba\/index.php\/2022\/04\/22\/patrijarh-porfirije-molimo-za-mir-rat-je-sramota-svakog-covjeka\/#breadcrumb"},"inLanguage":"hr","potentialAction":[{"@type":"ReadAction","target":["https:\/\/radioljubuski.ba\/index.php\/2022\/04\/22\/patrijarh-porfirije-molimo-za-mir-rat-je-sramota-svakog-covjeka\/"]}]},{"@type":"ImageObject","inLanguage":"hr","@id":"https:\/\/radioljubuski.ba\/index.php\/2022\/04\/22\/patrijarh-porfirije-molimo-za-mir-rat-je-sramota-svakog-covjeka\/#primaryimage","url":"https:\/\/radioljubuski.ba\/wp-content\/uploads\/2022\/04\/3-2022-04-22-11-55-22-l_fbd39e377c15af7695d14cf98cfff5d0.jpg","contentUrl":"https:\/\/radioljubuski.ba\/wp-content\/uploads\/2022\/04\/3-2022-04-22-11-55-22-l_fbd39e377c15af7695d14cf98cfff5d0.jpg","width":1000,"height":625},{"@type":"BreadcrumbList","@id":"https:\/\/radioljubuski.ba\/index.php\/2022\/04\/22\/patrijarh-porfirije-molimo-za-mir-rat-je-sramota-svakog-covjeka\/#breadcrumb","itemListElement":[{"@type":"ListItem","position":1,"name":"Po\u010detna stranica","item":"https:\/\/radioljubuski.ba\/"},{"@type":"ListItem","position":2,"name":"Patrijarh Porfirije: Molimo za mir, rat je sramota svakog \u010dovjeka"}]},{"@type":"WebSite","@id":"https:\/\/radioljubuski.ba\/#website","url":"https:\/\/radioljubuski.ba\/","name":"Radio Ljubu\u0161ki","description":"Sun\u010dana frekvencija Hercegovine","publisher":{"@id":"https:\/\/radioljubuski.ba\/#organization"},"potentialAction":[{"@type":"SearchAction","target":{"@type":"EntryPoint","urlTemplate":"https:\/\/radioljubuski.ba\/?s={search_term_string}"},"query-input":{"@type":"PropertyValueSpecification","valueRequired":true,"valueName":"search_term_string"}}],"inLanguage":"hr"},{"@type":"Organization","@id":"https:\/\/radioljubuski.ba\/#organization","name":"Radio Ljubu\u0161ki","url":"https:\/\/radioljubuski.ba\/","logo":{"@type":"ImageObject","inLanguage":"hr","@id":"https:\/\/radioljubuski.ba\/#\/schema\/logo\/image\/","url":"https:\/\/radioljubuski.ba\/wp-content\/uploads\/2021\/02\/cropped-Radio_Ljubuski_logo1.jpg","contentUrl":"https:\/\/radioljubuski.ba\/wp-content\/uploads\/2021\/02\/cropped-Radio_Ljubuski_logo1.jpg","width":512,"height":512,"caption":"Radio Ljubu\u0161ki"},"image":{"@id":"https:\/\/radioljubuski.ba\/#\/schema\/logo\/image\/"},"sameAs":["https:\/\/www.facebook.com\/Radiio-Ljubuski-1490835324566332","https:\/\/x.com\/radioljubuski","https:\/\/hr.linkedin.com\/company\/radio-ljubuski","https:\/\/www.youtube.com\/channel\/UCHYaeO_n0Db3tjNGudGpXyw"]},{"@type":"Person","@id":"https:\/\/radioljubuski.ba\/#\/schema\/person\/19fc700381a780f69665d7956c469e3b","name":"Radio Ljubu\u0161ki"}]}},"_links":{"self":[{"href":"https:\/\/radioljubuski.ba\/index.php\/wp-json\/wp\/v2\/posts\/135263","targetHints":{"allow":["GET"]}}],"collection":[{"href":"https:\/\/radioljubuski.ba\/index.php\/wp-json\/wp\/v2\/posts"}],"about":[{"href":"https:\/\/radioljubuski.ba\/index.php\/wp-json\/wp\/v2\/types\/post"}],"author":[{"embeddable":true,"href":"https:\/\/radioljubuski.ba\/index.php\/wp-json\/wp\/v2\/users\/2"}],"replies":[{"embeddable":true,"href":"https:\/\/radioljubuski.ba\/index.php\/wp-json\/wp\/v2\/comments?post=135263"}],"version-history":[{"count":1,"href":"https:\/\/radioljubuski.ba\/index.php\/wp-json\/wp\/v2\/posts\/135263\/revisions"}],"predecessor-version":[{"id":135265,"href":"https:\/\/radioljubuski.ba\/index.php\/wp-json\/wp\/v2\/posts\/135263\/revisions\/135265"}],"wp:featuredmedia":[{"embeddable":true,"href":"https:\/\/radioljubuski.ba\/index.php\/wp-json\/wp\/v2\/media\/135264"}],"wp:attachment":[{"href":"https:\/\/radioljubuski.ba\/index.php\/wp-json\/wp\/v2\/media?parent=135263"}],"wp:term":[{"taxonomy":"category","embeddable":true,"href":"https:\/\/radioljubuski.ba\/index.php\/wp-json\/wp\/v2\/categories?post=135263"},{"taxonomy":"post_tag","embeddable":true,"href":"https:\/\/radioljubuski.ba\/index.php\/wp-json\/wp\/v2\/tags?post=135263"}],"curies":[{"name":"wp","href":"https:\/\/api.w.org\/{rel}","templated":true}]}}