{"id":135300,"date":"2022-04-22T16:45:01","date_gmt":"2022-04-22T15:45:01","guid":{"rendered":"https:\/\/radioljubuski.ba\/?p=135300"},"modified":"2022-04-22T16:45:03","modified_gmt":"2022-04-22T15:45:03","slug":"zenicanin-pobjegao-iz-mariupolja-sve-je-sruseno-ili-izgorjelo-gdje-god-pogledas-mrtvi-ljudi","status":"publish","type":"post","link":"https:\/\/radioljubuski.ba\/index.php\/2022\/04\/22\/zenicanin-pobjegao-iz-mariupolja-sve-je-sruseno-ili-izgorjelo-gdje-god-pogledas-mrtvi-ljudi\/","title":{"rendered":"Zeni\u010danin pobjegao iz Mariupolja: Sve je sru\u0161eno ili izgorjelo, gdje god pogleda\u0161 mrtvi ljudi"},"content":{"rendered":"\n<p><strong>Varilac iz BiH Bahrudin Deli\u0107 je za Federalnu televiziju ispri\u010dao kako je izgledao \u017eivot u ukrajinskom opkoljenom gradu Mariupolju.<\/strong><\/p>\n\n\n\n<iframe loading=\"lazy\" src=\"https:\/\/www.facebook.com\/plugins\/post.php?href=https%3A%2F%2Fwww.facebook.com%2Ffederalna%2Fposts%2F5762622487086505&#038;show_text=true&#038;width=500\" width=\"500\" height=\"593\" style=\"border:none;overflow:hidden\" scrolling=\"no\" frameborder=\"0\" allowfullscreen=\"true\" allow=\"autoplay; clipboard-write; encrypted-media; picture-in-picture; web-share\"><\/iframe>\n\n\n\n<p>Rodom iz Zenice, neko je vrijeme \u017eivio u Ukrajini. Posljednje dane u toj zemlji proveo je u Mariupolju sa svojom obitelji. Boravio je u podrumu jedne zgrade s k\u0107eri i suprugom te njenim roditeljima invalidima.<\/p>\n\n\n\n<p>Pre\u017eivljavali su, ka\u017ee, od ri\u017ee na vodi. Izlazili su u rijetkim prekidima granatiranja kako bi potra\u017eili ne\u0161to hrane. Nakon 38 dana ratnog pakla, uspio je pobje\u0107i iz poru\u0161enog Mariupolja i vratiti se u rodnu Koprivnu, ali sam, bez obitelji.<\/p>\n\n\n\n<p><strong>\u201cNema vi\u0161e nijedne \u010ditave zgrade, ulice. Sve je sru\u0161eno ili je izgorjelo\u201d<\/strong><\/p>\n\n\n\n<p>\u201cGrada nema, potpuno je sru\u0161en. Nema vi\u0161e ni jedne \u010ditave zgrade, ulice. Sve je sru\u0161eno ili je izgorjelo. Znali smo na\u0107i ne\u0161to \u010daja, malo ri\u017ee. Na\u0161li smo ne\u0161to zrna kave u sme\u0107u, sva\u0161ta se na\u0111e. Imali smo dovoljno \u010daja za godinu dana, ali nismo imali vode, \u0161to je najgore\u201d, ispri\u010dao je Deli\u0107&nbsp;<a href=\"https:\/\/federalna.ba\/iz-pakla-mariupolja-nakon-38-dana-stigao-u-rodnu-zenicu-vlmtm\" target=\"_blank\" rel=\"noreferrer noopener\">Federalnoj televiziji.<\/a><\/p>\n\n\n\n<p>\u201cPrije sam imao 86-87 kilograma. Mislim da sada nemam vi\u0161e od 62 ili 63 kile. Slab sam, prekju\u010der sam imao temperaturu 40.8\u201d, dodao je.<\/p>\n\n\n\n<p><strong>\u201cGdje god pogleda\u0161, mrtvi ljudi\u201d<\/strong><\/p>\n\n\n\n<p>Deli\u0107 je ispri\u010dao kako je izgledao njegov posljednji dan u Mariupolju, iz kojeg je uspio s obitelji pobje\u0107i na teritorij Rusije.<\/p>\n\n\n\n<p>\u201cTo je bio kaos. Tog su dana granatirali s jedne, s druge strane. Nisi mogao otvoriti o\u010di. I to sve iznad na\u0161ih glava. To \u0161to sam vidio za tih 38 dana, nisam vidio nigdje. Iza\u0111em iz stana \u2013 le\u017ei mrtav \u010dovjek. Do\u0111em do drugog ulaza \u2013 drugi mrtav \u010dovjek. Gdje god pogleda\u0161, mrtvi ljudi. Ne bih se mije\u0161ao u politiku, tko je kriv. Bio sam \u017eivi \u0161tit i jednima i drugima, i takvih je bilo tisu\u0107ee\u201d, kazao je Deli\u0107.<\/p>\n\n\n\n<p>Uspio se vratiti u Koprivnu uz pomo\u0107 rodbine iz Njema\u010dke. Oni su njemu i k\u0107eri kupili avionske karte do Sarajeva. Njegova k\u0107i lije\u010dnica oti\u0161la je u Njema\u010dku, a supruga je s roditeljima ostala u Rusiji.<\/p>\n\n\n\n<p><strong>Ne planira se vratiti u Ukrajinu<\/strong><\/p>\n\n\n\n<p>Sada radi na tome da ponovno okupi obitelj. Ne namjerava se vratiti u Ukrajinu, ali ni ostati u Bosni i Hercegovini.<\/p>\n\n\n\n<p>\u201cNadam se da \u0107u za mjesec-dva biti s obitelji u Njema\u010dkoj, da \u0107e do tada k\u0107er nabaviti potrebne dokumente\u201d, rekao je.<\/p>\n\n\n\n<p>\u0160to se ti\u010de rata, kazao je da je svakom \u010dovjeku potreban mir te se osvrnuo na doma\u0107e politi\u010dare.<\/p>\n\n\n\n<p>\u201cNeka \u010duvaju mir, to je najva\u017enije, a sve ostalo \u0107e biti. Tko god navla\u010di na rat, njih treba sve potrpati u zatvor. Jednom su nas ugurali u rat, vidim kako ho\u0107e opet, to sve treba pozatvarati!\u201d smatra Deli\u0107.<\/p>\n\n\n\n<p>\/HMS\/<\/p>\n","protected":false},"excerpt":{"rendered":"<p>Varilac iz BiH Bahrudin Deli\u0107 je za Federalnu televiziju ispri\u010dao kako je izgledao \u017eivot u ukrajinskom opkoljenom gradu Mariupolju. Rodom iz Zenice, neko je vrijeme \u017eivio u Ukrajini. Posljednje dane u toj zemlji proveo je u Mariupolju sa svojom obitelji. Boravio je u podrumu jedne zgrade s k\u0107eri i suprugom te njenim roditeljima invalidima. Pre\u017eivljavali [&hellip;]<\/p>\n","protected":false},"author":2,"featured_media":135301,"comment_status":"closed","ping_status":"closed","sticky":false,"template":"","format":"standard","meta":{"h5ap_radio_sources":[],"footnotes":""},"categories":[1],"tags":[],"class_list":["post-135300","post","type-post","status-publish","format-standard","has-post-thumbnail","hentry","category-bihiregija"],"yoast_head":"<!-- This site is optimized with the Yoast SEO plugin v27.4 - https:\/\/yoast.com\/product\/yoast-seo-wordpress\/ -->\n<title>Zeni\u010danin pobjegao iz Mariupolja: Sve je sru\u0161eno ili izgorjelo, gdje god pogleda\u0161 mrtvi ljudi - RADIO LJUBU\u0160KI<\/title>\n<meta name=\"robots\" content=\"index, follow, max-snippet:-1, max-image-preview:large, max-video-preview:-1\" \/>\n<link rel=\"canonical\" href=\"https:\/\/radioljubuski.ba\/index.php\/2022\/04\/22\/zenicanin-pobjegao-iz-mariupolja-sve-je-sruseno-ili-izgorjelo-gdje-god-pogledas-mrtvi-ljudi\/\" \/>\n<meta property=\"og:locale\" content=\"hr_HR\" \/>\n<meta property=\"og:type\" content=\"article\" \/>\n<meta property=\"og:title\" content=\"Zeni\u010danin pobjegao iz Mariupolja: Sve je sru\u0161eno ili izgorjelo, gdje god pogleda\u0161 mrtvi ljudi - RADIO LJUBU\u0160KI\" \/>\n<meta property=\"og:description\" content=\"Varilac iz BiH Bahrudin Deli\u0107 je za Federalnu televiziju ispri\u010dao kako je izgledao \u017eivot u ukrajinskom opkoljenom gradu Mariupolju. Rodom iz Zenice, neko je vrijeme \u017eivio u Ukrajini. Posljednje dane u toj zemlji proveo je u Mariupolju sa svojom obitelji. Boravio je u podrumu jedne zgrade s k\u0107eri i suprugom te njenim roditeljima invalidima. Pre\u017eivljavali [&hellip;]\" \/>\n<meta property=\"og:url\" content=\"https:\/\/radioljubuski.ba\/index.php\/2022\/04\/22\/zenicanin-pobjegao-iz-mariupolja-sve-je-sruseno-ili-izgorjelo-gdje-god-pogledas-mrtvi-ljudi\/\" \/>\n<meta property=\"og:site_name\" content=\"RADIO LJUBU\u0160KI\" \/>\n<meta property=\"article:publisher\" content=\"https:\/\/www.facebook.com\/Radiio-Ljubuski-1490835324566332\" \/>\n<meta property=\"article:published_time\" content=\"2022-04-22T15:45:01+00:00\" \/>\n<meta property=\"article:modified_time\" content=\"2022-04-22T15:45:03+00:00\" \/>\n<meta property=\"og:image\" content=\"https:\/\/radioljubuski.ba\/wp-content\/uploads\/2022\/04\/zenicanin-mariupolj.jpg\" \/>\n\t<meta property=\"og:image:width\" content=\"765\" \/>\n\t<meta property=\"og:image:height\" content=\"433\" \/>\n\t<meta property=\"og:image:type\" content=\"image\/jpeg\" \/>\n<meta name=\"author\" content=\"Radio Ljubu\u0161ki\" \/>\n<meta name=\"twitter:card\" content=\"summary_large_image\" \/>\n<meta name=\"twitter:creator\" content=\"@radioljubuski\" \/>\n<meta name=\"twitter:site\" content=\"@radioljubuski\" \/>\n<meta name=\"twitter:label1\" content=\"Napisao\/la\" \/>\n\t<meta name=\"twitter:data1\" content=\"Radio Ljubu\u0161ki\" \/>\n\t<meta name=\"twitter:label2\" content=\"Procijenjeno vrijeme \u010ditanja\" \/>\n\t<meta name=\"twitter:data2\" content=\"2 minute\" \/>\n<script type=\"application\/ld+json\" class=\"yoast-schema-graph\">{\"@context\":\"https:\\\/\\\/schema.org\",\"@graph\":[{\"@type\":\"Article\",\"@id\":\"https:\\\/\\\/radioljubuski.ba\\\/index.php\\\/2022\\\/04\\\/22\\\/zenicanin-pobjegao-iz-mariupolja-sve-je-sruseno-ili-izgorjelo-gdje-god-pogledas-mrtvi-ljudi\\\/#article\",\"isPartOf\":{\"@id\":\"https:\\\/\\\/radioljubuski.ba\\\/index.php\\\/2022\\\/04\\\/22\\\/zenicanin-pobjegao-iz-mariupolja-sve-je-sruseno-ili-izgorjelo-gdje-god-pogledas-mrtvi-ljudi\\\/\"},\"author\":{\"name\":\"Radio Ljubu\u0161ki\",\"@id\":\"https:\\\/\\\/radioljubuski.ba\\\/#\\\/schema\\\/person\\\/19fc700381a780f69665d7956c469e3b\"},\"headline\":\"Zeni\u010danin pobjegao iz Mariupolja: Sve je sru\u0161eno ili izgorjelo, gdje god pogleda\u0161 mrtvi ljudi\",\"datePublished\":\"2022-04-22T15:45:01+00:00\",\"dateModified\":\"2022-04-22T15:45:03+00:00\",\"mainEntityOfPage\":{\"@id\":\"https:\\\/\\\/radioljubuski.ba\\\/index.php\\\/2022\\\/04\\\/22\\\/zenicanin-pobjegao-iz-mariupolja-sve-je-sruseno-ili-izgorjelo-gdje-god-pogledas-mrtvi-ljudi\\\/\"},\"wordCount\":486,\"publisher\":{\"@id\":\"https:\\\/\\\/radioljubuski.ba\\\/#organization\"},\"image\":{\"@id\":\"https:\\\/\\\/radioljubuski.ba\\\/index.php\\\/2022\\\/04\\\/22\\\/zenicanin-pobjegao-iz-mariupolja-sve-je-sruseno-ili-izgorjelo-gdje-god-pogledas-mrtvi-ljudi\\\/#primaryimage\"},\"thumbnailUrl\":\"https:\\\/\\\/radioljubuski.ba\\\/wp-content\\\/uploads\\\/2022\\\/04\\\/zenicanin-mariupolj.jpg\",\"articleSection\":[\"BIH i regija\"],\"inLanguage\":\"hr\"},{\"@type\":\"WebPage\",\"@id\":\"https:\\\/\\\/radioljubuski.ba\\\/index.php\\\/2022\\\/04\\\/22\\\/zenicanin-pobjegao-iz-mariupolja-sve-je-sruseno-ili-izgorjelo-gdje-god-pogledas-mrtvi-ljudi\\\/\",\"url\":\"https:\\\/\\\/radioljubuski.ba\\\/index.php\\\/2022\\\/04\\\/22\\\/zenicanin-pobjegao-iz-mariupolja-sve-je-sruseno-ili-izgorjelo-gdje-god-pogledas-mrtvi-ljudi\\\/\",\"name\":\"Zeni\u010danin pobjegao iz Mariupolja: Sve je sru\u0161eno ili izgorjelo, gdje god pogleda\u0161 mrtvi ljudi - RADIO LJUBU\u0160KI\",\"isPartOf\":{\"@id\":\"https:\\\/\\\/radioljubuski.ba\\\/#website\"},\"primaryImageOfPage\":{\"@id\":\"https:\\\/\\\/radioljubuski.ba\\\/index.php\\\/2022\\\/04\\\/22\\\/zenicanin-pobjegao-iz-mariupolja-sve-je-sruseno-ili-izgorjelo-gdje-god-pogledas-mrtvi-ljudi\\\/#primaryimage\"},\"image\":{\"@id\":\"https:\\\/\\\/radioljubuski.ba\\\/index.php\\\/2022\\\/04\\\/22\\\/zenicanin-pobjegao-iz-mariupolja-sve-je-sruseno-ili-izgorjelo-gdje-god-pogledas-mrtvi-ljudi\\\/#primaryimage\"},\"thumbnailUrl\":\"https:\\\/\\\/radioljubuski.ba\\\/wp-content\\\/uploads\\\/2022\\\/04\\\/zenicanin-mariupolj.jpg\",\"datePublished\":\"2022-04-22T15:45:01+00:00\",\"dateModified\":\"2022-04-22T15:45:03+00:00\",\"breadcrumb\":{\"@id\":\"https:\\\/\\\/radioljubuski.ba\\\/index.php\\\/2022\\\/04\\\/22\\\/zenicanin-pobjegao-iz-mariupolja-sve-je-sruseno-ili-izgorjelo-gdje-god-pogledas-mrtvi-ljudi\\\/#breadcrumb\"},\"inLanguage\":\"hr\",\"potentialAction\":[{\"@type\":\"ReadAction\",\"target\":[\"https:\\\/\\\/radioljubuski.ba\\\/index.php\\\/2022\\\/04\\\/22\\\/zenicanin-pobjegao-iz-mariupolja-sve-je-sruseno-ili-izgorjelo-gdje-god-pogledas-mrtvi-ljudi\\\/\"]}]},{\"@type\":\"ImageObject\",\"inLanguage\":\"hr\",\"@id\":\"https:\\\/\\\/radioljubuski.ba\\\/index.php\\\/2022\\\/04\\\/22\\\/zenicanin-pobjegao-iz-mariupolja-sve-je-sruseno-ili-izgorjelo-gdje-god-pogledas-mrtvi-ljudi\\\/#primaryimage\",\"url\":\"https:\\\/\\\/radioljubuski.ba\\\/wp-content\\\/uploads\\\/2022\\\/04\\\/zenicanin-mariupolj.jpg\",\"contentUrl\":\"https:\\\/\\\/radioljubuski.ba\\\/wp-content\\\/uploads\\\/2022\\\/04\\\/zenicanin-mariupolj.jpg\",\"width\":765,\"height\":433},{\"@type\":\"BreadcrumbList\",\"@id\":\"https:\\\/\\\/radioljubuski.ba\\\/index.php\\\/2022\\\/04\\\/22\\\/zenicanin-pobjegao-iz-mariupolja-sve-je-sruseno-ili-izgorjelo-gdje-god-pogledas-mrtvi-ljudi\\\/#breadcrumb\",\"itemListElement\":[{\"@type\":\"ListItem\",\"position\":1,\"name\":\"Po\u010detna stranica\",\"item\":\"https:\\\/\\\/radioljubuski.ba\\\/\"},{\"@type\":\"ListItem\",\"position\":2,\"name\":\"Zeni\u010danin pobjegao iz Mariupolja: Sve je sru\u0161eno ili izgorjelo, gdje god pogleda\u0161 mrtvi ljudi\"}]},{\"@type\":\"WebSite\",\"@id\":\"https:\\\/\\\/radioljubuski.ba\\\/#website\",\"url\":\"https:\\\/\\\/radioljubuski.ba\\\/\",\"name\":\"Radio Ljubu\u0161ki\",\"description\":\"Sun\u010dana frekvencija Hercegovine\",\"publisher\":{\"@id\":\"https:\\\/\\\/radioljubuski.ba\\\/#organization\"},\"potentialAction\":[{\"@type\":\"SearchAction\",\"target\":{\"@type\":\"EntryPoint\",\"urlTemplate\":\"https:\\\/\\\/radioljubuski.ba\\\/?s={search_term_string}\"},\"query-input\":{\"@type\":\"PropertyValueSpecification\",\"valueRequired\":true,\"valueName\":\"search_term_string\"}}],\"inLanguage\":\"hr\"},{\"@type\":\"Organization\",\"@id\":\"https:\\\/\\\/radioljubuski.ba\\\/#organization\",\"name\":\"Radio Ljubu\u0161ki\",\"url\":\"https:\\\/\\\/radioljubuski.ba\\\/\",\"logo\":{\"@type\":\"ImageObject\",\"inLanguage\":\"hr\",\"@id\":\"https:\\\/\\\/radioljubuski.ba\\\/#\\\/schema\\\/logo\\\/image\\\/\",\"url\":\"https:\\\/\\\/radioljubuski.ba\\\/wp-content\\\/uploads\\\/2021\\\/02\\\/cropped-Radio_Ljubuski_logo1.jpg\",\"contentUrl\":\"https:\\\/\\\/radioljubuski.ba\\\/wp-content\\\/uploads\\\/2021\\\/02\\\/cropped-Radio_Ljubuski_logo1.jpg\",\"width\":512,\"height\":512,\"caption\":\"Radio Ljubu\u0161ki\"},\"image\":{\"@id\":\"https:\\\/\\\/radioljubuski.ba\\\/#\\\/schema\\\/logo\\\/image\\\/\"},\"sameAs\":[\"https:\\\/\\\/www.facebook.com\\\/Radiio-Ljubuski-1490835324566332\",\"https:\\\/\\\/x.com\\\/radioljubuski\",\"https:\\\/\\\/hr.linkedin.com\\\/company\\\/radio-ljubuski\",\"https:\\\/\\\/www.youtube.com\\\/channel\\\/UCHYaeO_n0Db3tjNGudGpXyw\"]},{\"@type\":\"Person\",\"@id\":\"https:\\\/\\\/radioljubuski.ba\\\/#\\\/schema\\\/person\\\/19fc700381a780f69665d7956c469e3b\",\"name\":\"Radio Ljubu\u0161ki\"}]}<\/script>\n<!-- \/ Yoast SEO plugin. -->","yoast_head_json":{"title":"Zeni\u010danin pobjegao iz Mariupolja: Sve je sru\u0161eno ili izgorjelo, gdje god pogleda\u0161 mrtvi ljudi - RADIO LJUBU\u0160KI","robots":{"index":"index","follow":"follow","max-snippet":"max-snippet:-1","max-image-preview":"max-image-preview:large","max-video-preview":"max-video-preview:-1"},"canonical":"https:\/\/radioljubuski.ba\/index.php\/2022\/04\/22\/zenicanin-pobjegao-iz-mariupolja-sve-je-sruseno-ili-izgorjelo-gdje-god-pogledas-mrtvi-ljudi\/","og_locale":"hr_HR","og_type":"article","og_title":"Zeni\u010danin pobjegao iz Mariupolja: Sve je sru\u0161eno ili izgorjelo, gdje god pogleda\u0161 mrtvi ljudi - RADIO LJUBU\u0160KI","og_description":"Varilac iz BiH Bahrudin Deli\u0107 je za Federalnu televiziju ispri\u010dao kako je izgledao \u017eivot u ukrajinskom opkoljenom gradu Mariupolju. Rodom iz Zenice, neko je vrijeme \u017eivio u Ukrajini. Posljednje dane u toj zemlji proveo je u Mariupolju sa svojom obitelji. Boravio je u podrumu jedne zgrade s k\u0107eri i suprugom te njenim roditeljima invalidima. Pre\u017eivljavali [&hellip;]","og_url":"https:\/\/radioljubuski.ba\/index.php\/2022\/04\/22\/zenicanin-pobjegao-iz-mariupolja-sve-je-sruseno-ili-izgorjelo-gdje-god-pogledas-mrtvi-ljudi\/","og_site_name":"RADIO LJUBU\u0160KI","article_publisher":"https:\/\/www.facebook.com\/Radiio-Ljubuski-1490835324566332","article_published_time":"2022-04-22T15:45:01+00:00","article_modified_time":"2022-04-22T15:45:03+00:00","og_image":[{"width":765,"height":433,"url":"https:\/\/radioljubuski.ba\/wp-content\/uploads\/2022\/04\/zenicanin-mariupolj.jpg","type":"image\/jpeg"}],"author":"Radio Ljubu\u0161ki","twitter_card":"summary_large_image","twitter_creator":"@radioljubuski","twitter_site":"@radioljubuski","twitter_misc":{"Napisao\/la":"Radio Ljubu\u0161ki","Procijenjeno vrijeme \u010ditanja":"2 minute"},"schema":{"@context":"https:\/\/schema.org","@graph":[{"@type":"Article","@id":"https:\/\/radioljubuski.ba\/index.php\/2022\/04\/22\/zenicanin-pobjegao-iz-mariupolja-sve-je-sruseno-ili-izgorjelo-gdje-god-pogledas-mrtvi-ljudi\/#article","isPartOf":{"@id":"https:\/\/radioljubuski.ba\/index.php\/2022\/04\/22\/zenicanin-pobjegao-iz-mariupolja-sve-je-sruseno-ili-izgorjelo-gdje-god-pogledas-mrtvi-ljudi\/"},"author":{"name":"Radio Ljubu\u0161ki","@id":"https:\/\/radioljubuski.ba\/#\/schema\/person\/19fc700381a780f69665d7956c469e3b"},"headline":"Zeni\u010danin pobjegao iz Mariupolja: Sve je sru\u0161eno ili izgorjelo, gdje god pogleda\u0161 mrtvi ljudi","datePublished":"2022-04-22T15:45:01+00:00","dateModified":"2022-04-22T15:45:03+00:00","mainEntityOfPage":{"@id":"https:\/\/radioljubuski.ba\/index.php\/2022\/04\/22\/zenicanin-pobjegao-iz-mariupolja-sve-je-sruseno-ili-izgorjelo-gdje-god-pogledas-mrtvi-ljudi\/"},"wordCount":486,"publisher":{"@id":"https:\/\/radioljubuski.ba\/#organization"},"image":{"@id":"https:\/\/radioljubuski.ba\/index.php\/2022\/04\/22\/zenicanin-pobjegao-iz-mariupolja-sve-je-sruseno-ili-izgorjelo-gdje-god-pogledas-mrtvi-ljudi\/#primaryimage"},"thumbnailUrl":"https:\/\/radioljubuski.ba\/wp-content\/uploads\/2022\/04\/zenicanin-mariupolj.jpg","articleSection":["BIH i regija"],"inLanguage":"hr"},{"@type":"WebPage","@id":"https:\/\/radioljubuski.ba\/index.php\/2022\/04\/22\/zenicanin-pobjegao-iz-mariupolja-sve-je-sruseno-ili-izgorjelo-gdje-god-pogledas-mrtvi-ljudi\/","url":"https:\/\/radioljubuski.ba\/index.php\/2022\/04\/22\/zenicanin-pobjegao-iz-mariupolja-sve-je-sruseno-ili-izgorjelo-gdje-god-pogledas-mrtvi-ljudi\/","name":"Zeni\u010danin pobjegao iz Mariupolja: Sve je sru\u0161eno ili izgorjelo, gdje god pogleda\u0161 mrtvi ljudi - RADIO LJUBU\u0160KI","isPartOf":{"@id":"https:\/\/radioljubuski.ba\/#website"},"primaryImageOfPage":{"@id":"https:\/\/radioljubuski.ba\/index.php\/2022\/04\/22\/zenicanin-pobjegao-iz-mariupolja-sve-je-sruseno-ili-izgorjelo-gdje-god-pogledas-mrtvi-ljudi\/#primaryimage"},"image":{"@id":"https:\/\/radioljubuski.ba\/index.php\/2022\/04\/22\/zenicanin-pobjegao-iz-mariupolja-sve-je-sruseno-ili-izgorjelo-gdje-god-pogledas-mrtvi-ljudi\/#primaryimage"},"thumbnailUrl":"https:\/\/radioljubuski.ba\/wp-content\/uploads\/2022\/04\/zenicanin-mariupolj.jpg","datePublished":"2022-04-22T15:45:01+00:00","dateModified":"2022-04-22T15:45:03+00:00","breadcrumb":{"@id":"https:\/\/radioljubuski.ba\/index.php\/2022\/04\/22\/zenicanin-pobjegao-iz-mariupolja-sve-je-sruseno-ili-izgorjelo-gdje-god-pogledas-mrtvi-ljudi\/#breadcrumb"},"inLanguage":"hr","potentialAction":[{"@type":"ReadAction","target":["https:\/\/radioljubuski.ba\/index.php\/2022\/04\/22\/zenicanin-pobjegao-iz-mariupolja-sve-je-sruseno-ili-izgorjelo-gdje-god-pogledas-mrtvi-ljudi\/"]}]},{"@type":"ImageObject","inLanguage":"hr","@id":"https:\/\/radioljubuski.ba\/index.php\/2022\/04\/22\/zenicanin-pobjegao-iz-mariupolja-sve-je-sruseno-ili-izgorjelo-gdje-god-pogledas-mrtvi-ljudi\/#primaryimage","url":"https:\/\/radioljubuski.ba\/wp-content\/uploads\/2022\/04\/zenicanin-mariupolj.jpg","contentUrl":"https:\/\/radioljubuski.ba\/wp-content\/uploads\/2022\/04\/zenicanin-mariupolj.jpg","width":765,"height":433},{"@type":"BreadcrumbList","@id":"https:\/\/radioljubuski.ba\/index.php\/2022\/04\/22\/zenicanin-pobjegao-iz-mariupolja-sve-je-sruseno-ili-izgorjelo-gdje-god-pogledas-mrtvi-ljudi\/#breadcrumb","itemListElement":[{"@type":"ListItem","position":1,"name":"Po\u010detna stranica","item":"https:\/\/radioljubuski.ba\/"},{"@type":"ListItem","position":2,"name":"Zeni\u010danin pobjegao iz Mariupolja: Sve je sru\u0161eno ili izgorjelo, gdje god pogleda\u0161 mrtvi ljudi"}]},{"@type":"WebSite","@id":"https:\/\/radioljubuski.ba\/#website","url":"https:\/\/radioljubuski.ba\/","name":"Radio Ljubu\u0161ki","description":"Sun\u010dana frekvencija Hercegovine","publisher":{"@id":"https:\/\/radioljubuski.ba\/#organization"},"potentialAction":[{"@type":"SearchAction","target":{"@type":"EntryPoint","urlTemplate":"https:\/\/radioljubuski.ba\/?s={search_term_string}"},"query-input":{"@type":"PropertyValueSpecification","valueRequired":true,"valueName":"search_term_string"}}],"inLanguage":"hr"},{"@type":"Organization","@id":"https:\/\/radioljubuski.ba\/#organization","name":"Radio Ljubu\u0161ki","url":"https:\/\/radioljubuski.ba\/","logo":{"@type":"ImageObject","inLanguage":"hr","@id":"https:\/\/radioljubuski.ba\/#\/schema\/logo\/image\/","url":"https:\/\/radioljubuski.ba\/wp-content\/uploads\/2021\/02\/cropped-Radio_Ljubuski_logo1.jpg","contentUrl":"https:\/\/radioljubuski.ba\/wp-content\/uploads\/2021\/02\/cropped-Radio_Ljubuski_logo1.jpg","width":512,"height":512,"caption":"Radio Ljubu\u0161ki"},"image":{"@id":"https:\/\/radioljubuski.ba\/#\/schema\/logo\/image\/"},"sameAs":["https:\/\/www.facebook.com\/Radiio-Ljubuski-1490835324566332","https:\/\/x.com\/radioljubuski","https:\/\/hr.linkedin.com\/company\/radio-ljubuski","https:\/\/www.youtube.com\/channel\/UCHYaeO_n0Db3tjNGudGpXyw"]},{"@type":"Person","@id":"https:\/\/radioljubuski.ba\/#\/schema\/person\/19fc700381a780f69665d7956c469e3b","name":"Radio Ljubu\u0161ki"}]}},"_links":{"self":[{"href":"https:\/\/radioljubuski.ba\/index.php\/wp-json\/wp\/v2\/posts\/135300","targetHints":{"allow":["GET"]}}],"collection":[{"href":"https:\/\/radioljubuski.ba\/index.php\/wp-json\/wp\/v2\/posts"}],"about":[{"href":"https:\/\/radioljubuski.ba\/index.php\/wp-json\/wp\/v2\/types\/post"}],"author":[{"embeddable":true,"href":"https:\/\/radioljubuski.ba\/index.php\/wp-json\/wp\/v2\/users\/2"}],"replies":[{"embeddable":true,"href":"https:\/\/radioljubuski.ba\/index.php\/wp-json\/wp\/v2\/comments?post=135300"}],"version-history":[{"count":1,"href":"https:\/\/radioljubuski.ba\/index.php\/wp-json\/wp\/v2\/posts\/135300\/revisions"}],"predecessor-version":[{"id":135302,"href":"https:\/\/radioljubuski.ba\/index.php\/wp-json\/wp\/v2\/posts\/135300\/revisions\/135302"}],"wp:featuredmedia":[{"embeddable":true,"href":"https:\/\/radioljubuski.ba\/index.php\/wp-json\/wp\/v2\/media\/135301"}],"wp:attachment":[{"href":"https:\/\/radioljubuski.ba\/index.php\/wp-json\/wp\/v2\/media?parent=135300"}],"wp:term":[{"taxonomy":"category","embeddable":true,"href":"https:\/\/radioljubuski.ba\/index.php\/wp-json\/wp\/v2\/categories?post=135300"},{"taxonomy":"post_tag","embeddable":true,"href":"https:\/\/radioljubuski.ba\/index.php\/wp-json\/wp\/v2\/tags?post=135300"}],"curies":[{"name":"wp","href":"https:\/\/api.w.org\/{rel}","templated":true}]}}