{"id":135303,"date":"2022-04-22T16:49:47","date_gmt":"2022-04-22T15:49:47","guid":{"rendered":"https:\/\/radioljubuski.ba\/?p=135303"},"modified":"2022-04-22T16:49:48","modified_gmt":"2022-04-22T15:49:48","slug":"klub-hrvata-parlamentu-bih-dostavio-prijedlog-izmjena-izbornog-zakona-evo-kako-bi-se-birali-clanovi-predsjednistva-bih-i-domova-naroda","status":"publish","type":"post","link":"https:\/\/radioljubuski.ba\/index.php\/2022\/04\/22\/klub-hrvata-parlamentu-bih-dostavio-prijedlog-izmjena-izbornog-zakona-evo-kako-bi-se-birali-clanovi-predsjednistva-bih-i-domova-naroda\/","title":{"rendered":"Klub Hrvata Parlamentu BiH dostavio prijedlog izmjena Izbornog zakona, evo kako bi se birali \u010dlanovi Predsjedni\u0161tva BiH i domova naroda"},"content":{"rendered":"\n<p><strong>Izaslanici hrvatskog naroda u Domu naroda Parlamenta BiH Dragan \u010covi\u0107, Lidija Bradara, Bari\u0161a \u010colak i Marina Pende\u0161 uputili su parlamentarnu proceduru izmjene i dopune Izbornog zakona. Predlo\u017eeno je da se zakon razmatra po hitnoj proceduri, javlja Hrvatski Medijski Servis.<\/strong><\/p>\n\n\n\n<p><strong>Izbor \u010dlanova Predsjedni\u0161tva BiH<\/strong><\/p>\n\n\n\n<p>Predlo\u017een je sljede\u0107i na\u010din izbora \u010dlanova Predsjedni\u0161tva BiH:<\/p>\n\n\n\n<p>\u010clanove Predsjedni\u0161tva BiH, koji se neposredno biraju s teritorija FBiH \u2013 jednog Bo\u0161njaka i jednog Hrvata \u2013 biraju bira\u010di upisani u sredi\u0161nji bira\u010dki popis za glasovanje u FBiH. Bira\u010d upisan u sredi\u0161nji bira\u010dki popis za glasovanje u FBiH mo\u017ee glasati ili za Bo\u0161njaka ili za Hrvata, ali ne za oba. Svi kandidati Bo\u0161njaci \u010dine listu bo\u0161nja\u010dkih kandidata. Izabran je bo\u0161nja\u010dki kandidat koji dobije najve\u0107i broj glasova me\u0111u bo\u0161nja\u010dkim kandidatima u FBiH. Svi kandidati Hrvati \u010dine listu hrvatskih kandidata s koje je izabran kandidat ako:<\/p>\n\n\n\n<p>\u2013 Dobije najve\u0107i ukupan broj glasova me\u0111u hrvatskim kandidatima u FBiH uz uvjet da je taj kandidat osvojio najve\u0107i broj glasova me\u0111u hrvatskim kandidatima u najmanje tri od pet \u017eupanija, i to: Hercegova\u010dko-neretvanskoj, Srednjobosanskoj, Zapadnohercegova\u010dkoj, Hercegbosanskoj i Posavskoj. Ukoliko kandidat koji je osvojio najve\u0107i broj glasova u FBiH ne zadovoljava navedeni uvjet, uzima se sljede\u0107i kandidat s liste hrvatskih kandidata po broju glasova i tako do kraja liste dok se ne prona\u0111e kandidat koji zadovoljava navedeni uvjet;<\/p>\n\n\n\n<p>\u2013 Ako hrvatski kandidat nije izabran sukladno odredbama stava 3. to\u010dka a) ovog \u010dlana, onda je izabran hrvatski kandidat koji dobije najve\u0107i ukupan broj glasova me\u0111u hrvatskim kandidatima u FBiH uz uvjet da je taj kandidat osvojio najve\u0107i broj glasova me\u0111u hrvatskim kandidatima u najmanje dvije od pet \u017eupanija, i to: Hercegova\u010dko-neretvanskoj, Srednjobosanskoj, Zapadnohercegova\u010dkoj, Hercegbosanskoj i Posavskoj. Ukoliko kandidat koji je osvojio najve\u0107i broj glasova u FBiH ne zadovoljava navedeni uvjet, uzima se sljede\u0107i kandidat s liste hrvatskih kandidata po broju glasova i tako do kraja liste dok se ne prona\u0111e kandidat koji zadovoljava navedeni uvjet;<\/p>\n\n\n\n<p>\u2013 Ukoliko hrvatski kandidat nije izabran sukladno odredbama stava 3. to\u010dka a) i b) ovog \u010dlana, onda je izabran hrvatski kandidat koji dobije najve\u0107i ukupan broj glasova me\u0111u hrvatskim kandidatima u FBiH uz uvjet da je taj kandidat osvojio najve\u0107i broj glasova me\u0111u hrvatskim kandidatima u najmanje jednoj od pet \u017eupanija, i to: Hercegova\u010dko-neretvanskoj, Srednjobosanskoj, Zapadnohercegova\u010dkoj, Hercegbosanskoj i Posavskoj. Ukoliko kandidat koji je osvojio najve\u0107i broj glasova u FBiH ne zadovoljava navedeni uvjet, uzima se sljede\u0107i kandidat s liste hrvatskih kandidata po broju glasova i tako do kraja liste dok se ne prona\u0111e kandidat koji zadovoljava navedeni uvjet.<\/p>\n\n\n\n<p><strong>Izbor izaslanika u domove naroda<\/strong><\/p>\n\n\n\n<p>Obrazlo\u017eeno je i kako bi se trebali birati izaslanici u domovima naroda.<\/p>\n\n\n\n<p>\u2013 Broj izaslanika iz svakog konstitutivnog naroda i iz reda ostalih, koji se biraju u Dom naroda Parlamenta Federacije Bosne i Hercegovine iz zakonodavnog tijela svake \u017eupanije proporcionalan je broju stanovnika \u017eupanije prema posljednjem popisu stanovni\u0161tva. \u017dupanije u kojima je zastupljenost nekog od konstitutivnih naroda manja od pet posto u odnosu na ukupan broj tog konstitutivnog naroda u FBiH zajedni\u010dki biraju jednog izaslanika u Dom naroda Parlamenta Federacije Bosne i Hercegovine.<\/p>\n\n\n\n<figure class=\"wp-block-image\"><img decoding=\"async\" src=\"https:\/\/hms.ba\/wp-content\/uploads\/2022\/04\/izborni-zakon-hdz-prijedlog-1.jpg\" alt=\"\"\/><\/figure>\n\n\n\n<figure class=\"wp-block-image\"><img decoding=\"async\" src=\"https:\/\/hms.ba\/wp-content\/uploads\/2022\/04\/izborni-zakon-hdz-prijedlog1.jpg\" alt=\"\"\/><\/figure>\n\n\n\n<figure class=\"wp-block-image\"><img decoding=\"async\" src=\"https:\/\/hms.ba\/wp-content\/uploads\/2022\/04\/izborni-zakon-hdz-prijedlog2.jpg\" alt=\"\"\/><\/figure>\n\n\n\n<figure class=\"wp-block-image\"><img decoding=\"async\" src=\"https:\/\/hms.ba\/wp-content\/uploads\/2022\/04\/izborni-zakon-hdz-prijedlog3.jpg\" alt=\"\"\/><\/figure>\n\n\n\n<figure class=\"wp-block-image\"><img decoding=\"async\" src=\"https:\/\/hms.ba\/wp-content\/uploads\/2022\/04\/izborni-zakon-hdz-prijedlog4.jpg\" alt=\"\"\/><\/figure>\n\n\n\n<figure class=\"wp-block-image\"><img decoding=\"async\" src=\"https:\/\/hms.ba\/wp-content\/uploads\/2022\/04\/izborni-zakon-hdz-prijedlog5.jpg\" alt=\"\"\/><\/figure>\n\n\n\n<p>Sredi\u0161nje izborno povjerenstvo BiH (SIP) \u0107e provedbenim aktom odrediti koje \u017eupanije imaju manje od pet posto zastupljenosti nekog od konstitutivnih naroda u odnosu na ukupan broj tog konstitutivnog naroda u FBiH sukladno posljednjem popisu i propisati proceduru izbora izaslanika iz tih \u017eupanija. SIP odre\u0111uje, nakon svakog popisa, broj izaslanika koji se biraju iz svakog konstitutivnog naroda i iz reda ostalih, a koji se biraju iz zakonodavnog tijela svake \u017eupanija.<\/p>\n\n\n\n<p><strong>Raspodjela po \u017eupanijama<\/strong><\/p>\n\n\n\n<p>\u2013 Do potpune provedbe Aneksa 7. Op\u0107eg okvirnog sporazuma za mir u Bosni i Hercegovini, raspodjela mjesta po konstitutivnom narodu, koja je uredena u Poglavlju 10 Potpoglavlju B. ovoga Zakona, odvija se sukladno ovome \u010dlanu. Izaslanici iz svakog konstitutivnog naroda i izaslanici iz reda ostalih se biraju iz zakonodavnih tijela prema posljednjem popisu stanovni\u0161tva na sljede\u0107i na\u010din:<\/p>\n\n\n\n<p>Od 17 izaslanika iz bo\u0161nja\u010dkog naroda, 16 se bira iz zakonodavnih tijela \u017eupanija na na\u010din da: Tuzlanska bira \u010detiri, Sarajevska \u010detiri, Zeni\u010dko-dobojska tri, Unsko-sanska dva, Srednjobosanska jednog, Hercegova\u010dko-neretvanska jednog i Bosansko-podrinjska jednog. Zastupnici bo\u0161nja\u010dkog naroda iz Posavske, Hercegbosanske i Zapadnohercegova\u010dke \u017eupanije zajedno biraju jednog bo\u0161nja\u010dkog izaslanika za Dom naroda Parlamenta Federacije Bosne i Hercegovine.<\/p>\n\n\n\n<p>Od 17 izaslanika iz hrvatskog naroda, 16 se bira iz zakonodavnih tijela \u017eupanija na na\u010din da: Hercegova\u010dko-neretvanska bira \u010detiri, Srednjobosanska tri, Zapadnohercegova\u010dka tri, Hercegbosanska dva, Zeni\u010dko-dobojska dva i Posavska dva. Zastupnici hrvatskog naroda iz Tuzlanske, Sarajevske, Unsko-sanske i Bosansko-podrinjske \u017eupanije zajedno biraju jednog hrvatskog izaslanika za Dom naroda Parlamenta Federacije Bosne i Hercegovine;<\/p>\n\n\n\n<p>Od l7 izaslanika iz srpskog naroda, l6 se bira iz zakonodavnih tijela \u017eupanija na na\u010din da: Sarajevska bira \u010detiri, Hercegbosanska tri, Unsko-sanska dva, Tuzlanska dva izaslanika, Hercegova\u010dko-neretvanska dva, Zeni\u010dko-dobojska dva i Srednjobosanska jednog izaslanika. Zastupnici srpskog naroda iz Bosansko-podrinjske, Posavske i Zapadnohercegova\u010dke \u017eupanije zajedno biraju jednog srpskog izaslanika za Dom naroda Parlamenta Federacije Bosne i Hercegovine;<\/p>\n\n\n\n<p>Sedam izaslanika iz reda ostalih se bira iz zakonodavnih tijela \u017eupanija na na\u010din da: Sarajevska bira dva izaslanika, Tuzlanska dva izaslanika, Zeni\u010dko-dobojska jednog izaslanika, Unsko-sanska jednog izaslanika i Srednjobosanska jednog izaslanika. Od sedam izaslanika iz reda ostalih, minimalno \u010detiri izaslanika moraju biti iz reda nacionalnih manjina u Bosni i Hercegovini (Albanci, Crnogorci, \u010cesi, Talijani, \u017didovi, Ma\u0111ari, Makedonci, Nijemci, Poljaci, Romi, Rumuni, Rusi, Rusini, Slovaci, Slovenci, Turci,Ukrajinci).<\/p>\n\n\n\n<p>\u010clanove Sredi\u0161njeg izbornog povjerenstva bira Parlamentarna skup\u0161tina BiH, a to zna\u010di oba doma- Zastupni\u010dki i Dom naroda.<\/p>\n\n\n\n<p>\/HMS\/<\/p>\n","protected":false},"excerpt":{"rendered":"<p>Izaslanici hrvatskog naroda u Domu naroda Parlamenta BiH Dragan \u010covi\u0107, Lidija Bradara, Bari\u0161a \u010colak i Marina Pende\u0161 uputili su parlamentarnu proceduru izmjene i dopune Izbornog zakona. Predlo\u017eeno je da se zakon razmatra po hitnoj proceduri, javlja Hrvatski Medijski Servis. Izbor \u010dlanova Predsjedni\u0161tva BiH Predlo\u017een je sljede\u0107i na\u010din izbora \u010dlanova Predsjedni\u0161tva BiH: \u010clanove Predsjedni\u0161tva BiH, koji [&hellip;]<\/p>\n","protected":false},"author":2,"featured_media":135304,"comment_status":"closed","ping_status":"closed","sticky":false,"template":"","format":"standard","meta":{"h5ap_radio_sources":[],"footnotes":""},"categories":[1],"tags":[],"class_list":["post-135303","post","type-post","status-publish","format-standard","has-post-thumbnail","hentry","category-bihiregija"],"yoast_head":"<!-- This site is optimized with the Yoast SEO plugin v27.4 - https:\/\/yoast.com\/product\/yoast-seo-wordpress\/ -->\n<title>Klub Hrvata Parlamentu BiH dostavio prijedlog izmjena Izbornog zakona, evo kako bi se birali \u010dlanovi Predsjedni\u0161tva BiH i domova naroda - RADIO LJUBU\u0160KI<\/title>\n<meta name=\"robots\" content=\"index, follow, max-snippet:-1, max-image-preview:large, max-video-preview:-1\" \/>\n<link rel=\"canonical\" href=\"https:\/\/radioljubuski.ba\/index.php\/2022\/04\/22\/klub-hrvata-parlamentu-bih-dostavio-prijedlog-izmjena-izbornog-zakona-evo-kako-bi-se-birali-clanovi-predsjednistva-bih-i-domova-naroda\/\" \/>\n<meta property=\"og:locale\" content=\"hr_HR\" \/>\n<meta property=\"og:type\" content=\"article\" \/>\n<meta property=\"og:title\" content=\"Klub Hrvata Parlamentu BiH dostavio prijedlog izmjena Izbornog zakona, evo kako bi se birali \u010dlanovi Predsjedni\u0161tva BiH i domova naroda - RADIO LJUBU\u0160KI\" \/>\n<meta property=\"og:description\" content=\"Izaslanici hrvatskog naroda u Domu naroda Parlamenta BiH Dragan \u010covi\u0107, Lidija Bradara, Bari\u0161a \u010colak i Marina Pende\u0161 uputili su parlamentarnu proceduru izmjene i dopune Izbornog zakona. Predlo\u017eeno je da se zakon razmatra po hitnoj proceduri, javlja Hrvatski Medijski Servis. Izbor \u010dlanova Predsjedni\u0161tva BiH Predlo\u017een je sljede\u0107i na\u010din izbora \u010dlanova Predsjedni\u0161tva BiH: \u010clanove Predsjedni\u0161tva BiH, koji [&hellip;]\" \/>\n<meta property=\"og:url\" content=\"https:\/\/radioljubuski.ba\/index.php\/2022\/04\/22\/klub-hrvata-parlamentu-bih-dostavio-prijedlog-izmjena-izbornog-zakona-evo-kako-bi-se-birali-clanovi-predsjednistva-bih-i-domova-naroda\/\" \/>\n<meta property=\"og:site_name\" content=\"RADIO LJUBU\u0160KI\" \/>\n<meta property=\"article:publisher\" content=\"https:\/\/www.facebook.com\/Radiio-Ljubuski-1490835324566332\" \/>\n<meta property=\"article:published_time\" content=\"2022-04-22T15:49:47+00:00\" \/>\n<meta property=\"article:modified_time\" content=\"2022-04-22T15:49:48+00:00\" \/>\n<meta property=\"og:image\" content=\"https:\/\/radioljubuski.ba\/wp-content\/uploads\/2022\/04\/parlament_bih.jpg\" \/>\n\t<meta property=\"og:image:width\" content=\"1024\" \/>\n\t<meta property=\"og:image:height\" content=\"490\" \/>\n\t<meta property=\"og:image:type\" content=\"image\/jpeg\" \/>\n<meta name=\"author\" content=\"Radio Ljubu\u0161ki\" \/>\n<meta name=\"twitter:card\" content=\"summary_large_image\" \/>\n<meta name=\"twitter:creator\" content=\"@radioljubuski\" \/>\n<meta name=\"twitter:site\" content=\"@radioljubuski\" \/>\n<meta name=\"twitter:label1\" content=\"Napisao\/la\" \/>\n\t<meta name=\"twitter:data1\" content=\"Radio Ljubu\u0161ki\" \/>\n\t<meta name=\"twitter:label2\" content=\"Procijenjeno vrijeme \u010ditanja\" \/>\n\t<meta name=\"twitter:data2\" content=\"5 minuta\" \/>\n<script type=\"application\/ld+json\" class=\"yoast-schema-graph\">{\"@context\":\"https:\\\/\\\/schema.org\",\"@graph\":[{\"@type\":\"Article\",\"@id\":\"https:\\\/\\\/radioljubuski.ba\\\/index.php\\\/2022\\\/04\\\/22\\\/klub-hrvata-parlamentu-bih-dostavio-prijedlog-izmjena-izbornog-zakona-evo-kako-bi-se-birali-clanovi-predsjednistva-bih-i-domova-naroda\\\/#article\",\"isPartOf\":{\"@id\":\"https:\\\/\\\/radioljubuski.ba\\\/index.php\\\/2022\\\/04\\\/22\\\/klub-hrvata-parlamentu-bih-dostavio-prijedlog-izmjena-izbornog-zakona-evo-kako-bi-se-birali-clanovi-predsjednistva-bih-i-domova-naroda\\\/\"},\"author\":{\"name\":\"Radio Ljubu\u0161ki\",\"@id\":\"https:\\\/\\\/radioljubuski.ba\\\/#\\\/schema\\\/person\\\/19fc700381a780f69665d7956c469e3b\"},\"headline\":\"Klub Hrvata Parlamentu BiH dostavio prijedlog izmjena Izbornog zakona, evo kako bi se birali \u010dlanovi Predsjedni\u0161tva BiH i domova naroda\",\"datePublished\":\"2022-04-22T15:49:47+00:00\",\"dateModified\":\"2022-04-22T15:49:48+00:00\",\"mainEntityOfPage\":{\"@id\":\"https:\\\/\\\/radioljubuski.ba\\\/index.php\\\/2022\\\/04\\\/22\\\/klub-hrvata-parlamentu-bih-dostavio-prijedlog-izmjena-izbornog-zakona-evo-kako-bi-se-birali-clanovi-predsjednistva-bih-i-domova-naroda\\\/\"},\"wordCount\":965,\"publisher\":{\"@id\":\"https:\\\/\\\/radioljubuski.ba\\\/#organization\"},\"image\":{\"@id\":\"https:\\\/\\\/radioljubuski.ba\\\/index.php\\\/2022\\\/04\\\/22\\\/klub-hrvata-parlamentu-bih-dostavio-prijedlog-izmjena-izbornog-zakona-evo-kako-bi-se-birali-clanovi-predsjednistva-bih-i-domova-naroda\\\/#primaryimage\"},\"thumbnailUrl\":\"https:\\\/\\\/radioljubuski.ba\\\/wp-content\\\/uploads\\\/2022\\\/04\\\/parlament_bih.jpg\",\"articleSection\":[\"BIH i regija\"],\"inLanguage\":\"hr\"},{\"@type\":\"WebPage\",\"@id\":\"https:\\\/\\\/radioljubuski.ba\\\/index.php\\\/2022\\\/04\\\/22\\\/klub-hrvata-parlamentu-bih-dostavio-prijedlog-izmjena-izbornog-zakona-evo-kako-bi-se-birali-clanovi-predsjednistva-bih-i-domova-naroda\\\/\",\"url\":\"https:\\\/\\\/radioljubuski.ba\\\/index.php\\\/2022\\\/04\\\/22\\\/klub-hrvata-parlamentu-bih-dostavio-prijedlog-izmjena-izbornog-zakona-evo-kako-bi-se-birali-clanovi-predsjednistva-bih-i-domova-naroda\\\/\",\"name\":\"Klub Hrvata Parlamentu BiH dostavio prijedlog izmjena Izbornog zakona, evo kako bi se birali \u010dlanovi Predsjedni\u0161tva BiH i domova naroda - RADIO LJUBU\u0160KI\",\"isPartOf\":{\"@id\":\"https:\\\/\\\/radioljubuski.ba\\\/#website\"},\"primaryImageOfPage\":{\"@id\":\"https:\\\/\\\/radioljubuski.ba\\\/index.php\\\/2022\\\/04\\\/22\\\/klub-hrvata-parlamentu-bih-dostavio-prijedlog-izmjena-izbornog-zakona-evo-kako-bi-se-birali-clanovi-predsjednistva-bih-i-domova-naroda\\\/#primaryimage\"},\"image\":{\"@id\":\"https:\\\/\\\/radioljubuski.ba\\\/index.php\\\/2022\\\/04\\\/22\\\/klub-hrvata-parlamentu-bih-dostavio-prijedlog-izmjena-izbornog-zakona-evo-kako-bi-se-birali-clanovi-predsjednistva-bih-i-domova-naroda\\\/#primaryimage\"},\"thumbnailUrl\":\"https:\\\/\\\/radioljubuski.ba\\\/wp-content\\\/uploads\\\/2022\\\/04\\\/parlament_bih.jpg\",\"datePublished\":\"2022-04-22T15:49:47+00:00\",\"dateModified\":\"2022-04-22T15:49:48+00:00\",\"breadcrumb\":{\"@id\":\"https:\\\/\\\/radioljubuski.ba\\\/index.php\\\/2022\\\/04\\\/22\\\/klub-hrvata-parlamentu-bih-dostavio-prijedlog-izmjena-izbornog-zakona-evo-kako-bi-se-birali-clanovi-predsjednistva-bih-i-domova-naroda\\\/#breadcrumb\"},\"inLanguage\":\"hr\",\"potentialAction\":[{\"@type\":\"ReadAction\",\"target\":[\"https:\\\/\\\/radioljubuski.ba\\\/index.php\\\/2022\\\/04\\\/22\\\/klub-hrvata-parlamentu-bih-dostavio-prijedlog-izmjena-izbornog-zakona-evo-kako-bi-se-birali-clanovi-predsjednistva-bih-i-domova-naroda\\\/\"]}]},{\"@type\":\"ImageObject\",\"inLanguage\":\"hr\",\"@id\":\"https:\\\/\\\/radioljubuski.ba\\\/index.php\\\/2022\\\/04\\\/22\\\/klub-hrvata-parlamentu-bih-dostavio-prijedlog-izmjena-izbornog-zakona-evo-kako-bi-se-birali-clanovi-predsjednistva-bih-i-domova-naroda\\\/#primaryimage\",\"url\":\"https:\\\/\\\/radioljubuski.ba\\\/wp-content\\\/uploads\\\/2022\\\/04\\\/parlament_bih.jpg\",\"contentUrl\":\"https:\\\/\\\/radioljubuski.ba\\\/wp-content\\\/uploads\\\/2022\\\/04\\\/parlament_bih.jpg\",\"width\":1024,\"height\":490},{\"@type\":\"BreadcrumbList\",\"@id\":\"https:\\\/\\\/radioljubuski.ba\\\/index.php\\\/2022\\\/04\\\/22\\\/klub-hrvata-parlamentu-bih-dostavio-prijedlog-izmjena-izbornog-zakona-evo-kako-bi-se-birali-clanovi-predsjednistva-bih-i-domova-naroda\\\/#breadcrumb\",\"itemListElement\":[{\"@type\":\"ListItem\",\"position\":1,\"name\":\"Po\u010detna stranica\",\"item\":\"https:\\\/\\\/radioljubuski.ba\\\/\"},{\"@type\":\"ListItem\",\"position\":2,\"name\":\"Klub Hrvata Parlamentu BiH dostavio prijedlog izmjena Izbornog zakona, evo kako bi se birali \u010dlanovi Predsjedni\u0161tva BiH i domova naroda\"}]},{\"@type\":\"WebSite\",\"@id\":\"https:\\\/\\\/radioljubuski.ba\\\/#website\",\"url\":\"https:\\\/\\\/radioljubuski.ba\\\/\",\"name\":\"Radio Ljubu\u0161ki\",\"description\":\"Sun\u010dana frekvencija Hercegovine\",\"publisher\":{\"@id\":\"https:\\\/\\\/radioljubuski.ba\\\/#organization\"},\"potentialAction\":[{\"@type\":\"SearchAction\",\"target\":{\"@type\":\"EntryPoint\",\"urlTemplate\":\"https:\\\/\\\/radioljubuski.ba\\\/?s={search_term_string}\"},\"query-input\":{\"@type\":\"PropertyValueSpecification\",\"valueRequired\":true,\"valueName\":\"search_term_string\"}}],\"inLanguage\":\"hr\"},{\"@type\":\"Organization\",\"@id\":\"https:\\\/\\\/radioljubuski.ba\\\/#organization\",\"name\":\"Radio Ljubu\u0161ki\",\"url\":\"https:\\\/\\\/radioljubuski.ba\\\/\",\"logo\":{\"@type\":\"ImageObject\",\"inLanguage\":\"hr\",\"@id\":\"https:\\\/\\\/radioljubuski.ba\\\/#\\\/schema\\\/logo\\\/image\\\/\",\"url\":\"https:\\\/\\\/radioljubuski.ba\\\/wp-content\\\/uploads\\\/2021\\\/02\\\/cropped-Radio_Ljubuski_logo1.jpg\",\"contentUrl\":\"https:\\\/\\\/radioljubuski.ba\\\/wp-content\\\/uploads\\\/2021\\\/02\\\/cropped-Radio_Ljubuski_logo1.jpg\",\"width\":512,\"height\":512,\"caption\":\"Radio Ljubu\u0161ki\"},\"image\":{\"@id\":\"https:\\\/\\\/radioljubuski.ba\\\/#\\\/schema\\\/logo\\\/image\\\/\"},\"sameAs\":[\"https:\\\/\\\/www.facebook.com\\\/Radiio-Ljubuski-1490835324566332\",\"https:\\\/\\\/x.com\\\/radioljubuski\",\"https:\\\/\\\/hr.linkedin.com\\\/company\\\/radio-ljubuski\",\"https:\\\/\\\/www.youtube.com\\\/channel\\\/UCHYaeO_n0Db3tjNGudGpXyw\"]},{\"@type\":\"Person\",\"@id\":\"https:\\\/\\\/radioljubuski.ba\\\/#\\\/schema\\\/person\\\/19fc700381a780f69665d7956c469e3b\",\"name\":\"Radio Ljubu\u0161ki\"}]}<\/script>\n<!-- \/ Yoast SEO plugin. -->","yoast_head_json":{"title":"Klub Hrvata Parlamentu BiH dostavio prijedlog izmjena Izbornog zakona, evo kako bi se birali \u010dlanovi Predsjedni\u0161tva BiH i domova naroda - RADIO LJUBU\u0160KI","robots":{"index":"index","follow":"follow","max-snippet":"max-snippet:-1","max-image-preview":"max-image-preview:large","max-video-preview":"max-video-preview:-1"},"canonical":"https:\/\/radioljubuski.ba\/index.php\/2022\/04\/22\/klub-hrvata-parlamentu-bih-dostavio-prijedlog-izmjena-izbornog-zakona-evo-kako-bi-se-birali-clanovi-predsjednistva-bih-i-domova-naroda\/","og_locale":"hr_HR","og_type":"article","og_title":"Klub Hrvata Parlamentu BiH dostavio prijedlog izmjena Izbornog zakona, evo kako bi se birali \u010dlanovi Predsjedni\u0161tva BiH i domova naroda - RADIO LJUBU\u0160KI","og_description":"Izaslanici hrvatskog naroda u Domu naroda Parlamenta BiH Dragan \u010covi\u0107, Lidija Bradara, Bari\u0161a \u010colak i Marina Pende\u0161 uputili su parlamentarnu proceduru izmjene i dopune Izbornog zakona. Predlo\u017eeno je da se zakon razmatra po hitnoj proceduri, javlja Hrvatski Medijski Servis. Izbor \u010dlanova Predsjedni\u0161tva BiH Predlo\u017een je sljede\u0107i na\u010din izbora \u010dlanova Predsjedni\u0161tva BiH: \u010clanove Predsjedni\u0161tva BiH, koji [&hellip;]","og_url":"https:\/\/radioljubuski.ba\/index.php\/2022\/04\/22\/klub-hrvata-parlamentu-bih-dostavio-prijedlog-izmjena-izbornog-zakona-evo-kako-bi-se-birali-clanovi-predsjednistva-bih-i-domova-naroda\/","og_site_name":"RADIO LJUBU\u0160KI","article_publisher":"https:\/\/www.facebook.com\/Radiio-Ljubuski-1490835324566332","article_published_time":"2022-04-22T15:49:47+00:00","article_modified_time":"2022-04-22T15:49:48+00:00","og_image":[{"width":1024,"height":490,"url":"https:\/\/radioljubuski.ba\/wp-content\/uploads\/2022\/04\/parlament_bih.jpg","type":"image\/jpeg"}],"author":"Radio Ljubu\u0161ki","twitter_card":"summary_large_image","twitter_creator":"@radioljubuski","twitter_site":"@radioljubuski","twitter_misc":{"Napisao\/la":"Radio Ljubu\u0161ki","Procijenjeno vrijeme \u010ditanja":"5 minuta"},"schema":{"@context":"https:\/\/schema.org","@graph":[{"@type":"Article","@id":"https:\/\/radioljubuski.ba\/index.php\/2022\/04\/22\/klub-hrvata-parlamentu-bih-dostavio-prijedlog-izmjena-izbornog-zakona-evo-kako-bi-se-birali-clanovi-predsjednistva-bih-i-domova-naroda\/#article","isPartOf":{"@id":"https:\/\/radioljubuski.ba\/index.php\/2022\/04\/22\/klub-hrvata-parlamentu-bih-dostavio-prijedlog-izmjena-izbornog-zakona-evo-kako-bi-se-birali-clanovi-predsjednistva-bih-i-domova-naroda\/"},"author":{"name":"Radio Ljubu\u0161ki","@id":"https:\/\/radioljubuski.ba\/#\/schema\/person\/19fc700381a780f69665d7956c469e3b"},"headline":"Klub Hrvata Parlamentu BiH dostavio prijedlog izmjena Izbornog zakona, evo kako bi se birali \u010dlanovi Predsjedni\u0161tva BiH i domova naroda","datePublished":"2022-04-22T15:49:47+00:00","dateModified":"2022-04-22T15:49:48+00:00","mainEntityOfPage":{"@id":"https:\/\/radioljubuski.ba\/index.php\/2022\/04\/22\/klub-hrvata-parlamentu-bih-dostavio-prijedlog-izmjena-izbornog-zakona-evo-kako-bi-se-birali-clanovi-predsjednistva-bih-i-domova-naroda\/"},"wordCount":965,"publisher":{"@id":"https:\/\/radioljubuski.ba\/#organization"},"image":{"@id":"https:\/\/radioljubuski.ba\/index.php\/2022\/04\/22\/klub-hrvata-parlamentu-bih-dostavio-prijedlog-izmjena-izbornog-zakona-evo-kako-bi-se-birali-clanovi-predsjednistva-bih-i-domova-naroda\/#primaryimage"},"thumbnailUrl":"https:\/\/radioljubuski.ba\/wp-content\/uploads\/2022\/04\/parlament_bih.jpg","articleSection":["BIH i regija"],"inLanguage":"hr"},{"@type":"WebPage","@id":"https:\/\/radioljubuski.ba\/index.php\/2022\/04\/22\/klub-hrvata-parlamentu-bih-dostavio-prijedlog-izmjena-izbornog-zakona-evo-kako-bi-se-birali-clanovi-predsjednistva-bih-i-domova-naroda\/","url":"https:\/\/radioljubuski.ba\/index.php\/2022\/04\/22\/klub-hrvata-parlamentu-bih-dostavio-prijedlog-izmjena-izbornog-zakona-evo-kako-bi-se-birali-clanovi-predsjednistva-bih-i-domova-naroda\/","name":"Klub Hrvata Parlamentu BiH dostavio prijedlog izmjena Izbornog zakona, evo kako bi se birali \u010dlanovi Predsjedni\u0161tva BiH i domova naroda - RADIO LJUBU\u0160KI","isPartOf":{"@id":"https:\/\/radioljubuski.ba\/#website"},"primaryImageOfPage":{"@id":"https:\/\/radioljubuski.ba\/index.php\/2022\/04\/22\/klub-hrvata-parlamentu-bih-dostavio-prijedlog-izmjena-izbornog-zakona-evo-kako-bi-se-birali-clanovi-predsjednistva-bih-i-domova-naroda\/#primaryimage"},"image":{"@id":"https:\/\/radioljubuski.ba\/index.php\/2022\/04\/22\/klub-hrvata-parlamentu-bih-dostavio-prijedlog-izmjena-izbornog-zakona-evo-kako-bi-se-birali-clanovi-predsjednistva-bih-i-domova-naroda\/#primaryimage"},"thumbnailUrl":"https:\/\/radioljubuski.ba\/wp-content\/uploads\/2022\/04\/parlament_bih.jpg","datePublished":"2022-04-22T15:49:47+00:00","dateModified":"2022-04-22T15:49:48+00:00","breadcrumb":{"@id":"https:\/\/radioljubuski.ba\/index.php\/2022\/04\/22\/klub-hrvata-parlamentu-bih-dostavio-prijedlog-izmjena-izbornog-zakona-evo-kako-bi-se-birali-clanovi-predsjednistva-bih-i-domova-naroda\/#breadcrumb"},"inLanguage":"hr","potentialAction":[{"@type":"ReadAction","target":["https:\/\/radioljubuski.ba\/index.php\/2022\/04\/22\/klub-hrvata-parlamentu-bih-dostavio-prijedlog-izmjena-izbornog-zakona-evo-kako-bi-se-birali-clanovi-predsjednistva-bih-i-domova-naroda\/"]}]},{"@type":"ImageObject","inLanguage":"hr","@id":"https:\/\/radioljubuski.ba\/index.php\/2022\/04\/22\/klub-hrvata-parlamentu-bih-dostavio-prijedlog-izmjena-izbornog-zakona-evo-kako-bi-se-birali-clanovi-predsjednistva-bih-i-domova-naroda\/#primaryimage","url":"https:\/\/radioljubuski.ba\/wp-content\/uploads\/2022\/04\/parlament_bih.jpg","contentUrl":"https:\/\/radioljubuski.ba\/wp-content\/uploads\/2022\/04\/parlament_bih.jpg","width":1024,"height":490},{"@type":"BreadcrumbList","@id":"https:\/\/radioljubuski.ba\/index.php\/2022\/04\/22\/klub-hrvata-parlamentu-bih-dostavio-prijedlog-izmjena-izbornog-zakona-evo-kako-bi-se-birali-clanovi-predsjednistva-bih-i-domova-naroda\/#breadcrumb","itemListElement":[{"@type":"ListItem","position":1,"name":"Po\u010detna stranica","item":"https:\/\/radioljubuski.ba\/"},{"@type":"ListItem","position":2,"name":"Klub Hrvata Parlamentu BiH dostavio prijedlog izmjena Izbornog zakona, evo kako bi se birali \u010dlanovi Predsjedni\u0161tva BiH i domova naroda"}]},{"@type":"WebSite","@id":"https:\/\/radioljubuski.ba\/#website","url":"https:\/\/radioljubuski.ba\/","name":"Radio Ljubu\u0161ki","description":"Sun\u010dana frekvencija Hercegovine","publisher":{"@id":"https:\/\/radioljubuski.ba\/#organization"},"potentialAction":[{"@type":"SearchAction","target":{"@type":"EntryPoint","urlTemplate":"https:\/\/radioljubuski.ba\/?s={search_term_string}"},"query-input":{"@type":"PropertyValueSpecification","valueRequired":true,"valueName":"search_term_string"}}],"inLanguage":"hr"},{"@type":"Organization","@id":"https:\/\/radioljubuski.ba\/#organization","name":"Radio Ljubu\u0161ki","url":"https:\/\/radioljubuski.ba\/","logo":{"@type":"ImageObject","inLanguage":"hr","@id":"https:\/\/radioljubuski.ba\/#\/schema\/logo\/image\/","url":"https:\/\/radioljubuski.ba\/wp-content\/uploads\/2021\/02\/cropped-Radio_Ljubuski_logo1.jpg","contentUrl":"https:\/\/radioljubuski.ba\/wp-content\/uploads\/2021\/02\/cropped-Radio_Ljubuski_logo1.jpg","width":512,"height":512,"caption":"Radio Ljubu\u0161ki"},"image":{"@id":"https:\/\/radioljubuski.ba\/#\/schema\/logo\/image\/"},"sameAs":["https:\/\/www.facebook.com\/Radiio-Ljubuski-1490835324566332","https:\/\/x.com\/radioljubuski","https:\/\/hr.linkedin.com\/company\/radio-ljubuski","https:\/\/www.youtube.com\/channel\/UCHYaeO_n0Db3tjNGudGpXyw"]},{"@type":"Person","@id":"https:\/\/radioljubuski.ba\/#\/schema\/person\/19fc700381a780f69665d7956c469e3b","name":"Radio Ljubu\u0161ki"}]}},"_links":{"self":[{"href":"https:\/\/radioljubuski.ba\/index.php\/wp-json\/wp\/v2\/posts\/135303","targetHints":{"allow":["GET"]}}],"collection":[{"href":"https:\/\/radioljubuski.ba\/index.php\/wp-json\/wp\/v2\/posts"}],"about":[{"href":"https:\/\/radioljubuski.ba\/index.php\/wp-json\/wp\/v2\/types\/post"}],"author":[{"embeddable":true,"href":"https:\/\/radioljubuski.ba\/index.php\/wp-json\/wp\/v2\/users\/2"}],"replies":[{"embeddable":true,"href":"https:\/\/radioljubuski.ba\/index.php\/wp-json\/wp\/v2\/comments?post=135303"}],"version-history":[{"count":1,"href":"https:\/\/radioljubuski.ba\/index.php\/wp-json\/wp\/v2\/posts\/135303\/revisions"}],"predecessor-version":[{"id":135305,"href":"https:\/\/radioljubuski.ba\/index.php\/wp-json\/wp\/v2\/posts\/135303\/revisions\/135305"}],"wp:featuredmedia":[{"embeddable":true,"href":"https:\/\/radioljubuski.ba\/index.php\/wp-json\/wp\/v2\/media\/135304"}],"wp:attachment":[{"href":"https:\/\/radioljubuski.ba\/index.php\/wp-json\/wp\/v2\/media?parent=135303"}],"wp:term":[{"taxonomy":"category","embeddable":true,"href":"https:\/\/radioljubuski.ba\/index.php\/wp-json\/wp\/v2\/categories?post=135303"},{"taxonomy":"post_tag","embeddable":true,"href":"https:\/\/radioljubuski.ba\/index.php\/wp-json\/wp\/v2\/tags?post=135303"}],"curies":[{"name":"wp","href":"https:\/\/api.w.org\/{rel}","templated":true}]}}