{"id":135306,"date":"2022-04-22T16:51:05","date_gmt":"2022-04-22T15:51:05","guid":{"rendered":"https:\/\/radioljubuski.ba\/?p=135306"},"modified":"2022-04-22T16:51:06","modified_gmt":"2022-04-22T15:51:06","slug":"covic-ne-prihvate-li-se-izmjene-izbornog-zakona-hns-ce-sredinom-svibnja-donijeti-konkretne-odluke","status":"publish","type":"post","link":"https:\/\/radioljubuski.ba\/index.php\/2022\/04\/22\/covic-ne-prihvate-li-se-izmjene-izbornog-zakona-hns-ce-sredinom-svibnja-donijeti-konkretne-odluke\/","title":{"rendered":"\u010covi\u0107: Ne prihvate li se izmjene Izbornog zakona, HNS \u0107e sredinom svibnja donijeti konkretne odluke"},"content":{"rendered":"\n<p><strong>Predsjedavaju\u0107i Doma naroda Parlamentarne skup\u0161tine BiH Dragan \u010covi\u0107 sazvao je \u017eurnu sjednicu toga tijela koja \u0107e se odr\u017eati 26. travnja, a na kojoj \u0107e se na\u0107i HNS-ov prijedlog izmjena izbornog zakonodavstva.<\/strong><\/p>\n\n\n\n<p>Na konferenciji za novinare odr\u017eanoj nakon sjednice Predsjedni\u0161tva Hrvatskog narodnog sabora (HNS) \u010covi\u0107 je kazao kako je time dana jo\u0161 jedna \u0161ansa da se, prije nego se raspi\u0161u op\u0107i izbori, postigne dogovor o provedbi presuda Ustavnog suda BiH u predmetu Ljubi\u0107, kao i presuda Europskog suda za ljudska prava u predmetu Sejdi\u0107-Finci.<\/p>\n\n\n\n<p>Pojasnio je da se predlo\u017eene Izmjene i dopune Izbornog zakona BiH, prije svega, odnose na popunjavanje Doma naroda i izbor \u010dlanova Predsjedni\u0161tva BiH.<\/p>\n\n\n\n<p>\u010covi\u0107 je ponovio kako stranke okupljene oko HNS-a i dalje smatraju da ne postoje formalno-pravni uvjeti za raspisivanje izbora.<\/p>\n\n\n\n<p>Po njegovim rije\u010dima, na dana\u0161njoj sjednici Predsjedni\u0161tva HNS-a razgovaralo se i o tome \u0161to \u0107e biti poduzeto ako op\u0107i izbori budu raspisani, a dogovor o izmjenama Izbornog zakona BiH ne bude postignut.<\/p>\n\n\n\n<p>Prvi \u010dovjek HDZ-a BiH i HNS-a kazao je kako \u0107e o daljnjim potezima raspravljati o svim sredi\u0161njicama okupljenih oko HNS-a, a zatim \u0107e sredinom petog mjeseca HNS donijeti konkretne odluke vode\u0107i se stavom hrvatskih politi\u010dkih stranaka i zaklju\u010dcima HNS-a sa izvanrednog zasjedanja odr\u017eanog u velja\u010di ove godine.<\/p>\n\n\n\n<p>\/Fena\/HMS\/<\/p>\n","protected":false},"excerpt":{"rendered":"<p>Predsjedavaju\u0107i Doma naroda Parlamentarne skup\u0161tine BiH Dragan \u010covi\u0107 sazvao je \u017eurnu sjednicu toga tijela koja \u0107e se odr\u017eati 26. travnja, a na kojoj \u0107e se na\u0107i HNS-ov prijedlog izmjena izbornog zakonodavstva. Na konferenciji za novinare odr\u017eanoj nakon sjednice Predsjedni\u0161tva Hrvatskog narodnog sabora (HNS) \u010covi\u0107 je kazao kako je time dana jo\u0161 jedna \u0161ansa da se, [&hellip;]<\/p>\n","protected":false},"author":2,"featured_media":60110,"comment_status":"closed","ping_status":"closed","sticky":false,"template":"","format":"standard","meta":{"h5ap_radio_sources":[],"footnotes":""},"categories":[1],"tags":[],"class_list":["post-135306","post","type-post","status-publish","format-standard","has-post-thumbnail","hentry","category-bihiregija"],"yoast_head":"<!-- This site is optimized with the Yoast SEO plugin v27.4 - https:\/\/yoast.com\/product\/yoast-seo-wordpress\/ -->\n<title>\u010covi\u0107: Ne prihvate li se izmjene Izbornog zakona, HNS \u0107e sredinom svibnja donijeti konkretne odluke - RADIO LJUBU\u0160KI<\/title>\n<meta name=\"robots\" content=\"index, follow, max-snippet:-1, max-image-preview:large, max-video-preview:-1\" \/>\n<link rel=\"canonical\" href=\"https:\/\/radioljubuski.ba\/index.php\/2022\/04\/22\/covic-ne-prihvate-li-se-izmjene-izbornog-zakona-hns-ce-sredinom-svibnja-donijeti-konkretne-odluke\/\" \/>\n<meta property=\"og:locale\" content=\"hr_HR\" \/>\n<meta property=\"og:type\" content=\"article\" \/>\n<meta property=\"og:title\" content=\"\u010covi\u0107: Ne prihvate li se izmjene Izbornog zakona, HNS \u0107e sredinom svibnja donijeti konkretne odluke - RADIO LJUBU\u0160KI\" \/>\n<meta property=\"og:description\" content=\"Predsjedavaju\u0107i Doma naroda Parlamentarne skup\u0161tine BiH Dragan \u010covi\u0107 sazvao je \u017eurnu sjednicu toga tijela koja \u0107e se odr\u017eati 26. travnja, a na kojoj \u0107e se na\u0107i HNS-ov prijedlog izmjena izbornog zakonodavstva. Na konferenciji za novinare odr\u017eanoj nakon sjednice Predsjedni\u0161tva Hrvatskog narodnog sabora (HNS) \u010covi\u0107 je kazao kako je time dana jo\u0161 jedna \u0161ansa da se, [&hellip;]\" \/>\n<meta property=\"og:url\" content=\"https:\/\/radioljubuski.ba\/index.php\/2022\/04\/22\/covic-ne-prihvate-li-se-izmjene-izbornog-zakona-hns-ce-sredinom-svibnja-donijeti-konkretne-odluke\/\" \/>\n<meta property=\"og:site_name\" content=\"RADIO LJUBU\u0160KI\" \/>\n<meta property=\"article:publisher\" content=\"https:\/\/www.facebook.com\/Radiio-Ljubuski-1490835324566332\" \/>\n<meta property=\"article:published_time\" content=\"2022-04-22T15:51:05+00:00\" \/>\n<meta property=\"article:modified_time\" content=\"2022-04-22T15:51:06+00:00\" \/>\n<meta property=\"og:image\" content=\"https:\/\/radioljubuski.ba\/wp-content\/uploads\/2021\/09\/covic.jpg\" \/>\n\t<meta property=\"og:image:width\" content=\"1000\" \/>\n\t<meta property=\"og:image:height\" content=\"625\" \/>\n\t<meta property=\"og:image:type\" content=\"image\/jpeg\" \/>\n<meta name=\"author\" content=\"Radio Ljubu\u0161ki\" \/>\n<meta name=\"twitter:card\" content=\"summary_large_image\" \/>\n<meta name=\"twitter:creator\" content=\"@radioljubuski\" \/>\n<meta name=\"twitter:site\" content=\"@radioljubuski\" \/>\n<meta name=\"twitter:label1\" content=\"Napisao\/la\" \/>\n\t<meta name=\"twitter:data1\" content=\"Radio Ljubu\u0161ki\" \/>\n\t<meta name=\"twitter:label2\" content=\"Procijenjeno vrijeme \u010ditanja\" \/>\n\t<meta name=\"twitter:data2\" content=\"1 minuta\" \/>\n<script type=\"application\/ld+json\" class=\"yoast-schema-graph\">{\"@context\":\"https:\\\/\\\/schema.org\",\"@graph\":[{\"@type\":\"Article\",\"@id\":\"https:\\\/\\\/radioljubuski.ba\\\/index.php\\\/2022\\\/04\\\/22\\\/covic-ne-prihvate-li-se-izmjene-izbornog-zakona-hns-ce-sredinom-svibnja-donijeti-konkretne-odluke\\\/#article\",\"isPartOf\":{\"@id\":\"https:\\\/\\\/radioljubuski.ba\\\/index.php\\\/2022\\\/04\\\/22\\\/covic-ne-prihvate-li-se-izmjene-izbornog-zakona-hns-ce-sredinom-svibnja-donijeti-konkretne-odluke\\\/\"},\"author\":{\"name\":\"Radio Ljubu\u0161ki\",\"@id\":\"https:\\\/\\\/radioljubuski.ba\\\/#\\\/schema\\\/person\\\/19fc700381a780f69665d7956c469e3b\"},\"headline\":\"\u010covi\u0107: Ne prihvate li se izmjene Izbornog zakona, HNS \u0107e sredinom svibnja donijeti konkretne odluke\",\"datePublished\":\"2022-04-22T15:51:05+00:00\",\"dateModified\":\"2022-04-22T15:51:06+00:00\",\"mainEntityOfPage\":{\"@id\":\"https:\\\/\\\/radioljubuski.ba\\\/index.php\\\/2022\\\/04\\\/22\\\/covic-ne-prihvate-li-se-izmjene-izbornog-zakona-hns-ce-sredinom-svibnja-donijeti-konkretne-odluke\\\/\"},\"wordCount\":241,\"publisher\":{\"@id\":\"https:\\\/\\\/radioljubuski.ba\\\/#organization\"},\"image\":{\"@id\":\"https:\\\/\\\/radioljubuski.ba\\\/index.php\\\/2022\\\/04\\\/22\\\/covic-ne-prihvate-li-se-izmjene-izbornog-zakona-hns-ce-sredinom-svibnja-donijeti-konkretne-odluke\\\/#primaryimage\"},\"thumbnailUrl\":\"https:\\\/\\\/radioljubuski.ba\\\/wp-content\\\/uploads\\\/2021\\\/09\\\/covic.jpg\",\"articleSection\":[\"BIH i regija\"],\"inLanguage\":\"hr\"},{\"@type\":\"WebPage\",\"@id\":\"https:\\\/\\\/radioljubuski.ba\\\/index.php\\\/2022\\\/04\\\/22\\\/covic-ne-prihvate-li-se-izmjene-izbornog-zakona-hns-ce-sredinom-svibnja-donijeti-konkretne-odluke\\\/\",\"url\":\"https:\\\/\\\/radioljubuski.ba\\\/index.php\\\/2022\\\/04\\\/22\\\/covic-ne-prihvate-li-se-izmjene-izbornog-zakona-hns-ce-sredinom-svibnja-donijeti-konkretne-odluke\\\/\",\"name\":\"\u010covi\u0107: Ne prihvate li se izmjene Izbornog zakona, HNS \u0107e sredinom svibnja donijeti konkretne odluke - RADIO LJUBU\u0160KI\",\"isPartOf\":{\"@id\":\"https:\\\/\\\/radioljubuski.ba\\\/#website\"},\"primaryImageOfPage\":{\"@id\":\"https:\\\/\\\/radioljubuski.ba\\\/index.php\\\/2022\\\/04\\\/22\\\/covic-ne-prihvate-li-se-izmjene-izbornog-zakona-hns-ce-sredinom-svibnja-donijeti-konkretne-odluke\\\/#primaryimage\"},\"image\":{\"@id\":\"https:\\\/\\\/radioljubuski.ba\\\/index.php\\\/2022\\\/04\\\/22\\\/covic-ne-prihvate-li-se-izmjene-izbornog-zakona-hns-ce-sredinom-svibnja-donijeti-konkretne-odluke\\\/#primaryimage\"},\"thumbnailUrl\":\"https:\\\/\\\/radioljubuski.ba\\\/wp-content\\\/uploads\\\/2021\\\/09\\\/covic.jpg\",\"datePublished\":\"2022-04-22T15:51:05+00:00\",\"dateModified\":\"2022-04-22T15:51:06+00:00\",\"breadcrumb\":{\"@id\":\"https:\\\/\\\/radioljubuski.ba\\\/index.php\\\/2022\\\/04\\\/22\\\/covic-ne-prihvate-li-se-izmjene-izbornog-zakona-hns-ce-sredinom-svibnja-donijeti-konkretne-odluke\\\/#breadcrumb\"},\"inLanguage\":\"hr\",\"potentialAction\":[{\"@type\":\"ReadAction\",\"target\":[\"https:\\\/\\\/radioljubuski.ba\\\/index.php\\\/2022\\\/04\\\/22\\\/covic-ne-prihvate-li-se-izmjene-izbornog-zakona-hns-ce-sredinom-svibnja-donijeti-konkretne-odluke\\\/\"]}]},{\"@type\":\"ImageObject\",\"inLanguage\":\"hr\",\"@id\":\"https:\\\/\\\/radioljubuski.ba\\\/index.php\\\/2022\\\/04\\\/22\\\/covic-ne-prihvate-li-se-izmjene-izbornog-zakona-hns-ce-sredinom-svibnja-donijeti-konkretne-odluke\\\/#primaryimage\",\"url\":\"https:\\\/\\\/radioljubuski.ba\\\/wp-content\\\/uploads\\\/2021\\\/09\\\/covic.jpg\",\"contentUrl\":\"https:\\\/\\\/radioljubuski.ba\\\/wp-content\\\/uploads\\\/2021\\\/09\\\/covic.jpg\",\"width\":1000,\"height\":625},{\"@type\":\"BreadcrumbList\",\"@id\":\"https:\\\/\\\/radioljubuski.ba\\\/index.php\\\/2022\\\/04\\\/22\\\/covic-ne-prihvate-li-se-izmjene-izbornog-zakona-hns-ce-sredinom-svibnja-donijeti-konkretne-odluke\\\/#breadcrumb\",\"itemListElement\":[{\"@type\":\"ListItem\",\"position\":1,\"name\":\"Po\u010detna stranica\",\"item\":\"https:\\\/\\\/radioljubuski.ba\\\/\"},{\"@type\":\"ListItem\",\"position\":2,\"name\":\"\u010covi\u0107: Ne prihvate li se izmjene Izbornog zakona, HNS \u0107e sredinom svibnja donijeti konkretne odluke\"}]},{\"@type\":\"WebSite\",\"@id\":\"https:\\\/\\\/radioljubuski.ba\\\/#website\",\"url\":\"https:\\\/\\\/radioljubuski.ba\\\/\",\"name\":\"Radio Ljubu\u0161ki\",\"description\":\"Sun\u010dana frekvencija Hercegovine\",\"publisher\":{\"@id\":\"https:\\\/\\\/radioljubuski.ba\\\/#organization\"},\"potentialAction\":[{\"@type\":\"SearchAction\",\"target\":{\"@type\":\"EntryPoint\",\"urlTemplate\":\"https:\\\/\\\/radioljubuski.ba\\\/?s={search_term_string}\"},\"query-input\":{\"@type\":\"PropertyValueSpecification\",\"valueRequired\":true,\"valueName\":\"search_term_string\"}}],\"inLanguage\":\"hr\"},{\"@type\":\"Organization\",\"@id\":\"https:\\\/\\\/radioljubuski.ba\\\/#organization\",\"name\":\"Radio Ljubu\u0161ki\",\"url\":\"https:\\\/\\\/radioljubuski.ba\\\/\",\"logo\":{\"@type\":\"ImageObject\",\"inLanguage\":\"hr\",\"@id\":\"https:\\\/\\\/radioljubuski.ba\\\/#\\\/schema\\\/logo\\\/image\\\/\",\"url\":\"https:\\\/\\\/radioljubuski.ba\\\/wp-content\\\/uploads\\\/2021\\\/02\\\/cropped-Radio_Ljubuski_logo1.jpg\",\"contentUrl\":\"https:\\\/\\\/radioljubuski.ba\\\/wp-content\\\/uploads\\\/2021\\\/02\\\/cropped-Radio_Ljubuski_logo1.jpg\",\"width\":512,\"height\":512,\"caption\":\"Radio Ljubu\u0161ki\"},\"image\":{\"@id\":\"https:\\\/\\\/radioljubuski.ba\\\/#\\\/schema\\\/logo\\\/image\\\/\"},\"sameAs\":[\"https:\\\/\\\/www.facebook.com\\\/Radiio-Ljubuski-1490835324566332\",\"https:\\\/\\\/x.com\\\/radioljubuski\",\"https:\\\/\\\/hr.linkedin.com\\\/company\\\/radio-ljubuski\",\"https:\\\/\\\/www.youtube.com\\\/channel\\\/UCHYaeO_n0Db3tjNGudGpXyw\"]},{\"@type\":\"Person\",\"@id\":\"https:\\\/\\\/radioljubuski.ba\\\/#\\\/schema\\\/person\\\/19fc700381a780f69665d7956c469e3b\",\"name\":\"Radio Ljubu\u0161ki\"}]}<\/script>\n<!-- \/ Yoast SEO plugin. -->","yoast_head_json":{"title":"\u010covi\u0107: Ne prihvate li se izmjene Izbornog zakona, HNS \u0107e sredinom svibnja donijeti konkretne odluke - RADIO LJUBU\u0160KI","robots":{"index":"index","follow":"follow","max-snippet":"max-snippet:-1","max-image-preview":"max-image-preview:large","max-video-preview":"max-video-preview:-1"},"canonical":"https:\/\/radioljubuski.ba\/index.php\/2022\/04\/22\/covic-ne-prihvate-li-se-izmjene-izbornog-zakona-hns-ce-sredinom-svibnja-donijeti-konkretne-odluke\/","og_locale":"hr_HR","og_type":"article","og_title":"\u010covi\u0107: Ne prihvate li se izmjene Izbornog zakona, HNS \u0107e sredinom svibnja donijeti konkretne odluke - RADIO LJUBU\u0160KI","og_description":"Predsjedavaju\u0107i Doma naroda Parlamentarne skup\u0161tine BiH Dragan \u010covi\u0107 sazvao je \u017eurnu sjednicu toga tijela koja \u0107e se odr\u017eati 26. travnja, a na kojoj \u0107e se na\u0107i HNS-ov prijedlog izmjena izbornog zakonodavstva. Na konferenciji za novinare odr\u017eanoj nakon sjednice Predsjedni\u0161tva Hrvatskog narodnog sabora (HNS) \u010covi\u0107 je kazao kako je time dana jo\u0161 jedna \u0161ansa da se, [&hellip;]","og_url":"https:\/\/radioljubuski.ba\/index.php\/2022\/04\/22\/covic-ne-prihvate-li-se-izmjene-izbornog-zakona-hns-ce-sredinom-svibnja-donijeti-konkretne-odluke\/","og_site_name":"RADIO LJUBU\u0160KI","article_publisher":"https:\/\/www.facebook.com\/Radiio-Ljubuski-1490835324566332","article_published_time":"2022-04-22T15:51:05+00:00","article_modified_time":"2022-04-22T15:51:06+00:00","og_image":[{"width":1000,"height":625,"url":"https:\/\/radioljubuski.ba\/wp-content\/uploads\/2021\/09\/covic.jpg","type":"image\/jpeg"}],"author":"Radio Ljubu\u0161ki","twitter_card":"summary_large_image","twitter_creator":"@radioljubuski","twitter_site":"@radioljubuski","twitter_misc":{"Napisao\/la":"Radio Ljubu\u0161ki","Procijenjeno vrijeme \u010ditanja":"1 minuta"},"schema":{"@context":"https:\/\/schema.org","@graph":[{"@type":"Article","@id":"https:\/\/radioljubuski.ba\/index.php\/2022\/04\/22\/covic-ne-prihvate-li-se-izmjene-izbornog-zakona-hns-ce-sredinom-svibnja-donijeti-konkretne-odluke\/#article","isPartOf":{"@id":"https:\/\/radioljubuski.ba\/index.php\/2022\/04\/22\/covic-ne-prihvate-li-se-izmjene-izbornog-zakona-hns-ce-sredinom-svibnja-donijeti-konkretne-odluke\/"},"author":{"name":"Radio Ljubu\u0161ki","@id":"https:\/\/radioljubuski.ba\/#\/schema\/person\/19fc700381a780f69665d7956c469e3b"},"headline":"\u010covi\u0107: Ne prihvate li se izmjene Izbornog zakona, HNS \u0107e sredinom svibnja donijeti konkretne odluke","datePublished":"2022-04-22T15:51:05+00:00","dateModified":"2022-04-22T15:51:06+00:00","mainEntityOfPage":{"@id":"https:\/\/radioljubuski.ba\/index.php\/2022\/04\/22\/covic-ne-prihvate-li-se-izmjene-izbornog-zakona-hns-ce-sredinom-svibnja-donijeti-konkretne-odluke\/"},"wordCount":241,"publisher":{"@id":"https:\/\/radioljubuski.ba\/#organization"},"image":{"@id":"https:\/\/radioljubuski.ba\/index.php\/2022\/04\/22\/covic-ne-prihvate-li-se-izmjene-izbornog-zakona-hns-ce-sredinom-svibnja-donijeti-konkretne-odluke\/#primaryimage"},"thumbnailUrl":"https:\/\/radioljubuski.ba\/wp-content\/uploads\/2021\/09\/covic.jpg","articleSection":["BIH i regija"],"inLanguage":"hr"},{"@type":"WebPage","@id":"https:\/\/radioljubuski.ba\/index.php\/2022\/04\/22\/covic-ne-prihvate-li-se-izmjene-izbornog-zakona-hns-ce-sredinom-svibnja-donijeti-konkretne-odluke\/","url":"https:\/\/radioljubuski.ba\/index.php\/2022\/04\/22\/covic-ne-prihvate-li-se-izmjene-izbornog-zakona-hns-ce-sredinom-svibnja-donijeti-konkretne-odluke\/","name":"\u010covi\u0107: Ne prihvate li se izmjene Izbornog zakona, HNS \u0107e sredinom svibnja donijeti konkretne odluke - RADIO LJUBU\u0160KI","isPartOf":{"@id":"https:\/\/radioljubuski.ba\/#website"},"primaryImageOfPage":{"@id":"https:\/\/radioljubuski.ba\/index.php\/2022\/04\/22\/covic-ne-prihvate-li-se-izmjene-izbornog-zakona-hns-ce-sredinom-svibnja-donijeti-konkretne-odluke\/#primaryimage"},"image":{"@id":"https:\/\/radioljubuski.ba\/index.php\/2022\/04\/22\/covic-ne-prihvate-li-se-izmjene-izbornog-zakona-hns-ce-sredinom-svibnja-donijeti-konkretne-odluke\/#primaryimage"},"thumbnailUrl":"https:\/\/radioljubuski.ba\/wp-content\/uploads\/2021\/09\/covic.jpg","datePublished":"2022-04-22T15:51:05+00:00","dateModified":"2022-04-22T15:51:06+00:00","breadcrumb":{"@id":"https:\/\/radioljubuski.ba\/index.php\/2022\/04\/22\/covic-ne-prihvate-li-se-izmjene-izbornog-zakona-hns-ce-sredinom-svibnja-donijeti-konkretne-odluke\/#breadcrumb"},"inLanguage":"hr","potentialAction":[{"@type":"ReadAction","target":["https:\/\/radioljubuski.ba\/index.php\/2022\/04\/22\/covic-ne-prihvate-li-se-izmjene-izbornog-zakona-hns-ce-sredinom-svibnja-donijeti-konkretne-odluke\/"]}]},{"@type":"ImageObject","inLanguage":"hr","@id":"https:\/\/radioljubuski.ba\/index.php\/2022\/04\/22\/covic-ne-prihvate-li-se-izmjene-izbornog-zakona-hns-ce-sredinom-svibnja-donijeti-konkretne-odluke\/#primaryimage","url":"https:\/\/radioljubuski.ba\/wp-content\/uploads\/2021\/09\/covic.jpg","contentUrl":"https:\/\/radioljubuski.ba\/wp-content\/uploads\/2021\/09\/covic.jpg","width":1000,"height":625},{"@type":"BreadcrumbList","@id":"https:\/\/radioljubuski.ba\/index.php\/2022\/04\/22\/covic-ne-prihvate-li-se-izmjene-izbornog-zakona-hns-ce-sredinom-svibnja-donijeti-konkretne-odluke\/#breadcrumb","itemListElement":[{"@type":"ListItem","position":1,"name":"Po\u010detna stranica","item":"https:\/\/radioljubuski.ba\/"},{"@type":"ListItem","position":2,"name":"\u010covi\u0107: Ne prihvate li se izmjene Izbornog zakona, HNS \u0107e sredinom svibnja donijeti konkretne odluke"}]},{"@type":"WebSite","@id":"https:\/\/radioljubuski.ba\/#website","url":"https:\/\/radioljubuski.ba\/","name":"Radio Ljubu\u0161ki","description":"Sun\u010dana frekvencija Hercegovine","publisher":{"@id":"https:\/\/radioljubuski.ba\/#organization"},"potentialAction":[{"@type":"SearchAction","target":{"@type":"EntryPoint","urlTemplate":"https:\/\/radioljubuski.ba\/?s={search_term_string}"},"query-input":{"@type":"PropertyValueSpecification","valueRequired":true,"valueName":"search_term_string"}}],"inLanguage":"hr"},{"@type":"Organization","@id":"https:\/\/radioljubuski.ba\/#organization","name":"Radio Ljubu\u0161ki","url":"https:\/\/radioljubuski.ba\/","logo":{"@type":"ImageObject","inLanguage":"hr","@id":"https:\/\/radioljubuski.ba\/#\/schema\/logo\/image\/","url":"https:\/\/radioljubuski.ba\/wp-content\/uploads\/2021\/02\/cropped-Radio_Ljubuski_logo1.jpg","contentUrl":"https:\/\/radioljubuski.ba\/wp-content\/uploads\/2021\/02\/cropped-Radio_Ljubuski_logo1.jpg","width":512,"height":512,"caption":"Radio Ljubu\u0161ki"},"image":{"@id":"https:\/\/radioljubuski.ba\/#\/schema\/logo\/image\/"},"sameAs":["https:\/\/www.facebook.com\/Radiio-Ljubuski-1490835324566332","https:\/\/x.com\/radioljubuski","https:\/\/hr.linkedin.com\/company\/radio-ljubuski","https:\/\/www.youtube.com\/channel\/UCHYaeO_n0Db3tjNGudGpXyw"]},{"@type":"Person","@id":"https:\/\/radioljubuski.ba\/#\/schema\/person\/19fc700381a780f69665d7956c469e3b","name":"Radio Ljubu\u0161ki"}]}},"_links":{"self":[{"href":"https:\/\/radioljubuski.ba\/index.php\/wp-json\/wp\/v2\/posts\/135306","targetHints":{"allow":["GET"]}}],"collection":[{"href":"https:\/\/radioljubuski.ba\/index.php\/wp-json\/wp\/v2\/posts"}],"about":[{"href":"https:\/\/radioljubuski.ba\/index.php\/wp-json\/wp\/v2\/types\/post"}],"author":[{"embeddable":true,"href":"https:\/\/radioljubuski.ba\/index.php\/wp-json\/wp\/v2\/users\/2"}],"replies":[{"embeddable":true,"href":"https:\/\/radioljubuski.ba\/index.php\/wp-json\/wp\/v2\/comments?post=135306"}],"version-history":[{"count":1,"href":"https:\/\/radioljubuski.ba\/index.php\/wp-json\/wp\/v2\/posts\/135306\/revisions"}],"predecessor-version":[{"id":135307,"href":"https:\/\/radioljubuski.ba\/index.php\/wp-json\/wp\/v2\/posts\/135306\/revisions\/135307"}],"wp:featuredmedia":[{"embeddable":true,"href":"https:\/\/radioljubuski.ba\/index.php\/wp-json\/wp\/v2\/media\/60110"}],"wp:attachment":[{"href":"https:\/\/radioljubuski.ba\/index.php\/wp-json\/wp\/v2\/media?parent=135306"}],"wp:term":[{"taxonomy":"category","embeddable":true,"href":"https:\/\/radioljubuski.ba\/index.php\/wp-json\/wp\/v2\/categories?post=135306"},{"taxonomy":"post_tag","embeddable":true,"href":"https:\/\/radioljubuski.ba\/index.php\/wp-json\/wp\/v2\/tags?post=135306"}],"curies":[{"name":"wp","href":"https:\/\/api.w.org\/{rel}","templated":true}]}}