{"id":135321,"date":"2022-04-22T17:39:39","date_gmt":"2022-04-22T16:39:39","guid":{"rendered":"https:\/\/radioljubuski.ba\/?p=135321"},"modified":"2022-04-22T17:39:40","modified_gmt":"2022-04-22T16:39:40","slug":"slaven-raguz-bosnu-i-hercegovinu-ceka-velika-postizborna-kriza","status":"publish","type":"post","link":"https:\/\/radioljubuski.ba\/index.php\/2022\/04\/22\/slaven-raguz-bosnu-i-hercegovinu-ceka-velika-postizborna-kriza\/","title":{"rendered":"Slaven Ragu\u017e: Bosnu i Hercegovinu \u010deka velika postizborna kriza"},"content":{"rendered":"\n<p>Na nama iz BiH sada je odgovornost da zajedni\u010dkim snagama izgradimo dr\u017eavu po mjeri sva tri konstitutivna naroda, ali i po mjeri svakoga \u010dovjeka, a ne po mjeri politi\u010dkih elita ili onih koji \u017eele nametanjem politika graditi Bosnu i Hercegovinu po mjeri samih sebe \u2013 istaknuo je Slaven Ragu\u017e, predsjednik Hrvatske republikanske stranke nakon okruglog stola odr\u017eanog u petak u Mostaru gdje su sudjelovali Europski konzervativci i reformisti (Klub zastupnika u Europskom parlamentu &#8211; ECR).<\/p>\n\n\n\n<p>Ocjenjuje da \u0107e se izbori u BiH odr\u017eati u listopadu \u0161to je, kako ka\u017ee, bilo jasno jo\u0161 prije vi\u0161e od godinu dana.<\/p>\n\n\n\n<p>-Do\u0161li smo u situaciju da \u0107emo vrlo vjerojatno na izborima u BiH do\u017eivjeti ponovno ga\u017eenje na\u0161ih ljudskih, politi\u010dkih i gra\u0111anskih prava kandidiranjem \u017deljka Kom\u0161i\u0107a na mjesto hrvatskoga \u010dlana Predsjedni\u0161tva &#8211; naglasio je on.<\/p>\n\n\n\n<p>Smatra kako \u0107e to Bosnu i Hercegovinu uvesti u jednu ogromnu postizbornu krizu.<\/p>\n\n\n\n<p>-Do\u017eivjet \u0107emo krizu ne samo po pitanju ga\u017eenja ljudskih prava, nego i prakti\u010dnu krizu. Po mojoj procjeni, ponovno se ne\u0107e mo\u0107i formirati Vlada FBiH, kao ni Vlada HN\u017d-a, na primjer. Imat \u0107emo tre\u0107i mandat istih ljudi koji obna\u0161aju ve\u0107 drugi mandat u tehni\u010dkom mandatu. Vrlo vjerojatno se ne\u0107e mo\u0107i formirati ni domovi naroda. Imat \u0107emo kaoti\u010dnu situaciju u Bosni i Hercegovini \u2013 isti\u010de Ragu\u017e.<\/p>\n\n\n\n<p>Podsje\u0107a kako \u0107e koncem godine iste\u0107i mandat EUFOR-u, navode\u0107i kako &#8220;Rusija i Kina ne\u0107e dopustiti da se taj ugovor produ\u017ei&#8221;.<\/p>\n\n\n\n<p>-Proruski element \u0107e jedva do\u010dekati zloupotrijebiti krizu u BiH da fokus s Ukrajine prebaci na BiH, odnosno da se kriza generira na podru\u010dje zapadnog Balkana \u2013 dodao je on. &nbsp;<\/p>\n\n\n\n<p>Smatra da se Republika Hrvatska mora proaktivnije uklju\u010diti, kako navodi prvenstveno u rad PIC-a, Vije\u0107a za implementaciju mira gdje je Hrvatska \u010dlan, ali i u Vije\u0107u Europe.<\/p>\n\n\n\n<p>-Hrvatska ne iskori\u0161tava dovoljno svoj diplomatski potencijal. Mora se anga\u017eirati sav diplomatski kapacitet Hrvatske koji ima kako bi se \u0161teta sanirala, ali i kako bi se BiH napravila po mjeri sva tri naroda \u2013 kazao je Ragu\u017e.<\/p>\n\n\n\n<p>Govore\u0107i o okruglom stolu u Mostaru, istaknuo je kako je tu nazo\u010dilo najbrojnije izaslanstvo Europskog parlamenta koja dolazi u Bosnu i Hercegovinu u posljednjih desetak godina.<\/p>\n\n\n\n<p>-Kao \u0161to vidite, nisu oti\u0161li niti u Banja Luku, niti u Sarajevo. Do\u0161li su u Mostar. Cilj je da se Me\u0111unarodna zajednica upozna sa stvarnim problemima Bosne i Hercegovine i sa \u017eivotom obi\u010dnog \u010dovjeka \u2013 zaklju\u010dio je predsjednik HRS-a.\u00a0<\/p>\n\n\n\n<figure class=\"wp-block-embed is-type-wp-embed is-provider-radio-ljubuski wp-block-embed-radio-ljubuski\"><div class=\"wp-block-embed__wrapper\">\n<blockquote class=\"wp-embedded-content\" data-secret=\"bWSCB6kXsI\"><a href=\"https:\/\/radioljubuski.ba\/index.php\/2022\/04\/22\/ilicic-izvjesno-da-ce-se-izbori-odrzati-doci-ce-do-krize-u-nekim-dijelovima-bih\/\">Ili\u010di\u0107: Izvjesno da \u0107e se izbori odr\u017eati, do\u0107i \u0107e do krize u nekim dijelovima BiH<\/a><\/blockquote><iframe loading=\"lazy\" class=\"wp-embedded-content\" sandbox=\"allow-scripts\" security=\"restricted\" style=\"position: absolute; clip: rect(1px, 1px, 1px, 1px);\" title=\"&#8220;Ili\u010di\u0107: Izvjesno da \u0107e se izbori odr\u017eati, do\u0107i \u0107e do krize u nekim dijelovima BiH&#8221; &#8212;   RADIO LJUBU\u0160KI\" src=\"https:\/\/radioljubuski.ba\/index.php\/2022\/04\/22\/ilicic-izvjesno-da-ce-se-izbori-odrzati-doci-ce-do-krize-u-nekim-dijelovima-bih\/embed\/#?secret=aZBo0sWFoC#?secret=bWSCB6kXsI\" data-secret=\"bWSCB6kXsI\" width=\"600\" height=\"338\" frameborder=\"0\" marginwidth=\"0\" marginheight=\"0\" scrolling=\"no\"><\/iframe>\n<\/div><\/figure>\n\n\n\n<p>Izvor:pogled.ba<\/p>\n","protected":false},"excerpt":{"rendered":"<p>Na nama iz BiH sada je odgovornost da zajedni\u010dkim snagama izgradimo dr\u017eavu po mjeri sva tri konstitutivna naroda, ali i po mjeri svakoga \u010dovjeka, a ne po mjeri politi\u010dkih elita ili onih koji \u017eele nametanjem politika graditi Bosnu i Hercegovinu po mjeri samih sebe \u2013 istaknuo je Slaven Ragu\u017e, predsjednik Hrvatske republikanske stranke nakon okruglog [&hellip;]<\/p>\n","protected":false},"author":2,"featured_media":114819,"comment_status":"closed","ping_status":"closed","sticky":false,"template":"","format":"standard","meta":{"h5ap_radio_sources":[],"footnotes":""},"categories":[1],"tags":[],"class_list":["post-135321","post","type-post","status-publish","format-standard","has-post-thumbnail","hentry","category-bihiregija"],"yoast_head":"<!-- This site is optimized with the Yoast SEO plugin v27.5 - https:\/\/yoast.com\/product\/yoast-seo-wordpress\/ -->\n<title>Slaven Ragu\u017e: Bosnu i Hercegovinu \u010deka velika postizborna kriza - RADIO LJUBU\u0160KI<\/title>\n<meta name=\"robots\" content=\"index, follow, max-snippet:-1, max-image-preview:large, max-video-preview:-1\" \/>\n<link rel=\"canonical\" href=\"https:\/\/radioljubuski.ba\/index.php\/2022\/04\/22\/slaven-raguz-bosnu-i-hercegovinu-ceka-velika-postizborna-kriza\/\" \/>\n<meta property=\"og:locale\" content=\"hr_HR\" \/>\n<meta property=\"og:type\" content=\"article\" \/>\n<meta property=\"og:title\" content=\"Slaven Ragu\u017e: Bosnu i Hercegovinu \u010deka velika postizborna kriza - RADIO LJUBU\u0160KI\" \/>\n<meta property=\"og:description\" content=\"Na nama iz BiH sada je odgovornost da zajedni\u010dkim snagama izgradimo dr\u017eavu po mjeri sva tri konstitutivna naroda, ali i po mjeri svakoga \u010dovjeka, a ne po mjeri politi\u010dkih elita ili onih koji \u017eele nametanjem politika graditi Bosnu i Hercegovinu po mjeri samih sebe \u2013 istaknuo je Slaven Ragu\u017e, predsjednik Hrvatske republikanske stranke nakon okruglog [&hellip;]\" \/>\n<meta property=\"og:url\" content=\"https:\/\/radioljubuski.ba\/index.php\/2022\/04\/22\/slaven-raguz-bosnu-i-hercegovinu-ceka-velika-postizborna-kriza\/\" \/>\n<meta property=\"og:site_name\" content=\"RADIO LJUBU\u0160KI\" \/>\n<meta property=\"article:publisher\" content=\"https:\/\/www.facebook.com\/Radiio-Ljubuski-1490835324566332\" \/>\n<meta property=\"article:published_time\" content=\"2022-04-22T16:39:39+00:00\" \/>\n<meta property=\"article:modified_time\" content=\"2022-04-22T16:39:40+00:00\" \/>\n<meta property=\"og:image\" content=\"https:\/\/radioljubuski.ba\/wp-content\/uploads\/2022\/02\/slaven-raguz.png\" \/>\n\t<meta property=\"og:image:width\" content=\"1024\" \/>\n\t<meta property=\"og:image:height\" content=\"540\" \/>\n\t<meta property=\"og:image:type\" content=\"image\/png\" \/>\n<meta name=\"author\" content=\"Radio Ljubu\u0161ki\" \/>\n<meta name=\"twitter:card\" content=\"summary_large_image\" \/>\n<meta name=\"twitter:creator\" content=\"@radioljubuski\" \/>\n<meta name=\"twitter:site\" content=\"@radioljubuski\" \/>\n<meta name=\"twitter:label1\" content=\"Napisao\/la\" \/>\n\t<meta name=\"twitter:data1\" content=\"Radio Ljubu\u0161ki\" \/>\n\t<meta name=\"twitter:label2\" content=\"Procijenjeno vrijeme \u010ditanja\" \/>\n\t<meta name=\"twitter:data2\" content=\"2 minute\" \/>\n<script type=\"application\/ld+json\" class=\"yoast-schema-graph\">{\"@context\":\"https:\\\/\\\/schema.org\",\"@graph\":[{\"@type\":\"Article\",\"@id\":\"https:\\\/\\\/radioljubuski.ba\\\/index.php\\\/2022\\\/04\\\/22\\\/slaven-raguz-bosnu-i-hercegovinu-ceka-velika-postizborna-kriza\\\/#article\",\"isPartOf\":{\"@id\":\"https:\\\/\\\/radioljubuski.ba\\\/index.php\\\/2022\\\/04\\\/22\\\/slaven-raguz-bosnu-i-hercegovinu-ceka-velika-postizborna-kriza\\\/\"},\"author\":{\"name\":\"Radio Ljubu\u0161ki\",\"@id\":\"https:\\\/\\\/radioljubuski.ba\\\/#\\\/schema\\\/person\\\/19fc700381a780f69665d7956c469e3b\"},\"headline\":\"Slaven Ragu\u017e: Bosnu i Hercegovinu \u010deka velika postizborna kriza\",\"datePublished\":\"2022-04-22T16:39:39+00:00\",\"dateModified\":\"2022-04-22T16:39:40+00:00\",\"mainEntityOfPage\":{\"@id\":\"https:\\\/\\\/radioljubuski.ba\\\/index.php\\\/2022\\\/04\\\/22\\\/slaven-raguz-bosnu-i-hercegovinu-ceka-velika-postizborna-kriza\\\/\"},\"wordCount\":447,\"publisher\":{\"@id\":\"https:\\\/\\\/radioljubuski.ba\\\/#organization\"},\"image\":{\"@id\":\"https:\\\/\\\/radioljubuski.ba\\\/index.php\\\/2022\\\/04\\\/22\\\/slaven-raguz-bosnu-i-hercegovinu-ceka-velika-postizborna-kriza\\\/#primaryimage\"},\"thumbnailUrl\":\"https:\\\/\\\/radioljubuski.ba\\\/wp-content\\\/uploads\\\/2022\\\/02\\\/slaven-raguz.png\",\"articleSection\":[\"BIH i regija\"],\"inLanguage\":\"hr\"},{\"@type\":\"WebPage\",\"@id\":\"https:\\\/\\\/radioljubuski.ba\\\/index.php\\\/2022\\\/04\\\/22\\\/slaven-raguz-bosnu-i-hercegovinu-ceka-velika-postizborna-kriza\\\/\",\"url\":\"https:\\\/\\\/radioljubuski.ba\\\/index.php\\\/2022\\\/04\\\/22\\\/slaven-raguz-bosnu-i-hercegovinu-ceka-velika-postizborna-kriza\\\/\",\"name\":\"Slaven Ragu\u017e: Bosnu i Hercegovinu \u010deka velika postizborna kriza - RADIO LJUBU\u0160KI\",\"isPartOf\":{\"@id\":\"https:\\\/\\\/radioljubuski.ba\\\/#website\"},\"primaryImageOfPage\":{\"@id\":\"https:\\\/\\\/radioljubuski.ba\\\/index.php\\\/2022\\\/04\\\/22\\\/slaven-raguz-bosnu-i-hercegovinu-ceka-velika-postizborna-kriza\\\/#primaryimage\"},\"image\":{\"@id\":\"https:\\\/\\\/radioljubuski.ba\\\/index.php\\\/2022\\\/04\\\/22\\\/slaven-raguz-bosnu-i-hercegovinu-ceka-velika-postizborna-kriza\\\/#primaryimage\"},\"thumbnailUrl\":\"https:\\\/\\\/radioljubuski.ba\\\/wp-content\\\/uploads\\\/2022\\\/02\\\/slaven-raguz.png\",\"datePublished\":\"2022-04-22T16:39:39+00:00\",\"dateModified\":\"2022-04-22T16:39:40+00:00\",\"breadcrumb\":{\"@id\":\"https:\\\/\\\/radioljubuski.ba\\\/index.php\\\/2022\\\/04\\\/22\\\/slaven-raguz-bosnu-i-hercegovinu-ceka-velika-postizborna-kriza\\\/#breadcrumb\"},\"inLanguage\":\"hr\",\"potentialAction\":[{\"@type\":\"ReadAction\",\"target\":[\"https:\\\/\\\/radioljubuski.ba\\\/index.php\\\/2022\\\/04\\\/22\\\/slaven-raguz-bosnu-i-hercegovinu-ceka-velika-postizborna-kriza\\\/\"]}]},{\"@type\":\"ImageObject\",\"inLanguage\":\"hr\",\"@id\":\"https:\\\/\\\/radioljubuski.ba\\\/index.php\\\/2022\\\/04\\\/22\\\/slaven-raguz-bosnu-i-hercegovinu-ceka-velika-postizborna-kriza\\\/#primaryimage\",\"url\":\"https:\\\/\\\/radioljubuski.ba\\\/wp-content\\\/uploads\\\/2022\\\/02\\\/slaven-raguz.png\",\"contentUrl\":\"https:\\\/\\\/radioljubuski.ba\\\/wp-content\\\/uploads\\\/2022\\\/02\\\/slaven-raguz.png\",\"width\":1024,\"height\":540},{\"@type\":\"BreadcrumbList\",\"@id\":\"https:\\\/\\\/radioljubuski.ba\\\/index.php\\\/2022\\\/04\\\/22\\\/slaven-raguz-bosnu-i-hercegovinu-ceka-velika-postizborna-kriza\\\/#breadcrumb\",\"itemListElement\":[{\"@type\":\"ListItem\",\"position\":1,\"name\":\"Po\u010detna stranica\",\"item\":\"https:\\\/\\\/radioljubuski.ba\\\/\"},{\"@type\":\"ListItem\",\"position\":2,\"name\":\"Slaven Ragu\u017e: Bosnu i Hercegovinu \u010deka velika postizborna kriza\"}]},{\"@type\":\"WebSite\",\"@id\":\"https:\\\/\\\/radioljubuski.ba\\\/#website\",\"url\":\"https:\\\/\\\/radioljubuski.ba\\\/\",\"name\":\"Radio Ljubu\u0161ki\",\"description\":\"Sun\u010dana frekvencija Hercegovine\",\"publisher\":{\"@id\":\"https:\\\/\\\/radioljubuski.ba\\\/#organization\"},\"potentialAction\":[{\"@type\":\"SearchAction\",\"target\":{\"@type\":\"EntryPoint\",\"urlTemplate\":\"https:\\\/\\\/radioljubuski.ba\\\/?s={search_term_string}\"},\"query-input\":{\"@type\":\"PropertyValueSpecification\",\"valueRequired\":true,\"valueName\":\"search_term_string\"}}],\"inLanguage\":\"hr\"},{\"@type\":\"Organization\",\"@id\":\"https:\\\/\\\/radioljubuski.ba\\\/#organization\",\"name\":\"Radio Ljubu\u0161ki\",\"url\":\"https:\\\/\\\/radioljubuski.ba\\\/\",\"logo\":{\"@type\":\"ImageObject\",\"inLanguage\":\"hr\",\"@id\":\"https:\\\/\\\/radioljubuski.ba\\\/#\\\/schema\\\/logo\\\/image\\\/\",\"url\":\"https:\\\/\\\/radioljubuski.ba\\\/wp-content\\\/uploads\\\/2021\\\/02\\\/cropped-Radio_Ljubuski_logo1.jpg\",\"contentUrl\":\"https:\\\/\\\/radioljubuski.ba\\\/wp-content\\\/uploads\\\/2021\\\/02\\\/cropped-Radio_Ljubuski_logo1.jpg\",\"width\":512,\"height\":512,\"caption\":\"Radio Ljubu\u0161ki\"},\"image\":{\"@id\":\"https:\\\/\\\/radioljubuski.ba\\\/#\\\/schema\\\/logo\\\/image\\\/\"},\"sameAs\":[\"https:\\\/\\\/www.facebook.com\\\/Radiio-Ljubuski-1490835324566332\",\"https:\\\/\\\/x.com\\\/radioljubuski\",\"https:\\\/\\\/hr.linkedin.com\\\/company\\\/radio-ljubuski\",\"https:\\\/\\\/www.youtube.com\\\/channel\\\/UCHYaeO_n0Db3tjNGudGpXyw\"]},{\"@type\":\"Person\",\"@id\":\"https:\\\/\\\/radioljubuski.ba\\\/#\\\/schema\\\/person\\\/19fc700381a780f69665d7956c469e3b\",\"name\":\"Radio Ljubu\u0161ki\"}]}<\/script>\n<!-- \/ Yoast SEO plugin. -->","yoast_head_json":{"title":"Slaven Ragu\u017e: Bosnu i Hercegovinu \u010deka velika postizborna kriza - RADIO LJUBU\u0160KI","robots":{"index":"index","follow":"follow","max-snippet":"max-snippet:-1","max-image-preview":"max-image-preview:large","max-video-preview":"max-video-preview:-1"},"canonical":"https:\/\/radioljubuski.ba\/index.php\/2022\/04\/22\/slaven-raguz-bosnu-i-hercegovinu-ceka-velika-postizborna-kriza\/","og_locale":"hr_HR","og_type":"article","og_title":"Slaven Ragu\u017e: Bosnu i Hercegovinu \u010deka velika postizborna kriza - RADIO LJUBU\u0160KI","og_description":"Na nama iz BiH sada je odgovornost da zajedni\u010dkim snagama izgradimo dr\u017eavu po mjeri sva tri konstitutivna naroda, ali i po mjeri svakoga \u010dovjeka, a ne po mjeri politi\u010dkih elita ili onih koji \u017eele nametanjem politika graditi Bosnu i Hercegovinu po mjeri samih sebe \u2013 istaknuo je Slaven Ragu\u017e, predsjednik Hrvatske republikanske stranke nakon okruglog [&hellip;]","og_url":"https:\/\/radioljubuski.ba\/index.php\/2022\/04\/22\/slaven-raguz-bosnu-i-hercegovinu-ceka-velika-postizborna-kriza\/","og_site_name":"RADIO LJUBU\u0160KI","article_publisher":"https:\/\/www.facebook.com\/Radiio-Ljubuski-1490835324566332","article_published_time":"2022-04-22T16:39:39+00:00","article_modified_time":"2022-04-22T16:39:40+00:00","og_image":[{"width":1024,"height":540,"url":"https:\/\/radioljubuski.ba\/wp-content\/uploads\/2022\/02\/slaven-raguz.png","type":"image\/png"}],"author":"Radio Ljubu\u0161ki","twitter_card":"summary_large_image","twitter_creator":"@radioljubuski","twitter_site":"@radioljubuski","twitter_misc":{"Napisao\/la":"Radio Ljubu\u0161ki","Procijenjeno vrijeme \u010ditanja":"2 minute"},"schema":{"@context":"https:\/\/schema.org","@graph":[{"@type":"Article","@id":"https:\/\/radioljubuski.ba\/index.php\/2022\/04\/22\/slaven-raguz-bosnu-i-hercegovinu-ceka-velika-postizborna-kriza\/#article","isPartOf":{"@id":"https:\/\/radioljubuski.ba\/index.php\/2022\/04\/22\/slaven-raguz-bosnu-i-hercegovinu-ceka-velika-postizborna-kriza\/"},"author":{"name":"Radio Ljubu\u0161ki","@id":"https:\/\/radioljubuski.ba\/#\/schema\/person\/19fc700381a780f69665d7956c469e3b"},"headline":"Slaven Ragu\u017e: Bosnu i Hercegovinu \u010deka velika postizborna kriza","datePublished":"2022-04-22T16:39:39+00:00","dateModified":"2022-04-22T16:39:40+00:00","mainEntityOfPage":{"@id":"https:\/\/radioljubuski.ba\/index.php\/2022\/04\/22\/slaven-raguz-bosnu-i-hercegovinu-ceka-velika-postizborna-kriza\/"},"wordCount":447,"publisher":{"@id":"https:\/\/radioljubuski.ba\/#organization"},"image":{"@id":"https:\/\/radioljubuski.ba\/index.php\/2022\/04\/22\/slaven-raguz-bosnu-i-hercegovinu-ceka-velika-postizborna-kriza\/#primaryimage"},"thumbnailUrl":"https:\/\/radioljubuski.ba\/wp-content\/uploads\/2022\/02\/slaven-raguz.png","articleSection":["BIH i regija"],"inLanguage":"hr"},{"@type":"WebPage","@id":"https:\/\/radioljubuski.ba\/index.php\/2022\/04\/22\/slaven-raguz-bosnu-i-hercegovinu-ceka-velika-postizborna-kriza\/","url":"https:\/\/radioljubuski.ba\/index.php\/2022\/04\/22\/slaven-raguz-bosnu-i-hercegovinu-ceka-velika-postizborna-kriza\/","name":"Slaven Ragu\u017e: Bosnu i Hercegovinu \u010deka velika postizborna kriza - RADIO LJUBU\u0160KI","isPartOf":{"@id":"https:\/\/radioljubuski.ba\/#website"},"primaryImageOfPage":{"@id":"https:\/\/radioljubuski.ba\/index.php\/2022\/04\/22\/slaven-raguz-bosnu-i-hercegovinu-ceka-velika-postizborna-kriza\/#primaryimage"},"image":{"@id":"https:\/\/radioljubuski.ba\/index.php\/2022\/04\/22\/slaven-raguz-bosnu-i-hercegovinu-ceka-velika-postizborna-kriza\/#primaryimage"},"thumbnailUrl":"https:\/\/radioljubuski.ba\/wp-content\/uploads\/2022\/02\/slaven-raguz.png","datePublished":"2022-04-22T16:39:39+00:00","dateModified":"2022-04-22T16:39:40+00:00","breadcrumb":{"@id":"https:\/\/radioljubuski.ba\/index.php\/2022\/04\/22\/slaven-raguz-bosnu-i-hercegovinu-ceka-velika-postizborna-kriza\/#breadcrumb"},"inLanguage":"hr","potentialAction":[{"@type":"ReadAction","target":["https:\/\/radioljubuski.ba\/index.php\/2022\/04\/22\/slaven-raguz-bosnu-i-hercegovinu-ceka-velika-postizborna-kriza\/"]}]},{"@type":"ImageObject","inLanguage":"hr","@id":"https:\/\/radioljubuski.ba\/index.php\/2022\/04\/22\/slaven-raguz-bosnu-i-hercegovinu-ceka-velika-postizborna-kriza\/#primaryimage","url":"https:\/\/radioljubuski.ba\/wp-content\/uploads\/2022\/02\/slaven-raguz.png","contentUrl":"https:\/\/radioljubuski.ba\/wp-content\/uploads\/2022\/02\/slaven-raguz.png","width":1024,"height":540},{"@type":"BreadcrumbList","@id":"https:\/\/radioljubuski.ba\/index.php\/2022\/04\/22\/slaven-raguz-bosnu-i-hercegovinu-ceka-velika-postizborna-kriza\/#breadcrumb","itemListElement":[{"@type":"ListItem","position":1,"name":"Po\u010detna stranica","item":"https:\/\/radioljubuski.ba\/"},{"@type":"ListItem","position":2,"name":"Slaven Ragu\u017e: Bosnu i Hercegovinu \u010deka velika postizborna kriza"}]},{"@type":"WebSite","@id":"https:\/\/radioljubuski.ba\/#website","url":"https:\/\/radioljubuski.ba\/","name":"Radio Ljubu\u0161ki","description":"Sun\u010dana frekvencija Hercegovine","publisher":{"@id":"https:\/\/radioljubuski.ba\/#organization"},"potentialAction":[{"@type":"SearchAction","target":{"@type":"EntryPoint","urlTemplate":"https:\/\/radioljubuski.ba\/?s={search_term_string}"},"query-input":{"@type":"PropertyValueSpecification","valueRequired":true,"valueName":"search_term_string"}}],"inLanguage":"hr"},{"@type":"Organization","@id":"https:\/\/radioljubuski.ba\/#organization","name":"Radio Ljubu\u0161ki","url":"https:\/\/radioljubuski.ba\/","logo":{"@type":"ImageObject","inLanguage":"hr","@id":"https:\/\/radioljubuski.ba\/#\/schema\/logo\/image\/","url":"https:\/\/radioljubuski.ba\/wp-content\/uploads\/2021\/02\/cropped-Radio_Ljubuski_logo1.jpg","contentUrl":"https:\/\/radioljubuski.ba\/wp-content\/uploads\/2021\/02\/cropped-Radio_Ljubuski_logo1.jpg","width":512,"height":512,"caption":"Radio Ljubu\u0161ki"},"image":{"@id":"https:\/\/radioljubuski.ba\/#\/schema\/logo\/image\/"},"sameAs":["https:\/\/www.facebook.com\/Radiio-Ljubuski-1490835324566332","https:\/\/x.com\/radioljubuski","https:\/\/hr.linkedin.com\/company\/radio-ljubuski","https:\/\/www.youtube.com\/channel\/UCHYaeO_n0Db3tjNGudGpXyw"]},{"@type":"Person","@id":"https:\/\/radioljubuski.ba\/#\/schema\/person\/19fc700381a780f69665d7956c469e3b","name":"Radio Ljubu\u0161ki"}]}},"_links":{"self":[{"href":"https:\/\/radioljubuski.ba\/index.php\/wp-json\/wp\/v2\/posts\/135321","targetHints":{"allow":["GET"]}}],"collection":[{"href":"https:\/\/radioljubuski.ba\/index.php\/wp-json\/wp\/v2\/posts"}],"about":[{"href":"https:\/\/radioljubuski.ba\/index.php\/wp-json\/wp\/v2\/types\/post"}],"author":[{"embeddable":true,"href":"https:\/\/radioljubuski.ba\/index.php\/wp-json\/wp\/v2\/users\/2"}],"replies":[{"embeddable":true,"href":"https:\/\/radioljubuski.ba\/index.php\/wp-json\/wp\/v2\/comments?post=135321"}],"version-history":[{"count":1,"href":"https:\/\/radioljubuski.ba\/index.php\/wp-json\/wp\/v2\/posts\/135321\/revisions"}],"predecessor-version":[{"id":135322,"href":"https:\/\/radioljubuski.ba\/index.php\/wp-json\/wp\/v2\/posts\/135321\/revisions\/135322"}],"wp:featuredmedia":[{"embeddable":true,"href":"https:\/\/radioljubuski.ba\/index.php\/wp-json\/wp\/v2\/media\/114819"}],"wp:attachment":[{"href":"https:\/\/radioljubuski.ba\/index.php\/wp-json\/wp\/v2\/media?parent=135321"}],"wp:term":[{"taxonomy":"category","embeddable":true,"href":"https:\/\/radioljubuski.ba\/index.php\/wp-json\/wp\/v2\/categories?post=135321"},{"taxonomy":"post_tag","embeddable":true,"href":"https:\/\/radioljubuski.ba\/index.php\/wp-json\/wp\/v2\/tags?post=135321"}],"curies":[{"name":"wp","href":"https:\/\/api.w.org\/{rel}","templated":true}]}}