{"id":135358,"date":"2022-04-22T18:21:34","date_gmt":"2022-04-22T17:21:34","guid":{"rendered":"https:\/\/radioljubuski.ba\/?p=135358"},"modified":"2022-04-22T18:21:34","modified_gmt":"2022-04-22T17:21:34","slug":"pregledom-arene-nije-pronadena-bomba-tomasevic-pronaci-i-kazniti-tu-budalu","status":"publish","type":"post","link":"https:\/\/radioljubuski.ba\/index.php\/2022\/04\/22\/pregledom-arene-nije-pronadena-bomba-tomasevic-pronaci-i-kazniti-tu-budalu\/","title":{"rendered":"Pregledom Arene nije prona\u0111ena bomba; Toma\u0161evi\u0107: Prona\u0107i i kazniti tu budalu"},"content":{"rendered":"\n<p><strong>Pregledom Arena Centra nije prona\u0111ena eksplozivna naprava, a policija nastavlja utvr\u0111ivati sve okolnosti vezane za taj doga\u0111aj, izvijestila je u petak Policijska uprava zagreba\u010dka.<\/strong><\/p>\n\n\n\n<iframe loading=\"lazy\" src=\"https:\/\/www.facebook.com\/plugins\/video.php?height=476&#038;href=https%3A%2F%2Fwww.facebook.com%2FHRTvijesti%2Fvideos%2F659110105156490%2F&#038;show_text=false&#038;width=476&#038;t=0\" width=\"476\" height=\"476\" style=\"border:none;overflow:hidden\" scrolling=\"no\" frameborder=\"0\" allowfullscreen=\"true\" allow=\"autoplay; clipboard-write; encrypted-media; picture-in-picture; web-share\" allowFullScreen=\"true\"><\/iframe>\n\n\n\n<p>&#8211; Dovr\u0161en je protueksplozijski pregled, on je bio negativan. Nastavljamo raditi na utvr\u0111ivanju svih okolnosti doga\u0111aja, rekli su iz policije za Hinu.<br><br>Zbog anonimne dojave o postavljenoj eksplozivnoj napravi u Arena Centru na Lani\u0161tu policija je u petak poslijepodne zbog opreza evakuirala gra\u0111ane iz trgova\u010dkog centra.<br><br>Na teren su odmah iza\u0161li pripadnici Protueksplozijskog odjela PU zagreba\u010dke, a zgrada trgova\u010dkog centra, uklju\u010duju\u0107i i podzemnu gara\u017eu, je ispra\u017enjena.<br><br>Zagreba\u010dki gradona\u010delnik\u00a0<strong>Tomislav Toma\u0161evi\u0107\u00a0<\/strong>ranije danas bio je na mjestu doga\u0111aja te je rekao kako od policije o\u010dekuje, ako se utvrdi da je rije\u010d o la\u017enoj prijavi, da &#8220;tu budalu koja ple\u0161e po \u017eivcima gra\u0111ana Zagreba nakon potresa, pandemije i pada vojnog aviona na\u0111e i kazni&#8221; kako se takve stvari vi\u0161e ne bi doga\u0111ale.<\/p>\n\n\n\n<div style=\"width: 640px;\" class=\"wp-video\"><video class=\"wp-video-shortcode\" id=\"video-135358-1\" width=\"640\" height=\"360\" preload=\"metadata\" controls=\"controls\"><source type=\"video\/mp4\" src=\"https:\/\/api.hrt.hr\/media\/95\/12\/v17-tomasevic-2204-20220422151507.mp4?_=1\" \/><a href=\"https:\/\/api.hrt.hr\/media\/95\/12\/v17-tomasevic-2204-20220422151507.mp4\">https:\/\/api.hrt.hr\/media\/95\/12\/v17-tomasevic-2204-20220422151507.mp4<\/a><\/video><\/div>\n\n\n\n<p>Voditeljica marketinga Arena Centra\u00a0<strong>Sanja Vladovi\u0107<\/strong>\u00a0rekla je kako su dobili anonimnu e-mail poruku u kojoj je pisalo kako su u centru dvije bombe pa su odmah pokrenuli sve sigurnosne procedure.<br><br>S obzirom na to da je petak popodne, procijenila je kako je u trgova\u010dkom centru u trenutku dojave bilo oko 2000 ljudi.\u00a0<\/p>\n\n\n\n<div style=\"width: 640px;\" class=\"wp-video\"><video class=\"wp-video-shortcode\" id=\"video-135358-2\" width=\"640\" height=\"360\" preload=\"metadata\" controls=\"controls\"><source type=\"video\/mp4\" src=\"https:\/\/api.hrt.hr\/media\/68\/c5\/v17-arena-2204-20220422151443.mp4?_=2\" \/><a href=\"https:\/\/api.hrt.hr\/media\/68\/c5\/v17-arena-2204-20220422151443.mp4\">https:\/\/api.hrt.hr\/media\/68\/c5\/v17-arena-2204-20220422151443.mp4<\/a><\/video><\/div>\n\n\n\n<p>Izvor:hrt.hr<\/p>\n","protected":false},"excerpt":{"rendered":"<p>Pregledom Arena Centra nije prona\u0111ena eksplozivna naprava, a policija nastavlja utvr\u0111ivati sve okolnosti vezane za taj doga\u0111aj, izvijestila je u petak Policijska uprava zagreba\u010dka. &#8211; Dovr\u0161en je protueksplozijski pregled, on je bio negativan. Nastavljamo raditi na utvr\u0111ivanju svih okolnosti doga\u0111aja, rekli su iz policije za Hinu. Zbog anonimne dojave o postavljenoj eksplozivnoj napravi u Arena [&hellip;]<\/p>\n","protected":false},"author":2,"featured_media":135359,"comment_status":"closed","ping_status":"closed","sticky":false,"template":"","format":"standard","meta":{"h5ap_radio_sources":[],"footnotes":""},"categories":[1],"tags":[],"class_list":["post-135358","post","type-post","status-publish","format-standard","has-post-thumbnail","hentry","category-bihiregija"],"yoast_head":"<!-- This site is optimized with the Yoast SEO plugin v27.4 - https:\/\/yoast.com\/product\/yoast-seo-wordpress\/ -->\n<title>Pregledom Arene nije prona\u0111ena bomba; Toma\u0161evi\u0107: Prona\u0107i i kazniti tu budalu - RADIO LJUBU\u0160KI<\/title>\n<meta name=\"robots\" content=\"index, follow, max-snippet:-1, max-image-preview:large, max-video-preview:-1\" \/>\n<link rel=\"canonical\" href=\"https:\/\/radioljubuski.ba\/index.php\/2022\/04\/22\/pregledom-arene-nije-pronadena-bomba-tomasevic-pronaci-i-kazniti-tu-budalu\/\" \/>\n<meta property=\"og:locale\" content=\"hr_HR\" \/>\n<meta property=\"og:type\" content=\"article\" \/>\n<meta property=\"og:title\" content=\"Pregledom Arene nije prona\u0111ena bomba; Toma\u0161evi\u0107: Prona\u0107i i kazniti tu budalu - RADIO LJUBU\u0160KI\" \/>\n<meta property=\"og:description\" content=\"Pregledom Arena Centra nije prona\u0111ena eksplozivna naprava, a policija nastavlja utvr\u0111ivati sve okolnosti vezane za taj doga\u0111aj, izvijestila je u petak Policijska uprava zagreba\u010dka. &#8211; Dovr\u0161en je protueksplozijski pregled, on je bio negativan. Nastavljamo raditi na utvr\u0111ivanju svih okolnosti doga\u0111aja, rekli su iz policije za Hinu. Zbog anonimne dojave o postavljenoj eksplozivnoj napravi u Arena [&hellip;]\" \/>\n<meta property=\"og:url\" content=\"https:\/\/radioljubuski.ba\/index.php\/2022\/04\/22\/pregledom-arene-nije-pronadena-bomba-tomasevic-pronaci-i-kazniti-tu-budalu\/\" \/>\n<meta property=\"og:site_name\" content=\"RADIO LJUBU\u0160KI\" \/>\n<meta property=\"article:publisher\" content=\"https:\/\/www.facebook.com\/Radiio-Ljubuski-1490835324566332\" \/>\n<meta property=\"article:published_time\" content=\"2022-04-22T17:21:34+00:00\" \/>\n<meta property=\"og:image\" content=\"https:\/\/radioljubuski.ba\/wp-content\/uploads\/2022\/04\/preuzmi-2-10.jpg\" \/>\n\t<meta property=\"og:image:width\" content=\"300\" \/>\n\t<meta property=\"og:image:height\" content=\"168\" \/>\n\t<meta property=\"og:image:type\" content=\"image\/jpeg\" \/>\n<meta name=\"author\" content=\"Radio Ljubu\u0161ki\" \/>\n<meta name=\"twitter:card\" content=\"summary_large_image\" \/>\n<meta name=\"twitter:creator\" content=\"@radioljubuski\" \/>\n<meta name=\"twitter:site\" content=\"@radioljubuski\" \/>\n<meta name=\"twitter:label1\" content=\"Napisao\/la\" \/>\n\t<meta name=\"twitter:data1\" content=\"Radio Ljubu\u0161ki\" \/>\n\t<meta name=\"twitter:label2\" content=\"Procijenjeno vrijeme \u010ditanja\" \/>\n\t<meta name=\"twitter:data2\" content=\"1 minuta\" \/>\n<script type=\"application\/ld+json\" class=\"yoast-schema-graph\">{\"@context\":\"https:\\\/\\\/schema.org\",\"@graph\":[{\"@type\":\"Article\",\"@id\":\"https:\\\/\\\/radioljubuski.ba\\\/index.php\\\/2022\\\/04\\\/22\\\/pregledom-arene-nije-pronadena-bomba-tomasevic-pronaci-i-kazniti-tu-budalu\\\/#article\",\"isPartOf\":{\"@id\":\"https:\\\/\\\/radioljubuski.ba\\\/index.php\\\/2022\\\/04\\\/22\\\/pregledom-arene-nije-pronadena-bomba-tomasevic-pronaci-i-kazniti-tu-budalu\\\/\"},\"author\":{\"name\":\"Radio Ljubu\u0161ki\",\"@id\":\"https:\\\/\\\/radioljubuski.ba\\\/#\\\/schema\\\/person\\\/19fc700381a780f69665d7956c469e3b\"},\"headline\":\"Pregledom Arene nije prona\u0111ena bomba; Toma\u0161evi\u0107: Prona\u0107i i kazniti tu budalu\",\"datePublished\":\"2022-04-22T17:21:34+00:00\",\"mainEntityOfPage\":{\"@id\":\"https:\\\/\\\/radioljubuski.ba\\\/index.php\\\/2022\\\/04\\\/22\\\/pregledom-arene-nije-pronadena-bomba-tomasevic-pronaci-i-kazniti-tu-budalu\\\/\"},\"wordCount\":261,\"publisher\":{\"@id\":\"https:\\\/\\\/radioljubuski.ba\\\/#organization\"},\"image\":{\"@id\":\"https:\\\/\\\/radioljubuski.ba\\\/index.php\\\/2022\\\/04\\\/22\\\/pregledom-arene-nije-pronadena-bomba-tomasevic-pronaci-i-kazniti-tu-budalu\\\/#primaryimage\"},\"thumbnailUrl\":\"https:\\\/\\\/radioljubuski.ba\\\/wp-content\\\/uploads\\\/2022\\\/04\\\/preuzmi-2-10.jpg\",\"articleSection\":[\"BIH i regija\"],\"inLanguage\":\"hr\"},{\"@type\":\"WebPage\",\"@id\":\"https:\\\/\\\/radioljubuski.ba\\\/index.php\\\/2022\\\/04\\\/22\\\/pregledom-arene-nije-pronadena-bomba-tomasevic-pronaci-i-kazniti-tu-budalu\\\/\",\"url\":\"https:\\\/\\\/radioljubuski.ba\\\/index.php\\\/2022\\\/04\\\/22\\\/pregledom-arene-nije-pronadena-bomba-tomasevic-pronaci-i-kazniti-tu-budalu\\\/\",\"name\":\"Pregledom Arene nije prona\u0111ena bomba; Toma\u0161evi\u0107: Prona\u0107i i kazniti tu budalu - RADIO LJUBU\u0160KI\",\"isPartOf\":{\"@id\":\"https:\\\/\\\/radioljubuski.ba\\\/#website\"},\"primaryImageOfPage\":{\"@id\":\"https:\\\/\\\/radioljubuski.ba\\\/index.php\\\/2022\\\/04\\\/22\\\/pregledom-arene-nije-pronadena-bomba-tomasevic-pronaci-i-kazniti-tu-budalu\\\/#primaryimage\"},\"image\":{\"@id\":\"https:\\\/\\\/radioljubuski.ba\\\/index.php\\\/2022\\\/04\\\/22\\\/pregledom-arene-nije-pronadena-bomba-tomasevic-pronaci-i-kazniti-tu-budalu\\\/#primaryimage\"},\"thumbnailUrl\":\"https:\\\/\\\/radioljubuski.ba\\\/wp-content\\\/uploads\\\/2022\\\/04\\\/preuzmi-2-10.jpg\",\"datePublished\":\"2022-04-22T17:21:34+00:00\",\"breadcrumb\":{\"@id\":\"https:\\\/\\\/radioljubuski.ba\\\/index.php\\\/2022\\\/04\\\/22\\\/pregledom-arene-nije-pronadena-bomba-tomasevic-pronaci-i-kazniti-tu-budalu\\\/#breadcrumb\"},\"inLanguage\":\"hr\",\"potentialAction\":[{\"@type\":\"ReadAction\",\"target\":[\"https:\\\/\\\/radioljubuski.ba\\\/index.php\\\/2022\\\/04\\\/22\\\/pregledom-arene-nije-pronadena-bomba-tomasevic-pronaci-i-kazniti-tu-budalu\\\/\"]}]},{\"@type\":\"ImageObject\",\"inLanguage\":\"hr\",\"@id\":\"https:\\\/\\\/radioljubuski.ba\\\/index.php\\\/2022\\\/04\\\/22\\\/pregledom-arene-nije-pronadena-bomba-tomasevic-pronaci-i-kazniti-tu-budalu\\\/#primaryimage\",\"url\":\"https:\\\/\\\/radioljubuski.ba\\\/wp-content\\\/uploads\\\/2022\\\/04\\\/preuzmi-2-10.jpg\",\"contentUrl\":\"https:\\\/\\\/radioljubuski.ba\\\/wp-content\\\/uploads\\\/2022\\\/04\\\/preuzmi-2-10.jpg\",\"width\":300,\"height\":168},{\"@type\":\"BreadcrumbList\",\"@id\":\"https:\\\/\\\/radioljubuski.ba\\\/index.php\\\/2022\\\/04\\\/22\\\/pregledom-arene-nije-pronadena-bomba-tomasevic-pronaci-i-kazniti-tu-budalu\\\/#breadcrumb\",\"itemListElement\":[{\"@type\":\"ListItem\",\"position\":1,\"name\":\"Po\u010detna stranica\",\"item\":\"https:\\\/\\\/radioljubuski.ba\\\/\"},{\"@type\":\"ListItem\",\"position\":2,\"name\":\"Pregledom Arene nije prona\u0111ena bomba; Toma\u0161evi\u0107: Prona\u0107i i kazniti tu budalu\"}]},{\"@type\":\"WebSite\",\"@id\":\"https:\\\/\\\/radioljubuski.ba\\\/#website\",\"url\":\"https:\\\/\\\/radioljubuski.ba\\\/\",\"name\":\"Radio Ljubu\u0161ki\",\"description\":\"Sun\u010dana frekvencija Hercegovine\",\"publisher\":{\"@id\":\"https:\\\/\\\/radioljubuski.ba\\\/#organization\"},\"potentialAction\":[{\"@type\":\"SearchAction\",\"target\":{\"@type\":\"EntryPoint\",\"urlTemplate\":\"https:\\\/\\\/radioljubuski.ba\\\/?s={search_term_string}\"},\"query-input\":{\"@type\":\"PropertyValueSpecification\",\"valueRequired\":true,\"valueName\":\"search_term_string\"}}],\"inLanguage\":\"hr\"},{\"@type\":\"Organization\",\"@id\":\"https:\\\/\\\/radioljubuski.ba\\\/#organization\",\"name\":\"Radio Ljubu\u0161ki\",\"url\":\"https:\\\/\\\/radioljubuski.ba\\\/\",\"logo\":{\"@type\":\"ImageObject\",\"inLanguage\":\"hr\",\"@id\":\"https:\\\/\\\/radioljubuski.ba\\\/#\\\/schema\\\/logo\\\/image\\\/\",\"url\":\"https:\\\/\\\/radioljubuski.ba\\\/wp-content\\\/uploads\\\/2021\\\/02\\\/cropped-Radio_Ljubuski_logo1.jpg\",\"contentUrl\":\"https:\\\/\\\/radioljubuski.ba\\\/wp-content\\\/uploads\\\/2021\\\/02\\\/cropped-Radio_Ljubuski_logo1.jpg\",\"width\":512,\"height\":512,\"caption\":\"Radio Ljubu\u0161ki\"},\"image\":{\"@id\":\"https:\\\/\\\/radioljubuski.ba\\\/#\\\/schema\\\/logo\\\/image\\\/\"},\"sameAs\":[\"https:\\\/\\\/www.facebook.com\\\/Radiio-Ljubuski-1490835324566332\",\"https:\\\/\\\/x.com\\\/radioljubuski\",\"https:\\\/\\\/hr.linkedin.com\\\/company\\\/radio-ljubuski\",\"https:\\\/\\\/www.youtube.com\\\/channel\\\/UCHYaeO_n0Db3tjNGudGpXyw\"]},{\"@type\":\"Person\",\"@id\":\"https:\\\/\\\/radioljubuski.ba\\\/#\\\/schema\\\/person\\\/19fc700381a780f69665d7956c469e3b\",\"name\":\"Radio Ljubu\u0161ki\"}]}<\/script>\n<!-- \/ Yoast SEO plugin. -->","yoast_head_json":{"title":"Pregledom Arene nije prona\u0111ena bomba; Toma\u0161evi\u0107: Prona\u0107i i kazniti tu budalu - RADIO LJUBU\u0160KI","robots":{"index":"index","follow":"follow","max-snippet":"max-snippet:-1","max-image-preview":"max-image-preview:large","max-video-preview":"max-video-preview:-1"},"canonical":"https:\/\/radioljubuski.ba\/index.php\/2022\/04\/22\/pregledom-arene-nije-pronadena-bomba-tomasevic-pronaci-i-kazniti-tu-budalu\/","og_locale":"hr_HR","og_type":"article","og_title":"Pregledom Arene nije prona\u0111ena bomba; Toma\u0161evi\u0107: Prona\u0107i i kazniti tu budalu - RADIO LJUBU\u0160KI","og_description":"Pregledom Arena Centra nije prona\u0111ena eksplozivna naprava, a policija nastavlja utvr\u0111ivati sve okolnosti vezane za taj doga\u0111aj, izvijestila je u petak Policijska uprava zagreba\u010dka. &#8211; Dovr\u0161en je protueksplozijski pregled, on je bio negativan. Nastavljamo raditi na utvr\u0111ivanju svih okolnosti doga\u0111aja, rekli su iz policije za Hinu. Zbog anonimne dojave o postavljenoj eksplozivnoj napravi u Arena [&hellip;]","og_url":"https:\/\/radioljubuski.ba\/index.php\/2022\/04\/22\/pregledom-arene-nije-pronadena-bomba-tomasevic-pronaci-i-kazniti-tu-budalu\/","og_site_name":"RADIO LJUBU\u0160KI","article_publisher":"https:\/\/www.facebook.com\/Radiio-Ljubuski-1490835324566332","article_published_time":"2022-04-22T17:21:34+00:00","og_image":[{"width":300,"height":168,"url":"https:\/\/radioljubuski.ba\/wp-content\/uploads\/2022\/04\/preuzmi-2-10.jpg","type":"image\/jpeg"}],"author":"Radio Ljubu\u0161ki","twitter_card":"summary_large_image","twitter_creator":"@radioljubuski","twitter_site":"@radioljubuski","twitter_misc":{"Napisao\/la":"Radio Ljubu\u0161ki","Procijenjeno vrijeme \u010ditanja":"1 minuta"},"schema":{"@context":"https:\/\/schema.org","@graph":[{"@type":"Article","@id":"https:\/\/radioljubuski.ba\/index.php\/2022\/04\/22\/pregledom-arene-nije-pronadena-bomba-tomasevic-pronaci-i-kazniti-tu-budalu\/#article","isPartOf":{"@id":"https:\/\/radioljubuski.ba\/index.php\/2022\/04\/22\/pregledom-arene-nije-pronadena-bomba-tomasevic-pronaci-i-kazniti-tu-budalu\/"},"author":{"name":"Radio Ljubu\u0161ki","@id":"https:\/\/radioljubuski.ba\/#\/schema\/person\/19fc700381a780f69665d7956c469e3b"},"headline":"Pregledom Arene nije prona\u0111ena bomba; Toma\u0161evi\u0107: Prona\u0107i i kazniti tu budalu","datePublished":"2022-04-22T17:21:34+00:00","mainEntityOfPage":{"@id":"https:\/\/radioljubuski.ba\/index.php\/2022\/04\/22\/pregledom-arene-nije-pronadena-bomba-tomasevic-pronaci-i-kazniti-tu-budalu\/"},"wordCount":261,"publisher":{"@id":"https:\/\/radioljubuski.ba\/#organization"},"image":{"@id":"https:\/\/radioljubuski.ba\/index.php\/2022\/04\/22\/pregledom-arene-nije-pronadena-bomba-tomasevic-pronaci-i-kazniti-tu-budalu\/#primaryimage"},"thumbnailUrl":"https:\/\/radioljubuski.ba\/wp-content\/uploads\/2022\/04\/preuzmi-2-10.jpg","articleSection":["BIH i regija"],"inLanguage":"hr"},{"@type":"WebPage","@id":"https:\/\/radioljubuski.ba\/index.php\/2022\/04\/22\/pregledom-arene-nije-pronadena-bomba-tomasevic-pronaci-i-kazniti-tu-budalu\/","url":"https:\/\/radioljubuski.ba\/index.php\/2022\/04\/22\/pregledom-arene-nije-pronadena-bomba-tomasevic-pronaci-i-kazniti-tu-budalu\/","name":"Pregledom Arene nije prona\u0111ena bomba; Toma\u0161evi\u0107: Prona\u0107i i kazniti tu budalu - RADIO LJUBU\u0160KI","isPartOf":{"@id":"https:\/\/radioljubuski.ba\/#website"},"primaryImageOfPage":{"@id":"https:\/\/radioljubuski.ba\/index.php\/2022\/04\/22\/pregledom-arene-nije-pronadena-bomba-tomasevic-pronaci-i-kazniti-tu-budalu\/#primaryimage"},"image":{"@id":"https:\/\/radioljubuski.ba\/index.php\/2022\/04\/22\/pregledom-arene-nije-pronadena-bomba-tomasevic-pronaci-i-kazniti-tu-budalu\/#primaryimage"},"thumbnailUrl":"https:\/\/radioljubuski.ba\/wp-content\/uploads\/2022\/04\/preuzmi-2-10.jpg","datePublished":"2022-04-22T17:21:34+00:00","breadcrumb":{"@id":"https:\/\/radioljubuski.ba\/index.php\/2022\/04\/22\/pregledom-arene-nije-pronadena-bomba-tomasevic-pronaci-i-kazniti-tu-budalu\/#breadcrumb"},"inLanguage":"hr","potentialAction":[{"@type":"ReadAction","target":["https:\/\/radioljubuski.ba\/index.php\/2022\/04\/22\/pregledom-arene-nije-pronadena-bomba-tomasevic-pronaci-i-kazniti-tu-budalu\/"]}]},{"@type":"ImageObject","inLanguage":"hr","@id":"https:\/\/radioljubuski.ba\/index.php\/2022\/04\/22\/pregledom-arene-nije-pronadena-bomba-tomasevic-pronaci-i-kazniti-tu-budalu\/#primaryimage","url":"https:\/\/radioljubuski.ba\/wp-content\/uploads\/2022\/04\/preuzmi-2-10.jpg","contentUrl":"https:\/\/radioljubuski.ba\/wp-content\/uploads\/2022\/04\/preuzmi-2-10.jpg","width":300,"height":168},{"@type":"BreadcrumbList","@id":"https:\/\/radioljubuski.ba\/index.php\/2022\/04\/22\/pregledom-arene-nije-pronadena-bomba-tomasevic-pronaci-i-kazniti-tu-budalu\/#breadcrumb","itemListElement":[{"@type":"ListItem","position":1,"name":"Po\u010detna stranica","item":"https:\/\/radioljubuski.ba\/"},{"@type":"ListItem","position":2,"name":"Pregledom Arene nije prona\u0111ena bomba; Toma\u0161evi\u0107: Prona\u0107i i kazniti tu budalu"}]},{"@type":"WebSite","@id":"https:\/\/radioljubuski.ba\/#website","url":"https:\/\/radioljubuski.ba\/","name":"Radio Ljubu\u0161ki","description":"Sun\u010dana frekvencija Hercegovine","publisher":{"@id":"https:\/\/radioljubuski.ba\/#organization"},"potentialAction":[{"@type":"SearchAction","target":{"@type":"EntryPoint","urlTemplate":"https:\/\/radioljubuski.ba\/?s={search_term_string}"},"query-input":{"@type":"PropertyValueSpecification","valueRequired":true,"valueName":"search_term_string"}}],"inLanguage":"hr"},{"@type":"Organization","@id":"https:\/\/radioljubuski.ba\/#organization","name":"Radio Ljubu\u0161ki","url":"https:\/\/radioljubuski.ba\/","logo":{"@type":"ImageObject","inLanguage":"hr","@id":"https:\/\/radioljubuski.ba\/#\/schema\/logo\/image\/","url":"https:\/\/radioljubuski.ba\/wp-content\/uploads\/2021\/02\/cropped-Radio_Ljubuski_logo1.jpg","contentUrl":"https:\/\/radioljubuski.ba\/wp-content\/uploads\/2021\/02\/cropped-Radio_Ljubuski_logo1.jpg","width":512,"height":512,"caption":"Radio Ljubu\u0161ki"},"image":{"@id":"https:\/\/radioljubuski.ba\/#\/schema\/logo\/image\/"},"sameAs":["https:\/\/www.facebook.com\/Radiio-Ljubuski-1490835324566332","https:\/\/x.com\/radioljubuski","https:\/\/hr.linkedin.com\/company\/radio-ljubuski","https:\/\/www.youtube.com\/channel\/UCHYaeO_n0Db3tjNGudGpXyw"]},{"@type":"Person","@id":"https:\/\/radioljubuski.ba\/#\/schema\/person\/19fc700381a780f69665d7956c469e3b","name":"Radio Ljubu\u0161ki"}]}},"_links":{"self":[{"href":"https:\/\/radioljubuski.ba\/index.php\/wp-json\/wp\/v2\/posts\/135358","targetHints":{"allow":["GET"]}}],"collection":[{"href":"https:\/\/radioljubuski.ba\/index.php\/wp-json\/wp\/v2\/posts"}],"about":[{"href":"https:\/\/radioljubuski.ba\/index.php\/wp-json\/wp\/v2\/types\/post"}],"author":[{"embeddable":true,"href":"https:\/\/radioljubuski.ba\/index.php\/wp-json\/wp\/v2\/users\/2"}],"replies":[{"embeddable":true,"href":"https:\/\/radioljubuski.ba\/index.php\/wp-json\/wp\/v2\/comments?post=135358"}],"version-history":[{"count":1,"href":"https:\/\/radioljubuski.ba\/index.php\/wp-json\/wp\/v2\/posts\/135358\/revisions"}],"predecessor-version":[{"id":135360,"href":"https:\/\/radioljubuski.ba\/index.php\/wp-json\/wp\/v2\/posts\/135358\/revisions\/135360"}],"wp:featuredmedia":[{"embeddable":true,"href":"https:\/\/radioljubuski.ba\/index.php\/wp-json\/wp\/v2\/media\/135359"}],"wp:attachment":[{"href":"https:\/\/radioljubuski.ba\/index.php\/wp-json\/wp\/v2\/media?parent=135358"}],"wp:term":[{"taxonomy":"category","embeddable":true,"href":"https:\/\/radioljubuski.ba\/index.php\/wp-json\/wp\/v2\/categories?post=135358"},{"taxonomy":"post_tag","embeddable":true,"href":"https:\/\/radioljubuski.ba\/index.php\/wp-json\/wp\/v2\/tags?post=135358"}],"curies":[{"name":"wp","href":"https:\/\/api.w.org\/{rel}","templated":true}]}}