{"id":135374,"date":"2022-04-22T18:28:49","date_gmt":"2022-04-22T17:28:49","guid":{"rendered":"https:\/\/radioljubuski.ba\/?p=135374"},"modified":"2022-04-22T18:28:51","modified_gmt":"2022-04-22T17:28:51","slug":"smrt-u-automatskoj-autopraonici-vozac-ostao-priklijesten-izmedu-auta-i-strojeva","status":"publish","type":"post","link":"https:\/\/radioljubuski.ba\/index.php\/2022\/04\/22\/smrt-u-automatskoj-autopraonici-vozac-ostao-priklijesten-izmedu-auta-i-strojeva\/","title":{"rendered":"Smrt u automatskoj autopraonici: Voza\u010d ostao priklije\u0161ten izme\u0111u auta i strojeva"},"content":{"rendered":"\n<p>Pro\u0161loga petka dogodila se nevjerojatna nesre\u0107a s tragi\u010dnim ishodom. Ne\u0161to prije pono\u0107i, neimenovani 56-godi\u0161njak iz Kalifornije u\u0161ao je svojim automobilom u automatsku praonicu na East Valley Parkwayu.<\/p>\n\n\n\n<p>Protivno svim pravilima, voza\u010d je za vrijeme pranja iza\u0161ao iz automobila i izgubio \u017eivot.<\/p>\n\n\n\n<p>Kako navodi&nbsp;<a href=\"https:\/\/nypost.com\/2022\/04\/18\/california-man-killed-during-freak-accident-at-a-car-wash\/\" target=\"_blank\" rel=\"noreferrer noopener\">NewYorkPost<\/a>, mu\u0161karac je ostao priklije\u0161ten izme\u0111u strojeva za pranje i automobila.<\/p>\n\n\n\n<p>Alarm se uklju\u010dio, no nesre\u0107a je prijavljena tek nakon pola sata kada je u praonicu u\u0161la nova mu\u0161terija.<\/p>\n\n\n\n<p>Hitna pomo\u0107 je poku\u0161ala reanimirati nesretnog voza\u010da, ali bilo je prekasno.<\/p>\n\n\n\n<p>Ova tragedija velika je opomena voza\u010dima da po\u0161tuju i slijede upute u automatskim autopraonicama.<\/p>\n\n\n\n<p>I da nikada, ba\u0161 nikada, ne izlaze iz automobila dok traje pranje.<\/p>\n\n\n\n<p>Izvor:jutarnji.hr<\/p>\n","protected":false},"excerpt":{"rendered":"<p>Pro\u0161loga petka dogodila se nevjerojatna nesre\u0107a s tragi\u010dnim ishodom. Ne\u0161to prije pono\u0107i, neimenovani 56-godi\u0161njak iz Kalifornije u\u0161ao je svojim automobilom u automatsku praonicu na East Valley Parkwayu. Protivno svim pravilima, voza\u010d je za vrijeme pranja iza\u0161ao iz automobila i izgubio \u017eivot. Kako navodi&nbsp;NewYorkPost, mu\u0161karac je ostao priklije\u0161ten izme\u0111u strojeva za pranje i automobila. Alarm se [&hellip;]<\/p>\n","protected":false},"author":2,"featured_media":135375,"comment_status":"closed","ping_status":"closed","sticky":false,"template":"","format":"standard","meta":{"h5ap_radio_sources":[],"footnotes":""},"categories":[1],"tags":[],"class_list":["post-135374","post","type-post","status-publish","format-standard","has-post-thumbnail","hentry","category-bihiregija"],"yoast_head":"<!-- This site is optimized with the Yoast SEO plugin v27.4 - https:\/\/yoast.com\/product\/yoast-seo-wordpress\/ -->\n<title>Smrt u automatskoj autopraonici: Voza\u010d ostao priklije\u0161ten izme\u0111u auta i strojeva - RADIO LJUBU\u0160KI<\/title>\n<meta name=\"robots\" content=\"index, follow, max-snippet:-1, max-image-preview:large, max-video-preview:-1\" \/>\n<link rel=\"canonical\" href=\"https:\/\/radioljubuski.ba\/index.php\/2022\/04\/22\/smrt-u-automatskoj-autopraonici-vozac-ostao-priklijesten-izmedu-auta-i-strojeva\/\" \/>\n<meta property=\"og:locale\" content=\"hr_HR\" \/>\n<meta property=\"og:type\" content=\"article\" \/>\n<meta property=\"og:title\" content=\"Smrt u automatskoj autopraonici: Voza\u010d ostao priklije\u0161ten izme\u0111u auta i strojeva - RADIO LJUBU\u0160KI\" \/>\n<meta property=\"og:description\" content=\"Pro\u0161loga petka dogodila se nevjerojatna nesre\u0107a s tragi\u010dnim ishodom. Ne\u0161to prije pono\u0107i, neimenovani 56-godi\u0161njak iz Kalifornije u\u0161ao je svojim automobilom u automatsku praonicu na East Valley Parkwayu. Protivno svim pravilima, voza\u010d je za vrijeme pranja iza\u0161ao iz automobila i izgubio \u017eivot. Kako navodi&nbsp;NewYorkPost, mu\u0161karac je ostao priklije\u0161ten izme\u0111u strojeva za pranje i automobila. Alarm se [&hellip;]\" \/>\n<meta property=\"og:url\" content=\"https:\/\/radioljubuski.ba\/index.php\/2022\/04\/22\/smrt-u-automatskoj-autopraonici-vozac-ostao-priklijesten-izmedu-auta-i-strojeva\/\" \/>\n<meta property=\"og:site_name\" content=\"RADIO LJUBU\u0160KI\" \/>\n<meta property=\"article:publisher\" content=\"https:\/\/www.facebook.com\/Radiio-Ljubuski-1490835324566332\" \/>\n<meta property=\"article:published_time\" content=\"2022-04-22T17:28:49+00:00\" \/>\n<meta property=\"article:modified_time\" content=\"2022-04-22T17:28:51+00:00\" \/>\n<meta property=\"og:image\" content=\"https:\/\/radioljubuski.ba\/wp-content\/uploads\/2022\/04\/8-2022-04-22-14-23-54-AUOPRAONICA.jpg\" \/>\n\t<meta property=\"og:image:width\" content=\"1000\" \/>\n\t<meta property=\"og:image:height\" content=\"625\" \/>\n\t<meta property=\"og:image:type\" content=\"image\/jpeg\" \/>\n<meta name=\"author\" content=\"Radio Ljubu\u0161ki\" \/>\n<meta name=\"twitter:card\" content=\"summary_large_image\" \/>\n<meta name=\"twitter:creator\" content=\"@radioljubuski\" \/>\n<meta name=\"twitter:site\" content=\"@radioljubuski\" \/>\n<meta name=\"twitter:label1\" content=\"Napisao\/la\" \/>\n\t<meta name=\"twitter:data1\" content=\"Radio Ljubu\u0161ki\" \/>\n\t<meta name=\"twitter:label2\" content=\"Procijenjeno vrijeme \u010ditanja\" \/>\n\t<meta name=\"twitter:data2\" content=\"1 minuta\" \/>\n<script type=\"application\/ld+json\" class=\"yoast-schema-graph\">{\"@context\":\"https:\\\/\\\/schema.org\",\"@graph\":[{\"@type\":\"Article\",\"@id\":\"https:\\\/\\\/radioljubuski.ba\\\/index.php\\\/2022\\\/04\\\/22\\\/smrt-u-automatskoj-autopraonici-vozac-ostao-priklijesten-izmedu-auta-i-strojeva\\\/#article\",\"isPartOf\":{\"@id\":\"https:\\\/\\\/radioljubuski.ba\\\/index.php\\\/2022\\\/04\\\/22\\\/smrt-u-automatskoj-autopraonici-vozac-ostao-priklijesten-izmedu-auta-i-strojeva\\\/\"},\"author\":{\"name\":\"Radio Ljubu\u0161ki\",\"@id\":\"https:\\\/\\\/radioljubuski.ba\\\/#\\\/schema\\\/person\\\/19fc700381a780f69665d7956c469e3b\"},\"headline\":\"Smrt u automatskoj autopraonici: Voza\u010d ostao priklije\u0161ten izme\u0111u auta i strojeva\",\"datePublished\":\"2022-04-22T17:28:49+00:00\",\"dateModified\":\"2022-04-22T17:28:51+00:00\",\"mainEntityOfPage\":{\"@id\":\"https:\\\/\\\/radioljubuski.ba\\\/index.php\\\/2022\\\/04\\\/22\\\/smrt-u-automatskoj-autopraonici-vozac-ostao-priklijesten-izmedu-auta-i-strojeva\\\/\"},\"wordCount\":145,\"publisher\":{\"@id\":\"https:\\\/\\\/radioljubuski.ba\\\/#organization\"},\"image\":{\"@id\":\"https:\\\/\\\/radioljubuski.ba\\\/index.php\\\/2022\\\/04\\\/22\\\/smrt-u-automatskoj-autopraonici-vozac-ostao-priklijesten-izmedu-auta-i-strojeva\\\/#primaryimage\"},\"thumbnailUrl\":\"https:\\\/\\\/radioljubuski.ba\\\/wp-content\\\/uploads\\\/2022\\\/04\\\/8-2022-04-22-14-23-54-AUOPRAONICA.jpg\",\"articleSection\":[\"BIH i regija\"],\"inLanguage\":\"hr\"},{\"@type\":\"WebPage\",\"@id\":\"https:\\\/\\\/radioljubuski.ba\\\/index.php\\\/2022\\\/04\\\/22\\\/smrt-u-automatskoj-autopraonici-vozac-ostao-priklijesten-izmedu-auta-i-strojeva\\\/\",\"url\":\"https:\\\/\\\/radioljubuski.ba\\\/index.php\\\/2022\\\/04\\\/22\\\/smrt-u-automatskoj-autopraonici-vozac-ostao-priklijesten-izmedu-auta-i-strojeva\\\/\",\"name\":\"Smrt u automatskoj autopraonici: Voza\u010d ostao priklije\u0161ten izme\u0111u auta i strojeva - RADIO LJUBU\u0160KI\",\"isPartOf\":{\"@id\":\"https:\\\/\\\/radioljubuski.ba\\\/#website\"},\"primaryImageOfPage\":{\"@id\":\"https:\\\/\\\/radioljubuski.ba\\\/index.php\\\/2022\\\/04\\\/22\\\/smrt-u-automatskoj-autopraonici-vozac-ostao-priklijesten-izmedu-auta-i-strojeva\\\/#primaryimage\"},\"image\":{\"@id\":\"https:\\\/\\\/radioljubuski.ba\\\/index.php\\\/2022\\\/04\\\/22\\\/smrt-u-automatskoj-autopraonici-vozac-ostao-priklijesten-izmedu-auta-i-strojeva\\\/#primaryimage\"},\"thumbnailUrl\":\"https:\\\/\\\/radioljubuski.ba\\\/wp-content\\\/uploads\\\/2022\\\/04\\\/8-2022-04-22-14-23-54-AUOPRAONICA.jpg\",\"datePublished\":\"2022-04-22T17:28:49+00:00\",\"dateModified\":\"2022-04-22T17:28:51+00:00\",\"breadcrumb\":{\"@id\":\"https:\\\/\\\/radioljubuski.ba\\\/index.php\\\/2022\\\/04\\\/22\\\/smrt-u-automatskoj-autopraonici-vozac-ostao-priklijesten-izmedu-auta-i-strojeva\\\/#breadcrumb\"},\"inLanguage\":\"hr\",\"potentialAction\":[{\"@type\":\"ReadAction\",\"target\":[\"https:\\\/\\\/radioljubuski.ba\\\/index.php\\\/2022\\\/04\\\/22\\\/smrt-u-automatskoj-autopraonici-vozac-ostao-priklijesten-izmedu-auta-i-strojeva\\\/\"]}]},{\"@type\":\"ImageObject\",\"inLanguage\":\"hr\",\"@id\":\"https:\\\/\\\/radioljubuski.ba\\\/index.php\\\/2022\\\/04\\\/22\\\/smrt-u-automatskoj-autopraonici-vozac-ostao-priklijesten-izmedu-auta-i-strojeva\\\/#primaryimage\",\"url\":\"https:\\\/\\\/radioljubuski.ba\\\/wp-content\\\/uploads\\\/2022\\\/04\\\/8-2022-04-22-14-23-54-AUOPRAONICA.jpg\",\"contentUrl\":\"https:\\\/\\\/radioljubuski.ba\\\/wp-content\\\/uploads\\\/2022\\\/04\\\/8-2022-04-22-14-23-54-AUOPRAONICA.jpg\",\"width\":1000,\"height\":625},{\"@type\":\"BreadcrumbList\",\"@id\":\"https:\\\/\\\/radioljubuski.ba\\\/index.php\\\/2022\\\/04\\\/22\\\/smrt-u-automatskoj-autopraonici-vozac-ostao-priklijesten-izmedu-auta-i-strojeva\\\/#breadcrumb\",\"itemListElement\":[{\"@type\":\"ListItem\",\"position\":1,\"name\":\"Po\u010detna stranica\",\"item\":\"https:\\\/\\\/radioljubuski.ba\\\/\"},{\"@type\":\"ListItem\",\"position\":2,\"name\":\"Smrt u automatskoj autopraonici: Voza\u010d ostao priklije\u0161ten izme\u0111u auta i strojeva\"}]},{\"@type\":\"WebSite\",\"@id\":\"https:\\\/\\\/radioljubuski.ba\\\/#website\",\"url\":\"https:\\\/\\\/radioljubuski.ba\\\/\",\"name\":\"Radio Ljubu\u0161ki\",\"description\":\"Sun\u010dana frekvencija Hercegovine\",\"publisher\":{\"@id\":\"https:\\\/\\\/radioljubuski.ba\\\/#organization\"},\"potentialAction\":[{\"@type\":\"SearchAction\",\"target\":{\"@type\":\"EntryPoint\",\"urlTemplate\":\"https:\\\/\\\/radioljubuski.ba\\\/?s={search_term_string}\"},\"query-input\":{\"@type\":\"PropertyValueSpecification\",\"valueRequired\":true,\"valueName\":\"search_term_string\"}}],\"inLanguage\":\"hr\"},{\"@type\":\"Organization\",\"@id\":\"https:\\\/\\\/radioljubuski.ba\\\/#organization\",\"name\":\"Radio Ljubu\u0161ki\",\"url\":\"https:\\\/\\\/radioljubuski.ba\\\/\",\"logo\":{\"@type\":\"ImageObject\",\"inLanguage\":\"hr\",\"@id\":\"https:\\\/\\\/radioljubuski.ba\\\/#\\\/schema\\\/logo\\\/image\\\/\",\"url\":\"https:\\\/\\\/radioljubuski.ba\\\/wp-content\\\/uploads\\\/2021\\\/02\\\/cropped-Radio_Ljubuski_logo1.jpg\",\"contentUrl\":\"https:\\\/\\\/radioljubuski.ba\\\/wp-content\\\/uploads\\\/2021\\\/02\\\/cropped-Radio_Ljubuski_logo1.jpg\",\"width\":512,\"height\":512,\"caption\":\"Radio Ljubu\u0161ki\"},\"image\":{\"@id\":\"https:\\\/\\\/radioljubuski.ba\\\/#\\\/schema\\\/logo\\\/image\\\/\"},\"sameAs\":[\"https:\\\/\\\/www.facebook.com\\\/Radiio-Ljubuski-1490835324566332\",\"https:\\\/\\\/x.com\\\/radioljubuski\",\"https:\\\/\\\/hr.linkedin.com\\\/company\\\/radio-ljubuski\",\"https:\\\/\\\/www.youtube.com\\\/channel\\\/UCHYaeO_n0Db3tjNGudGpXyw\"]},{\"@type\":\"Person\",\"@id\":\"https:\\\/\\\/radioljubuski.ba\\\/#\\\/schema\\\/person\\\/19fc700381a780f69665d7956c469e3b\",\"name\":\"Radio Ljubu\u0161ki\"}]}<\/script>\n<!-- \/ Yoast SEO plugin. -->","yoast_head_json":{"title":"Smrt u automatskoj autopraonici: Voza\u010d ostao priklije\u0161ten izme\u0111u auta i strojeva - RADIO LJUBU\u0160KI","robots":{"index":"index","follow":"follow","max-snippet":"max-snippet:-1","max-image-preview":"max-image-preview:large","max-video-preview":"max-video-preview:-1"},"canonical":"https:\/\/radioljubuski.ba\/index.php\/2022\/04\/22\/smrt-u-automatskoj-autopraonici-vozac-ostao-priklijesten-izmedu-auta-i-strojeva\/","og_locale":"hr_HR","og_type":"article","og_title":"Smrt u automatskoj autopraonici: Voza\u010d ostao priklije\u0161ten izme\u0111u auta i strojeva - RADIO LJUBU\u0160KI","og_description":"Pro\u0161loga petka dogodila se nevjerojatna nesre\u0107a s tragi\u010dnim ishodom. Ne\u0161to prije pono\u0107i, neimenovani 56-godi\u0161njak iz Kalifornije u\u0161ao je svojim automobilom u automatsku praonicu na East Valley Parkwayu. Protivno svim pravilima, voza\u010d je za vrijeme pranja iza\u0161ao iz automobila i izgubio \u017eivot. Kako navodi&nbsp;NewYorkPost, mu\u0161karac je ostao priklije\u0161ten izme\u0111u strojeva za pranje i automobila. Alarm se [&hellip;]","og_url":"https:\/\/radioljubuski.ba\/index.php\/2022\/04\/22\/smrt-u-automatskoj-autopraonici-vozac-ostao-priklijesten-izmedu-auta-i-strojeva\/","og_site_name":"RADIO LJUBU\u0160KI","article_publisher":"https:\/\/www.facebook.com\/Radiio-Ljubuski-1490835324566332","article_published_time":"2022-04-22T17:28:49+00:00","article_modified_time":"2022-04-22T17:28:51+00:00","og_image":[{"width":1000,"height":625,"url":"https:\/\/radioljubuski.ba\/wp-content\/uploads\/2022\/04\/8-2022-04-22-14-23-54-AUOPRAONICA.jpg","type":"image\/jpeg"}],"author":"Radio Ljubu\u0161ki","twitter_card":"summary_large_image","twitter_creator":"@radioljubuski","twitter_site":"@radioljubuski","twitter_misc":{"Napisao\/la":"Radio Ljubu\u0161ki","Procijenjeno vrijeme \u010ditanja":"1 minuta"},"schema":{"@context":"https:\/\/schema.org","@graph":[{"@type":"Article","@id":"https:\/\/radioljubuski.ba\/index.php\/2022\/04\/22\/smrt-u-automatskoj-autopraonici-vozac-ostao-priklijesten-izmedu-auta-i-strojeva\/#article","isPartOf":{"@id":"https:\/\/radioljubuski.ba\/index.php\/2022\/04\/22\/smrt-u-automatskoj-autopraonici-vozac-ostao-priklijesten-izmedu-auta-i-strojeva\/"},"author":{"name":"Radio Ljubu\u0161ki","@id":"https:\/\/radioljubuski.ba\/#\/schema\/person\/19fc700381a780f69665d7956c469e3b"},"headline":"Smrt u automatskoj autopraonici: Voza\u010d ostao priklije\u0161ten izme\u0111u auta i strojeva","datePublished":"2022-04-22T17:28:49+00:00","dateModified":"2022-04-22T17:28:51+00:00","mainEntityOfPage":{"@id":"https:\/\/radioljubuski.ba\/index.php\/2022\/04\/22\/smrt-u-automatskoj-autopraonici-vozac-ostao-priklijesten-izmedu-auta-i-strojeva\/"},"wordCount":145,"publisher":{"@id":"https:\/\/radioljubuski.ba\/#organization"},"image":{"@id":"https:\/\/radioljubuski.ba\/index.php\/2022\/04\/22\/smrt-u-automatskoj-autopraonici-vozac-ostao-priklijesten-izmedu-auta-i-strojeva\/#primaryimage"},"thumbnailUrl":"https:\/\/radioljubuski.ba\/wp-content\/uploads\/2022\/04\/8-2022-04-22-14-23-54-AUOPRAONICA.jpg","articleSection":["BIH i regija"],"inLanguage":"hr"},{"@type":"WebPage","@id":"https:\/\/radioljubuski.ba\/index.php\/2022\/04\/22\/smrt-u-automatskoj-autopraonici-vozac-ostao-priklijesten-izmedu-auta-i-strojeva\/","url":"https:\/\/radioljubuski.ba\/index.php\/2022\/04\/22\/smrt-u-automatskoj-autopraonici-vozac-ostao-priklijesten-izmedu-auta-i-strojeva\/","name":"Smrt u automatskoj autopraonici: Voza\u010d ostao priklije\u0161ten izme\u0111u auta i strojeva - RADIO LJUBU\u0160KI","isPartOf":{"@id":"https:\/\/radioljubuski.ba\/#website"},"primaryImageOfPage":{"@id":"https:\/\/radioljubuski.ba\/index.php\/2022\/04\/22\/smrt-u-automatskoj-autopraonici-vozac-ostao-priklijesten-izmedu-auta-i-strojeva\/#primaryimage"},"image":{"@id":"https:\/\/radioljubuski.ba\/index.php\/2022\/04\/22\/smrt-u-automatskoj-autopraonici-vozac-ostao-priklijesten-izmedu-auta-i-strojeva\/#primaryimage"},"thumbnailUrl":"https:\/\/radioljubuski.ba\/wp-content\/uploads\/2022\/04\/8-2022-04-22-14-23-54-AUOPRAONICA.jpg","datePublished":"2022-04-22T17:28:49+00:00","dateModified":"2022-04-22T17:28:51+00:00","breadcrumb":{"@id":"https:\/\/radioljubuski.ba\/index.php\/2022\/04\/22\/smrt-u-automatskoj-autopraonici-vozac-ostao-priklijesten-izmedu-auta-i-strojeva\/#breadcrumb"},"inLanguage":"hr","potentialAction":[{"@type":"ReadAction","target":["https:\/\/radioljubuski.ba\/index.php\/2022\/04\/22\/smrt-u-automatskoj-autopraonici-vozac-ostao-priklijesten-izmedu-auta-i-strojeva\/"]}]},{"@type":"ImageObject","inLanguage":"hr","@id":"https:\/\/radioljubuski.ba\/index.php\/2022\/04\/22\/smrt-u-automatskoj-autopraonici-vozac-ostao-priklijesten-izmedu-auta-i-strojeva\/#primaryimage","url":"https:\/\/radioljubuski.ba\/wp-content\/uploads\/2022\/04\/8-2022-04-22-14-23-54-AUOPRAONICA.jpg","contentUrl":"https:\/\/radioljubuski.ba\/wp-content\/uploads\/2022\/04\/8-2022-04-22-14-23-54-AUOPRAONICA.jpg","width":1000,"height":625},{"@type":"BreadcrumbList","@id":"https:\/\/radioljubuski.ba\/index.php\/2022\/04\/22\/smrt-u-automatskoj-autopraonici-vozac-ostao-priklijesten-izmedu-auta-i-strojeva\/#breadcrumb","itemListElement":[{"@type":"ListItem","position":1,"name":"Po\u010detna stranica","item":"https:\/\/radioljubuski.ba\/"},{"@type":"ListItem","position":2,"name":"Smrt u automatskoj autopraonici: Voza\u010d ostao priklije\u0161ten izme\u0111u auta i strojeva"}]},{"@type":"WebSite","@id":"https:\/\/radioljubuski.ba\/#website","url":"https:\/\/radioljubuski.ba\/","name":"Radio Ljubu\u0161ki","description":"Sun\u010dana frekvencija Hercegovine","publisher":{"@id":"https:\/\/radioljubuski.ba\/#organization"},"potentialAction":[{"@type":"SearchAction","target":{"@type":"EntryPoint","urlTemplate":"https:\/\/radioljubuski.ba\/?s={search_term_string}"},"query-input":{"@type":"PropertyValueSpecification","valueRequired":true,"valueName":"search_term_string"}}],"inLanguage":"hr"},{"@type":"Organization","@id":"https:\/\/radioljubuski.ba\/#organization","name":"Radio Ljubu\u0161ki","url":"https:\/\/radioljubuski.ba\/","logo":{"@type":"ImageObject","inLanguage":"hr","@id":"https:\/\/radioljubuski.ba\/#\/schema\/logo\/image\/","url":"https:\/\/radioljubuski.ba\/wp-content\/uploads\/2021\/02\/cropped-Radio_Ljubuski_logo1.jpg","contentUrl":"https:\/\/radioljubuski.ba\/wp-content\/uploads\/2021\/02\/cropped-Radio_Ljubuski_logo1.jpg","width":512,"height":512,"caption":"Radio Ljubu\u0161ki"},"image":{"@id":"https:\/\/radioljubuski.ba\/#\/schema\/logo\/image\/"},"sameAs":["https:\/\/www.facebook.com\/Radiio-Ljubuski-1490835324566332","https:\/\/x.com\/radioljubuski","https:\/\/hr.linkedin.com\/company\/radio-ljubuski","https:\/\/www.youtube.com\/channel\/UCHYaeO_n0Db3tjNGudGpXyw"]},{"@type":"Person","@id":"https:\/\/radioljubuski.ba\/#\/schema\/person\/19fc700381a780f69665d7956c469e3b","name":"Radio Ljubu\u0161ki"}]}},"_links":{"self":[{"href":"https:\/\/radioljubuski.ba\/index.php\/wp-json\/wp\/v2\/posts\/135374","targetHints":{"allow":["GET"]}}],"collection":[{"href":"https:\/\/radioljubuski.ba\/index.php\/wp-json\/wp\/v2\/posts"}],"about":[{"href":"https:\/\/radioljubuski.ba\/index.php\/wp-json\/wp\/v2\/types\/post"}],"author":[{"embeddable":true,"href":"https:\/\/radioljubuski.ba\/index.php\/wp-json\/wp\/v2\/users\/2"}],"replies":[{"embeddable":true,"href":"https:\/\/radioljubuski.ba\/index.php\/wp-json\/wp\/v2\/comments?post=135374"}],"version-history":[{"count":1,"href":"https:\/\/radioljubuski.ba\/index.php\/wp-json\/wp\/v2\/posts\/135374\/revisions"}],"predecessor-version":[{"id":135376,"href":"https:\/\/radioljubuski.ba\/index.php\/wp-json\/wp\/v2\/posts\/135374\/revisions\/135376"}],"wp:featuredmedia":[{"embeddable":true,"href":"https:\/\/radioljubuski.ba\/index.php\/wp-json\/wp\/v2\/media\/135375"}],"wp:attachment":[{"href":"https:\/\/radioljubuski.ba\/index.php\/wp-json\/wp\/v2\/media?parent=135374"}],"wp:term":[{"taxonomy":"category","embeddable":true,"href":"https:\/\/radioljubuski.ba\/index.php\/wp-json\/wp\/v2\/categories?post=135374"},{"taxonomy":"post_tag","embeddable":true,"href":"https:\/\/radioljubuski.ba\/index.php\/wp-json\/wp\/v2\/tags?post=135374"}],"curies":[{"name":"wp","href":"https:\/\/api.w.org\/{rel}","templated":true}]}}