{"id":135382,"date":"2022-04-22T18:31:49","date_gmt":"2022-04-22T17:31:49","guid":{"rendered":"https:\/\/radioljubuski.ba\/?p=135382"},"modified":"2022-04-22T18:31:50","modified_gmt":"2022-04-22T17:31:50","slug":"sest-godina-zatvora-mustafi-hakalovicu-zbog-ubojstva-zarobljenog-pripadnika-hvo-a","status":"publish","type":"post","link":"https:\/\/radioljubuski.ba\/index.php\/2022\/04\/22\/sest-godina-zatvora-mustafi-hakalovicu-zbog-ubojstva-zarobljenog-pripadnika-hvo-a\/","title":{"rendered":"\u0160est godina zatvora Mustafi Hakalovi\u0107u zbog ubojstva zarobljenog pripadnika HVO-a"},"content":{"rendered":"\n<p>Po optu\u017enici \u017dupanijskog tu\u017eiteljstva HN\u017d u Mostaru, \u017dupanijski sud u Mostaru je donio nepravomo\u0107nu osu\u0111uju\u0107u presudu kojom je oglasio krivim optu\u017eenog Mustafu Hakalovi\u0107a (1965.), iz Konjica, zbog kaznenog djela Ratni zlo\u010din protiv ratnih zarobljenika iz \u010dl. 144. preuzetog Kaznenog zakona SFRJ i osudio ga na kaznu zatvora u trajanju od 6 (\u0161est) godina.<\/p>\n\n\n\n<p>Podsje\u0107amo, \u017dupanijsko tu\u017eiteljstvo u Mostaru podiglo je optu\u017enicu protiv Mustafe Hakalovi\u0107a stavljaju\u0107i mu na teret da je za vrijeme rata u Bosni i Hercegovini i u vrijeme oru\u017eanog sukoba izme\u0111u Armije Republike Bosne i Hercegovine i Hrvatskog vije\u0107a obrane na teritoriji op\u0107ine Konjic, kr\u0161e\u0107i pravila me\u0111unarodnog humanitarnog prava, kao pripadnik Armije RBiH, u drugoj polovini 03. mjeseca 1993. godine u mjestu Gostovi\u0107i, op\u0107ina Konjic, po\u010dinio ubojstvo ratnog zarobljenika I. A., pripadnika vojske HVO, tako \u0161to je iz neposredne blizine iz automatske pu\u0161ke nepoznate marke i broja ispucao vi\u0161e metaka rafalnom paljbom u prednji gornji dio tijela o\u0161te\u0107enog, posljedicom \u010dega je nastupila smrt o\u0161te\u0107enog I. A., \u010dime je po\u010dinio kazneno djelo Ratni zlo\u010din protiv ratnih zarobljenika.<\/p>\n\n\n\n<p>Tu\u017eiteljstvo je protiv Presude \u017dupanijskog suda u Mostaru ulo\u017eilo \u017ealbu Vrhovnom sudu Federacije BiH, zbog odluke o kaznenopravnoj sankciji.<\/p>\n\n\n\n<p>Izvor:pogled.ba<\/p>\n","protected":false},"excerpt":{"rendered":"<p>Po optu\u017enici \u017dupanijskog tu\u017eiteljstva HN\u017d u Mostaru, \u017dupanijski sud u Mostaru je donio nepravomo\u0107nu osu\u0111uju\u0107u presudu kojom je oglasio krivim optu\u017eenog Mustafu Hakalovi\u0107a (1965.), iz Konjica, zbog kaznenog djela Ratni zlo\u010din protiv ratnih zarobljenika iz \u010dl. 144. preuzetog Kaznenog zakona SFRJ i osudio ga na kaznu zatvora u trajanju od 6 (\u0161est) godina. Podsje\u0107amo, \u017dupanijsko [&hellip;]<\/p>\n","protected":false},"author":2,"featured_media":135383,"comment_status":"closed","ping_status":"closed","sticky":false,"template":"","format":"standard","meta":{"h5ap_radio_sources":[],"footnotes":""},"categories":[1],"tags":[],"class_list":["post-135382","post","type-post","status-publish","format-standard","has-post-thumbnail","hentry","category-bihiregija"],"yoast_head":"<!-- This site is optimized with the Yoast SEO plugin v27.4 - https:\/\/yoast.com\/product\/yoast-seo-wordpress\/ -->\n<title>\u0160est godina zatvora Mustafi Hakalovi\u0107u zbog ubojstva zarobljenog pripadnika HVO-a - RADIO LJUBU\u0160KI<\/title>\n<meta name=\"robots\" content=\"index, follow, max-snippet:-1, max-image-preview:large, max-video-preview:-1\" \/>\n<link rel=\"canonical\" href=\"https:\/\/radioljubuski.ba\/index.php\/2022\/04\/22\/sest-godina-zatvora-mustafi-hakalovicu-zbog-ubojstva-zarobljenog-pripadnika-hvo-a\/\" \/>\n<meta property=\"og:locale\" content=\"hr_HR\" \/>\n<meta property=\"og:type\" content=\"article\" \/>\n<meta property=\"og:title\" content=\"\u0160est godina zatvora Mustafi Hakalovi\u0107u zbog ubojstva zarobljenog pripadnika HVO-a - RADIO LJUBU\u0160KI\" \/>\n<meta property=\"og:description\" content=\"Po optu\u017enici \u017dupanijskog tu\u017eiteljstva HN\u017d u Mostaru, \u017dupanijski sud u Mostaru je donio nepravomo\u0107nu osu\u0111uju\u0107u presudu kojom je oglasio krivim optu\u017eenog Mustafu Hakalovi\u0107a (1965.), iz Konjica, zbog kaznenog djela Ratni zlo\u010din protiv ratnih zarobljenika iz \u010dl. 144. preuzetog Kaznenog zakona SFRJ i osudio ga na kaznu zatvora u trajanju od 6 (\u0161est) godina. Podsje\u0107amo, \u017dupanijsko [&hellip;]\" \/>\n<meta property=\"og:url\" content=\"https:\/\/radioljubuski.ba\/index.php\/2022\/04\/22\/sest-godina-zatvora-mustafi-hakalovicu-zbog-ubojstva-zarobljenog-pripadnika-hvo-a\/\" \/>\n<meta property=\"og:site_name\" content=\"RADIO LJUBU\u0160KI\" \/>\n<meta property=\"article:publisher\" content=\"https:\/\/www.facebook.com\/Radiio-Ljubuski-1490835324566332\" \/>\n<meta property=\"article:published_time\" content=\"2022-04-22T17:31:49+00:00\" \/>\n<meta property=\"article:modified_time\" content=\"2022-04-22T17:31:50+00:00\" \/>\n<meta property=\"og:image\" content=\"https:\/\/radioljubuski.ba\/wp-content\/uploads\/2022\/04\/idM26Po5_tuziteljstvo.jpg\" \/>\n\t<meta property=\"og:image:width\" content=\"1000\" \/>\n\t<meta property=\"og:image:height\" content=\"625\" \/>\n\t<meta property=\"og:image:type\" content=\"image\/jpeg\" \/>\n<meta name=\"author\" content=\"Radio Ljubu\u0161ki\" \/>\n<meta name=\"twitter:card\" content=\"summary_large_image\" \/>\n<meta name=\"twitter:creator\" content=\"@radioljubuski\" \/>\n<meta name=\"twitter:site\" content=\"@radioljubuski\" \/>\n<meta name=\"twitter:label1\" content=\"Napisao\/la\" \/>\n\t<meta name=\"twitter:data1\" content=\"Radio Ljubu\u0161ki\" \/>\n\t<meta name=\"twitter:label2\" content=\"Procijenjeno vrijeme \u010ditanja\" \/>\n\t<meta name=\"twitter:data2\" content=\"1 minuta\" \/>\n<script type=\"application\/ld+json\" class=\"yoast-schema-graph\">{\"@context\":\"https:\\\/\\\/schema.org\",\"@graph\":[{\"@type\":\"Article\",\"@id\":\"https:\\\/\\\/radioljubuski.ba\\\/index.php\\\/2022\\\/04\\\/22\\\/sest-godina-zatvora-mustafi-hakalovicu-zbog-ubojstva-zarobljenog-pripadnika-hvo-a\\\/#article\",\"isPartOf\":{\"@id\":\"https:\\\/\\\/radioljubuski.ba\\\/index.php\\\/2022\\\/04\\\/22\\\/sest-godina-zatvora-mustafi-hakalovicu-zbog-ubojstva-zarobljenog-pripadnika-hvo-a\\\/\"},\"author\":{\"name\":\"Radio Ljubu\u0161ki\",\"@id\":\"https:\\\/\\\/radioljubuski.ba\\\/#\\\/schema\\\/person\\\/19fc700381a780f69665d7956c469e3b\"},\"headline\":\"\u0160est godina zatvora Mustafi Hakalovi\u0107u zbog ubojstva zarobljenog pripadnika HVO-a\",\"datePublished\":\"2022-04-22T17:31:49+00:00\",\"dateModified\":\"2022-04-22T17:31:50+00:00\",\"mainEntityOfPage\":{\"@id\":\"https:\\\/\\\/radioljubuski.ba\\\/index.php\\\/2022\\\/04\\\/22\\\/sest-godina-zatvora-mustafi-hakalovicu-zbog-ubojstva-zarobljenog-pripadnika-hvo-a\\\/\"},\"wordCount\":229,\"publisher\":{\"@id\":\"https:\\\/\\\/radioljubuski.ba\\\/#organization\"},\"image\":{\"@id\":\"https:\\\/\\\/radioljubuski.ba\\\/index.php\\\/2022\\\/04\\\/22\\\/sest-godina-zatvora-mustafi-hakalovicu-zbog-ubojstva-zarobljenog-pripadnika-hvo-a\\\/#primaryimage\"},\"thumbnailUrl\":\"https:\\\/\\\/radioljubuski.ba\\\/wp-content\\\/uploads\\\/2022\\\/04\\\/idM26Po5_tuziteljstvo.jpg\",\"articleSection\":[\"BIH i regija\"],\"inLanguage\":\"hr\"},{\"@type\":\"WebPage\",\"@id\":\"https:\\\/\\\/radioljubuski.ba\\\/index.php\\\/2022\\\/04\\\/22\\\/sest-godina-zatvora-mustafi-hakalovicu-zbog-ubojstva-zarobljenog-pripadnika-hvo-a\\\/\",\"url\":\"https:\\\/\\\/radioljubuski.ba\\\/index.php\\\/2022\\\/04\\\/22\\\/sest-godina-zatvora-mustafi-hakalovicu-zbog-ubojstva-zarobljenog-pripadnika-hvo-a\\\/\",\"name\":\"\u0160est godina zatvora Mustafi Hakalovi\u0107u zbog ubojstva zarobljenog pripadnika HVO-a - RADIO LJUBU\u0160KI\",\"isPartOf\":{\"@id\":\"https:\\\/\\\/radioljubuski.ba\\\/#website\"},\"primaryImageOfPage\":{\"@id\":\"https:\\\/\\\/radioljubuski.ba\\\/index.php\\\/2022\\\/04\\\/22\\\/sest-godina-zatvora-mustafi-hakalovicu-zbog-ubojstva-zarobljenog-pripadnika-hvo-a\\\/#primaryimage\"},\"image\":{\"@id\":\"https:\\\/\\\/radioljubuski.ba\\\/index.php\\\/2022\\\/04\\\/22\\\/sest-godina-zatvora-mustafi-hakalovicu-zbog-ubojstva-zarobljenog-pripadnika-hvo-a\\\/#primaryimage\"},\"thumbnailUrl\":\"https:\\\/\\\/radioljubuski.ba\\\/wp-content\\\/uploads\\\/2022\\\/04\\\/idM26Po5_tuziteljstvo.jpg\",\"datePublished\":\"2022-04-22T17:31:49+00:00\",\"dateModified\":\"2022-04-22T17:31:50+00:00\",\"breadcrumb\":{\"@id\":\"https:\\\/\\\/radioljubuski.ba\\\/index.php\\\/2022\\\/04\\\/22\\\/sest-godina-zatvora-mustafi-hakalovicu-zbog-ubojstva-zarobljenog-pripadnika-hvo-a\\\/#breadcrumb\"},\"inLanguage\":\"hr\",\"potentialAction\":[{\"@type\":\"ReadAction\",\"target\":[\"https:\\\/\\\/radioljubuski.ba\\\/index.php\\\/2022\\\/04\\\/22\\\/sest-godina-zatvora-mustafi-hakalovicu-zbog-ubojstva-zarobljenog-pripadnika-hvo-a\\\/\"]}]},{\"@type\":\"ImageObject\",\"inLanguage\":\"hr\",\"@id\":\"https:\\\/\\\/radioljubuski.ba\\\/index.php\\\/2022\\\/04\\\/22\\\/sest-godina-zatvora-mustafi-hakalovicu-zbog-ubojstva-zarobljenog-pripadnika-hvo-a\\\/#primaryimage\",\"url\":\"https:\\\/\\\/radioljubuski.ba\\\/wp-content\\\/uploads\\\/2022\\\/04\\\/idM26Po5_tuziteljstvo.jpg\",\"contentUrl\":\"https:\\\/\\\/radioljubuski.ba\\\/wp-content\\\/uploads\\\/2022\\\/04\\\/idM26Po5_tuziteljstvo.jpg\",\"width\":1000,\"height\":625},{\"@type\":\"BreadcrumbList\",\"@id\":\"https:\\\/\\\/radioljubuski.ba\\\/index.php\\\/2022\\\/04\\\/22\\\/sest-godina-zatvora-mustafi-hakalovicu-zbog-ubojstva-zarobljenog-pripadnika-hvo-a\\\/#breadcrumb\",\"itemListElement\":[{\"@type\":\"ListItem\",\"position\":1,\"name\":\"Po\u010detna stranica\",\"item\":\"https:\\\/\\\/radioljubuski.ba\\\/\"},{\"@type\":\"ListItem\",\"position\":2,\"name\":\"\u0160est godina zatvora Mustafi Hakalovi\u0107u zbog ubojstva zarobljenog pripadnika HVO-a\"}]},{\"@type\":\"WebSite\",\"@id\":\"https:\\\/\\\/radioljubuski.ba\\\/#website\",\"url\":\"https:\\\/\\\/radioljubuski.ba\\\/\",\"name\":\"Radio Ljubu\u0161ki\",\"description\":\"Sun\u010dana frekvencija Hercegovine\",\"publisher\":{\"@id\":\"https:\\\/\\\/radioljubuski.ba\\\/#organization\"},\"potentialAction\":[{\"@type\":\"SearchAction\",\"target\":{\"@type\":\"EntryPoint\",\"urlTemplate\":\"https:\\\/\\\/radioljubuski.ba\\\/?s={search_term_string}\"},\"query-input\":{\"@type\":\"PropertyValueSpecification\",\"valueRequired\":true,\"valueName\":\"search_term_string\"}}],\"inLanguage\":\"hr\"},{\"@type\":\"Organization\",\"@id\":\"https:\\\/\\\/radioljubuski.ba\\\/#organization\",\"name\":\"Radio Ljubu\u0161ki\",\"url\":\"https:\\\/\\\/radioljubuski.ba\\\/\",\"logo\":{\"@type\":\"ImageObject\",\"inLanguage\":\"hr\",\"@id\":\"https:\\\/\\\/radioljubuski.ba\\\/#\\\/schema\\\/logo\\\/image\\\/\",\"url\":\"https:\\\/\\\/radioljubuski.ba\\\/wp-content\\\/uploads\\\/2021\\\/02\\\/cropped-Radio_Ljubuski_logo1.jpg\",\"contentUrl\":\"https:\\\/\\\/radioljubuski.ba\\\/wp-content\\\/uploads\\\/2021\\\/02\\\/cropped-Radio_Ljubuski_logo1.jpg\",\"width\":512,\"height\":512,\"caption\":\"Radio Ljubu\u0161ki\"},\"image\":{\"@id\":\"https:\\\/\\\/radioljubuski.ba\\\/#\\\/schema\\\/logo\\\/image\\\/\"},\"sameAs\":[\"https:\\\/\\\/www.facebook.com\\\/Radiio-Ljubuski-1490835324566332\",\"https:\\\/\\\/x.com\\\/radioljubuski\",\"https:\\\/\\\/hr.linkedin.com\\\/company\\\/radio-ljubuski\",\"https:\\\/\\\/www.youtube.com\\\/channel\\\/UCHYaeO_n0Db3tjNGudGpXyw\"]},{\"@type\":\"Person\",\"@id\":\"https:\\\/\\\/radioljubuski.ba\\\/#\\\/schema\\\/person\\\/19fc700381a780f69665d7956c469e3b\",\"name\":\"Radio Ljubu\u0161ki\"}]}<\/script>\n<!-- \/ Yoast SEO plugin. -->","yoast_head_json":{"title":"\u0160est godina zatvora Mustafi Hakalovi\u0107u zbog ubojstva zarobljenog pripadnika HVO-a - RADIO LJUBU\u0160KI","robots":{"index":"index","follow":"follow","max-snippet":"max-snippet:-1","max-image-preview":"max-image-preview:large","max-video-preview":"max-video-preview:-1"},"canonical":"https:\/\/radioljubuski.ba\/index.php\/2022\/04\/22\/sest-godina-zatvora-mustafi-hakalovicu-zbog-ubojstva-zarobljenog-pripadnika-hvo-a\/","og_locale":"hr_HR","og_type":"article","og_title":"\u0160est godina zatvora Mustafi Hakalovi\u0107u zbog ubojstva zarobljenog pripadnika HVO-a - RADIO LJUBU\u0160KI","og_description":"Po optu\u017enici \u017dupanijskog tu\u017eiteljstva HN\u017d u Mostaru, \u017dupanijski sud u Mostaru je donio nepravomo\u0107nu osu\u0111uju\u0107u presudu kojom je oglasio krivim optu\u017eenog Mustafu Hakalovi\u0107a (1965.), iz Konjica, zbog kaznenog djela Ratni zlo\u010din protiv ratnih zarobljenika iz \u010dl. 144. preuzetog Kaznenog zakona SFRJ i osudio ga na kaznu zatvora u trajanju od 6 (\u0161est) godina. Podsje\u0107amo, \u017dupanijsko [&hellip;]","og_url":"https:\/\/radioljubuski.ba\/index.php\/2022\/04\/22\/sest-godina-zatvora-mustafi-hakalovicu-zbog-ubojstva-zarobljenog-pripadnika-hvo-a\/","og_site_name":"RADIO LJUBU\u0160KI","article_publisher":"https:\/\/www.facebook.com\/Radiio-Ljubuski-1490835324566332","article_published_time":"2022-04-22T17:31:49+00:00","article_modified_time":"2022-04-22T17:31:50+00:00","og_image":[{"width":1000,"height":625,"url":"https:\/\/radioljubuski.ba\/wp-content\/uploads\/2022\/04\/idM26Po5_tuziteljstvo.jpg","type":"image\/jpeg"}],"author":"Radio Ljubu\u0161ki","twitter_card":"summary_large_image","twitter_creator":"@radioljubuski","twitter_site":"@radioljubuski","twitter_misc":{"Napisao\/la":"Radio Ljubu\u0161ki","Procijenjeno vrijeme \u010ditanja":"1 minuta"},"schema":{"@context":"https:\/\/schema.org","@graph":[{"@type":"Article","@id":"https:\/\/radioljubuski.ba\/index.php\/2022\/04\/22\/sest-godina-zatvora-mustafi-hakalovicu-zbog-ubojstva-zarobljenog-pripadnika-hvo-a\/#article","isPartOf":{"@id":"https:\/\/radioljubuski.ba\/index.php\/2022\/04\/22\/sest-godina-zatvora-mustafi-hakalovicu-zbog-ubojstva-zarobljenog-pripadnika-hvo-a\/"},"author":{"name":"Radio Ljubu\u0161ki","@id":"https:\/\/radioljubuski.ba\/#\/schema\/person\/19fc700381a780f69665d7956c469e3b"},"headline":"\u0160est godina zatvora Mustafi Hakalovi\u0107u zbog ubojstva zarobljenog pripadnika HVO-a","datePublished":"2022-04-22T17:31:49+00:00","dateModified":"2022-04-22T17:31:50+00:00","mainEntityOfPage":{"@id":"https:\/\/radioljubuski.ba\/index.php\/2022\/04\/22\/sest-godina-zatvora-mustafi-hakalovicu-zbog-ubojstva-zarobljenog-pripadnika-hvo-a\/"},"wordCount":229,"publisher":{"@id":"https:\/\/radioljubuski.ba\/#organization"},"image":{"@id":"https:\/\/radioljubuski.ba\/index.php\/2022\/04\/22\/sest-godina-zatvora-mustafi-hakalovicu-zbog-ubojstva-zarobljenog-pripadnika-hvo-a\/#primaryimage"},"thumbnailUrl":"https:\/\/radioljubuski.ba\/wp-content\/uploads\/2022\/04\/idM26Po5_tuziteljstvo.jpg","articleSection":["BIH i regija"],"inLanguage":"hr"},{"@type":"WebPage","@id":"https:\/\/radioljubuski.ba\/index.php\/2022\/04\/22\/sest-godina-zatvora-mustafi-hakalovicu-zbog-ubojstva-zarobljenog-pripadnika-hvo-a\/","url":"https:\/\/radioljubuski.ba\/index.php\/2022\/04\/22\/sest-godina-zatvora-mustafi-hakalovicu-zbog-ubojstva-zarobljenog-pripadnika-hvo-a\/","name":"\u0160est godina zatvora Mustafi Hakalovi\u0107u zbog ubojstva zarobljenog pripadnika HVO-a - RADIO LJUBU\u0160KI","isPartOf":{"@id":"https:\/\/radioljubuski.ba\/#website"},"primaryImageOfPage":{"@id":"https:\/\/radioljubuski.ba\/index.php\/2022\/04\/22\/sest-godina-zatvora-mustafi-hakalovicu-zbog-ubojstva-zarobljenog-pripadnika-hvo-a\/#primaryimage"},"image":{"@id":"https:\/\/radioljubuski.ba\/index.php\/2022\/04\/22\/sest-godina-zatvora-mustafi-hakalovicu-zbog-ubojstva-zarobljenog-pripadnika-hvo-a\/#primaryimage"},"thumbnailUrl":"https:\/\/radioljubuski.ba\/wp-content\/uploads\/2022\/04\/idM26Po5_tuziteljstvo.jpg","datePublished":"2022-04-22T17:31:49+00:00","dateModified":"2022-04-22T17:31:50+00:00","breadcrumb":{"@id":"https:\/\/radioljubuski.ba\/index.php\/2022\/04\/22\/sest-godina-zatvora-mustafi-hakalovicu-zbog-ubojstva-zarobljenog-pripadnika-hvo-a\/#breadcrumb"},"inLanguage":"hr","potentialAction":[{"@type":"ReadAction","target":["https:\/\/radioljubuski.ba\/index.php\/2022\/04\/22\/sest-godina-zatvora-mustafi-hakalovicu-zbog-ubojstva-zarobljenog-pripadnika-hvo-a\/"]}]},{"@type":"ImageObject","inLanguage":"hr","@id":"https:\/\/radioljubuski.ba\/index.php\/2022\/04\/22\/sest-godina-zatvora-mustafi-hakalovicu-zbog-ubojstva-zarobljenog-pripadnika-hvo-a\/#primaryimage","url":"https:\/\/radioljubuski.ba\/wp-content\/uploads\/2022\/04\/idM26Po5_tuziteljstvo.jpg","contentUrl":"https:\/\/radioljubuski.ba\/wp-content\/uploads\/2022\/04\/idM26Po5_tuziteljstvo.jpg","width":1000,"height":625},{"@type":"BreadcrumbList","@id":"https:\/\/radioljubuski.ba\/index.php\/2022\/04\/22\/sest-godina-zatvora-mustafi-hakalovicu-zbog-ubojstva-zarobljenog-pripadnika-hvo-a\/#breadcrumb","itemListElement":[{"@type":"ListItem","position":1,"name":"Po\u010detna stranica","item":"https:\/\/radioljubuski.ba\/"},{"@type":"ListItem","position":2,"name":"\u0160est godina zatvora Mustafi Hakalovi\u0107u zbog ubojstva zarobljenog pripadnika HVO-a"}]},{"@type":"WebSite","@id":"https:\/\/radioljubuski.ba\/#website","url":"https:\/\/radioljubuski.ba\/","name":"Radio Ljubu\u0161ki","description":"Sun\u010dana frekvencija Hercegovine","publisher":{"@id":"https:\/\/radioljubuski.ba\/#organization"},"potentialAction":[{"@type":"SearchAction","target":{"@type":"EntryPoint","urlTemplate":"https:\/\/radioljubuski.ba\/?s={search_term_string}"},"query-input":{"@type":"PropertyValueSpecification","valueRequired":true,"valueName":"search_term_string"}}],"inLanguage":"hr"},{"@type":"Organization","@id":"https:\/\/radioljubuski.ba\/#organization","name":"Radio Ljubu\u0161ki","url":"https:\/\/radioljubuski.ba\/","logo":{"@type":"ImageObject","inLanguage":"hr","@id":"https:\/\/radioljubuski.ba\/#\/schema\/logo\/image\/","url":"https:\/\/radioljubuski.ba\/wp-content\/uploads\/2021\/02\/cropped-Radio_Ljubuski_logo1.jpg","contentUrl":"https:\/\/radioljubuski.ba\/wp-content\/uploads\/2021\/02\/cropped-Radio_Ljubuski_logo1.jpg","width":512,"height":512,"caption":"Radio Ljubu\u0161ki"},"image":{"@id":"https:\/\/radioljubuski.ba\/#\/schema\/logo\/image\/"},"sameAs":["https:\/\/www.facebook.com\/Radiio-Ljubuski-1490835324566332","https:\/\/x.com\/radioljubuski","https:\/\/hr.linkedin.com\/company\/radio-ljubuski","https:\/\/www.youtube.com\/channel\/UCHYaeO_n0Db3tjNGudGpXyw"]},{"@type":"Person","@id":"https:\/\/radioljubuski.ba\/#\/schema\/person\/19fc700381a780f69665d7956c469e3b","name":"Radio Ljubu\u0161ki"}]}},"_links":{"self":[{"href":"https:\/\/radioljubuski.ba\/index.php\/wp-json\/wp\/v2\/posts\/135382","targetHints":{"allow":["GET"]}}],"collection":[{"href":"https:\/\/radioljubuski.ba\/index.php\/wp-json\/wp\/v2\/posts"}],"about":[{"href":"https:\/\/radioljubuski.ba\/index.php\/wp-json\/wp\/v2\/types\/post"}],"author":[{"embeddable":true,"href":"https:\/\/radioljubuski.ba\/index.php\/wp-json\/wp\/v2\/users\/2"}],"replies":[{"embeddable":true,"href":"https:\/\/radioljubuski.ba\/index.php\/wp-json\/wp\/v2\/comments?post=135382"}],"version-history":[{"count":1,"href":"https:\/\/radioljubuski.ba\/index.php\/wp-json\/wp\/v2\/posts\/135382\/revisions"}],"predecessor-version":[{"id":135384,"href":"https:\/\/radioljubuski.ba\/index.php\/wp-json\/wp\/v2\/posts\/135382\/revisions\/135384"}],"wp:featuredmedia":[{"embeddable":true,"href":"https:\/\/radioljubuski.ba\/index.php\/wp-json\/wp\/v2\/media\/135383"}],"wp:attachment":[{"href":"https:\/\/radioljubuski.ba\/index.php\/wp-json\/wp\/v2\/media?parent=135382"}],"wp:term":[{"taxonomy":"category","embeddable":true,"href":"https:\/\/radioljubuski.ba\/index.php\/wp-json\/wp\/v2\/categories?post=135382"},{"taxonomy":"post_tag","embeddable":true,"href":"https:\/\/radioljubuski.ba\/index.php\/wp-json\/wp\/v2\/tags?post=135382"}],"curies":[{"name":"wp","href":"https:\/\/api.w.org\/{rel}","templated":true}]}}