{"id":135387,"date":"2022-04-22T18:36:58","date_gmt":"2022-04-22T17:36:58","guid":{"rendered":"https:\/\/radioljubuski.ba\/?p=135387"},"modified":"2022-04-22T18:37:00","modified_gmt":"2022-04-22T17:37:00","slug":"ovo-je-hdz-ov-prijedlog-izbornog-zakona-26-travnja-je-na-glasanju-u-domu-naroda-bih","status":"publish","type":"post","link":"https:\/\/radioljubuski.ba\/index.php\/2022\/04\/22\/ovo-je-hdz-ov-prijedlog-izbornog-zakona-26-travnja-je-na-glasanju-u-domu-naroda-bih\/","title":{"rendered":"Ovo je HDZ-ov prijedlog Izbornog zakona, 26. travnja je na glasanju u Domu naroda BiH"},"content":{"rendered":"\n<p>Dom naroda Parlamentarne skup\u0161tine Bosne i Hercegovine bi na hitnoj sjednici, zakazanoj za 26. travnja, trebalo da razmatra zahtjev izaslanika iz Kluba hrvatskog naroda u Domu naroda: Dragana \u010covi\u0107a, Lidije Bradare, Marine Pende\u0161 i Bari\u0161e \u010colaka za razmatranje Prijedloga zakona o izmjenama i dopunama Izbornog zakona Bosne i Hercegovine po hitnom postupku.<\/p>\n\n\n\n<figure class=\"wp-block-embed is-type-wp-embed is-provider-radio-ljubuski wp-block-embed-radio-ljubuski\"><div class=\"wp-block-embed__wrapper\">\n<blockquote class=\"wp-embedded-content\" data-secret=\"Ah9ruPIrm3\"><a href=\"https:\/\/radioljubuski.ba\/index.php\/2022\/04\/22\/klub-hrvata-parlamentu-bih-dostavio-prijedlog-izmjena-izbornog-zakona-evo-kako-bi-se-birali-clanovi-predsjednistva-bih-i-domova-naroda\/\">Klub Hrvata Parlamentu BiH dostavio prijedlog izmjena Izbornog zakona, evo kako bi se birali \u010dlanovi Predsjedni\u0161tva BiH i domova naroda<\/a><\/blockquote><iframe loading=\"lazy\" class=\"wp-embedded-content\" sandbox=\"allow-scripts\" security=\"restricted\" style=\"position: absolute; clip: rect(1px, 1px, 1px, 1px);\" title=\"&#8220;Klub Hrvata Parlamentu BiH dostavio prijedlog izmjena Izbornog zakona, evo kako bi se birali \u010dlanovi Predsjedni\u0161tva BiH i domova naroda&#8221; &#8212;   RADIO LJUBU\u0160KI\" src=\"https:\/\/radioljubuski.ba\/index.php\/2022\/04\/22\/klub-hrvata-parlamentu-bih-dostavio-prijedlog-izmjena-izbornog-zakona-evo-kako-bi-se-birali-clanovi-predsjednistva-bih-i-domova-naroda\/embed\/#?secret=AtODPM3ZdZ#?secret=Ah9ruPIrm3\" data-secret=\"Ah9ruPIrm3\" width=\"600\" height=\"338\" frameborder=\"0\" marginwidth=\"0\" marginheight=\"0\" scrolling=\"no\"><\/iframe>\n<\/div><\/figure>\n\n\n\n<p>Kada je rije\u010d o izboru \u010dlanova Predsjedni\u0161tva BiH, predlo\u017eeni zakon predvi\u0111a da svi kandidati Bo\u0161njaci \u010dine listu bo\u0161nja\u010dkih kandidata. Izabran je bo\u0161nja\u010dki kandidat koji dobije najve\u0107i broj glasova me\u0111u bo\u0161nja\u010dkim kandidatima u Federaciji BiH.<\/p>\n\n\n\n<p>Tako\u0111er je, u stavu 3. to\u010dka a) \u010dlana zakona koji regulira ovo pitanje, navedeno da svi kandidati Hrvati \u010dine listu hrvatskih kandidata s koje je izabran kandidat ako: dobije najve\u0107i ukupan broj glasova me\u0111u hrvatskim kandidatima u FBiH uz uvjet da je taj kandidat osvojio najve\u0107i broj glasova me\u0111u hrvatskim kandidatima u najmanje tri od pet \u017eupania, i to: Hercegova\u010dko-neretvanskoj, Srednjobosanskoj, Zapadnohercegova\u010dkoj, HB\u017d-u i Posavskoj.<\/p>\n\n\n\n<p>Ukoliko kandidat koji je osvojio najve\u0107i broj glasova u Federaciji BiH ne zadovoljava navedeni uvjet, uzima se sljede\u0107i kandidat s liste hrvatskih kandidata po broju glasova i tako do kraja liste dok se ne prona\u0111e kandidat koji zadovoljava navedeni uvjet.<\/p>\n\n\n\n<p>Definirano je i da ukoliko hrvatski kandidat nije izabran u skladu s odredbama stava 3. to\u010dka a) ovog \u010dlana, onda je izabran hrvatski kandidat koji dobije najve\u0107i ukupan broj glasova me\u0111u hrvatskim kandidatima u FBiH uz uvjet da je taj kandidat osvojio najve\u0107i broj glasova me\u0111u hrvatskim kandidatima u najmanje dvije od pet \u017eupanija, i to: Hercegova\u010dko-neretvanskoj, Srednjobosanskoj, Zapadnohercegova\u010dkoj, HB\u017d-u i Posavskoj. Ukoliko kandidat koji je osvojio najve\u0107i broj glasova u Federaciji BiH ne zadovoljava navedeni uvjet, uzima se sljede\u0107i kandidat s liste hrvatskih kandidata po broju glasova i tako do kraja liste dok se ne prona\u0111e kandidat koji zadovoljava navedeni uvjet.<\/p>\n\n\n\n<p>&#8211; Ukoliko hrvatski kandidat nije izabran u skladu s odredbama stava 3. to\u010dka a) i b) ovog \u010dlana, onda je izabran hrvatski kandidat koji dobije najve\u0107i ukupan broj glasova me\u0111u hrvatskim kandidatima u FBiH uz uvjet da je taj kandidat osvojio najve\u0107i broj glasova me\u0111u hrvatskim kandidatima u najmanje jednoj od pet \u017eupanija, i to: Hercegova\u010dko-neretvanskoj, Srednjobosanskoj, Zapadnohercegova\u010dkoj, HB\u017d-u i Posavskoj.<\/p>\n\n\n\n<figure class=\"wp-block-embed is-type-wp-embed is-provider-radio-ljubuski wp-block-embed-radio-ljubuski\"><div class=\"wp-block-embed__wrapper\">\n<blockquote class=\"wp-embedded-content\" data-secret=\"0lCJZ3UbHG\"><a href=\"https:\/\/radioljubuski.ba\/index.php\/2022\/04\/22\/covic-ne-prihvate-li-se-izmjene-izbornog-zakona-hns-ce-sredinom-svibnja-donijeti-konkretne-odluke\/\">\u010covi\u0107: Ne prihvate li se izmjene Izbornog zakona, HNS \u0107e sredinom svibnja donijeti konkretne odluke<\/a><\/blockquote><iframe loading=\"lazy\" class=\"wp-embedded-content\" sandbox=\"allow-scripts\" security=\"restricted\" style=\"position: absolute; clip: rect(1px, 1px, 1px, 1px);\" title=\"&#8220;\u010covi\u0107: Ne prihvate li se izmjene Izbornog zakona, HNS \u0107e sredinom svibnja donijeti konkretne odluke&#8221; &#8212;   RADIO LJUBU\u0160KI\" src=\"https:\/\/radioljubuski.ba\/index.php\/2022\/04\/22\/covic-ne-prihvate-li-se-izmjene-izbornog-zakona-hns-ce-sredinom-svibnja-donijeti-konkretne-odluke\/embed\/#?secret=kDBLjJbncb#?secret=0lCJZ3UbHG\" data-secret=\"0lCJZ3UbHG\" width=\"600\" height=\"338\" frameborder=\"0\" marginwidth=\"0\" marginheight=\"0\" scrolling=\"no\"><\/iframe>\n<\/div><\/figure>\n\n\n\n<p>Ukoliko kandidat koji je osvojio najve\u0107i broj glasova u Federaciji BiH ne zadovoljava navedeni uvjet, uzima se sljede\u0107i kandidat sa liste hrvatskih kandidata po broju glasova i tako do kraja liste dok se ne prona\u0111e kandidat koji zadovoljava navedeni uvjet &#8211; navedeno je u predlo\u017eenom zakonu.<\/p>\n\n\n\n<p>\u010clana Predsjedni\u0161tva BiH koji se neposredno bira s teritorije Republike Srpske &#8211; jednog Srbina &#8211; biraju bira\u010di upisani u Centralni bira\u010dki spisak za glasanje u RS. Izabran je kandidat koji dobije najve\u0107i broj glasova.&nbsp;<\/p>\n\n\n\n<p>Predlo\u017eeno je i da, sukladno proceduri, Parlamentarna skup\u0161tina BiH imenuje \u010dlanove Centralne izborne komisije BiH s liste kandidata.<\/p>\n\n\n\n<p>Predlo\u017eenim zakonom, izme\u0111u ostalog je predvi\u0111eno i da mandat pripada politi\u010dkoj stranci, koaliciji ili listi neovisnih kandidata koja ga je predlo\u017eila na kandidatskoj listi.<\/p>\n\n\n\n<p>Navedeno je da \u201eukoliko izabrani nositelj mandata u toku trajanja mandata istupi iz politi\u010dke stranke, koalicije ili liste neovisnih kandidata koja je sudjelovala na izborima i na \u010dijoj je kandidatskoj listi bio izabrani nositelj mandata, mandat se dodjeljuje sljede\u0107em kandidatu na listi\u201c.<\/p>\n\n\n\n<p>Kako je navedeno u obrazlo\u017eenju predlo\u017eenog zakonskog rje\u0161enja, razlozi za njegovo dono\u0161enje ogledaju se u provedbi odluke Ustavnog suda BiH od 1.12.2016. godine, kao i zadovoljavanje op\u0107eg na\u010dela demokracije da jedan narod drugom narodu ne bira predstavnike.<\/p>\n\n\n\n<p>Dakle, navode predlaga\u010di, samo legitimitet predstavljanja stvara temelj za stvarno sudjelovanje i odlu\u010divanje.<\/p>\n\n\n\n<p>Tako\u0111er navode da se ovim izmjenama i dopunama Izbornog zakona BiH nastoji otkloniti mogu\u0107nost manipulacije prilikom izbora i imenovanja tijela za provedbu izbora na na\u010din da \u010dlanove Centralne izborne komisije BiH bira Parlamentarna skup\u0161tina BiH.<\/p>\n\n\n\n<p>&#8211; Kako bi se smanjila mogu\u0107nost za manipulaciju i \u201etrgovanje\u201c mandatima nakon izbora, izmjenama i dopunama ovog zakona predlo\u017eeno je da mandat pripada politi\u010dkoj stranci na \u010dijoj listi je izabrani nositelj mandata osvojio mandat &#8211; navedeno je u obrazlo\u017eenju.<\/p>\n\n\n\n<p>Tako\u0111er, predlaga\u010di navode da se ovim prijedlogom izmjena i dopuna Izbornog zakona stvaraju pretpostavke za uvo\u0111enje izbornih tehnologija u izborni proces.<\/p>\n\n\n\n<p>Izvor:pogled.ba<\/p>\n","protected":false},"excerpt":{"rendered":"<p>Dom naroda Parlamentarne skup\u0161tine Bosne i Hercegovine bi na hitnoj sjednici, zakazanoj za 26. travnja, trebalo da razmatra zahtjev izaslanika iz Kluba hrvatskog naroda u Domu naroda: Dragana \u010covi\u0107a, Lidije Bradare, Marine Pende\u0161 i Bari\u0161e \u010colaka za razmatranje Prijedloga zakona o izmjenama i dopunama Izbornog zakona Bosne i Hercegovine po hitnom postupku. Kada je rije\u010d [&hellip;]<\/p>\n","protected":false},"author":2,"featured_media":135388,"comment_status":"closed","ping_status":"closed","sticky":false,"template":"","format":"standard","meta":{"h5ap_radio_sources":[],"footnotes":""},"categories":[1],"tags":[],"class_list":["post-135387","post","type-post","status-publish","format-standard","has-post-thumbnail","hentry","category-bihiregija"],"yoast_head":"<!-- This site is optimized with the Yoast SEO plugin v27.4 - https:\/\/yoast.com\/product\/yoast-seo-wordpress\/ -->\n<title>Ovo je HDZ-ov prijedlog Izbornog zakona, 26. travnja je na glasanju u Domu naroda BiH - RADIO LJUBU\u0160KI<\/title>\n<meta name=\"robots\" content=\"index, follow, max-snippet:-1, max-image-preview:large, max-video-preview:-1\" \/>\n<link rel=\"canonical\" href=\"https:\/\/radioljubuski.ba\/index.php\/2022\/04\/22\/ovo-je-hdz-ov-prijedlog-izbornog-zakona-26-travnja-je-na-glasanju-u-domu-naroda-bih\/\" \/>\n<meta property=\"og:locale\" content=\"hr_HR\" \/>\n<meta property=\"og:type\" content=\"article\" \/>\n<meta property=\"og:title\" content=\"Ovo je HDZ-ov prijedlog Izbornog zakona, 26. travnja je na glasanju u Domu naroda BiH - RADIO LJUBU\u0160KI\" \/>\n<meta property=\"og:description\" content=\"Dom naroda Parlamentarne skup\u0161tine Bosne i Hercegovine bi na hitnoj sjednici, zakazanoj za 26. travnja, trebalo da razmatra zahtjev izaslanika iz Kluba hrvatskog naroda u Domu naroda: Dragana \u010covi\u0107a, Lidije Bradare, Marine Pende\u0161 i Bari\u0161e \u010colaka za razmatranje Prijedloga zakona o izmjenama i dopunama Izbornog zakona Bosne i Hercegovine po hitnom postupku. Kada je rije\u010d [&hellip;]\" \/>\n<meta property=\"og:url\" content=\"https:\/\/radioljubuski.ba\/index.php\/2022\/04\/22\/ovo-je-hdz-ov-prijedlog-izbornog-zakona-26-travnja-je-na-glasanju-u-domu-naroda-bih\/\" \/>\n<meta property=\"og:site_name\" content=\"RADIO LJUBU\u0160KI\" \/>\n<meta property=\"article:publisher\" content=\"https:\/\/www.facebook.com\/Radiio-Ljubuski-1490835324566332\" \/>\n<meta property=\"article:published_time\" content=\"2022-04-22T17:36:58+00:00\" \/>\n<meta property=\"article:modified_time\" content=\"2022-04-22T17:37:00+00:00\" \/>\n<meta property=\"og:image\" content=\"https:\/\/radioljubuski.ba\/wp-content\/uploads\/2022\/04\/8-2022-04-22-17-13-01-dom-naroda-psbiih.jpg\" \/>\n\t<meta property=\"og:image:width\" content=\"1000\" \/>\n\t<meta property=\"og:image:height\" content=\"625\" \/>\n\t<meta property=\"og:image:type\" content=\"image\/jpeg\" \/>\n<meta name=\"author\" content=\"Radio Ljubu\u0161ki\" \/>\n<meta name=\"twitter:card\" content=\"summary_large_image\" \/>\n<meta name=\"twitter:creator\" content=\"@radioljubuski\" \/>\n<meta name=\"twitter:site\" content=\"@radioljubuski\" \/>\n<meta name=\"twitter:label1\" content=\"Napisao\/la\" \/>\n\t<meta name=\"twitter:data1\" content=\"Radio Ljubu\u0161ki\" \/>\n\t<meta name=\"twitter:label2\" content=\"Procijenjeno vrijeme \u010ditanja\" \/>\n\t<meta name=\"twitter:data2\" content=\"3 minute\" \/>\n<script type=\"application\/ld+json\" class=\"yoast-schema-graph\">{\"@context\":\"https:\\\/\\\/schema.org\",\"@graph\":[{\"@type\":\"Article\",\"@id\":\"https:\\\/\\\/radioljubuski.ba\\\/index.php\\\/2022\\\/04\\\/22\\\/ovo-je-hdz-ov-prijedlog-izbornog-zakona-26-travnja-je-na-glasanju-u-domu-naroda-bih\\\/#article\",\"isPartOf\":{\"@id\":\"https:\\\/\\\/radioljubuski.ba\\\/index.php\\\/2022\\\/04\\\/22\\\/ovo-je-hdz-ov-prijedlog-izbornog-zakona-26-travnja-je-na-glasanju-u-domu-naroda-bih\\\/\"},\"author\":{\"name\":\"Radio Ljubu\u0161ki\",\"@id\":\"https:\\\/\\\/radioljubuski.ba\\\/#\\\/schema\\\/person\\\/19fc700381a780f69665d7956c469e3b\"},\"headline\":\"Ovo je HDZ-ov prijedlog Izbornog zakona, 26. travnja je na glasanju u Domu naroda BiH\",\"datePublished\":\"2022-04-22T17:36:58+00:00\",\"dateModified\":\"2022-04-22T17:37:00+00:00\",\"mainEntityOfPage\":{\"@id\":\"https:\\\/\\\/radioljubuski.ba\\\/index.php\\\/2022\\\/04\\\/22\\\/ovo-je-hdz-ov-prijedlog-izbornog-zakona-26-travnja-je-na-glasanju-u-domu-naroda-bih\\\/\"},\"wordCount\":770,\"publisher\":{\"@id\":\"https:\\\/\\\/radioljubuski.ba\\\/#organization\"},\"image\":{\"@id\":\"https:\\\/\\\/radioljubuski.ba\\\/index.php\\\/2022\\\/04\\\/22\\\/ovo-je-hdz-ov-prijedlog-izbornog-zakona-26-travnja-je-na-glasanju-u-domu-naroda-bih\\\/#primaryimage\"},\"thumbnailUrl\":\"https:\\\/\\\/radioljubuski.ba\\\/wp-content\\\/uploads\\\/2022\\\/04\\\/8-2022-04-22-17-13-01-dom-naroda-psbiih.jpg\",\"articleSection\":[\"BIH i regija\"],\"inLanguage\":\"hr\"},{\"@type\":\"WebPage\",\"@id\":\"https:\\\/\\\/radioljubuski.ba\\\/index.php\\\/2022\\\/04\\\/22\\\/ovo-je-hdz-ov-prijedlog-izbornog-zakona-26-travnja-je-na-glasanju-u-domu-naroda-bih\\\/\",\"url\":\"https:\\\/\\\/radioljubuski.ba\\\/index.php\\\/2022\\\/04\\\/22\\\/ovo-je-hdz-ov-prijedlog-izbornog-zakona-26-travnja-je-na-glasanju-u-domu-naroda-bih\\\/\",\"name\":\"Ovo je HDZ-ov prijedlog Izbornog zakona, 26. travnja je na glasanju u Domu naroda BiH - RADIO LJUBU\u0160KI\",\"isPartOf\":{\"@id\":\"https:\\\/\\\/radioljubuski.ba\\\/#website\"},\"primaryImageOfPage\":{\"@id\":\"https:\\\/\\\/radioljubuski.ba\\\/index.php\\\/2022\\\/04\\\/22\\\/ovo-je-hdz-ov-prijedlog-izbornog-zakona-26-travnja-je-na-glasanju-u-domu-naroda-bih\\\/#primaryimage\"},\"image\":{\"@id\":\"https:\\\/\\\/radioljubuski.ba\\\/index.php\\\/2022\\\/04\\\/22\\\/ovo-je-hdz-ov-prijedlog-izbornog-zakona-26-travnja-je-na-glasanju-u-domu-naroda-bih\\\/#primaryimage\"},\"thumbnailUrl\":\"https:\\\/\\\/radioljubuski.ba\\\/wp-content\\\/uploads\\\/2022\\\/04\\\/8-2022-04-22-17-13-01-dom-naroda-psbiih.jpg\",\"datePublished\":\"2022-04-22T17:36:58+00:00\",\"dateModified\":\"2022-04-22T17:37:00+00:00\",\"breadcrumb\":{\"@id\":\"https:\\\/\\\/radioljubuski.ba\\\/index.php\\\/2022\\\/04\\\/22\\\/ovo-je-hdz-ov-prijedlog-izbornog-zakona-26-travnja-je-na-glasanju-u-domu-naroda-bih\\\/#breadcrumb\"},\"inLanguage\":\"hr\",\"potentialAction\":[{\"@type\":\"ReadAction\",\"target\":[\"https:\\\/\\\/radioljubuski.ba\\\/index.php\\\/2022\\\/04\\\/22\\\/ovo-je-hdz-ov-prijedlog-izbornog-zakona-26-travnja-je-na-glasanju-u-domu-naroda-bih\\\/\"]}]},{\"@type\":\"ImageObject\",\"inLanguage\":\"hr\",\"@id\":\"https:\\\/\\\/radioljubuski.ba\\\/index.php\\\/2022\\\/04\\\/22\\\/ovo-je-hdz-ov-prijedlog-izbornog-zakona-26-travnja-je-na-glasanju-u-domu-naroda-bih\\\/#primaryimage\",\"url\":\"https:\\\/\\\/radioljubuski.ba\\\/wp-content\\\/uploads\\\/2022\\\/04\\\/8-2022-04-22-17-13-01-dom-naroda-psbiih.jpg\",\"contentUrl\":\"https:\\\/\\\/radioljubuski.ba\\\/wp-content\\\/uploads\\\/2022\\\/04\\\/8-2022-04-22-17-13-01-dom-naroda-psbiih.jpg\",\"width\":1000,\"height\":625},{\"@type\":\"BreadcrumbList\",\"@id\":\"https:\\\/\\\/radioljubuski.ba\\\/index.php\\\/2022\\\/04\\\/22\\\/ovo-je-hdz-ov-prijedlog-izbornog-zakona-26-travnja-je-na-glasanju-u-domu-naroda-bih\\\/#breadcrumb\",\"itemListElement\":[{\"@type\":\"ListItem\",\"position\":1,\"name\":\"Po\u010detna stranica\",\"item\":\"https:\\\/\\\/radioljubuski.ba\\\/\"},{\"@type\":\"ListItem\",\"position\":2,\"name\":\"Ovo je HDZ-ov prijedlog Izbornog zakona, 26. travnja je na glasanju u Domu naroda BiH\"}]},{\"@type\":\"WebSite\",\"@id\":\"https:\\\/\\\/radioljubuski.ba\\\/#website\",\"url\":\"https:\\\/\\\/radioljubuski.ba\\\/\",\"name\":\"Radio Ljubu\u0161ki\",\"description\":\"Sun\u010dana frekvencija Hercegovine\",\"publisher\":{\"@id\":\"https:\\\/\\\/radioljubuski.ba\\\/#organization\"},\"potentialAction\":[{\"@type\":\"SearchAction\",\"target\":{\"@type\":\"EntryPoint\",\"urlTemplate\":\"https:\\\/\\\/radioljubuski.ba\\\/?s={search_term_string}\"},\"query-input\":{\"@type\":\"PropertyValueSpecification\",\"valueRequired\":true,\"valueName\":\"search_term_string\"}}],\"inLanguage\":\"hr\"},{\"@type\":\"Organization\",\"@id\":\"https:\\\/\\\/radioljubuski.ba\\\/#organization\",\"name\":\"Radio Ljubu\u0161ki\",\"url\":\"https:\\\/\\\/radioljubuski.ba\\\/\",\"logo\":{\"@type\":\"ImageObject\",\"inLanguage\":\"hr\",\"@id\":\"https:\\\/\\\/radioljubuski.ba\\\/#\\\/schema\\\/logo\\\/image\\\/\",\"url\":\"https:\\\/\\\/radioljubuski.ba\\\/wp-content\\\/uploads\\\/2021\\\/02\\\/cropped-Radio_Ljubuski_logo1.jpg\",\"contentUrl\":\"https:\\\/\\\/radioljubuski.ba\\\/wp-content\\\/uploads\\\/2021\\\/02\\\/cropped-Radio_Ljubuski_logo1.jpg\",\"width\":512,\"height\":512,\"caption\":\"Radio Ljubu\u0161ki\"},\"image\":{\"@id\":\"https:\\\/\\\/radioljubuski.ba\\\/#\\\/schema\\\/logo\\\/image\\\/\"},\"sameAs\":[\"https:\\\/\\\/www.facebook.com\\\/Radiio-Ljubuski-1490835324566332\",\"https:\\\/\\\/x.com\\\/radioljubuski\",\"https:\\\/\\\/hr.linkedin.com\\\/company\\\/radio-ljubuski\",\"https:\\\/\\\/www.youtube.com\\\/channel\\\/UCHYaeO_n0Db3tjNGudGpXyw\"]},{\"@type\":\"Person\",\"@id\":\"https:\\\/\\\/radioljubuski.ba\\\/#\\\/schema\\\/person\\\/19fc700381a780f69665d7956c469e3b\",\"name\":\"Radio Ljubu\u0161ki\"}]}<\/script>\n<!-- \/ Yoast SEO plugin. -->","yoast_head_json":{"title":"Ovo je HDZ-ov prijedlog Izbornog zakona, 26. travnja je na glasanju u Domu naroda BiH - RADIO LJUBU\u0160KI","robots":{"index":"index","follow":"follow","max-snippet":"max-snippet:-1","max-image-preview":"max-image-preview:large","max-video-preview":"max-video-preview:-1"},"canonical":"https:\/\/radioljubuski.ba\/index.php\/2022\/04\/22\/ovo-je-hdz-ov-prijedlog-izbornog-zakona-26-travnja-je-na-glasanju-u-domu-naroda-bih\/","og_locale":"hr_HR","og_type":"article","og_title":"Ovo je HDZ-ov prijedlog Izbornog zakona, 26. travnja je na glasanju u Domu naroda BiH - RADIO LJUBU\u0160KI","og_description":"Dom naroda Parlamentarne skup\u0161tine Bosne i Hercegovine bi na hitnoj sjednici, zakazanoj za 26. travnja, trebalo da razmatra zahtjev izaslanika iz Kluba hrvatskog naroda u Domu naroda: Dragana \u010covi\u0107a, Lidije Bradare, Marine Pende\u0161 i Bari\u0161e \u010colaka za razmatranje Prijedloga zakona o izmjenama i dopunama Izbornog zakona Bosne i Hercegovine po hitnom postupku. Kada je rije\u010d [&hellip;]","og_url":"https:\/\/radioljubuski.ba\/index.php\/2022\/04\/22\/ovo-je-hdz-ov-prijedlog-izbornog-zakona-26-travnja-je-na-glasanju-u-domu-naroda-bih\/","og_site_name":"RADIO LJUBU\u0160KI","article_publisher":"https:\/\/www.facebook.com\/Radiio-Ljubuski-1490835324566332","article_published_time":"2022-04-22T17:36:58+00:00","article_modified_time":"2022-04-22T17:37:00+00:00","og_image":[{"width":1000,"height":625,"url":"https:\/\/radioljubuski.ba\/wp-content\/uploads\/2022\/04\/8-2022-04-22-17-13-01-dom-naroda-psbiih.jpg","type":"image\/jpeg"}],"author":"Radio Ljubu\u0161ki","twitter_card":"summary_large_image","twitter_creator":"@radioljubuski","twitter_site":"@radioljubuski","twitter_misc":{"Napisao\/la":"Radio Ljubu\u0161ki","Procijenjeno vrijeme \u010ditanja":"3 minute"},"schema":{"@context":"https:\/\/schema.org","@graph":[{"@type":"Article","@id":"https:\/\/radioljubuski.ba\/index.php\/2022\/04\/22\/ovo-je-hdz-ov-prijedlog-izbornog-zakona-26-travnja-je-na-glasanju-u-domu-naroda-bih\/#article","isPartOf":{"@id":"https:\/\/radioljubuski.ba\/index.php\/2022\/04\/22\/ovo-je-hdz-ov-prijedlog-izbornog-zakona-26-travnja-je-na-glasanju-u-domu-naroda-bih\/"},"author":{"name":"Radio Ljubu\u0161ki","@id":"https:\/\/radioljubuski.ba\/#\/schema\/person\/19fc700381a780f69665d7956c469e3b"},"headline":"Ovo je HDZ-ov prijedlog Izbornog zakona, 26. travnja je na glasanju u Domu naroda BiH","datePublished":"2022-04-22T17:36:58+00:00","dateModified":"2022-04-22T17:37:00+00:00","mainEntityOfPage":{"@id":"https:\/\/radioljubuski.ba\/index.php\/2022\/04\/22\/ovo-je-hdz-ov-prijedlog-izbornog-zakona-26-travnja-je-na-glasanju-u-domu-naroda-bih\/"},"wordCount":770,"publisher":{"@id":"https:\/\/radioljubuski.ba\/#organization"},"image":{"@id":"https:\/\/radioljubuski.ba\/index.php\/2022\/04\/22\/ovo-je-hdz-ov-prijedlog-izbornog-zakona-26-travnja-je-na-glasanju-u-domu-naroda-bih\/#primaryimage"},"thumbnailUrl":"https:\/\/radioljubuski.ba\/wp-content\/uploads\/2022\/04\/8-2022-04-22-17-13-01-dom-naroda-psbiih.jpg","articleSection":["BIH i regija"],"inLanguage":"hr"},{"@type":"WebPage","@id":"https:\/\/radioljubuski.ba\/index.php\/2022\/04\/22\/ovo-je-hdz-ov-prijedlog-izbornog-zakona-26-travnja-je-na-glasanju-u-domu-naroda-bih\/","url":"https:\/\/radioljubuski.ba\/index.php\/2022\/04\/22\/ovo-je-hdz-ov-prijedlog-izbornog-zakona-26-travnja-je-na-glasanju-u-domu-naroda-bih\/","name":"Ovo je HDZ-ov prijedlog Izbornog zakona, 26. travnja je na glasanju u Domu naroda BiH - RADIO LJUBU\u0160KI","isPartOf":{"@id":"https:\/\/radioljubuski.ba\/#website"},"primaryImageOfPage":{"@id":"https:\/\/radioljubuski.ba\/index.php\/2022\/04\/22\/ovo-je-hdz-ov-prijedlog-izbornog-zakona-26-travnja-je-na-glasanju-u-domu-naroda-bih\/#primaryimage"},"image":{"@id":"https:\/\/radioljubuski.ba\/index.php\/2022\/04\/22\/ovo-je-hdz-ov-prijedlog-izbornog-zakona-26-travnja-je-na-glasanju-u-domu-naroda-bih\/#primaryimage"},"thumbnailUrl":"https:\/\/radioljubuski.ba\/wp-content\/uploads\/2022\/04\/8-2022-04-22-17-13-01-dom-naroda-psbiih.jpg","datePublished":"2022-04-22T17:36:58+00:00","dateModified":"2022-04-22T17:37:00+00:00","breadcrumb":{"@id":"https:\/\/radioljubuski.ba\/index.php\/2022\/04\/22\/ovo-je-hdz-ov-prijedlog-izbornog-zakona-26-travnja-je-na-glasanju-u-domu-naroda-bih\/#breadcrumb"},"inLanguage":"hr","potentialAction":[{"@type":"ReadAction","target":["https:\/\/radioljubuski.ba\/index.php\/2022\/04\/22\/ovo-je-hdz-ov-prijedlog-izbornog-zakona-26-travnja-je-na-glasanju-u-domu-naroda-bih\/"]}]},{"@type":"ImageObject","inLanguage":"hr","@id":"https:\/\/radioljubuski.ba\/index.php\/2022\/04\/22\/ovo-je-hdz-ov-prijedlog-izbornog-zakona-26-travnja-je-na-glasanju-u-domu-naroda-bih\/#primaryimage","url":"https:\/\/radioljubuski.ba\/wp-content\/uploads\/2022\/04\/8-2022-04-22-17-13-01-dom-naroda-psbiih.jpg","contentUrl":"https:\/\/radioljubuski.ba\/wp-content\/uploads\/2022\/04\/8-2022-04-22-17-13-01-dom-naroda-psbiih.jpg","width":1000,"height":625},{"@type":"BreadcrumbList","@id":"https:\/\/radioljubuski.ba\/index.php\/2022\/04\/22\/ovo-je-hdz-ov-prijedlog-izbornog-zakona-26-travnja-je-na-glasanju-u-domu-naroda-bih\/#breadcrumb","itemListElement":[{"@type":"ListItem","position":1,"name":"Po\u010detna stranica","item":"https:\/\/radioljubuski.ba\/"},{"@type":"ListItem","position":2,"name":"Ovo je HDZ-ov prijedlog Izbornog zakona, 26. travnja je na glasanju u Domu naroda BiH"}]},{"@type":"WebSite","@id":"https:\/\/radioljubuski.ba\/#website","url":"https:\/\/radioljubuski.ba\/","name":"Radio Ljubu\u0161ki","description":"Sun\u010dana frekvencija Hercegovine","publisher":{"@id":"https:\/\/radioljubuski.ba\/#organization"},"potentialAction":[{"@type":"SearchAction","target":{"@type":"EntryPoint","urlTemplate":"https:\/\/radioljubuski.ba\/?s={search_term_string}"},"query-input":{"@type":"PropertyValueSpecification","valueRequired":true,"valueName":"search_term_string"}}],"inLanguage":"hr"},{"@type":"Organization","@id":"https:\/\/radioljubuski.ba\/#organization","name":"Radio Ljubu\u0161ki","url":"https:\/\/radioljubuski.ba\/","logo":{"@type":"ImageObject","inLanguage":"hr","@id":"https:\/\/radioljubuski.ba\/#\/schema\/logo\/image\/","url":"https:\/\/radioljubuski.ba\/wp-content\/uploads\/2021\/02\/cropped-Radio_Ljubuski_logo1.jpg","contentUrl":"https:\/\/radioljubuski.ba\/wp-content\/uploads\/2021\/02\/cropped-Radio_Ljubuski_logo1.jpg","width":512,"height":512,"caption":"Radio Ljubu\u0161ki"},"image":{"@id":"https:\/\/radioljubuski.ba\/#\/schema\/logo\/image\/"},"sameAs":["https:\/\/www.facebook.com\/Radiio-Ljubuski-1490835324566332","https:\/\/x.com\/radioljubuski","https:\/\/hr.linkedin.com\/company\/radio-ljubuski","https:\/\/www.youtube.com\/channel\/UCHYaeO_n0Db3tjNGudGpXyw"]},{"@type":"Person","@id":"https:\/\/radioljubuski.ba\/#\/schema\/person\/19fc700381a780f69665d7956c469e3b","name":"Radio Ljubu\u0161ki"}]}},"_links":{"self":[{"href":"https:\/\/radioljubuski.ba\/index.php\/wp-json\/wp\/v2\/posts\/135387","targetHints":{"allow":["GET"]}}],"collection":[{"href":"https:\/\/radioljubuski.ba\/index.php\/wp-json\/wp\/v2\/posts"}],"about":[{"href":"https:\/\/radioljubuski.ba\/index.php\/wp-json\/wp\/v2\/types\/post"}],"author":[{"embeddable":true,"href":"https:\/\/radioljubuski.ba\/index.php\/wp-json\/wp\/v2\/users\/2"}],"replies":[{"embeddable":true,"href":"https:\/\/radioljubuski.ba\/index.php\/wp-json\/wp\/v2\/comments?post=135387"}],"version-history":[{"count":1,"href":"https:\/\/radioljubuski.ba\/index.php\/wp-json\/wp\/v2\/posts\/135387\/revisions"}],"predecessor-version":[{"id":135389,"href":"https:\/\/radioljubuski.ba\/index.php\/wp-json\/wp\/v2\/posts\/135387\/revisions\/135389"}],"wp:featuredmedia":[{"embeddable":true,"href":"https:\/\/radioljubuski.ba\/index.php\/wp-json\/wp\/v2\/media\/135388"}],"wp:attachment":[{"href":"https:\/\/radioljubuski.ba\/index.php\/wp-json\/wp\/v2\/media?parent=135387"}],"wp:term":[{"taxonomy":"category","embeddable":true,"href":"https:\/\/radioljubuski.ba\/index.php\/wp-json\/wp\/v2\/categories?post=135387"},{"taxonomy":"post_tag","embeddable":true,"href":"https:\/\/radioljubuski.ba\/index.php\/wp-json\/wp\/v2\/tags?post=135387"}],"curies":[{"name":"wp","href":"https:\/\/api.w.org\/{rel}","templated":true}]}}