{"id":135426,"date":"2022-04-22T23:07:17","date_gmt":"2022-04-22T22:07:17","guid":{"rendered":"https:\/\/radioljubuski.ba\/?p=135426"},"modified":"2022-04-22T23:07:18","modified_gmt":"2022-04-22T22:07:18","slug":"tresao-se-ljubuski-mi-mislili-baba-spava-a-ona-se-najvise-pripala","status":"publish","type":"post","link":"https:\/\/radioljubuski.ba\/index.php\/2022\/04\/22\/tresao-se-ljubuski-mi-mislili-baba-spava-a-ona-se-najvise-pripala\/","title":{"rendered":"Tresao se Ljubu\u0161ki: Mi mislili baba spava, a ona se najvi\u0161e pripala"},"content":{"rendered":"\n<p>Vrlo sna\u017ean potres pogodio je u petak u 23,08 sati podru\u010dje Ljubu\u0161kog i Hercegovine.<\/p>\n\n\n\n<p>Prve informacije ESMC-a govore o magnitudi 5.8 stupnjeva Richterove ljestvice i epicentru na podru\u010dju Stoca.<\/p>\n\n\n\n<p>Hercegovci su odmah pohrlili na dru\u0161tvene mre\u017ee, a prema komentarima koje \u010ditamo nema objava o ljudskim \u017ertvama, \u0161to je najva\u017enije.<\/p>\n\n\n\n<p>Donosimo nekoliko komentara iz Ljubu\u0161kog: <\/p>\n\n\n\n<p>&#8211;&nbsp; U nas je bilo bombasti\u010dno. Roka od brdo \u017eestoko, jedan je od komentara kojeg smo prona\u0161li na Facebooku.<\/p>\n\n\n\n<p>&#8211; Bogu hvala u centru sve ok. Neka nam Gospodin bude milosrdan i milostiv, pi\u0161e \u017eena koja \u017eivi u centru grada.<\/p>\n\n\n\n<p>&#8211; Mi mislili baba spava, a ona se najvi\u0161e pripala, komentirao je mla\u0111i gra\u0111anin.<\/p>\n\n\n\n<p>Neki komentari spominju i uru\u0161avanje Kule, ali vjerujemo, ako je ne\u0161to i bilo, da se radi o bla\u017eim uru\u0161avanjima.<\/p>\n\n\n\n<blockquote class=\"twitter-tweet\"><p lang=\"en\" dir=\"ltr\"><a href=\"https:\/\/twitter.com\/hashtag\/Earthquake?src=hash&amp;ref_src=twsrc%5Etfw\">#Earthquake<\/a> 15 km SE of <a href=\"https:\/\/twitter.com\/hashtag\/Stolac?src=hash&amp;ref_src=twsrc%5Etfw\">#Stolac<\/a> (Bosnia &amp; Herzegovina) 4 min ago (local time 23:07:48). Colored dots represent local shaking &amp; damage reported by eyewitnesses. Share your experience:<br>\ud83d\udcf1<a href=\"https:\/\/t.co\/LBaVNedgF9\">https:\/\/t.co\/LBaVNedgF9<\/a><br>\ud83c\udf10<a href=\"https:\/\/t.co\/zYUcSfYiVv\">https:\/\/t.co\/zYUcSfYiVv<\/a> <a href=\"https:\/\/t.co\/au37GeOmwa\">pic.twitter.com\/au37GeOmwa<\/a><\/p>&mdash; EMSC (@LastQuake) <a href=\"https:\/\/twitter.com\/LastQuake\/status\/1517612277943386113?ref_src=twsrc%5Etfw\">April 22, 2022<\/a><\/blockquote> <script async src=\"https:\/\/platform.twitter.com\/widgets.js\" charset=\"utf-8\"><\/script>\n\n\n\n<p>Radio Ljubu\u0161ki<\/p>\n","protected":false},"excerpt":{"rendered":"<p>Vrlo sna\u017ean potres pogodio je u petak u 23,08 sati podru\u010dje Ljubu\u0161kog i Hercegovine. Prve informacije ESMC-a govore o magnitudi 5.8 stupnjeva Richterove ljestvice i epicentru na podru\u010dju Stoca. Hercegovci su odmah pohrlili na dru\u0161tvene mre\u017ee, a prema komentarima koje \u010ditamo nema objava o ljudskim \u017ertvama, \u0161to je najva\u017enije. Donosimo nekoliko komentara iz Ljubu\u0161kog: &#8211;&nbsp; [&hellip;]<\/p>\n","protected":false},"author":2,"featured_media":135427,"comment_status":"closed","ping_status":"closed","sticky":false,"template":"","format":"standard","meta":{"h5ap_radio_sources":[],"footnotes":""},"categories":[3],"tags":[],"class_list":["post-135426","post","type-post","status-publish","format-standard","has-post-thumbnail","hentry","category-ljubuski"],"yoast_head":"<!-- This site is optimized with the Yoast SEO plugin v27.4 - https:\/\/yoast.com\/product\/yoast-seo-wordpress\/ -->\n<title>Tresao se Ljubu\u0161ki: Mi mislili baba spava, a ona se najvi\u0161e pripala - RADIO LJUBU\u0160KI<\/title>\n<meta name=\"robots\" content=\"index, follow, max-snippet:-1, max-image-preview:large, max-video-preview:-1\" \/>\n<link rel=\"canonical\" href=\"https:\/\/radioljubuski.ba\/index.php\/2022\/04\/22\/tresao-se-ljubuski-mi-mislili-baba-spava-a-ona-se-najvise-pripala\/\" \/>\n<meta property=\"og:locale\" content=\"hr_HR\" \/>\n<meta property=\"og:type\" content=\"article\" \/>\n<meta property=\"og:title\" content=\"Tresao se Ljubu\u0161ki: Mi mislili baba spava, a ona se najvi\u0161e pripala - RADIO LJUBU\u0160KI\" \/>\n<meta property=\"og:description\" content=\"Vrlo sna\u017ean potres pogodio je u petak u 23,08 sati podru\u010dje Ljubu\u0161kog i Hercegovine. Prve informacije ESMC-a govore o magnitudi 5.8 stupnjeva Richterove ljestvice i epicentru na podru\u010dju Stoca. Hercegovci su odmah pohrlili na dru\u0161tvene mre\u017ee, a prema komentarima koje \u010ditamo nema objava o ljudskim \u017ertvama, \u0161to je najva\u017enije. Donosimo nekoliko komentara iz Ljubu\u0161kog: &#8211;&nbsp; [&hellip;]\" \/>\n<meta property=\"og:url\" content=\"https:\/\/radioljubuski.ba\/index.php\/2022\/04\/22\/tresao-se-ljubuski-mi-mislili-baba-spava-a-ona-se-najvise-pripala\/\" \/>\n<meta property=\"og:site_name\" content=\"RADIO LJUBU\u0160KI\" \/>\n<meta property=\"article:publisher\" content=\"https:\/\/www.facebook.com\/Radiio-Ljubuski-1490835324566332\" \/>\n<meta property=\"article:published_time\" content=\"2022-04-22T22:07:17+00:00\" \/>\n<meta property=\"article:modified_time\" content=\"2022-04-22T22:07:18+00:00\" \/>\n<meta property=\"og:image\" content=\"https:\/\/radioljubuski.ba\/wp-content\/uploads\/2022\/04\/33-15.png\" \/>\n\t<meta property=\"og:image:width\" content=\"336\" \/>\n\t<meta property=\"og:image:height\" content=\"286\" \/>\n\t<meta property=\"og:image:type\" content=\"image\/png\" \/>\n<meta name=\"author\" content=\"Radio Ljubu\u0161ki\" \/>\n<meta name=\"twitter:card\" content=\"summary_large_image\" \/>\n<meta name=\"twitter:creator\" content=\"@radioljubuski\" \/>\n<meta name=\"twitter:site\" content=\"@radioljubuski\" \/>\n<meta name=\"twitter:label1\" content=\"Napisao\/la\" \/>\n\t<meta name=\"twitter:data1\" content=\"Radio Ljubu\u0161ki\" \/>\n\t<meta name=\"twitter:label2\" content=\"Procijenjeno vrijeme \u010ditanja\" \/>\n\t<meta name=\"twitter:data2\" content=\"1 minuta\" \/>\n<script type=\"application\/ld+json\" class=\"yoast-schema-graph\">{\"@context\":\"https:\\\/\\\/schema.org\",\"@graph\":[{\"@type\":\"Article\",\"@id\":\"https:\\\/\\\/radioljubuski.ba\\\/index.php\\\/2022\\\/04\\\/22\\\/tresao-se-ljubuski-mi-mislili-baba-spava-a-ona-se-najvise-pripala\\\/#article\",\"isPartOf\":{\"@id\":\"https:\\\/\\\/radioljubuski.ba\\\/index.php\\\/2022\\\/04\\\/22\\\/tresao-se-ljubuski-mi-mislili-baba-spava-a-ona-se-najvise-pripala\\\/\"},\"author\":{\"name\":\"Radio Ljubu\u0161ki\",\"@id\":\"https:\\\/\\\/radioljubuski.ba\\\/#\\\/schema\\\/person\\\/19fc700381a780f69665d7956c469e3b\"},\"headline\":\"Tresao se Ljubu\u0161ki: Mi mislili baba spava, a ona se najvi\u0161e pripala\",\"datePublished\":\"2022-04-22T22:07:17+00:00\",\"dateModified\":\"2022-04-22T22:07:18+00:00\",\"mainEntityOfPage\":{\"@id\":\"https:\\\/\\\/radioljubuski.ba\\\/index.php\\\/2022\\\/04\\\/22\\\/tresao-se-ljubuski-mi-mislili-baba-spava-a-ona-se-najvise-pripala\\\/\"},\"wordCount\":203,\"publisher\":{\"@id\":\"https:\\\/\\\/radioljubuski.ba\\\/#organization\"},\"image\":{\"@id\":\"https:\\\/\\\/radioljubuski.ba\\\/index.php\\\/2022\\\/04\\\/22\\\/tresao-se-ljubuski-mi-mislili-baba-spava-a-ona-se-najvise-pripala\\\/#primaryimage\"},\"thumbnailUrl\":\"https:\\\/\\\/radioljubuski.ba\\\/wp-content\\\/uploads\\\/2022\\\/04\\\/33-15.png\",\"articleSection\":[\"Ljubu\u0161ki\"],\"inLanguage\":\"hr\"},{\"@type\":\"WebPage\",\"@id\":\"https:\\\/\\\/radioljubuski.ba\\\/index.php\\\/2022\\\/04\\\/22\\\/tresao-se-ljubuski-mi-mislili-baba-spava-a-ona-se-najvise-pripala\\\/\",\"url\":\"https:\\\/\\\/radioljubuski.ba\\\/index.php\\\/2022\\\/04\\\/22\\\/tresao-se-ljubuski-mi-mislili-baba-spava-a-ona-se-najvise-pripala\\\/\",\"name\":\"Tresao se Ljubu\u0161ki: Mi mislili baba spava, a ona se najvi\u0161e pripala - RADIO LJUBU\u0160KI\",\"isPartOf\":{\"@id\":\"https:\\\/\\\/radioljubuski.ba\\\/#website\"},\"primaryImageOfPage\":{\"@id\":\"https:\\\/\\\/radioljubuski.ba\\\/index.php\\\/2022\\\/04\\\/22\\\/tresao-se-ljubuski-mi-mislili-baba-spava-a-ona-se-najvise-pripala\\\/#primaryimage\"},\"image\":{\"@id\":\"https:\\\/\\\/radioljubuski.ba\\\/index.php\\\/2022\\\/04\\\/22\\\/tresao-se-ljubuski-mi-mislili-baba-spava-a-ona-se-najvise-pripala\\\/#primaryimage\"},\"thumbnailUrl\":\"https:\\\/\\\/radioljubuski.ba\\\/wp-content\\\/uploads\\\/2022\\\/04\\\/33-15.png\",\"datePublished\":\"2022-04-22T22:07:17+00:00\",\"dateModified\":\"2022-04-22T22:07:18+00:00\",\"breadcrumb\":{\"@id\":\"https:\\\/\\\/radioljubuski.ba\\\/index.php\\\/2022\\\/04\\\/22\\\/tresao-se-ljubuski-mi-mislili-baba-spava-a-ona-se-najvise-pripala\\\/#breadcrumb\"},\"inLanguage\":\"hr\",\"potentialAction\":[{\"@type\":\"ReadAction\",\"target\":[\"https:\\\/\\\/radioljubuski.ba\\\/index.php\\\/2022\\\/04\\\/22\\\/tresao-se-ljubuski-mi-mislili-baba-spava-a-ona-se-najvise-pripala\\\/\"]}]},{\"@type\":\"ImageObject\",\"inLanguage\":\"hr\",\"@id\":\"https:\\\/\\\/radioljubuski.ba\\\/index.php\\\/2022\\\/04\\\/22\\\/tresao-se-ljubuski-mi-mislili-baba-spava-a-ona-se-najvise-pripala\\\/#primaryimage\",\"url\":\"https:\\\/\\\/radioljubuski.ba\\\/wp-content\\\/uploads\\\/2022\\\/04\\\/33-15.png\",\"contentUrl\":\"https:\\\/\\\/radioljubuski.ba\\\/wp-content\\\/uploads\\\/2022\\\/04\\\/33-15.png\",\"width\":336,\"height\":286},{\"@type\":\"BreadcrumbList\",\"@id\":\"https:\\\/\\\/radioljubuski.ba\\\/index.php\\\/2022\\\/04\\\/22\\\/tresao-se-ljubuski-mi-mislili-baba-spava-a-ona-se-najvise-pripala\\\/#breadcrumb\",\"itemListElement\":[{\"@type\":\"ListItem\",\"position\":1,\"name\":\"Po\u010detna stranica\",\"item\":\"https:\\\/\\\/radioljubuski.ba\\\/\"},{\"@type\":\"ListItem\",\"position\":2,\"name\":\"Tresao se Ljubu\u0161ki: Mi mislili baba spava, a ona se najvi\u0161e pripala\"}]},{\"@type\":\"WebSite\",\"@id\":\"https:\\\/\\\/radioljubuski.ba\\\/#website\",\"url\":\"https:\\\/\\\/radioljubuski.ba\\\/\",\"name\":\"Radio Ljubu\u0161ki\",\"description\":\"Sun\u010dana frekvencija Hercegovine\",\"publisher\":{\"@id\":\"https:\\\/\\\/radioljubuski.ba\\\/#organization\"},\"potentialAction\":[{\"@type\":\"SearchAction\",\"target\":{\"@type\":\"EntryPoint\",\"urlTemplate\":\"https:\\\/\\\/radioljubuski.ba\\\/?s={search_term_string}\"},\"query-input\":{\"@type\":\"PropertyValueSpecification\",\"valueRequired\":true,\"valueName\":\"search_term_string\"}}],\"inLanguage\":\"hr\"},{\"@type\":\"Organization\",\"@id\":\"https:\\\/\\\/radioljubuski.ba\\\/#organization\",\"name\":\"Radio Ljubu\u0161ki\",\"url\":\"https:\\\/\\\/radioljubuski.ba\\\/\",\"logo\":{\"@type\":\"ImageObject\",\"inLanguage\":\"hr\",\"@id\":\"https:\\\/\\\/radioljubuski.ba\\\/#\\\/schema\\\/logo\\\/image\\\/\",\"url\":\"https:\\\/\\\/radioljubuski.ba\\\/wp-content\\\/uploads\\\/2021\\\/02\\\/cropped-Radio_Ljubuski_logo1.jpg\",\"contentUrl\":\"https:\\\/\\\/radioljubuski.ba\\\/wp-content\\\/uploads\\\/2021\\\/02\\\/cropped-Radio_Ljubuski_logo1.jpg\",\"width\":512,\"height\":512,\"caption\":\"Radio Ljubu\u0161ki\"},\"image\":{\"@id\":\"https:\\\/\\\/radioljubuski.ba\\\/#\\\/schema\\\/logo\\\/image\\\/\"},\"sameAs\":[\"https:\\\/\\\/www.facebook.com\\\/Radiio-Ljubuski-1490835324566332\",\"https:\\\/\\\/x.com\\\/radioljubuski\",\"https:\\\/\\\/hr.linkedin.com\\\/company\\\/radio-ljubuski\",\"https:\\\/\\\/www.youtube.com\\\/channel\\\/UCHYaeO_n0Db3tjNGudGpXyw\"]},{\"@type\":\"Person\",\"@id\":\"https:\\\/\\\/radioljubuski.ba\\\/#\\\/schema\\\/person\\\/19fc700381a780f69665d7956c469e3b\",\"name\":\"Radio Ljubu\u0161ki\"}]}<\/script>\n<!-- \/ Yoast SEO plugin. -->","yoast_head_json":{"title":"Tresao se Ljubu\u0161ki: Mi mislili baba spava, a ona se najvi\u0161e pripala - RADIO LJUBU\u0160KI","robots":{"index":"index","follow":"follow","max-snippet":"max-snippet:-1","max-image-preview":"max-image-preview:large","max-video-preview":"max-video-preview:-1"},"canonical":"https:\/\/radioljubuski.ba\/index.php\/2022\/04\/22\/tresao-se-ljubuski-mi-mislili-baba-spava-a-ona-se-najvise-pripala\/","og_locale":"hr_HR","og_type":"article","og_title":"Tresao se Ljubu\u0161ki: Mi mislili baba spava, a ona se najvi\u0161e pripala - RADIO LJUBU\u0160KI","og_description":"Vrlo sna\u017ean potres pogodio je u petak u 23,08 sati podru\u010dje Ljubu\u0161kog i Hercegovine. Prve informacije ESMC-a govore o magnitudi 5.8 stupnjeva Richterove ljestvice i epicentru na podru\u010dju Stoca. Hercegovci su odmah pohrlili na dru\u0161tvene mre\u017ee, a prema komentarima koje \u010ditamo nema objava o ljudskim \u017ertvama, \u0161to je najva\u017enije. Donosimo nekoliko komentara iz Ljubu\u0161kog: &#8211;&nbsp; [&hellip;]","og_url":"https:\/\/radioljubuski.ba\/index.php\/2022\/04\/22\/tresao-se-ljubuski-mi-mislili-baba-spava-a-ona-se-najvise-pripala\/","og_site_name":"RADIO LJUBU\u0160KI","article_publisher":"https:\/\/www.facebook.com\/Radiio-Ljubuski-1490835324566332","article_published_time":"2022-04-22T22:07:17+00:00","article_modified_time":"2022-04-22T22:07:18+00:00","og_image":[{"width":336,"height":286,"url":"https:\/\/radioljubuski.ba\/wp-content\/uploads\/2022\/04\/33-15.png","type":"image\/png"}],"author":"Radio Ljubu\u0161ki","twitter_card":"summary_large_image","twitter_creator":"@radioljubuski","twitter_site":"@radioljubuski","twitter_misc":{"Napisao\/la":"Radio Ljubu\u0161ki","Procijenjeno vrijeme \u010ditanja":"1 minuta"},"schema":{"@context":"https:\/\/schema.org","@graph":[{"@type":"Article","@id":"https:\/\/radioljubuski.ba\/index.php\/2022\/04\/22\/tresao-se-ljubuski-mi-mislili-baba-spava-a-ona-se-najvise-pripala\/#article","isPartOf":{"@id":"https:\/\/radioljubuski.ba\/index.php\/2022\/04\/22\/tresao-se-ljubuski-mi-mislili-baba-spava-a-ona-se-najvise-pripala\/"},"author":{"name":"Radio Ljubu\u0161ki","@id":"https:\/\/radioljubuski.ba\/#\/schema\/person\/19fc700381a780f69665d7956c469e3b"},"headline":"Tresao se Ljubu\u0161ki: Mi mislili baba spava, a ona se najvi\u0161e pripala","datePublished":"2022-04-22T22:07:17+00:00","dateModified":"2022-04-22T22:07:18+00:00","mainEntityOfPage":{"@id":"https:\/\/radioljubuski.ba\/index.php\/2022\/04\/22\/tresao-se-ljubuski-mi-mislili-baba-spava-a-ona-se-najvise-pripala\/"},"wordCount":203,"publisher":{"@id":"https:\/\/radioljubuski.ba\/#organization"},"image":{"@id":"https:\/\/radioljubuski.ba\/index.php\/2022\/04\/22\/tresao-se-ljubuski-mi-mislili-baba-spava-a-ona-se-najvise-pripala\/#primaryimage"},"thumbnailUrl":"https:\/\/radioljubuski.ba\/wp-content\/uploads\/2022\/04\/33-15.png","articleSection":["Ljubu\u0161ki"],"inLanguage":"hr"},{"@type":"WebPage","@id":"https:\/\/radioljubuski.ba\/index.php\/2022\/04\/22\/tresao-se-ljubuski-mi-mislili-baba-spava-a-ona-se-najvise-pripala\/","url":"https:\/\/radioljubuski.ba\/index.php\/2022\/04\/22\/tresao-se-ljubuski-mi-mislili-baba-spava-a-ona-se-najvise-pripala\/","name":"Tresao se Ljubu\u0161ki: Mi mislili baba spava, a ona se najvi\u0161e pripala - RADIO LJUBU\u0160KI","isPartOf":{"@id":"https:\/\/radioljubuski.ba\/#website"},"primaryImageOfPage":{"@id":"https:\/\/radioljubuski.ba\/index.php\/2022\/04\/22\/tresao-se-ljubuski-mi-mislili-baba-spava-a-ona-se-najvise-pripala\/#primaryimage"},"image":{"@id":"https:\/\/radioljubuski.ba\/index.php\/2022\/04\/22\/tresao-se-ljubuski-mi-mislili-baba-spava-a-ona-se-najvise-pripala\/#primaryimage"},"thumbnailUrl":"https:\/\/radioljubuski.ba\/wp-content\/uploads\/2022\/04\/33-15.png","datePublished":"2022-04-22T22:07:17+00:00","dateModified":"2022-04-22T22:07:18+00:00","breadcrumb":{"@id":"https:\/\/radioljubuski.ba\/index.php\/2022\/04\/22\/tresao-se-ljubuski-mi-mislili-baba-spava-a-ona-se-najvise-pripala\/#breadcrumb"},"inLanguage":"hr","potentialAction":[{"@type":"ReadAction","target":["https:\/\/radioljubuski.ba\/index.php\/2022\/04\/22\/tresao-se-ljubuski-mi-mislili-baba-spava-a-ona-se-najvise-pripala\/"]}]},{"@type":"ImageObject","inLanguage":"hr","@id":"https:\/\/radioljubuski.ba\/index.php\/2022\/04\/22\/tresao-se-ljubuski-mi-mislili-baba-spava-a-ona-se-najvise-pripala\/#primaryimage","url":"https:\/\/radioljubuski.ba\/wp-content\/uploads\/2022\/04\/33-15.png","contentUrl":"https:\/\/radioljubuski.ba\/wp-content\/uploads\/2022\/04\/33-15.png","width":336,"height":286},{"@type":"BreadcrumbList","@id":"https:\/\/radioljubuski.ba\/index.php\/2022\/04\/22\/tresao-se-ljubuski-mi-mislili-baba-spava-a-ona-se-najvise-pripala\/#breadcrumb","itemListElement":[{"@type":"ListItem","position":1,"name":"Po\u010detna stranica","item":"https:\/\/radioljubuski.ba\/"},{"@type":"ListItem","position":2,"name":"Tresao se Ljubu\u0161ki: Mi mislili baba spava, a ona se najvi\u0161e pripala"}]},{"@type":"WebSite","@id":"https:\/\/radioljubuski.ba\/#website","url":"https:\/\/radioljubuski.ba\/","name":"Radio Ljubu\u0161ki","description":"Sun\u010dana frekvencija Hercegovine","publisher":{"@id":"https:\/\/radioljubuski.ba\/#organization"},"potentialAction":[{"@type":"SearchAction","target":{"@type":"EntryPoint","urlTemplate":"https:\/\/radioljubuski.ba\/?s={search_term_string}"},"query-input":{"@type":"PropertyValueSpecification","valueRequired":true,"valueName":"search_term_string"}}],"inLanguage":"hr"},{"@type":"Organization","@id":"https:\/\/radioljubuski.ba\/#organization","name":"Radio Ljubu\u0161ki","url":"https:\/\/radioljubuski.ba\/","logo":{"@type":"ImageObject","inLanguage":"hr","@id":"https:\/\/radioljubuski.ba\/#\/schema\/logo\/image\/","url":"https:\/\/radioljubuski.ba\/wp-content\/uploads\/2021\/02\/cropped-Radio_Ljubuski_logo1.jpg","contentUrl":"https:\/\/radioljubuski.ba\/wp-content\/uploads\/2021\/02\/cropped-Radio_Ljubuski_logo1.jpg","width":512,"height":512,"caption":"Radio Ljubu\u0161ki"},"image":{"@id":"https:\/\/radioljubuski.ba\/#\/schema\/logo\/image\/"},"sameAs":["https:\/\/www.facebook.com\/Radiio-Ljubuski-1490835324566332","https:\/\/x.com\/radioljubuski","https:\/\/hr.linkedin.com\/company\/radio-ljubuski","https:\/\/www.youtube.com\/channel\/UCHYaeO_n0Db3tjNGudGpXyw"]},{"@type":"Person","@id":"https:\/\/radioljubuski.ba\/#\/schema\/person\/19fc700381a780f69665d7956c469e3b","name":"Radio Ljubu\u0161ki"}]}},"_links":{"self":[{"href":"https:\/\/radioljubuski.ba\/index.php\/wp-json\/wp\/v2\/posts\/135426","targetHints":{"allow":["GET"]}}],"collection":[{"href":"https:\/\/radioljubuski.ba\/index.php\/wp-json\/wp\/v2\/posts"}],"about":[{"href":"https:\/\/radioljubuski.ba\/index.php\/wp-json\/wp\/v2\/types\/post"}],"author":[{"embeddable":true,"href":"https:\/\/radioljubuski.ba\/index.php\/wp-json\/wp\/v2\/users\/2"}],"replies":[{"embeddable":true,"href":"https:\/\/radioljubuski.ba\/index.php\/wp-json\/wp\/v2\/comments?post=135426"}],"version-history":[{"count":1,"href":"https:\/\/radioljubuski.ba\/index.php\/wp-json\/wp\/v2\/posts\/135426\/revisions"}],"predecessor-version":[{"id":135428,"href":"https:\/\/radioljubuski.ba\/index.php\/wp-json\/wp\/v2\/posts\/135426\/revisions\/135428"}],"wp:featuredmedia":[{"embeddable":true,"href":"https:\/\/radioljubuski.ba\/index.php\/wp-json\/wp\/v2\/media\/135427"}],"wp:attachment":[{"href":"https:\/\/radioljubuski.ba\/index.php\/wp-json\/wp\/v2\/media?parent=135426"}],"wp:term":[{"taxonomy":"category","embeddable":true,"href":"https:\/\/radioljubuski.ba\/index.php\/wp-json\/wp\/v2\/categories?post=135426"},{"taxonomy":"post_tag","embeddable":true,"href":"https:\/\/radioljubuski.ba\/index.php\/wp-json\/wp\/v2\/tags?post=135426"}],"curies":[{"name":"wp","href":"https:\/\/api.w.org\/{rel}","templated":true}]}}