{"id":135442,"date":"2022-04-22T23:58:53","date_gmt":"2022-04-22T22:58:53","guid":{"rendered":"https:\/\/radioljubuski.ba\/?p=135442"},"modified":"2022-04-22T23:58:54","modified_gmt":"2022-04-22T22:58:54","slug":"bih-pogodio-snazan-potres-magnitude-6-1-prema-richteru-osjetio-se-u-dalmaciji-ali-i-u-ostatku-hrvatske","status":"publish","type":"post","link":"https:\/\/radioljubuski.ba\/index.php\/2022\/04\/22\/bih-pogodio-snazan-potres-magnitude-6-1-prema-richteru-osjetio-se-u-dalmaciji-ali-i-u-ostatku-hrvatske\/","title":{"rendered":"BiH pogodio sna\u017ean potres magnitude 6.1 prema Richteru, osjetio se u Dalmaciji, ali i u ostatku Hrvatske"},"content":{"rendered":"\n<p><strong>Ve\u010deras, 22. travnja 2022. godine u 23.07 seizmografi Seizmolo\u0161ke slu\u017ebe Republike Hrvatske zabilje\u017eili su razoran potres kod Ljubinja u BiH, 45 km sjeverno od Dubrovnika. Magnituda potresa iznosila je 6.1 prema Richteru a intenzitet u epicentru VIII stupnjeva EMS. Potres se osjetio diljem RH, posebice u Dalmaciji. Potresi ovakva snage izazivaju \u0161tete na objektima, rekao je za za portal HRT-a Tomislav Fiket, de\u017eurni seizmolog hrvatske seizmolo\u0161ke slu\u017ebe.\u00a0<\/strong><\/p>\n\n\n\n<blockquote class=\"twitter-tweet\"><p lang=\"und\" dir=\"ltr\"><a href=\"https:\/\/twitter.com\/hashtag\/potres?src=hash&amp;ref_src=twsrc%5Etfw\">#potres<\/a> (<a href=\"https:\/\/twitter.com\/hashtag\/earthquake?src=hash&amp;ref_src=twsrc%5Etfw\">#earthquake<\/a>) 22.04. u 23:07 kod Nevesinja (BiH), M6.1. Ako ste osjetili potres, molimo javite na <a href=\"https:\/\/t.co\/RJDaIJlwpM\">https:\/\/t.co\/RJDaIJlwpM<\/a> Puno izvje\u0161\u0107e \u0107emo dodati u komentar. <a href=\"https:\/\/t.co\/o8T7Ad32dF\">pic.twitter.com\/o8T7Ad32dF<\/a><\/p>&mdash; Seizmolo\u0161ka slu\u017eba HR (@seizmo_hr) <a href=\"https:\/\/twitter.com\/seizmo_hr\/status\/1517616753181925377?ref_src=twsrc%5Etfw\">April 22, 2022<\/a><\/blockquote> <script async src=\"https:\/\/platform.twitter.com\/widgets.js\" charset=\"utf-8\"><\/script>\n\n\n\n<p>Diljem Dalmacije gra\u0111ani su osjetili sna\u017eano podrhtavanje tla. \u010citatelji nam javljaju kako se potres osjetio u Sinju, Splitu, Dubrovniku, Zadru, ali i u Karlovcu, Zagrebu, Rijeci i Puli.<br><br>&#8211; Ljudi u Dubrovniku su iza\u0161li na ulice u trenutku udara, ali su se ve\u0107 vratili ku\u0107ama. Nitko nije prijavio \u0161tetu, bio je manji odron u mjestu Raba, ozlije\u0111enih nema. Stanovnici Dubrovnika su potreseni, ali nakon prvog udara vratili su se ku\u0107i, javlja\u00a0<strong>Ivana Brailo<\/strong>.<\/p>\n\n\n\n<div style=\"width: 640px;\" class=\"wp-video\"><video class=\"wp-video-shortcode\" id=\"video-135442-1\" width=\"640\" height=\"360\" preload=\"metadata\" controls=\"controls\"><source type=\"video\/mp4\" src=\"https:\/\/api.hrt.hr\/media\/0e\/de\/srednjaci-62632c2cfe1d6b7ec1e7e957-apr-22-2022-22-32-14-20220422223615.mp4?_=1\" \/><a href=\"https:\/\/api.hrt.hr\/media\/0e\/de\/srednjaci-62632c2cfe1d6b7ec1e7e957-apr-22-2022-22-32-14-20220422223615.mp4\">https:\/\/api.hrt.hr\/media\/0e\/de\/srednjaci-62632c2cfe1d6b7ec1e7e957-apr-22-2022-22-32-14-20220422223615.mp4<\/a><\/video><\/div>\n\n\n\n<p><strong>Fiket: Potresi ovakva snage izazivaju \u0161tete na objektima<br><br>Tomislav Fiket<\/strong>, de\u017eurni seizmolog hrvatske seizmolo\u0161ke slu\u017ebe ka\u017ee da je izmjerena magnituda potresa bila 6,1 po Richteru epicentralnom podru\u010dju.<br><br>&#8211; Pri takvoj magnitudi o\u010dekivane su materijalne \u0161tete, pa i ru\u0161enja slabijih objekata, rekao je Fiket za portal HRT-a. Sre\u0107a je da u tom podru\u010dju nema gus\u0107e naseljenih mjesta, dodao je.<br><br>&#8211; Nakon prvog udara uslijedila su jo\u0161 dva, 4 po Richteru i 3,5 po Richteru \u0161to je o\u010dekivano nakon potresa te magnitude, ka\u017ee Fiket.<br><br>Nema dojave o materijalnoj \u0161teti iz gradova, ali ne znaci da je nema, rekao je dodav\u0161i kako je najja\u010da magnituda za to podru\u010dje procijenjena na 6,5, me\u0111utim u dubrova\u010dkom zale\u0111u ili ju\u017enije u Crnoj Gori&nbsp; mo\u017ee biti i ja\u010da.<\/p>\n\n\n\n<p><strong>Potres se osjetio i u Splitu, gra\u0111ani prepla\u0161eno zovu 112<\/strong><br><br>Ve\u010deras oko 23.08 sati u Splitu se osjetio potres koji je uznemirio i prepla\u0161io Spli\u0107ane. U splitskom Centru 112 rekli su kako brojni gra\u0111ani prepla\u0161eni i zovu ih u vezi potresa.<br><br>&#8211; U prvih petnaestak minuta nakon potresa zvale su nas na stotine gra\u0111ana, prepla\u0161eno pitaju \u0161ta se dogodilo, no zasad nemamo dojava o o\u0161te\u0107enjima, rekli su u Centru 112.<br><br>Ne\u0161to prije nego se u Splitu osjetio potres, neki gra\u0111ani su dobili obavijest putem pametnih telefona da je potres u blizini.<br><br><\/p>\n\n\n\n<p><strong>Upute gra\u0111anima u slu\u010daju potresa<\/strong><br><br>Hrvatski Crveni kri\u017e na svom je Twitteru objavio upute gra\u0111anima u slu\u010daju potresa:<br><br>\u27a1\ufe0f Ako ste unutra, potra\u017eite zaklon i sklonite se od prozora\/stakla i ne tr\u010dite van dok trese<br><br>\u27a1\ufe0f Ako ste vani, sklonite se od svega \u0161to mo\u017ee pasti na vas (krovovi, stupovi&#8230;)<\/p>\n\n\n\n<blockquote class=\"twitter-tweet\"><p lang=\"und\" dir=\"ltr\">Buduci da se tlo ponovno trese, podsjetimo se na vazne upute:<br>\u27a1\ufe0fAko ste unutra, potrazite zaklon i sklonite se od prozora\/stakla i ne trcite van dok trese<br>\u27a1\ufe0fAko ste vani, sklonite se od svega sto moze pasti na vas (krovovi, stupovi&#8230;) <a href=\"https:\/\/t.co\/BDJLRoI0Jy\">pic.twitter.com\/BDJLRoI0Jy<\/a><\/p>&mdash; Hrvatski Crveni kri\u017e (@crvenikriz_hr) <a href=\"https:\/\/twitter.com\/crvenikriz_hr\/status\/1517622970541350913?ref_src=twsrc%5Etfw\">April 22, 2022<\/a><\/blockquote> <script async src=\"https:\/\/platform.twitter.com\/widgets.js\" charset=\"utf-8\"><\/script>\n\n\n\n<p>Na EMSC-u stanovnici Bosne i Hercegovine javljaju kako se potres izuzetno jako osjetio u \u0160irokom Brijegu, Grudama i Ljubu\u0161kom.<br><br>Gra\u0111ani Mostara javljaju da ima manjeg uru\u0161avanja. Problema s opskrbom elektri\u010dne energije ima u Mostaru i u \u010capljini.\u00a0<\/p>\n\n\n\n<figure class=\"wp-block-embed is-type-wp-embed is-provider-radio-ljubuski wp-block-embed-radio-ljubuski\"><div class=\"wp-block-embed__wrapper\">\n<blockquote class=\"wp-embedded-content\" data-secret=\"wngUVHfzqV\"><a href=\"https:\/\/radioljubuski.ba\/index.php\/2022\/04\/22\/potres-u-bih-odnio-prvu-zrtvu-preminula-djevojka-28-iz-stoca\/\">Potres u BiH odnio prvu \u017ertvu, preminula djevojka (28) iz Stoca<\/a><\/blockquote><iframe loading=\"lazy\" class=\"wp-embedded-content\" sandbox=\"allow-scripts\" security=\"restricted\" style=\"position: absolute; clip: rect(1px, 1px, 1px, 1px);\" title=\"&#8220;Potres u BiH odnio prvu \u017ertvu, preminula djevojka (28) iz Stoca&#8221; &#8212;   RADIO LJUBU\u0160KI\" src=\"https:\/\/radioljubuski.ba\/index.php\/2022\/04\/22\/potres-u-bih-odnio-prvu-zrtvu-preminula-djevojka-28-iz-stoca\/embed\/#?secret=EnU3wAVWk6#?secret=wngUVHfzqV\" data-secret=\"wngUVHfzqV\" width=\"600\" height=\"338\" frameborder=\"0\" marginwidth=\"0\" marginheight=\"0\" scrolling=\"no\"><\/iframe>\n<\/div><\/figure>\n\n\n\n<p><strong>Najsmrtonosniji potresi u BiH<\/strong><br><br>Najsmrtonosniji potresi koji su se dogodili posljednjih godina u krugu od tristo kilometara od Stoca (Bosna i Hercegovina):<br><br>15. travnja 1979. magnitude 6.9 imao je 129 \u017ertava,<br><br>1. lipnja 1905. magnitude 6.6 i 120 \u017ertava, te<br><br>26. studenog 2019. magnitude 6.4 stradalo je 51 osoba.&nbsp;<\/p>\n\n\n\n<p>Izvor:hrt.hr<\/p>\n","protected":false},"excerpt":{"rendered":"<p>Ve\u010deras, 22. travnja 2022. godine u 23.07 seizmografi Seizmolo\u0161ke slu\u017ebe Republike Hrvatske zabilje\u017eili su razoran potres kod Ljubinja u BiH, 45 km sjeverno od Dubrovnika. Magnituda potresa iznosila je 6.1 prema Richteru a intenzitet u epicentru VIII stupnjeva EMS. Potres se osjetio diljem RH, posebice u Dalmaciji. Potresi ovakva snage izazivaju \u0161tete na objektima, rekao [&hellip;]<\/p>\n","protected":false},"author":2,"featured_media":135443,"comment_status":"closed","ping_status":"closed","sticky":false,"template":"","format":"standard","meta":{"h5ap_radio_sources":[],"footnotes":""},"categories":[1],"tags":[],"class_list":["post-135442","post","type-post","status-publish","format-standard","has-post-thumbnail","hentry","category-bihiregija"],"yoast_head":"<!-- This site is optimized with the Yoast SEO plugin v27.4 - https:\/\/yoast.com\/product\/yoast-seo-wordpress\/ -->\n<title>BiH pogodio sna\u017ean potres magnitude 6.1 prema Richteru, osjetio se u Dalmaciji, ali i u ostatku Hrvatske - RADIO LJUBU\u0160KI<\/title>\n<meta name=\"robots\" content=\"index, follow, max-snippet:-1, max-image-preview:large, max-video-preview:-1\" \/>\n<link rel=\"canonical\" href=\"https:\/\/radioljubuski.ba\/index.php\/2022\/04\/22\/bih-pogodio-snazan-potres-magnitude-6-1-prema-richteru-osjetio-se-u-dalmaciji-ali-i-u-ostatku-hrvatske\/\" \/>\n<meta property=\"og:locale\" content=\"hr_HR\" \/>\n<meta property=\"og:type\" content=\"article\" \/>\n<meta property=\"og:title\" content=\"BiH pogodio sna\u017ean potres magnitude 6.1 prema Richteru, osjetio se u Dalmaciji, ali i u ostatku Hrvatske - RADIO LJUBU\u0160KI\" \/>\n<meta property=\"og:description\" content=\"Ve\u010deras, 22. travnja 2022. godine u 23.07 seizmografi Seizmolo\u0161ke slu\u017ebe Republike Hrvatske zabilje\u017eili su razoran potres kod Ljubinja u BiH, 45 km sjeverno od Dubrovnika. Magnituda potresa iznosila je 6.1 prema Richteru a intenzitet u epicentru VIII stupnjeva EMS. Potres se osjetio diljem RH, posebice u Dalmaciji. Potresi ovakva snage izazivaju \u0161tete na objektima, rekao [&hellip;]\" \/>\n<meta property=\"og:url\" content=\"https:\/\/radioljubuski.ba\/index.php\/2022\/04\/22\/bih-pogodio-snazan-potres-magnitude-6-1-prema-richteru-osjetio-se-u-dalmaciji-ali-i-u-ostatku-hrvatske\/\" \/>\n<meta property=\"og:site_name\" content=\"RADIO LJUBU\u0160KI\" \/>\n<meta property=\"article:publisher\" content=\"https:\/\/www.facebook.com\/Radiio-Ljubuski-1490835324566332\" \/>\n<meta property=\"article:published_time\" content=\"2022-04-22T22:58:53+00:00\" \/>\n<meta property=\"article:modified_time\" content=\"2022-04-22T22:58:54+00:00\" \/>\n<meta property=\"og:image\" content=\"https:\/\/radioljubuski.ba\/wp-content\/uploads\/2022\/04\/FQ-kAc4XsAUaw4a-1.jpg\" \/>\n\t<meta property=\"og:image:width\" content=\"714\" \/>\n\t<meta property=\"og:image:height\" content=\"705\" \/>\n\t<meta property=\"og:image:type\" content=\"image\/jpeg\" \/>\n<meta name=\"author\" content=\"Radio Ljubu\u0161ki\" \/>\n<meta name=\"twitter:card\" content=\"summary_large_image\" \/>\n<meta name=\"twitter:creator\" content=\"@radioljubuski\" \/>\n<meta name=\"twitter:site\" content=\"@radioljubuski\" \/>\n<meta name=\"twitter:label1\" content=\"Napisao\/la\" \/>\n\t<meta name=\"twitter:data1\" content=\"Radio Ljubu\u0161ki\" \/>\n\t<meta name=\"twitter:label2\" content=\"Procijenjeno vrijeme \u010ditanja\" \/>\n\t<meta name=\"twitter:data2\" content=\"3 minute\" \/>\n<script type=\"application\/ld+json\" class=\"yoast-schema-graph\">{\"@context\":\"https:\\\/\\\/schema.org\",\"@graph\":[{\"@type\":\"Article\",\"@id\":\"https:\\\/\\\/radioljubuski.ba\\\/index.php\\\/2022\\\/04\\\/22\\\/bih-pogodio-snazan-potres-magnitude-6-1-prema-richteru-osjetio-se-u-dalmaciji-ali-i-u-ostatku-hrvatske\\\/#article\",\"isPartOf\":{\"@id\":\"https:\\\/\\\/radioljubuski.ba\\\/index.php\\\/2022\\\/04\\\/22\\\/bih-pogodio-snazan-potres-magnitude-6-1-prema-richteru-osjetio-se-u-dalmaciji-ali-i-u-ostatku-hrvatske\\\/\"},\"author\":{\"name\":\"Radio Ljubu\u0161ki\",\"@id\":\"https:\\\/\\\/radioljubuski.ba\\\/#\\\/schema\\\/person\\\/19fc700381a780f69665d7956c469e3b\"},\"headline\":\"BiH pogodio sna\u017ean potres magnitude 6.1 prema Richteru, osjetio se u Dalmaciji, ali i u ostatku Hrvatske\",\"datePublished\":\"2022-04-22T22:58:53+00:00\",\"dateModified\":\"2022-04-22T22:58:54+00:00\",\"mainEntityOfPage\":{\"@id\":\"https:\\\/\\\/radioljubuski.ba\\\/index.php\\\/2022\\\/04\\\/22\\\/bih-pogodio-snazan-potres-magnitude-6-1-prema-richteru-osjetio-se-u-dalmaciji-ali-i-u-ostatku-hrvatske\\\/\"},\"wordCount\":666,\"publisher\":{\"@id\":\"https:\\\/\\\/radioljubuski.ba\\\/#organization\"},\"image\":{\"@id\":\"https:\\\/\\\/radioljubuski.ba\\\/index.php\\\/2022\\\/04\\\/22\\\/bih-pogodio-snazan-potres-magnitude-6-1-prema-richteru-osjetio-se-u-dalmaciji-ali-i-u-ostatku-hrvatske\\\/#primaryimage\"},\"thumbnailUrl\":\"https:\\\/\\\/radioljubuski.ba\\\/wp-content\\\/uploads\\\/2022\\\/04\\\/FQ-kAc4XsAUaw4a-1.jpg\",\"articleSection\":[\"BIH i regija\"],\"inLanguage\":\"hr\"},{\"@type\":\"WebPage\",\"@id\":\"https:\\\/\\\/radioljubuski.ba\\\/index.php\\\/2022\\\/04\\\/22\\\/bih-pogodio-snazan-potres-magnitude-6-1-prema-richteru-osjetio-se-u-dalmaciji-ali-i-u-ostatku-hrvatske\\\/\",\"url\":\"https:\\\/\\\/radioljubuski.ba\\\/index.php\\\/2022\\\/04\\\/22\\\/bih-pogodio-snazan-potres-magnitude-6-1-prema-richteru-osjetio-se-u-dalmaciji-ali-i-u-ostatku-hrvatske\\\/\",\"name\":\"BiH pogodio sna\u017ean potres magnitude 6.1 prema Richteru, osjetio se u Dalmaciji, ali i u ostatku Hrvatske - RADIO LJUBU\u0160KI\",\"isPartOf\":{\"@id\":\"https:\\\/\\\/radioljubuski.ba\\\/#website\"},\"primaryImageOfPage\":{\"@id\":\"https:\\\/\\\/radioljubuski.ba\\\/index.php\\\/2022\\\/04\\\/22\\\/bih-pogodio-snazan-potres-magnitude-6-1-prema-richteru-osjetio-se-u-dalmaciji-ali-i-u-ostatku-hrvatske\\\/#primaryimage\"},\"image\":{\"@id\":\"https:\\\/\\\/radioljubuski.ba\\\/index.php\\\/2022\\\/04\\\/22\\\/bih-pogodio-snazan-potres-magnitude-6-1-prema-richteru-osjetio-se-u-dalmaciji-ali-i-u-ostatku-hrvatske\\\/#primaryimage\"},\"thumbnailUrl\":\"https:\\\/\\\/radioljubuski.ba\\\/wp-content\\\/uploads\\\/2022\\\/04\\\/FQ-kAc4XsAUaw4a-1.jpg\",\"datePublished\":\"2022-04-22T22:58:53+00:00\",\"dateModified\":\"2022-04-22T22:58:54+00:00\",\"breadcrumb\":{\"@id\":\"https:\\\/\\\/radioljubuski.ba\\\/index.php\\\/2022\\\/04\\\/22\\\/bih-pogodio-snazan-potres-magnitude-6-1-prema-richteru-osjetio-se-u-dalmaciji-ali-i-u-ostatku-hrvatske\\\/#breadcrumb\"},\"inLanguage\":\"hr\",\"potentialAction\":[{\"@type\":\"ReadAction\",\"target\":[\"https:\\\/\\\/radioljubuski.ba\\\/index.php\\\/2022\\\/04\\\/22\\\/bih-pogodio-snazan-potres-magnitude-6-1-prema-richteru-osjetio-se-u-dalmaciji-ali-i-u-ostatku-hrvatske\\\/\"]}]},{\"@type\":\"ImageObject\",\"inLanguage\":\"hr\",\"@id\":\"https:\\\/\\\/radioljubuski.ba\\\/index.php\\\/2022\\\/04\\\/22\\\/bih-pogodio-snazan-potres-magnitude-6-1-prema-richteru-osjetio-se-u-dalmaciji-ali-i-u-ostatku-hrvatske\\\/#primaryimage\",\"url\":\"https:\\\/\\\/radioljubuski.ba\\\/wp-content\\\/uploads\\\/2022\\\/04\\\/FQ-kAc4XsAUaw4a-1.jpg\",\"contentUrl\":\"https:\\\/\\\/radioljubuski.ba\\\/wp-content\\\/uploads\\\/2022\\\/04\\\/FQ-kAc4XsAUaw4a-1.jpg\",\"width\":714,\"height\":705},{\"@type\":\"BreadcrumbList\",\"@id\":\"https:\\\/\\\/radioljubuski.ba\\\/index.php\\\/2022\\\/04\\\/22\\\/bih-pogodio-snazan-potres-magnitude-6-1-prema-richteru-osjetio-se-u-dalmaciji-ali-i-u-ostatku-hrvatske\\\/#breadcrumb\",\"itemListElement\":[{\"@type\":\"ListItem\",\"position\":1,\"name\":\"Po\u010detna stranica\",\"item\":\"https:\\\/\\\/radioljubuski.ba\\\/\"},{\"@type\":\"ListItem\",\"position\":2,\"name\":\"BiH pogodio sna\u017ean potres magnitude 6.1 prema Richteru, osjetio se u Dalmaciji, ali i u ostatku Hrvatske\"}]},{\"@type\":\"WebSite\",\"@id\":\"https:\\\/\\\/radioljubuski.ba\\\/#website\",\"url\":\"https:\\\/\\\/radioljubuski.ba\\\/\",\"name\":\"Radio Ljubu\u0161ki\",\"description\":\"Sun\u010dana frekvencija Hercegovine\",\"publisher\":{\"@id\":\"https:\\\/\\\/radioljubuski.ba\\\/#organization\"},\"potentialAction\":[{\"@type\":\"SearchAction\",\"target\":{\"@type\":\"EntryPoint\",\"urlTemplate\":\"https:\\\/\\\/radioljubuski.ba\\\/?s={search_term_string}\"},\"query-input\":{\"@type\":\"PropertyValueSpecification\",\"valueRequired\":true,\"valueName\":\"search_term_string\"}}],\"inLanguage\":\"hr\"},{\"@type\":\"Organization\",\"@id\":\"https:\\\/\\\/radioljubuski.ba\\\/#organization\",\"name\":\"Radio Ljubu\u0161ki\",\"url\":\"https:\\\/\\\/radioljubuski.ba\\\/\",\"logo\":{\"@type\":\"ImageObject\",\"inLanguage\":\"hr\",\"@id\":\"https:\\\/\\\/radioljubuski.ba\\\/#\\\/schema\\\/logo\\\/image\\\/\",\"url\":\"https:\\\/\\\/radioljubuski.ba\\\/wp-content\\\/uploads\\\/2021\\\/02\\\/cropped-Radio_Ljubuski_logo1.jpg\",\"contentUrl\":\"https:\\\/\\\/radioljubuski.ba\\\/wp-content\\\/uploads\\\/2021\\\/02\\\/cropped-Radio_Ljubuski_logo1.jpg\",\"width\":512,\"height\":512,\"caption\":\"Radio Ljubu\u0161ki\"},\"image\":{\"@id\":\"https:\\\/\\\/radioljubuski.ba\\\/#\\\/schema\\\/logo\\\/image\\\/\"},\"sameAs\":[\"https:\\\/\\\/www.facebook.com\\\/Radiio-Ljubuski-1490835324566332\",\"https:\\\/\\\/x.com\\\/radioljubuski\",\"https:\\\/\\\/hr.linkedin.com\\\/company\\\/radio-ljubuski\",\"https:\\\/\\\/www.youtube.com\\\/channel\\\/UCHYaeO_n0Db3tjNGudGpXyw\"]},{\"@type\":\"Person\",\"@id\":\"https:\\\/\\\/radioljubuski.ba\\\/#\\\/schema\\\/person\\\/19fc700381a780f69665d7956c469e3b\",\"name\":\"Radio Ljubu\u0161ki\"}]}<\/script>\n<!-- \/ Yoast SEO plugin. -->","yoast_head_json":{"title":"BiH pogodio sna\u017ean potres magnitude 6.1 prema Richteru, osjetio se u Dalmaciji, ali i u ostatku Hrvatske - RADIO LJUBU\u0160KI","robots":{"index":"index","follow":"follow","max-snippet":"max-snippet:-1","max-image-preview":"max-image-preview:large","max-video-preview":"max-video-preview:-1"},"canonical":"https:\/\/radioljubuski.ba\/index.php\/2022\/04\/22\/bih-pogodio-snazan-potres-magnitude-6-1-prema-richteru-osjetio-se-u-dalmaciji-ali-i-u-ostatku-hrvatske\/","og_locale":"hr_HR","og_type":"article","og_title":"BiH pogodio sna\u017ean potres magnitude 6.1 prema Richteru, osjetio se u Dalmaciji, ali i u ostatku Hrvatske - RADIO LJUBU\u0160KI","og_description":"Ve\u010deras, 22. travnja 2022. godine u 23.07 seizmografi Seizmolo\u0161ke slu\u017ebe Republike Hrvatske zabilje\u017eili su razoran potres kod Ljubinja u BiH, 45 km sjeverno od Dubrovnika. Magnituda potresa iznosila je 6.1 prema Richteru a intenzitet u epicentru VIII stupnjeva EMS. Potres se osjetio diljem RH, posebice u Dalmaciji. Potresi ovakva snage izazivaju \u0161tete na objektima, rekao [&hellip;]","og_url":"https:\/\/radioljubuski.ba\/index.php\/2022\/04\/22\/bih-pogodio-snazan-potres-magnitude-6-1-prema-richteru-osjetio-se-u-dalmaciji-ali-i-u-ostatku-hrvatske\/","og_site_name":"RADIO LJUBU\u0160KI","article_publisher":"https:\/\/www.facebook.com\/Radiio-Ljubuski-1490835324566332","article_published_time":"2022-04-22T22:58:53+00:00","article_modified_time":"2022-04-22T22:58:54+00:00","og_image":[{"width":714,"height":705,"url":"https:\/\/radioljubuski.ba\/wp-content\/uploads\/2022\/04\/FQ-kAc4XsAUaw4a-1.jpg","type":"image\/jpeg"}],"author":"Radio Ljubu\u0161ki","twitter_card":"summary_large_image","twitter_creator":"@radioljubuski","twitter_site":"@radioljubuski","twitter_misc":{"Napisao\/la":"Radio Ljubu\u0161ki","Procijenjeno vrijeme \u010ditanja":"3 minute"},"schema":{"@context":"https:\/\/schema.org","@graph":[{"@type":"Article","@id":"https:\/\/radioljubuski.ba\/index.php\/2022\/04\/22\/bih-pogodio-snazan-potres-magnitude-6-1-prema-richteru-osjetio-se-u-dalmaciji-ali-i-u-ostatku-hrvatske\/#article","isPartOf":{"@id":"https:\/\/radioljubuski.ba\/index.php\/2022\/04\/22\/bih-pogodio-snazan-potres-magnitude-6-1-prema-richteru-osjetio-se-u-dalmaciji-ali-i-u-ostatku-hrvatske\/"},"author":{"name":"Radio Ljubu\u0161ki","@id":"https:\/\/radioljubuski.ba\/#\/schema\/person\/19fc700381a780f69665d7956c469e3b"},"headline":"BiH pogodio sna\u017ean potres magnitude 6.1 prema Richteru, osjetio se u Dalmaciji, ali i u ostatku Hrvatske","datePublished":"2022-04-22T22:58:53+00:00","dateModified":"2022-04-22T22:58:54+00:00","mainEntityOfPage":{"@id":"https:\/\/radioljubuski.ba\/index.php\/2022\/04\/22\/bih-pogodio-snazan-potres-magnitude-6-1-prema-richteru-osjetio-se-u-dalmaciji-ali-i-u-ostatku-hrvatske\/"},"wordCount":666,"publisher":{"@id":"https:\/\/radioljubuski.ba\/#organization"},"image":{"@id":"https:\/\/radioljubuski.ba\/index.php\/2022\/04\/22\/bih-pogodio-snazan-potres-magnitude-6-1-prema-richteru-osjetio-se-u-dalmaciji-ali-i-u-ostatku-hrvatske\/#primaryimage"},"thumbnailUrl":"https:\/\/radioljubuski.ba\/wp-content\/uploads\/2022\/04\/FQ-kAc4XsAUaw4a-1.jpg","articleSection":["BIH i regija"],"inLanguage":"hr"},{"@type":"WebPage","@id":"https:\/\/radioljubuski.ba\/index.php\/2022\/04\/22\/bih-pogodio-snazan-potres-magnitude-6-1-prema-richteru-osjetio-se-u-dalmaciji-ali-i-u-ostatku-hrvatske\/","url":"https:\/\/radioljubuski.ba\/index.php\/2022\/04\/22\/bih-pogodio-snazan-potres-magnitude-6-1-prema-richteru-osjetio-se-u-dalmaciji-ali-i-u-ostatku-hrvatske\/","name":"BiH pogodio sna\u017ean potres magnitude 6.1 prema Richteru, osjetio se u Dalmaciji, ali i u ostatku Hrvatske - RADIO LJUBU\u0160KI","isPartOf":{"@id":"https:\/\/radioljubuski.ba\/#website"},"primaryImageOfPage":{"@id":"https:\/\/radioljubuski.ba\/index.php\/2022\/04\/22\/bih-pogodio-snazan-potres-magnitude-6-1-prema-richteru-osjetio-se-u-dalmaciji-ali-i-u-ostatku-hrvatske\/#primaryimage"},"image":{"@id":"https:\/\/radioljubuski.ba\/index.php\/2022\/04\/22\/bih-pogodio-snazan-potres-magnitude-6-1-prema-richteru-osjetio-se-u-dalmaciji-ali-i-u-ostatku-hrvatske\/#primaryimage"},"thumbnailUrl":"https:\/\/radioljubuski.ba\/wp-content\/uploads\/2022\/04\/FQ-kAc4XsAUaw4a-1.jpg","datePublished":"2022-04-22T22:58:53+00:00","dateModified":"2022-04-22T22:58:54+00:00","breadcrumb":{"@id":"https:\/\/radioljubuski.ba\/index.php\/2022\/04\/22\/bih-pogodio-snazan-potres-magnitude-6-1-prema-richteru-osjetio-se-u-dalmaciji-ali-i-u-ostatku-hrvatske\/#breadcrumb"},"inLanguage":"hr","potentialAction":[{"@type":"ReadAction","target":["https:\/\/radioljubuski.ba\/index.php\/2022\/04\/22\/bih-pogodio-snazan-potres-magnitude-6-1-prema-richteru-osjetio-se-u-dalmaciji-ali-i-u-ostatku-hrvatske\/"]}]},{"@type":"ImageObject","inLanguage":"hr","@id":"https:\/\/radioljubuski.ba\/index.php\/2022\/04\/22\/bih-pogodio-snazan-potres-magnitude-6-1-prema-richteru-osjetio-se-u-dalmaciji-ali-i-u-ostatku-hrvatske\/#primaryimage","url":"https:\/\/radioljubuski.ba\/wp-content\/uploads\/2022\/04\/FQ-kAc4XsAUaw4a-1.jpg","contentUrl":"https:\/\/radioljubuski.ba\/wp-content\/uploads\/2022\/04\/FQ-kAc4XsAUaw4a-1.jpg","width":714,"height":705},{"@type":"BreadcrumbList","@id":"https:\/\/radioljubuski.ba\/index.php\/2022\/04\/22\/bih-pogodio-snazan-potres-magnitude-6-1-prema-richteru-osjetio-se-u-dalmaciji-ali-i-u-ostatku-hrvatske\/#breadcrumb","itemListElement":[{"@type":"ListItem","position":1,"name":"Po\u010detna stranica","item":"https:\/\/radioljubuski.ba\/"},{"@type":"ListItem","position":2,"name":"BiH pogodio sna\u017ean potres magnitude 6.1 prema Richteru, osjetio se u Dalmaciji, ali i u ostatku Hrvatske"}]},{"@type":"WebSite","@id":"https:\/\/radioljubuski.ba\/#website","url":"https:\/\/radioljubuski.ba\/","name":"Radio Ljubu\u0161ki","description":"Sun\u010dana frekvencija Hercegovine","publisher":{"@id":"https:\/\/radioljubuski.ba\/#organization"},"potentialAction":[{"@type":"SearchAction","target":{"@type":"EntryPoint","urlTemplate":"https:\/\/radioljubuski.ba\/?s={search_term_string}"},"query-input":{"@type":"PropertyValueSpecification","valueRequired":true,"valueName":"search_term_string"}}],"inLanguage":"hr"},{"@type":"Organization","@id":"https:\/\/radioljubuski.ba\/#organization","name":"Radio Ljubu\u0161ki","url":"https:\/\/radioljubuski.ba\/","logo":{"@type":"ImageObject","inLanguage":"hr","@id":"https:\/\/radioljubuski.ba\/#\/schema\/logo\/image\/","url":"https:\/\/radioljubuski.ba\/wp-content\/uploads\/2021\/02\/cropped-Radio_Ljubuski_logo1.jpg","contentUrl":"https:\/\/radioljubuski.ba\/wp-content\/uploads\/2021\/02\/cropped-Radio_Ljubuski_logo1.jpg","width":512,"height":512,"caption":"Radio Ljubu\u0161ki"},"image":{"@id":"https:\/\/radioljubuski.ba\/#\/schema\/logo\/image\/"},"sameAs":["https:\/\/www.facebook.com\/Radiio-Ljubuski-1490835324566332","https:\/\/x.com\/radioljubuski","https:\/\/hr.linkedin.com\/company\/radio-ljubuski","https:\/\/www.youtube.com\/channel\/UCHYaeO_n0Db3tjNGudGpXyw"]},{"@type":"Person","@id":"https:\/\/radioljubuski.ba\/#\/schema\/person\/19fc700381a780f69665d7956c469e3b","name":"Radio Ljubu\u0161ki"}]}},"_links":{"self":[{"href":"https:\/\/radioljubuski.ba\/index.php\/wp-json\/wp\/v2\/posts\/135442","targetHints":{"allow":["GET"]}}],"collection":[{"href":"https:\/\/radioljubuski.ba\/index.php\/wp-json\/wp\/v2\/posts"}],"about":[{"href":"https:\/\/radioljubuski.ba\/index.php\/wp-json\/wp\/v2\/types\/post"}],"author":[{"embeddable":true,"href":"https:\/\/radioljubuski.ba\/index.php\/wp-json\/wp\/v2\/users\/2"}],"replies":[{"embeddable":true,"href":"https:\/\/radioljubuski.ba\/index.php\/wp-json\/wp\/v2\/comments?post=135442"}],"version-history":[{"count":1,"href":"https:\/\/radioljubuski.ba\/index.php\/wp-json\/wp\/v2\/posts\/135442\/revisions"}],"predecessor-version":[{"id":135444,"href":"https:\/\/radioljubuski.ba\/index.php\/wp-json\/wp\/v2\/posts\/135442\/revisions\/135444"}],"wp:featuredmedia":[{"embeddable":true,"href":"https:\/\/radioljubuski.ba\/index.php\/wp-json\/wp\/v2\/media\/135443"}],"wp:attachment":[{"href":"https:\/\/radioljubuski.ba\/index.php\/wp-json\/wp\/v2\/media?parent=135442"}],"wp:term":[{"taxonomy":"category","embeddable":true,"href":"https:\/\/radioljubuski.ba\/index.php\/wp-json\/wp\/v2\/categories?post=135442"},{"taxonomy":"post_tag","embeddable":true,"href":"https:\/\/radioljubuski.ba\/index.php\/wp-json\/wp\/v2\/tags?post=135442"}],"curies":[{"name":"wp","href":"https:\/\/api.w.org\/{rel}","templated":true}]}}