{"id":135472,"date":"2022-04-23T09:07:51","date_gmt":"2022-04-23T08:07:51","guid":{"rendered":"https:\/\/radioljubuski.ba\/?p=135472"},"modified":"2022-04-23T09:07:52","modified_gmt":"2022-04-23T08:07:52","slug":"prema-izvrsnom-direktoru-volkswagen-grupe-nestasica-cipova-trajat-ce-do-2024","status":"publish","type":"post","link":"https:\/\/radioljubuski.ba\/index.php\/2022\/04\/23\/prema-izvrsnom-direktoru-volkswagen-grupe-nestasica-cipova-trajat-ce-do-2024\/","title":{"rendered":"Prema izvr\u0161nom direktoru Volkswagen Grupe nesta\u0161ica \u010dipova trajat \u0107e do 2024."},"content":{"rendered":"\n<p>\u010cini si da su sve nade koje su proizvo\u0111a\u010di automobila imali o tome da bi kriza \u010dipova mogla biti rije\u0161ena ove godine nestale. Izvr\u0161ni direktor Volkswagen Grupe smatra kako \u0107e problem opskrbe postojati barem jo\u0161 dvije godine.<\/p>\n\n\n\n<p>Glavni financijski direktor VW-a, Arno Antlitz, za Boersen-Zeitung je pro\u0161log vikenda komentirao situaciju, tvrde\u0107i da \u0107e se zalihe \u010dipova pobolj\u0161ati tek 2023. godine, ali da \u0107e problem postojati do sredine desetlje\u0107a. \u201cVidimo strukturnu nedovoljnu ponudu 2022., koja \u0107e se vjerojatno donekle ubla\u017eiti u tre\u0107em ili \u010detvrtom tromjese\u010dju\u201d, rekao je. \u201cSituacija bi se trebala pobolj\u0161ati 2023., ali strukturni problem jo\u0161 ne\u0107e biti u potpunosti rije\u0161en.\u201d<\/p>\n\n\n\n<p>Antlitz vjeruje da \u0107e se problemi zadr\u017eati i do 2024. jer se proizvo\u0111a\u010di \u010dipova ne\u0107e mo\u0107i nositi s pove\u0107anom potra\u017enjom, obja\u0161njava Automotive News Europe u izvje\u0161\u0107u. Izgledi VW-a poklapaju se s BMW-ovim, koji je nedavno tvrdio da o\u010dekuje da \u0107e se nedostatak \u010dipova nastaviti do 2022. \u201cO\u010dekujem da \u0107emo po\u010deti vidjeti pobolj\u0161anja najkasnije sljede\u0107e godine, ali \u0107emo se i dalje morati nositi s temeljnim nedostatkom 2023.\u201d, rekao je izvr\u0161ni direktor BMW Grupe Oliver Zipse za Neue Zuercher Zeitung.<\/p>\n\n\n\n<p>A ako su predvi\u0111anja VW-a i BMW-a to\u010dna, to je stvarno lo\u0161a vijest za proizvo\u0111a\u010de automobila koji se bore da se oporave od dvogodi\u0161nje proizvodnje automobila ograni\u010dene kombinacijom ograni\u010denja koronavirusa, nesta\u0161ice \u010dipova i nedavno, problema s dobivanjem kabelskih sve\u017enjeva od dobavlja\u010da iz Ukrajine.<\/p>\n\n\n\n<p>Naime, i BMW i VW su nedavno morali pauzirati proizvodnju na nekoliko dana zbog nedostatka kabelskih sve\u017enjeva. Antlitz navodi kako dobavlja\u010d radi u samo jednoj smjeni, \u010dime je ponuda ograni\u010dena a VW prisiljen prona\u0107i alternativne dobavlja\u010de, iako tvrdi da je to samo privremena mjera.<\/p>\n\n\n\n<p>Izvor: <strong>Vrisak.info<\/strong><\/p>\n","protected":false},"excerpt":{"rendered":"<p>\u010cini si da su sve nade koje su proizvo\u0111a\u010di automobila imali o tome da bi kriza \u010dipova mogla biti rije\u0161ena ove godine nestale. Izvr\u0161ni direktor Volkswagen Grupe smatra kako \u0107e problem opskrbe postojati barem jo\u0161 dvije godine. Glavni financijski direktor VW-a, Arno Antlitz, za Boersen-Zeitung je pro\u0161log vikenda komentirao situaciju, tvrde\u0107i da \u0107e se zalihe [&hellip;]<\/p>\n","protected":false},"author":2,"featured_media":135473,"comment_status":"closed","ping_status":"closed","sticky":false,"template":"","format":"standard","meta":{"h5ap_radio_sources":[],"footnotes":""},"categories":[1],"tags":[],"class_list":["post-135472","post","type-post","status-publish","format-standard","has-post-thumbnail","hentry","category-bihiregija"],"yoast_head":"<!-- This site is optimized with the Yoast SEO plugin v27.4 - https:\/\/yoast.com\/product\/yoast-seo-wordpress\/ -->\n<title>Prema izvr\u0161nom direktoru Volkswagen Grupe nesta\u0161ica \u010dipova trajat \u0107e do 2024. - RADIO LJUBU\u0160KI<\/title>\n<meta name=\"robots\" content=\"index, follow, max-snippet:-1, max-image-preview:large, max-video-preview:-1\" \/>\n<link rel=\"canonical\" href=\"https:\/\/radioljubuski.ba\/index.php\/2022\/04\/23\/prema-izvrsnom-direktoru-volkswagen-grupe-nestasica-cipova-trajat-ce-do-2024\/\" \/>\n<meta property=\"og:locale\" content=\"hr_HR\" \/>\n<meta property=\"og:type\" content=\"article\" \/>\n<meta property=\"og:title\" content=\"Prema izvr\u0161nom direktoru Volkswagen Grupe nesta\u0161ica \u010dipova trajat \u0107e do 2024. - RADIO LJUBU\u0160KI\" \/>\n<meta property=\"og:description\" content=\"\u010cini si da su sve nade koje su proizvo\u0111a\u010di automobila imali o tome da bi kriza \u010dipova mogla biti rije\u0161ena ove godine nestale. Izvr\u0161ni direktor Volkswagen Grupe smatra kako \u0107e problem opskrbe postojati barem jo\u0161 dvije godine. Glavni financijski direktor VW-a, Arno Antlitz, za Boersen-Zeitung je pro\u0161log vikenda komentirao situaciju, tvrde\u0107i da \u0107e se zalihe [&hellip;]\" \/>\n<meta property=\"og:url\" content=\"https:\/\/radioljubuski.ba\/index.php\/2022\/04\/23\/prema-izvrsnom-direktoru-volkswagen-grupe-nestasica-cipova-trajat-ce-do-2024\/\" \/>\n<meta property=\"og:site_name\" content=\"RADIO LJUBU\u0160KI\" \/>\n<meta property=\"article:publisher\" content=\"https:\/\/www.facebook.com\/Radiio-Ljubuski-1490835324566332\" \/>\n<meta property=\"article:published_time\" content=\"2022-04-23T08:07:51+00:00\" \/>\n<meta property=\"article:modified_time\" content=\"2022-04-23T08:07:52+00:00\" \/>\n<meta property=\"og:image\" content=\"https:\/\/radioljubuski.ba\/wp-content\/uploads\/2022\/04\/cipovi.jpg\" \/>\n\t<meta property=\"og:image:width\" content=\"1024\" \/>\n\t<meta property=\"og:image:height\" content=\"574\" \/>\n\t<meta property=\"og:image:type\" content=\"image\/jpeg\" \/>\n<meta name=\"author\" content=\"Radio Ljubu\u0161ki\" \/>\n<meta name=\"twitter:card\" content=\"summary_large_image\" \/>\n<meta name=\"twitter:creator\" content=\"@radioljubuski\" \/>\n<meta name=\"twitter:site\" content=\"@radioljubuski\" \/>\n<meta name=\"twitter:label1\" content=\"Napisao\/la\" \/>\n\t<meta name=\"twitter:data1\" content=\"Radio Ljubu\u0161ki\" \/>\n\t<meta name=\"twitter:label2\" content=\"Procijenjeno vrijeme \u010ditanja\" \/>\n\t<meta name=\"twitter:data2\" content=\"2 minute\" \/>\n<script type=\"application\/ld+json\" class=\"yoast-schema-graph\">{\"@context\":\"https:\\\/\\\/schema.org\",\"@graph\":[{\"@type\":\"Article\",\"@id\":\"https:\\\/\\\/radioljubuski.ba\\\/index.php\\\/2022\\\/04\\\/23\\\/prema-izvrsnom-direktoru-volkswagen-grupe-nestasica-cipova-trajat-ce-do-2024\\\/#article\",\"isPartOf\":{\"@id\":\"https:\\\/\\\/radioljubuski.ba\\\/index.php\\\/2022\\\/04\\\/23\\\/prema-izvrsnom-direktoru-volkswagen-grupe-nestasica-cipova-trajat-ce-do-2024\\\/\"},\"author\":{\"name\":\"Radio Ljubu\u0161ki\",\"@id\":\"https:\\\/\\\/radioljubuski.ba\\\/#\\\/schema\\\/person\\\/19fc700381a780f69665d7956c469e3b\"},\"headline\":\"Prema izvr\u0161nom direktoru Volkswagen Grupe nesta\u0161ica \u010dipova trajat \u0107e do 2024.\",\"datePublished\":\"2022-04-23T08:07:51+00:00\",\"dateModified\":\"2022-04-23T08:07:52+00:00\",\"mainEntityOfPage\":{\"@id\":\"https:\\\/\\\/radioljubuski.ba\\\/index.php\\\/2022\\\/04\\\/23\\\/prema-izvrsnom-direktoru-volkswagen-grupe-nestasica-cipova-trajat-ce-do-2024\\\/\"},\"wordCount\":319,\"publisher\":{\"@id\":\"https:\\\/\\\/radioljubuski.ba\\\/#organization\"},\"image\":{\"@id\":\"https:\\\/\\\/radioljubuski.ba\\\/index.php\\\/2022\\\/04\\\/23\\\/prema-izvrsnom-direktoru-volkswagen-grupe-nestasica-cipova-trajat-ce-do-2024\\\/#primaryimage\"},\"thumbnailUrl\":\"https:\\\/\\\/radioljubuski.ba\\\/wp-content\\\/uploads\\\/2022\\\/04\\\/cipovi.jpg\",\"articleSection\":[\"BIH i regija\"],\"inLanguage\":\"hr\"},{\"@type\":\"WebPage\",\"@id\":\"https:\\\/\\\/radioljubuski.ba\\\/index.php\\\/2022\\\/04\\\/23\\\/prema-izvrsnom-direktoru-volkswagen-grupe-nestasica-cipova-trajat-ce-do-2024\\\/\",\"url\":\"https:\\\/\\\/radioljubuski.ba\\\/index.php\\\/2022\\\/04\\\/23\\\/prema-izvrsnom-direktoru-volkswagen-grupe-nestasica-cipova-trajat-ce-do-2024\\\/\",\"name\":\"Prema izvr\u0161nom direktoru Volkswagen Grupe nesta\u0161ica \u010dipova trajat \u0107e do 2024. - RADIO LJUBU\u0160KI\",\"isPartOf\":{\"@id\":\"https:\\\/\\\/radioljubuski.ba\\\/#website\"},\"primaryImageOfPage\":{\"@id\":\"https:\\\/\\\/radioljubuski.ba\\\/index.php\\\/2022\\\/04\\\/23\\\/prema-izvrsnom-direktoru-volkswagen-grupe-nestasica-cipova-trajat-ce-do-2024\\\/#primaryimage\"},\"image\":{\"@id\":\"https:\\\/\\\/radioljubuski.ba\\\/index.php\\\/2022\\\/04\\\/23\\\/prema-izvrsnom-direktoru-volkswagen-grupe-nestasica-cipova-trajat-ce-do-2024\\\/#primaryimage\"},\"thumbnailUrl\":\"https:\\\/\\\/radioljubuski.ba\\\/wp-content\\\/uploads\\\/2022\\\/04\\\/cipovi.jpg\",\"datePublished\":\"2022-04-23T08:07:51+00:00\",\"dateModified\":\"2022-04-23T08:07:52+00:00\",\"breadcrumb\":{\"@id\":\"https:\\\/\\\/radioljubuski.ba\\\/index.php\\\/2022\\\/04\\\/23\\\/prema-izvrsnom-direktoru-volkswagen-grupe-nestasica-cipova-trajat-ce-do-2024\\\/#breadcrumb\"},\"inLanguage\":\"hr\",\"potentialAction\":[{\"@type\":\"ReadAction\",\"target\":[\"https:\\\/\\\/radioljubuski.ba\\\/index.php\\\/2022\\\/04\\\/23\\\/prema-izvrsnom-direktoru-volkswagen-grupe-nestasica-cipova-trajat-ce-do-2024\\\/\"]}]},{\"@type\":\"ImageObject\",\"inLanguage\":\"hr\",\"@id\":\"https:\\\/\\\/radioljubuski.ba\\\/index.php\\\/2022\\\/04\\\/23\\\/prema-izvrsnom-direktoru-volkswagen-grupe-nestasica-cipova-trajat-ce-do-2024\\\/#primaryimage\",\"url\":\"https:\\\/\\\/radioljubuski.ba\\\/wp-content\\\/uploads\\\/2022\\\/04\\\/cipovi.jpg\",\"contentUrl\":\"https:\\\/\\\/radioljubuski.ba\\\/wp-content\\\/uploads\\\/2022\\\/04\\\/cipovi.jpg\",\"width\":1024,\"height\":574},{\"@type\":\"BreadcrumbList\",\"@id\":\"https:\\\/\\\/radioljubuski.ba\\\/index.php\\\/2022\\\/04\\\/23\\\/prema-izvrsnom-direktoru-volkswagen-grupe-nestasica-cipova-trajat-ce-do-2024\\\/#breadcrumb\",\"itemListElement\":[{\"@type\":\"ListItem\",\"position\":1,\"name\":\"Po\u010detna stranica\",\"item\":\"https:\\\/\\\/radioljubuski.ba\\\/\"},{\"@type\":\"ListItem\",\"position\":2,\"name\":\"Prema izvr\u0161nom direktoru Volkswagen Grupe nesta\u0161ica \u010dipova trajat \u0107e do 2024.\"}]},{\"@type\":\"WebSite\",\"@id\":\"https:\\\/\\\/radioljubuski.ba\\\/#website\",\"url\":\"https:\\\/\\\/radioljubuski.ba\\\/\",\"name\":\"Radio Ljubu\u0161ki\",\"description\":\"Sun\u010dana frekvencija Hercegovine\",\"publisher\":{\"@id\":\"https:\\\/\\\/radioljubuski.ba\\\/#organization\"},\"potentialAction\":[{\"@type\":\"SearchAction\",\"target\":{\"@type\":\"EntryPoint\",\"urlTemplate\":\"https:\\\/\\\/radioljubuski.ba\\\/?s={search_term_string}\"},\"query-input\":{\"@type\":\"PropertyValueSpecification\",\"valueRequired\":true,\"valueName\":\"search_term_string\"}}],\"inLanguage\":\"hr\"},{\"@type\":\"Organization\",\"@id\":\"https:\\\/\\\/radioljubuski.ba\\\/#organization\",\"name\":\"Radio Ljubu\u0161ki\",\"url\":\"https:\\\/\\\/radioljubuski.ba\\\/\",\"logo\":{\"@type\":\"ImageObject\",\"inLanguage\":\"hr\",\"@id\":\"https:\\\/\\\/radioljubuski.ba\\\/#\\\/schema\\\/logo\\\/image\\\/\",\"url\":\"https:\\\/\\\/radioljubuski.ba\\\/wp-content\\\/uploads\\\/2021\\\/02\\\/cropped-Radio_Ljubuski_logo1.jpg\",\"contentUrl\":\"https:\\\/\\\/radioljubuski.ba\\\/wp-content\\\/uploads\\\/2021\\\/02\\\/cropped-Radio_Ljubuski_logo1.jpg\",\"width\":512,\"height\":512,\"caption\":\"Radio Ljubu\u0161ki\"},\"image\":{\"@id\":\"https:\\\/\\\/radioljubuski.ba\\\/#\\\/schema\\\/logo\\\/image\\\/\"},\"sameAs\":[\"https:\\\/\\\/www.facebook.com\\\/Radiio-Ljubuski-1490835324566332\",\"https:\\\/\\\/x.com\\\/radioljubuski\",\"https:\\\/\\\/hr.linkedin.com\\\/company\\\/radio-ljubuski\",\"https:\\\/\\\/www.youtube.com\\\/channel\\\/UCHYaeO_n0Db3tjNGudGpXyw\"]},{\"@type\":\"Person\",\"@id\":\"https:\\\/\\\/radioljubuski.ba\\\/#\\\/schema\\\/person\\\/19fc700381a780f69665d7956c469e3b\",\"name\":\"Radio Ljubu\u0161ki\"}]}<\/script>\n<!-- \/ Yoast SEO plugin. -->","yoast_head_json":{"title":"Prema izvr\u0161nom direktoru Volkswagen Grupe nesta\u0161ica \u010dipova trajat \u0107e do 2024. - RADIO LJUBU\u0160KI","robots":{"index":"index","follow":"follow","max-snippet":"max-snippet:-1","max-image-preview":"max-image-preview:large","max-video-preview":"max-video-preview:-1"},"canonical":"https:\/\/radioljubuski.ba\/index.php\/2022\/04\/23\/prema-izvrsnom-direktoru-volkswagen-grupe-nestasica-cipova-trajat-ce-do-2024\/","og_locale":"hr_HR","og_type":"article","og_title":"Prema izvr\u0161nom direktoru Volkswagen Grupe nesta\u0161ica \u010dipova trajat \u0107e do 2024. - RADIO LJUBU\u0160KI","og_description":"\u010cini si da su sve nade koje su proizvo\u0111a\u010di automobila imali o tome da bi kriza \u010dipova mogla biti rije\u0161ena ove godine nestale. Izvr\u0161ni direktor Volkswagen Grupe smatra kako \u0107e problem opskrbe postojati barem jo\u0161 dvije godine. Glavni financijski direktor VW-a, Arno Antlitz, za Boersen-Zeitung je pro\u0161log vikenda komentirao situaciju, tvrde\u0107i da \u0107e se zalihe [&hellip;]","og_url":"https:\/\/radioljubuski.ba\/index.php\/2022\/04\/23\/prema-izvrsnom-direktoru-volkswagen-grupe-nestasica-cipova-trajat-ce-do-2024\/","og_site_name":"RADIO LJUBU\u0160KI","article_publisher":"https:\/\/www.facebook.com\/Radiio-Ljubuski-1490835324566332","article_published_time":"2022-04-23T08:07:51+00:00","article_modified_time":"2022-04-23T08:07:52+00:00","og_image":[{"width":1024,"height":574,"url":"https:\/\/radioljubuski.ba\/wp-content\/uploads\/2022\/04\/cipovi.jpg","type":"image\/jpeg"}],"author":"Radio Ljubu\u0161ki","twitter_card":"summary_large_image","twitter_creator":"@radioljubuski","twitter_site":"@radioljubuski","twitter_misc":{"Napisao\/la":"Radio Ljubu\u0161ki","Procijenjeno vrijeme \u010ditanja":"2 minute"},"schema":{"@context":"https:\/\/schema.org","@graph":[{"@type":"Article","@id":"https:\/\/radioljubuski.ba\/index.php\/2022\/04\/23\/prema-izvrsnom-direktoru-volkswagen-grupe-nestasica-cipova-trajat-ce-do-2024\/#article","isPartOf":{"@id":"https:\/\/radioljubuski.ba\/index.php\/2022\/04\/23\/prema-izvrsnom-direktoru-volkswagen-grupe-nestasica-cipova-trajat-ce-do-2024\/"},"author":{"name":"Radio Ljubu\u0161ki","@id":"https:\/\/radioljubuski.ba\/#\/schema\/person\/19fc700381a780f69665d7956c469e3b"},"headline":"Prema izvr\u0161nom direktoru Volkswagen Grupe nesta\u0161ica \u010dipova trajat \u0107e do 2024.","datePublished":"2022-04-23T08:07:51+00:00","dateModified":"2022-04-23T08:07:52+00:00","mainEntityOfPage":{"@id":"https:\/\/radioljubuski.ba\/index.php\/2022\/04\/23\/prema-izvrsnom-direktoru-volkswagen-grupe-nestasica-cipova-trajat-ce-do-2024\/"},"wordCount":319,"publisher":{"@id":"https:\/\/radioljubuski.ba\/#organization"},"image":{"@id":"https:\/\/radioljubuski.ba\/index.php\/2022\/04\/23\/prema-izvrsnom-direktoru-volkswagen-grupe-nestasica-cipova-trajat-ce-do-2024\/#primaryimage"},"thumbnailUrl":"https:\/\/radioljubuski.ba\/wp-content\/uploads\/2022\/04\/cipovi.jpg","articleSection":["BIH i regija"],"inLanguage":"hr"},{"@type":"WebPage","@id":"https:\/\/radioljubuski.ba\/index.php\/2022\/04\/23\/prema-izvrsnom-direktoru-volkswagen-grupe-nestasica-cipova-trajat-ce-do-2024\/","url":"https:\/\/radioljubuski.ba\/index.php\/2022\/04\/23\/prema-izvrsnom-direktoru-volkswagen-grupe-nestasica-cipova-trajat-ce-do-2024\/","name":"Prema izvr\u0161nom direktoru Volkswagen Grupe nesta\u0161ica \u010dipova trajat \u0107e do 2024. - RADIO LJUBU\u0160KI","isPartOf":{"@id":"https:\/\/radioljubuski.ba\/#website"},"primaryImageOfPage":{"@id":"https:\/\/radioljubuski.ba\/index.php\/2022\/04\/23\/prema-izvrsnom-direktoru-volkswagen-grupe-nestasica-cipova-trajat-ce-do-2024\/#primaryimage"},"image":{"@id":"https:\/\/radioljubuski.ba\/index.php\/2022\/04\/23\/prema-izvrsnom-direktoru-volkswagen-grupe-nestasica-cipova-trajat-ce-do-2024\/#primaryimage"},"thumbnailUrl":"https:\/\/radioljubuski.ba\/wp-content\/uploads\/2022\/04\/cipovi.jpg","datePublished":"2022-04-23T08:07:51+00:00","dateModified":"2022-04-23T08:07:52+00:00","breadcrumb":{"@id":"https:\/\/radioljubuski.ba\/index.php\/2022\/04\/23\/prema-izvrsnom-direktoru-volkswagen-grupe-nestasica-cipova-trajat-ce-do-2024\/#breadcrumb"},"inLanguage":"hr","potentialAction":[{"@type":"ReadAction","target":["https:\/\/radioljubuski.ba\/index.php\/2022\/04\/23\/prema-izvrsnom-direktoru-volkswagen-grupe-nestasica-cipova-trajat-ce-do-2024\/"]}]},{"@type":"ImageObject","inLanguage":"hr","@id":"https:\/\/radioljubuski.ba\/index.php\/2022\/04\/23\/prema-izvrsnom-direktoru-volkswagen-grupe-nestasica-cipova-trajat-ce-do-2024\/#primaryimage","url":"https:\/\/radioljubuski.ba\/wp-content\/uploads\/2022\/04\/cipovi.jpg","contentUrl":"https:\/\/radioljubuski.ba\/wp-content\/uploads\/2022\/04\/cipovi.jpg","width":1024,"height":574},{"@type":"BreadcrumbList","@id":"https:\/\/radioljubuski.ba\/index.php\/2022\/04\/23\/prema-izvrsnom-direktoru-volkswagen-grupe-nestasica-cipova-trajat-ce-do-2024\/#breadcrumb","itemListElement":[{"@type":"ListItem","position":1,"name":"Po\u010detna stranica","item":"https:\/\/radioljubuski.ba\/"},{"@type":"ListItem","position":2,"name":"Prema izvr\u0161nom direktoru Volkswagen Grupe nesta\u0161ica \u010dipova trajat \u0107e do 2024."}]},{"@type":"WebSite","@id":"https:\/\/radioljubuski.ba\/#website","url":"https:\/\/radioljubuski.ba\/","name":"Radio Ljubu\u0161ki","description":"Sun\u010dana frekvencija Hercegovine","publisher":{"@id":"https:\/\/radioljubuski.ba\/#organization"},"potentialAction":[{"@type":"SearchAction","target":{"@type":"EntryPoint","urlTemplate":"https:\/\/radioljubuski.ba\/?s={search_term_string}"},"query-input":{"@type":"PropertyValueSpecification","valueRequired":true,"valueName":"search_term_string"}}],"inLanguage":"hr"},{"@type":"Organization","@id":"https:\/\/radioljubuski.ba\/#organization","name":"Radio Ljubu\u0161ki","url":"https:\/\/radioljubuski.ba\/","logo":{"@type":"ImageObject","inLanguage":"hr","@id":"https:\/\/radioljubuski.ba\/#\/schema\/logo\/image\/","url":"https:\/\/radioljubuski.ba\/wp-content\/uploads\/2021\/02\/cropped-Radio_Ljubuski_logo1.jpg","contentUrl":"https:\/\/radioljubuski.ba\/wp-content\/uploads\/2021\/02\/cropped-Radio_Ljubuski_logo1.jpg","width":512,"height":512,"caption":"Radio Ljubu\u0161ki"},"image":{"@id":"https:\/\/radioljubuski.ba\/#\/schema\/logo\/image\/"},"sameAs":["https:\/\/www.facebook.com\/Radiio-Ljubuski-1490835324566332","https:\/\/x.com\/radioljubuski","https:\/\/hr.linkedin.com\/company\/radio-ljubuski","https:\/\/www.youtube.com\/channel\/UCHYaeO_n0Db3tjNGudGpXyw"]},{"@type":"Person","@id":"https:\/\/radioljubuski.ba\/#\/schema\/person\/19fc700381a780f69665d7956c469e3b","name":"Radio Ljubu\u0161ki"}]}},"_links":{"self":[{"href":"https:\/\/radioljubuski.ba\/index.php\/wp-json\/wp\/v2\/posts\/135472","targetHints":{"allow":["GET"]}}],"collection":[{"href":"https:\/\/radioljubuski.ba\/index.php\/wp-json\/wp\/v2\/posts"}],"about":[{"href":"https:\/\/radioljubuski.ba\/index.php\/wp-json\/wp\/v2\/types\/post"}],"author":[{"embeddable":true,"href":"https:\/\/radioljubuski.ba\/index.php\/wp-json\/wp\/v2\/users\/2"}],"replies":[{"embeddable":true,"href":"https:\/\/radioljubuski.ba\/index.php\/wp-json\/wp\/v2\/comments?post=135472"}],"version-history":[{"count":1,"href":"https:\/\/radioljubuski.ba\/index.php\/wp-json\/wp\/v2\/posts\/135472\/revisions"}],"predecessor-version":[{"id":135474,"href":"https:\/\/radioljubuski.ba\/index.php\/wp-json\/wp\/v2\/posts\/135472\/revisions\/135474"}],"wp:featuredmedia":[{"embeddable":true,"href":"https:\/\/radioljubuski.ba\/index.php\/wp-json\/wp\/v2\/media\/135473"}],"wp:attachment":[{"href":"https:\/\/radioljubuski.ba\/index.php\/wp-json\/wp\/v2\/media?parent=135472"}],"wp:term":[{"taxonomy":"category","embeddable":true,"href":"https:\/\/radioljubuski.ba\/index.php\/wp-json\/wp\/v2\/categories?post=135472"},{"taxonomy":"post_tag","embeddable":true,"href":"https:\/\/radioljubuski.ba\/index.php\/wp-json\/wp\/v2\/tags?post=135472"}],"curies":[{"name":"wp","href":"https:\/\/api.w.org\/{rel}","templated":true}]}}