{"id":135486,"date":"2022-04-23T09:47:42","date_gmt":"2022-04-23T08:47:42","guid":{"rendered":"https:\/\/radioljubuski.ba\/?p=135486"},"modified":"2022-04-23T09:47:43","modified_gmt":"2022-04-23T08:47:43","slug":"genjac-registrirali-smo-13-potresa-moguce-je-da-ih-bude-jos","status":"publish","type":"post","link":"https:\/\/radioljubuski.ba\/index.php\/2022\/04\/23\/genjac-registrirali-smo-13-potresa-moguce-je-da-ih-bude-jos\/","title":{"rendered":"Genjac: Registrirali smo 13 potresa, mogu\u0107e je da ih bude jo\u0161"},"content":{"rendered":"\n<p>Nakon potresa koji je sino\u0107 u 23.07 pogodio \u0161ire podru\u010dje Stoca, ure\u0111aji Centra za seizmologiju Federalnog hidrometeorolo\u0161kog zavoda registrirali su seriju manjih potresa na podru\u010dju Hercegovine.<\/p>\n\n\n\n<p>-Nakon prvog ja\u010deg potresa 5,6 stupnjeva Richterove ljestvice bilo je normalno o\u010dekivati seriju naknadnih potresa. Mi cijelu no\u0107 pratimo, registriramo i obra\u0111ujemo podatke i mogu re\u0107i da ih je bilo 12, a posljednji se dogodio jutros u 8.20 sati &#8211; kazala je Merjema Genjac, stru\u010dni suradnik za seizmologiju FHMZ za&nbsp;<a href=\"https:\/\/avaz.ba\/vijesti\/bih\/736742\/strucni-saradnik-za-seizmologiju-merjema-genjac-za-avaz-registrirali-smo-13-zemljotresa-moguce-je-da-ih-bude-jos\">Avaz<\/a>.<\/p>\n\n\n\n<p>Ona dodaje da su ja\u010di potresi u BiH o\u010dekivani, jer je ve\u0107 du\u017ee vremena broj takvih pojava ispod prosjeka pa se energija akumulirala. BIH se, poja\u0161njava Genjac, nalazi na nekoliko rasjeda.<\/p>\n\n\n\n<p>-Jedan od njih prolazi kroz Banja Luku i Petrinju i mo\u017eemo re\u0107i da se dio te energije osloba\u0111a na prostoru Petrinje. Imamo ovaj hercegova\u010dki dio, ali ostaje nam ovaj sredi\u0161nji koji prolazi kroz Jajce, Zenicu i druga mjesta tako da ne mo\u017eemo re\u0107i da se oslobodila sva energija na prostoru BiH. Uradit \u0107emo uskoro jednu analizu da vidimo kolika je to koli\u010dina energije oslobo\u0111ena s ovih, za sada, 13 potresa u Hercegovini, a mogu\u0107e da \u0107e ih biti jo\u0161 &#8211; isti\u010de Genjac.<\/p>\n\n\n\n<p>Podsje\u0107a da je potrese, njihovu snagu i podru\u010dje na kojima \u0107e se dogoditi, nemogu\u0107e predvidjeti.<\/p>\n\n\n\n<p>-Korisnici Android telefona su sino\u0107 dobili poruku, ali tu govorimo o najavi potresa u samo par trenutaka. Na\u0161 ure\u0111aj prenosi elektromagnetne valove i nama je taj signal br\u017ee do\u0161ao od samog vala. Radi se na tim aplikacijama na nekim institutima &#8211; ka\u017ee Merjema Genjac.<\/p>\n\n\n\n<p><strong>Izvor: Pogled.ba<\/strong><\/p>\n","protected":false},"excerpt":{"rendered":"<p>Nakon potresa koji je sino\u0107 u 23.07 pogodio \u0161ire podru\u010dje Stoca, ure\u0111aji Centra za seizmologiju Federalnog hidrometeorolo\u0161kog zavoda registrirali su seriju manjih potresa na podru\u010dju Hercegovine. -Nakon prvog ja\u010deg potresa 5,6 stupnjeva Richterove ljestvice bilo je normalno o\u010dekivati seriju naknadnih potresa. Mi cijelu no\u0107 pratimo, registriramo i obra\u0111ujemo podatke i mogu re\u0107i da ih je [&hellip;]<\/p>\n","protected":false},"author":2,"featured_media":135487,"comment_status":"closed","ping_status":"closed","sticky":false,"template":"","format":"standard","meta":{"h5ap_radio_sources":[],"footnotes":""},"categories":[1],"tags":[],"class_list":["post-135486","post","type-post","status-publish","format-standard","has-post-thumbnail","hentry","category-bihiregija"],"yoast_head":"<!-- This site is optimized with the Yoast SEO plugin v27.4 - https:\/\/yoast.com\/product\/yoast-seo-wordpress\/ -->\n<title>Genjac: Registrirali smo 13 potresa, mogu\u0107e je da ih bude jo\u0161 - RADIO LJUBU\u0160KI<\/title>\n<meta name=\"robots\" content=\"index, follow, max-snippet:-1, max-image-preview:large, max-video-preview:-1\" \/>\n<link rel=\"canonical\" href=\"https:\/\/radioljubuski.ba\/index.php\/2022\/04\/23\/genjac-registrirali-smo-13-potresa-moguce-je-da-ih-bude-jos\/\" \/>\n<meta property=\"og:locale\" content=\"hr_HR\" \/>\n<meta property=\"og:type\" content=\"article\" \/>\n<meta property=\"og:title\" content=\"Genjac: Registrirali smo 13 potresa, mogu\u0107e je da ih bude jo\u0161 - RADIO LJUBU\u0160KI\" \/>\n<meta property=\"og:description\" content=\"Nakon potresa koji je sino\u0107 u 23.07 pogodio \u0161ire podru\u010dje Stoca, ure\u0111aji Centra za seizmologiju Federalnog hidrometeorolo\u0161kog zavoda registrirali su seriju manjih potresa na podru\u010dju Hercegovine. -Nakon prvog ja\u010deg potresa 5,6 stupnjeva Richterove ljestvice bilo je normalno o\u010dekivati seriju naknadnih potresa. Mi cijelu no\u0107 pratimo, registriramo i obra\u0111ujemo podatke i mogu re\u0107i da ih je [&hellip;]\" \/>\n<meta property=\"og:url\" content=\"https:\/\/radioljubuski.ba\/index.php\/2022\/04\/23\/genjac-registrirali-smo-13-potresa-moguce-je-da-ih-bude-jos\/\" \/>\n<meta property=\"og:site_name\" content=\"RADIO LJUBU\u0160KI\" \/>\n<meta property=\"article:publisher\" content=\"https:\/\/www.facebook.com\/Radiio-Ljubuski-1490835324566332\" \/>\n<meta property=\"article:published_time\" content=\"2022-04-23T08:47:42+00:00\" \/>\n<meta property=\"article:modified_time\" content=\"2022-04-23T08:47:43+00:00\" \/>\n<meta property=\"og:image\" content=\"https:\/\/radioljubuski.ba\/wp-content\/uploads\/2022\/04\/genjac.jpg\" \/>\n\t<meta property=\"og:image:width\" content=\"1000\" \/>\n\t<meta property=\"og:image:height\" content=\"625\" \/>\n\t<meta property=\"og:image:type\" content=\"image\/jpeg\" \/>\n<meta name=\"author\" content=\"Radio Ljubu\u0161ki\" \/>\n<meta name=\"twitter:card\" content=\"summary_large_image\" \/>\n<meta name=\"twitter:creator\" content=\"@radioljubuski\" \/>\n<meta name=\"twitter:site\" content=\"@radioljubuski\" \/>\n<meta name=\"twitter:label1\" content=\"Napisao\/la\" \/>\n\t<meta name=\"twitter:data1\" content=\"Radio Ljubu\u0161ki\" \/>\n\t<meta name=\"twitter:label2\" content=\"Procijenjeno vrijeme \u010ditanja\" \/>\n\t<meta name=\"twitter:data2\" content=\"2 minute\" \/>\n<script type=\"application\/ld+json\" class=\"yoast-schema-graph\">{\"@context\":\"https:\\\/\\\/schema.org\",\"@graph\":[{\"@type\":\"Article\",\"@id\":\"https:\\\/\\\/radioljubuski.ba\\\/index.php\\\/2022\\\/04\\\/23\\\/genjac-registrirali-smo-13-potresa-moguce-je-da-ih-bude-jos\\\/#article\",\"isPartOf\":{\"@id\":\"https:\\\/\\\/radioljubuski.ba\\\/index.php\\\/2022\\\/04\\\/23\\\/genjac-registrirali-smo-13-potresa-moguce-je-da-ih-bude-jos\\\/\"},\"author\":{\"name\":\"Radio Ljubu\u0161ki\",\"@id\":\"https:\\\/\\\/radioljubuski.ba\\\/#\\\/schema\\\/person\\\/19fc700381a780f69665d7956c469e3b\"},\"headline\":\"Genjac: Registrirali smo 13 potresa, mogu\u0107e je da ih bude jo\u0161\",\"datePublished\":\"2022-04-23T08:47:42+00:00\",\"dateModified\":\"2022-04-23T08:47:43+00:00\",\"mainEntityOfPage\":{\"@id\":\"https:\\\/\\\/radioljubuski.ba\\\/index.php\\\/2022\\\/04\\\/23\\\/genjac-registrirali-smo-13-potresa-moguce-je-da-ih-bude-jos\\\/\"},\"wordCount\":290,\"publisher\":{\"@id\":\"https:\\\/\\\/radioljubuski.ba\\\/#organization\"},\"image\":{\"@id\":\"https:\\\/\\\/radioljubuski.ba\\\/index.php\\\/2022\\\/04\\\/23\\\/genjac-registrirali-smo-13-potresa-moguce-je-da-ih-bude-jos\\\/#primaryimage\"},\"thumbnailUrl\":\"https:\\\/\\\/radioljubuski.ba\\\/wp-content\\\/uploads\\\/2022\\\/04\\\/genjac.jpg\",\"articleSection\":[\"BIH i regija\"],\"inLanguage\":\"hr\"},{\"@type\":\"WebPage\",\"@id\":\"https:\\\/\\\/radioljubuski.ba\\\/index.php\\\/2022\\\/04\\\/23\\\/genjac-registrirali-smo-13-potresa-moguce-je-da-ih-bude-jos\\\/\",\"url\":\"https:\\\/\\\/radioljubuski.ba\\\/index.php\\\/2022\\\/04\\\/23\\\/genjac-registrirali-smo-13-potresa-moguce-je-da-ih-bude-jos\\\/\",\"name\":\"Genjac: Registrirali smo 13 potresa, mogu\u0107e je da ih bude jo\u0161 - RADIO LJUBU\u0160KI\",\"isPartOf\":{\"@id\":\"https:\\\/\\\/radioljubuski.ba\\\/#website\"},\"primaryImageOfPage\":{\"@id\":\"https:\\\/\\\/radioljubuski.ba\\\/index.php\\\/2022\\\/04\\\/23\\\/genjac-registrirali-smo-13-potresa-moguce-je-da-ih-bude-jos\\\/#primaryimage\"},\"image\":{\"@id\":\"https:\\\/\\\/radioljubuski.ba\\\/index.php\\\/2022\\\/04\\\/23\\\/genjac-registrirali-smo-13-potresa-moguce-je-da-ih-bude-jos\\\/#primaryimage\"},\"thumbnailUrl\":\"https:\\\/\\\/radioljubuski.ba\\\/wp-content\\\/uploads\\\/2022\\\/04\\\/genjac.jpg\",\"datePublished\":\"2022-04-23T08:47:42+00:00\",\"dateModified\":\"2022-04-23T08:47:43+00:00\",\"breadcrumb\":{\"@id\":\"https:\\\/\\\/radioljubuski.ba\\\/index.php\\\/2022\\\/04\\\/23\\\/genjac-registrirali-smo-13-potresa-moguce-je-da-ih-bude-jos\\\/#breadcrumb\"},\"inLanguage\":\"hr\",\"potentialAction\":[{\"@type\":\"ReadAction\",\"target\":[\"https:\\\/\\\/radioljubuski.ba\\\/index.php\\\/2022\\\/04\\\/23\\\/genjac-registrirali-smo-13-potresa-moguce-je-da-ih-bude-jos\\\/\"]}]},{\"@type\":\"ImageObject\",\"inLanguage\":\"hr\",\"@id\":\"https:\\\/\\\/radioljubuski.ba\\\/index.php\\\/2022\\\/04\\\/23\\\/genjac-registrirali-smo-13-potresa-moguce-je-da-ih-bude-jos\\\/#primaryimage\",\"url\":\"https:\\\/\\\/radioljubuski.ba\\\/wp-content\\\/uploads\\\/2022\\\/04\\\/genjac.jpg\",\"contentUrl\":\"https:\\\/\\\/radioljubuski.ba\\\/wp-content\\\/uploads\\\/2022\\\/04\\\/genjac.jpg\",\"width\":1000,\"height\":625},{\"@type\":\"BreadcrumbList\",\"@id\":\"https:\\\/\\\/radioljubuski.ba\\\/index.php\\\/2022\\\/04\\\/23\\\/genjac-registrirali-smo-13-potresa-moguce-je-da-ih-bude-jos\\\/#breadcrumb\",\"itemListElement\":[{\"@type\":\"ListItem\",\"position\":1,\"name\":\"Po\u010detna stranica\",\"item\":\"https:\\\/\\\/radioljubuski.ba\\\/\"},{\"@type\":\"ListItem\",\"position\":2,\"name\":\"Genjac: Registrirali smo 13 potresa, mogu\u0107e je da ih bude jo\u0161\"}]},{\"@type\":\"WebSite\",\"@id\":\"https:\\\/\\\/radioljubuski.ba\\\/#website\",\"url\":\"https:\\\/\\\/radioljubuski.ba\\\/\",\"name\":\"Radio Ljubu\u0161ki\",\"description\":\"Sun\u010dana frekvencija Hercegovine\",\"publisher\":{\"@id\":\"https:\\\/\\\/radioljubuski.ba\\\/#organization\"},\"potentialAction\":[{\"@type\":\"SearchAction\",\"target\":{\"@type\":\"EntryPoint\",\"urlTemplate\":\"https:\\\/\\\/radioljubuski.ba\\\/?s={search_term_string}\"},\"query-input\":{\"@type\":\"PropertyValueSpecification\",\"valueRequired\":true,\"valueName\":\"search_term_string\"}}],\"inLanguage\":\"hr\"},{\"@type\":\"Organization\",\"@id\":\"https:\\\/\\\/radioljubuski.ba\\\/#organization\",\"name\":\"Radio Ljubu\u0161ki\",\"url\":\"https:\\\/\\\/radioljubuski.ba\\\/\",\"logo\":{\"@type\":\"ImageObject\",\"inLanguage\":\"hr\",\"@id\":\"https:\\\/\\\/radioljubuski.ba\\\/#\\\/schema\\\/logo\\\/image\\\/\",\"url\":\"https:\\\/\\\/radioljubuski.ba\\\/wp-content\\\/uploads\\\/2021\\\/02\\\/cropped-Radio_Ljubuski_logo1.jpg\",\"contentUrl\":\"https:\\\/\\\/radioljubuski.ba\\\/wp-content\\\/uploads\\\/2021\\\/02\\\/cropped-Radio_Ljubuski_logo1.jpg\",\"width\":512,\"height\":512,\"caption\":\"Radio Ljubu\u0161ki\"},\"image\":{\"@id\":\"https:\\\/\\\/radioljubuski.ba\\\/#\\\/schema\\\/logo\\\/image\\\/\"},\"sameAs\":[\"https:\\\/\\\/www.facebook.com\\\/Radiio-Ljubuski-1490835324566332\",\"https:\\\/\\\/x.com\\\/radioljubuski\",\"https:\\\/\\\/hr.linkedin.com\\\/company\\\/radio-ljubuski\",\"https:\\\/\\\/www.youtube.com\\\/channel\\\/UCHYaeO_n0Db3tjNGudGpXyw\"]},{\"@type\":\"Person\",\"@id\":\"https:\\\/\\\/radioljubuski.ba\\\/#\\\/schema\\\/person\\\/19fc700381a780f69665d7956c469e3b\",\"name\":\"Radio Ljubu\u0161ki\"}]}<\/script>\n<!-- \/ Yoast SEO plugin. -->","yoast_head_json":{"title":"Genjac: Registrirali smo 13 potresa, mogu\u0107e je da ih bude jo\u0161 - RADIO LJUBU\u0160KI","robots":{"index":"index","follow":"follow","max-snippet":"max-snippet:-1","max-image-preview":"max-image-preview:large","max-video-preview":"max-video-preview:-1"},"canonical":"https:\/\/radioljubuski.ba\/index.php\/2022\/04\/23\/genjac-registrirali-smo-13-potresa-moguce-je-da-ih-bude-jos\/","og_locale":"hr_HR","og_type":"article","og_title":"Genjac: Registrirali smo 13 potresa, mogu\u0107e je da ih bude jo\u0161 - RADIO LJUBU\u0160KI","og_description":"Nakon potresa koji je sino\u0107 u 23.07 pogodio \u0161ire podru\u010dje Stoca, ure\u0111aji Centra za seizmologiju Federalnog hidrometeorolo\u0161kog zavoda registrirali su seriju manjih potresa na podru\u010dju Hercegovine. -Nakon prvog ja\u010deg potresa 5,6 stupnjeva Richterove ljestvice bilo je normalno o\u010dekivati seriju naknadnih potresa. Mi cijelu no\u0107 pratimo, registriramo i obra\u0111ujemo podatke i mogu re\u0107i da ih je [&hellip;]","og_url":"https:\/\/radioljubuski.ba\/index.php\/2022\/04\/23\/genjac-registrirali-smo-13-potresa-moguce-je-da-ih-bude-jos\/","og_site_name":"RADIO LJUBU\u0160KI","article_publisher":"https:\/\/www.facebook.com\/Radiio-Ljubuski-1490835324566332","article_published_time":"2022-04-23T08:47:42+00:00","article_modified_time":"2022-04-23T08:47:43+00:00","og_image":[{"width":1000,"height":625,"url":"https:\/\/radioljubuski.ba\/wp-content\/uploads\/2022\/04\/genjac.jpg","type":"image\/jpeg"}],"author":"Radio Ljubu\u0161ki","twitter_card":"summary_large_image","twitter_creator":"@radioljubuski","twitter_site":"@radioljubuski","twitter_misc":{"Napisao\/la":"Radio Ljubu\u0161ki","Procijenjeno vrijeme \u010ditanja":"2 minute"},"schema":{"@context":"https:\/\/schema.org","@graph":[{"@type":"Article","@id":"https:\/\/radioljubuski.ba\/index.php\/2022\/04\/23\/genjac-registrirali-smo-13-potresa-moguce-je-da-ih-bude-jos\/#article","isPartOf":{"@id":"https:\/\/radioljubuski.ba\/index.php\/2022\/04\/23\/genjac-registrirali-smo-13-potresa-moguce-je-da-ih-bude-jos\/"},"author":{"name":"Radio Ljubu\u0161ki","@id":"https:\/\/radioljubuski.ba\/#\/schema\/person\/19fc700381a780f69665d7956c469e3b"},"headline":"Genjac: Registrirali smo 13 potresa, mogu\u0107e je da ih bude jo\u0161","datePublished":"2022-04-23T08:47:42+00:00","dateModified":"2022-04-23T08:47:43+00:00","mainEntityOfPage":{"@id":"https:\/\/radioljubuski.ba\/index.php\/2022\/04\/23\/genjac-registrirali-smo-13-potresa-moguce-je-da-ih-bude-jos\/"},"wordCount":290,"publisher":{"@id":"https:\/\/radioljubuski.ba\/#organization"},"image":{"@id":"https:\/\/radioljubuski.ba\/index.php\/2022\/04\/23\/genjac-registrirali-smo-13-potresa-moguce-je-da-ih-bude-jos\/#primaryimage"},"thumbnailUrl":"https:\/\/radioljubuski.ba\/wp-content\/uploads\/2022\/04\/genjac.jpg","articleSection":["BIH i regija"],"inLanguage":"hr"},{"@type":"WebPage","@id":"https:\/\/radioljubuski.ba\/index.php\/2022\/04\/23\/genjac-registrirali-smo-13-potresa-moguce-je-da-ih-bude-jos\/","url":"https:\/\/radioljubuski.ba\/index.php\/2022\/04\/23\/genjac-registrirali-smo-13-potresa-moguce-je-da-ih-bude-jos\/","name":"Genjac: Registrirali smo 13 potresa, mogu\u0107e je da ih bude jo\u0161 - RADIO LJUBU\u0160KI","isPartOf":{"@id":"https:\/\/radioljubuski.ba\/#website"},"primaryImageOfPage":{"@id":"https:\/\/radioljubuski.ba\/index.php\/2022\/04\/23\/genjac-registrirali-smo-13-potresa-moguce-je-da-ih-bude-jos\/#primaryimage"},"image":{"@id":"https:\/\/radioljubuski.ba\/index.php\/2022\/04\/23\/genjac-registrirali-smo-13-potresa-moguce-je-da-ih-bude-jos\/#primaryimage"},"thumbnailUrl":"https:\/\/radioljubuski.ba\/wp-content\/uploads\/2022\/04\/genjac.jpg","datePublished":"2022-04-23T08:47:42+00:00","dateModified":"2022-04-23T08:47:43+00:00","breadcrumb":{"@id":"https:\/\/radioljubuski.ba\/index.php\/2022\/04\/23\/genjac-registrirali-smo-13-potresa-moguce-je-da-ih-bude-jos\/#breadcrumb"},"inLanguage":"hr","potentialAction":[{"@type":"ReadAction","target":["https:\/\/radioljubuski.ba\/index.php\/2022\/04\/23\/genjac-registrirali-smo-13-potresa-moguce-je-da-ih-bude-jos\/"]}]},{"@type":"ImageObject","inLanguage":"hr","@id":"https:\/\/radioljubuski.ba\/index.php\/2022\/04\/23\/genjac-registrirali-smo-13-potresa-moguce-je-da-ih-bude-jos\/#primaryimage","url":"https:\/\/radioljubuski.ba\/wp-content\/uploads\/2022\/04\/genjac.jpg","contentUrl":"https:\/\/radioljubuski.ba\/wp-content\/uploads\/2022\/04\/genjac.jpg","width":1000,"height":625},{"@type":"BreadcrumbList","@id":"https:\/\/radioljubuski.ba\/index.php\/2022\/04\/23\/genjac-registrirali-smo-13-potresa-moguce-je-da-ih-bude-jos\/#breadcrumb","itemListElement":[{"@type":"ListItem","position":1,"name":"Po\u010detna stranica","item":"https:\/\/radioljubuski.ba\/"},{"@type":"ListItem","position":2,"name":"Genjac: Registrirali smo 13 potresa, mogu\u0107e je da ih bude jo\u0161"}]},{"@type":"WebSite","@id":"https:\/\/radioljubuski.ba\/#website","url":"https:\/\/radioljubuski.ba\/","name":"Radio Ljubu\u0161ki","description":"Sun\u010dana frekvencija Hercegovine","publisher":{"@id":"https:\/\/radioljubuski.ba\/#organization"},"potentialAction":[{"@type":"SearchAction","target":{"@type":"EntryPoint","urlTemplate":"https:\/\/radioljubuski.ba\/?s={search_term_string}"},"query-input":{"@type":"PropertyValueSpecification","valueRequired":true,"valueName":"search_term_string"}}],"inLanguage":"hr"},{"@type":"Organization","@id":"https:\/\/radioljubuski.ba\/#organization","name":"Radio Ljubu\u0161ki","url":"https:\/\/radioljubuski.ba\/","logo":{"@type":"ImageObject","inLanguage":"hr","@id":"https:\/\/radioljubuski.ba\/#\/schema\/logo\/image\/","url":"https:\/\/radioljubuski.ba\/wp-content\/uploads\/2021\/02\/cropped-Radio_Ljubuski_logo1.jpg","contentUrl":"https:\/\/radioljubuski.ba\/wp-content\/uploads\/2021\/02\/cropped-Radio_Ljubuski_logo1.jpg","width":512,"height":512,"caption":"Radio Ljubu\u0161ki"},"image":{"@id":"https:\/\/radioljubuski.ba\/#\/schema\/logo\/image\/"},"sameAs":["https:\/\/www.facebook.com\/Radiio-Ljubuski-1490835324566332","https:\/\/x.com\/radioljubuski","https:\/\/hr.linkedin.com\/company\/radio-ljubuski","https:\/\/www.youtube.com\/channel\/UCHYaeO_n0Db3tjNGudGpXyw"]},{"@type":"Person","@id":"https:\/\/radioljubuski.ba\/#\/schema\/person\/19fc700381a780f69665d7956c469e3b","name":"Radio Ljubu\u0161ki"}]}},"_links":{"self":[{"href":"https:\/\/radioljubuski.ba\/index.php\/wp-json\/wp\/v2\/posts\/135486","targetHints":{"allow":["GET"]}}],"collection":[{"href":"https:\/\/radioljubuski.ba\/index.php\/wp-json\/wp\/v2\/posts"}],"about":[{"href":"https:\/\/radioljubuski.ba\/index.php\/wp-json\/wp\/v2\/types\/post"}],"author":[{"embeddable":true,"href":"https:\/\/radioljubuski.ba\/index.php\/wp-json\/wp\/v2\/users\/2"}],"replies":[{"embeddable":true,"href":"https:\/\/radioljubuski.ba\/index.php\/wp-json\/wp\/v2\/comments?post=135486"}],"version-history":[{"count":1,"href":"https:\/\/radioljubuski.ba\/index.php\/wp-json\/wp\/v2\/posts\/135486\/revisions"}],"predecessor-version":[{"id":135488,"href":"https:\/\/radioljubuski.ba\/index.php\/wp-json\/wp\/v2\/posts\/135486\/revisions\/135488"}],"wp:featuredmedia":[{"embeddable":true,"href":"https:\/\/radioljubuski.ba\/index.php\/wp-json\/wp\/v2\/media\/135487"}],"wp:attachment":[{"href":"https:\/\/radioljubuski.ba\/index.php\/wp-json\/wp\/v2\/media?parent=135486"}],"wp:term":[{"taxonomy":"category","embeddable":true,"href":"https:\/\/radioljubuski.ba\/index.php\/wp-json\/wp\/v2\/categories?post=135486"},{"taxonomy":"post_tag","embeddable":true,"href":"https:\/\/radioljubuski.ba\/index.php\/wp-json\/wp\/v2\/tags?post=135486"}],"curies":[{"name":"wp","href":"https:\/\/api.w.org\/{rel}","templated":true}]}}