{"id":135492,"date":"2022-04-23T09:53:42","date_gmt":"2022-04-23T08:53:42","guid":{"rendered":"https:\/\/radioljubuski.ba\/?p=135492"},"modified":"2022-04-23T09:53:44","modified_gmt":"2022-04-23T08:53:44","slug":"emsc-nakon-potresa-u-hercegovini-blokira-korisnike-ne-pisite-politicke-i-uvredljive-komentare","status":"publish","type":"post","link":"https:\/\/radioljubuski.ba\/index.php\/2022\/04\/23\/emsc-nakon-potresa-u-hercegovini-blokira-korisnike-ne-pisite-politicke-i-uvredljive-komentare\/","title":{"rendered":"EMSC nakon potresa u Hercegovini blokira korisnike: \u2018Ne pi\u0161ite politi\u010dke i uvredljive komentare\u2018"},"content":{"rendered":"\n<p>Europsko \u2013 mediteranski seizmolo\u0161ki centar (EMSC) na Twitteru je objavio da je&nbsp;u petak nave\u010der&nbsp;blokirao brojne korisnike&nbsp;nakon potresa u Bosni i Hercegovini zbog&nbsp;uvredljivih izjava, politi\u010dkih uvreda i la\u017enih predvi\u0111anja&nbsp;potresa, prenosi Jabuka.tv.<\/p>\n\n\n\n<p>Ponovno smo blokirali brojne ra\u010dune u posljednjih nekoliko sati. Ponavljamo: Ne koristite aplikaciju za tvrdnje o predvi\u0111anju potresa jer je takvo \u0161to nemogu\u0107e,\u00a0ne pi\u0161ite politi\u010dke i uvredljive komentare ili \u0107ete biti blokirani. Hvala, napisali su na Twitteru.<\/p>\n\n\n\n<p>No\u0107as su&nbsp;upozorili na \u0161arlatane&nbsp;koji tvrde da mogu predvidjeti potres.<\/p>\n\n\n\n<p>Vjerojatno \u0107ete \u010duti (ako ve\u0107 nije slu\u010daj) neke ljude kako obja\u0161njavaju da su predvidjeli ovaj potres. Klonite se njih, oni su ili \u0161arlatani ili se glupiraju\u00a0kako bi dodatno podigli tjeskobu me\u0111u stanovni\u0161tvom. Na\u017ealost, znanost jo\u0161 uvijek ne mo\u017ee predvidjeti potrese,\u00a0upozorili su.<\/p>\n\n\n\n<blockquote class=\"twitter-tweet\"><p lang=\"en\" dir=\"ltr\">We have again blocked a number of accounts in the last few hours. We repeat our policy: do not associate <a href=\"https:\/\/twitter.com\/LastQuake?ref_src=twsrc%5Etfw\">@Lastquake<\/a> and use its visibility to claim earthquake prediction as it does not exist, do not make political or offensive statements or you will be blocked. Thank you<\/p>&mdash; EMSC (@LastQuake) <a href=\"https:\/\/twitter.com\/LastQuake\/status\/1517771407006081024?ref_src=twsrc%5Etfw\">April 23, 2022<\/a><\/blockquote> <script async src=\"https:\/\/platform.twitter.com\/widgets.js\" charset=\"utf-8\"><\/script>\n\n\n\n<p><strong>Izvor: Dnevnik.ba<\/strong><\/p>\n","protected":false},"excerpt":{"rendered":"<p>Europsko \u2013 mediteranski seizmolo\u0161ki centar (EMSC) na Twitteru je objavio da je&nbsp;u petak nave\u010der&nbsp;blokirao brojne korisnike&nbsp;nakon potresa u Bosni i Hercegovini zbog&nbsp;uvredljivih izjava, politi\u010dkih uvreda i la\u017enih predvi\u0111anja&nbsp;potresa, prenosi Jabuka.tv. Ponovno smo blokirali brojne ra\u010dune u posljednjih nekoliko sati. Ponavljamo: Ne koristite aplikaciju za tvrdnje o predvi\u0111anju potresa jer je takvo \u0161to nemogu\u0107e,\u00a0ne pi\u0161ite politi\u010dke [&hellip;]<\/p>\n","protected":false},"author":2,"featured_media":135493,"comment_status":"closed","ping_status":"closed","sticky":false,"template":"","format":"standard","meta":{"h5ap_radio_sources":[],"footnotes":""},"categories":[1],"tags":[],"class_list":["post-135492","post","type-post","status-publish","format-standard","has-post-thumbnail","hentry","category-bihiregija"],"yoast_head":"<!-- This site is optimized with the Yoast SEO plugin v27.4 - https:\/\/yoast.com\/product\/yoast-seo-wordpress\/ -->\n<title>EMSC nakon potresa u Hercegovini blokira korisnike: \u2018Ne pi\u0161ite politi\u010dke i uvredljive komentare\u2018 - RADIO LJUBU\u0160KI<\/title>\n<meta name=\"robots\" content=\"index, follow, max-snippet:-1, max-image-preview:large, max-video-preview:-1\" \/>\n<link rel=\"canonical\" href=\"https:\/\/radioljubuski.ba\/index.php\/2022\/04\/23\/emsc-nakon-potresa-u-hercegovini-blokira-korisnike-ne-pisite-politicke-i-uvredljive-komentare\/\" \/>\n<meta property=\"og:locale\" content=\"hr_HR\" \/>\n<meta property=\"og:type\" content=\"article\" \/>\n<meta property=\"og:title\" content=\"EMSC nakon potresa u Hercegovini blokira korisnike: \u2018Ne pi\u0161ite politi\u010dke i uvredljive komentare\u2018 - RADIO LJUBU\u0160KI\" \/>\n<meta property=\"og:description\" content=\"Europsko \u2013 mediteranski seizmolo\u0161ki centar (EMSC) na Twitteru je objavio da je&nbsp;u petak nave\u010der&nbsp;blokirao brojne korisnike&nbsp;nakon potresa u Bosni i Hercegovini zbog&nbsp;uvredljivih izjava, politi\u010dkih uvreda i la\u017enih predvi\u0111anja&nbsp;potresa, prenosi Jabuka.tv. Ponovno smo blokirali brojne ra\u010dune u posljednjih nekoliko sati. Ponavljamo: Ne koristite aplikaciju za tvrdnje o predvi\u0111anju potresa jer je takvo \u0161to nemogu\u0107e,\u00a0ne pi\u0161ite politi\u010dke [&hellip;]\" \/>\n<meta property=\"og:url\" content=\"https:\/\/radioljubuski.ba\/index.php\/2022\/04\/23\/emsc-nakon-potresa-u-hercegovini-blokira-korisnike-ne-pisite-politicke-i-uvredljive-komentare\/\" \/>\n<meta property=\"og:site_name\" content=\"RADIO LJUBU\u0160KI\" \/>\n<meta property=\"article:publisher\" content=\"https:\/\/www.facebook.com\/Radiio-Ljubuski-1490835324566332\" \/>\n<meta property=\"article:published_time\" content=\"2022-04-23T08:53:42+00:00\" \/>\n<meta property=\"article:modified_time\" content=\"2022-04-23T08:53:44+00:00\" \/>\n<meta property=\"og:image\" content=\"https:\/\/radioljubuski.ba\/wp-content\/uploads\/2022\/04\/potres-mostar.jpg\" \/>\n\t<meta property=\"og:image:width\" content=\"1024\" \/>\n\t<meta property=\"og:image:height\" content=\"682\" \/>\n\t<meta property=\"og:image:type\" content=\"image\/jpeg\" \/>\n<meta name=\"author\" content=\"Radio Ljubu\u0161ki\" \/>\n<meta name=\"twitter:card\" content=\"summary_large_image\" \/>\n<meta name=\"twitter:creator\" content=\"@radioljubuski\" \/>\n<meta name=\"twitter:site\" content=\"@radioljubuski\" \/>\n<meta name=\"twitter:label1\" content=\"Napisao\/la\" \/>\n\t<meta name=\"twitter:data1\" content=\"Radio Ljubu\u0161ki\" \/>\n\t<meta name=\"twitter:label2\" content=\"Procijenjeno vrijeme \u010ditanja\" \/>\n\t<meta name=\"twitter:data2\" content=\"1 minuta\" \/>\n<script type=\"application\/ld+json\" class=\"yoast-schema-graph\">{\"@context\":\"https:\\\/\\\/schema.org\",\"@graph\":[{\"@type\":\"Article\",\"@id\":\"https:\\\/\\\/radioljubuski.ba\\\/index.php\\\/2022\\\/04\\\/23\\\/emsc-nakon-potresa-u-hercegovini-blokira-korisnike-ne-pisite-politicke-i-uvredljive-komentare\\\/#article\",\"isPartOf\":{\"@id\":\"https:\\\/\\\/radioljubuski.ba\\\/index.php\\\/2022\\\/04\\\/23\\\/emsc-nakon-potresa-u-hercegovini-blokira-korisnike-ne-pisite-politicke-i-uvredljive-komentare\\\/\"},\"author\":{\"name\":\"Radio Ljubu\u0161ki\",\"@id\":\"https:\\\/\\\/radioljubuski.ba\\\/#\\\/schema\\\/person\\\/19fc700381a780f69665d7956c469e3b\"},\"headline\":\"EMSC nakon potresa u Hercegovini blokira korisnike: \u2018Ne pi\u0161ite politi\u010dke i uvredljive komentare\u2018\",\"datePublished\":\"2022-04-23T08:53:42+00:00\",\"dateModified\":\"2022-04-23T08:53:44+00:00\",\"mainEntityOfPage\":{\"@id\":\"https:\\\/\\\/radioljubuski.ba\\\/index.php\\\/2022\\\/04\\\/23\\\/emsc-nakon-potresa-u-hercegovini-blokira-korisnike-ne-pisite-politicke-i-uvredljive-komentare\\\/\"},\"wordCount\":221,\"publisher\":{\"@id\":\"https:\\\/\\\/radioljubuski.ba\\\/#organization\"},\"image\":{\"@id\":\"https:\\\/\\\/radioljubuski.ba\\\/index.php\\\/2022\\\/04\\\/23\\\/emsc-nakon-potresa-u-hercegovini-blokira-korisnike-ne-pisite-politicke-i-uvredljive-komentare\\\/#primaryimage\"},\"thumbnailUrl\":\"https:\\\/\\\/radioljubuski.ba\\\/wp-content\\\/uploads\\\/2022\\\/04\\\/potres-mostar.jpg\",\"articleSection\":[\"BIH i regija\"],\"inLanguage\":\"hr\"},{\"@type\":\"WebPage\",\"@id\":\"https:\\\/\\\/radioljubuski.ba\\\/index.php\\\/2022\\\/04\\\/23\\\/emsc-nakon-potresa-u-hercegovini-blokira-korisnike-ne-pisite-politicke-i-uvredljive-komentare\\\/\",\"url\":\"https:\\\/\\\/radioljubuski.ba\\\/index.php\\\/2022\\\/04\\\/23\\\/emsc-nakon-potresa-u-hercegovini-blokira-korisnike-ne-pisite-politicke-i-uvredljive-komentare\\\/\",\"name\":\"EMSC nakon potresa u Hercegovini blokira korisnike: \u2018Ne pi\u0161ite politi\u010dke i uvredljive komentare\u2018 - RADIO LJUBU\u0160KI\",\"isPartOf\":{\"@id\":\"https:\\\/\\\/radioljubuski.ba\\\/#website\"},\"primaryImageOfPage\":{\"@id\":\"https:\\\/\\\/radioljubuski.ba\\\/index.php\\\/2022\\\/04\\\/23\\\/emsc-nakon-potresa-u-hercegovini-blokira-korisnike-ne-pisite-politicke-i-uvredljive-komentare\\\/#primaryimage\"},\"image\":{\"@id\":\"https:\\\/\\\/radioljubuski.ba\\\/index.php\\\/2022\\\/04\\\/23\\\/emsc-nakon-potresa-u-hercegovini-blokira-korisnike-ne-pisite-politicke-i-uvredljive-komentare\\\/#primaryimage\"},\"thumbnailUrl\":\"https:\\\/\\\/radioljubuski.ba\\\/wp-content\\\/uploads\\\/2022\\\/04\\\/potres-mostar.jpg\",\"datePublished\":\"2022-04-23T08:53:42+00:00\",\"dateModified\":\"2022-04-23T08:53:44+00:00\",\"breadcrumb\":{\"@id\":\"https:\\\/\\\/radioljubuski.ba\\\/index.php\\\/2022\\\/04\\\/23\\\/emsc-nakon-potresa-u-hercegovini-blokira-korisnike-ne-pisite-politicke-i-uvredljive-komentare\\\/#breadcrumb\"},\"inLanguage\":\"hr\",\"potentialAction\":[{\"@type\":\"ReadAction\",\"target\":[\"https:\\\/\\\/radioljubuski.ba\\\/index.php\\\/2022\\\/04\\\/23\\\/emsc-nakon-potresa-u-hercegovini-blokira-korisnike-ne-pisite-politicke-i-uvredljive-komentare\\\/\"]}]},{\"@type\":\"ImageObject\",\"inLanguage\":\"hr\",\"@id\":\"https:\\\/\\\/radioljubuski.ba\\\/index.php\\\/2022\\\/04\\\/23\\\/emsc-nakon-potresa-u-hercegovini-blokira-korisnike-ne-pisite-politicke-i-uvredljive-komentare\\\/#primaryimage\",\"url\":\"https:\\\/\\\/radioljubuski.ba\\\/wp-content\\\/uploads\\\/2022\\\/04\\\/potres-mostar.jpg\",\"contentUrl\":\"https:\\\/\\\/radioljubuski.ba\\\/wp-content\\\/uploads\\\/2022\\\/04\\\/potres-mostar.jpg\",\"width\":1024,\"height\":682},{\"@type\":\"BreadcrumbList\",\"@id\":\"https:\\\/\\\/radioljubuski.ba\\\/index.php\\\/2022\\\/04\\\/23\\\/emsc-nakon-potresa-u-hercegovini-blokira-korisnike-ne-pisite-politicke-i-uvredljive-komentare\\\/#breadcrumb\",\"itemListElement\":[{\"@type\":\"ListItem\",\"position\":1,\"name\":\"Po\u010detna stranica\",\"item\":\"https:\\\/\\\/radioljubuski.ba\\\/\"},{\"@type\":\"ListItem\",\"position\":2,\"name\":\"EMSC nakon potresa u Hercegovini blokira korisnike: \u2018Ne pi\u0161ite politi\u010dke i uvredljive komentare\u2018\"}]},{\"@type\":\"WebSite\",\"@id\":\"https:\\\/\\\/radioljubuski.ba\\\/#website\",\"url\":\"https:\\\/\\\/radioljubuski.ba\\\/\",\"name\":\"Radio Ljubu\u0161ki\",\"description\":\"Sun\u010dana frekvencija Hercegovine\",\"publisher\":{\"@id\":\"https:\\\/\\\/radioljubuski.ba\\\/#organization\"},\"potentialAction\":[{\"@type\":\"SearchAction\",\"target\":{\"@type\":\"EntryPoint\",\"urlTemplate\":\"https:\\\/\\\/radioljubuski.ba\\\/?s={search_term_string}\"},\"query-input\":{\"@type\":\"PropertyValueSpecification\",\"valueRequired\":true,\"valueName\":\"search_term_string\"}}],\"inLanguage\":\"hr\"},{\"@type\":\"Organization\",\"@id\":\"https:\\\/\\\/radioljubuski.ba\\\/#organization\",\"name\":\"Radio Ljubu\u0161ki\",\"url\":\"https:\\\/\\\/radioljubuski.ba\\\/\",\"logo\":{\"@type\":\"ImageObject\",\"inLanguage\":\"hr\",\"@id\":\"https:\\\/\\\/radioljubuski.ba\\\/#\\\/schema\\\/logo\\\/image\\\/\",\"url\":\"https:\\\/\\\/radioljubuski.ba\\\/wp-content\\\/uploads\\\/2021\\\/02\\\/cropped-Radio_Ljubuski_logo1.jpg\",\"contentUrl\":\"https:\\\/\\\/radioljubuski.ba\\\/wp-content\\\/uploads\\\/2021\\\/02\\\/cropped-Radio_Ljubuski_logo1.jpg\",\"width\":512,\"height\":512,\"caption\":\"Radio Ljubu\u0161ki\"},\"image\":{\"@id\":\"https:\\\/\\\/radioljubuski.ba\\\/#\\\/schema\\\/logo\\\/image\\\/\"},\"sameAs\":[\"https:\\\/\\\/www.facebook.com\\\/Radiio-Ljubuski-1490835324566332\",\"https:\\\/\\\/x.com\\\/radioljubuski\",\"https:\\\/\\\/hr.linkedin.com\\\/company\\\/radio-ljubuski\",\"https:\\\/\\\/www.youtube.com\\\/channel\\\/UCHYaeO_n0Db3tjNGudGpXyw\"]},{\"@type\":\"Person\",\"@id\":\"https:\\\/\\\/radioljubuski.ba\\\/#\\\/schema\\\/person\\\/19fc700381a780f69665d7956c469e3b\",\"name\":\"Radio Ljubu\u0161ki\"}]}<\/script>\n<!-- \/ Yoast SEO plugin. -->","yoast_head_json":{"title":"EMSC nakon potresa u Hercegovini blokira korisnike: \u2018Ne pi\u0161ite politi\u010dke i uvredljive komentare\u2018 - RADIO LJUBU\u0160KI","robots":{"index":"index","follow":"follow","max-snippet":"max-snippet:-1","max-image-preview":"max-image-preview:large","max-video-preview":"max-video-preview:-1"},"canonical":"https:\/\/radioljubuski.ba\/index.php\/2022\/04\/23\/emsc-nakon-potresa-u-hercegovini-blokira-korisnike-ne-pisite-politicke-i-uvredljive-komentare\/","og_locale":"hr_HR","og_type":"article","og_title":"EMSC nakon potresa u Hercegovini blokira korisnike: \u2018Ne pi\u0161ite politi\u010dke i uvredljive komentare\u2018 - RADIO LJUBU\u0160KI","og_description":"Europsko \u2013 mediteranski seizmolo\u0161ki centar (EMSC) na Twitteru je objavio da je&nbsp;u petak nave\u010der&nbsp;blokirao brojne korisnike&nbsp;nakon potresa u Bosni i Hercegovini zbog&nbsp;uvredljivih izjava, politi\u010dkih uvreda i la\u017enih predvi\u0111anja&nbsp;potresa, prenosi Jabuka.tv. Ponovno smo blokirali brojne ra\u010dune u posljednjih nekoliko sati. Ponavljamo: Ne koristite aplikaciju za tvrdnje o predvi\u0111anju potresa jer je takvo \u0161to nemogu\u0107e,\u00a0ne pi\u0161ite politi\u010dke [&hellip;]","og_url":"https:\/\/radioljubuski.ba\/index.php\/2022\/04\/23\/emsc-nakon-potresa-u-hercegovini-blokira-korisnike-ne-pisite-politicke-i-uvredljive-komentare\/","og_site_name":"RADIO LJUBU\u0160KI","article_publisher":"https:\/\/www.facebook.com\/Radiio-Ljubuski-1490835324566332","article_published_time":"2022-04-23T08:53:42+00:00","article_modified_time":"2022-04-23T08:53:44+00:00","og_image":[{"width":1024,"height":682,"url":"https:\/\/radioljubuski.ba\/wp-content\/uploads\/2022\/04\/potres-mostar.jpg","type":"image\/jpeg"}],"author":"Radio Ljubu\u0161ki","twitter_card":"summary_large_image","twitter_creator":"@radioljubuski","twitter_site":"@radioljubuski","twitter_misc":{"Napisao\/la":"Radio Ljubu\u0161ki","Procijenjeno vrijeme \u010ditanja":"1 minuta"},"schema":{"@context":"https:\/\/schema.org","@graph":[{"@type":"Article","@id":"https:\/\/radioljubuski.ba\/index.php\/2022\/04\/23\/emsc-nakon-potresa-u-hercegovini-blokira-korisnike-ne-pisite-politicke-i-uvredljive-komentare\/#article","isPartOf":{"@id":"https:\/\/radioljubuski.ba\/index.php\/2022\/04\/23\/emsc-nakon-potresa-u-hercegovini-blokira-korisnike-ne-pisite-politicke-i-uvredljive-komentare\/"},"author":{"name":"Radio Ljubu\u0161ki","@id":"https:\/\/radioljubuski.ba\/#\/schema\/person\/19fc700381a780f69665d7956c469e3b"},"headline":"EMSC nakon potresa u Hercegovini blokira korisnike: \u2018Ne pi\u0161ite politi\u010dke i uvredljive komentare\u2018","datePublished":"2022-04-23T08:53:42+00:00","dateModified":"2022-04-23T08:53:44+00:00","mainEntityOfPage":{"@id":"https:\/\/radioljubuski.ba\/index.php\/2022\/04\/23\/emsc-nakon-potresa-u-hercegovini-blokira-korisnike-ne-pisite-politicke-i-uvredljive-komentare\/"},"wordCount":221,"publisher":{"@id":"https:\/\/radioljubuski.ba\/#organization"},"image":{"@id":"https:\/\/radioljubuski.ba\/index.php\/2022\/04\/23\/emsc-nakon-potresa-u-hercegovini-blokira-korisnike-ne-pisite-politicke-i-uvredljive-komentare\/#primaryimage"},"thumbnailUrl":"https:\/\/radioljubuski.ba\/wp-content\/uploads\/2022\/04\/potres-mostar.jpg","articleSection":["BIH i regija"],"inLanguage":"hr"},{"@type":"WebPage","@id":"https:\/\/radioljubuski.ba\/index.php\/2022\/04\/23\/emsc-nakon-potresa-u-hercegovini-blokira-korisnike-ne-pisite-politicke-i-uvredljive-komentare\/","url":"https:\/\/radioljubuski.ba\/index.php\/2022\/04\/23\/emsc-nakon-potresa-u-hercegovini-blokira-korisnike-ne-pisite-politicke-i-uvredljive-komentare\/","name":"EMSC nakon potresa u Hercegovini blokira korisnike: \u2018Ne pi\u0161ite politi\u010dke i uvredljive komentare\u2018 - RADIO LJUBU\u0160KI","isPartOf":{"@id":"https:\/\/radioljubuski.ba\/#website"},"primaryImageOfPage":{"@id":"https:\/\/radioljubuski.ba\/index.php\/2022\/04\/23\/emsc-nakon-potresa-u-hercegovini-blokira-korisnike-ne-pisite-politicke-i-uvredljive-komentare\/#primaryimage"},"image":{"@id":"https:\/\/radioljubuski.ba\/index.php\/2022\/04\/23\/emsc-nakon-potresa-u-hercegovini-blokira-korisnike-ne-pisite-politicke-i-uvredljive-komentare\/#primaryimage"},"thumbnailUrl":"https:\/\/radioljubuski.ba\/wp-content\/uploads\/2022\/04\/potres-mostar.jpg","datePublished":"2022-04-23T08:53:42+00:00","dateModified":"2022-04-23T08:53:44+00:00","breadcrumb":{"@id":"https:\/\/radioljubuski.ba\/index.php\/2022\/04\/23\/emsc-nakon-potresa-u-hercegovini-blokira-korisnike-ne-pisite-politicke-i-uvredljive-komentare\/#breadcrumb"},"inLanguage":"hr","potentialAction":[{"@type":"ReadAction","target":["https:\/\/radioljubuski.ba\/index.php\/2022\/04\/23\/emsc-nakon-potresa-u-hercegovini-blokira-korisnike-ne-pisite-politicke-i-uvredljive-komentare\/"]}]},{"@type":"ImageObject","inLanguage":"hr","@id":"https:\/\/radioljubuski.ba\/index.php\/2022\/04\/23\/emsc-nakon-potresa-u-hercegovini-blokira-korisnike-ne-pisite-politicke-i-uvredljive-komentare\/#primaryimage","url":"https:\/\/radioljubuski.ba\/wp-content\/uploads\/2022\/04\/potres-mostar.jpg","contentUrl":"https:\/\/radioljubuski.ba\/wp-content\/uploads\/2022\/04\/potres-mostar.jpg","width":1024,"height":682},{"@type":"BreadcrumbList","@id":"https:\/\/radioljubuski.ba\/index.php\/2022\/04\/23\/emsc-nakon-potresa-u-hercegovini-blokira-korisnike-ne-pisite-politicke-i-uvredljive-komentare\/#breadcrumb","itemListElement":[{"@type":"ListItem","position":1,"name":"Po\u010detna stranica","item":"https:\/\/radioljubuski.ba\/"},{"@type":"ListItem","position":2,"name":"EMSC nakon potresa u Hercegovini blokira korisnike: \u2018Ne pi\u0161ite politi\u010dke i uvredljive komentare\u2018"}]},{"@type":"WebSite","@id":"https:\/\/radioljubuski.ba\/#website","url":"https:\/\/radioljubuski.ba\/","name":"Radio Ljubu\u0161ki","description":"Sun\u010dana frekvencija Hercegovine","publisher":{"@id":"https:\/\/radioljubuski.ba\/#organization"},"potentialAction":[{"@type":"SearchAction","target":{"@type":"EntryPoint","urlTemplate":"https:\/\/radioljubuski.ba\/?s={search_term_string}"},"query-input":{"@type":"PropertyValueSpecification","valueRequired":true,"valueName":"search_term_string"}}],"inLanguage":"hr"},{"@type":"Organization","@id":"https:\/\/radioljubuski.ba\/#organization","name":"Radio Ljubu\u0161ki","url":"https:\/\/radioljubuski.ba\/","logo":{"@type":"ImageObject","inLanguage":"hr","@id":"https:\/\/radioljubuski.ba\/#\/schema\/logo\/image\/","url":"https:\/\/radioljubuski.ba\/wp-content\/uploads\/2021\/02\/cropped-Radio_Ljubuski_logo1.jpg","contentUrl":"https:\/\/radioljubuski.ba\/wp-content\/uploads\/2021\/02\/cropped-Radio_Ljubuski_logo1.jpg","width":512,"height":512,"caption":"Radio Ljubu\u0161ki"},"image":{"@id":"https:\/\/radioljubuski.ba\/#\/schema\/logo\/image\/"},"sameAs":["https:\/\/www.facebook.com\/Radiio-Ljubuski-1490835324566332","https:\/\/x.com\/radioljubuski","https:\/\/hr.linkedin.com\/company\/radio-ljubuski","https:\/\/www.youtube.com\/channel\/UCHYaeO_n0Db3tjNGudGpXyw"]},{"@type":"Person","@id":"https:\/\/radioljubuski.ba\/#\/schema\/person\/19fc700381a780f69665d7956c469e3b","name":"Radio Ljubu\u0161ki"}]}},"_links":{"self":[{"href":"https:\/\/radioljubuski.ba\/index.php\/wp-json\/wp\/v2\/posts\/135492","targetHints":{"allow":["GET"]}}],"collection":[{"href":"https:\/\/radioljubuski.ba\/index.php\/wp-json\/wp\/v2\/posts"}],"about":[{"href":"https:\/\/radioljubuski.ba\/index.php\/wp-json\/wp\/v2\/types\/post"}],"author":[{"embeddable":true,"href":"https:\/\/radioljubuski.ba\/index.php\/wp-json\/wp\/v2\/users\/2"}],"replies":[{"embeddable":true,"href":"https:\/\/radioljubuski.ba\/index.php\/wp-json\/wp\/v2\/comments?post=135492"}],"version-history":[{"count":1,"href":"https:\/\/radioljubuski.ba\/index.php\/wp-json\/wp\/v2\/posts\/135492\/revisions"}],"predecessor-version":[{"id":135494,"href":"https:\/\/radioljubuski.ba\/index.php\/wp-json\/wp\/v2\/posts\/135492\/revisions\/135494"}],"wp:featuredmedia":[{"embeddable":true,"href":"https:\/\/radioljubuski.ba\/index.php\/wp-json\/wp\/v2\/media\/135493"}],"wp:attachment":[{"href":"https:\/\/radioljubuski.ba\/index.php\/wp-json\/wp\/v2\/media?parent=135492"}],"wp:term":[{"taxonomy":"category","embeddable":true,"href":"https:\/\/radioljubuski.ba\/index.php\/wp-json\/wp\/v2\/categories?post=135492"},{"taxonomy":"post_tag","embeddable":true,"href":"https:\/\/radioljubuski.ba\/index.php\/wp-json\/wp\/v2\/tags?post=135492"}],"curies":[{"name":"wp","href":"https:\/\/api.w.org\/{rel}","templated":true}]}}