{"id":135508,"date":"2022-04-23T11:33:38","date_gmt":"2022-04-23T10:33:38","guid":{"rendered":"https:\/\/radioljubuski.ba\/?p=135508"},"modified":"2022-04-23T11:33:40","modified_gmt":"2022-04-23T10:33:40","slug":"ucenici-gimnazije-ljubuski-o-nepostojanju-azila-za-napustene-zivotinje-u-zhz","status":"publish","type":"post","link":"https:\/\/radioljubuski.ba\/index.php\/2022\/04\/23\/ucenici-gimnazije-ljubuski-o-nepostojanju-azila-za-napustene-zivotinje-u-zhz\/","title":{"rendered":"U\u010denici Gimnazije Ljubu\u0161ki o nepostojanju azila za napu\u0161tene \u017eivotinje u ZH\u017d"},"content":{"rendered":"\n<p>U sklopu projekta Civitas (Projekt Gra\u0111anin) u\u010denici Gimnazije Ljubu\u0161ki: Nika Primorac, Magdalena Pavlovi\u0107, Kristina Jur\u010di\u0107, Antonija Ke\u017ei\u0107, Nika Bara\u0107, Matija Vuk\u0161i\u0107, Milla Zadro i Ana Dodig, pod mentorstvom prof. Mile Logare, obra\u0111uju temu \u201dNepostojanje azila (skloni\u0161ta) za napu\u0161tene \u017eivotinje u Zapadno-Hecegova\u010dkoj \u017dupaniji\u201d. <\/p>\n\n\n\n<p>Kroz ovu temu gimnazijalci poku\u0161avaju razviti svijest o ovom prekrivenom problemu. <\/p>\n\n\n\n<p>Do sada u \u017dZH ne postoji niti jedan poku\u0161aj osnivanja azila.<\/p>\n\n\n\n<p>\u201dNe postoji sustavan plan za rje\u0161enje ovoga problema te smo odlu\u010dili preuzeti inicijativu\u201d, kazali su gimnazijalci koji tvrde kako su se\u00a0\u201dmnogi gra\u0111ani slo\u017eili da je najefikasnije rje\u0161enje upravo otvaranje azila, a drugi obavezna kastracija i sterilizacija svih lutalica uz pomo\u0107 financiranja\u201d. <\/p>\n\n\n\n<p>\u201dKontaktirali smo predstavnike razli\u010ditih politi\u010dkih stranaka koji su se slo\u017eili da je problem od velike relevantnosti i da je potrebno prona\u0107i rje\u0161enje. Prilikom prikupljanja informacija shvatili smo da su \u017dupanijska i gradska vlast najva\u017enije za rje\u0161enje ovog problema. Razgovarali smo i prikupljali informacije od mnogih gra\u0111ana, stru\u010dnjaka, veterinara, inspektorata, ministarstva te gradona\u010delnika grada Ljubu\u0161kog\u201d, istaknuli su.<\/p>\n\n\n\n<figure class=\"wp-block-image\"><img decoding=\"async\" src=\"https:\/\/www.vrisak.info\/wp-content\/uploads\/2022\/04\/gimnazijalci-azil.jpg\" alt=\"\" class=\"wp-image-174912\"\/><\/figure>\n\n\n\n<p>\u201dSvjesni smo problema napu\u0161tenih \u017eivotinja kojeg ve\u0107inski \u017dupanija izbjegava i kojeg se stavlja po strani. Voljni smo sudjelovati u rje\u0161avanju problema, ali se tako\u0111er nadamo suradnji ostalih op\u0107ina te \u017dupanije uop\u0107e. Smatramo kako \u0107e taj na\u010din, u skladu s ostalima, puno bolje funkcionirati jer je tako lak\u0161e omogu\u0107iti potrebna sredstva za izgradnju i realizaciju potrebnih uvjeta za \u017eivotinje\u201d, kazali su ispred ureda gradona\u010delnika grada Ljubu\u0161kog.<\/p>\n\n\n\n<p><strong>Izvor: Vriska.info<\/strong><\/p>\n","protected":false},"excerpt":{"rendered":"<p>U sklopu projekta Civitas (Projekt Gra\u0111anin) u\u010denici Gimnazije Ljubu\u0161ki: Nika Primorac, Magdalena Pavlovi\u0107, Kristina Jur\u010di\u0107, Antonija Ke\u017ei\u0107, Nika Bara\u0107, Matija Vuk\u0161i\u0107, Milla Zadro i Ana Dodig, pod mentorstvom prof. Mile Logare, obra\u0111uju temu \u201dNepostojanje azila (skloni\u0161ta) za napu\u0161tene \u017eivotinje u Zapadno-Hecegova\u010dkoj \u017dupaniji\u201d. Kroz ovu temu gimnazijalci poku\u0161avaju razviti svijest o ovom prekrivenom problemu. Do sada [&hellip;]<\/p>\n","protected":false},"author":2,"featured_media":135510,"comment_status":"closed","ping_status":"closed","sticky":false,"template":"","format":"standard","meta":{"h5ap_radio_sources":[],"footnotes":""},"categories":[3],"tags":[],"class_list":["post-135508","post","type-post","status-publish","format-standard","has-post-thumbnail","hentry","category-ljubuski"],"yoast_head":"<!-- This site is optimized with the Yoast SEO plugin v27.4 - https:\/\/yoast.com\/product\/yoast-seo-wordpress\/ -->\n<title>U\u010denici Gimnazije Ljubu\u0161ki o nepostojanju azila za napu\u0161tene \u017eivotinje u ZH\u017d - RADIO LJUBU\u0160KI<\/title>\n<meta name=\"robots\" content=\"index, follow, max-snippet:-1, max-image-preview:large, max-video-preview:-1\" \/>\n<link rel=\"canonical\" href=\"https:\/\/radioljubuski.ba\/index.php\/2022\/04\/23\/ucenici-gimnazije-ljubuski-o-nepostojanju-azila-za-napustene-zivotinje-u-zhz\/\" \/>\n<meta property=\"og:locale\" content=\"hr_HR\" \/>\n<meta property=\"og:type\" content=\"article\" \/>\n<meta property=\"og:title\" content=\"U\u010denici Gimnazije Ljubu\u0161ki o nepostojanju azila za napu\u0161tene \u017eivotinje u ZH\u017d - RADIO LJUBU\u0160KI\" \/>\n<meta property=\"og:description\" content=\"U sklopu projekta Civitas (Projekt Gra\u0111anin) u\u010denici Gimnazije Ljubu\u0161ki: Nika Primorac, Magdalena Pavlovi\u0107, Kristina Jur\u010di\u0107, Antonija Ke\u017ei\u0107, Nika Bara\u0107, Matija Vuk\u0161i\u0107, Milla Zadro i Ana Dodig, pod mentorstvom prof. Mile Logare, obra\u0111uju temu \u201dNepostojanje azila (skloni\u0161ta) za napu\u0161tene \u017eivotinje u Zapadno-Hecegova\u010dkoj \u017dupaniji\u201d. Kroz ovu temu gimnazijalci poku\u0161avaju razviti svijest o ovom prekrivenom problemu. Do sada [&hellip;]\" \/>\n<meta property=\"og:url\" content=\"https:\/\/radioljubuski.ba\/index.php\/2022\/04\/23\/ucenici-gimnazije-ljubuski-o-nepostojanju-azila-za-napustene-zivotinje-u-zhz\/\" \/>\n<meta property=\"og:site_name\" content=\"RADIO LJUBU\u0160KI\" \/>\n<meta property=\"article:publisher\" content=\"https:\/\/www.facebook.com\/Radiio-Ljubuski-1490835324566332\" \/>\n<meta property=\"article:published_time\" content=\"2022-04-23T10:33:38+00:00\" \/>\n<meta property=\"article:modified_time\" content=\"2022-04-23T10:33:40+00:00\" \/>\n<meta property=\"og:image\" content=\"https:\/\/radioljubuski.ba\/wp-content\/uploads\/2022\/04\/ucenici-gimnazije.jpg\" \/>\n\t<meta property=\"og:image:width\" content=\"1280\" \/>\n\t<meta property=\"og:image:height\" content=\"880\" \/>\n\t<meta property=\"og:image:type\" content=\"image\/jpeg\" \/>\n<meta name=\"author\" content=\"Radio Ljubu\u0161ki\" \/>\n<meta name=\"twitter:card\" content=\"summary_large_image\" \/>\n<meta name=\"twitter:creator\" content=\"@radioljubuski\" \/>\n<meta name=\"twitter:site\" content=\"@radioljubuski\" \/>\n<meta name=\"twitter:label1\" content=\"Napisao\/la\" \/>\n\t<meta name=\"twitter:data1\" content=\"Radio Ljubu\u0161ki\" \/>\n\t<meta name=\"twitter:label2\" content=\"Procijenjeno vrijeme \u010ditanja\" \/>\n\t<meta name=\"twitter:data2\" content=\"2 minute\" \/>\n<script type=\"application\/ld+json\" class=\"yoast-schema-graph\">{\"@context\":\"https:\\\/\\\/schema.org\",\"@graph\":[{\"@type\":\"Article\",\"@id\":\"https:\\\/\\\/radioljubuski.ba\\\/index.php\\\/2022\\\/04\\\/23\\\/ucenici-gimnazije-ljubuski-o-nepostojanju-azila-za-napustene-zivotinje-u-zhz\\\/#article\",\"isPartOf\":{\"@id\":\"https:\\\/\\\/radioljubuski.ba\\\/index.php\\\/2022\\\/04\\\/23\\\/ucenici-gimnazije-ljubuski-o-nepostojanju-azila-za-napustene-zivotinje-u-zhz\\\/\"},\"author\":{\"name\":\"Radio Ljubu\u0161ki\",\"@id\":\"https:\\\/\\\/radioljubuski.ba\\\/#\\\/schema\\\/person\\\/19fc700381a780f69665d7956c469e3b\"},\"headline\":\"U\u010denici Gimnazije Ljubu\u0161ki o nepostojanju azila za napu\u0161tene \u017eivotinje u ZH\u017d\",\"datePublished\":\"2022-04-23T10:33:38+00:00\",\"dateModified\":\"2022-04-23T10:33:40+00:00\",\"mainEntityOfPage\":{\"@id\":\"https:\\\/\\\/radioljubuski.ba\\\/index.php\\\/2022\\\/04\\\/23\\\/ucenici-gimnazije-ljubuski-o-nepostojanju-azila-za-napustene-zivotinje-u-zhz\\\/\"},\"wordCount\":283,\"publisher\":{\"@id\":\"https:\\\/\\\/radioljubuski.ba\\\/#organization\"},\"image\":{\"@id\":\"https:\\\/\\\/radioljubuski.ba\\\/index.php\\\/2022\\\/04\\\/23\\\/ucenici-gimnazije-ljubuski-o-nepostojanju-azila-za-napustene-zivotinje-u-zhz\\\/#primaryimage\"},\"thumbnailUrl\":\"https:\\\/\\\/radioljubuski.ba\\\/wp-content\\\/uploads\\\/2022\\\/04\\\/ucenici-gimnazije.jpg\",\"articleSection\":[\"Ljubu\u0161ki\"],\"inLanguage\":\"hr\"},{\"@type\":\"WebPage\",\"@id\":\"https:\\\/\\\/radioljubuski.ba\\\/index.php\\\/2022\\\/04\\\/23\\\/ucenici-gimnazije-ljubuski-o-nepostojanju-azila-za-napustene-zivotinje-u-zhz\\\/\",\"url\":\"https:\\\/\\\/radioljubuski.ba\\\/index.php\\\/2022\\\/04\\\/23\\\/ucenici-gimnazije-ljubuski-o-nepostojanju-azila-za-napustene-zivotinje-u-zhz\\\/\",\"name\":\"U\u010denici Gimnazije Ljubu\u0161ki o nepostojanju azila za napu\u0161tene \u017eivotinje u ZH\u017d - RADIO LJUBU\u0160KI\",\"isPartOf\":{\"@id\":\"https:\\\/\\\/radioljubuski.ba\\\/#website\"},\"primaryImageOfPage\":{\"@id\":\"https:\\\/\\\/radioljubuski.ba\\\/index.php\\\/2022\\\/04\\\/23\\\/ucenici-gimnazije-ljubuski-o-nepostojanju-azila-za-napustene-zivotinje-u-zhz\\\/#primaryimage\"},\"image\":{\"@id\":\"https:\\\/\\\/radioljubuski.ba\\\/index.php\\\/2022\\\/04\\\/23\\\/ucenici-gimnazije-ljubuski-o-nepostojanju-azila-za-napustene-zivotinje-u-zhz\\\/#primaryimage\"},\"thumbnailUrl\":\"https:\\\/\\\/radioljubuski.ba\\\/wp-content\\\/uploads\\\/2022\\\/04\\\/ucenici-gimnazije.jpg\",\"datePublished\":\"2022-04-23T10:33:38+00:00\",\"dateModified\":\"2022-04-23T10:33:40+00:00\",\"breadcrumb\":{\"@id\":\"https:\\\/\\\/radioljubuski.ba\\\/index.php\\\/2022\\\/04\\\/23\\\/ucenici-gimnazije-ljubuski-o-nepostojanju-azila-za-napustene-zivotinje-u-zhz\\\/#breadcrumb\"},\"inLanguage\":\"hr\",\"potentialAction\":[{\"@type\":\"ReadAction\",\"target\":[\"https:\\\/\\\/radioljubuski.ba\\\/index.php\\\/2022\\\/04\\\/23\\\/ucenici-gimnazije-ljubuski-o-nepostojanju-azila-za-napustene-zivotinje-u-zhz\\\/\"]}]},{\"@type\":\"ImageObject\",\"inLanguage\":\"hr\",\"@id\":\"https:\\\/\\\/radioljubuski.ba\\\/index.php\\\/2022\\\/04\\\/23\\\/ucenici-gimnazije-ljubuski-o-nepostojanju-azila-za-napustene-zivotinje-u-zhz\\\/#primaryimage\",\"url\":\"https:\\\/\\\/radioljubuski.ba\\\/wp-content\\\/uploads\\\/2022\\\/04\\\/ucenici-gimnazije.jpg\",\"contentUrl\":\"https:\\\/\\\/radioljubuski.ba\\\/wp-content\\\/uploads\\\/2022\\\/04\\\/ucenici-gimnazije.jpg\",\"width\":1280,\"height\":880},{\"@type\":\"BreadcrumbList\",\"@id\":\"https:\\\/\\\/radioljubuski.ba\\\/index.php\\\/2022\\\/04\\\/23\\\/ucenici-gimnazije-ljubuski-o-nepostojanju-azila-za-napustene-zivotinje-u-zhz\\\/#breadcrumb\",\"itemListElement\":[{\"@type\":\"ListItem\",\"position\":1,\"name\":\"Po\u010detna stranica\",\"item\":\"https:\\\/\\\/radioljubuski.ba\\\/\"},{\"@type\":\"ListItem\",\"position\":2,\"name\":\"U\u010denici Gimnazije Ljubu\u0161ki o nepostojanju azila za napu\u0161tene \u017eivotinje u ZH\u017d\"}]},{\"@type\":\"WebSite\",\"@id\":\"https:\\\/\\\/radioljubuski.ba\\\/#website\",\"url\":\"https:\\\/\\\/radioljubuski.ba\\\/\",\"name\":\"Radio Ljubu\u0161ki\",\"description\":\"Sun\u010dana frekvencija Hercegovine\",\"publisher\":{\"@id\":\"https:\\\/\\\/radioljubuski.ba\\\/#organization\"},\"potentialAction\":[{\"@type\":\"SearchAction\",\"target\":{\"@type\":\"EntryPoint\",\"urlTemplate\":\"https:\\\/\\\/radioljubuski.ba\\\/?s={search_term_string}\"},\"query-input\":{\"@type\":\"PropertyValueSpecification\",\"valueRequired\":true,\"valueName\":\"search_term_string\"}}],\"inLanguage\":\"hr\"},{\"@type\":\"Organization\",\"@id\":\"https:\\\/\\\/radioljubuski.ba\\\/#organization\",\"name\":\"Radio Ljubu\u0161ki\",\"url\":\"https:\\\/\\\/radioljubuski.ba\\\/\",\"logo\":{\"@type\":\"ImageObject\",\"inLanguage\":\"hr\",\"@id\":\"https:\\\/\\\/radioljubuski.ba\\\/#\\\/schema\\\/logo\\\/image\\\/\",\"url\":\"https:\\\/\\\/radioljubuski.ba\\\/wp-content\\\/uploads\\\/2021\\\/02\\\/cropped-Radio_Ljubuski_logo1.jpg\",\"contentUrl\":\"https:\\\/\\\/radioljubuski.ba\\\/wp-content\\\/uploads\\\/2021\\\/02\\\/cropped-Radio_Ljubuski_logo1.jpg\",\"width\":512,\"height\":512,\"caption\":\"Radio Ljubu\u0161ki\"},\"image\":{\"@id\":\"https:\\\/\\\/radioljubuski.ba\\\/#\\\/schema\\\/logo\\\/image\\\/\"},\"sameAs\":[\"https:\\\/\\\/www.facebook.com\\\/Radiio-Ljubuski-1490835324566332\",\"https:\\\/\\\/x.com\\\/radioljubuski\",\"https:\\\/\\\/hr.linkedin.com\\\/company\\\/radio-ljubuski\",\"https:\\\/\\\/www.youtube.com\\\/channel\\\/UCHYaeO_n0Db3tjNGudGpXyw\"]},{\"@type\":\"Person\",\"@id\":\"https:\\\/\\\/radioljubuski.ba\\\/#\\\/schema\\\/person\\\/19fc700381a780f69665d7956c469e3b\",\"name\":\"Radio Ljubu\u0161ki\"}]}<\/script>\n<!-- \/ Yoast SEO plugin. -->","yoast_head_json":{"title":"U\u010denici Gimnazije Ljubu\u0161ki o nepostojanju azila za napu\u0161tene \u017eivotinje u ZH\u017d - RADIO LJUBU\u0160KI","robots":{"index":"index","follow":"follow","max-snippet":"max-snippet:-1","max-image-preview":"max-image-preview:large","max-video-preview":"max-video-preview:-1"},"canonical":"https:\/\/radioljubuski.ba\/index.php\/2022\/04\/23\/ucenici-gimnazije-ljubuski-o-nepostojanju-azila-za-napustene-zivotinje-u-zhz\/","og_locale":"hr_HR","og_type":"article","og_title":"U\u010denici Gimnazije Ljubu\u0161ki o nepostojanju azila za napu\u0161tene \u017eivotinje u ZH\u017d - RADIO LJUBU\u0160KI","og_description":"U sklopu projekta Civitas (Projekt Gra\u0111anin) u\u010denici Gimnazije Ljubu\u0161ki: Nika Primorac, Magdalena Pavlovi\u0107, Kristina Jur\u010di\u0107, Antonija Ke\u017ei\u0107, Nika Bara\u0107, Matija Vuk\u0161i\u0107, Milla Zadro i Ana Dodig, pod mentorstvom prof. Mile Logare, obra\u0111uju temu \u201dNepostojanje azila (skloni\u0161ta) za napu\u0161tene \u017eivotinje u Zapadno-Hecegova\u010dkoj \u017dupaniji\u201d. Kroz ovu temu gimnazijalci poku\u0161avaju razviti svijest o ovom prekrivenom problemu. Do sada [&hellip;]","og_url":"https:\/\/radioljubuski.ba\/index.php\/2022\/04\/23\/ucenici-gimnazije-ljubuski-o-nepostojanju-azila-za-napustene-zivotinje-u-zhz\/","og_site_name":"RADIO LJUBU\u0160KI","article_publisher":"https:\/\/www.facebook.com\/Radiio-Ljubuski-1490835324566332","article_published_time":"2022-04-23T10:33:38+00:00","article_modified_time":"2022-04-23T10:33:40+00:00","og_image":[{"width":1280,"height":880,"url":"https:\/\/radioljubuski.ba\/wp-content\/uploads\/2022\/04\/ucenici-gimnazije.jpg","type":"image\/jpeg"}],"author":"Radio Ljubu\u0161ki","twitter_card":"summary_large_image","twitter_creator":"@radioljubuski","twitter_site":"@radioljubuski","twitter_misc":{"Napisao\/la":"Radio Ljubu\u0161ki","Procijenjeno vrijeme \u010ditanja":"2 minute"},"schema":{"@context":"https:\/\/schema.org","@graph":[{"@type":"Article","@id":"https:\/\/radioljubuski.ba\/index.php\/2022\/04\/23\/ucenici-gimnazije-ljubuski-o-nepostojanju-azila-za-napustene-zivotinje-u-zhz\/#article","isPartOf":{"@id":"https:\/\/radioljubuski.ba\/index.php\/2022\/04\/23\/ucenici-gimnazije-ljubuski-o-nepostojanju-azila-za-napustene-zivotinje-u-zhz\/"},"author":{"name":"Radio Ljubu\u0161ki","@id":"https:\/\/radioljubuski.ba\/#\/schema\/person\/19fc700381a780f69665d7956c469e3b"},"headline":"U\u010denici Gimnazije Ljubu\u0161ki o nepostojanju azila za napu\u0161tene \u017eivotinje u ZH\u017d","datePublished":"2022-04-23T10:33:38+00:00","dateModified":"2022-04-23T10:33:40+00:00","mainEntityOfPage":{"@id":"https:\/\/radioljubuski.ba\/index.php\/2022\/04\/23\/ucenici-gimnazije-ljubuski-o-nepostojanju-azila-za-napustene-zivotinje-u-zhz\/"},"wordCount":283,"publisher":{"@id":"https:\/\/radioljubuski.ba\/#organization"},"image":{"@id":"https:\/\/radioljubuski.ba\/index.php\/2022\/04\/23\/ucenici-gimnazije-ljubuski-o-nepostojanju-azila-za-napustene-zivotinje-u-zhz\/#primaryimage"},"thumbnailUrl":"https:\/\/radioljubuski.ba\/wp-content\/uploads\/2022\/04\/ucenici-gimnazije.jpg","articleSection":["Ljubu\u0161ki"],"inLanguage":"hr"},{"@type":"WebPage","@id":"https:\/\/radioljubuski.ba\/index.php\/2022\/04\/23\/ucenici-gimnazije-ljubuski-o-nepostojanju-azila-za-napustene-zivotinje-u-zhz\/","url":"https:\/\/radioljubuski.ba\/index.php\/2022\/04\/23\/ucenici-gimnazije-ljubuski-o-nepostojanju-azila-za-napustene-zivotinje-u-zhz\/","name":"U\u010denici Gimnazije Ljubu\u0161ki o nepostojanju azila za napu\u0161tene \u017eivotinje u ZH\u017d - RADIO LJUBU\u0160KI","isPartOf":{"@id":"https:\/\/radioljubuski.ba\/#website"},"primaryImageOfPage":{"@id":"https:\/\/radioljubuski.ba\/index.php\/2022\/04\/23\/ucenici-gimnazije-ljubuski-o-nepostojanju-azila-za-napustene-zivotinje-u-zhz\/#primaryimage"},"image":{"@id":"https:\/\/radioljubuski.ba\/index.php\/2022\/04\/23\/ucenici-gimnazije-ljubuski-o-nepostojanju-azila-za-napustene-zivotinje-u-zhz\/#primaryimage"},"thumbnailUrl":"https:\/\/radioljubuski.ba\/wp-content\/uploads\/2022\/04\/ucenici-gimnazije.jpg","datePublished":"2022-04-23T10:33:38+00:00","dateModified":"2022-04-23T10:33:40+00:00","breadcrumb":{"@id":"https:\/\/radioljubuski.ba\/index.php\/2022\/04\/23\/ucenici-gimnazije-ljubuski-o-nepostojanju-azila-za-napustene-zivotinje-u-zhz\/#breadcrumb"},"inLanguage":"hr","potentialAction":[{"@type":"ReadAction","target":["https:\/\/radioljubuski.ba\/index.php\/2022\/04\/23\/ucenici-gimnazije-ljubuski-o-nepostojanju-azila-za-napustene-zivotinje-u-zhz\/"]}]},{"@type":"ImageObject","inLanguage":"hr","@id":"https:\/\/radioljubuski.ba\/index.php\/2022\/04\/23\/ucenici-gimnazije-ljubuski-o-nepostojanju-azila-za-napustene-zivotinje-u-zhz\/#primaryimage","url":"https:\/\/radioljubuski.ba\/wp-content\/uploads\/2022\/04\/ucenici-gimnazije.jpg","contentUrl":"https:\/\/radioljubuski.ba\/wp-content\/uploads\/2022\/04\/ucenici-gimnazije.jpg","width":1280,"height":880},{"@type":"BreadcrumbList","@id":"https:\/\/radioljubuski.ba\/index.php\/2022\/04\/23\/ucenici-gimnazije-ljubuski-o-nepostojanju-azila-za-napustene-zivotinje-u-zhz\/#breadcrumb","itemListElement":[{"@type":"ListItem","position":1,"name":"Po\u010detna stranica","item":"https:\/\/radioljubuski.ba\/"},{"@type":"ListItem","position":2,"name":"U\u010denici Gimnazije Ljubu\u0161ki o nepostojanju azila za napu\u0161tene \u017eivotinje u ZH\u017d"}]},{"@type":"WebSite","@id":"https:\/\/radioljubuski.ba\/#website","url":"https:\/\/radioljubuski.ba\/","name":"Radio Ljubu\u0161ki","description":"Sun\u010dana frekvencija Hercegovine","publisher":{"@id":"https:\/\/radioljubuski.ba\/#organization"},"potentialAction":[{"@type":"SearchAction","target":{"@type":"EntryPoint","urlTemplate":"https:\/\/radioljubuski.ba\/?s={search_term_string}"},"query-input":{"@type":"PropertyValueSpecification","valueRequired":true,"valueName":"search_term_string"}}],"inLanguage":"hr"},{"@type":"Organization","@id":"https:\/\/radioljubuski.ba\/#organization","name":"Radio Ljubu\u0161ki","url":"https:\/\/radioljubuski.ba\/","logo":{"@type":"ImageObject","inLanguage":"hr","@id":"https:\/\/radioljubuski.ba\/#\/schema\/logo\/image\/","url":"https:\/\/radioljubuski.ba\/wp-content\/uploads\/2021\/02\/cropped-Radio_Ljubuski_logo1.jpg","contentUrl":"https:\/\/radioljubuski.ba\/wp-content\/uploads\/2021\/02\/cropped-Radio_Ljubuski_logo1.jpg","width":512,"height":512,"caption":"Radio Ljubu\u0161ki"},"image":{"@id":"https:\/\/radioljubuski.ba\/#\/schema\/logo\/image\/"},"sameAs":["https:\/\/www.facebook.com\/Radiio-Ljubuski-1490835324566332","https:\/\/x.com\/radioljubuski","https:\/\/hr.linkedin.com\/company\/radio-ljubuski","https:\/\/www.youtube.com\/channel\/UCHYaeO_n0Db3tjNGudGpXyw"]},{"@type":"Person","@id":"https:\/\/radioljubuski.ba\/#\/schema\/person\/19fc700381a780f69665d7956c469e3b","name":"Radio Ljubu\u0161ki"}]}},"_links":{"self":[{"href":"https:\/\/radioljubuski.ba\/index.php\/wp-json\/wp\/v2\/posts\/135508","targetHints":{"allow":["GET"]}}],"collection":[{"href":"https:\/\/radioljubuski.ba\/index.php\/wp-json\/wp\/v2\/posts"}],"about":[{"href":"https:\/\/radioljubuski.ba\/index.php\/wp-json\/wp\/v2\/types\/post"}],"author":[{"embeddable":true,"href":"https:\/\/radioljubuski.ba\/index.php\/wp-json\/wp\/v2\/users\/2"}],"replies":[{"embeddable":true,"href":"https:\/\/radioljubuski.ba\/index.php\/wp-json\/wp\/v2\/comments?post=135508"}],"version-history":[{"count":1,"href":"https:\/\/radioljubuski.ba\/index.php\/wp-json\/wp\/v2\/posts\/135508\/revisions"}],"predecessor-version":[{"id":135511,"href":"https:\/\/radioljubuski.ba\/index.php\/wp-json\/wp\/v2\/posts\/135508\/revisions\/135511"}],"wp:featuredmedia":[{"embeddable":true,"href":"https:\/\/radioljubuski.ba\/index.php\/wp-json\/wp\/v2\/media\/135510"}],"wp:attachment":[{"href":"https:\/\/radioljubuski.ba\/index.php\/wp-json\/wp\/v2\/media?parent=135508"}],"wp:term":[{"taxonomy":"category","embeddable":true,"href":"https:\/\/radioljubuski.ba\/index.php\/wp-json\/wp\/v2\/categories?post=135508"},{"taxonomy":"post_tag","embeddable":true,"href":"https:\/\/radioljubuski.ba\/index.php\/wp-json\/wp\/v2\/tags?post=135508"}],"curies":[{"name":"wp","href":"https:\/\/api.w.org\/{rel}","templated":true}]}}