{"id":135799,"date":"2022-04-24T20:17:47","date_gmt":"2022-04-24T19:17:47","guid":{"rendered":"https:\/\/radioljubuski.ba\/?p=135799"},"modified":"2022-04-24T20:17:48","modified_gmt":"2022-04-24T19:17:48","slug":"zajec-mislim-da-ce-dinamo-biti-prvak-a-navijaci-ne-bi-trebali-voditi-klub","status":"publish","type":"post","link":"https:\/\/radioljubuski.ba\/index.php\/2022\/04\/24\/zajec-mislim-da-ce-dinamo-biti-prvak-a-navijaci-ne-bi-trebali-voditi-klub\/","title":{"rendered":"Zajec: &#8220;Mislim da \u0107e Dinamo biti prvak, a navija\u010di ne bi trebali voditi klub&#8221;"},"content":{"rendered":"\n<p><strong>Gost emisije Nedjeljom u 2 bio je legendarni nogometa\u0161 Dinama&nbsp;Velimir&nbsp;Zajec. Govorio je o bogatoj sportskoj karijeri u Dinamu i drugim klubovima te 40. obljetnici osvajanja titule prvaka Jugoslavije i aktualnim temama u nogometu.<\/strong><\/p>\n\n\n\n<p><strong>O \u017eivotu u Gr\u010dkoj:&nbsp;<\/strong><\/p>\n\n\n\n<p>&#8211; Imam sre\u0107u da \u017eivim u dvije najljep\u0161e zemlje u Europi, te\u0161ko je odabrati gdje mi je bolje \u017eivjeti. Vi\u0161e volim ljeta provoditi u Gr\u010dkoj, po klimi bih rekao da bi Hrvatska i Gr\u010dka trebale biti Kalifornija Europe.&nbsp;<\/p>\n\n\n\n<p><strong>O odlasku u gr\u010dki Panathinaikos 1984.&nbsp; i o &#8220;\u0161amar\u010dini&#8221; tada\u0161njem sportskom direktoru Dinama Dev\u010di\u0107u:&nbsp;<\/strong><\/p>\n\n\n\n<p>&#8211; To je istina sve, nisam se dao zafrkavati nikad u \u017eivotu, \u017eao mi je zbog toga, ali je to bilo nekorektno od strane kluba tada. Ja sam inzistirao da on postane sportski direktor. Ja se jo\u0161 jednom ispri\u010davam.\u00a0<\/p>\n\n\n\n<iframe loading=\"lazy\" src=\"https:\/\/www.facebook.com\/plugins\/video.php?height=476&#038;href=https%3A%2F%2Fwww.facebook.com%2FHRTsport%2Fvideos%2F658462308577613%2F&#038;show_text=false&#038;width=476&#038;t=0\" width=\"476\" height=\"476\" style=\"border:none;overflow:hidden\" scrolling=\"no\" frameborder=\"0\" allowfullscreen=\"true\" allow=\"autoplay; clipboard-write; encrypted-media; picture-in-picture; web-share\" allowFullScreen=\"true\"><\/iframe>\n\n\n\n<p><strong>O nogometnim po\u010decima:<\/strong><\/p>\n\n\n\n<p>&#8211; Mama me odvela na prvi trening Dinama, imao sam sre\u0107u da je otac imao sredstava da nam omogu\u0107i stan i auto, tako da sam imao luksuz da idem autom. Prvu pla\u0107u koju sam dobio odnio sam upravo majci.&nbsp;<\/p>\n\n\n\n<p><strong>O pla\u0107i nekad i sad:&nbsp;<\/strong><\/p>\n\n\n\n<p>&#8211; Ja i&nbsp;<strong>Cico&nbsp;<\/strong>smo dvije godine \u0161parali da bismo kupili auto. Trebalo je imati i vezu da ga kupi\u0161. Bio mi je to prvi auto. Dana\u0161nji de\u010dki ne igraju iz romantizma, mi smo igrali iz ljubavi nogomet. Nismo mi imali velike pla\u0107e, ali su i dalje bile vi\u0161e od obi\u010dnih radnika. Ovdje se okre\u0107e veliki novac i igra\u010di zaslu\u017euju svoj dio, ali to utje\u010de na njihov odgoj.&nbsp;<\/p>\n\n\n\n<p><strong>O prvoj velikoj utakmici:<\/strong><\/p>\n\n\n\n<p>&#8211; Prvu utakmicu koju pamtim je protiv Partizana u Beogradu, bila je to moja prva velika utakmica. Zahvaljujem svom treneru&nbsp;<strong>Markovi\u0107u&nbsp;<\/strong>koji me tada uveo. I\u0161li smo na noge Partizanu, izgubili smo. Bio sam razo\u010daran, nisam bio dobar. Nakon toga, treningom i podr\u0161kom suigra\u010da sam uspio.&nbsp;<\/p>\n\n\n\n<p><strong>O Zvezdi:<\/strong><\/p>\n\n\n\n<p>&#8211; Protiv Zvezde je bilo najlak\u0161e igrati, igrali su gospodski nogomet, nisu bili snagatori. Bili su tehni\u010dari za razliku od Partizana i Hajduka. Nikad nije bilo potrebno dodatno se motivirati.&nbsp;<\/p>\n\n\n\n<p><strong>O \u0106iri:&nbsp;<\/strong><\/p>\n\n\n\n<p>&#8211; On je stvarno bio ne\u0161to drugo. Do\u0161ao je iz \u0160vicarske, uvijek je bio showman, bosanski \u0161arm. Znao je jezike, obla\u010dio se gospodski. Donio nam je to da treninzi nisu bili po dva, tri sata. Imao je jednu kulturu, znao se pona\u0161ati u medijima. Sve nas je dignuo na vi\u0161u razinu. \u0106iro je znao motivirati igra\u010de. On je u gepeku imao desetak buketa cvije\u0107a i znao je uvijek kad bi do\u0161la neka \u017eena dati joj cvije\u0107e.&nbsp;<\/p>\n\n\n\n<p><strong>O odnosu sa Zvonimirom Bobanom:&nbsp;<\/strong><\/p>\n\n\n\n<p>&#8211; Ja sam sa Zvonom dobar, pre\u0161li smo preko svega toga. Ja sam bio protiv njegova transfera jer sam smatrao da on vrijedi puno vi\u0161e. Ja sam bio kriv kad sam doveo \u0160ukera svojim novcem, ali nisam u\u010dinio da Zvone i on imaju istu pla\u0107u.<\/p>\n\n\n\n<p><strong>O slabostima:&nbsp;<\/strong><\/p>\n\n\n\n<p>&#8211; Svatko ima neke slabosti, to bi trebao netko drugi re\u0107i. Moja slabost je bila vjerojatno to \u0161to sam se kasno uklju\u010dio u nogomet. Ja sam uvijek i\u0161ao na \u010ditanje protivnika. Nisam nikad razmi\u0161ljao o grubim startovima. Danas je svaki start \u017euti karton.&nbsp;<\/p>\n\n\n\n<p><strong>O najdra\u017eem trofeju:&nbsp;<\/strong><\/p>\n\n\n\n<p>&#8211; Imao sam ja i uspjeha u Gr\u010dkoj s Panathinaikosom, bili smo prvaci, me\u0111u \u010detiri u Ligi prvaka, me\u0111u osam u Kupu UEFA, ali trofej iz 1982. s Dinamom mi je najdra\u017ei.&nbsp;<\/p>\n\n\n\n<p><strong>O promjeni imena Dinama:&nbsp;<\/strong><\/p>\n\n\n\n<p>&#8211; Ja sam uvijek bio protiv toga da se klubu mijenja ime. Dinamo je uvijek bio nacionalni klub. Nije bilo potrebe, radi toga sam s&nbsp;<strong>Kosom&nbsp;<\/strong>i&nbsp;<strong>Baoti\u0107em&nbsp;<\/strong>glasao protiv toga. Da su mo\u017eda ranije do\u0161li s tom idejom, onda bi to mo\u017eda i pro\u0161lo. Navija\u010di su stvorili atmosferu takvu da je ime moralo ostati, ljudi su ginuli u ratu s Dinamovim obilje\u017ejima.&nbsp;<strong>Tu\u0111man&nbsp;<\/strong>mi nikad direktno nije zamjerio. Ja sam imao svoje mi\u0161ljenje i on je to po\u0161tovao. Nisam se dodvoravao nikome, imao sam svako po\u0161tovanje prema njemu. Bez njega ne bi bilo Hrvatske.&nbsp;<\/p>\n\n\n\n<p><strong>O ratu:&nbsp;<\/strong><\/p>\n\n\n\n<p>&#8211; Rat se nije moga izbje\u0107i, sve je mirisalo na rat. Pogotovo nakon one utakmice sa Zvezdom. Ja se jo\u0161 \u010dujem sa&nbsp;<strong>\u0160esti\u0107em&nbsp;<\/strong>i&nbsp;<strong>Petrovi\u0107em<\/strong>. \u010cujem se jo\u0161 sa&nbsp;<strong>Safetom&nbsp;Su\u0161i\u0107em&nbsp;<\/strong>i&nbsp;<strong>\u0160urjakom<\/strong>. Ako su ljudi normalni, onda mislim da je normalno da ostanemo u kontaktu.&nbsp;<\/p>\n\n\n\n<p><strong>O Mami\u0107u i njegovu doprinosu hrvatskom nogometu:<\/strong><\/p>\n\n\n\n<p>&#8211; Nemam kontakt s njim. On ima dobrih stvari, on je vra\u0107ao ime Dinamo. Te\u0161ko je ocijeniti koliko je on pridonio uspjesima na\u0161eg nogometa. Zdravko ima svojih kvaliteta, reprezentacija je imala dosta njegovih igra\u010da i to treba cijeniti. Mislim da ne bi sad trebali o tome pri\u010dati, ima aktualnih tema.<\/p>\n\n\n\n<p><strong>O upravlja\u010dkoj strukturi Dinama:&nbsp;<\/strong><\/p>\n\n\n\n<p>&#8211; Ja ne znam iskreno. Nemam nikakvu ambiciju da se vratim. Nisam nikad pozvan na utakmice Dinama ili skup\u0161tine. Nemam komplekse, smatram da Dinamo treba slu\u0161ati navija\u010de, ali navija\u010di ne bi trebali upravljati klubom. Nisam za takve opcije.&nbsp;<\/p>\n\n\n\n<p><strong>O tome tko \u0107e biti prvak:&nbsp;<\/strong><\/p>\n\n\n\n<p>&#8211; Mislim da \u0107e biti Dinamo, unato\u010d porazu ovaj tjedan. Nikad nisam za promjenu trenera, nisam za \u0161okove,&nbsp;<strong>\u010ca\u010di\u0107&nbsp;<\/strong>je solidan trener, ne znam ba\u0161 njegov rad, dao mu Bog sre\u0107e.&nbsp;<\/p>\n\n\n\n<p><strong>Najbolji igra\u010di na svijetu, izgledi Hrvatske u Kataru:&nbsp;<\/strong><\/p>\n\n\n\n<p>&#8211;&nbsp;<strong>Messi&nbsp;<\/strong>je najbolji, daleko broj jedan, ima talent, mozak, zato \u0161to je nepredvidljiv. Zatim&nbsp;<strong>Cruijff<\/strong>,&nbsp;<strong>Beckenbauer<\/strong>, brazilski&nbsp;<strong>Ronaldo&nbsp;<\/strong>i&nbsp;<strong>Maradona<\/strong>.&nbsp;<strong>Modri\u0107&nbsp;<\/strong>je \u010dudo prirode, a na SP-u o\u010dekujem dobar rezultat,&nbsp;<strong>Dali\u0107&nbsp;<\/strong>to dobro radi.<\/p>\n\n\n\n<p>Izvor.hrt.hr<\/p>\n","protected":false},"excerpt":{"rendered":"<p>Gost emisije Nedjeljom u 2 bio je legendarni nogometa\u0161 Dinama&nbsp;Velimir&nbsp;Zajec. Govorio je o bogatoj sportskoj karijeri u Dinamu i drugim klubovima te 40. obljetnici osvajanja titule prvaka Jugoslavije i aktualnim temama u nogometu. O \u017eivotu u Gr\u010dkoj:&nbsp; &#8211; Imam sre\u0107u da \u017eivim u dvije najljep\u0161e zemlje u Europi, te\u0161ko je odabrati gdje mi je bolje [&hellip;]<\/p>\n","protected":false},"author":2,"featured_media":135800,"comment_status":"closed","ping_status":"closed","sticky":false,"template":"","format":"standard","meta":{"h5ap_radio_sources":[],"footnotes":""},"categories":[7],"tags":[],"class_list":["post-135799","post","type-post","status-publish","format-standard","has-post-thumbnail","hentry","category-sport"],"yoast_head":"<!-- This site is optimized with the Yoast SEO plugin v27.4 - https:\/\/yoast.com\/product\/yoast-seo-wordpress\/ -->\n<title>Zajec: &quot;Mislim da \u0107e Dinamo biti prvak, a navija\u010di ne bi trebali voditi klub&quot; - RADIO LJUBU\u0160KI<\/title>\n<meta name=\"robots\" content=\"index, follow, max-snippet:-1, max-image-preview:large, max-video-preview:-1\" \/>\n<link rel=\"canonical\" href=\"https:\/\/radioljubuski.ba\/index.php\/2022\/04\/24\/zajec-mislim-da-ce-dinamo-biti-prvak-a-navijaci-ne-bi-trebali-voditi-klub\/\" \/>\n<meta property=\"og:locale\" content=\"hr_HR\" \/>\n<meta property=\"og:type\" content=\"article\" \/>\n<meta property=\"og:title\" content=\"Zajec: &quot;Mislim da \u0107e Dinamo biti prvak, a navija\u010di ne bi trebali voditi klub&quot; - RADIO LJUBU\u0160KI\" \/>\n<meta property=\"og:description\" content=\"Gost emisije Nedjeljom u 2 bio je legendarni nogometa\u0161 Dinama&nbsp;Velimir&nbsp;Zajec. Govorio je o bogatoj sportskoj karijeri u Dinamu i drugim klubovima te 40. obljetnici osvajanja titule prvaka Jugoslavije i aktualnim temama u nogometu. O \u017eivotu u Gr\u010dkoj:&nbsp; &#8211; Imam sre\u0107u da \u017eivim u dvije najljep\u0161e zemlje u Europi, te\u0161ko je odabrati gdje mi je bolje [&hellip;]\" \/>\n<meta property=\"og:url\" content=\"https:\/\/radioljubuski.ba\/index.php\/2022\/04\/24\/zajec-mislim-da-ce-dinamo-biti-prvak-a-navijaci-ne-bi-trebali-voditi-klub\/\" \/>\n<meta property=\"og:site_name\" content=\"RADIO LJUBU\u0160KI\" \/>\n<meta property=\"article:publisher\" content=\"https:\/\/www.facebook.com\/Radiio-Ljubuski-1490835324566332\" \/>\n<meta property=\"article:published_time\" content=\"2022-04-24T19:17:47+00:00\" \/>\n<meta property=\"article:modified_time\" content=\"2022-04-24T19:17:48+00:00\" \/>\n<meta property=\"og:image\" content=\"https:\/\/radioljubuski.ba\/wp-content\/uploads\/2022\/04\/zajec.jpg\" \/>\n\t<meta property=\"og:image:width\" content=\"801\" \/>\n\t<meta property=\"og:image:height\" content=\"416\" \/>\n\t<meta property=\"og:image:type\" content=\"image\/jpeg\" \/>\n<meta name=\"author\" content=\"Radio Ljubu\u0161ki\" \/>\n<meta name=\"twitter:card\" content=\"summary_large_image\" \/>\n<meta name=\"twitter:creator\" content=\"@radioljubuski\" \/>\n<meta name=\"twitter:site\" content=\"@radioljubuski\" \/>\n<meta name=\"twitter:label1\" content=\"Napisao\/la\" \/>\n\t<meta name=\"twitter:data1\" content=\"Radio Ljubu\u0161ki\" \/>\n\t<meta name=\"twitter:label2\" content=\"Procijenjeno vrijeme \u010ditanja\" \/>\n\t<meta name=\"twitter:data2\" content=\"4 minute\" \/>\n<script type=\"application\/ld+json\" class=\"yoast-schema-graph\">{\"@context\":\"https:\\\/\\\/schema.org\",\"@graph\":[{\"@type\":\"Article\",\"@id\":\"https:\\\/\\\/radioljubuski.ba\\\/index.php\\\/2022\\\/04\\\/24\\\/zajec-mislim-da-ce-dinamo-biti-prvak-a-navijaci-ne-bi-trebali-voditi-klub\\\/#article\",\"isPartOf\":{\"@id\":\"https:\\\/\\\/radioljubuski.ba\\\/index.php\\\/2022\\\/04\\\/24\\\/zajec-mislim-da-ce-dinamo-biti-prvak-a-navijaci-ne-bi-trebali-voditi-klub\\\/\"},\"author\":{\"name\":\"Radio Ljubu\u0161ki\",\"@id\":\"https:\\\/\\\/radioljubuski.ba\\\/#\\\/schema\\\/person\\\/19fc700381a780f69665d7956c469e3b\"},\"headline\":\"Zajec: &#8220;Mislim da \u0107e Dinamo biti prvak, a navija\u010di ne bi trebali voditi klub&#8221;\",\"datePublished\":\"2022-04-24T19:17:47+00:00\",\"dateModified\":\"2022-04-24T19:17:48+00:00\",\"mainEntityOfPage\":{\"@id\":\"https:\\\/\\\/radioljubuski.ba\\\/index.php\\\/2022\\\/04\\\/24\\\/zajec-mislim-da-ce-dinamo-biti-prvak-a-navijaci-ne-bi-trebali-voditi-klub\\\/\"},\"wordCount\":1019,\"publisher\":{\"@id\":\"https:\\\/\\\/radioljubuski.ba\\\/#organization\"},\"image\":{\"@id\":\"https:\\\/\\\/radioljubuski.ba\\\/index.php\\\/2022\\\/04\\\/24\\\/zajec-mislim-da-ce-dinamo-biti-prvak-a-navijaci-ne-bi-trebali-voditi-klub\\\/#primaryimage\"},\"thumbnailUrl\":\"https:\\\/\\\/radioljubuski.ba\\\/wp-content\\\/uploads\\\/2022\\\/04\\\/zajec.jpg\",\"articleSection\":[\"\u0160port\"],\"inLanguage\":\"hr\"},{\"@type\":\"WebPage\",\"@id\":\"https:\\\/\\\/radioljubuski.ba\\\/index.php\\\/2022\\\/04\\\/24\\\/zajec-mislim-da-ce-dinamo-biti-prvak-a-navijaci-ne-bi-trebali-voditi-klub\\\/\",\"url\":\"https:\\\/\\\/radioljubuski.ba\\\/index.php\\\/2022\\\/04\\\/24\\\/zajec-mislim-da-ce-dinamo-biti-prvak-a-navijaci-ne-bi-trebali-voditi-klub\\\/\",\"name\":\"Zajec: \\\"Mislim da \u0107e Dinamo biti prvak, a navija\u010di ne bi trebali voditi klub\\\" - RADIO LJUBU\u0160KI\",\"isPartOf\":{\"@id\":\"https:\\\/\\\/radioljubuski.ba\\\/#website\"},\"primaryImageOfPage\":{\"@id\":\"https:\\\/\\\/radioljubuski.ba\\\/index.php\\\/2022\\\/04\\\/24\\\/zajec-mislim-da-ce-dinamo-biti-prvak-a-navijaci-ne-bi-trebali-voditi-klub\\\/#primaryimage\"},\"image\":{\"@id\":\"https:\\\/\\\/radioljubuski.ba\\\/index.php\\\/2022\\\/04\\\/24\\\/zajec-mislim-da-ce-dinamo-biti-prvak-a-navijaci-ne-bi-trebali-voditi-klub\\\/#primaryimage\"},\"thumbnailUrl\":\"https:\\\/\\\/radioljubuski.ba\\\/wp-content\\\/uploads\\\/2022\\\/04\\\/zajec.jpg\",\"datePublished\":\"2022-04-24T19:17:47+00:00\",\"dateModified\":\"2022-04-24T19:17:48+00:00\",\"breadcrumb\":{\"@id\":\"https:\\\/\\\/radioljubuski.ba\\\/index.php\\\/2022\\\/04\\\/24\\\/zajec-mislim-da-ce-dinamo-biti-prvak-a-navijaci-ne-bi-trebali-voditi-klub\\\/#breadcrumb\"},\"inLanguage\":\"hr\",\"potentialAction\":[{\"@type\":\"ReadAction\",\"target\":[\"https:\\\/\\\/radioljubuski.ba\\\/index.php\\\/2022\\\/04\\\/24\\\/zajec-mislim-da-ce-dinamo-biti-prvak-a-navijaci-ne-bi-trebali-voditi-klub\\\/\"]}]},{\"@type\":\"ImageObject\",\"inLanguage\":\"hr\",\"@id\":\"https:\\\/\\\/radioljubuski.ba\\\/index.php\\\/2022\\\/04\\\/24\\\/zajec-mislim-da-ce-dinamo-biti-prvak-a-navijaci-ne-bi-trebali-voditi-klub\\\/#primaryimage\",\"url\":\"https:\\\/\\\/radioljubuski.ba\\\/wp-content\\\/uploads\\\/2022\\\/04\\\/zajec.jpg\",\"contentUrl\":\"https:\\\/\\\/radioljubuski.ba\\\/wp-content\\\/uploads\\\/2022\\\/04\\\/zajec.jpg\",\"width\":801,\"height\":416},{\"@type\":\"BreadcrumbList\",\"@id\":\"https:\\\/\\\/radioljubuski.ba\\\/index.php\\\/2022\\\/04\\\/24\\\/zajec-mislim-da-ce-dinamo-biti-prvak-a-navijaci-ne-bi-trebali-voditi-klub\\\/#breadcrumb\",\"itemListElement\":[{\"@type\":\"ListItem\",\"position\":1,\"name\":\"Po\u010detna stranica\",\"item\":\"https:\\\/\\\/radioljubuski.ba\\\/\"},{\"@type\":\"ListItem\",\"position\":2,\"name\":\"Zajec: &#8220;Mislim da \u0107e Dinamo biti prvak, a navija\u010di ne bi trebali voditi klub&#8221;\"}]},{\"@type\":\"WebSite\",\"@id\":\"https:\\\/\\\/radioljubuski.ba\\\/#website\",\"url\":\"https:\\\/\\\/radioljubuski.ba\\\/\",\"name\":\"Radio Ljubu\u0161ki\",\"description\":\"Sun\u010dana frekvencija Hercegovine\",\"publisher\":{\"@id\":\"https:\\\/\\\/radioljubuski.ba\\\/#organization\"},\"potentialAction\":[{\"@type\":\"SearchAction\",\"target\":{\"@type\":\"EntryPoint\",\"urlTemplate\":\"https:\\\/\\\/radioljubuski.ba\\\/?s={search_term_string}\"},\"query-input\":{\"@type\":\"PropertyValueSpecification\",\"valueRequired\":true,\"valueName\":\"search_term_string\"}}],\"inLanguage\":\"hr\"},{\"@type\":\"Organization\",\"@id\":\"https:\\\/\\\/radioljubuski.ba\\\/#organization\",\"name\":\"Radio Ljubu\u0161ki\",\"url\":\"https:\\\/\\\/radioljubuski.ba\\\/\",\"logo\":{\"@type\":\"ImageObject\",\"inLanguage\":\"hr\",\"@id\":\"https:\\\/\\\/radioljubuski.ba\\\/#\\\/schema\\\/logo\\\/image\\\/\",\"url\":\"https:\\\/\\\/radioljubuski.ba\\\/wp-content\\\/uploads\\\/2021\\\/02\\\/cropped-Radio_Ljubuski_logo1.jpg\",\"contentUrl\":\"https:\\\/\\\/radioljubuski.ba\\\/wp-content\\\/uploads\\\/2021\\\/02\\\/cropped-Radio_Ljubuski_logo1.jpg\",\"width\":512,\"height\":512,\"caption\":\"Radio Ljubu\u0161ki\"},\"image\":{\"@id\":\"https:\\\/\\\/radioljubuski.ba\\\/#\\\/schema\\\/logo\\\/image\\\/\"},\"sameAs\":[\"https:\\\/\\\/www.facebook.com\\\/Radiio-Ljubuski-1490835324566332\",\"https:\\\/\\\/x.com\\\/radioljubuski\",\"https:\\\/\\\/hr.linkedin.com\\\/company\\\/radio-ljubuski\",\"https:\\\/\\\/www.youtube.com\\\/channel\\\/UCHYaeO_n0Db3tjNGudGpXyw\"]},{\"@type\":\"Person\",\"@id\":\"https:\\\/\\\/radioljubuski.ba\\\/#\\\/schema\\\/person\\\/19fc700381a780f69665d7956c469e3b\",\"name\":\"Radio Ljubu\u0161ki\"}]}<\/script>\n<!-- \/ Yoast SEO plugin. -->","yoast_head_json":{"title":"Zajec: \"Mislim da \u0107e Dinamo biti prvak, a navija\u010di ne bi trebali voditi klub\" - RADIO LJUBU\u0160KI","robots":{"index":"index","follow":"follow","max-snippet":"max-snippet:-1","max-image-preview":"max-image-preview:large","max-video-preview":"max-video-preview:-1"},"canonical":"https:\/\/radioljubuski.ba\/index.php\/2022\/04\/24\/zajec-mislim-da-ce-dinamo-biti-prvak-a-navijaci-ne-bi-trebali-voditi-klub\/","og_locale":"hr_HR","og_type":"article","og_title":"Zajec: \"Mislim da \u0107e Dinamo biti prvak, a navija\u010di ne bi trebali voditi klub\" - RADIO LJUBU\u0160KI","og_description":"Gost emisije Nedjeljom u 2 bio je legendarni nogometa\u0161 Dinama&nbsp;Velimir&nbsp;Zajec. Govorio je o bogatoj sportskoj karijeri u Dinamu i drugim klubovima te 40. obljetnici osvajanja titule prvaka Jugoslavije i aktualnim temama u nogometu. O \u017eivotu u Gr\u010dkoj:&nbsp; &#8211; Imam sre\u0107u da \u017eivim u dvije najljep\u0161e zemlje u Europi, te\u0161ko je odabrati gdje mi je bolje [&hellip;]","og_url":"https:\/\/radioljubuski.ba\/index.php\/2022\/04\/24\/zajec-mislim-da-ce-dinamo-biti-prvak-a-navijaci-ne-bi-trebali-voditi-klub\/","og_site_name":"RADIO LJUBU\u0160KI","article_publisher":"https:\/\/www.facebook.com\/Radiio-Ljubuski-1490835324566332","article_published_time":"2022-04-24T19:17:47+00:00","article_modified_time":"2022-04-24T19:17:48+00:00","og_image":[{"width":801,"height":416,"url":"https:\/\/radioljubuski.ba\/wp-content\/uploads\/2022\/04\/zajec.jpg","type":"image\/jpeg"}],"author":"Radio Ljubu\u0161ki","twitter_card":"summary_large_image","twitter_creator":"@radioljubuski","twitter_site":"@radioljubuski","twitter_misc":{"Napisao\/la":"Radio Ljubu\u0161ki","Procijenjeno vrijeme \u010ditanja":"4 minute"},"schema":{"@context":"https:\/\/schema.org","@graph":[{"@type":"Article","@id":"https:\/\/radioljubuski.ba\/index.php\/2022\/04\/24\/zajec-mislim-da-ce-dinamo-biti-prvak-a-navijaci-ne-bi-trebali-voditi-klub\/#article","isPartOf":{"@id":"https:\/\/radioljubuski.ba\/index.php\/2022\/04\/24\/zajec-mislim-da-ce-dinamo-biti-prvak-a-navijaci-ne-bi-trebali-voditi-klub\/"},"author":{"name":"Radio Ljubu\u0161ki","@id":"https:\/\/radioljubuski.ba\/#\/schema\/person\/19fc700381a780f69665d7956c469e3b"},"headline":"Zajec: &#8220;Mislim da \u0107e Dinamo biti prvak, a navija\u010di ne bi trebali voditi klub&#8221;","datePublished":"2022-04-24T19:17:47+00:00","dateModified":"2022-04-24T19:17:48+00:00","mainEntityOfPage":{"@id":"https:\/\/radioljubuski.ba\/index.php\/2022\/04\/24\/zajec-mislim-da-ce-dinamo-biti-prvak-a-navijaci-ne-bi-trebali-voditi-klub\/"},"wordCount":1019,"publisher":{"@id":"https:\/\/radioljubuski.ba\/#organization"},"image":{"@id":"https:\/\/radioljubuski.ba\/index.php\/2022\/04\/24\/zajec-mislim-da-ce-dinamo-biti-prvak-a-navijaci-ne-bi-trebali-voditi-klub\/#primaryimage"},"thumbnailUrl":"https:\/\/radioljubuski.ba\/wp-content\/uploads\/2022\/04\/zajec.jpg","articleSection":["\u0160port"],"inLanguage":"hr"},{"@type":"WebPage","@id":"https:\/\/radioljubuski.ba\/index.php\/2022\/04\/24\/zajec-mislim-da-ce-dinamo-biti-prvak-a-navijaci-ne-bi-trebali-voditi-klub\/","url":"https:\/\/radioljubuski.ba\/index.php\/2022\/04\/24\/zajec-mislim-da-ce-dinamo-biti-prvak-a-navijaci-ne-bi-trebali-voditi-klub\/","name":"Zajec: \"Mislim da \u0107e Dinamo biti prvak, a navija\u010di ne bi trebali voditi klub\" - RADIO LJUBU\u0160KI","isPartOf":{"@id":"https:\/\/radioljubuski.ba\/#website"},"primaryImageOfPage":{"@id":"https:\/\/radioljubuski.ba\/index.php\/2022\/04\/24\/zajec-mislim-da-ce-dinamo-biti-prvak-a-navijaci-ne-bi-trebali-voditi-klub\/#primaryimage"},"image":{"@id":"https:\/\/radioljubuski.ba\/index.php\/2022\/04\/24\/zajec-mislim-da-ce-dinamo-biti-prvak-a-navijaci-ne-bi-trebali-voditi-klub\/#primaryimage"},"thumbnailUrl":"https:\/\/radioljubuski.ba\/wp-content\/uploads\/2022\/04\/zajec.jpg","datePublished":"2022-04-24T19:17:47+00:00","dateModified":"2022-04-24T19:17:48+00:00","breadcrumb":{"@id":"https:\/\/radioljubuski.ba\/index.php\/2022\/04\/24\/zajec-mislim-da-ce-dinamo-biti-prvak-a-navijaci-ne-bi-trebali-voditi-klub\/#breadcrumb"},"inLanguage":"hr","potentialAction":[{"@type":"ReadAction","target":["https:\/\/radioljubuski.ba\/index.php\/2022\/04\/24\/zajec-mislim-da-ce-dinamo-biti-prvak-a-navijaci-ne-bi-trebali-voditi-klub\/"]}]},{"@type":"ImageObject","inLanguage":"hr","@id":"https:\/\/radioljubuski.ba\/index.php\/2022\/04\/24\/zajec-mislim-da-ce-dinamo-biti-prvak-a-navijaci-ne-bi-trebali-voditi-klub\/#primaryimage","url":"https:\/\/radioljubuski.ba\/wp-content\/uploads\/2022\/04\/zajec.jpg","contentUrl":"https:\/\/radioljubuski.ba\/wp-content\/uploads\/2022\/04\/zajec.jpg","width":801,"height":416},{"@type":"BreadcrumbList","@id":"https:\/\/radioljubuski.ba\/index.php\/2022\/04\/24\/zajec-mislim-da-ce-dinamo-biti-prvak-a-navijaci-ne-bi-trebali-voditi-klub\/#breadcrumb","itemListElement":[{"@type":"ListItem","position":1,"name":"Po\u010detna stranica","item":"https:\/\/radioljubuski.ba\/"},{"@type":"ListItem","position":2,"name":"Zajec: &#8220;Mislim da \u0107e Dinamo biti prvak, a navija\u010di ne bi trebali voditi klub&#8221;"}]},{"@type":"WebSite","@id":"https:\/\/radioljubuski.ba\/#website","url":"https:\/\/radioljubuski.ba\/","name":"Radio Ljubu\u0161ki","description":"Sun\u010dana frekvencija Hercegovine","publisher":{"@id":"https:\/\/radioljubuski.ba\/#organization"},"potentialAction":[{"@type":"SearchAction","target":{"@type":"EntryPoint","urlTemplate":"https:\/\/radioljubuski.ba\/?s={search_term_string}"},"query-input":{"@type":"PropertyValueSpecification","valueRequired":true,"valueName":"search_term_string"}}],"inLanguage":"hr"},{"@type":"Organization","@id":"https:\/\/radioljubuski.ba\/#organization","name":"Radio Ljubu\u0161ki","url":"https:\/\/radioljubuski.ba\/","logo":{"@type":"ImageObject","inLanguage":"hr","@id":"https:\/\/radioljubuski.ba\/#\/schema\/logo\/image\/","url":"https:\/\/radioljubuski.ba\/wp-content\/uploads\/2021\/02\/cropped-Radio_Ljubuski_logo1.jpg","contentUrl":"https:\/\/radioljubuski.ba\/wp-content\/uploads\/2021\/02\/cropped-Radio_Ljubuski_logo1.jpg","width":512,"height":512,"caption":"Radio Ljubu\u0161ki"},"image":{"@id":"https:\/\/radioljubuski.ba\/#\/schema\/logo\/image\/"},"sameAs":["https:\/\/www.facebook.com\/Radiio-Ljubuski-1490835324566332","https:\/\/x.com\/radioljubuski","https:\/\/hr.linkedin.com\/company\/radio-ljubuski","https:\/\/www.youtube.com\/channel\/UCHYaeO_n0Db3tjNGudGpXyw"]},{"@type":"Person","@id":"https:\/\/radioljubuski.ba\/#\/schema\/person\/19fc700381a780f69665d7956c469e3b","name":"Radio Ljubu\u0161ki"}]}},"_links":{"self":[{"href":"https:\/\/radioljubuski.ba\/index.php\/wp-json\/wp\/v2\/posts\/135799","targetHints":{"allow":["GET"]}}],"collection":[{"href":"https:\/\/radioljubuski.ba\/index.php\/wp-json\/wp\/v2\/posts"}],"about":[{"href":"https:\/\/radioljubuski.ba\/index.php\/wp-json\/wp\/v2\/types\/post"}],"author":[{"embeddable":true,"href":"https:\/\/radioljubuski.ba\/index.php\/wp-json\/wp\/v2\/users\/2"}],"replies":[{"embeddable":true,"href":"https:\/\/radioljubuski.ba\/index.php\/wp-json\/wp\/v2\/comments?post=135799"}],"version-history":[{"count":1,"href":"https:\/\/radioljubuski.ba\/index.php\/wp-json\/wp\/v2\/posts\/135799\/revisions"}],"predecessor-version":[{"id":135801,"href":"https:\/\/radioljubuski.ba\/index.php\/wp-json\/wp\/v2\/posts\/135799\/revisions\/135801"}],"wp:featuredmedia":[{"embeddable":true,"href":"https:\/\/radioljubuski.ba\/index.php\/wp-json\/wp\/v2\/media\/135800"}],"wp:attachment":[{"href":"https:\/\/radioljubuski.ba\/index.php\/wp-json\/wp\/v2\/media?parent=135799"}],"wp:term":[{"taxonomy":"category","embeddable":true,"href":"https:\/\/radioljubuski.ba\/index.php\/wp-json\/wp\/v2\/categories?post=135799"},{"taxonomy":"post_tag","embeddable":true,"href":"https:\/\/radioljubuski.ba\/index.php\/wp-json\/wp\/v2\/tags?post=135799"}],"curies":[{"name":"wp","href":"https:\/\/api.w.org\/{rel}","templated":true}]}}