{"id":135805,"date":"2022-04-24T20:22:03","date_gmt":"2022-04-24T19:22:03","guid":{"rendered":"https:\/\/radioljubuski.ba\/?p=135805"},"modified":"2022-04-24T20:22:05","modified_gmt":"2022-04-24T19:22:05","slug":"vazna-pobjeda-dinama-u-gorici","status":"publish","type":"post","link":"https:\/\/radioljubuski.ba\/index.php\/2022\/04\/24\/vazna-pobjeda-dinama-u-gorici\/","title":{"rendered":"Va\u017ena pobjeda Dinama u Gorici"},"content":{"rendered":"\n<p><strong>Nogometa\u0161i Dinama do\u0161li su do te\u0161ko izborene 1-0 pobjede na gostovanju kod Gorice koja ih je pribli\u017eila obrani naslova prvaka Hrvatske.<\/strong><\/p>\n\n\n\n<figure class=\"wp-block-image\"><img decoding=\"async\" src=\"https:\/\/sport.hrt.hr\/_next\/image?url=https%3A%2F%2Fapi.hrt.hr%2Fmedia%2Fd5%2Fb0%2F740x438-pxl-240422-93150285-20220424185844.jpg&amp;w=1280&amp;q=90\" alt=\"Slavlje nogometa\u0161a Dinama\"\/><\/figure>\n\n\n\n<p>Pobjedu Dinamu, ba\u0161 kao i na nedavnom gostovanju kod Rijeke, donio je kapetan&nbsp;<strong>Arijan Ademi&nbsp;<\/strong>pogotkom u 85. minuti.<\/p>\n\n\n\n<p>Kako nogometa\u0161i Hajduka nisu uspjeli pobijediti Slaven Belupo na gostovanju u Koprivnici, gdje je utakmica zavr\u0161ila bez pogodaka, a Osijek je jo\u0161 u subotu pora\u017een u Rijeci, \u010detiri kola prije kraja prvenstva Dinamo ima 69 bodova, pet vi\u0161e od Osijeka te \u0161est vi\u0161e od Hajduka.<\/p>\n\n\n\n<p>Povratak\u00a0<strong>Ante \u010ca\u010di\u0107a<\/strong>\u00a0na Dinamovu klupu nakon deset godina nije rije\u0161io problem Dinamove neefikasnosti. U odnosu na prethodnika\u00a0<strong>\u017deljka\u00a0Kopi\u0107a<\/strong>, \u010ca\u010di\u0107 je odlu\u010dio\u00a0<strong>Brunu\u00a0Petkovi\u0107a\u00a0<\/strong>zamijeniti\u00a0<strong>Komnenom\u00a0Andri\u0107em\u00a0<\/strong>i upravo je srbijanski centarfor imao najbolju Dinamovu priliku u prvom poluvremenu dvoboja u Velikoj Gorici.<\/p>\n\n\n\n<figure class=\"wp-block-image\"><img decoding=\"async\" src=\"https:\/\/sport.hrt.hr\/_next\/image?url=https%3A%2F%2Fapi.hrt.hr%2Fmedia%2Ff8%2Fd0%2F740x438-pxl-240422-93149255-20220424185655.jpg&amp;w=1280&amp;q=90\" alt=\"Trener Ante \u010ca\u010di\u0107, Alen Peternac \"\/><\/figure>\n\n\n\n<p>Andri\u0107 je u 19. minuti dobio odli\u010dnu loptu u prostor, iza\u0161ao pred doma\u0107eg vratara&nbsp;<strong>Dominika&nbsp;Kotarskog<\/strong>, dobro pucao, ali je \u010duvar mre\u017ee Gorice jo\u0161 bolje reagirao te obranio taj udarac.<\/p>\n\n\n\n<p>Dinamo je do vodstva mogao do\u0107i ve\u0107 u 10. minuti, kad je gori\u010dka obrana bila izigrana, ali je udarac&nbsp;<strong>Luke&nbsp;Ivanu\u0161eca&nbsp;<\/strong>zavr\u0161io u bloku, na odbijenu loptu natr\u010dao je Arijan Ademi i pucao pod gredu, ali je Kotarski obranio. Isti je ishod bio i u 32. minuti, kad je pucao&nbsp;<strong>Emreli<\/strong>, a vratar Gorice jo\u0161 jednom sprije\u010dio lidera prvenstva da do\u0111e do vode\u0107eg pogotka.<br><br>Gorica je rijetko imala loptu u nogama, ali su doma\u0107i igra\u010di znali do\u0107i do zadnje tre\u0107ine u izglednoj poziciji. Ono \u0161to im je nedostajalo, bili su zavr\u0161ni udarci ili dodavanja koja bi ih dovela u izgledne situacije.<\/p>\n\n\n\n<p>Istu sliku gledali smo i u nastavku utakmice.<\/p>\n\n\n\n<p>U 55. minuti je spremnost Kotarskog testirao<strong>&nbsp;Mislav Or\u0161i\u0107<\/strong>&nbsp;iz slobodnog udarca s 30-ak metara. Na vrlo zahtjevan udarac vratar Gorice je ponovno dobro reagirao. Or\u0161i\u0107 je u 70. minuti dobio loptu na 17 metara, potegnuo pod gredu, no Kotarski je ponovno pokazao sjajne reflekse.<\/p>\n\n\n\n<p>Bolju priliku od one koju je imao Mislav Or\u0161i\u0107 u 83. minuti te\u0161ko je i zamisliti. S lijeve strane je ubacio&nbsp;<strong>Petar&nbsp;Bo\u010dkaj<\/strong>. Lopta je padala na pet metara kod suprotne vratnice, na nju je natr\u010dao Or\u0161i\u0107, pucao iz prve, ali je Kotarski stilom rukometnog vratara obranio nogom.<\/p>\n\n\n\n<p>U 85. minuti ni svemogu\u0107i Kotarski nije mogao sprije\u010diti pogodak, koji je postigao Dinamov kapetan Arijan Ademi. Duga\u010dka akcija gostiju koja je po\u010dela od Bo\u010dkaja, dovela je loptu do&nbsp;<strong>Toli\u0107a&nbsp;<\/strong>na 20-ak metara, koji ju je uspio podi\u0107i i prebaciti za Ademija. Ademi je u\u0161ao u kazneni prostor i lobao istr\u010dalog Kotarskog. Lopta je pogodila vratnicu i odbila se u polje, ali prvi je na njoj ponovno bio Ademi i iz drugog poku\u0161aja ju pospremio u mre\u017eu.&nbsp;<\/p>\n\n\n\n<p>Prva HNL &#8211; 32. kolo<\/p>\n\n\n\n<p>Slaven Belupo &#8211; Hajduk 0-0<\/p>\n\n\n\n<p>Gorica &#8211; Dinamo 0-1 (Ademi 85)<\/p>\n\n\n\n<p>Odigrano u petak i subotu<\/p>\n\n\n\n<p>Hrvatski dragovoljac &#8211; \u0160ibenik 3-1 (Majstorovi\u0107 40-11m, 57-11m, Karrica 43 \/ Marin 61-11m)<\/p>\n\n\n\n<p>Istra 1961 &#8211; Lokomotiva 2-2 (Beljo 16, Caceres 67 \/ Mari\u0107 27, Kulenovi\u0107 90+5)<\/p>\n\n\n\n<p>Rijeka &#8211; Osijek 3-1 (Muri\u0107 19-11m, Vu\u010dki\u0107 36, Drmi\u0107 48 \/ Mance 65)<\/p>\n\n\n\n<p>Ljestvica<\/p>\n\n\n\n<p>1. Dinamo 32 21 6 5 59-20 69<\/p>\n\n\n\n<p>2. Osijek 32 18 10 4 45-23 64<\/p>\n\n\n\n<p>3. Hajduk 32 18 9 5 55-26 63<\/p>\n\n\n\n<p>4. Rijeka 32 18 4 10 63-43 58<\/p>\n\n\n\n<p>5. Lokomotiva 32 11 11 10 49-44 44<\/p>\n\n\n\n<p>6. Gorica 32 11 7 14 36-44 40<\/p>\n\n\n\n<p>7. Slaven Belupo 32 8 7 16 29-47 31<\/p>\n\n\n\n<p>8. \u0160ibenik 32 8 5 19 40-65 29<\/p>\n\n\n\n<p>9. Istra 1961 32 6 9 17 35-59 27<\/p>\n\n\n\n<p>10. Hr. dragovoljac 32 4 6 22 29-69 18<\/p>\n\n\n\n<p>Izvor:hrt.hr<\/p>\n","protected":false},"excerpt":{"rendered":"<p>Nogometa\u0161i Dinama do\u0161li su do te\u0161ko izborene 1-0 pobjede na gostovanju kod Gorice koja ih je pribli\u017eila obrani naslova prvaka Hrvatske. Pobjedu Dinamu, ba\u0161 kao i na nedavnom gostovanju kod Rijeke, donio je kapetan&nbsp;Arijan Ademi&nbsp;pogotkom u 85. minuti. Kako nogometa\u0161i Hajduka nisu uspjeli pobijediti Slaven Belupo na gostovanju u Koprivnici, gdje je utakmica zavr\u0161ila bez [&hellip;]<\/p>\n","protected":false},"author":2,"featured_media":135806,"comment_status":"closed","ping_status":"closed","sticky":false,"template":"","format":"standard","meta":{"h5ap_radio_sources":[],"footnotes":""},"categories":[7],"tags":[],"class_list":["post-135805","post","type-post","status-publish","format-standard","has-post-thumbnail","hentry","category-sport"],"yoast_head":"<!-- This site is optimized with the Yoast SEO plugin v27.4 - https:\/\/yoast.com\/product\/yoast-seo-wordpress\/ -->\n<title>Va\u017ena pobjeda Dinama u Gorici - RADIO LJUBU\u0160KI<\/title>\n<meta name=\"robots\" content=\"index, follow, max-snippet:-1, max-image-preview:large, max-video-preview:-1\" \/>\n<link rel=\"canonical\" href=\"https:\/\/radioljubuski.ba\/index.php\/2022\/04\/24\/vazna-pobjeda-dinama-u-gorici\/\" \/>\n<meta property=\"og:locale\" content=\"hr_HR\" \/>\n<meta property=\"og:type\" content=\"article\" \/>\n<meta property=\"og:title\" content=\"Va\u017ena pobjeda Dinama u Gorici - RADIO LJUBU\u0160KI\" \/>\n<meta property=\"og:description\" content=\"Nogometa\u0161i Dinama do\u0161li su do te\u0161ko izborene 1-0 pobjede na gostovanju kod Gorice koja ih je pribli\u017eila obrani naslova prvaka Hrvatske. Pobjedu Dinamu, ba\u0161 kao i na nedavnom gostovanju kod Rijeke, donio je kapetan&nbsp;Arijan Ademi&nbsp;pogotkom u 85. minuti. Kako nogometa\u0161i Hajduka nisu uspjeli pobijediti Slaven Belupo na gostovanju u Koprivnici, gdje je utakmica zavr\u0161ila bez [&hellip;]\" \/>\n<meta property=\"og:url\" content=\"https:\/\/radioljubuski.ba\/index.php\/2022\/04\/24\/vazna-pobjeda-dinama-u-gorici\/\" \/>\n<meta property=\"og:site_name\" content=\"RADIO LJUBU\u0160KI\" \/>\n<meta property=\"article:publisher\" content=\"https:\/\/www.facebook.com\/Radiio-Ljubuski-1490835324566332\" \/>\n<meta property=\"article:published_time\" content=\"2022-04-24T19:22:03+00:00\" \/>\n<meta property=\"article:modified_time\" content=\"2022-04-24T19:22:05+00:00\" \/>\n<meta property=\"og:image\" content=\"https:\/\/radioljubuski.ba\/wp-content\/uploads\/2022\/04\/e37874028a96a1bb6d57.jpeg\" \/>\n\t<meta property=\"og:image:width\" content=\"612\" \/>\n\t<meta property=\"og:image:height\" content=\"408\" \/>\n\t<meta property=\"og:image:type\" content=\"image\/jpeg\" \/>\n<meta name=\"author\" content=\"Radio Ljubu\u0161ki\" \/>\n<meta name=\"twitter:card\" content=\"summary_large_image\" \/>\n<meta name=\"twitter:creator\" content=\"@radioljubuski\" \/>\n<meta name=\"twitter:site\" content=\"@radioljubuski\" \/>\n<meta name=\"twitter:label1\" content=\"Napisao\/la\" \/>\n\t<meta name=\"twitter:data1\" content=\"Radio Ljubu\u0161ki\" \/>\n\t<meta name=\"twitter:label2\" content=\"Procijenjeno vrijeme \u010ditanja\" \/>\n\t<meta name=\"twitter:data2\" content=\"3 minute\" \/>\n<script type=\"application\/ld+json\" class=\"yoast-schema-graph\">{\"@context\":\"https:\\\/\\\/schema.org\",\"@graph\":[{\"@type\":\"Article\",\"@id\":\"https:\\\/\\\/radioljubuski.ba\\\/index.php\\\/2022\\\/04\\\/24\\\/vazna-pobjeda-dinama-u-gorici\\\/#article\",\"isPartOf\":{\"@id\":\"https:\\\/\\\/radioljubuski.ba\\\/index.php\\\/2022\\\/04\\\/24\\\/vazna-pobjeda-dinama-u-gorici\\\/\"},\"author\":{\"name\":\"Radio Ljubu\u0161ki\",\"@id\":\"https:\\\/\\\/radioljubuski.ba\\\/#\\\/schema\\\/person\\\/19fc700381a780f69665d7956c469e3b\"},\"headline\":\"Va\u017ena pobjeda Dinama u Gorici\",\"datePublished\":\"2022-04-24T19:22:03+00:00\",\"dateModified\":\"2022-04-24T19:22:05+00:00\",\"mainEntityOfPage\":{\"@id\":\"https:\\\/\\\/radioljubuski.ba\\\/index.php\\\/2022\\\/04\\\/24\\\/vazna-pobjeda-dinama-u-gorici\\\/\"},\"wordCount\":579,\"publisher\":{\"@id\":\"https:\\\/\\\/radioljubuski.ba\\\/#organization\"},\"image\":{\"@id\":\"https:\\\/\\\/radioljubuski.ba\\\/index.php\\\/2022\\\/04\\\/24\\\/vazna-pobjeda-dinama-u-gorici\\\/#primaryimage\"},\"thumbnailUrl\":\"https:\\\/\\\/radioljubuski.ba\\\/wp-content\\\/uploads\\\/2022\\\/04\\\/e37874028a96a1bb6d57.jpeg\",\"articleSection\":[\"\u0160port\"],\"inLanguage\":\"hr\"},{\"@type\":\"WebPage\",\"@id\":\"https:\\\/\\\/radioljubuski.ba\\\/index.php\\\/2022\\\/04\\\/24\\\/vazna-pobjeda-dinama-u-gorici\\\/\",\"url\":\"https:\\\/\\\/radioljubuski.ba\\\/index.php\\\/2022\\\/04\\\/24\\\/vazna-pobjeda-dinama-u-gorici\\\/\",\"name\":\"Va\u017ena pobjeda Dinama u Gorici - RADIO LJUBU\u0160KI\",\"isPartOf\":{\"@id\":\"https:\\\/\\\/radioljubuski.ba\\\/#website\"},\"primaryImageOfPage\":{\"@id\":\"https:\\\/\\\/radioljubuski.ba\\\/index.php\\\/2022\\\/04\\\/24\\\/vazna-pobjeda-dinama-u-gorici\\\/#primaryimage\"},\"image\":{\"@id\":\"https:\\\/\\\/radioljubuski.ba\\\/index.php\\\/2022\\\/04\\\/24\\\/vazna-pobjeda-dinama-u-gorici\\\/#primaryimage\"},\"thumbnailUrl\":\"https:\\\/\\\/radioljubuski.ba\\\/wp-content\\\/uploads\\\/2022\\\/04\\\/e37874028a96a1bb6d57.jpeg\",\"datePublished\":\"2022-04-24T19:22:03+00:00\",\"dateModified\":\"2022-04-24T19:22:05+00:00\",\"breadcrumb\":{\"@id\":\"https:\\\/\\\/radioljubuski.ba\\\/index.php\\\/2022\\\/04\\\/24\\\/vazna-pobjeda-dinama-u-gorici\\\/#breadcrumb\"},\"inLanguage\":\"hr\",\"potentialAction\":[{\"@type\":\"ReadAction\",\"target\":[\"https:\\\/\\\/radioljubuski.ba\\\/index.php\\\/2022\\\/04\\\/24\\\/vazna-pobjeda-dinama-u-gorici\\\/\"]}]},{\"@type\":\"ImageObject\",\"inLanguage\":\"hr\",\"@id\":\"https:\\\/\\\/radioljubuski.ba\\\/index.php\\\/2022\\\/04\\\/24\\\/vazna-pobjeda-dinama-u-gorici\\\/#primaryimage\",\"url\":\"https:\\\/\\\/radioljubuski.ba\\\/wp-content\\\/uploads\\\/2022\\\/04\\\/e37874028a96a1bb6d57.jpeg\",\"contentUrl\":\"https:\\\/\\\/radioljubuski.ba\\\/wp-content\\\/uploads\\\/2022\\\/04\\\/e37874028a96a1bb6d57.jpeg\",\"width\":612,\"height\":408},{\"@type\":\"BreadcrumbList\",\"@id\":\"https:\\\/\\\/radioljubuski.ba\\\/index.php\\\/2022\\\/04\\\/24\\\/vazna-pobjeda-dinama-u-gorici\\\/#breadcrumb\",\"itemListElement\":[{\"@type\":\"ListItem\",\"position\":1,\"name\":\"Po\u010detna stranica\",\"item\":\"https:\\\/\\\/radioljubuski.ba\\\/\"},{\"@type\":\"ListItem\",\"position\":2,\"name\":\"Va\u017ena pobjeda Dinama u Gorici\"}]},{\"@type\":\"WebSite\",\"@id\":\"https:\\\/\\\/radioljubuski.ba\\\/#website\",\"url\":\"https:\\\/\\\/radioljubuski.ba\\\/\",\"name\":\"Radio Ljubu\u0161ki\",\"description\":\"Sun\u010dana frekvencija Hercegovine\",\"publisher\":{\"@id\":\"https:\\\/\\\/radioljubuski.ba\\\/#organization\"},\"potentialAction\":[{\"@type\":\"SearchAction\",\"target\":{\"@type\":\"EntryPoint\",\"urlTemplate\":\"https:\\\/\\\/radioljubuski.ba\\\/?s={search_term_string}\"},\"query-input\":{\"@type\":\"PropertyValueSpecification\",\"valueRequired\":true,\"valueName\":\"search_term_string\"}}],\"inLanguage\":\"hr\"},{\"@type\":\"Organization\",\"@id\":\"https:\\\/\\\/radioljubuski.ba\\\/#organization\",\"name\":\"Radio Ljubu\u0161ki\",\"url\":\"https:\\\/\\\/radioljubuski.ba\\\/\",\"logo\":{\"@type\":\"ImageObject\",\"inLanguage\":\"hr\",\"@id\":\"https:\\\/\\\/radioljubuski.ba\\\/#\\\/schema\\\/logo\\\/image\\\/\",\"url\":\"https:\\\/\\\/radioljubuski.ba\\\/wp-content\\\/uploads\\\/2021\\\/02\\\/cropped-Radio_Ljubuski_logo1.jpg\",\"contentUrl\":\"https:\\\/\\\/radioljubuski.ba\\\/wp-content\\\/uploads\\\/2021\\\/02\\\/cropped-Radio_Ljubuski_logo1.jpg\",\"width\":512,\"height\":512,\"caption\":\"Radio Ljubu\u0161ki\"},\"image\":{\"@id\":\"https:\\\/\\\/radioljubuski.ba\\\/#\\\/schema\\\/logo\\\/image\\\/\"},\"sameAs\":[\"https:\\\/\\\/www.facebook.com\\\/Radiio-Ljubuski-1490835324566332\",\"https:\\\/\\\/x.com\\\/radioljubuski\",\"https:\\\/\\\/hr.linkedin.com\\\/company\\\/radio-ljubuski\",\"https:\\\/\\\/www.youtube.com\\\/channel\\\/UCHYaeO_n0Db3tjNGudGpXyw\"]},{\"@type\":\"Person\",\"@id\":\"https:\\\/\\\/radioljubuski.ba\\\/#\\\/schema\\\/person\\\/19fc700381a780f69665d7956c469e3b\",\"name\":\"Radio Ljubu\u0161ki\"}]}<\/script>\n<!-- \/ Yoast SEO plugin. -->","yoast_head_json":{"title":"Va\u017ena pobjeda Dinama u Gorici - RADIO LJUBU\u0160KI","robots":{"index":"index","follow":"follow","max-snippet":"max-snippet:-1","max-image-preview":"max-image-preview:large","max-video-preview":"max-video-preview:-1"},"canonical":"https:\/\/radioljubuski.ba\/index.php\/2022\/04\/24\/vazna-pobjeda-dinama-u-gorici\/","og_locale":"hr_HR","og_type":"article","og_title":"Va\u017ena pobjeda Dinama u Gorici - RADIO LJUBU\u0160KI","og_description":"Nogometa\u0161i Dinama do\u0161li su do te\u0161ko izborene 1-0 pobjede na gostovanju kod Gorice koja ih je pribli\u017eila obrani naslova prvaka Hrvatske. Pobjedu Dinamu, ba\u0161 kao i na nedavnom gostovanju kod Rijeke, donio je kapetan&nbsp;Arijan Ademi&nbsp;pogotkom u 85. minuti. Kako nogometa\u0161i Hajduka nisu uspjeli pobijediti Slaven Belupo na gostovanju u Koprivnici, gdje je utakmica zavr\u0161ila bez [&hellip;]","og_url":"https:\/\/radioljubuski.ba\/index.php\/2022\/04\/24\/vazna-pobjeda-dinama-u-gorici\/","og_site_name":"RADIO LJUBU\u0160KI","article_publisher":"https:\/\/www.facebook.com\/Radiio-Ljubuski-1490835324566332","article_published_time":"2022-04-24T19:22:03+00:00","article_modified_time":"2022-04-24T19:22:05+00:00","og_image":[{"width":612,"height":408,"url":"https:\/\/radioljubuski.ba\/wp-content\/uploads\/2022\/04\/e37874028a96a1bb6d57.jpeg","type":"image\/jpeg"}],"author":"Radio Ljubu\u0161ki","twitter_card":"summary_large_image","twitter_creator":"@radioljubuski","twitter_site":"@radioljubuski","twitter_misc":{"Napisao\/la":"Radio Ljubu\u0161ki","Procijenjeno vrijeme \u010ditanja":"3 minute"},"schema":{"@context":"https:\/\/schema.org","@graph":[{"@type":"Article","@id":"https:\/\/radioljubuski.ba\/index.php\/2022\/04\/24\/vazna-pobjeda-dinama-u-gorici\/#article","isPartOf":{"@id":"https:\/\/radioljubuski.ba\/index.php\/2022\/04\/24\/vazna-pobjeda-dinama-u-gorici\/"},"author":{"name":"Radio Ljubu\u0161ki","@id":"https:\/\/radioljubuski.ba\/#\/schema\/person\/19fc700381a780f69665d7956c469e3b"},"headline":"Va\u017ena pobjeda Dinama u Gorici","datePublished":"2022-04-24T19:22:03+00:00","dateModified":"2022-04-24T19:22:05+00:00","mainEntityOfPage":{"@id":"https:\/\/radioljubuski.ba\/index.php\/2022\/04\/24\/vazna-pobjeda-dinama-u-gorici\/"},"wordCount":579,"publisher":{"@id":"https:\/\/radioljubuski.ba\/#organization"},"image":{"@id":"https:\/\/radioljubuski.ba\/index.php\/2022\/04\/24\/vazna-pobjeda-dinama-u-gorici\/#primaryimage"},"thumbnailUrl":"https:\/\/radioljubuski.ba\/wp-content\/uploads\/2022\/04\/e37874028a96a1bb6d57.jpeg","articleSection":["\u0160port"],"inLanguage":"hr"},{"@type":"WebPage","@id":"https:\/\/radioljubuski.ba\/index.php\/2022\/04\/24\/vazna-pobjeda-dinama-u-gorici\/","url":"https:\/\/radioljubuski.ba\/index.php\/2022\/04\/24\/vazna-pobjeda-dinama-u-gorici\/","name":"Va\u017ena pobjeda Dinama u Gorici - RADIO LJUBU\u0160KI","isPartOf":{"@id":"https:\/\/radioljubuski.ba\/#website"},"primaryImageOfPage":{"@id":"https:\/\/radioljubuski.ba\/index.php\/2022\/04\/24\/vazna-pobjeda-dinama-u-gorici\/#primaryimage"},"image":{"@id":"https:\/\/radioljubuski.ba\/index.php\/2022\/04\/24\/vazna-pobjeda-dinama-u-gorici\/#primaryimage"},"thumbnailUrl":"https:\/\/radioljubuski.ba\/wp-content\/uploads\/2022\/04\/e37874028a96a1bb6d57.jpeg","datePublished":"2022-04-24T19:22:03+00:00","dateModified":"2022-04-24T19:22:05+00:00","breadcrumb":{"@id":"https:\/\/radioljubuski.ba\/index.php\/2022\/04\/24\/vazna-pobjeda-dinama-u-gorici\/#breadcrumb"},"inLanguage":"hr","potentialAction":[{"@type":"ReadAction","target":["https:\/\/radioljubuski.ba\/index.php\/2022\/04\/24\/vazna-pobjeda-dinama-u-gorici\/"]}]},{"@type":"ImageObject","inLanguage":"hr","@id":"https:\/\/radioljubuski.ba\/index.php\/2022\/04\/24\/vazna-pobjeda-dinama-u-gorici\/#primaryimage","url":"https:\/\/radioljubuski.ba\/wp-content\/uploads\/2022\/04\/e37874028a96a1bb6d57.jpeg","contentUrl":"https:\/\/radioljubuski.ba\/wp-content\/uploads\/2022\/04\/e37874028a96a1bb6d57.jpeg","width":612,"height":408},{"@type":"BreadcrumbList","@id":"https:\/\/radioljubuski.ba\/index.php\/2022\/04\/24\/vazna-pobjeda-dinama-u-gorici\/#breadcrumb","itemListElement":[{"@type":"ListItem","position":1,"name":"Po\u010detna stranica","item":"https:\/\/radioljubuski.ba\/"},{"@type":"ListItem","position":2,"name":"Va\u017ena pobjeda Dinama u Gorici"}]},{"@type":"WebSite","@id":"https:\/\/radioljubuski.ba\/#website","url":"https:\/\/radioljubuski.ba\/","name":"Radio Ljubu\u0161ki","description":"Sun\u010dana frekvencija Hercegovine","publisher":{"@id":"https:\/\/radioljubuski.ba\/#organization"},"potentialAction":[{"@type":"SearchAction","target":{"@type":"EntryPoint","urlTemplate":"https:\/\/radioljubuski.ba\/?s={search_term_string}"},"query-input":{"@type":"PropertyValueSpecification","valueRequired":true,"valueName":"search_term_string"}}],"inLanguage":"hr"},{"@type":"Organization","@id":"https:\/\/radioljubuski.ba\/#organization","name":"Radio Ljubu\u0161ki","url":"https:\/\/radioljubuski.ba\/","logo":{"@type":"ImageObject","inLanguage":"hr","@id":"https:\/\/radioljubuski.ba\/#\/schema\/logo\/image\/","url":"https:\/\/radioljubuski.ba\/wp-content\/uploads\/2021\/02\/cropped-Radio_Ljubuski_logo1.jpg","contentUrl":"https:\/\/radioljubuski.ba\/wp-content\/uploads\/2021\/02\/cropped-Radio_Ljubuski_logo1.jpg","width":512,"height":512,"caption":"Radio Ljubu\u0161ki"},"image":{"@id":"https:\/\/radioljubuski.ba\/#\/schema\/logo\/image\/"},"sameAs":["https:\/\/www.facebook.com\/Radiio-Ljubuski-1490835324566332","https:\/\/x.com\/radioljubuski","https:\/\/hr.linkedin.com\/company\/radio-ljubuski","https:\/\/www.youtube.com\/channel\/UCHYaeO_n0Db3tjNGudGpXyw"]},{"@type":"Person","@id":"https:\/\/radioljubuski.ba\/#\/schema\/person\/19fc700381a780f69665d7956c469e3b","name":"Radio Ljubu\u0161ki"}]}},"_links":{"self":[{"href":"https:\/\/radioljubuski.ba\/index.php\/wp-json\/wp\/v2\/posts\/135805","targetHints":{"allow":["GET"]}}],"collection":[{"href":"https:\/\/radioljubuski.ba\/index.php\/wp-json\/wp\/v2\/posts"}],"about":[{"href":"https:\/\/radioljubuski.ba\/index.php\/wp-json\/wp\/v2\/types\/post"}],"author":[{"embeddable":true,"href":"https:\/\/radioljubuski.ba\/index.php\/wp-json\/wp\/v2\/users\/2"}],"replies":[{"embeddable":true,"href":"https:\/\/radioljubuski.ba\/index.php\/wp-json\/wp\/v2\/comments?post=135805"}],"version-history":[{"count":1,"href":"https:\/\/radioljubuski.ba\/index.php\/wp-json\/wp\/v2\/posts\/135805\/revisions"}],"predecessor-version":[{"id":135807,"href":"https:\/\/radioljubuski.ba\/index.php\/wp-json\/wp\/v2\/posts\/135805\/revisions\/135807"}],"wp:featuredmedia":[{"embeddable":true,"href":"https:\/\/radioljubuski.ba\/index.php\/wp-json\/wp\/v2\/media\/135806"}],"wp:attachment":[{"href":"https:\/\/radioljubuski.ba\/index.php\/wp-json\/wp\/v2\/media?parent=135805"}],"wp:term":[{"taxonomy":"category","embeddable":true,"href":"https:\/\/radioljubuski.ba\/index.php\/wp-json\/wp\/v2\/categories?post=135805"},{"taxonomy":"post_tag","embeddable":true,"href":"https:\/\/radioljubuski.ba\/index.php\/wp-json\/wp\/v2\/tags?post=135805"}],"curies":[{"name":"wp","href":"https:\/\/api.w.org\/{rel}","templated":true}]}}