{"id":135818,"date":"2022-04-24T20:43:00","date_gmt":"2022-04-24T19:43:00","guid":{"rendered":"https:\/\/radioljubuski.ba\/?p=135818"},"modified":"2022-04-25T12:40:13","modified_gmt":"2022-04-25T11:40:13","slug":"teska-ostecenja-na-skoli-u-vitini","status":"publish","type":"post","link":"https:\/\/radioljubuski.ba\/index.php\/2022\/04\/24\/teska-ostecenja-na-skoli-u-vitini\/","title":{"rendered":"Te\u0161ka o\u0161te\u0107enja na \u0161koli u Vitini"},"content":{"rendered":"\n<h5 class=\"wp-block-heading\"><strong>Pripadnici Slu\u017ebe za zbrinjavanje ugro\u017eenog i nastradalog stanovni\u0161tva i prvu medicinsku pomo\u0107 Crvenog kri\u017ea \u017dZH, zajedno s volonterima Crvenog kri\u017ea Ljubu\u0161ki posjetili su domove 200 korisnika usluga Javne kuhinje Ljubu\u0161ki.<\/strong><\/h5>\n\n\n\n<p>U obilasku 200 objekata, zamijetili su materijalnu&nbsp;<strong>\u0161tetu na najmanje tri objekta<\/strong>.<\/p>\n\n\n\n<p>Tako\u0111er, te\u0161ka o\u0161te\u0107enja uslijed potresa zadobila je&nbsp;<strong>zgrada Osnovne \u0161kole Tina Ujevi\u0107a u Vitini<\/strong>.<\/p>\n\n\n\n<p>Volonteri Crvenog kri\u017ea<strong>&nbsp;ostaju predani svojoj misiji<\/strong>&nbsp;ubla\u017eavanja ljudske patnje uslijed prirodnih katastrofa te \u0107e pratiti situaciju na terenu, priop\u0107eno je iz Crvenog kri\u017ea \u017dZH.<\/p>\n\n\n\n<p>\/HMS\/<\/p>\n","protected":false},"excerpt":{"rendered":"<p>Pripadnici Slu\u017ebe za zbrinjavanje ugro\u017eenog i nastradalog stanovni\u0161tva i prvu medicinsku pomo\u0107 Crvenog kri\u017ea \u017dZH, zajedno s volonterima Crvenog kri\u017ea Ljubu\u0161ki posjetili su domove 200 korisnika usluga Javne kuhinje Ljubu\u0161ki. U obilasku 200 objekata, zamijetili su materijalnu&nbsp;\u0161tetu na najmanje tri objekta. Tako\u0111er, te\u0161ka o\u0161te\u0107enja uslijed potresa zadobila je&nbsp;zgrada Osnovne \u0161kole Tina Ujevi\u0107a u Vitini. Volonteri [&hellip;]<\/p>\n","protected":false},"author":2,"featured_media":135819,"comment_status":"closed","ping_status":"closed","sticky":false,"template":"","format":"standard","meta":{"h5ap_radio_sources":[],"footnotes":""},"categories":[3],"tags":[],"class_list":["post-135818","post","type-post","status-publish","format-standard","has-post-thumbnail","hentry","category-ljubuski"],"yoast_head":"<!-- This site is optimized with the Yoast SEO plugin v27.4 - https:\/\/yoast.com\/product\/yoast-seo-wordpress\/ -->\n<title>Te\u0161ka o\u0161te\u0107enja na \u0161koli u Vitini - RADIO LJUBU\u0160KI<\/title>\n<meta name=\"robots\" content=\"index, follow, max-snippet:-1, max-image-preview:large, max-video-preview:-1\" \/>\n<link rel=\"canonical\" href=\"https:\/\/radioljubuski.ba\/index.php\/2022\/04\/24\/teska-ostecenja-na-skoli-u-vitini\/\" \/>\n<meta property=\"og:locale\" content=\"hr_HR\" \/>\n<meta property=\"og:type\" content=\"article\" \/>\n<meta property=\"og:title\" content=\"Te\u0161ka o\u0161te\u0107enja na \u0161koli u Vitini - RADIO LJUBU\u0160KI\" \/>\n<meta property=\"og:description\" content=\"Pripadnici Slu\u017ebe za zbrinjavanje ugro\u017eenog i nastradalog stanovni\u0161tva i prvu medicinsku pomo\u0107 Crvenog kri\u017ea \u017dZH, zajedno s volonterima Crvenog kri\u017ea Ljubu\u0161ki posjetili su domove 200 korisnika usluga Javne kuhinje Ljubu\u0161ki. U obilasku 200 objekata, zamijetili su materijalnu&nbsp;\u0161tetu na najmanje tri objekta. Tako\u0111er, te\u0161ka o\u0161te\u0107enja uslijed potresa zadobila je&nbsp;zgrada Osnovne \u0161kole Tina Ujevi\u0107a u Vitini. Volonteri [&hellip;]\" \/>\n<meta property=\"og:url\" content=\"https:\/\/radioljubuski.ba\/index.php\/2022\/04\/24\/teska-ostecenja-na-skoli-u-vitini\/\" \/>\n<meta property=\"og:site_name\" content=\"RADIO LJUBU\u0160KI\" \/>\n<meta property=\"article:publisher\" content=\"https:\/\/www.facebook.com\/Radiio-Ljubuski-1490835324566332\" \/>\n<meta property=\"article:published_time\" content=\"2022-04-24T19:43:00+00:00\" \/>\n<meta property=\"article:modified_time\" content=\"2022-04-25T11:40:13+00:00\" \/>\n<meta property=\"og:image\" content=\"https:\/\/radioljubuski.ba\/wp-content\/uploads\/2022\/04\/ostecenje-810x608-1.jpg\" \/>\n\t<meta property=\"og:image:width\" content=\"810\" \/>\n\t<meta property=\"og:image:height\" content=\"608\" \/>\n\t<meta property=\"og:image:type\" content=\"image\/jpeg\" \/>\n<meta name=\"author\" content=\"Radio Ljubu\u0161ki\" \/>\n<meta name=\"twitter:card\" content=\"summary_large_image\" \/>\n<meta name=\"twitter:creator\" content=\"@radioljubuski\" \/>\n<meta name=\"twitter:site\" content=\"@radioljubuski\" \/>\n<meta name=\"twitter:label1\" content=\"Napisao\/la\" \/>\n\t<meta name=\"twitter:data1\" content=\"Radio Ljubu\u0161ki\" \/>\n\t<meta name=\"twitter:label2\" content=\"Procijenjeno vrijeme \u010ditanja\" \/>\n\t<meta name=\"twitter:data2\" content=\"1 minuta\" \/>\n<script type=\"application\/ld+json\" class=\"yoast-schema-graph\">{\"@context\":\"https:\\\/\\\/schema.org\",\"@graph\":[{\"@type\":\"Article\",\"@id\":\"https:\\\/\\\/radioljubuski.ba\\\/index.php\\\/2022\\\/04\\\/24\\\/teska-ostecenja-na-skoli-u-vitini\\\/#article\",\"isPartOf\":{\"@id\":\"https:\\\/\\\/radioljubuski.ba\\\/index.php\\\/2022\\\/04\\\/24\\\/teska-ostecenja-na-skoli-u-vitini\\\/\"},\"author\":{\"name\":\"Radio Ljubu\u0161ki\",\"@id\":\"https:\\\/\\\/radioljubuski.ba\\\/#\\\/schema\\\/person\\\/19fc700381a780f69665d7956c469e3b\"},\"headline\":\"Te\u0161ka o\u0161te\u0107enja na \u0161koli u Vitini\",\"datePublished\":\"2022-04-24T19:43:00+00:00\",\"dateModified\":\"2022-04-25T11:40:13+00:00\",\"mainEntityOfPage\":{\"@id\":\"https:\\\/\\\/radioljubuski.ba\\\/index.php\\\/2022\\\/04\\\/24\\\/teska-ostecenja-na-skoli-u-vitini\\\/\"},\"wordCount\":109,\"publisher\":{\"@id\":\"https:\\\/\\\/radioljubuski.ba\\\/#organization\"},\"image\":{\"@id\":\"https:\\\/\\\/radioljubuski.ba\\\/index.php\\\/2022\\\/04\\\/24\\\/teska-ostecenja-na-skoli-u-vitini\\\/#primaryimage\"},\"thumbnailUrl\":\"https:\\\/\\\/radioljubuski.ba\\\/wp-content\\\/uploads\\\/2022\\\/04\\\/ostecenje-810x608-1.jpg\",\"articleSection\":[\"Ljubu\u0161ki\"],\"inLanguage\":\"hr\"},{\"@type\":\"WebPage\",\"@id\":\"https:\\\/\\\/radioljubuski.ba\\\/index.php\\\/2022\\\/04\\\/24\\\/teska-ostecenja-na-skoli-u-vitini\\\/\",\"url\":\"https:\\\/\\\/radioljubuski.ba\\\/index.php\\\/2022\\\/04\\\/24\\\/teska-ostecenja-na-skoli-u-vitini\\\/\",\"name\":\"Te\u0161ka o\u0161te\u0107enja na \u0161koli u Vitini - RADIO LJUBU\u0160KI\",\"isPartOf\":{\"@id\":\"https:\\\/\\\/radioljubuski.ba\\\/#website\"},\"primaryImageOfPage\":{\"@id\":\"https:\\\/\\\/radioljubuski.ba\\\/index.php\\\/2022\\\/04\\\/24\\\/teska-ostecenja-na-skoli-u-vitini\\\/#primaryimage\"},\"image\":{\"@id\":\"https:\\\/\\\/radioljubuski.ba\\\/index.php\\\/2022\\\/04\\\/24\\\/teska-ostecenja-na-skoli-u-vitini\\\/#primaryimage\"},\"thumbnailUrl\":\"https:\\\/\\\/radioljubuski.ba\\\/wp-content\\\/uploads\\\/2022\\\/04\\\/ostecenje-810x608-1.jpg\",\"datePublished\":\"2022-04-24T19:43:00+00:00\",\"dateModified\":\"2022-04-25T11:40:13+00:00\",\"breadcrumb\":{\"@id\":\"https:\\\/\\\/radioljubuski.ba\\\/index.php\\\/2022\\\/04\\\/24\\\/teska-ostecenja-na-skoli-u-vitini\\\/#breadcrumb\"},\"inLanguage\":\"hr\",\"potentialAction\":[{\"@type\":\"ReadAction\",\"target\":[\"https:\\\/\\\/radioljubuski.ba\\\/index.php\\\/2022\\\/04\\\/24\\\/teska-ostecenja-na-skoli-u-vitini\\\/\"]}]},{\"@type\":\"ImageObject\",\"inLanguage\":\"hr\",\"@id\":\"https:\\\/\\\/radioljubuski.ba\\\/index.php\\\/2022\\\/04\\\/24\\\/teska-ostecenja-na-skoli-u-vitini\\\/#primaryimage\",\"url\":\"https:\\\/\\\/radioljubuski.ba\\\/wp-content\\\/uploads\\\/2022\\\/04\\\/ostecenje-810x608-1.jpg\",\"contentUrl\":\"https:\\\/\\\/radioljubuski.ba\\\/wp-content\\\/uploads\\\/2022\\\/04\\\/ostecenje-810x608-1.jpg\",\"width\":810,\"height\":608},{\"@type\":\"BreadcrumbList\",\"@id\":\"https:\\\/\\\/radioljubuski.ba\\\/index.php\\\/2022\\\/04\\\/24\\\/teska-ostecenja-na-skoli-u-vitini\\\/#breadcrumb\",\"itemListElement\":[{\"@type\":\"ListItem\",\"position\":1,\"name\":\"Po\u010detna stranica\",\"item\":\"https:\\\/\\\/radioljubuski.ba\\\/\"},{\"@type\":\"ListItem\",\"position\":2,\"name\":\"Te\u0161ka o\u0161te\u0107enja na \u0161koli u Vitini\"}]},{\"@type\":\"WebSite\",\"@id\":\"https:\\\/\\\/radioljubuski.ba\\\/#website\",\"url\":\"https:\\\/\\\/radioljubuski.ba\\\/\",\"name\":\"Radio Ljubu\u0161ki\",\"description\":\"Sun\u010dana frekvencija Hercegovine\",\"publisher\":{\"@id\":\"https:\\\/\\\/radioljubuski.ba\\\/#organization\"},\"potentialAction\":[{\"@type\":\"SearchAction\",\"target\":{\"@type\":\"EntryPoint\",\"urlTemplate\":\"https:\\\/\\\/radioljubuski.ba\\\/?s={search_term_string}\"},\"query-input\":{\"@type\":\"PropertyValueSpecification\",\"valueRequired\":true,\"valueName\":\"search_term_string\"}}],\"inLanguage\":\"hr\"},{\"@type\":\"Organization\",\"@id\":\"https:\\\/\\\/radioljubuski.ba\\\/#organization\",\"name\":\"Radio Ljubu\u0161ki\",\"url\":\"https:\\\/\\\/radioljubuski.ba\\\/\",\"logo\":{\"@type\":\"ImageObject\",\"inLanguage\":\"hr\",\"@id\":\"https:\\\/\\\/radioljubuski.ba\\\/#\\\/schema\\\/logo\\\/image\\\/\",\"url\":\"https:\\\/\\\/radioljubuski.ba\\\/wp-content\\\/uploads\\\/2021\\\/02\\\/cropped-Radio_Ljubuski_logo1.jpg\",\"contentUrl\":\"https:\\\/\\\/radioljubuski.ba\\\/wp-content\\\/uploads\\\/2021\\\/02\\\/cropped-Radio_Ljubuski_logo1.jpg\",\"width\":512,\"height\":512,\"caption\":\"Radio Ljubu\u0161ki\"},\"image\":{\"@id\":\"https:\\\/\\\/radioljubuski.ba\\\/#\\\/schema\\\/logo\\\/image\\\/\"},\"sameAs\":[\"https:\\\/\\\/www.facebook.com\\\/Radiio-Ljubuski-1490835324566332\",\"https:\\\/\\\/x.com\\\/radioljubuski\",\"https:\\\/\\\/hr.linkedin.com\\\/company\\\/radio-ljubuski\",\"https:\\\/\\\/www.youtube.com\\\/channel\\\/UCHYaeO_n0Db3tjNGudGpXyw\"]},{\"@type\":\"Person\",\"@id\":\"https:\\\/\\\/radioljubuski.ba\\\/#\\\/schema\\\/person\\\/19fc700381a780f69665d7956c469e3b\",\"name\":\"Radio Ljubu\u0161ki\"}]}<\/script>\n<!-- \/ Yoast SEO plugin. -->","yoast_head_json":{"title":"Te\u0161ka o\u0161te\u0107enja na \u0161koli u Vitini - RADIO LJUBU\u0160KI","robots":{"index":"index","follow":"follow","max-snippet":"max-snippet:-1","max-image-preview":"max-image-preview:large","max-video-preview":"max-video-preview:-1"},"canonical":"https:\/\/radioljubuski.ba\/index.php\/2022\/04\/24\/teska-ostecenja-na-skoli-u-vitini\/","og_locale":"hr_HR","og_type":"article","og_title":"Te\u0161ka o\u0161te\u0107enja na \u0161koli u Vitini - RADIO LJUBU\u0160KI","og_description":"Pripadnici Slu\u017ebe za zbrinjavanje ugro\u017eenog i nastradalog stanovni\u0161tva i prvu medicinsku pomo\u0107 Crvenog kri\u017ea \u017dZH, zajedno s volonterima Crvenog kri\u017ea Ljubu\u0161ki posjetili su domove 200 korisnika usluga Javne kuhinje Ljubu\u0161ki. U obilasku 200 objekata, zamijetili su materijalnu&nbsp;\u0161tetu na najmanje tri objekta. Tako\u0111er, te\u0161ka o\u0161te\u0107enja uslijed potresa zadobila je&nbsp;zgrada Osnovne \u0161kole Tina Ujevi\u0107a u Vitini. Volonteri [&hellip;]","og_url":"https:\/\/radioljubuski.ba\/index.php\/2022\/04\/24\/teska-ostecenja-na-skoli-u-vitini\/","og_site_name":"RADIO LJUBU\u0160KI","article_publisher":"https:\/\/www.facebook.com\/Radiio-Ljubuski-1490835324566332","article_published_time":"2022-04-24T19:43:00+00:00","article_modified_time":"2022-04-25T11:40:13+00:00","og_image":[{"width":810,"height":608,"url":"https:\/\/radioljubuski.ba\/wp-content\/uploads\/2022\/04\/ostecenje-810x608-1.jpg","type":"image\/jpeg"}],"author":"Radio Ljubu\u0161ki","twitter_card":"summary_large_image","twitter_creator":"@radioljubuski","twitter_site":"@radioljubuski","twitter_misc":{"Napisao\/la":"Radio Ljubu\u0161ki","Procijenjeno vrijeme \u010ditanja":"1 minuta"},"schema":{"@context":"https:\/\/schema.org","@graph":[{"@type":"Article","@id":"https:\/\/radioljubuski.ba\/index.php\/2022\/04\/24\/teska-ostecenja-na-skoli-u-vitini\/#article","isPartOf":{"@id":"https:\/\/radioljubuski.ba\/index.php\/2022\/04\/24\/teska-ostecenja-na-skoli-u-vitini\/"},"author":{"name":"Radio Ljubu\u0161ki","@id":"https:\/\/radioljubuski.ba\/#\/schema\/person\/19fc700381a780f69665d7956c469e3b"},"headline":"Te\u0161ka o\u0161te\u0107enja na \u0161koli u Vitini","datePublished":"2022-04-24T19:43:00+00:00","dateModified":"2022-04-25T11:40:13+00:00","mainEntityOfPage":{"@id":"https:\/\/radioljubuski.ba\/index.php\/2022\/04\/24\/teska-ostecenja-na-skoli-u-vitini\/"},"wordCount":109,"publisher":{"@id":"https:\/\/radioljubuski.ba\/#organization"},"image":{"@id":"https:\/\/radioljubuski.ba\/index.php\/2022\/04\/24\/teska-ostecenja-na-skoli-u-vitini\/#primaryimage"},"thumbnailUrl":"https:\/\/radioljubuski.ba\/wp-content\/uploads\/2022\/04\/ostecenje-810x608-1.jpg","articleSection":["Ljubu\u0161ki"],"inLanguage":"hr"},{"@type":"WebPage","@id":"https:\/\/radioljubuski.ba\/index.php\/2022\/04\/24\/teska-ostecenja-na-skoli-u-vitini\/","url":"https:\/\/radioljubuski.ba\/index.php\/2022\/04\/24\/teska-ostecenja-na-skoli-u-vitini\/","name":"Te\u0161ka o\u0161te\u0107enja na \u0161koli u Vitini - RADIO LJUBU\u0160KI","isPartOf":{"@id":"https:\/\/radioljubuski.ba\/#website"},"primaryImageOfPage":{"@id":"https:\/\/radioljubuski.ba\/index.php\/2022\/04\/24\/teska-ostecenja-na-skoli-u-vitini\/#primaryimage"},"image":{"@id":"https:\/\/radioljubuski.ba\/index.php\/2022\/04\/24\/teska-ostecenja-na-skoli-u-vitini\/#primaryimage"},"thumbnailUrl":"https:\/\/radioljubuski.ba\/wp-content\/uploads\/2022\/04\/ostecenje-810x608-1.jpg","datePublished":"2022-04-24T19:43:00+00:00","dateModified":"2022-04-25T11:40:13+00:00","breadcrumb":{"@id":"https:\/\/radioljubuski.ba\/index.php\/2022\/04\/24\/teska-ostecenja-na-skoli-u-vitini\/#breadcrumb"},"inLanguage":"hr","potentialAction":[{"@type":"ReadAction","target":["https:\/\/radioljubuski.ba\/index.php\/2022\/04\/24\/teska-ostecenja-na-skoli-u-vitini\/"]}]},{"@type":"ImageObject","inLanguage":"hr","@id":"https:\/\/radioljubuski.ba\/index.php\/2022\/04\/24\/teska-ostecenja-na-skoli-u-vitini\/#primaryimage","url":"https:\/\/radioljubuski.ba\/wp-content\/uploads\/2022\/04\/ostecenje-810x608-1.jpg","contentUrl":"https:\/\/radioljubuski.ba\/wp-content\/uploads\/2022\/04\/ostecenje-810x608-1.jpg","width":810,"height":608},{"@type":"BreadcrumbList","@id":"https:\/\/radioljubuski.ba\/index.php\/2022\/04\/24\/teska-ostecenja-na-skoli-u-vitini\/#breadcrumb","itemListElement":[{"@type":"ListItem","position":1,"name":"Po\u010detna stranica","item":"https:\/\/radioljubuski.ba\/"},{"@type":"ListItem","position":2,"name":"Te\u0161ka o\u0161te\u0107enja na \u0161koli u Vitini"}]},{"@type":"WebSite","@id":"https:\/\/radioljubuski.ba\/#website","url":"https:\/\/radioljubuski.ba\/","name":"Radio Ljubu\u0161ki","description":"Sun\u010dana frekvencija Hercegovine","publisher":{"@id":"https:\/\/radioljubuski.ba\/#organization"},"potentialAction":[{"@type":"SearchAction","target":{"@type":"EntryPoint","urlTemplate":"https:\/\/radioljubuski.ba\/?s={search_term_string}"},"query-input":{"@type":"PropertyValueSpecification","valueRequired":true,"valueName":"search_term_string"}}],"inLanguage":"hr"},{"@type":"Organization","@id":"https:\/\/radioljubuski.ba\/#organization","name":"Radio Ljubu\u0161ki","url":"https:\/\/radioljubuski.ba\/","logo":{"@type":"ImageObject","inLanguage":"hr","@id":"https:\/\/radioljubuski.ba\/#\/schema\/logo\/image\/","url":"https:\/\/radioljubuski.ba\/wp-content\/uploads\/2021\/02\/cropped-Radio_Ljubuski_logo1.jpg","contentUrl":"https:\/\/radioljubuski.ba\/wp-content\/uploads\/2021\/02\/cropped-Radio_Ljubuski_logo1.jpg","width":512,"height":512,"caption":"Radio Ljubu\u0161ki"},"image":{"@id":"https:\/\/radioljubuski.ba\/#\/schema\/logo\/image\/"},"sameAs":["https:\/\/www.facebook.com\/Radiio-Ljubuski-1490835324566332","https:\/\/x.com\/radioljubuski","https:\/\/hr.linkedin.com\/company\/radio-ljubuski","https:\/\/www.youtube.com\/channel\/UCHYaeO_n0Db3tjNGudGpXyw"]},{"@type":"Person","@id":"https:\/\/radioljubuski.ba\/#\/schema\/person\/19fc700381a780f69665d7956c469e3b","name":"Radio Ljubu\u0161ki"}]}},"_links":{"self":[{"href":"https:\/\/radioljubuski.ba\/index.php\/wp-json\/wp\/v2\/posts\/135818","targetHints":{"allow":["GET"]}}],"collection":[{"href":"https:\/\/radioljubuski.ba\/index.php\/wp-json\/wp\/v2\/posts"}],"about":[{"href":"https:\/\/radioljubuski.ba\/index.php\/wp-json\/wp\/v2\/types\/post"}],"author":[{"embeddable":true,"href":"https:\/\/radioljubuski.ba\/index.php\/wp-json\/wp\/v2\/users\/2"}],"replies":[{"embeddable":true,"href":"https:\/\/radioljubuski.ba\/index.php\/wp-json\/wp\/v2\/comments?post=135818"}],"version-history":[{"count":1,"href":"https:\/\/radioljubuski.ba\/index.php\/wp-json\/wp\/v2\/posts\/135818\/revisions"}],"predecessor-version":[{"id":135820,"href":"https:\/\/radioljubuski.ba\/index.php\/wp-json\/wp\/v2\/posts\/135818\/revisions\/135820"}],"wp:featuredmedia":[{"embeddable":true,"href":"https:\/\/radioljubuski.ba\/index.php\/wp-json\/wp\/v2\/media\/135819"}],"wp:attachment":[{"href":"https:\/\/radioljubuski.ba\/index.php\/wp-json\/wp\/v2\/media?parent=135818"}],"wp:term":[{"taxonomy":"category","embeddable":true,"href":"https:\/\/radioljubuski.ba\/index.php\/wp-json\/wp\/v2\/categories?post=135818"},{"taxonomy":"post_tag","embeddable":true,"href":"https:\/\/radioljubuski.ba\/index.php\/wp-json\/wp\/v2\/tags?post=135818"}],"curies":[{"name":"wp","href":"https:\/\/api.w.org\/{rel}","templated":true}]}}