{"id":135856,"date":"2022-04-25T09:08:55","date_gmt":"2022-04-25T08:08:55","guid":{"rendered":"https:\/\/radioljubuski.ba\/?p=135856"},"modified":"2022-04-25T09:08:56","modified_gmt":"2022-04-25T08:08:56","slug":"slaven-bilic-hrvatska-ce-tesko-ponoviti-srebro-iz-rusije","status":"publish","type":"post","link":"https:\/\/radioljubuski.ba\/index.php\/2022\/04\/25\/slaven-bilic-hrvatska-ce-tesko-ponoviti-srebro-iz-rusije\/","title":{"rendered":"Slaven Bili\u0107: Hrvatska \u0107e te\u0161ko ponoviti srebro iz Rusije"},"content":{"rendered":"\n<p>Biv\u0161i izbornik hrvatske nogometne reprezentacije Slaven Bili\u0107 rekao je u intervjuu za \u0161panjolske novine Marca kako \u0107e Hrvatska na ovogodi\u0161njem Svjetskom prvenstvu u Kataru te\u0161ko ponoviti rezultat otprije \u010detiri godine kada je osvojila srebrnu medalju. &#8220;Bit \u0107e te\u0161ko. Nismo favoriti. Favoriti su uvijek isti: \u0160panjolska, Brazil i Njema\u010dka. Zatim dolaze Engleska, Portugal, Argentina i mo\u017eda Hrvatska&#8221;, rekao je 53-godi\u0161nji Bili\u0107. Nije spomenuo aktualnog branitelja naslova Francusku koja je 2018. pobijedila u finalu Hrvatsku 4-2. &#8220;Mo\u017eemo biti iznena\u0111enje. Jedna stvar koju sigurno znam, nakon \u0161to sam \u0161est godina bio izbornik reprezentacije, jest da nitko ne \u017eeli igrati protiv nas&#8221;, dodao je, prenosi Hina. Bili\u0107 je vodio Hrvatsku od 2006. do 2012. godine, a zatim je sjedio na klupama moskovskog Lokomotiva, Besiktasa, West Ham Uniteda, Al-Ittihada, West Bromwich Albiona te pekin\u0161kog Guoana s kojim se rastao 8. sije\u010dnja. Hrvatska \u0107e pod vodstvom Zlatka Dali\u0107a igrati na Svjetskom prvenstvu u skupini s Belgijom, Marokom i Kanadom. &#8220;Na\u0161a sada\u0161nja ekipa je mje\u0161avina iskusnih igra\u010da koji su ve\u0107 napravili nevjerojatan posao u Rusiji i jako mladih igra\u010da koji doprinose energijom i kvalitetom&#8221;, izjavio je Bili\u0107 dodav\u0161i kako je to &#8220;dobra i uravnote\u017eena&#8221; ekipa. &#8220;Ne\u0107u re\u0107i da imamo najbolju sredinu terena, ali ne vidim niti jednu drugu koja bi bila bolja od na\u0161e s Modri\u0107em, Kova\u010di\u0107em i Brozovi\u0107em. To je, po meni, velika snaga ove ekipe&#8221;, rekao je. Napomenuo je kako su 36-godi\u0161nji Luka Modri\u0107 (Real Madrid), 27-godi\u0161nji Mateo Kova\u010di\u0107 (Chelsea) i 29-godi\u0161nji Marcelo Brozovi\u0107 (Inter) &#8220;iskusni, kvalitetni te kompletni igra\u010di&#8221;. &#8220;Odli\u010dni su u obrani, u organizaciji napada i dr\u017eanju lopte. Nitko nije bolji od njih&#8221;, naglasio je. Bili\u0107, nekada\u0161nji brani\u010d, smatra da \u0107e Hrvatska ovisiti o tome kako \u0107e odigrati obranu. &#8220;Otkada se Mand\u017euki\u0107 oprostio imamo problema s napada\u010dima. Nemamo &#8216;devetku&#8217;. Na\u0161 napad, osim Kramari\u0107a i Peri\u0161i\u0107a, nije na razini na\u0161e sredine terena, ali je za malu zemlju poput na\u0161e te\u0161ko na\u0107i igra\u010de za takvu razinu&#8221;, rekao je Bili\u0107 koji je vodio Hrvatsku u 65 utakmica. Najefikasnji reprezentativni napada\u010d je Osasunin Ante Budimir koji je u posljednjih pet nastupa zabio pet golova, od \u010dega posljednji protiv lidera \u0161panjolskog prvenstva Real Madrida. Bili\u0107, upitan \u0161to imaju Hrvati a nemaju sporta\u0161i iz drugih zemalja, odgovorio je da ne zna odgovoriti na to pitanje, ali da je &#8220;nevjerojatno \u0161to proizvodimo&#8221;. &#8220;Fizi\u010dki smo doista dobri. Jako dobro smo gra\u0111eni. Prili\u010dno smo sna\u017eni, s dobrim ritmom i dobrim otporom. No mislim da je najva\u017eniji karakter. Jaki smo u glavi. Mentalno smo izuzetno \u010dvrsti&#8221;, rekao je. &#8220;Tako\u0111er utje\u010de i to \u0161to se u na\u0161oj zemlji, ni\u0161ta ne uzima zdravo za gotovo, ni\u0161ta se ne smatra unaprijed odre\u0111enim&#8221;, dodao je biv\u0161i stoper koji je 1998. kao igra\u010d osvojio bron\u010danu medalju na Svjetskom prvenstvu u Francuskoj. Bili\u0107 je rekao kako Hrvatska, zemlja s oko \u010detiri milijuna stanovnika, nema dovoljno novca za razvoj mladih igra\u010da u klubovima. Naveo je kako u Hrvatskoj me\u0111u igra\u010dima postoji zajedni\u0161tvo a tako\u0111er i nadmetanje. &#8220;U Hrvatskoj ima\u0161 osje\u0107aj da ako radi\u0161 stvari dobro, da \u0107e svi pri\u010dati o tome&#8221;, rekao je Bili\u0107. &#8220;I tako\u0111er, radi\u0161 li lo\u0161e, da \u0107e \u010ditava zemlja pri\u010dati o tome. To unosi odgovornost i \u010dini te spremnim, jako motiviranim i konkurentnim&#8221;. <\/p>\n\n\n\n<p>izvor: bljesak.info<\/p>\n","protected":false},"excerpt":{"rendered":"<p>Biv\u0161i izbornik hrvatske nogometne reprezentacije Slaven Bili\u0107 rekao je u intervjuu za \u0161panjolske novine Marca kako \u0107e Hrvatska na ovogodi\u0161njem Svjetskom prvenstvu u Kataru te\u0161ko ponoviti rezultat otprije \u010detiri godine kada je osvojila srebrnu medalju. &#8220;Bit \u0107e te\u0161ko. Nismo favoriti. Favoriti su uvijek isti: \u0160panjolska, Brazil i Njema\u010dka. Zatim dolaze Engleska, Portugal, Argentina i mo\u017eda [&hellip;]<\/p>\n","protected":false},"author":2,"featured_media":135857,"comment_status":"closed","ping_status":"closed","sticky":false,"template":"","format":"standard","meta":{"h5ap_radio_sources":[],"footnotes":""},"categories":[7],"tags":[],"class_list":["post-135856","post","type-post","status-publish","format-standard","has-post-thumbnail","hentry","category-sport"],"yoast_head":"<!-- This site is optimized with the Yoast SEO plugin v27.4 - https:\/\/yoast.com\/product\/yoast-seo-wordpress\/ -->\n<title>Slaven Bili\u0107: Hrvatska \u0107e te\u0161ko ponoviti srebro iz Rusije - RADIO LJUBU\u0160KI<\/title>\n<meta name=\"robots\" content=\"index, follow, max-snippet:-1, max-image-preview:large, max-video-preview:-1\" \/>\n<link rel=\"canonical\" href=\"https:\/\/radioljubuski.ba\/index.php\/2022\/04\/25\/slaven-bilic-hrvatska-ce-tesko-ponoviti-srebro-iz-rusije\/\" \/>\n<meta property=\"og:locale\" content=\"hr_HR\" \/>\n<meta property=\"og:type\" content=\"article\" \/>\n<meta property=\"og:title\" content=\"Slaven Bili\u0107: Hrvatska \u0107e te\u0161ko ponoviti srebro iz Rusije - RADIO LJUBU\u0160KI\" \/>\n<meta property=\"og:description\" content=\"Biv\u0161i izbornik hrvatske nogometne reprezentacije Slaven Bili\u0107 rekao je u intervjuu za \u0161panjolske novine Marca kako \u0107e Hrvatska na ovogodi\u0161njem Svjetskom prvenstvu u Kataru te\u0161ko ponoviti rezultat otprije \u010detiri godine kada je osvojila srebrnu medalju. &#8220;Bit \u0107e te\u0161ko. Nismo favoriti. Favoriti su uvijek isti: \u0160panjolska, Brazil i Njema\u010dka. Zatim dolaze Engleska, Portugal, Argentina i mo\u017eda [&hellip;]\" \/>\n<meta property=\"og:url\" content=\"https:\/\/radioljubuski.ba\/index.php\/2022\/04\/25\/slaven-bilic-hrvatska-ce-tesko-ponoviti-srebro-iz-rusije\/\" \/>\n<meta property=\"og:site_name\" content=\"RADIO LJUBU\u0160KI\" \/>\n<meta property=\"article:publisher\" content=\"https:\/\/www.facebook.com\/Radiio-Ljubuski-1490835324566332\" \/>\n<meta property=\"article:published_time\" content=\"2022-04-25T08:08:55+00:00\" \/>\n<meta property=\"article:modified_time\" content=\"2022-04-25T08:08:56+00:00\" \/>\n<meta property=\"og:image\" content=\"https:\/\/radioljubuski.ba\/wp-content\/uploads\/2022\/04\/bilic-1.jpg\" \/>\n\t<meta property=\"og:image:width\" content=\"275\" \/>\n\t<meta property=\"og:image:height\" content=\"183\" \/>\n\t<meta property=\"og:image:type\" content=\"image\/jpeg\" \/>\n<meta name=\"author\" content=\"Radio Ljubu\u0161ki\" \/>\n<meta name=\"twitter:card\" content=\"summary_large_image\" \/>\n<meta name=\"twitter:creator\" content=\"@radioljubuski\" \/>\n<meta name=\"twitter:site\" content=\"@radioljubuski\" \/>\n<meta name=\"twitter:label1\" content=\"Napisao\/la\" \/>\n\t<meta name=\"twitter:data1\" content=\"Radio Ljubu\u0161ki\" \/>\n\t<meta name=\"twitter:label2\" content=\"Procijenjeno vrijeme \u010ditanja\" \/>\n\t<meta name=\"twitter:data2\" content=\"3 minute\" \/>\n<script type=\"application\/ld+json\" class=\"yoast-schema-graph\">{\"@context\":\"https:\\\/\\\/schema.org\",\"@graph\":[{\"@type\":\"Article\",\"@id\":\"https:\\\/\\\/radioljubuski.ba\\\/index.php\\\/2022\\\/04\\\/25\\\/slaven-bilic-hrvatska-ce-tesko-ponoviti-srebro-iz-rusije\\\/#article\",\"isPartOf\":{\"@id\":\"https:\\\/\\\/radioljubuski.ba\\\/index.php\\\/2022\\\/04\\\/25\\\/slaven-bilic-hrvatska-ce-tesko-ponoviti-srebro-iz-rusije\\\/\"},\"author\":{\"name\":\"Radio Ljubu\u0161ki\",\"@id\":\"https:\\\/\\\/radioljubuski.ba\\\/#\\\/schema\\\/person\\\/19fc700381a780f69665d7956c469e3b\"},\"headline\":\"Slaven Bili\u0107: Hrvatska \u0107e te\u0161ko ponoviti srebro iz Rusije\",\"datePublished\":\"2022-04-25T08:08:55+00:00\",\"dateModified\":\"2022-04-25T08:08:56+00:00\",\"mainEntityOfPage\":{\"@id\":\"https:\\\/\\\/radioljubuski.ba\\\/index.php\\\/2022\\\/04\\\/25\\\/slaven-bilic-hrvatska-ce-tesko-ponoviti-srebro-iz-rusije\\\/\"},\"wordCount\":592,\"publisher\":{\"@id\":\"https:\\\/\\\/radioljubuski.ba\\\/#organization\"},\"image\":{\"@id\":\"https:\\\/\\\/radioljubuski.ba\\\/index.php\\\/2022\\\/04\\\/25\\\/slaven-bilic-hrvatska-ce-tesko-ponoviti-srebro-iz-rusije\\\/#primaryimage\"},\"thumbnailUrl\":\"https:\\\/\\\/radioljubuski.ba\\\/wp-content\\\/uploads\\\/2022\\\/04\\\/bilic-1.jpg\",\"articleSection\":[\"\u0160port\"],\"inLanguage\":\"hr\"},{\"@type\":\"WebPage\",\"@id\":\"https:\\\/\\\/radioljubuski.ba\\\/index.php\\\/2022\\\/04\\\/25\\\/slaven-bilic-hrvatska-ce-tesko-ponoviti-srebro-iz-rusije\\\/\",\"url\":\"https:\\\/\\\/radioljubuski.ba\\\/index.php\\\/2022\\\/04\\\/25\\\/slaven-bilic-hrvatska-ce-tesko-ponoviti-srebro-iz-rusije\\\/\",\"name\":\"Slaven Bili\u0107: Hrvatska \u0107e te\u0161ko ponoviti srebro iz Rusije - RADIO LJUBU\u0160KI\",\"isPartOf\":{\"@id\":\"https:\\\/\\\/radioljubuski.ba\\\/#website\"},\"primaryImageOfPage\":{\"@id\":\"https:\\\/\\\/radioljubuski.ba\\\/index.php\\\/2022\\\/04\\\/25\\\/slaven-bilic-hrvatska-ce-tesko-ponoviti-srebro-iz-rusije\\\/#primaryimage\"},\"image\":{\"@id\":\"https:\\\/\\\/radioljubuski.ba\\\/index.php\\\/2022\\\/04\\\/25\\\/slaven-bilic-hrvatska-ce-tesko-ponoviti-srebro-iz-rusije\\\/#primaryimage\"},\"thumbnailUrl\":\"https:\\\/\\\/radioljubuski.ba\\\/wp-content\\\/uploads\\\/2022\\\/04\\\/bilic-1.jpg\",\"datePublished\":\"2022-04-25T08:08:55+00:00\",\"dateModified\":\"2022-04-25T08:08:56+00:00\",\"breadcrumb\":{\"@id\":\"https:\\\/\\\/radioljubuski.ba\\\/index.php\\\/2022\\\/04\\\/25\\\/slaven-bilic-hrvatska-ce-tesko-ponoviti-srebro-iz-rusije\\\/#breadcrumb\"},\"inLanguage\":\"hr\",\"potentialAction\":[{\"@type\":\"ReadAction\",\"target\":[\"https:\\\/\\\/radioljubuski.ba\\\/index.php\\\/2022\\\/04\\\/25\\\/slaven-bilic-hrvatska-ce-tesko-ponoviti-srebro-iz-rusije\\\/\"]}]},{\"@type\":\"ImageObject\",\"inLanguage\":\"hr\",\"@id\":\"https:\\\/\\\/radioljubuski.ba\\\/index.php\\\/2022\\\/04\\\/25\\\/slaven-bilic-hrvatska-ce-tesko-ponoviti-srebro-iz-rusije\\\/#primaryimage\",\"url\":\"https:\\\/\\\/radioljubuski.ba\\\/wp-content\\\/uploads\\\/2022\\\/04\\\/bilic-1.jpg\",\"contentUrl\":\"https:\\\/\\\/radioljubuski.ba\\\/wp-content\\\/uploads\\\/2022\\\/04\\\/bilic-1.jpg\",\"width\":275,\"height\":183},{\"@type\":\"BreadcrumbList\",\"@id\":\"https:\\\/\\\/radioljubuski.ba\\\/index.php\\\/2022\\\/04\\\/25\\\/slaven-bilic-hrvatska-ce-tesko-ponoviti-srebro-iz-rusije\\\/#breadcrumb\",\"itemListElement\":[{\"@type\":\"ListItem\",\"position\":1,\"name\":\"Po\u010detna stranica\",\"item\":\"https:\\\/\\\/radioljubuski.ba\\\/\"},{\"@type\":\"ListItem\",\"position\":2,\"name\":\"Slaven Bili\u0107: Hrvatska \u0107e te\u0161ko ponoviti srebro iz Rusije\"}]},{\"@type\":\"WebSite\",\"@id\":\"https:\\\/\\\/radioljubuski.ba\\\/#website\",\"url\":\"https:\\\/\\\/radioljubuski.ba\\\/\",\"name\":\"Radio Ljubu\u0161ki\",\"description\":\"Sun\u010dana frekvencija Hercegovine\",\"publisher\":{\"@id\":\"https:\\\/\\\/radioljubuski.ba\\\/#organization\"},\"potentialAction\":[{\"@type\":\"SearchAction\",\"target\":{\"@type\":\"EntryPoint\",\"urlTemplate\":\"https:\\\/\\\/radioljubuski.ba\\\/?s={search_term_string}\"},\"query-input\":{\"@type\":\"PropertyValueSpecification\",\"valueRequired\":true,\"valueName\":\"search_term_string\"}}],\"inLanguage\":\"hr\"},{\"@type\":\"Organization\",\"@id\":\"https:\\\/\\\/radioljubuski.ba\\\/#organization\",\"name\":\"Radio Ljubu\u0161ki\",\"url\":\"https:\\\/\\\/radioljubuski.ba\\\/\",\"logo\":{\"@type\":\"ImageObject\",\"inLanguage\":\"hr\",\"@id\":\"https:\\\/\\\/radioljubuski.ba\\\/#\\\/schema\\\/logo\\\/image\\\/\",\"url\":\"https:\\\/\\\/radioljubuski.ba\\\/wp-content\\\/uploads\\\/2021\\\/02\\\/cropped-Radio_Ljubuski_logo1.jpg\",\"contentUrl\":\"https:\\\/\\\/radioljubuski.ba\\\/wp-content\\\/uploads\\\/2021\\\/02\\\/cropped-Radio_Ljubuski_logo1.jpg\",\"width\":512,\"height\":512,\"caption\":\"Radio Ljubu\u0161ki\"},\"image\":{\"@id\":\"https:\\\/\\\/radioljubuski.ba\\\/#\\\/schema\\\/logo\\\/image\\\/\"},\"sameAs\":[\"https:\\\/\\\/www.facebook.com\\\/Radiio-Ljubuski-1490835324566332\",\"https:\\\/\\\/x.com\\\/radioljubuski\",\"https:\\\/\\\/hr.linkedin.com\\\/company\\\/radio-ljubuski\",\"https:\\\/\\\/www.youtube.com\\\/channel\\\/UCHYaeO_n0Db3tjNGudGpXyw\"]},{\"@type\":\"Person\",\"@id\":\"https:\\\/\\\/radioljubuski.ba\\\/#\\\/schema\\\/person\\\/19fc700381a780f69665d7956c469e3b\",\"name\":\"Radio Ljubu\u0161ki\"}]}<\/script>\n<!-- \/ Yoast SEO plugin. -->","yoast_head_json":{"title":"Slaven Bili\u0107: Hrvatska \u0107e te\u0161ko ponoviti srebro iz Rusije - RADIO LJUBU\u0160KI","robots":{"index":"index","follow":"follow","max-snippet":"max-snippet:-1","max-image-preview":"max-image-preview:large","max-video-preview":"max-video-preview:-1"},"canonical":"https:\/\/radioljubuski.ba\/index.php\/2022\/04\/25\/slaven-bilic-hrvatska-ce-tesko-ponoviti-srebro-iz-rusije\/","og_locale":"hr_HR","og_type":"article","og_title":"Slaven Bili\u0107: Hrvatska \u0107e te\u0161ko ponoviti srebro iz Rusije - RADIO LJUBU\u0160KI","og_description":"Biv\u0161i izbornik hrvatske nogometne reprezentacije Slaven Bili\u0107 rekao je u intervjuu za \u0161panjolske novine Marca kako \u0107e Hrvatska na ovogodi\u0161njem Svjetskom prvenstvu u Kataru te\u0161ko ponoviti rezultat otprije \u010detiri godine kada je osvojila srebrnu medalju. &#8220;Bit \u0107e te\u0161ko. Nismo favoriti. Favoriti su uvijek isti: \u0160panjolska, Brazil i Njema\u010dka. Zatim dolaze Engleska, Portugal, Argentina i mo\u017eda [&hellip;]","og_url":"https:\/\/radioljubuski.ba\/index.php\/2022\/04\/25\/slaven-bilic-hrvatska-ce-tesko-ponoviti-srebro-iz-rusije\/","og_site_name":"RADIO LJUBU\u0160KI","article_publisher":"https:\/\/www.facebook.com\/Radiio-Ljubuski-1490835324566332","article_published_time":"2022-04-25T08:08:55+00:00","article_modified_time":"2022-04-25T08:08:56+00:00","og_image":[{"width":275,"height":183,"url":"https:\/\/radioljubuski.ba\/wp-content\/uploads\/2022\/04\/bilic-1.jpg","type":"image\/jpeg"}],"author":"Radio Ljubu\u0161ki","twitter_card":"summary_large_image","twitter_creator":"@radioljubuski","twitter_site":"@radioljubuski","twitter_misc":{"Napisao\/la":"Radio Ljubu\u0161ki","Procijenjeno vrijeme \u010ditanja":"3 minute"},"schema":{"@context":"https:\/\/schema.org","@graph":[{"@type":"Article","@id":"https:\/\/radioljubuski.ba\/index.php\/2022\/04\/25\/slaven-bilic-hrvatska-ce-tesko-ponoviti-srebro-iz-rusije\/#article","isPartOf":{"@id":"https:\/\/radioljubuski.ba\/index.php\/2022\/04\/25\/slaven-bilic-hrvatska-ce-tesko-ponoviti-srebro-iz-rusije\/"},"author":{"name":"Radio Ljubu\u0161ki","@id":"https:\/\/radioljubuski.ba\/#\/schema\/person\/19fc700381a780f69665d7956c469e3b"},"headline":"Slaven Bili\u0107: Hrvatska \u0107e te\u0161ko ponoviti srebro iz Rusije","datePublished":"2022-04-25T08:08:55+00:00","dateModified":"2022-04-25T08:08:56+00:00","mainEntityOfPage":{"@id":"https:\/\/radioljubuski.ba\/index.php\/2022\/04\/25\/slaven-bilic-hrvatska-ce-tesko-ponoviti-srebro-iz-rusije\/"},"wordCount":592,"publisher":{"@id":"https:\/\/radioljubuski.ba\/#organization"},"image":{"@id":"https:\/\/radioljubuski.ba\/index.php\/2022\/04\/25\/slaven-bilic-hrvatska-ce-tesko-ponoviti-srebro-iz-rusije\/#primaryimage"},"thumbnailUrl":"https:\/\/radioljubuski.ba\/wp-content\/uploads\/2022\/04\/bilic-1.jpg","articleSection":["\u0160port"],"inLanguage":"hr"},{"@type":"WebPage","@id":"https:\/\/radioljubuski.ba\/index.php\/2022\/04\/25\/slaven-bilic-hrvatska-ce-tesko-ponoviti-srebro-iz-rusije\/","url":"https:\/\/radioljubuski.ba\/index.php\/2022\/04\/25\/slaven-bilic-hrvatska-ce-tesko-ponoviti-srebro-iz-rusije\/","name":"Slaven Bili\u0107: Hrvatska \u0107e te\u0161ko ponoviti srebro iz Rusije - RADIO LJUBU\u0160KI","isPartOf":{"@id":"https:\/\/radioljubuski.ba\/#website"},"primaryImageOfPage":{"@id":"https:\/\/radioljubuski.ba\/index.php\/2022\/04\/25\/slaven-bilic-hrvatska-ce-tesko-ponoviti-srebro-iz-rusije\/#primaryimage"},"image":{"@id":"https:\/\/radioljubuski.ba\/index.php\/2022\/04\/25\/slaven-bilic-hrvatska-ce-tesko-ponoviti-srebro-iz-rusije\/#primaryimage"},"thumbnailUrl":"https:\/\/radioljubuski.ba\/wp-content\/uploads\/2022\/04\/bilic-1.jpg","datePublished":"2022-04-25T08:08:55+00:00","dateModified":"2022-04-25T08:08:56+00:00","breadcrumb":{"@id":"https:\/\/radioljubuski.ba\/index.php\/2022\/04\/25\/slaven-bilic-hrvatska-ce-tesko-ponoviti-srebro-iz-rusije\/#breadcrumb"},"inLanguage":"hr","potentialAction":[{"@type":"ReadAction","target":["https:\/\/radioljubuski.ba\/index.php\/2022\/04\/25\/slaven-bilic-hrvatska-ce-tesko-ponoviti-srebro-iz-rusije\/"]}]},{"@type":"ImageObject","inLanguage":"hr","@id":"https:\/\/radioljubuski.ba\/index.php\/2022\/04\/25\/slaven-bilic-hrvatska-ce-tesko-ponoviti-srebro-iz-rusije\/#primaryimage","url":"https:\/\/radioljubuski.ba\/wp-content\/uploads\/2022\/04\/bilic-1.jpg","contentUrl":"https:\/\/radioljubuski.ba\/wp-content\/uploads\/2022\/04\/bilic-1.jpg","width":275,"height":183},{"@type":"BreadcrumbList","@id":"https:\/\/radioljubuski.ba\/index.php\/2022\/04\/25\/slaven-bilic-hrvatska-ce-tesko-ponoviti-srebro-iz-rusije\/#breadcrumb","itemListElement":[{"@type":"ListItem","position":1,"name":"Po\u010detna stranica","item":"https:\/\/radioljubuski.ba\/"},{"@type":"ListItem","position":2,"name":"Slaven Bili\u0107: Hrvatska \u0107e te\u0161ko ponoviti srebro iz Rusije"}]},{"@type":"WebSite","@id":"https:\/\/radioljubuski.ba\/#website","url":"https:\/\/radioljubuski.ba\/","name":"Radio Ljubu\u0161ki","description":"Sun\u010dana frekvencija Hercegovine","publisher":{"@id":"https:\/\/radioljubuski.ba\/#organization"},"potentialAction":[{"@type":"SearchAction","target":{"@type":"EntryPoint","urlTemplate":"https:\/\/radioljubuski.ba\/?s={search_term_string}"},"query-input":{"@type":"PropertyValueSpecification","valueRequired":true,"valueName":"search_term_string"}}],"inLanguage":"hr"},{"@type":"Organization","@id":"https:\/\/radioljubuski.ba\/#organization","name":"Radio Ljubu\u0161ki","url":"https:\/\/radioljubuski.ba\/","logo":{"@type":"ImageObject","inLanguage":"hr","@id":"https:\/\/radioljubuski.ba\/#\/schema\/logo\/image\/","url":"https:\/\/radioljubuski.ba\/wp-content\/uploads\/2021\/02\/cropped-Radio_Ljubuski_logo1.jpg","contentUrl":"https:\/\/radioljubuski.ba\/wp-content\/uploads\/2021\/02\/cropped-Radio_Ljubuski_logo1.jpg","width":512,"height":512,"caption":"Radio Ljubu\u0161ki"},"image":{"@id":"https:\/\/radioljubuski.ba\/#\/schema\/logo\/image\/"},"sameAs":["https:\/\/www.facebook.com\/Radiio-Ljubuski-1490835324566332","https:\/\/x.com\/radioljubuski","https:\/\/hr.linkedin.com\/company\/radio-ljubuski","https:\/\/www.youtube.com\/channel\/UCHYaeO_n0Db3tjNGudGpXyw"]},{"@type":"Person","@id":"https:\/\/radioljubuski.ba\/#\/schema\/person\/19fc700381a780f69665d7956c469e3b","name":"Radio Ljubu\u0161ki"}]}},"_links":{"self":[{"href":"https:\/\/radioljubuski.ba\/index.php\/wp-json\/wp\/v2\/posts\/135856","targetHints":{"allow":["GET"]}}],"collection":[{"href":"https:\/\/radioljubuski.ba\/index.php\/wp-json\/wp\/v2\/posts"}],"about":[{"href":"https:\/\/radioljubuski.ba\/index.php\/wp-json\/wp\/v2\/types\/post"}],"author":[{"embeddable":true,"href":"https:\/\/radioljubuski.ba\/index.php\/wp-json\/wp\/v2\/users\/2"}],"replies":[{"embeddable":true,"href":"https:\/\/radioljubuski.ba\/index.php\/wp-json\/wp\/v2\/comments?post=135856"}],"version-history":[{"count":1,"href":"https:\/\/radioljubuski.ba\/index.php\/wp-json\/wp\/v2\/posts\/135856\/revisions"}],"predecessor-version":[{"id":135858,"href":"https:\/\/radioljubuski.ba\/index.php\/wp-json\/wp\/v2\/posts\/135856\/revisions\/135858"}],"wp:featuredmedia":[{"embeddable":true,"href":"https:\/\/radioljubuski.ba\/index.php\/wp-json\/wp\/v2\/media\/135857"}],"wp:attachment":[{"href":"https:\/\/radioljubuski.ba\/index.php\/wp-json\/wp\/v2\/media?parent=135856"}],"wp:term":[{"taxonomy":"category","embeddable":true,"href":"https:\/\/radioljubuski.ba\/index.php\/wp-json\/wp\/v2\/categories?post=135856"},{"taxonomy":"post_tag","embeddable":true,"href":"https:\/\/radioljubuski.ba\/index.php\/wp-json\/wp\/v2\/tags?post=135856"}],"curies":[{"name":"wp","href":"https:\/\/api.w.org\/{rel}","templated":true}]}}