{"id":135946,"date":"2022-04-25T10:46:29","date_gmt":"2022-04-25T09:46:29","guid":{"rendered":"https:\/\/radioljubuski.ba\/?p=135946"},"modified":"2022-04-25T10:46:30","modified_gmt":"2022-04-25T09:46:30","slug":"marin-cilic-pao-za-jedno-mjesto-na-novoj-atp-ljestvici","status":"publish","type":"post","link":"https:\/\/radioljubuski.ba\/index.php\/2022\/04\/25\/marin-cilic-pao-za-jedno-mjesto-na-novoj-atp-ljestvici\/","title":{"rendered":"Marin \u010cili\u0107 pao za jedno mjesto na novoj ATP ljestvici"},"content":{"rendered":"\n<p>Najbolji hrvatski tenisa\u010d Marin \u010cili\u0107 pao je za jedno mjesto na novoj ATP ljestvici te je sada 23. igra\u010d svijeta, dok je Srbin Novak \u0110okovi\u0107 zadr\u017eao prvo mjesto.<\/p>\n\n\n\n<p>\u0110okovi\u0107 sada ima 320 bodova prednosti ispred prvog pratitelja Danila Medvedeva, dok je tre\u0107i Nijemac Alexander Zverev s gotovo 1000 bodova manje.<\/p>\n\n\n\n<p>Novi &#8220;stanovnik&#8221; prvih 10 je 18-godi\u0161nji \u0160panjolac Carlos Alcaraz koji je osvojenim naslovom u Barceloni stigao sa 11. na devetu poziciju.<\/p>\n\n\n\n<p>ATP LJESTVICA (u zagradama su pro\u0161lotjedni plasmani):<\/p>\n\n\n\n<p>1 (1) Novak \u0110okovi\u0107 (Srb) 8,400<br>2 (2) Danil Medvedev 8,080<br>3 (3) Alexander Zverev (Njem) 7,465<br>4 (4) Rafael Nadal (\u0160pa) 6,435<br>5 (5) Stefanos Tsitsipas (Gr\u010d) 5,770<br>6 (6) Matteo Berrettini (Ita) 4,570<br>7 (7) Casper Ruud (Nor) 4,110<br>8 (8) Andrej Rubljov 4,025<br>9 (11) Carlos Alcaraz (\u0160pa) 3,827<br>10 (9) Felix Auger-Aliassime (Kan) 3,625<\/p>\n\n\n\n<p>Izvor:pogled.ba<\/p>\n","protected":false},"excerpt":{"rendered":"<p>Najbolji hrvatski tenisa\u010d Marin \u010cili\u0107 pao je za jedno mjesto na novoj ATP ljestvici te je sada 23. igra\u010d svijeta, dok je Srbin Novak \u0110okovi\u0107 zadr\u017eao prvo mjesto. \u0110okovi\u0107 sada ima 320 bodova prednosti ispred prvog pratitelja Danila Medvedeva, dok je tre\u0107i Nijemac Alexander Zverev s gotovo 1000 bodova manje. Novi &#8220;stanovnik&#8221; prvih 10 je [&hellip;]<\/p>\n","protected":false},"author":2,"featured_media":54805,"comment_status":"closed","ping_status":"closed","sticky":false,"template":"","format":"standard","meta":{"h5ap_radio_sources":[],"footnotes":""},"categories":[7],"tags":[],"class_list":["post-135946","post","type-post","status-publish","format-standard","has-post-thumbnail","hentry","category-sport"],"yoast_head":"<!-- This site is optimized with the Yoast SEO plugin v27.4 - https:\/\/yoast.com\/product\/yoast-seo-wordpress\/ -->\n<title>Marin \u010cili\u0107 pao za jedno mjesto na novoj ATP ljestvici - RADIO LJUBU\u0160KI<\/title>\n<meta name=\"robots\" content=\"index, follow, max-snippet:-1, max-image-preview:large, max-video-preview:-1\" \/>\n<link rel=\"canonical\" href=\"https:\/\/radioljubuski.ba\/index.php\/2022\/04\/25\/marin-cilic-pao-za-jedno-mjesto-na-novoj-atp-ljestvici\/\" \/>\n<meta property=\"og:locale\" content=\"hr_HR\" \/>\n<meta property=\"og:type\" content=\"article\" \/>\n<meta property=\"og:title\" content=\"Marin \u010cili\u0107 pao za jedno mjesto na novoj ATP ljestvici - RADIO LJUBU\u0160KI\" \/>\n<meta property=\"og:description\" content=\"Najbolji hrvatski tenisa\u010d Marin \u010cili\u0107 pao je za jedno mjesto na novoj ATP ljestvici te je sada 23. igra\u010d svijeta, dok je Srbin Novak \u0110okovi\u0107 zadr\u017eao prvo mjesto. \u0110okovi\u0107 sada ima 320 bodova prednosti ispred prvog pratitelja Danila Medvedeva, dok je tre\u0107i Nijemac Alexander Zverev s gotovo 1000 bodova manje. Novi &#8220;stanovnik&#8221; prvih 10 je [&hellip;]\" \/>\n<meta property=\"og:url\" content=\"https:\/\/radioljubuski.ba\/index.php\/2022\/04\/25\/marin-cilic-pao-za-jedno-mjesto-na-novoj-atp-ljestvici\/\" \/>\n<meta property=\"og:site_name\" content=\"RADIO LJUBU\u0160KI\" \/>\n<meta property=\"article:publisher\" content=\"https:\/\/www.facebook.com\/Radiio-Ljubuski-1490835324566332\" \/>\n<meta property=\"article:published_time\" content=\"2022-04-25T09:46:29+00:00\" \/>\n<meta property=\"article:modified_time\" content=\"2022-04-25T09:46:30+00:00\" \/>\n<meta property=\"og:image\" content=\"https:\/\/radioljubuski.ba\/wp-content\/uploads\/2021\/08\/cilic.jpg\" \/>\n\t<meta property=\"og:image:width\" content=\"1000\" \/>\n\t<meta property=\"og:image:height\" content=\"625\" \/>\n\t<meta property=\"og:image:type\" content=\"image\/jpeg\" \/>\n<meta name=\"author\" content=\"Radio Ljubu\u0161ki\" \/>\n<meta name=\"twitter:card\" content=\"summary_large_image\" \/>\n<meta name=\"twitter:creator\" content=\"@radioljubuski\" \/>\n<meta name=\"twitter:site\" content=\"@radioljubuski\" \/>\n<meta name=\"twitter:label1\" content=\"Napisao\/la\" \/>\n\t<meta name=\"twitter:data1\" content=\"Radio Ljubu\u0161ki\" \/>\n\t<meta name=\"twitter:label2\" content=\"Procijenjeno vrijeme \u010ditanja\" \/>\n\t<meta name=\"twitter:data2\" content=\"1 minuta\" \/>\n<script type=\"application\/ld+json\" class=\"yoast-schema-graph\">{\"@context\":\"https:\\\/\\\/schema.org\",\"@graph\":[{\"@type\":\"Article\",\"@id\":\"https:\\\/\\\/radioljubuski.ba\\\/index.php\\\/2022\\\/04\\\/25\\\/marin-cilic-pao-za-jedno-mjesto-na-novoj-atp-ljestvici\\\/#article\",\"isPartOf\":{\"@id\":\"https:\\\/\\\/radioljubuski.ba\\\/index.php\\\/2022\\\/04\\\/25\\\/marin-cilic-pao-za-jedno-mjesto-na-novoj-atp-ljestvici\\\/\"},\"author\":{\"name\":\"Radio Ljubu\u0161ki\",\"@id\":\"https:\\\/\\\/radioljubuski.ba\\\/#\\\/schema\\\/person\\\/19fc700381a780f69665d7956c469e3b\"},\"headline\":\"Marin \u010cili\u0107 pao za jedno mjesto na novoj ATP ljestvici\",\"datePublished\":\"2022-04-25T09:46:29+00:00\",\"dateModified\":\"2022-04-25T09:46:30+00:00\",\"mainEntityOfPage\":{\"@id\":\"https:\\\/\\\/radioljubuski.ba\\\/index.php\\\/2022\\\/04\\\/25\\\/marin-cilic-pao-za-jedno-mjesto-na-novoj-atp-ljestvici\\\/\"},\"wordCount\":118,\"publisher\":{\"@id\":\"https:\\\/\\\/radioljubuski.ba\\\/#organization\"},\"image\":{\"@id\":\"https:\\\/\\\/radioljubuski.ba\\\/index.php\\\/2022\\\/04\\\/25\\\/marin-cilic-pao-za-jedno-mjesto-na-novoj-atp-ljestvici\\\/#primaryimage\"},\"thumbnailUrl\":\"https:\\\/\\\/radioljubuski.ba\\\/wp-content\\\/uploads\\\/2021\\\/08\\\/cilic.jpg\",\"articleSection\":[\"\u0160port\"],\"inLanguage\":\"hr\"},{\"@type\":\"WebPage\",\"@id\":\"https:\\\/\\\/radioljubuski.ba\\\/index.php\\\/2022\\\/04\\\/25\\\/marin-cilic-pao-za-jedno-mjesto-na-novoj-atp-ljestvici\\\/\",\"url\":\"https:\\\/\\\/radioljubuski.ba\\\/index.php\\\/2022\\\/04\\\/25\\\/marin-cilic-pao-za-jedno-mjesto-na-novoj-atp-ljestvici\\\/\",\"name\":\"Marin \u010cili\u0107 pao za jedno mjesto na novoj ATP ljestvici - RADIO LJUBU\u0160KI\",\"isPartOf\":{\"@id\":\"https:\\\/\\\/radioljubuski.ba\\\/#website\"},\"primaryImageOfPage\":{\"@id\":\"https:\\\/\\\/radioljubuski.ba\\\/index.php\\\/2022\\\/04\\\/25\\\/marin-cilic-pao-za-jedno-mjesto-na-novoj-atp-ljestvici\\\/#primaryimage\"},\"image\":{\"@id\":\"https:\\\/\\\/radioljubuski.ba\\\/index.php\\\/2022\\\/04\\\/25\\\/marin-cilic-pao-za-jedno-mjesto-na-novoj-atp-ljestvici\\\/#primaryimage\"},\"thumbnailUrl\":\"https:\\\/\\\/radioljubuski.ba\\\/wp-content\\\/uploads\\\/2021\\\/08\\\/cilic.jpg\",\"datePublished\":\"2022-04-25T09:46:29+00:00\",\"dateModified\":\"2022-04-25T09:46:30+00:00\",\"breadcrumb\":{\"@id\":\"https:\\\/\\\/radioljubuski.ba\\\/index.php\\\/2022\\\/04\\\/25\\\/marin-cilic-pao-za-jedno-mjesto-na-novoj-atp-ljestvici\\\/#breadcrumb\"},\"inLanguage\":\"hr\",\"potentialAction\":[{\"@type\":\"ReadAction\",\"target\":[\"https:\\\/\\\/radioljubuski.ba\\\/index.php\\\/2022\\\/04\\\/25\\\/marin-cilic-pao-za-jedno-mjesto-na-novoj-atp-ljestvici\\\/\"]}]},{\"@type\":\"ImageObject\",\"inLanguage\":\"hr\",\"@id\":\"https:\\\/\\\/radioljubuski.ba\\\/index.php\\\/2022\\\/04\\\/25\\\/marin-cilic-pao-za-jedno-mjesto-na-novoj-atp-ljestvici\\\/#primaryimage\",\"url\":\"https:\\\/\\\/radioljubuski.ba\\\/wp-content\\\/uploads\\\/2021\\\/08\\\/cilic.jpg\",\"contentUrl\":\"https:\\\/\\\/radioljubuski.ba\\\/wp-content\\\/uploads\\\/2021\\\/08\\\/cilic.jpg\",\"width\":1000,\"height\":625},{\"@type\":\"BreadcrumbList\",\"@id\":\"https:\\\/\\\/radioljubuski.ba\\\/index.php\\\/2022\\\/04\\\/25\\\/marin-cilic-pao-za-jedno-mjesto-na-novoj-atp-ljestvici\\\/#breadcrumb\",\"itemListElement\":[{\"@type\":\"ListItem\",\"position\":1,\"name\":\"Po\u010detna stranica\",\"item\":\"https:\\\/\\\/radioljubuski.ba\\\/\"},{\"@type\":\"ListItem\",\"position\":2,\"name\":\"Marin \u010cili\u0107 pao za jedno mjesto na novoj ATP ljestvici\"}]},{\"@type\":\"WebSite\",\"@id\":\"https:\\\/\\\/radioljubuski.ba\\\/#website\",\"url\":\"https:\\\/\\\/radioljubuski.ba\\\/\",\"name\":\"Radio Ljubu\u0161ki\",\"description\":\"Sun\u010dana frekvencija Hercegovine\",\"publisher\":{\"@id\":\"https:\\\/\\\/radioljubuski.ba\\\/#organization\"},\"potentialAction\":[{\"@type\":\"SearchAction\",\"target\":{\"@type\":\"EntryPoint\",\"urlTemplate\":\"https:\\\/\\\/radioljubuski.ba\\\/?s={search_term_string}\"},\"query-input\":{\"@type\":\"PropertyValueSpecification\",\"valueRequired\":true,\"valueName\":\"search_term_string\"}}],\"inLanguage\":\"hr\"},{\"@type\":\"Organization\",\"@id\":\"https:\\\/\\\/radioljubuski.ba\\\/#organization\",\"name\":\"Radio Ljubu\u0161ki\",\"url\":\"https:\\\/\\\/radioljubuski.ba\\\/\",\"logo\":{\"@type\":\"ImageObject\",\"inLanguage\":\"hr\",\"@id\":\"https:\\\/\\\/radioljubuski.ba\\\/#\\\/schema\\\/logo\\\/image\\\/\",\"url\":\"https:\\\/\\\/radioljubuski.ba\\\/wp-content\\\/uploads\\\/2021\\\/02\\\/cropped-Radio_Ljubuski_logo1.jpg\",\"contentUrl\":\"https:\\\/\\\/radioljubuski.ba\\\/wp-content\\\/uploads\\\/2021\\\/02\\\/cropped-Radio_Ljubuski_logo1.jpg\",\"width\":512,\"height\":512,\"caption\":\"Radio Ljubu\u0161ki\"},\"image\":{\"@id\":\"https:\\\/\\\/radioljubuski.ba\\\/#\\\/schema\\\/logo\\\/image\\\/\"},\"sameAs\":[\"https:\\\/\\\/www.facebook.com\\\/Radiio-Ljubuski-1490835324566332\",\"https:\\\/\\\/x.com\\\/radioljubuski\",\"https:\\\/\\\/hr.linkedin.com\\\/company\\\/radio-ljubuski\",\"https:\\\/\\\/www.youtube.com\\\/channel\\\/UCHYaeO_n0Db3tjNGudGpXyw\"]},{\"@type\":\"Person\",\"@id\":\"https:\\\/\\\/radioljubuski.ba\\\/#\\\/schema\\\/person\\\/19fc700381a780f69665d7956c469e3b\",\"name\":\"Radio Ljubu\u0161ki\"}]}<\/script>\n<!-- \/ Yoast SEO plugin. -->","yoast_head_json":{"title":"Marin \u010cili\u0107 pao za jedno mjesto na novoj ATP ljestvici - RADIO LJUBU\u0160KI","robots":{"index":"index","follow":"follow","max-snippet":"max-snippet:-1","max-image-preview":"max-image-preview:large","max-video-preview":"max-video-preview:-1"},"canonical":"https:\/\/radioljubuski.ba\/index.php\/2022\/04\/25\/marin-cilic-pao-za-jedno-mjesto-na-novoj-atp-ljestvici\/","og_locale":"hr_HR","og_type":"article","og_title":"Marin \u010cili\u0107 pao za jedno mjesto na novoj ATP ljestvici - RADIO LJUBU\u0160KI","og_description":"Najbolji hrvatski tenisa\u010d Marin \u010cili\u0107 pao je za jedno mjesto na novoj ATP ljestvici te je sada 23. igra\u010d svijeta, dok je Srbin Novak \u0110okovi\u0107 zadr\u017eao prvo mjesto. \u0110okovi\u0107 sada ima 320 bodova prednosti ispred prvog pratitelja Danila Medvedeva, dok je tre\u0107i Nijemac Alexander Zverev s gotovo 1000 bodova manje. Novi &#8220;stanovnik&#8221; prvih 10 je [&hellip;]","og_url":"https:\/\/radioljubuski.ba\/index.php\/2022\/04\/25\/marin-cilic-pao-za-jedno-mjesto-na-novoj-atp-ljestvici\/","og_site_name":"RADIO LJUBU\u0160KI","article_publisher":"https:\/\/www.facebook.com\/Radiio-Ljubuski-1490835324566332","article_published_time":"2022-04-25T09:46:29+00:00","article_modified_time":"2022-04-25T09:46:30+00:00","og_image":[{"width":1000,"height":625,"url":"https:\/\/radioljubuski.ba\/wp-content\/uploads\/2021\/08\/cilic.jpg","type":"image\/jpeg"}],"author":"Radio Ljubu\u0161ki","twitter_card":"summary_large_image","twitter_creator":"@radioljubuski","twitter_site":"@radioljubuski","twitter_misc":{"Napisao\/la":"Radio Ljubu\u0161ki","Procijenjeno vrijeme \u010ditanja":"1 minuta"},"schema":{"@context":"https:\/\/schema.org","@graph":[{"@type":"Article","@id":"https:\/\/radioljubuski.ba\/index.php\/2022\/04\/25\/marin-cilic-pao-za-jedno-mjesto-na-novoj-atp-ljestvici\/#article","isPartOf":{"@id":"https:\/\/radioljubuski.ba\/index.php\/2022\/04\/25\/marin-cilic-pao-za-jedno-mjesto-na-novoj-atp-ljestvici\/"},"author":{"name":"Radio Ljubu\u0161ki","@id":"https:\/\/radioljubuski.ba\/#\/schema\/person\/19fc700381a780f69665d7956c469e3b"},"headline":"Marin \u010cili\u0107 pao za jedno mjesto na novoj ATP ljestvici","datePublished":"2022-04-25T09:46:29+00:00","dateModified":"2022-04-25T09:46:30+00:00","mainEntityOfPage":{"@id":"https:\/\/radioljubuski.ba\/index.php\/2022\/04\/25\/marin-cilic-pao-za-jedno-mjesto-na-novoj-atp-ljestvici\/"},"wordCount":118,"publisher":{"@id":"https:\/\/radioljubuski.ba\/#organization"},"image":{"@id":"https:\/\/radioljubuski.ba\/index.php\/2022\/04\/25\/marin-cilic-pao-za-jedno-mjesto-na-novoj-atp-ljestvici\/#primaryimage"},"thumbnailUrl":"https:\/\/radioljubuski.ba\/wp-content\/uploads\/2021\/08\/cilic.jpg","articleSection":["\u0160port"],"inLanguage":"hr"},{"@type":"WebPage","@id":"https:\/\/radioljubuski.ba\/index.php\/2022\/04\/25\/marin-cilic-pao-za-jedno-mjesto-na-novoj-atp-ljestvici\/","url":"https:\/\/radioljubuski.ba\/index.php\/2022\/04\/25\/marin-cilic-pao-za-jedno-mjesto-na-novoj-atp-ljestvici\/","name":"Marin \u010cili\u0107 pao za jedno mjesto na novoj ATP ljestvici - RADIO LJUBU\u0160KI","isPartOf":{"@id":"https:\/\/radioljubuski.ba\/#website"},"primaryImageOfPage":{"@id":"https:\/\/radioljubuski.ba\/index.php\/2022\/04\/25\/marin-cilic-pao-za-jedno-mjesto-na-novoj-atp-ljestvici\/#primaryimage"},"image":{"@id":"https:\/\/radioljubuski.ba\/index.php\/2022\/04\/25\/marin-cilic-pao-za-jedno-mjesto-na-novoj-atp-ljestvici\/#primaryimage"},"thumbnailUrl":"https:\/\/radioljubuski.ba\/wp-content\/uploads\/2021\/08\/cilic.jpg","datePublished":"2022-04-25T09:46:29+00:00","dateModified":"2022-04-25T09:46:30+00:00","breadcrumb":{"@id":"https:\/\/radioljubuski.ba\/index.php\/2022\/04\/25\/marin-cilic-pao-za-jedno-mjesto-na-novoj-atp-ljestvici\/#breadcrumb"},"inLanguage":"hr","potentialAction":[{"@type":"ReadAction","target":["https:\/\/radioljubuski.ba\/index.php\/2022\/04\/25\/marin-cilic-pao-za-jedno-mjesto-na-novoj-atp-ljestvici\/"]}]},{"@type":"ImageObject","inLanguage":"hr","@id":"https:\/\/radioljubuski.ba\/index.php\/2022\/04\/25\/marin-cilic-pao-za-jedno-mjesto-na-novoj-atp-ljestvici\/#primaryimage","url":"https:\/\/radioljubuski.ba\/wp-content\/uploads\/2021\/08\/cilic.jpg","contentUrl":"https:\/\/radioljubuski.ba\/wp-content\/uploads\/2021\/08\/cilic.jpg","width":1000,"height":625},{"@type":"BreadcrumbList","@id":"https:\/\/radioljubuski.ba\/index.php\/2022\/04\/25\/marin-cilic-pao-za-jedno-mjesto-na-novoj-atp-ljestvici\/#breadcrumb","itemListElement":[{"@type":"ListItem","position":1,"name":"Po\u010detna stranica","item":"https:\/\/radioljubuski.ba\/"},{"@type":"ListItem","position":2,"name":"Marin \u010cili\u0107 pao za jedno mjesto na novoj ATP ljestvici"}]},{"@type":"WebSite","@id":"https:\/\/radioljubuski.ba\/#website","url":"https:\/\/radioljubuski.ba\/","name":"Radio Ljubu\u0161ki","description":"Sun\u010dana frekvencija Hercegovine","publisher":{"@id":"https:\/\/radioljubuski.ba\/#organization"},"potentialAction":[{"@type":"SearchAction","target":{"@type":"EntryPoint","urlTemplate":"https:\/\/radioljubuski.ba\/?s={search_term_string}"},"query-input":{"@type":"PropertyValueSpecification","valueRequired":true,"valueName":"search_term_string"}}],"inLanguage":"hr"},{"@type":"Organization","@id":"https:\/\/radioljubuski.ba\/#organization","name":"Radio Ljubu\u0161ki","url":"https:\/\/radioljubuski.ba\/","logo":{"@type":"ImageObject","inLanguage":"hr","@id":"https:\/\/radioljubuski.ba\/#\/schema\/logo\/image\/","url":"https:\/\/radioljubuski.ba\/wp-content\/uploads\/2021\/02\/cropped-Radio_Ljubuski_logo1.jpg","contentUrl":"https:\/\/radioljubuski.ba\/wp-content\/uploads\/2021\/02\/cropped-Radio_Ljubuski_logo1.jpg","width":512,"height":512,"caption":"Radio Ljubu\u0161ki"},"image":{"@id":"https:\/\/radioljubuski.ba\/#\/schema\/logo\/image\/"},"sameAs":["https:\/\/www.facebook.com\/Radiio-Ljubuski-1490835324566332","https:\/\/x.com\/radioljubuski","https:\/\/hr.linkedin.com\/company\/radio-ljubuski","https:\/\/www.youtube.com\/channel\/UCHYaeO_n0Db3tjNGudGpXyw"]},{"@type":"Person","@id":"https:\/\/radioljubuski.ba\/#\/schema\/person\/19fc700381a780f69665d7956c469e3b","name":"Radio Ljubu\u0161ki"}]}},"_links":{"self":[{"href":"https:\/\/radioljubuski.ba\/index.php\/wp-json\/wp\/v2\/posts\/135946","targetHints":{"allow":["GET"]}}],"collection":[{"href":"https:\/\/radioljubuski.ba\/index.php\/wp-json\/wp\/v2\/posts"}],"about":[{"href":"https:\/\/radioljubuski.ba\/index.php\/wp-json\/wp\/v2\/types\/post"}],"author":[{"embeddable":true,"href":"https:\/\/radioljubuski.ba\/index.php\/wp-json\/wp\/v2\/users\/2"}],"replies":[{"embeddable":true,"href":"https:\/\/radioljubuski.ba\/index.php\/wp-json\/wp\/v2\/comments?post=135946"}],"version-history":[{"count":1,"href":"https:\/\/radioljubuski.ba\/index.php\/wp-json\/wp\/v2\/posts\/135946\/revisions"}],"predecessor-version":[{"id":135947,"href":"https:\/\/radioljubuski.ba\/index.php\/wp-json\/wp\/v2\/posts\/135946\/revisions\/135947"}],"wp:featuredmedia":[{"embeddable":true,"href":"https:\/\/radioljubuski.ba\/index.php\/wp-json\/wp\/v2\/media\/54805"}],"wp:attachment":[{"href":"https:\/\/radioljubuski.ba\/index.php\/wp-json\/wp\/v2\/media?parent=135946"}],"wp:term":[{"taxonomy":"category","embeddable":true,"href":"https:\/\/radioljubuski.ba\/index.php\/wp-json\/wp\/v2\/categories?post=135946"},{"taxonomy":"post_tag","embeddable":true,"href":"https:\/\/radioljubuski.ba\/index.php\/wp-json\/wp\/v2\/tags?post=135946"}],"curies":[{"name":"wp","href":"https:\/\/api.w.org\/{rel}","templated":true}]}}