{"id":135981,"date":"2022-04-25T12:12:30","date_gmt":"2022-04-25T11:12:30","guid":{"rendered":"https:\/\/radioljubuski.ba\/?p=135981"},"modified":"2022-04-25T12:12:31","modified_gmt":"2022-04-25T11:12:31","slug":"nokautirao-suca-nakon-sto-mu-je-dodijelio-crveni-karton","status":"publish","type":"post","link":"https:\/\/radioljubuski.ba\/index.php\/2022\/04\/25\/nokautirao-suca-nakon-sto-mu-je-dodijelio-crveni-karton\/","title":{"rendered":"Nokautirao suca nakon \u0161to mu je dodijelio crveni karton!"},"content":{"rendered":"\n<p>Na utakmici Velebita iz Gra\u010daca i Vr\u010deva iz Glavice u Drugoj \u017eupanijskoj nogometnoj ligi Zadarske \u017eupanije dogodio se ru\u017ean incident.&nbsp;<\/p>\n\n\n\n<p>Bila je to 72. minuta utakmice kada je nogometa\u0161 Vr\u010deva Bruno \u0160tevanja dobio crveni karton nakon jednog prekr\u0161aja. Prigovarao je sucu, no ni\u0161ta nije donosilo ploda, pa je udario djelitelja pravde \u0161akom u glavu, pi\u0161e Zadarski.hr.<\/p>\n\n\n\n<p>Sudac je le\u017eao na travi u nokautu i nije bio u stanju nastaviti utakmicu, pa ju je prekinuo nakon \u0161to je do\u0161ao k sebi, a uskoro je igrali\u0161te u Gra\u010dacu okupirala policija koja je do\u0161la ispitati svjedoke i glavne aktere doga\u0111aja.<\/p>\n\n\n\n<p>Vr\u010devo je suspendiralo \u0160tevanju i bit \u0107e izvan mom\u010dadi do daljnjega, a uz to mu prijeti i kaznena prijava.&nbsp;<\/p>\n\n\n\n<p>Delegat je zapisao:&nbsp;<\/p>\n\n\n\n<p>&#8211; Nakon \u0161to je glavni sudac Slaven \u010cirjak dodijelio Bruni \u0160tevanji crveni karton, ovaj se zaletio prema njemu i udario ga \u0161akom iznad desnog oka. Sudac se od udarca sru\u0161io na pod. Nakon ukazane medicinske pomo\u0107i u 72. minuti odsvirao je prekid utakmice. Nije bio sposoban nastaviti utakmicu. Nakon prekida utakmice, na igrali\u0161te je stigla ophodnja MUP-a, da bi obavila razgovor sa sucem i igra\u010dem koji je udario suca. Kapetan ekipe gostiju &#8211; predstavnik kluba izjavio je da potra\u017euje da se dostavi snimka utakmice njima u klub na uvid kako bi razmotrili eventualnu \u017ealbu na su\u0111enje. U veoma rastrganoj i nervoznoj utakmici zbog opisanog doga\u0111aja nastupio je prekid u 72. minuti.&nbsp;<\/p>\n\n\n\n<p>NK Vr\u010devo se ispri\u010dalo zbog gluposti svog igra\u010da.<\/p>\n\n\n\n<p>Izvor:pogled.ba<\/p>\n","protected":false},"excerpt":{"rendered":"<p>Na utakmici Velebita iz Gra\u010daca i Vr\u010deva iz Glavice u Drugoj \u017eupanijskoj nogometnoj ligi Zadarske \u017eupanije dogodio se ru\u017ean incident.&nbsp; Bila je to 72. minuta utakmice kada je nogometa\u0161 Vr\u010deva Bruno \u0160tevanja dobio crveni karton nakon jednog prekr\u0161aja. Prigovarao je sucu, no ni\u0161ta nije donosilo ploda, pa je udario djelitelja pravde \u0161akom u glavu, pi\u0161e [&hellip;]<\/p>\n","protected":false},"author":2,"featured_media":135982,"comment_status":"closed","ping_status":"closed","sticky":false,"template":"","format":"standard","meta":{"h5ap_radio_sources":[],"footnotes":""},"categories":[7],"tags":[],"class_list":["post-135981","post","type-post","status-publish","format-standard","has-post-thumbnail","hentry","category-sport"],"yoast_head":"<!-- This site is optimized with the Yoast SEO plugin v27.4 - https:\/\/yoast.com\/product\/yoast-seo-wordpress\/ -->\n<title>Nokautirao suca nakon \u0161to mu je dodijelio crveni karton! - RADIO LJUBU\u0160KI<\/title>\n<meta name=\"robots\" content=\"index, follow, max-snippet:-1, max-image-preview:large, max-video-preview:-1\" \/>\n<link rel=\"canonical\" href=\"https:\/\/radioljubuski.ba\/index.php\/2022\/04\/25\/nokautirao-suca-nakon-sto-mu-je-dodijelio-crveni-karton\/\" \/>\n<meta property=\"og:locale\" content=\"hr_HR\" \/>\n<meta property=\"og:type\" content=\"article\" \/>\n<meta property=\"og:title\" content=\"Nokautirao suca nakon \u0161to mu je dodijelio crveni karton! - RADIO LJUBU\u0160KI\" \/>\n<meta property=\"og:description\" content=\"Na utakmici Velebita iz Gra\u010daca i Vr\u010deva iz Glavice u Drugoj \u017eupanijskoj nogometnoj ligi Zadarske \u017eupanije dogodio se ru\u017ean incident.&nbsp; Bila je to 72. minuta utakmice kada je nogometa\u0161 Vr\u010deva Bruno \u0160tevanja dobio crveni karton nakon jednog prekr\u0161aja. Prigovarao je sucu, no ni\u0161ta nije donosilo ploda, pa je udario djelitelja pravde \u0161akom u glavu, pi\u0161e [&hellip;]\" \/>\n<meta property=\"og:url\" content=\"https:\/\/radioljubuski.ba\/index.php\/2022\/04\/25\/nokautirao-suca-nakon-sto-mu-je-dodijelio-crveni-karton\/\" \/>\n<meta property=\"og:site_name\" content=\"RADIO LJUBU\u0160KI\" \/>\n<meta property=\"article:publisher\" content=\"https:\/\/www.facebook.com\/Radiio-Ljubuski-1490835324566332\" \/>\n<meta property=\"article:published_time\" content=\"2022-04-25T11:12:30+00:00\" \/>\n<meta property=\"article:modified_time\" content=\"2022-04-25T11:12:31+00:00\" \/>\n<meta property=\"og:image\" content=\"https:\/\/radioljubuski.ba\/wp-content\/uploads\/2022\/04\/crveni-karton-300x243-1.jpg\" \/>\n\t<meta property=\"og:image:width\" content=\"300\" \/>\n\t<meta property=\"og:image:height\" content=\"243\" \/>\n\t<meta property=\"og:image:type\" content=\"image\/jpeg\" \/>\n<meta name=\"author\" content=\"Radio Ljubu\u0161ki\" \/>\n<meta name=\"twitter:card\" content=\"summary_large_image\" \/>\n<meta name=\"twitter:creator\" content=\"@radioljubuski\" \/>\n<meta name=\"twitter:site\" content=\"@radioljubuski\" \/>\n<meta name=\"twitter:label1\" content=\"Napisao\/la\" \/>\n\t<meta name=\"twitter:data1\" content=\"Radio Ljubu\u0161ki\" \/>\n\t<meta name=\"twitter:label2\" content=\"Procijenjeno vrijeme \u010ditanja\" \/>\n\t<meta name=\"twitter:data2\" content=\"2 minute\" \/>\n<script type=\"application\/ld+json\" class=\"yoast-schema-graph\">{\"@context\":\"https:\\\/\\\/schema.org\",\"@graph\":[{\"@type\":\"Article\",\"@id\":\"https:\\\/\\\/radioljubuski.ba\\\/index.php\\\/2022\\\/04\\\/25\\\/nokautirao-suca-nakon-sto-mu-je-dodijelio-crveni-karton\\\/#article\",\"isPartOf\":{\"@id\":\"https:\\\/\\\/radioljubuski.ba\\\/index.php\\\/2022\\\/04\\\/25\\\/nokautirao-suca-nakon-sto-mu-je-dodijelio-crveni-karton\\\/\"},\"author\":{\"name\":\"Radio Ljubu\u0161ki\",\"@id\":\"https:\\\/\\\/radioljubuski.ba\\\/#\\\/schema\\\/person\\\/19fc700381a780f69665d7956c469e3b\"},\"headline\":\"Nokautirao suca nakon \u0161to mu je dodijelio crveni karton!\",\"datePublished\":\"2022-04-25T11:12:30+00:00\",\"dateModified\":\"2022-04-25T11:12:31+00:00\",\"mainEntityOfPage\":{\"@id\":\"https:\\\/\\\/radioljubuski.ba\\\/index.php\\\/2022\\\/04\\\/25\\\/nokautirao-suca-nakon-sto-mu-je-dodijelio-crveni-karton\\\/\"},\"wordCount\":277,\"publisher\":{\"@id\":\"https:\\\/\\\/radioljubuski.ba\\\/#organization\"},\"image\":{\"@id\":\"https:\\\/\\\/radioljubuski.ba\\\/index.php\\\/2022\\\/04\\\/25\\\/nokautirao-suca-nakon-sto-mu-je-dodijelio-crveni-karton\\\/#primaryimage\"},\"thumbnailUrl\":\"https:\\\/\\\/radioljubuski.ba\\\/wp-content\\\/uploads\\\/2022\\\/04\\\/crveni-karton-300x243-1.jpg\",\"articleSection\":[\"\u0160port\"],\"inLanguage\":\"hr\"},{\"@type\":\"WebPage\",\"@id\":\"https:\\\/\\\/radioljubuski.ba\\\/index.php\\\/2022\\\/04\\\/25\\\/nokautirao-suca-nakon-sto-mu-je-dodijelio-crveni-karton\\\/\",\"url\":\"https:\\\/\\\/radioljubuski.ba\\\/index.php\\\/2022\\\/04\\\/25\\\/nokautirao-suca-nakon-sto-mu-je-dodijelio-crveni-karton\\\/\",\"name\":\"Nokautirao suca nakon \u0161to mu je dodijelio crveni karton! - RADIO LJUBU\u0160KI\",\"isPartOf\":{\"@id\":\"https:\\\/\\\/radioljubuski.ba\\\/#website\"},\"primaryImageOfPage\":{\"@id\":\"https:\\\/\\\/radioljubuski.ba\\\/index.php\\\/2022\\\/04\\\/25\\\/nokautirao-suca-nakon-sto-mu-je-dodijelio-crveni-karton\\\/#primaryimage\"},\"image\":{\"@id\":\"https:\\\/\\\/radioljubuski.ba\\\/index.php\\\/2022\\\/04\\\/25\\\/nokautirao-suca-nakon-sto-mu-je-dodijelio-crveni-karton\\\/#primaryimage\"},\"thumbnailUrl\":\"https:\\\/\\\/radioljubuski.ba\\\/wp-content\\\/uploads\\\/2022\\\/04\\\/crveni-karton-300x243-1.jpg\",\"datePublished\":\"2022-04-25T11:12:30+00:00\",\"dateModified\":\"2022-04-25T11:12:31+00:00\",\"breadcrumb\":{\"@id\":\"https:\\\/\\\/radioljubuski.ba\\\/index.php\\\/2022\\\/04\\\/25\\\/nokautirao-suca-nakon-sto-mu-je-dodijelio-crveni-karton\\\/#breadcrumb\"},\"inLanguage\":\"hr\",\"potentialAction\":[{\"@type\":\"ReadAction\",\"target\":[\"https:\\\/\\\/radioljubuski.ba\\\/index.php\\\/2022\\\/04\\\/25\\\/nokautirao-suca-nakon-sto-mu-je-dodijelio-crveni-karton\\\/\"]}]},{\"@type\":\"ImageObject\",\"inLanguage\":\"hr\",\"@id\":\"https:\\\/\\\/radioljubuski.ba\\\/index.php\\\/2022\\\/04\\\/25\\\/nokautirao-suca-nakon-sto-mu-je-dodijelio-crveni-karton\\\/#primaryimage\",\"url\":\"https:\\\/\\\/radioljubuski.ba\\\/wp-content\\\/uploads\\\/2022\\\/04\\\/crveni-karton-300x243-1.jpg\",\"contentUrl\":\"https:\\\/\\\/radioljubuski.ba\\\/wp-content\\\/uploads\\\/2022\\\/04\\\/crveni-karton-300x243-1.jpg\",\"width\":300,\"height\":243},{\"@type\":\"BreadcrumbList\",\"@id\":\"https:\\\/\\\/radioljubuski.ba\\\/index.php\\\/2022\\\/04\\\/25\\\/nokautirao-suca-nakon-sto-mu-je-dodijelio-crveni-karton\\\/#breadcrumb\",\"itemListElement\":[{\"@type\":\"ListItem\",\"position\":1,\"name\":\"Po\u010detna stranica\",\"item\":\"https:\\\/\\\/radioljubuski.ba\\\/\"},{\"@type\":\"ListItem\",\"position\":2,\"name\":\"Nokautirao suca nakon \u0161to mu je dodijelio crveni karton!\"}]},{\"@type\":\"WebSite\",\"@id\":\"https:\\\/\\\/radioljubuski.ba\\\/#website\",\"url\":\"https:\\\/\\\/radioljubuski.ba\\\/\",\"name\":\"Radio Ljubu\u0161ki\",\"description\":\"Sun\u010dana frekvencija Hercegovine\",\"publisher\":{\"@id\":\"https:\\\/\\\/radioljubuski.ba\\\/#organization\"},\"potentialAction\":[{\"@type\":\"SearchAction\",\"target\":{\"@type\":\"EntryPoint\",\"urlTemplate\":\"https:\\\/\\\/radioljubuski.ba\\\/?s={search_term_string}\"},\"query-input\":{\"@type\":\"PropertyValueSpecification\",\"valueRequired\":true,\"valueName\":\"search_term_string\"}}],\"inLanguage\":\"hr\"},{\"@type\":\"Organization\",\"@id\":\"https:\\\/\\\/radioljubuski.ba\\\/#organization\",\"name\":\"Radio Ljubu\u0161ki\",\"url\":\"https:\\\/\\\/radioljubuski.ba\\\/\",\"logo\":{\"@type\":\"ImageObject\",\"inLanguage\":\"hr\",\"@id\":\"https:\\\/\\\/radioljubuski.ba\\\/#\\\/schema\\\/logo\\\/image\\\/\",\"url\":\"https:\\\/\\\/radioljubuski.ba\\\/wp-content\\\/uploads\\\/2021\\\/02\\\/cropped-Radio_Ljubuski_logo1.jpg\",\"contentUrl\":\"https:\\\/\\\/radioljubuski.ba\\\/wp-content\\\/uploads\\\/2021\\\/02\\\/cropped-Radio_Ljubuski_logo1.jpg\",\"width\":512,\"height\":512,\"caption\":\"Radio Ljubu\u0161ki\"},\"image\":{\"@id\":\"https:\\\/\\\/radioljubuski.ba\\\/#\\\/schema\\\/logo\\\/image\\\/\"},\"sameAs\":[\"https:\\\/\\\/www.facebook.com\\\/Radiio-Ljubuski-1490835324566332\",\"https:\\\/\\\/x.com\\\/radioljubuski\",\"https:\\\/\\\/hr.linkedin.com\\\/company\\\/radio-ljubuski\",\"https:\\\/\\\/www.youtube.com\\\/channel\\\/UCHYaeO_n0Db3tjNGudGpXyw\"]},{\"@type\":\"Person\",\"@id\":\"https:\\\/\\\/radioljubuski.ba\\\/#\\\/schema\\\/person\\\/19fc700381a780f69665d7956c469e3b\",\"name\":\"Radio Ljubu\u0161ki\"}]}<\/script>\n<!-- \/ Yoast SEO plugin. -->","yoast_head_json":{"title":"Nokautirao suca nakon \u0161to mu je dodijelio crveni karton! - RADIO LJUBU\u0160KI","robots":{"index":"index","follow":"follow","max-snippet":"max-snippet:-1","max-image-preview":"max-image-preview:large","max-video-preview":"max-video-preview:-1"},"canonical":"https:\/\/radioljubuski.ba\/index.php\/2022\/04\/25\/nokautirao-suca-nakon-sto-mu-je-dodijelio-crveni-karton\/","og_locale":"hr_HR","og_type":"article","og_title":"Nokautirao suca nakon \u0161to mu je dodijelio crveni karton! - RADIO LJUBU\u0160KI","og_description":"Na utakmici Velebita iz Gra\u010daca i Vr\u010deva iz Glavice u Drugoj \u017eupanijskoj nogometnoj ligi Zadarske \u017eupanije dogodio se ru\u017ean incident.&nbsp; Bila je to 72. minuta utakmice kada je nogometa\u0161 Vr\u010deva Bruno \u0160tevanja dobio crveni karton nakon jednog prekr\u0161aja. Prigovarao je sucu, no ni\u0161ta nije donosilo ploda, pa je udario djelitelja pravde \u0161akom u glavu, pi\u0161e [&hellip;]","og_url":"https:\/\/radioljubuski.ba\/index.php\/2022\/04\/25\/nokautirao-suca-nakon-sto-mu-je-dodijelio-crveni-karton\/","og_site_name":"RADIO LJUBU\u0160KI","article_publisher":"https:\/\/www.facebook.com\/Radiio-Ljubuski-1490835324566332","article_published_time":"2022-04-25T11:12:30+00:00","article_modified_time":"2022-04-25T11:12:31+00:00","og_image":[{"width":300,"height":243,"url":"https:\/\/radioljubuski.ba\/wp-content\/uploads\/2022\/04\/crveni-karton-300x243-1.jpg","type":"image\/jpeg"}],"author":"Radio Ljubu\u0161ki","twitter_card":"summary_large_image","twitter_creator":"@radioljubuski","twitter_site":"@radioljubuski","twitter_misc":{"Napisao\/la":"Radio Ljubu\u0161ki","Procijenjeno vrijeme \u010ditanja":"2 minute"},"schema":{"@context":"https:\/\/schema.org","@graph":[{"@type":"Article","@id":"https:\/\/radioljubuski.ba\/index.php\/2022\/04\/25\/nokautirao-suca-nakon-sto-mu-je-dodijelio-crveni-karton\/#article","isPartOf":{"@id":"https:\/\/radioljubuski.ba\/index.php\/2022\/04\/25\/nokautirao-suca-nakon-sto-mu-je-dodijelio-crveni-karton\/"},"author":{"name":"Radio Ljubu\u0161ki","@id":"https:\/\/radioljubuski.ba\/#\/schema\/person\/19fc700381a780f69665d7956c469e3b"},"headline":"Nokautirao suca nakon \u0161to mu je dodijelio crveni karton!","datePublished":"2022-04-25T11:12:30+00:00","dateModified":"2022-04-25T11:12:31+00:00","mainEntityOfPage":{"@id":"https:\/\/radioljubuski.ba\/index.php\/2022\/04\/25\/nokautirao-suca-nakon-sto-mu-je-dodijelio-crveni-karton\/"},"wordCount":277,"publisher":{"@id":"https:\/\/radioljubuski.ba\/#organization"},"image":{"@id":"https:\/\/radioljubuski.ba\/index.php\/2022\/04\/25\/nokautirao-suca-nakon-sto-mu-je-dodijelio-crveni-karton\/#primaryimage"},"thumbnailUrl":"https:\/\/radioljubuski.ba\/wp-content\/uploads\/2022\/04\/crveni-karton-300x243-1.jpg","articleSection":["\u0160port"],"inLanguage":"hr"},{"@type":"WebPage","@id":"https:\/\/radioljubuski.ba\/index.php\/2022\/04\/25\/nokautirao-suca-nakon-sto-mu-je-dodijelio-crveni-karton\/","url":"https:\/\/radioljubuski.ba\/index.php\/2022\/04\/25\/nokautirao-suca-nakon-sto-mu-je-dodijelio-crveni-karton\/","name":"Nokautirao suca nakon \u0161to mu je dodijelio crveni karton! - RADIO LJUBU\u0160KI","isPartOf":{"@id":"https:\/\/radioljubuski.ba\/#website"},"primaryImageOfPage":{"@id":"https:\/\/radioljubuski.ba\/index.php\/2022\/04\/25\/nokautirao-suca-nakon-sto-mu-je-dodijelio-crveni-karton\/#primaryimage"},"image":{"@id":"https:\/\/radioljubuski.ba\/index.php\/2022\/04\/25\/nokautirao-suca-nakon-sto-mu-je-dodijelio-crveni-karton\/#primaryimage"},"thumbnailUrl":"https:\/\/radioljubuski.ba\/wp-content\/uploads\/2022\/04\/crveni-karton-300x243-1.jpg","datePublished":"2022-04-25T11:12:30+00:00","dateModified":"2022-04-25T11:12:31+00:00","breadcrumb":{"@id":"https:\/\/radioljubuski.ba\/index.php\/2022\/04\/25\/nokautirao-suca-nakon-sto-mu-je-dodijelio-crveni-karton\/#breadcrumb"},"inLanguage":"hr","potentialAction":[{"@type":"ReadAction","target":["https:\/\/radioljubuski.ba\/index.php\/2022\/04\/25\/nokautirao-suca-nakon-sto-mu-je-dodijelio-crveni-karton\/"]}]},{"@type":"ImageObject","inLanguage":"hr","@id":"https:\/\/radioljubuski.ba\/index.php\/2022\/04\/25\/nokautirao-suca-nakon-sto-mu-je-dodijelio-crveni-karton\/#primaryimage","url":"https:\/\/radioljubuski.ba\/wp-content\/uploads\/2022\/04\/crveni-karton-300x243-1.jpg","contentUrl":"https:\/\/radioljubuski.ba\/wp-content\/uploads\/2022\/04\/crveni-karton-300x243-1.jpg","width":300,"height":243},{"@type":"BreadcrumbList","@id":"https:\/\/radioljubuski.ba\/index.php\/2022\/04\/25\/nokautirao-suca-nakon-sto-mu-je-dodijelio-crveni-karton\/#breadcrumb","itemListElement":[{"@type":"ListItem","position":1,"name":"Po\u010detna stranica","item":"https:\/\/radioljubuski.ba\/"},{"@type":"ListItem","position":2,"name":"Nokautirao suca nakon \u0161to mu je dodijelio crveni karton!"}]},{"@type":"WebSite","@id":"https:\/\/radioljubuski.ba\/#website","url":"https:\/\/radioljubuski.ba\/","name":"Radio Ljubu\u0161ki","description":"Sun\u010dana frekvencija Hercegovine","publisher":{"@id":"https:\/\/radioljubuski.ba\/#organization"},"potentialAction":[{"@type":"SearchAction","target":{"@type":"EntryPoint","urlTemplate":"https:\/\/radioljubuski.ba\/?s={search_term_string}"},"query-input":{"@type":"PropertyValueSpecification","valueRequired":true,"valueName":"search_term_string"}}],"inLanguage":"hr"},{"@type":"Organization","@id":"https:\/\/radioljubuski.ba\/#organization","name":"Radio Ljubu\u0161ki","url":"https:\/\/radioljubuski.ba\/","logo":{"@type":"ImageObject","inLanguage":"hr","@id":"https:\/\/radioljubuski.ba\/#\/schema\/logo\/image\/","url":"https:\/\/radioljubuski.ba\/wp-content\/uploads\/2021\/02\/cropped-Radio_Ljubuski_logo1.jpg","contentUrl":"https:\/\/radioljubuski.ba\/wp-content\/uploads\/2021\/02\/cropped-Radio_Ljubuski_logo1.jpg","width":512,"height":512,"caption":"Radio Ljubu\u0161ki"},"image":{"@id":"https:\/\/radioljubuski.ba\/#\/schema\/logo\/image\/"},"sameAs":["https:\/\/www.facebook.com\/Radiio-Ljubuski-1490835324566332","https:\/\/x.com\/radioljubuski","https:\/\/hr.linkedin.com\/company\/radio-ljubuski","https:\/\/www.youtube.com\/channel\/UCHYaeO_n0Db3tjNGudGpXyw"]},{"@type":"Person","@id":"https:\/\/radioljubuski.ba\/#\/schema\/person\/19fc700381a780f69665d7956c469e3b","name":"Radio Ljubu\u0161ki"}]}},"_links":{"self":[{"href":"https:\/\/radioljubuski.ba\/index.php\/wp-json\/wp\/v2\/posts\/135981","targetHints":{"allow":["GET"]}}],"collection":[{"href":"https:\/\/radioljubuski.ba\/index.php\/wp-json\/wp\/v2\/posts"}],"about":[{"href":"https:\/\/radioljubuski.ba\/index.php\/wp-json\/wp\/v2\/types\/post"}],"author":[{"embeddable":true,"href":"https:\/\/radioljubuski.ba\/index.php\/wp-json\/wp\/v2\/users\/2"}],"replies":[{"embeddable":true,"href":"https:\/\/radioljubuski.ba\/index.php\/wp-json\/wp\/v2\/comments?post=135981"}],"version-history":[{"count":1,"href":"https:\/\/radioljubuski.ba\/index.php\/wp-json\/wp\/v2\/posts\/135981\/revisions"}],"predecessor-version":[{"id":135983,"href":"https:\/\/radioljubuski.ba\/index.php\/wp-json\/wp\/v2\/posts\/135981\/revisions\/135983"}],"wp:featuredmedia":[{"embeddable":true,"href":"https:\/\/radioljubuski.ba\/index.php\/wp-json\/wp\/v2\/media\/135982"}],"wp:attachment":[{"href":"https:\/\/radioljubuski.ba\/index.php\/wp-json\/wp\/v2\/media?parent=135981"}],"wp:term":[{"taxonomy":"category","embeddable":true,"href":"https:\/\/radioljubuski.ba\/index.php\/wp-json\/wp\/v2\/categories?post=135981"},{"taxonomy":"post_tag","embeddable":true,"href":"https:\/\/radioljubuski.ba\/index.php\/wp-json\/wp\/v2\/tags?post=135981"}],"curies":[{"name":"wp","href":"https:\/\/api.w.org\/{rel}","templated":true}]}}