{"id":136707,"date":"2022-04-27T23:17:07","date_gmt":"2022-04-27T22:17:07","guid":{"rendered":"https:\/\/radioljubuski.ba\/?p=136707"},"modified":"2022-04-27T23:17:08","modified_gmt":"2022-04-27T22:17:08","slug":"martic-kroz-kvalifikacije-do-glavnog-zdrijeba","status":"publish","type":"post","link":"https:\/\/radioljubuski.ba\/index.php\/2022\/04\/27\/martic-kroz-kvalifikacije-do-glavnog-zdrijeba\/","title":{"rendered":"Marti\u0107 kroz kvalifikacije do glavnog \u017edrijeba"},"content":{"rendered":"\n<p><strong>Petra Marti\u0107&nbsp;<\/strong><strong>bila je uspje\u0161na u kvalifikacijama te se plasirala u glavni \u017edrijeb WTA turnira iz Serije 1000 u Madridu.<\/strong><strong><\/strong><\/p>\n\n\n\n<p>U posljednjem kolu kvalifikacija pobijedila je Talijanku&nbsp;<strong>Luciju Bronzetti<\/strong>, 80. tenisa\u010dicu svijeta, sa 6:4, 6:1. Marti\u0107 je sporije krenula u me\u010d, dopustila suparnici vodstvo u prvom setu od 3:0 da bi do kraja dvoboja izgubila jo\u0161 svega dva gema.<\/p>\n\n\n\n<p>Na\u0161a je tenisa\u010dica u prvom kolu kvalifikacija nakon velike borbe nadvisila Ma\u0111aricu<strong>&nbsp;Dalmu Galfi<\/strong>&nbsp;(91. na WTA listi) s 2:6, 6:4, 7:6 (3). Bio je to njihov drugi me\u0111usobni susret i druga pobjeda Marti\u0107.&nbsp;<\/p>\n\n\n\n<p>Izvor:hrt.hr<\/p>\n","protected":false},"excerpt":{"rendered":"<p>Petra Marti\u0107&nbsp;bila je uspje\u0161na u kvalifikacijama te se plasirala u glavni \u017edrijeb WTA turnira iz Serije 1000 u Madridu. U posljednjem kolu kvalifikacija pobijedila je Talijanku&nbsp;Luciju Bronzetti, 80. tenisa\u010dicu svijeta, sa 6:4, 6:1. Marti\u0107 je sporije krenula u me\u010d, dopustila suparnici vodstvo u prvom setu od 3:0 da bi do kraja dvoboja izgubila jo\u0161 svega [&hellip;]<\/p>\n","protected":false},"author":2,"featured_media":12169,"comment_status":"closed","ping_status":"closed","sticky":false,"template":"","format":"standard","meta":{"h5ap_radio_sources":[],"footnotes":""},"categories":[7],"tags":[],"class_list":["post-136707","post","type-post","status-publish","format-standard","has-post-thumbnail","hentry","category-sport"],"yoast_head":"<!-- This site is optimized with the Yoast SEO plugin v27.4 - https:\/\/yoast.com\/product\/yoast-seo-wordpress\/ -->\n<title>Marti\u0107 kroz kvalifikacije do glavnog \u017edrijeba - RADIO LJUBU\u0160KI<\/title>\n<meta name=\"robots\" content=\"index, follow, max-snippet:-1, max-image-preview:large, max-video-preview:-1\" \/>\n<link rel=\"canonical\" href=\"https:\/\/radioljubuski.ba\/index.php\/2022\/04\/27\/martic-kroz-kvalifikacije-do-glavnog-zdrijeba\/\" \/>\n<meta property=\"og:locale\" content=\"hr_HR\" \/>\n<meta property=\"og:type\" content=\"article\" \/>\n<meta property=\"og:title\" content=\"Marti\u0107 kroz kvalifikacije do glavnog \u017edrijeba - RADIO LJUBU\u0160KI\" \/>\n<meta property=\"og:description\" content=\"Petra Marti\u0107&nbsp;bila je uspje\u0161na u kvalifikacijama te se plasirala u glavni \u017edrijeb WTA turnira iz Serije 1000 u Madridu. U posljednjem kolu kvalifikacija pobijedila je Talijanku&nbsp;Luciju Bronzetti, 80. tenisa\u010dicu svijeta, sa 6:4, 6:1. Marti\u0107 je sporije krenula u me\u010d, dopustila suparnici vodstvo u prvom setu od 3:0 da bi do kraja dvoboja izgubila jo\u0161 svega [&hellip;]\" \/>\n<meta property=\"og:url\" content=\"https:\/\/radioljubuski.ba\/index.php\/2022\/04\/27\/martic-kroz-kvalifikacije-do-glavnog-zdrijeba\/\" \/>\n<meta property=\"og:site_name\" content=\"RADIO LJUBU\u0160KI\" \/>\n<meta property=\"article:publisher\" content=\"https:\/\/www.facebook.com\/Radiio-Ljubuski-1490835324566332\" \/>\n<meta property=\"article:published_time\" content=\"2022-04-27T22:17:07+00:00\" \/>\n<meta property=\"article:modified_time\" content=\"2022-04-27T22:17:08+00:00\" \/>\n<meta property=\"og:image\" content=\"https:\/\/radioljubuski.ba\/wp-content\/uploads\/2021\/04\/martic-hrlj.png\" \/>\n\t<meta property=\"og:image:width\" content=\"643\" \/>\n\t<meta property=\"og:image:height\" content=\"362\" \/>\n\t<meta property=\"og:image:type\" content=\"image\/png\" \/>\n<meta name=\"author\" content=\"Radio Ljubu\u0161ki\" \/>\n<meta name=\"twitter:card\" content=\"summary_large_image\" \/>\n<meta name=\"twitter:creator\" content=\"@radioljubuski\" \/>\n<meta name=\"twitter:site\" content=\"@radioljubuski\" \/>\n<meta name=\"twitter:label1\" content=\"Napisao\/la\" \/>\n\t<meta name=\"twitter:data1\" content=\"Radio Ljubu\u0161ki\" \/>\n\t<meta name=\"twitter:label2\" content=\"Procijenjeno vrijeme \u010ditanja\" \/>\n\t<meta name=\"twitter:data2\" content=\"1 minuta\" \/>\n<script type=\"application\/ld+json\" class=\"yoast-schema-graph\">{\"@context\":\"https:\\\/\\\/schema.org\",\"@graph\":[{\"@type\":\"Article\",\"@id\":\"https:\\\/\\\/radioljubuski.ba\\\/index.php\\\/2022\\\/04\\\/27\\\/martic-kroz-kvalifikacije-do-glavnog-zdrijeba\\\/#article\",\"isPartOf\":{\"@id\":\"https:\\\/\\\/radioljubuski.ba\\\/index.php\\\/2022\\\/04\\\/27\\\/martic-kroz-kvalifikacije-do-glavnog-zdrijeba\\\/\"},\"author\":{\"name\":\"Radio Ljubu\u0161ki\",\"@id\":\"https:\\\/\\\/radioljubuski.ba\\\/#\\\/schema\\\/person\\\/19fc700381a780f69665d7956c469e3b\"},\"headline\":\"Marti\u0107 kroz kvalifikacije do glavnog \u017edrijeba\",\"datePublished\":\"2022-04-27T22:17:07+00:00\",\"dateModified\":\"2022-04-27T22:17:08+00:00\",\"mainEntityOfPage\":{\"@id\":\"https:\\\/\\\/radioljubuski.ba\\\/index.php\\\/2022\\\/04\\\/27\\\/martic-kroz-kvalifikacije-do-glavnog-zdrijeba\\\/\"},\"wordCount\":103,\"publisher\":{\"@id\":\"https:\\\/\\\/radioljubuski.ba\\\/#organization\"},\"image\":{\"@id\":\"https:\\\/\\\/radioljubuski.ba\\\/index.php\\\/2022\\\/04\\\/27\\\/martic-kroz-kvalifikacije-do-glavnog-zdrijeba\\\/#primaryimage\"},\"thumbnailUrl\":\"https:\\\/\\\/radioljubuski.ba\\\/wp-content\\\/uploads\\\/2021\\\/04\\\/martic-hrlj.png\",\"articleSection\":[\"\u0160port\"],\"inLanguage\":\"hr\"},{\"@type\":\"WebPage\",\"@id\":\"https:\\\/\\\/radioljubuski.ba\\\/index.php\\\/2022\\\/04\\\/27\\\/martic-kroz-kvalifikacije-do-glavnog-zdrijeba\\\/\",\"url\":\"https:\\\/\\\/radioljubuski.ba\\\/index.php\\\/2022\\\/04\\\/27\\\/martic-kroz-kvalifikacije-do-glavnog-zdrijeba\\\/\",\"name\":\"Marti\u0107 kroz kvalifikacije do glavnog \u017edrijeba - RADIO LJUBU\u0160KI\",\"isPartOf\":{\"@id\":\"https:\\\/\\\/radioljubuski.ba\\\/#website\"},\"primaryImageOfPage\":{\"@id\":\"https:\\\/\\\/radioljubuski.ba\\\/index.php\\\/2022\\\/04\\\/27\\\/martic-kroz-kvalifikacije-do-glavnog-zdrijeba\\\/#primaryimage\"},\"image\":{\"@id\":\"https:\\\/\\\/radioljubuski.ba\\\/index.php\\\/2022\\\/04\\\/27\\\/martic-kroz-kvalifikacije-do-glavnog-zdrijeba\\\/#primaryimage\"},\"thumbnailUrl\":\"https:\\\/\\\/radioljubuski.ba\\\/wp-content\\\/uploads\\\/2021\\\/04\\\/martic-hrlj.png\",\"datePublished\":\"2022-04-27T22:17:07+00:00\",\"dateModified\":\"2022-04-27T22:17:08+00:00\",\"breadcrumb\":{\"@id\":\"https:\\\/\\\/radioljubuski.ba\\\/index.php\\\/2022\\\/04\\\/27\\\/martic-kroz-kvalifikacije-do-glavnog-zdrijeba\\\/#breadcrumb\"},\"inLanguage\":\"hr\",\"potentialAction\":[{\"@type\":\"ReadAction\",\"target\":[\"https:\\\/\\\/radioljubuski.ba\\\/index.php\\\/2022\\\/04\\\/27\\\/martic-kroz-kvalifikacije-do-glavnog-zdrijeba\\\/\"]}]},{\"@type\":\"ImageObject\",\"inLanguage\":\"hr\",\"@id\":\"https:\\\/\\\/radioljubuski.ba\\\/index.php\\\/2022\\\/04\\\/27\\\/martic-kroz-kvalifikacije-do-glavnog-zdrijeba\\\/#primaryimage\",\"url\":\"https:\\\/\\\/radioljubuski.ba\\\/wp-content\\\/uploads\\\/2021\\\/04\\\/martic-hrlj.png\",\"contentUrl\":\"https:\\\/\\\/radioljubuski.ba\\\/wp-content\\\/uploads\\\/2021\\\/04\\\/martic-hrlj.png\",\"width\":643,\"height\":362},{\"@type\":\"BreadcrumbList\",\"@id\":\"https:\\\/\\\/radioljubuski.ba\\\/index.php\\\/2022\\\/04\\\/27\\\/martic-kroz-kvalifikacije-do-glavnog-zdrijeba\\\/#breadcrumb\",\"itemListElement\":[{\"@type\":\"ListItem\",\"position\":1,\"name\":\"Po\u010detna stranica\",\"item\":\"https:\\\/\\\/radioljubuski.ba\\\/\"},{\"@type\":\"ListItem\",\"position\":2,\"name\":\"Marti\u0107 kroz kvalifikacije do glavnog \u017edrijeba\"}]},{\"@type\":\"WebSite\",\"@id\":\"https:\\\/\\\/radioljubuski.ba\\\/#website\",\"url\":\"https:\\\/\\\/radioljubuski.ba\\\/\",\"name\":\"Radio Ljubu\u0161ki\",\"description\":\"Sun\u010dana frekvencija Hercegovine\",\"publisher\":{\"@id\":\"https:\\\/\\\/radioljubuski.ba\\\/#organization\"},\"potentialAction\":[{\"@type\":\"SearchAction\",\"target\":{\"@type\":\"EntryPoint\",\"urlTemplate\":\"https:\\\/\\\/radioljubuski.ba\\\/?s={search_term_string}\"},\"query-input\":{\"@type\":\"PropertyValueSpecification\",\"valueRequired\":true,\"valueName\":\"search_term_string\"}}],\"inLanguage\":\"hr\"},{\"@type\":\"Organization\",\"@id\":\"https:\\\/\\\/radioljubuski.ba\\\/#organization\",\"name\":\"Radio Ljubu\u0161ki\",\"url\":\"https:\\\/\\\/radioljubuski.ba\\\/\",\"logo\":{\"@type\":\"ImageObject\",\"inLanguage\":\"hr\",\"@id\":\"https:\\\/\\\/radioljubuski.ba\\\/#\\\/schema\\\/logo\\\/image\\\/\",\"url\":\"https:\\\/\\\/radioljubuski.ba\\\/wp-content\\\/uploads\\\/2021\\\/02\\\/cropped-Radio_Ljubuski_logo1.jpg\",\"contentUrl\":\"https:\\\/\\\/radioljubuski.ba\\\/wp-content\\\/uploads\\\/2021\\\/02\\\/cropped-Radio_Ljubuski_logo1.jpg\",\"width\":512,\"height\":512,\"caption\":\"Radio Ljubu\u0161ki\"},\"image\":{\"@id\":\"https:\\\/\\\/radioljubuski.ba\\\/#\\\/schema\\\/logo\\\/image\\\/\"},\"sameAs\":[\"https:\\\/\\\/www.facebook.com\\\/Radiio-Ljubuski-1490835324566332\",\"https:\\\/\\\/x.com\\\/radioljubuski\",\"https:\\\/\\\/hr.linkedin.com\\\/company\\\/radio-ljubuski\",\"https:\\\/\\\/www.youtube.com\\\/channel\\\/UCHYaeO_n0Db3tjNGudGpXyw\"]},{\"@type\":\"Person\",\"@id\":\"https:\\\/\\\/radioljubuski.ba\\\/#\\\/schema\\\/person\\\/19fc700381a780f69665d7956c469e3b\",\"name\":\"Radio Ljubu\u0161ki\"}]}<\/script>\n<!-- \/ Yoast SEO plugin. -->","yoast_head_json":{"title":"Marti\u0107 kroz kvalifikacije do glavnog \u017edrijeba - RADIO LJUBU\u0160KI","robots":{"index":"index","follow":"follow","max-snippet":"max-snippet:-1","max-image-preview":"max-image-preview:large","max-video-preview":"max-video-preview:-1"},"canonical":"https:\/\/radioljubuski.ba\/index.php\/2022\/04\/27\/martic-kroz-kvalifikacije-do-glavnog-zdrijeba\/","og_locale":"hr_HR","og_type":"article","og_title":"Marti\u0107 kroz kvalifikacije do glavnog \u017edrijeba - RADIO LJUBU\u0160KI","og_description":"Petra Marti\u0107&nbsp;bila je uspje\u0161na u kvalifikacijama te se plasirala u glavni \u017edrijeb WTA turnira iz Serije 1000 u Madridu. U posljednjem kolu kvalifikacija pobijedila je Talijanku&nbsp;Luciju Bronzetti, 80. tenisa\u010dicu svijeta, sa 6:4, 6:1. Marti\u0107 je sporije krenula u me\u010d, dopustila suparnici vodstvo u prvom setu od 3:0 da bi do kraja dvoboja izgubila jo\u0161 svega [&hellip;]","og_url":"https:\/\/radioljubuski.ba\/index.php\/2022\/04\/27\/martic-kroz-kvalifikacije-do-glavnog-zdrijeba\/","og_site_name":"RADIO LJUBU\u0160KI","article_publisher":"https:\/\/www.facebook.com\/Radiio-Ljubuski-1490835324566332","article_published_time":"2022-04-27T22:17:07+00:00","article_modified_time":"2022-04-27T22:17:08+00:00","og_image":[{"width":643,"height":362,"url":"https:\/\/radioljubuski.ba\/wp-content\/uploads\/2021\/04\/martic-hrlj.png","type":"image\/png"}],"author":"Radio Ljubu\u0161ki","twitter_card":"summary_large_image","twitter_creator":"@radioljubuski","twitter_site":"@radioljubuski","twitter_misc":{"Napisao\/la":"Radio Ljubu\u0161ki","Procijenjeno vrijeme \u010ditanja":"1 minuta"},"schema":{"@context":"https:\/\/schema.org","@graph":[{"@type":"Article","@id":"https:\/\/radioljubuski.ba\/index.php\/2022\/04\/27\/martic-kroz-kvalifikacije-do-glavnog-zdrijeba\/#article","isPartOf":{"@id":"https:\/\/radioljubuski.ba\/index.php\/2022\/04\/27\/martic-kroz-kvalifikacije-do-glavnog-zdrijeba\/"},"author":{"name":"Radio Ljubu\u0161ki","@id":"https:\/\/radioljubuski.ba\/#\/schema\/person\/19fc700381a780f69665d7956c469e3b"},"headline":"Marti\u0107 kroz kvalifikacije do glavnog \u017edrijeba","datePublished":"2022-04-27T22:17:07+00:00","dateModified":"2022-04-27T22:17:08+00:00","mainEntityOfPage":{"@id":"https:\/\/radioljubuski.ba\/index.php\/2022\/04\/27\/martic-kroz-kvalifikacije-do-glavnog-zdrijeba\/"},"wordCount":103,"publisher":{"@id":"https:\/\/radioljubuski.ba\/#organization"},"image":{"@id":"https:\/\/radioljubuski.ba\/index.php\/2022\/04\/27\/martic-kroz-kvalifikacije-do-glavnog-zdrijeba\/#primaryimage"},"thumbnailUrl":"https:\/\/radioljubuski.ba\/wp-content\/uploads\/2021\/04\/martic-hrlj.png","articleSection":["\u0160port"],"inLanguage":"hr"},{"@type":"WebPage","@id":"https:\/\/radioljubuski.ba\/index.php\/2022\/04\/27\/martic-kroz-kvalifikacije-do-glavnog-zdrijeba\/","url":"https:\/\/radioljubuski.ba\/index.php\/2022\/04\/27\/martic-kroz-kvalifikacije-do-glavnog-zdrijeba\/","name":"Marti\u0107 kroz kvalifikacije do glavnog \u017edrijeba - RADIO LJUBU\u0160KI","isPartOf":{"@id":"https:\/\/radioljubuski.ba\/#website"},"primaryImageOfPage":{"@id":"https:\/\/radioljubuski.ba\/index.php\/2022\/04\/27\/martic-kroz-kvalifikacije-do-glavnog-zdrijeba\/#primaryimage"},"image":{"@id":"https:\/\/radioljubuski.ba\/index.php\/2022\/04\/27\/martic-kroz-kvalifikacije-do-glavnog-zdrijeba\/#primaryimage"},"thumbnailUrl":"https:\/\/radioljubuski.ba\/wp-content\/uploads\/2021\/04\/martic-hrlj.png","datePublished":"2022-04-27T22:17:07+00:00","dateModified":"2022-04-27T22:17:08+00:00","breadcrumb":{"@id":"https:\/\/radioljubuski.ba\/index.php\/2022\/04\/27\/martic-kroz-kvalifikacije-do-glavnog-zdrijeba\/#breadcrumb"},"inLanguage":"hr","potentialAction":[{"@type":"ReadAction","target":["https:\/\/radioljubuski.ba\/index.php\/2022\/04\/27\/martic-kroz-kvalifikacije-do-glavnog-zdrijeba\/"]}]},{"@type":"ImageObject","inLanguage":"hr","@id":"https:\/\/radioljubuski.ba\/index.php\/2022\/04\/27\/martic-kroz-kvalifikacije-do-glavnog-zdrijeba\/#primaryimage","url":"https:\/\/radioljubuski.ba\/wp-content\/uploads\/2021\/04\/martic-hrlj.png","contentUrl":"https:\/\/radioljubuski.ba\/wp-content\/uploads\/2021\/04\/martic-hrlj.png","width":643,"height":362},{"@type":"BreadcrumbList","@id":"https:\/\/radioljubuski.ba\/index.php\/2022\/04\/27\/martic-kroz-kvalifikacije-do-glavnog-zdrijeba\/#breadcrumb","itemListElement":[{"@type":"ListItem","position":1,"name":"Po\u010detna stranica","item":"https:\/\/radioljubuski.ba\/"},{"@type":"ListItem","position":2,"name":"Marti\u0107 kroz kvalifikacije do glavnog \u017edrijeba"}]},{"@type":"WebSite","@id":"https:\/\/radioljubuski.ba\/#website","url":"https:\/\/radioljubuski.ba\/","name":"Radio Ljubu\u0161ki","description":"Sun\u010dana frekvencija Hercegovine","publisher":{"@id":"https:\/\/radioljubuski.ba\/#organization"},"potentialAction":[{"@type":"SearchAction","target":{"@type":"EntryPoint","urlTemplate":"https:\/\/radioljubuski.ba\/?s={search_term_string}"},"query-input":{"@type":"PropertyValueSpecification","valueRequired":true,"valueName":"search_term_string"}}],"inLanguage":"hr"},{"@type":"Organization","@id":"https:\/\/radioljubuski.ba\/#organization","name":"Radio Ljubu\u0161ki","url":"https:\/\/radioljubuski.ba\/","logo":{"@type":"ImageObject","inLanguage":"hr","@id":"https:\/\/radioljubuski.ba\/#\/schema\/logo\/image\/","url":"https:\/\/radioljubuski.ba\/wp-content\/uploads\/2021\/02\/cropped-Radio_Ljubuski_logo1.jpg","contentUrl":"https:\/\/radioljubuski.ba\/wp-content\/uploads\/2021\/02\/cropped-Radio_Ljubuski_logo1.jpg","width":512,"height":512,"caption":"Radio Ljubu\u0161ki"},"image":{"@id":"https:\/\/radioljubuski.ba\/#\/schema\/logo\/image\/"},"sameAs":["https:\/\/www.facebook.com\/Radiio-Ljubuski-1490835324566332","https:\/\/x.com\/radioljubuski","https:\/\/hr.linkedin.com\/company\/radio-ljubuski","https:\/\/www.youtube.com\/channel\/UCHYaeO_n0Db3tjNGudGpXyw"]},{"@type":"Person","@id":"https:\/\/radioljubuski.ba\/#\/schema\/person\/19fc700381a780f69665d7956c469e3b","name":"Radio Ljubu\u0161ki"}]}},"_links":{"self":[{"href":"https:\/\/radioljubuski.ba\/index.php\/wp-json\/wp\/v2\/posts\/136707","targetHints":{"allow":["GET"]}}],"collection":[{"href":"https:\/\/radioljubuski.ba\/index.php\/wp-json\/wp\/v2\/posts"}],"about":[{"href":"https:\/\/radioljubuski.ba\/index.php\/wp-json\/wp\/v2\/types\/post"}],"author":[{"embeddable":true,"href":"https:\/\/radioljubuski.ba\/index.php\/wp-json\/wp\/v2\/users\/2"}],"replies":[{"embeddable":true,"href":"https:\/\/radioljubuski.ba\/index.php\/wp-json\/wp\/v2\/comments?post=136707"}],"version-history":[{"count":1,"href":"https:\/\/radioljubuski.ba\/index.php\/wp-json\/wp\/v2\/posts\/136707\/revisions"}],"predecessor-version":[{"id":136708,"href":"https:\/\/radioljubuski.ba\/index.php\/wp-json\/wp\/v2\/posts\/136707\/revisions\/136708"}],"wp:featuredmedia":[{"embeddable":true,"href":"https:\/\/radioljubuski.ba\/index.php\/wp-json\/wp\/v2\/media\/12169"}],"wp:attachment":[{"href":"https:\/\/radioljubuski.ba\/index.php\/wp-json\/wp\/v2\/media?parent=136707"}],"wp:term":[{"taxonomy":"category","embeddable":true,"href":"https:\/\/radioljubuski.ba\/index.php\/wp-json\/wp\/v2\/categories?post=136707"},{"taxonomy":"post_tag","embeddable":true,"href":"https:\/\/radioljubuski.ba\/index.php\/wp-json\/wp\/v2\/tags?post=136707"}],"curies":[{"name":"wp","href":"https:\/\/api.w.org\/{rel}","templated":true}]}}