{"id":136709,"date":"2022-04-27T23:18:04","date_gmt":"2022-04-27T22:18:04","guid":{"rendered":"https:\/\/radioljubuski.ba\/?p=136709"},"modified":"2022-04-27T23:18:05","modified_gmt":"2022-04-27T22:18:05","slug":"marcinko-ruzic-i-lukas-u-cetvrtfinalu","status":"publish","type":"post","link":"https:\/\/radioljubuski.ba\/index.php\/2022\/04\/27\/marcinko-ruzic-i-lukas-u-cetvrtfinalu\/","title":{"rendered":"Mar\u010dinko, Ru\u017ei\u0107 i Lukas u \u010detvrtfinalu"},"content":{"rendered":"\n<p><strong>Petra Mar\u010dinko&nbsp;<\/strong><strong>i&nbsp;Antonia Ru\u017ei\u0107&nbsp;pridru\u017eile su se&nbsp;Teni Lukas&nbsp;u \u010detvrtfinalu pojedina\u010dne konkurencije na ITF turniru Zagreb Ladies Open, nagradnog fonda 60.000 ameri\u010dkih dolara, koji se odigrava u Teniskom centru &#8220;Maksimir&#8221;.<\/strong><\/p>\n\n\n\n<p>Nakon \u0161to je Lukas (WTA &#8211; 317.) trebala dva sata i 22 minute za pobjedu 6-3, 3-6, 6-3 nad&nbsp;<strong>Kathinkom von Deichmann<\/strong>&nbsp;(WTA &#8211; 241.) iz Lihten\u0161tajna, 19-godi\u0161nja&nbsp;<strong>Antonia&nbsp;Ru\u017ei\u0107&nbsp;<\/strong>(WTA &#8211; 338.) je za 96 minuta sa 6-4, 6-1 bila bolja od suigra\u010dice iz reprezentacije i vr\u0161njakinje&nbsp;<strong>Tare&nbsp;Wuerth&nbsp;<\/strong>(WTA &#8211; 350.).<\/p>\n\n\n\n<p>Najbolja juniorka svijeta, 16-godi\u0161nja&nbsp;<strong>Petra&nbsp;Mar\u010dinko&nbsp;<\/strong>(WTA &#8211; 388.) je za samo 80 minuta svladala 6. nositeljicu, 29-godi\u0161nju Grkinju&nbsp;<strong>Despinu&nbsp;Papamihail&nbsp;<\/strong>(WTA &#8211; 172.) sa 6-1, 6-3.<\/p>\n\n\n\n<p>Mar\u010dinko \u0107e za mjesto u polufinalu igrati protiv 22-godi\u0161nje Ukrajinke&nbsp;<strong>Katarine Zavacke<\/strong>&nbsp;(WTA &#8211; 199.), Ru\u017ei\u0107 \u0107e se boriti protiv 3. nositeljice, 30-godi\u0161nje Ma\u0111arice&nbsp;<strong>Reke Luce Jani<\/strong>&nbsp;(WTA &#8211; 139.), a Lukas za suparnicu u \u010detvrtfinalu ima 25-godi\u0161nju bosansko-hercegova\u010dku tenisa\u010dicu&nbsp;<strong>Deu Herd\u017eela\u0161<\/strong>&nbsp;(WTA &#8211; 192.).<\/p>\n\n\n\n<p>Posljednji \u010detvrtfinalni par \u010dine 24-godi\u0161nja Bjeloruskinja<strong>&nbsp;Irina \u0160imanovi\u010d&nbsp;<\/strong>(WTA &#8211; 270.) i 22-godi\u0161nja Njemica&nbsp;<strong>Jule Niemeier&nbsp;<\/strong>(WTA 110.) koja je postavljena za 2. nositeljicu turnira.<\/p>\n\n\n\n<p>\u010cetvrtfinalni me\u010devi su na rasporedu u \u010detvrtak, a prve \u0107e na sredi\u0161nji teren Mar\u010dinko i Zavatska. Njihov dvoboj \u0107e zapo\u010deti u 10 sati, ba\u0161 kao i onaj \u0160imanovi\u010d i Niemeier, koji \u0107e biti odigran na terenu broj 16.<\/p>\n\n\n\n<p>Nakon Mar\u010dinko i Zavatske na sredi\u0161njem terenu \u0107e igrati Ru\u017ei\u0107 i Jani, a posljednje su na rasporedu Lukas i Herd\u017eela\u0161.<\/p>\n\n\n\n<p>Izvor:hrt.hr<\/p>\n","protected":false},"excerpt":{"rendered":"<p>Petra Mar\u010dinko&nbsp;i&nbsp;Antonia Ru\u017ei\u0107&nbsp;pridru\u017eile su se&nbsp;Teni Lukas&nbsp;u \u010detvrtfinalu pojedina\u010dne konkurencije na ITF turniru Zagreb Ladies Open, nagradnog fonda 60.000 ameri\u010dkih dolara, koji se odigrava u Teniskom centru &#8220;Maksimir&#8221;. Nakon \u0161to je Lukas (WTA &#8211; 317.) trebala dva sata i 22 minute za pobjedu 6-3, 3-6, 6-3 nad&nbsp;Kathinkom von Deichmann&nbsp;(WTA &#8211; 241.) iz Lihten\u0161tajna, 19-godi\u0161nja&nbsp;Antonia&nbsp;Ru\u017ei\u0107&nbsp;(WTA &#8211; 338.) [&hellip;]<\/p>\n","protected":false},"author":2,"featured_media":62106,"comment_status":"closed","ping_status":"closed","sticky":false,"template":"","format":"standard","meta":{"h5ap_radio_sources":[],"footnotes":""},"categories":[7],"tags":[],"class_list":["post-136709","post","type-post","status-publish","format-standard","has-post-thumbnail","hentry","category-sport"],"yoast_head":"<!-- This site is optimized with the Yoast SEO plugin v27.4 - https:\/\/yoast.com\/product\/yoast-seo-wordpress\/ -->\n<title>Mar\u010dinko, Ru\u017ei\u0107 i Lukas u \u010detvrtfinalu - RADIO LJUBU\u0160KI<\/title>\n<meta name=\"robots\" content=\"index, follow, max-snippet:-1, max-image-preview:large, max-video-preview:-1\" \/>\n<link rel=\"canonical\" href=\"https:\/\/radioljubuski.ba\/index.php\/2022\/04\/27\/marcinko-ruzic-i-lukas-u-cetvrtfinalu\/\" \/>\n<meta property=\"og:locale\" content=\"hr_HR\" \/>\n<meta property=\"og:type\" content=\"article\" \/>\n<meta property=\"og:title\" content=\"Mar\u010dinko, Ru\u017ei\u0107 i Lukas u \u010detvrtfinalu - RADIO LJUBU\u0160KI\" \/>\n<meta property=\"og:description\" content=\"Petra Mar\u010dinko&nbsp;i&nbsp;Antonia Ru\u017ei\u0107&nbsp;pridru\u017eile su se&nbsp;Teni Lukas&nbsp;u \u010detvrtfinalu pojedina\u010dne konkurencije na ITF turniru Zagreb Ladies Open, nagradnog fonda 60.000 ameri\u010dkih dolara, koji se odigrava u Teniskom centru &#8220;Maksimir&#8221;. Nakon \u0161to je Lukas (WTA &#8211; 317.) trebala dva sata i 22 minute za pobjedu 6-3, 3-6, 6-3 nad&nbsp;Kathinkom von Deichmann&nbsp;(WTA &#8211; 241.) iz Lihten\u0161tajna, 19-godi\u0161nja&nbsp;Antonia&nbsp;Ru\u017ei\u0107&nbsp;(WTA &#8211; 338.) [&hellip;]\" \/>\n<meta property=\"og:url\" content=\"https:\/\/radioljubuski.ba\/index.php\/2022\/04\/27\/marcinko-ruzic-i-lukas-u-cetvrtfinalu\/\" \/>\n<meta property=\"og:site_name\" content=\"RADIO LJUBU\u0160KI\" \/>\n<meta property=\"article:publisher\" content=\"https:\/\/www.facebook.com\/Radiio-Ljubuski-1490835324566332\" \/>\n<meta property=\"article:published_time\" content=\"2022-04-27T22:18:04+00:00\" \/>\n<meta property=\"article:modified_time\" content=\"2022-04-27T22:18:05+00:00\" \/>\n<meta property=\"og:image\" content=\"https:\/\/radioljubuski.ba\/wp-content\/uploads\/2021\/09\/marcinko.jpeg\" \/>\n\t<meta property=\"og:image:width\" content=\"540\" \/>\n\t<meta property=\"og:image:height\" content=\"326\" \/>\n\t<meta property=\"og:image:type\" content=\"image\/jpeg\" \/>\n<meta name=\"author\" content=\"Radio Ljubu\u0161ki\" \/>\n<meta name=\"twitter:card\" content=\"summary_large_image\" \/>\n<meta name=\"twitter:creator\" content=\"@radioljubuski\" \/>\n<meta name=\"twitter:site\" content=\"@radioljubuski\" \/>\n<meta name=\"twitter:label1\" content=\"Napisao\/la\" \/>\n\t<meta name=\"twitter:data1\" content=\"Radio Ljubu\u0161ki\" \/>\n\t<meta name=\"twitter:label2\" content=\"Procijenjeno vrijeme \u010ditanja\" \/>\n\t<meta name=\"twitter:data2\" content=\"1 minuta\" \/>\n<script type=\"application\/ld+json\" class=\"yoast-schema-graph\">{\"@context\":\"https:\\\/\\\/schema.org\",\"@graph\":[{\"@type\":\"Article\",\"@id\":\"https:\\\/\\\/radioljubuski.ba\\\/index.php\\\/2022\\\/04\\\/27\\\/marcinko-ruzic-i-lukas-u-cetvrtfinalu\\\/#article\",\"isPartOf\":{\"@id\":\"https:\\\/\\\/radioljubuski.ba\\\/index.php\\\/2022\\\/04\\\/27\\\/marcinko-ruzic-i-lukas-u-cetvrtfinalu\\\/\"},\"author\":{\"name\":\"Radio Ljubu\u0161ki\",\"@id\":\"https:\\\/\\\/radioljubuski.ba\\\/#\\\/schema\\\/person\\\/19fc700381a780f69665d7956c469e3b\"},\"headline\":\"Mar\u010dinko, Ru\u017ei\u0107 i Lukas u \u010detvrtfinalu\",\"datePublished\":\"2022-04-27T22:18:04+00:00\",\"dateModified\":\"2022-04-27T22:18:05+00:00\",\"mainEntityOfPage\":{\"@id\":\"https:\\\/\\\/radioljubuski.ba\\\/index.php\\\/2022\\\/04\\\/27\\\/marcinko-ruzic-i-lukas-u-cetvrtfinalu\\\/\"},\"wordCount\":292,\"publisher\":{\"@id\":\"https:\\\/\\\/radioljubuski.ba\\\/#organization\"},\"image\":{\"@id\":\"https:\\\/\\\/radioljubuski.ba\\\/index.php\\\/2022\\\/04\\\/27\\\/marcinko-ruzic-i-lukas-u-cetvrtfinalu\\\/#primaryimage\"},\"thumbnailUrl\":\"https:\\\/\\\/radioljubuski.ba\\\/wp-content\\\/uploads\\\/2021\\\/09\\\/marcinko.jpeg\",\"articleSection\":[\"\u0160port\"],\"inLanguage\":\"hr\"},{\"@type\":\"WebPage\",\"@id\":\"https:\\\/\\\/radioljubuski.ba\\\/index.php\\\/2022\\\/04\\\/27\\\/marcinko-ruzic-i-lukas-u-cetvrtfinalu\\\/\",\"url\":\"https:\\\/\\\/radioljubuski.ba\\\/index.php\\\/2022\\\/04\\\/27\\\/marcinko-ruzic-i-lukas-u-cetvrtfinalu\\\/\",\"name\":\"Mar\u010dinko, Ru\u017ei\u0107 i Lukas u \u010detvrtfinalu - RADIO LJUBU\u0160KI\",\"isPartOf\":{\"@id\":\"https:\\\/\\\/radioljubuski.ba\\\/#website\"},\"primaryImageOfPage\":{\"@id\":\"https:\\\/\\\/radioljubuski.ba\\\/index.php\\\/2022\\\/04\\\/27\\\/marcinko-ruzic-i-lukas-u-cetvrtfinalu\\\/#primaryimage\"},\"image\":{\"@id\":\"https:\\\/\\\/radioljubuski.ba\\\/index.php\\\/2022\\\/04\\\/27\\\/marcinko-ruzic-i-lukas-u-cetvrtfinalu\\\/#primaryimage\"},\"thumbnailUrl\":\"https:\\\/\\\/radioljubuski.ba\\\/wp-content\\\/uploads\\\/2021\\\/09\\\/marcinko.jpeg\",\"datePublished\":\"2022-04-27T22:18:04+00:00\",\"dateModified\":\"2022-04-27T22:18:05+00:00\",\"breadcrumb\":{\"@id\":\"https:\\\/\\\/radioljubuski.ba\\\/index.php\\\/2022\\\/04\\\/27\\\/marcinko-ruzic-i-lukas-u-cetvrtfinalu\\\/#breadcrumb\"},\"inLanguage\":\"hr\",\"potentialAction\":[{\"@type\":\"ReadAction\",\"target\":[\"https:\\\/\\\/radioljubuski.ba\\\/index.php\\\/2022\\\/04\\\/27\\\/marcinko-ruzic-i-lukas-u-cetvrtfinalu\\\/\"]}]},{\"@type\":\"ImageObject\",\"inLanguage\":\"hr\",\"@id\":\"https:\\\/\\\/radioljubuski.ba\\\/index.php\\\/2022\\\/04\\\/27\\\/marcinko-ruzic-i-lukas-u-cetvrtfinalu\\\/#primaryimage\",\"url\":\"https:\\\/\\\/radioljubuski.ba\\\/wp-content\\\/uploads\\\/2021\\\/09\\\/marcinko.jpeg\",\"contentUrl\":\"https:\\\/\\\/radioljubuski.ba\\\/wp-content\\\/uploads\\\/2021\\\/09\\\/marcinko.jpeg\",\"width\":540,\"height\":326},{\"@type\":\"BreadcrumbList\",\"@id\":\"https:\\\/\\\/radioljubuski.ba\\\/index.php\\\/2022\\\/04\\\/27\\\/marcinko-ruzic-i-lukas-u-cetvrtfinalu\\\/#breadcrumb\",\"itemListElement\":[{\"@type\":\"ListItem\",\"position\":1,\"name\":\"Po\u010detna stranica\",\"item\":\"https:\\\/\\\/radioljubuski.ba\\\/\"},{\"@type\":\"ListItem\",\"position\":2,\"name\":\"Mar\u010dinko, Ru\u017ei\u0107 i Lukas u \u010detvrtfinalu\"}]},{\"@type\":\"WebSite\",\"@id\":\"https:\\\/\\\/radioljubuski.ba\\\/#website\",\"url\":\"https:\\\/\\\/radioljubuski.ba\\\/\",\"name\":\"Radio Ljubu\u0161ki\",\"description\":\"Sun\u010dana frekvencija Hercegovine\",\"publisher\":{\"@id\":\"https:\\\/\\\/radioljubuski.ba\\\/#organization\"},\"potentialAction\":[{\"@type\":\"SearchAction\",\"target\":{\"@type\":\"EntryPoint\",\"urlTemplate\":\"https:\\\/\\\/radioljubuski.ba\\\/?s={search_term_string}\"},\"query-input\":{\"@type\":\"PropertyValueSpecification\",\"valueRequired\":true,\"valueName\":\"search_term_string\"}}],\"inLanguage\":\"hr\"},{\"@type\":\"Organization\",\"@id\":\"https:\\\/\\\/radioljubuski.ba\\\/#organization\",\"name\":\"Radio Ljubu\u0161ki\",\"url\":\"https:\\\/\\\/radioljubuski.ba\\\/\",\"logo\":{\"@type\":\"ImageObject\",\"inLanguage\":\"hr\",\"@id\":\"https:\\\/\\\/radioljubuski.ba\\\/#\\\/schema\\\/logo\\\/image\\\/\",\"url\":\"https:\\\/\\\/radioljubuski.ba\\\/wp-content\\\/uploads\\\/2021\\\/02\\\/cropped-Radio_Ljubuski_logo1.jpg\",\"contentUrl\":\"https:\\\/\\\/radioljubuski.ba\\\/wp-content\\\/uploads\\\/2021\\\/02\\\/cropped-Radio_Ljubuski_logo1.jpg\",\"width\":512,\"height\":512,\"caption\":\"Radio Ljubu\u0161ki\"},\"image\":{\"@id\":\"https:\\\/\\\/radioljubuski.ba\\\/#\\\/schema\\\/logo\\\/image\\\/\"},\"sameAs\":[\"https:\\\/\\\/www.facebook.com\\\/Radiio-Ljubuski-1490835324566332\",\"https:\\\/\\\/x.com\\\/radioljubuski\",\"https:\\\/\\\/hr.linkedin.com\\\/company\\\/radio-ljubuski\",\"https:\\\/\\\/www.youtube.com\\\/channel\\\/UCHYaeO_n0Db3tjNGudGpXyw\"]},{\"@type\":\"Person\",\"@id\":\"https:\\\/\\\/radioljubuski.ba\\\/#\\\/schema\\\/person\\\/19fc700381a780f69665d7956c469e3b\",\"name\":\"Radio Ljubu\u0161ki\"}]}<\/script>\n<!-- \/ Yoast SEO plugin. -->","yoast_head_json":{"title":"Mar\u010dinko, Ru\u017ei\u0107 i Lukas u \u010detvrtfinalu - RADIO LJUBU\u0160KI","robots":{"index":"index","follow":"follow","max-snippet":"max-snippet:-1","max-image-preview":"max-image-preview:large","max-video-preview":"max-video-preview:-1"},"canonical":"https:\/\/radioljubuski.ba\/index.php\/2022\/04\/27\/marcinko-ruzic-i-lukas-u-cetvrtfinalu\/","og_locale":"hr_HR","og_type":"article","og_title":"Mar\u010dinko, Ru\u017ei\u0107 i Lukas u \u010detvrtfinalu - RADIO LJUBU\u0160KI","og_description":"Petra Mar\u010dinko&nbsp;i&nbsp;Antonia Ru\u017ei\u0107&nbsp;pridru\u017eile su se&nbsp;Teni Lukas&nbsp;u \u010detvrtfinalu pojedina\u010dne konkurencije na ITF turniru Zagreb Ladies Open, nagradnog fonda 60.000 ameri\u010dkih dolara, koji se odigrava u Teniskom centru &#8220;Maksimir&#8221;. Nakon \u0161to je Lukas (WTA &#8211; 317.) trebala dva sata i 22 minute za pobjedu 6-3, 3-6, 6-3 nad&nbsp;Kathinkom von Deichmann&nbsp;(WTA &#8211; 241.) iz Lihten\u0161tajna, 19-godi\u0161nja&nbsp;Antonia&nbsp;Ru\u017ei\u0107&nbsp;(WTA &#8211; 338.) [&hellip;]","og_url":"https:\/\/radioljubuski.ba\/index.php\/2022\/04\/27\/marcinko-ruzic-i-lukas-u-cetvrtfinalu\/","og_site_name":"RADIO LJUBU\u0160KI","article_publisher":"https:\/\/www.facebook.com\/Radiio-Ljubuski-1490835324566332","article_published_time":"2022-04-27T22:18:04+00:00","article_modified_time":"2022-04-27T22:18:05+00:00","og_image":[{"width":540,"height":326,"url":"https:\/\/radioljubuski.ba\/wp-content\/uploads\/2021\/09\/marcinko.jpeg","type":"image\/jpeg"}],"author":"Radio Ljubu\u0161ki","twitter_card":"summary_large_image","twitter_creator":"@radioljubuski","twitter_site":"@radioljubuski","twitter_misc":{"Napisao\/la":"Radio Ljubu\u0161ki","Procijenjeno vrijeme \u010ditanja":"1 minuta"},"schema":{"@context":"https:\/\/schema.org","@graph":[{"@type":"Article","@id":"https:\/\/radioljubuski.ba\/index.php\/2022\/04\/27\/marcinko-ruzic-i-lukas-u-cetvrtfinalu\/#article","isPartOf":{"@id":"https:\/\/radioljubuski.ba\/index.php\/2022\/04\/27\/marcinko-ruzic-i-lukas-u-cetvrtfinalu\/"},"author":{"name":"Radio Ljubu\u0161ki","@id":"https:\/\/radioljubuski.ba\/#\/schema\/person\/19fc700381a780f69665d7956c469e3b"},"headline":"Mar\u010dinko, Ru\u017ei\u0107 i Lukas u \u010detvrtfinalu","datePublished":"2022-04-27T22:18:04+00:00","dateModified":"2022-04-27T22:18:05+00:00","mainEntityOfPage":{"@id":"https:\/\/radioljubuski.ba\/index.php\/2022\/04\/27\/marcinko-ruzic-i-lukas-u-cetvrtfinalu\/"},"wordCount":292,"publisher":{"@id":"https:\/\/radioljubuski.ba\/#organization"},"image":{"@id":"https:\/\/radioljubuski.ba\/index.php\/2022\/04\/27\/marcinko-ruzic-i-lukas-u-cetvrtfinalu\/#primaryimage"},"thumbnailUrl":"https:\/\/radioljubuski.ba\/wp-content\/uploads\/2021\/09\/marcinko.jpeg","articleSection":["\u0160port"],"inLanguage":"hr"},{"@type":"WebPage","@id":"https:\/\/radioljubuski.ba\/index.php\/2022\/04\/27\/marcinko-ruzic-i-lukas-u-cetvrtfinalu\/","url":"https:\/\/radioljubuski.ba\/index.php\/2022\/04\/27\/marcinko-ruzic-i-lukas-u-cetvrtfinalu\/","name":"Mar\u010dinko, Ru\u017ei\u0107 i Lukas u \u010detvrtfinalu - RADIO LJUBU\u0160KI","isPartOf":{"@id":"https:\/\/radioljubuski.ba\/#website"},"primaryImageOfPage":{"@id":"https:\/\/radioljubuski.ba\/index.php\/2022\/04\/27\/marcinko-ruzic-i-lukas-u-cetvrtfinalu\/#primaryimage"},"image":{"@id":"https:\/\/radioljubuski.ba\/index.php\/2022\/04\/27\/marcinko-ruzic-i-lukas-u-cetvrtfinalu\/#primaryimage"},"thumbnailUrl":"https:\/\/radioljubuski.ba\/wp-content\/uploads\/2021\/09\/marcinko.jpeg","datePublished":"2022-04-27T22:18:04+00:00","dateModified":"2022-04-27T22:18:05+00:00","breadcrumb":{"@id":"https:\/\/radioljubuski.ba\/index.php\/2022\/04\/27\/marcinko-ruzic-i-lukas-u-cetvrtfinalu\/#breadcrumb"},"inLanguage":"hr","potentialAction":[{"@type":"ReadAction","target":["https:\/\/radioljubuski.ba\/index.php\/2022\/04\/27\/marcinko-ruzic-i-lukas-u-cetvrtfinalu\/"]}]},{"@type":"ImageObject","inLanguage":"hr","@id":"https:\/\/radioljubuski.ba\/index.php\/2022\/04\/27\/marcinko-ruzic-i-lukas-u-cetvrtfinalu\/#primaryimage","url":"https:\/\/radioljubuski.ba\/wp-content\/uploads\/2021\/09\/marcinko.jpeg","contentUrl":"https:\/\/radioljubuski.ba\/wp-content\/uploads\/2021\/09\/marcinko.jpeg","width":540,"height":326},{"@type":"BreadcrumbList","@id":"https:\/\/radioljubuski.ba\/index.php\/2022\/04\/27\/marcinko-ruzic-i-lukas-u-cetvrtfinalu\/#breadcrumb","itemListElement":[{"@type":"ListItem","position":1,"name":"Po\u010detna stranica","item":"https:\/\/radioljubuski.ba\/"},{"@type":"ListItem","position":2,"name":"Mar\u010dinko, Ru\u017ei\u0107 i Lukas u \u010detvrtfinalu"}]},{"@type":"WebSite","@id":"https:\/\/radioljubuski.ba\/#website","url":"https:\/\/radioljubuski.ba\/","name":"Radio Ljubu\u0161ki","description":"Sun\u010dana frekvencija Hercegovine","publisher":{"@id":"https:\/\/radioljubuski.ba\/#organization"},"potentialAction":[{"@type":"SearchAction","target":{"@type":"EntryPoint","urlTemplate":"https:\/\/radioljubuski.ba\/?s={search_term_string}"},"query-input":{"@type":"PropertyValueSpecification","valueRequired":true,"valueName":"search_term_string"}}],"inLanguage":"hr"},{"@type":"Organization","@id":"https:\/\/radioljubuski.ba\/#organization","name":"Radio Ljubu\u0161ki","url":"https:\/\/radioljubuski.ba\/","logo":{"@type":"ImageObject","inLanguage":"hr","@id":"https:\/\/radioljubuski.ba\/#\/schema\/logo\/image\/","url":"https:\/\/radioljubuski.ba\/wp-content\/uploads\/2021\/02\/cropped-Radio_Ljubuski_logo1.jpg","contentUrl":"https:\/\/radioljubuski.ba\/wp-content\/uploads\/2021\/02\/cropped-Radio_Ljubuski_logo1.jpg","width":512,"height":512,"caption":"Radio Ljubu\u0161ki"},"image":{"@id":"https:\/\/radioljubuski.ba\/#\/schema\/logo\/image\/"},"sameAs":["https:\/\/www.facebook.com\/Radiio-Ljubuski-1490835324566332","https:\/\/x.com\/radioljubuski","https:\/\/hr.linkedin.com\/company\/radio-ljubuski","https:\/\/www.youtube.com\/channel\/UCHYaeO_n0Db3tjNGudGpXyw"]},{"@type":"Person","@id":"https:\/\/radioljubuski.ba\/#\/schema\/person\/19fc700381a780f69665d7956c469e3b","name":"Radio Ljubu\u0161ki"}]}},"_links":{"self":[{"href":"https:\/\/radioljubuski.ba\/index.php\/wp-json\/wp\/v2\/posts\/136709","targetHints":{"allow":["GET"]}}],"collection":[{"href":"https:\/\/radioljubuski.ba\/index.php\/wp-json\/wp\/v2\/posts"}],"about":[{"href":"https:\/\/radioljubuski.ba\/index.php\/wp-json\/wp\/v2\/types\/post"}],"author":[{"embeddable":true,"href":"https:\/\/radioljubuski.ba\/index.php\/wp-json\/wp\/v2\/users\/2"}],"replies":[{"embeddable":true,"href":"https:\/\/radioljubuski.ba\/index.php\/wp-json\/wp\/v2\/comments?post=136709"}],"version-history":[{"count":1,"href":"https:\/\/radioljubuski.ba\/index.php\/wp-json\/wp\/v2\/posts\/136709\/revisions"}],"predecessor-version":[{"id":136710,"href":"https:\/\/radioljubuski.ba\/index.php\/wp-json\/wp\/v2\/posts\/136709\/revisions\/136710"}],"wp:featuredmedia":[{"embeddable":true,"href":"https:\/\/radioljubuski.ba\/index.php\/wp-json\/wp\/v2\/media\/62106"}],"wp:attachment":[{"href":"https:\/\/radioljubuski.ba\/index.php\/wp-json\/wp\/v2\/media?parent=136709"}],"wp:term":[{"taxonomy":"category","embeddable":true,"href":"https:\/\/radioljubuski.ba\/index.php\/wp-json\/wp\/v2\/categories?post=136709"},{"taxonomy":"post_tag","embeddable":true,"href":"https:\/\/radioljubuski.ba\/index.php\/wp-json\/wp\/v2\/tags?post=136709"}],"curies":[{"name":"wp","href":"https:\/\/api.w.org\/{rel}","templated":true}]}}