{"id":138016,"date":"2022-05-02T17:11:41","date_gmt":"2022-05-02T16:11:41","guid":{"rendered":"https:\/\/radioljubuski.ba\/?p=138016"},"modified":"2022-05-02T17:11:42","modified_gmt":"2022-05-02T16:11:42","slug":"njemacki-ministar-porucio-gradanima-naviknite-se-na-visoke-cijene","status":"publish","type":"post","link":"https:\/\/radioljubuski.ba\/index.php\/2022\/05\/02\/njemacki-ministar-porucio-gradanima-naviknite-se-na-visoke-cijene\/","title":{"rendered":"Njema\u010dki ministar poru\u010dio gra\u0111anima: Naviknite se na visoke cijene"},"content":{"rendered":"\n<p>Gra\u0111ani i kompanije u Njema\u010dkoj moraju se dugoro\u010dno pripremiti na visoke cijene energije, upozorio je u ponedjeljak ministar gospodarstva Robert Habeck.<\/p>\n\n\n\n<p>&#8220;Morat \u0107emo i dalje o\u010dekivati visoke cijene&#8221;, rekao je Habeck u Berlinu, isti\u010du\u0107i da dr\u017eava ne mo\u017ee u potpunosti apsorbirati pove\u0107anje cijena energije, ni za tvrtke, ni za potro\u0161a\u010de.<\/p>\n\n\n\n<p>&#8220;To je gorka i te\u0161ka istina&#8221;, dodao je ministar gospodarstva. Vlada je sastavila vi\u0161e programa pomo\u0107i kako bi osigurala likvidnost i zadr\u017eala dobavlja\u010de energije na tr\u017ei\u0161tu, podsjetio je. &#8220;<\/p>\n\n\n\n<p>No, oni ne mogu \u2013 i ja ne mogu nikoga po\u0161tedjeti ove te\u0161ke poruke &#8211; oni ne mogu sprije\u010diti preno\u0161enje cijena (na potro\u0161a\u010de)&#8221;, rekao je Habeck nakon sastanka s udrugama malih i srednjih poduze\u0107a, prenosi Hina. Ve\u0107ina kompanija sklopila je s dobavlja\u010dima dugoro\u010dne ugovore o opskrbi, s fiksiranim cijenama, rekao je.<\/p>\n\n\n\n<p>To zna\u010di da brojne tvrtke ne\u0107e osjetiti posljedice sve do 2023. godine kada \u0107e cijene nekih proizvoda jo\u0161 vi\u0161e porasti. Paket pomo\u0107i njema\u010dke vlade uklju\u010duje program zajmova dr\u017eavne razvojne banke KfW i subvencije tro\u0161kova energije za tvrtke.<\/p>\n\n\n\n<p>No, izravne subvencije vezane su uz vrlo stroge uvjete, napomenuo je Habeck, dodav\u0161i da bi se za potporu prema procjeni njegovog ministarstva trebalo kvalificirati oko 4000 tvrtki, tek djeli\u0107 ukupnog broja kompanija u Njema\u010dkoj.<\/p>\n\n\n\n<p>Gospodarstvo je trenutno pod ogromnim pritiskom, naglasio je njema\u010dki ministar, osim turbulencija na energetskim tr\u017ei\u0161tima, o\u010dito je da nedostaje radnika.<\/p>\n\n\n\n<p>Lanci opskrbe tako\u0111er su postali krhki zbog rata u Ukrajini i pandemije koronavirusa, primijetio je.<\/p>\n\n\n\n<p>Izvor:pogled.ba<\/p>\n","protected":false},"excerpt":{"rendered":"<p>Gra\u0111ani i kompanije u Njema\u010dkoj moraju se dugoro\u010dno pripremiti na visoke cijene energije, upozorio je u ponedjeljak ministar gospodarstva Robert Habeck. &#8220;Morat \u0107emo i dalje o\u010dekivati visoke cijene&#8221;, rekao je Habeck u Berlinu, isti\u010du\u0107i da dr\u017eava ne mo\u017ee u potpunosti apsorbirati pove\u0107anje cijena energije, ni za tvrtke, ni za potro\u0161a\u010de. &#8220;To je gorka i te\u0161ka [&hellip;]<\/p>\n","protected":false},"author":2,"featured_media":138017,"comment_status":"closed","ping_status":"closed","sticky":false,"template":"","format":"standard","meta":{"h5ap_radio_sources":[],"footnotes":""},"categories":[1],"tags":[],"class_list":["post-138016","post","type-post","status-publish","format-standard","has-post-thumbnail","hentry","category-bihiregija"],"yoast_head":"<!-- This site is optimized with the Yoast SEO plugin v27.5 - https:\/\/yoast.com\/product\/yoast-seo-wordpress\/ -->\n<title>Njema\u010dki ministar poru\u010dio gra\u0111anima: Naviknite se na visoke cijene - RADIO LJUBU\u0160KI<\/title>\n<meta name=\"robots\" content=\"index, follow, max-snippet:-1, max-image-preview:large, max-video-preview:-1\" \/>\n<link rel=\"canonical\" href=\"https:\/\/radioljubuski.ba\/index.php\/2022\/05\/02\/njemacki-ministar-porucio-gradanima-naviknite-se-na-visoke-cijene\/\" \/>\n<meta property=\"og:locale\" content=\"hr_HR\" \/>\n<meta property=\"og:type\" content=\"article\" \/>\n<meta property=\"og:title\" content=\"Njema\u010dki ministar poru\u010dio gra\u0111anima: Naviknite se na visoke cijene - RADIO LJUBU\u0160KI\" \/>\n<meta property=\"og:description\" content=\"Gra\u0111ani i kompanije u Njema\u010dkoj moraju se dugoro\u010dno pripremiti na visoke cijene energije, upozorio je u ponedjeljak ministar gospodarstva Robert Habeck. &#8220;Morat \u0107emo i dalje o\u010dekivati visoke cijene&#8221;, rekao je Habeck u Berlinu, isti\u010du\u0107i da dr\u017eava ne mo\u017ee u potpunosti apsorbirati pove\u0107anje cijena energije, ni za tvrtke, ni za potro\u0161a\u010de. &#8220;To je gorka i te\u0161ka [&hellip;]\" \/>\n<meta property=\"og:url\" content=\"https:\/\/radioljubuski.ba\/index.php\/2022\/05\/02\/njemacki-ministar-porucio-gradanima-naviknite-se-na-visoke-cijene\/\" \/>\n<meta property=\"og:site_name\" content=\"RADIO LJUBU\u0160KI\" \/>\n<meta property=\"article:publisher\" content=\"https:\/\/www.facebook.com\/Radiio-Ljubuski-1490835324566332\" \/>\n<meta property=\"article:published_time\" content=\"2022-05-02T16:11:41+00:00\" \/>\n<meta property=\"article:modified_time\" content=\"2022-05-02T16:11:42+00:00\" \/>\n<meta property=\"og:image\" content=\"https:\/\/radioljubuski.ba\/wp-content\/uploads\/2022\/05\/10-2022-05-02-17-40-49-AdobeStock_263250731.jpeg\" \/>\n\t<meta property=\"og:image:width\" content=\"1000\" \/>\n\t<meta property=\"og:image:height\" content=\"625\" \/>\n\t<meta property=\"og:image:type\" content=\"image\/jpeg\" \/>\n<meta name=\"author\" content=\"Radio Ljubu\u0161ki\" \/>\n<meta name=\"twitter:card\" content=\"summary_large_image\" \/>\n<meta name=\"twitter:creator\" content=\"@radioljubuski\" \/>\n<meta name=\"twitter:site\" content=\"@radioljubuski\" \/>\n<meta name=\"twitter:label1\" content=\"Napisao\/la\" \/>\n\t<meta name=\"twitter:data1\" content=\"Radio Ljubu\u0161ki\" \/>\n\t<meta name=\"twitter:label2\" content=\"Procijenjeno vrijeme \u010ditanja\" \/>\n\t<meta name=\"twitter:data2\" content=\"2 minute\" \/>\n<script type=\"application\/ld+json\" class=\"yoast-schema-graph\">{\"@context\":\"https:\\\/\\\/schema.org\",\"@graph\":[{\"@type\":\"Article\",\"@id\":\"https:\\\/\\\/radioljubuski.ba\\\/index.php\\\/2022\\\/05\\\/02\\\/njemacki-ministar-porucio-gradanima-naviknite-se-na-visoke-cijene\\\/#article\",\"isPartOf\":{\"@id\":\"https:\\\/\\\/radioljubuski.ba\\\/index.php\\\/2022\\\/05\\\/02\\\/njemacki-ministar-porucio-gradanima-naviknite-se-na-visoke-cijene\\\/\"},\"author\":{\"name\":\"Radio Ljubu\u0161ki\",\"@id\":\"https:\\\/\\\/radioljubuski.ba\\\/#\\\/schema\\\/person\\\/19fc700381a780f69665d7956c469e3b\"},\"headline\":\"Njema\u010dki ministar poru\u010dio gra\u0111anima: Naviknite se na visoke cijene\",\"datePublished\":\"2022-05-02T16:11:41+00:00\",\"dateModified\":\"2022-05-02T16:11:42+00:00\",\"mainEntityOfPage\":{\"@id\":\"https:\\\/\\\/radioljubuski.ba\\\/index.php\\\/2022\\\/05\\\/02\\\/njemacki-ministar-porucio-gradanima-naviknite-se-na-visoke-cijene\\\/\"},\"wordCount\":290,\"publisher\":{\"@id\":\"https:\\\/\\\/radioljubuski.ba\\\/#organization\"},\"image\":{\"@id\":\"https:\\\/\\\/radioljubuski.ba\\\/index.php\\\/2022\\\/05\\\/02\\\/njemacki-ministar-porucio-gradanima-naviknite-se-na-visoke-cijene\\\/#primaryimage\"},\"thumbnailUrl\":\"https:\\\/\\\/radioljubuski.ba\\\/wp-content\\\/uploads\\\/2022\\\/05\\\/10-2022-05-02-17-40-49-AdobeStock_263250731.jpeg\",\"articleSection\":[\"BIH i regija\"],\"inLanguage\":\"hr\"},{\"@type\":\"WebPage\",\"@id\":\"https:\\\/\\\/radioljubuski.ba\\\/index.php\\\/2022\\\/05\\\/02\\\/njemacki-ministar-porucio-gradanima-naviknite-se-na-visoke-cijene\\\/\",\"url\":\"https:\\\/\\\/radioljubuski.ba\\\/index.php\\\/2022\\\/05\\\/02\\\/njemacki-ministar-porucio-gradanima-naviknite-se-na-visoke-cijene\\\/\",\"name\":\"Njema\u010dki ministar poru\u010dio gra\u0111anima: Naviknite se na visoke cijene - RADIO LJUBU\u0160KI\",\"isPartOf\":{\"@id\":\"https:\\\/\\\/radioljubuski.ba\\\/#website\"},\"primaryImageOfPage\":{\"@id\":\"https:\\\/\\\/radioljubuski.ba\\\/index.php\\\/2022\\\/05\\\/02\\\/njemacki-ministar-porucio-gradanima-naviknite-se-na-visoke-cijene\\\/#primaryimage\"},\"image\":{\"@id\":\"https:\\\/\\\/radioljubuski.ba\\\/index.php\\\/2022\\\/05\\\/02\\\/njemacki-ministar-porucio-gradanima-naviknite-se-na-visoke-cijene\\\/#primaryimage\"},\"thumbnailUrl\":\"https:\\\/\\\/radioljubuski.ba\\\/wp-content\\\/uploads\\\/2022\\\/05\\\/10-2022-05-02-17-40-49-AdobeStock_263250731.jpeg\",\"datePublished\":\"2022-05-02T16:11:41+00:00\",\"dateModified\":\"2022-05-02T16:11:42+00:00\",\"breadcrumb\":{\"@id\":\"https:\\\/\\\/radioljubuski.ba\\\/index.php\\\/2022\\\/05\\\/02\\\/njemacki-ministar-porucio-gradanima-naviknite-se-na-visoke-cijene\\\/#breadcrumb\"},\"inLanguage\":\"hr\",\"potentialAction\":[{\"@type\":\"ReadAction\",\"target\":[\"https:\\\/\\\/radioljubuski.ba\\\/index.php\\\/2022\\\/05\\\/02\\\/njemacki-ministar-porucio-gradanima-naviknite-se-na-visoke-cijene\\\/\"]}]},{\"@type\":\"ImageObject\",\"inLanguage\":\"hr\",\"@id\":\"https:\\\/\\\/radioljubuski.ba\\\/index.php\\\/2022\\\/05\\\/02\\\/njemacki-ministar-porucio-gradanima-naviknite-se-na-visoke-cijene\\\/#primaryimage\",\"url\":\"https:\\\/\\\/radioljubuski.ba\\\/wp-content\\\/uploads\\\/2022\\\/05\\\/10-2022-05-02-17-40-49-AdobeStock_263250731.jpeg\",\"contentUrl\":\"https:\\\/\\\/radioljubuski.ba\\\/wp-content\\\/uploads\\\/2022\\\/05\\\/10-2022-05-02-17-40-49-AdobeStock_263250731.jpeg\",\"width\":1000,\"height\":625},{\"@type\":\"BreadcrumbList\",\"@id\":\"https:\\\/\\\/radioljubuski.ba\\\/index.php\\\/2022\\\/05\\\/02\\\/njemacki-ministar-porucio-gradanima-naviknite-se-na-visoke-cijene\\\/#breadcrumb\",\"itemListElement\":[{\"@type\":\"ListItem\",\"position\":1,\"name\":\"Po\u010detna stranica\",\"item\":\"https:\\\/\\\/radioljubuski.ba\\\/\"},{\"@type\":\"ListItem\",\"position\":2,\"name\":\"Njema\u010dki ministar poru\u010dio gra\u0111anima: Naviknite se na visoke cijene\"}]},{\"@type\":\"WebSite\",\"@id\":\"https:\\\/\\\/radioljubuski.ba\\\/#website\",\"url\":\"https:\\\/\\\/radioljubuski.ba\\\/\",\"name\":\"Radio Ljubu\u0161ki\",\"description\":\"Sun\u010dana frekvencija Hercegovine\",\"publisher\":{\"@id\":\"https:\\\/\\\/radioljubuski.ba\\\/#organization\"},\"potentialAction\":[{\"@type\":\"SearchAction\",\"target\":{\"@type\":\"EntryPoint\",\"urlTemplate\":\"https:\\\/\\\/radioljubuski.ba\\\/?s={search_term_string}\"},\"query-input\":{\"@type\":\"PropertyValueSpecification\",\"valueRequired\":true,\"valueName\":\"search_term_string\"}}],\"inLanguage\":\"hr\"},{\"@type\":\"Organization\",\"@id\":\"https:\\\/\\\/radioljubuski.ba\\\/#organization\",\"name\":\"Radio Ljubu\u0161ki\",\"url\":\"https:\\\/\\\/radioljubuski.ba\\\/\",\"logo\":{\"@type\":\"ImageObject\",\"inLanguage\":\"hr\",\"@id\":\"https:\\\/\\\/radioljubuski.ba\\\/#\\\/schema\\\/logo\\\/image\\\/\",\"url\":\"https:\\\/\\\/radioljubuski.ba\\\/wp-content\\\/uploads\\\/2021\\\/02\\\/cropped-Radio_Ljubuski_logo1.jpg\",\"contentUrl\":\"https:\\\/\\\/radioljubuski.ba\\\/wp-content\\\/uploads\\\/2021\\\/02\\\/cropped-Radio_Ljubuski_logo1.jpg\",\"width\":512,\"height\":512,\"caption\":\"Radio Ljubu\u0161ki\"},\"image\":{\"@id\":\"https:\\\/\\\/radioljubuski.ba\\\/#\\\/schema\\\/logo\\\/image\\\/\"},\"sameAs\":[\"https:\\\/\\\/www.facebook.com\\\/Radiio-Ljubuski-1490835324566332\",\"https:\\\/\\\/x.com\\\/radioljubuski\",\"https:\\\/\\\/hr.linkedin.com\\\/company\\\/radio-ljubuski\",\"https:\\\/\\\/www.youtube.com\\\/channel\\\/UCHYaeO_n0Db3tjNGudGpXyw\"]},{\"@type\":\"Person\",\"@id\":\"https:\\\/\\\/radioljubuski.ba\\\/#\\\/schema\\\/person\\\/19fc700381a780f69665d7956c469e3b\",\"name\":\"Radio Ljubu\u0161ki\"}]}<\/script>\n<!-- \/ Yoast SEO plugin. -->","yoast_head_json":{"title":"Njema\u010dki ministar poru\u010dio gra\u0111anima: Naviknite se na visoke cijene - RADIO LJUBU\u0160KI","robots":{"index":"index","follow":"follow","max-snippet":"max-snippet:-1","max-image-preview":"max-image-preview:large","max-video-preview":"max-video-preview:-1"},"canonical":"https:\/\/radioljubuski.ba\/index.php\/2022\/05\/02\/njemacki-ministar-porucio-gradanima-naviknite-se-na-visoke-cijene\/","og_locale":"hr_HR","og_type":"article","og_title":"Njema\u010dki ministar poru\u010dio gra\u0111anima: Naviknite se na visoke cijene - RADIO LJUBU\u0160KI","og_description":"Gra\u0111ani i kompanije u Njema\u010dkoj moraju se dugoro\u010dno pripremiti na visoke cijene energije, upozorio je u ponedjeljak ministar gospodarstva Robert Habeck. &#8220;Morat \u0107emo i dalje o\u010dekivati visoke cijene&#8221;, rekao je Habeck u Berlinu, isti\u010du\u0107i da dr\u017eava ne mo\u017ee u potpunosti apsorbirati pove\u0107anje cijena energije, ni za tvrtke, ni za potro\u0161a\u010de. &#8220;To je gorka i te\u0161ka [&hellip;]","og_url":"https:\/\/radioljubuski.ba\/index.php\/2022\/05\/02\/njemacki-ministar-porucio-gradanima-naviknite-se-na-visoke-cijene\/","og_site_name":"RADIO LJUBU\u0160KI","article_publisher":"https:\/\/www.facebook.com\/Radiio-Ljubuski-1490835324566332","article_published_time":"2022-05-02T16:11:41+00:00","article_modified_time":"2022-05-02T16:11:42+00:00","og_image":[{"width":1000,"height":625,"url":"https:\/\/radioljubuski.ba\/wp-content\/uploads\/2022\/05\/10-2022-05-02-17-40-49-AdobeStock_263250731.jpeg","type":"image\/jpeg"}],"author":"Radio Ljubu\u0161ki","twitter_card":"summary_large_image","twitter_creator":"@radioljubuski","twitter_site":"@radioljubuski","twitter_misc":{"Napisao\/la":"Radio Ljubu\u0161ki","Procijenjeno vrijeme \u010ditanja":"2 minute"},"schema":{"@context":"https:\/\/schema.org","@graph":[{"@type":"Article","@id":"https:\/\/radioljubuski.ba\/index.php\/2022\/05\/02\/njemacki-ministar-porucio-gradanima-naviknite-se-na-visoke-cijene\/#article","isPartOf":{"@id":"https:\/\/radioljubuski.ba\/index.php\/2022\/05\/02\/njemacki-ministar-porucio-gradanima-naviknite-se-na-visoke-cijene\/"},"author":{"name":"Radio Ljubu\u0161ki","@id":"https:\/\/radioljubuski.ba\/#\/schema\/person\/19fc700381a780f69665d7956c469e3b"},"headline":"Njema\u010dki ministar poru\u010dio gra\u0111anima: Naviknite se na visoke cijene","datePublished":"2022-05-02T16:11:41+00:00","dateModified":"2022-05-02T16:11:42+00:00","mainEntityOfPage":{"@id":"https:\/\/radioljubuski.ba\/index.php\/2022\/05\/02\/njemacki-ministar-porucio-gradanima-naviknite-se-na-visoke-cijene\/"},"wordCount":290,"publisher":{"@id":"https:\/\/radioljubuski.ba\/#organization"},"image":{"@id":"https:\/\/radioljubuski.ba\/index.php\/2022\/05\/02\/njemacki-ministar-porucio-gradanima-naviknite-se-na-visoke-cijene\/#primaryimage"},"thumbnailUrl":"https:\/\/radioljubuski.ba\/wp-content\/uploads\/2022\/05\/10-2022-05-02-17-40-49-AdobeStock_263250731.jpeg","articleSection":["BIH i regija"],"inLanguage":"hr"},{"@type":"WebPage","@id":"https:\/\/radioljubuski.ba\/index.php\/2022\/05\/02\/njemacki-ministar-porucio-gradanima-naviknite-se-na-visoke-cijene\/","url":"https:\/\/radioljubuski.ba\/index.php\/2022\/05\/02\/njemacki-ministar-porucio-gradanima-naviknite-se-na-visoke-cijene\/","name":"Njema\u010dki ministar poru\u010dio gra\u0111anima: Naviknite se na visoke cijene - RADIO LJUBU\u0160KI","isPartOf":{"@id":"https:\/\/radioljubuski.ba\/#website"},"primaryImageOfPage":{"@id":"https:\/\/radioljubuski.ba\/index.php\/2022\/05\/02\/njemacki-ministar-porucio-gradanima-naviknite-se-na-visoke-cijene\/#primaryimage"},"image":{"@id":"https:\/\/radioljubuski.ba\/index.php\/2022\/05\/02\/njemacki-ministar-porucio-gradanima-naviknite-se-na-visoke-cijene\/#primaryimage"},"thumbnailUrl":"https:\/\/radioljubuski.ba\/wp-content\/uploads\/2022\/05\/10-2022-05-02-17-40-49-AdobeStock_263250731.jpeg","datePublished":"2022-05-02T16:11:41+00:00","dateModified":"2022-05-02T16:11:42+00:00","breadcrumb":{"@id":"https:\/\/radioljubuski.ba\/index.php\/2022\/05\/02\/njemacki-ministar-porucio-gradanima-naviknite-se-na-visoke-cijene\/#breadcrumb"},"inLanguage":"hr","potentialAction":[{"@type":"ReadAction","target":["https:\/\/radioljubuski.ba\/index.php\/2022\/05\/02\/njemacki-ministar-porucio-gradanima-naviknite-se-na-visoke-cijene\/"]}]},{"@type":"ImageObject","inLanguage":"hr","@id":"https:\/\/radioljubuski.ba\/index.php\/2022\/05\/02\/njemacki-ministar-porucio-gradanima-naviknite-se-na-visoke-cijene\/#primaryimage","url":"https:\/\/radioljubuski.ba\/wp-content\/uploads\/2022\/05\/10-2022-05-02-17-40-49-AdobeStock_263250731.jpeg","contentUrl":"https:\/\/radioljubuski.ba\/wp-content\/uploads\/2022\/05\/10-2022-05-02-17-40-49-AdobeStock_263250731.jpeg","width":1000,"height":625},{"@type":"BreadcrumbList","@id":"https:\/\/radioljubuski.ba\/index.php\/2022\/05\/02\/njemacki-ministar-porucio-gradanima-naviknite-se-na-visoke-cijene\/#breadcrumb","itemListElement":[{"@type":"ListItem","position":1,"name":"Po\u010detna stranica","item":"https:\/\/radioljubuski.ba\/"},{"@type":"ListItem","position":2,"name":"Njema\u010dki ministar poru\u010dio gra\u0111anima: Naviknite se na visoke cijene"}]},{"@type":"WebSite","@id":"https:\/\/radioljubuski.ba\/#website","url":"https:\/\/radioljubuski.ba\/","name":"Radio Ljubu\u0161ki","description":"Sun\u010dana frekvencija Hercegovine","publisher":{"@id":"https:\/\/radioljubuski.ba\/#organization"},"potentialAction":[{"@type":"SearchAction","target":{"@type":"EntryPoint","urlTemplate":"https:\/\/radioljubuski.ba\/?s={search_term_string}"},"query-input":{"@type":"PropertyValueSpecification","valueRequired":true,"valueName":"search_term_string"}}],"inLanguage":"hr"},{"@type":"Organization","@id":"https:\/\/radioljubuski.ba\/#organization","name":"Radio Ljubu\u0161ki","url":"https:\/\/radioljubuski.ba\/","logo":{"@type":"ImageObject","inLanguage":"hr","@id":"https:\/\/radioljubuski.ba\/#\/schema\/logo\/image\/","url":"https:\/\/radioljubuski.ba\/wp-content\/uploads\/2021\/02\/cropped-Radio_Ljubuski_logo1.jpg","contentUrl":"https:\/\/radioljubuski.ba\/wp-content\/uploads\/2021\/02\/cropped-Radio_Ljubuski_logo1.jpg","width":512,"height":512,"caption":"Radio Ljubu\u0161ki"},"image":{"@id":"https:\/\/radioljubuski.ba\/#\/schema\/logo\/image\/"},"sameAs":["https:\/\/www.facebook.com\/Radiio-Ljubuski-1490835324566332","https:\/\/x.com\/radioljubuski","https:\/\/hr.linkedin.com\/company\/radio-ljubuski","https:\/\/www.youtube.com\/channel\/UCHYaeO_n0Db3tjNGudGpXyw"]},{"@type":"Person","@id":"https:\/\/radioljubuski.ba\/#\/schema\/person\/19fc700381a780f69665d7956c469e3b","name":"Radio Ljubu\u0161ki"}]}},"_links":{"self":[{"href":"https:\/\/radioljubuski.ba\/index.php\/wp-json\/wp\/v2\/posts\/138016","targetHints":{"allow":["GET"]}}],"collection":[{"href":"https:\/\/radioljubuski.ba\/index.php\/wp-json\/wp\/v2\/posts"}],"about":[{"href":"https:\/\/radioljubuski.ba\/index.php\/wp-json\/wp\/v2\/types\/post"}],"author":[{"embeddable":true,"href":"https:\/\/radioljubuski.ba\/index.php\/wp-json\/wp\/v2\/users\/2"}],"replies":[{"embeddable":true,"href":"https:\/\/radioljubuski.ba\/index.php\/wp-json\/wp\/v2\/comments?post=138016"}],"version-history":[{"count":1,"href":"https:\/\/radioljubuski.ba\/index.php\/wp-json\/wp\/v2\/posts\/138016\/revisions"}],"predecessor-version":[{"id":138018,"href":"https:\/\/radioljubuski.ba\/index.php\/wp-json\/wp\/v2\/posts\/138016\/revisions\/138018"}],"wp:featuredmedia":[{"embeddable":true,"href":"https:\/\/radioljubuski.ba\/index.php\/wp-json\/wp\/v2\/media\/138017"}],"wp:attachment":[{"href":"https:\/\/radioljubuski.ba\/index.php\/wp-json\/wp\/v2\/media?parent=138016"}],"wp:term":[{"taxonomy":"category","embeddable":true,"href":"https:\/\/radioljubuski.ba\/index.php\/wp-json\/wp\/v2\/categories?post=138016"},{"taxonomy":"post_tag","embeddable":true,"href":"https:\/\/radioljubuski.ba\/index.php\/wp-json\/wp\/v2\/tags?post=138016"}],"curies":[{"name":"wp","href":"https:\/\/api.w.org\/{rel}","templated":true}]}}