{"id":138019,"date":"2022-05-02T17:12:47","date_gmt":"2022-05-02T16:12:47","guid":{"rendered":"https:\/\/radioljubuski.ba\/?p=138019"},"modified":"2022-05-02T17:12:49","modified_gmt":"2022-05-02T16:12:49","slug":"hyundai-prekida-sve-poslove-s-rimcem","status":"publish","type":"post","link":"https:\/\/radioljubuski.ba\/index.php\/2022\/05\/02\/hyundai-prekida-sve-poslove-s-rimcem\/","title":{"rendered":"Hyundai prekida sve poslove s Rimcem?"},"content":{"rendered":"\n<p>Hyundai motor zavr\u0161ava projekte s Rimac grupom, rekli su izvori, nakon \u0161to je hrvatski proizvo\u0111a\u010d automobila produbio svoje veze s Porscheom, pi\u0161e&nbsp;<a href=\"https:\/\/europe.autonews.com\/automakers\/hyundai-end-projects-rimac-sources-say\" target=\"_blank\" rel=\"noreferrer noopener\">Automotive News Europe<\/a>.&nbsp;<\/p>\n\n\n\n<p>Hyundai i sestrinska marka Kia zajedno su ulo\u017eili 80 milijuna eura (84 milijuna dolara) u elektri\u010dni startup 2019. kako bi preuzeli 12 posto udjela u tvrtki.<\/p>\n\n\n\n<p>Ho\u0107e li Hyundai prodati udio u Rimcu<\/p>\n\n\n\n<p>Hyundai je naknadno najavio dva projekta: elektri\u010dni sportski automobil za Hyundaijev podbrend N performance i sportsko vozilo na gorive \u0107elije.&nbsp;<\/p>\n\n\n\n<p>Nejasno je ho\u0107e li korejska tvrtka prodati svoj udio u Rimcu.&nbsp;<\/p>\n\n\n\n<p>Automotive News je poslao upit Hyundaiju, ali mu iz kompanije jo\u0161 nisu odgovorili.&nbsp;<\/p>\n\n\n\n<p>Izvor: Odnos Rimca i Hyundaija se pogor\u0161ao kad je Rimac postao tje\u0161nje povezan s Porscheom<\/p>\n\n\n\n<p>Prema jednom izvoru, Hyundaijev odnos s Rimcem pogor\u0161ao se kako je tvrtka sa sjedi\u0161tem u Hrvatskoj postala tje\u0161nje povezana s Porscheom.<\/p>\n\n\n\n<p>Istovremeno, Rim\u010deva Rimac grupa postala je ve\u0107inski dioni\u010dar Bugattija s 55 posto, dok Porsche posjeduje preostalih 45 posto.&nbsp;<\/p>\n\n\n\n<p>Hyundai \u0107e zavr\u0161iti projekt elektri\u010dnog sportskog automobila zapo\u010det u suradnji s Rimcem&nbsp;i, rekao je jedan od izvora. O\u010dekivani datum lansiranja vozila je po\u010detak 2023. godine.<\/p>\n\n\n\n<p>Zajedni\u010dki rad na projektu gorivih \u0107elija, koji je prvi put vi\u0111en na konceptu Hyundai Vision FK prikazanom pro\u0161le godine ne\u0107e se nastaviti.&nbsp;<\/p>\n\n\n\n<p>\u0160to ka\u017eu u Rimcu<\/p>\n\n\n\n<p>&#8220;U tijeku su dva aktivna projekta visoke razine s Hyundaijem,&nbsp;jedan je zavr\u0161en i nekoliko budu\u0107ih projekata o kojima se raspravlja&#8221;, rekla je glasnogovornica Rimca u odgovoru na pitanja Automotive News Europe.<\/p>\n\n\n\n<p>Iz tvrtke nisu rekli je li zavr\u0161eni projekt elektri\u010dni sportski automobil.<\/p>\n\n\n\n<p>Rimac je opovrgnuo&nbsp; da je pove\u0107ani Porscheov utjecaj u tvrtki izazvao razdor s Hyundaijem.<\/p>\n\n\n\n<p>&#8220;Hyundai je pru\u017eao podr\u0161ku u transformaciji tvrtke tijekom posljednjih 12 mjeseci &#8211; uklju\u010duju\u0107i izdvajanje Rimac Technology i udru\u017eivanje snaga s Bugattijem pod novom tvrtkom Bugatti Rimac&#8221;, rekla je glasnogovornica Rimca.&nbsp;<\/p>\n\n\n\n<p>Izvor:index.hr<\/p>\n","protected":false},"excerpt":{"rendered":"<p>Hyundai motor zavr\u0161ava projekte s Rimac grupom, rekli su izvori, nakon \u0161to je hrvatski proizvo\u0111a\u010d automobila produbio svoje veze s Porscheom, pi\u0161e&nbsp;Automotive News Europe.&nbsp; Hyundai i sestrinska marka Kia zajedno su ulo\u017eili 80 milijuna eura (84 milijuna dolara) u elektri\u010dni startup 2019. kako bi preuzeli 12 posto udjela u tvrtki. Ho\u0107e li Hyundai prodati udio [&hellip;]<\/p>\n","protected":false},"author":2,"featured_media":93309,"comment_status":"closed","ping_status":"closed","sticky":false,"template":"","format":"standard","meta":{"h5ap_radio_sources":[],"footnotes":""},"categories":[1],"tags":[],"class_list":["post-138019","post","type-post","status-publish","format-standard","has-post-thumbnail","hentry","category-bihiregija"],"yoast_head":"<!-- This site is optimized with the Yoast SEO plugin v27.5 - https:\/\/yoast.com\/product\/yoast-seo-wordpress\/ -->\n<title>Hyundai prekida sve poslove s Rimcem? - RADIO LJUBU\u0160KI<\/title>\n<meta name=\"robots\" content=\"index, follow, max-snippet:-1, max-image-preview:large, max-video-preview:-1\" \/>\n<link rel=\"canonical\" href=\"https:\/\/radioljubuski.ba\/index.php\/2022\/05\/02\/hyundai-prekida-sve-poslove-s-rimcem\/\" \/>\n<meta property=\"og:locale\" content=\"hr_HR\" \/>\n<meta property=\"og:type\" content=\"article\" \/>\n<meta property=\"og:title\" content=\"Hyundai prekida sve poslove s Rimcem? - RADIO LJUBU\u0160KI\" \/>\n<meta property=\"og:description\" content=\"Hyundai motor zavr\u0161ava projekte s Rimac grupom, rekli su izvori, nakon \u0161to je hrvatski proizvo\u0111a\u010d automobila produbio svoje veze s Porscheom, pi\u0161e&nbsp;Automotive News Europe.&nbsp; Hyundai i sestrinska marka Kia zajedno su ulo\u017eili 80 milijuna eura (84 milijuna dolara) u elektri\u010dni startup 2019. kako bi preuzeli 12 posto udjela u tvrtki. Ho\u0107e li Hyundai prodati udio [&hellip;]\" \/>\n<meta property=\"og:url\" content=\"https:\/\/radioljubuski.ba\/index.php\/2022\/05\/02\/hyundai-prekida-sve-poslove-s-rimcem\/\" \/>\n<meta property=\"og:site_name\" content=\"RADIO LJUBU\u0160KI\" \/>\n<meta property=\"article:publisher\" content=\"https:\/\/www.facebook.com\/Radiio-Ljubuski-1490835324566332\" \/>\n<meta property=\"article:published_time\" content=\"2022-05-02T16:12:47+00:00\" \/>\n<meta property=\"article:modified_time\" content=\"2022-05-02T16:12:49+00:00\" \/>\n<meta property=\"og:image\" content=\"https:\/\/radioljubuski.ba\/wp-content\/uploads\/2021\/11\/jkqBP06J_mate_rimac.jpg\" \/>\n\t<meta property=\"og:image:width\" content=\"1000\" \/>\n\t<meta property=\"og:image:height\" content=\"625\" \/>\n\t<meta property=\"og:image:type\" content=\"image\/jpeg\" \/>\n<meta name=\"author\" content=\"Radio Ljubu\u0161ki\" \/>\n<meta name=\"twitter:card\" content=\"summary_large_image\" \/>\n<meta name=\"twitter:creator\" content=\"@radioljubuski\" \/>\n<meta name=\"twitter:site\" content=\"@radioljubuski\" \/>\n<meta name=\"twitter:label1\" content=\"Napisao\/la\" \/>\n\t<meta name=\"twitter:data1\" content=\"Radio Ljubu\u0161ki\" \/>\n\t<meta name=\"twitter:label2\" content=\"Procijenjeno vrijeme \u010ditanja\" \/>\n\t<meta name=\"twitter:data2\" content=\"2 minute\" \/>\n<script type=\"application\/ld+json\" class=\"yoast-schema-graph\">{\"@context\":\"https:\\\/\\\/schema.org\",\"@graph\":[{\"@type\":\"Article\",\"@id\":\"https:\\\/\\\/radioljubuski.ba\\\/index.php\\\/2022\\\/05\\\/02\\\/hyundai-prekida-sve-poslove-s-rimcem\\\/#article\",\"isPartOf\":{\"@id\":\"https:\\\/\\\/radioljubuski.ba\\\/index.php\\\/2022\\\/05\\\/02\\\/hyundai-prekida-sve-poslove-s-rimcem\\\/\"},\"author\":{\"name\":\"Radio Ljubu\u0161ki\",\"@id\":\"https:\\\/\\\/radioljubuski.ba\\\/#\\\/schema\\\/person\\\/19fc700381a780f69665d7956c469e3b\"},\"headline\":\"Hyundai prekida sve poslove s Rimcem?\",\"datePublished\":\"2022-05-02T16:12:47+00:00\",\"dateModified\":\"2022-05-02T16:12:49+00:00\",\"mainEntityOfPage\":{\"@id\":\"https:\\\/\\\/radioljubuski.ba\\\/index.php\\\/2022\\\/05\\\/02\\\/hyundai-prekida-sve-poslove-s-rimcem\\\/\"},\"wordCount\":343,\"publisher\":{\"@id\":\"https:\\\/\\\/radioljubuski.ba\\\/#organization\"},\"image\":{\"@id\":\"https:\\\/\\\/radioljubuski.ba\\\/index.php\\\/2022\\\/05\\\/02\\\/hyundai-prekida-sve-poslove-s-rimcem\\\/#primaryimage\"},\"thumbnailUrl\":\"https:\\\/\\\/radioljubuski.ba\\\/wp-content\\\/uploads\\\/2021\\\/11\\\/jkqBP06J_mate_rimac.jpg\",\"articleSection\":[\"BIH i regija\"],\"inLanguage\":\"hr\"},{\"@type\":\"WebPage\",\"@id\":\"https:\\\/\\\/radioljubuski.ba\\\/index.php\\\/2022\\\/05\\\/02\\\/hyundai-prekida-sve-poslove-s-rimcem\\\/\",\"url\":\"https:\\\/\\\/radioljubuski.ba\\\/index.php\\\/2022\\\/05\\\/02\\\/hyundai-prekida-sve-poslove-s-rimcem\\\/\",\"name\":\"Hyundai prekida sve poslove s Rimcem? - RADIO LJUBU\u0160KI\",\"isPartOf\":{\"@id\":\"https:\\\/\\\/radioljubuski.ba\\\/#website\"},\"primaryImageOfPage\":{\"@id\":\"https:\\\/\\\/radioljubuski.ba\\\/index.php\\\/2022\\\/05\\\/02\\\/hyundai-prekida-sve-poslove-s-rimcem\\\/#primaryimage\"},\"image\":{\"@id\":\"https:\\\/\\\/radioljubuski.ba\\\/index.php\\\/2022\\\/05\\\/02\\\/hyundai-prekida-sve-poslove-s-rimcem\\\/#primaryimage\"},\"thumbnailUrl\":\"https:\\\/\\\/radioljubuski.ba\\\/wp-content\\\/uploads\\\/2021\\\/11\\\/jkqBP06J_mate_rimac.jpg\",\"datePublished\":\"2022-05-02T16:12:47+00:00\",\"dateModified\":\"2022-05-02T16:12:49+00:00\",\"breadcrumb\":{\"@id\":\"https:\\\/\\\/radioljubuski.ba\\\/index.php\\\/2022\\\/05\\\/02\\\/hyundai-prekida-sve-poslove-s-rimcem\\\/#breadcrumb\"},\"inLanguage\":\"hr\",\"potentialAction\":[{\"@type\":\"ReadAction\",\"target\":[\"https:\\\/\\\/radioljubuski.ba\\\/index.php\\\/2022\\\/05\\\/02\\\/hyundai-prekida-sve-poslove-s-rimcem\\\/\"]}]},{\"@type\":\"ImageObject\",\"inLanguage\":\"hr\",\"@id\":\"https:\\\/\\\/radioljubuski.ba\\\/index.php\\\/2022\\\/05\\\/02\\\/hyundai-prekida-sve-poslove-s-rimcem\\\/#primaryimage\",\"url\":\"https:\\\/\\\/radioljubuski.ba\\\/wp-content\\\/uploads\\\/2021\\\/11\\\/jkqBP06J_mate_rimac.jpg\",\"contentUrl\":\"https:\\\/\\\/radioljubuski.ba\\\/wp-content\\\/uploads\\\/2021\\\/11\\\/jkqBP06J_mate_rimac.jpg\",\"width\":1000,\"height\":625},{\"@type\":\"BreadcrumbList\",\"@id\":\"https:\\\/\\\/radioljubuski.ba\\\/index.php\\\/2022\\\/05\\\/02\\\/hyundai-prekida-sve-poslove-s-rimcem\\\/#breadcrumb\",\"itemListElement\":[{\"@type\":\"ListItem\",\"position\":1,\"name\":\"Po\u010detna stranica\",\"item\":\"https:\\\/\\\/radioljubuski.ba\\\/\"},{\"@type\":\"ListItem\",\"position\":2,\"name\":\"Hyundai prekida sve poslove s Rimcem?\"}]},{\"@type\":\"WebSite\",\"@id\":\"https:\\\/\\\/radioljubuski.ba\\\/#website\",\"url\":\"https:\\\/\\\/radioljubuski.ba\\\/\",\"name\":\"Radio Ljubu\u0161ki\",\"description\":\"Sun\u010dana frekvencija Hercegovine\",\"publisher\":{\"@id\":\"https:\\\/\\\/radioljubuski.ba\\\/#organization\"},\"potentialAction\":[{\"@type\":\"SearchAction\",\"target\":{\"@type\":\"EntryPoint\",\"urlTemplate\":\"https:\\\/\\\/radioljubuski.ba\\\/?s={search_term_string}\"},\"query-input\":{\"@type\":\"PropertyValueSpecification\",\"valueRequired\":true,\"valueName\":\"search_term_string\"}}],\"inLanguage\":\"hr\"},{\"@type\":\"Organization\",\"@id\":\"https:\\\/\\\/radioljubuski.ba\\\/#organization\",\"name\":\"Radio Ljubu\u0161ki\",\"url\":\"https:\\\/\\\/radioljubuski.ba\\\/\",\"logo\":{\"@type\":\"ImageObject\",\"inLanguage\":\"hr\",\"@id\":\"https:\\\/\\\/radioljubuski.ba\\\/#\\\/schema\\\/logo\\\/image\\\/\",\"url\":\"https:\\\/\\\/radioljubuski.ba\\\/wp-content\\\/uploads\\\/2021\\\/02\\\/cropped-Radio_Ljubuski_logo1.jpg\",\"contentUrl\":\"https:\\\/\\\/radioljubuski.ba\\\/wp-content\\\/uploads\\\/2021\\\/02\\\/cropped-Radio_Ljubuski_logo1.jpg\",\"width\":512,\"height\":512,\"caption\":\"Radio Ljubu\u0161ki\"},\"image\":{\"@id\":\"https:\\\/\\\/radioljubuski.ba\\\/#\\\/schema\\\/logo\\\/image\\\/\"},\"sameAs\":[\"https:\\\/\\\/www.facebook.com\\\/Radiio-Ljubuski-1490835324566332\",\"https:\\\/\\\/x.com\\\/radioljubuski\",\"https:\\\/\\\/hr.linkedin.com\\\/company\\\/radio-ljubuski\",\"https:\\\/\\\/www.youtube.com\\\/channel\\\/UCHYaeO_n0Db3tjNGudGpXyw\"]},{\"@type\":\"Person\",\"@id\":\"https:\\\/\\\/radioljubuski.ba\\\/#\\\/schema\\\/person\\\/19fc700381a780f69665d7956c469e3b\",\"name\":\"Radio Ljubu\u0161ki\"}]}<\/script>\n<!-- \/ Yoast SEO plugin. -->","yoast_head_json":{"title":"Hyundai prekida sve poslove s Rimcem? - RADIO LJUBU\u0160KI","robots":{"index":"index","follow":"follow","max-snippet":"max-snippet:-1","max-image-preview":"max-image-preview:large","max-video-preview":"max-video-preview:-1"},"canonical":"https:\/\/radioljubuski.ba\/index.php\/2022\/05\/02\/hyundai-prekida-sve-poslove-s-rimcem\/","og_locale":"hr_HR","og_type":"article","og_title":"Hyundai prekida sve poslove s Rimcem? - RADIO LJUBU\u0160KI","og_description":"Hyundai motor zavr\u0161ava projekte s Rimac grupom, rekli su izvori, nakon \u0161to je hrvatski proizvo\u0111a\u010d automobila produbio svoje veze s Porscheom, pi\u0161e&nbsp;Automotive News Europe.&nbsp; Hyundai i sestrinska marka Kia zajedno su ulo\u017eili 80 milijuna eura (84 milijuna dolara) u elektri\u010dni startup 2019. kako bi preuzeli 12 posto udjela u tvrtki. Ho\u0107e li Hyundai prodati udio [&hellip;]","og_url":"https:\/\/radioljubuski.ba\/index.php\/2022\/05\/02\/hyundai-prekida-sve-poslove-s-rimcem\/","og_site_name":"RADIO LJUBU\u0160KI","article_publisher":"https:\/\/www.facebook.com\/Radiio-Ljubuski-1490835324566332","article_published_time":"2022-05-02T16:12:47+00:00","article_modified_time":"2022-05-02T16:12:49+00:00","og_image":[{"width":1000,"height":625,"url":"https:\/\/radioljubuski.ba\/wp-content\/uploads\/2021\/11\/jkqBP06J_mate_rimac.jpg","type":"image\/jpeg"}],"author":"Radio Ljubu\u0161ki","twitter_card":"summary_large_image","twitter_creator":"@radioljubuski","twitter_site":"@radioljubuski","twitter_misc":{"Napisao\/la":"Radio Ljubu\u0161ki","Procijenjeno vrijeme \u010ditanja":"2 minute"},"schema":{"@context":"https:\/\/schema.org","@graph":[{"@type":"Article","@id":"https:\/\/radioljubuski.ba\/index.php\/2022\/05\/02\/hyundai-prekida-sve-poslove-s-rimcem\/#article","isPartOf":{"@id":"https:\/\/radioljubuski.ba\/index.php\/2022\/05\/02\/hyundai-prekida-sve-poslove-s-rimcem\/"},"author":{"name":"Radio Ljubu\u0161ki","@id":"https:\/\/radioljubuski.ba\/#\/schema\/person\/19fc700381a780f69665d7956c469e3b"},"headline":"Hyundai prekida sve poslove s Rimcem?","datePublished":"2022-05-02T16:12:47+00:00","dateModified":"2022-05-02T16:12:49+00:00","mainEntityOfPage":{"@id":"https:\/\/radioljubuski.ba\/index.php\/2022\/05\/02\/hyundai-prekida-sve-poslove-s-rimcem\/"},"wordCount":343,"publisher":{"@id":"https:\/\/radioljubuski.ba\/#organization"},"image":{"@id":"https:\/\/radioljubuski.ba\/index.php\/2022\/05\/02\/hyundai-prekida-sve-poslove-s-rimcem\/#primaryimage"},"thumbnailUrl":"https:\/\/radioljubuski.ba\/wp-content\/uploads\/2021\/11\/jkqBP06J_mate_rimac.jpg","articleSection":["BIH i regija"],"inLanguage":"hr"},{"@type":"WebPage","@id":"https:\/\/radioljubuski.ba\/index.php\/2022\/05\/02\/hyundai-prekida-sve-poslove-s-rimcem\/","url":"https:\/\/radioljubuski.ba\/index.php\/2022\/05\/02\/hyundai-prekida-sve-poslove-s-rimcem\/","name":"Hyundai prekida sve poslove s Rimcem? - RADIO LJUBU\u0160KI","isPartOf":{"@id":"https:\/\/radioljubuski.ba\/#website"},"primaryImageOfPage":{"@id":"https:\/\/radioljubuski.ba\/index.php\/2022\/05\/02\/hyundai-prekida-sve-poslove-s-rimcem\/#primaryimage"},"image":{"@id":"https:\/\/radioljubuski.ba\/index.php\/2022\/05\/02\/hyundai-prekida-sve-poslove-s-rimcem\/#primaryimage"},"thumbnailUrl":"https:\/\/radioljubuski.ba\/wp-content\/uploads\/2021\/11\/jkqBP06J_mate_rimac.jpg","datePublished":"2022-05-02T16:12:47+00:00","dateModified":"2022-05-02T16:12:49+00:00","breadcrumb":{"@id":"https:\/\/radioljubuski.ba\/index.php\/2022\/05\/02\/hyundai-prekida-sve-poslove-s-rimcem\/#breadcrumb"},"inLanguage":"hr","potentialAction":[{"@type":"ReadAction","target":["https:\/\/radioljubuski.ba\/index.php\/2022\/05\/02\/hyundai-prekida-sve-poslove-s-rimcem\/"]}]},{"@type":"ImageObject","inLanguage":"hr","@id":"https:\/\/radioljubuski.ba\/index.php\/2022\/05\/02\/hyundai-prekida-sve-poslove-s-rimcem\/#primaryimage","url":"https:\/\/radioljubuski.ba\/wp-content\/uploads\/2021\/11\/jkqBP06J_mate_rimac.jpg","contentUrl":"https:\/\/radioljubuski.ba\/wp-content\/uploads\/2021\/11\/jkqBP06J_mate_rimac.jpg","width":1000,"height":625},{"@type":"BreadcrumbList","@id":"https:\/\/radioljubuski.ba\/index.php\/2022\/05\/02\/hyundai-prekida-sve-poslove-s-rimcem\/#breadcrumb","itemListElement":[{"@type":"ListItem","position":1,"name":"Po\u010detna stranica","item":"https:\/\/radioljubuski.ba\/"},{"@type":"ListItem","position":2,"name":"Hyundai prekida sve poslove s Rimcem?"}]},{"@type":"WebSite","@id":"https:\/\/radioljubuski.ba\/#website","url":"https:\/\/radioljubuski.ba\/","name":"Radio Ljubu\u0161ki","description":"Sun\u010dana frekvencija Hercegovine","publisher":{"@id":"https:\/\/radioljubuski.ba\/#organization"},"potentialAction":[{"@type":"SearchAction","target":{"@type":"EntryPoint","urlTemplate":"https:\/\/radioljubuski.ba\/?s={search_term_string}"},"query-input":{"@type":"PropertyValueSpecification","valueRequired":true,"valueName":"search_term_string"}}],"inLanguage":"hr"},{"@type":"Organization","@id":"https:\/\/radioljubuski.ba\/#organization","name":"Radio Ljubu\u0161ki","url":"https:\/\/radioljubuski.ba\/","logo":{"@type":"ImageObject","inLanguage":"hr","@id":"https:\/\/radioljubuski.ba\/#\/schema\/logo\/image\/","url":"https:\/\/radioljubuski.ba\/wp-content\/uploads\/2021\/02\/cropped-Radio_Ljubuski_logo1.jpg","contentUrl":"https:\/\/radioljubuski.ba\/wp-content\/uploads\/2021\/02\/cropped-Radio_Ljubuski_logo1.jpg","width":512,"height":512,"caption":"Radio Ljubu\u0161ki"},"image":{"@id":"https:\/\/radioljubuski.ba\/#\/schema\/logo\/image\/"},"sameAs":["https:\/\/www.facebook.com\/Radiio-Ljubuski-1490835324566332","https:\/\/x.com\/radioljubuski","https:\/\/hr.linkedin.com\/company\/radio-ljubuski","https:\/\/www.youtube.com\/channel\/UCHYaeO_n0Db3tjNGudGpXyw"]},{"@type":"Person","@id":"https:\/\/radioljubuski.ba\/#\/schema\/person\/19fc700381a780f69665d7956c469e3b","name":"Radio Ljubu\u0161ki"}]}},"_links":{"self":[{"href":"https:\/\/radioljubuski.ba\/index.php\/wp-json\/wp\/v2\/posts\/138019","targetHints":{"allow":["GET"]}}],"collection":[{"href":"https:\/\/radioljubuski.ba\/index.php\/wp-json\/wp\/v2\/posts"}],"about":[{"href":"https:\/\/radioljubuski.ba\/index.php\/wp-json\/wp\/v2\/types\/post"}],"author":[{"embeddable":true,"href":"https:\/\/radioljubuski.ba\/index.php\/wp-json\/wp\/v2\/users\/2"}],"replies":[{"embeddable":true,"href":"https:\/\/radioljubuski.ba\/index.php\/wp-json\/wp\/v2\/comments?post=138019"}],"version-history":[{"count":1,"href":"https:\/\/radioljubuski.ba\/index.php\/wp-json\/wp\/v2\/posts\/138019\/revisions"}],"predecessor-version":[{"id":138020,"href":"https:\/\/radioljubuski.ba\/index.php\/wp-json\/wp\/v2\/posts\/138019\/revisions\/138020"}],"wp:featuredmedia":[{"embeddable":true,"href":"https:\/\/radioljubuski.ba\/index.php\/wp-json\/wp\/v2\/media\/93309"}],"wp:attachment":[{"href":"https:\/\/radioljubuski.ba\/index.php\/wp-json\/wp\/v2\/media?parent=138019"}],"wp:term":[{"taxonomy":"category","embeddable":true,"href":"https:\/\/radioljubuski.ba\/index.php\/wp-json\/wp\/v2\/categories?post=138019"},{"taxonomy":"post_tag","embeddable":true,"href":"https:\/\/radioljubuski.ba\/index.php\/wp-json\/wp\/v2\/tags?post=138019"}],"curies":[{"name":"wp","href":"https:\/\/api.w.org\/{rel}","templated":true}]}}