{"id":13887,"date":"2021-04-17T16:27:20","date_gmt":"2021-04-17T15:27:20","guid":{"rendered":"https:\/\/radioljubuski.ba\/?p=13887"},"modified":"2021-04-17T16:27:20","modified_gmt":"2021-04-17T15:27:20","slug":"komadanje-bih-u-funkciji-je-rusenja-non-papera-hrvatske-i-sprjecavanja-izborne-reforme","status":"publish","type":"post","link":"https:\/\/radioljubuski.ba\/index.php\/2021\/04\/17\/komadanje-bih-u-funkciji-je-rusenja-non-papera-hrvatske-i-sprjecavanja-izborne-reforme\/","title":{"rendered":"\u201cKomadanje BiH\u201d u funkciji je ru\u0161enja non-papera Hrvatske i sprje\u010davanja izborne reforme"},"content":{"rendered":"\n<p><strong>\u2013 Ne\u0107emo komentirati \u0161pekulacije o non-paperu na koji se referirate \u2013 glasio je odgovor ameri\u010dkog Veleposlanstva na navodni non-paper koji se pojavio u javnosti o navodnome planu za podjelu teritorija na podru\u010dju Balkana te \u201ckomadanju\u201d BiH. Navodni dokument objavio je slovenski portal Necenzurirano, no pri tome nije jasno \u010diji je dokument, tko mu je autor ni kome je poslan.<\/strong><\/p>\n\n\n\n<p>No komentar iz ameri\u010dkog Veleposlanstva kako se radi o \u0161pekulaciji najbolje govori o tome je li uop\u0107e autenti\u010dan, je li ga tko slu\u017ebeno upu\u0107ivao. No posve je jasno, a \u0161to se, o\u010dito, nastoji i problematizirati, da se ovim dokumentom na lokalnoj sceni nastoji uzdrmati slovenskog premijera Janeza Jan\u0161u, a s druge strane poslu\u017eio je velikobo\u0161nja\u010dkim unitaristima potvrditi teze o nastavku srpskih i hrvatskih poku\u0161aja podjele BiH, pi\u0161e Ve\u010dernji list BiH.<\/p>\n\n\n\n<p><strong>Promjena granica<\/strong><\/p>\n\n\n\n<p>Glavni cilj tih napada jest da se posredno, zapravo, naru\u0161i vjerodostojnost non-papera koji je Hrvatska slu\u017ebeno pokrenula pred Vije\u0107em za vanjske poslove Europske unije. A objava toga dokumenta dolazi upravo u vrijeme kada je hrvatski \u0161ef diplomacije Gordan Grli\u0107 Radman bio u posjetu BiH te uputio poruke kako Hrvatska o\u010dekuje izmjene Izbornog zakona. S obzirom na to da je Slovenija supotpisnica hrvatskog non-papera, onda je posve jasno za\u0161to se sarajevsko medijsko i obavje\u0161tajno podzemlje potrudilo osporiti ove posve legitimne zahtjeve neizravno preko fantomskog non-papera.<\/p>\n\n\n\n<p>A u navodnome dokumentu, kojim se nastoji potvrditi stereotipe kao da su iza\u0161li iz \u201ckuhinje\u201d tajne bo\u0161nja\u010dke policije AID-a o srpsko-hrvatskom dogovoru te na taj na\u010din podi\u0107i tlak partnerima iz SAD-a, Njema\u010dke i najva\u017enijim partnerima, isti\u010de se kako na Balkanu postoje \u201cnerije\u0161ena nacionalna pitanja Srba, Albanaca i Hrvata\u201d koja nisu rije\u0161ena od raspada Jugoslavije.<\/p>\n\n\n\n<p>Tu se navodi problemati\u010dna BiH i njezina EU perspektiva, rje\u0161enje problema Srbije i Kosova, uloga Turske u BiH i Sjevernoj Makedoniji. Nakon toga su uslijedila rje\u0161enja koja su, naravno, de\u017eurnim \u201cpatriotima\u201d \u017deljku Kom\u0161i\u0107u, \u0160efiku D\u017eaferovi\u0107u\u2026 poslu\u017eila za obasipanje izjavama i prijetnjama ratom. Tako se u fantomskom dokumentu predla\u017ee ujedinjenje ve\u0107ine teritorija RS-a sa Srbijom.\u2028- U ovom slu\u010daju Srbija je spremna pristati na ujedinjenje Kosova i Albanije \u2013 navodi se u navodnom dokumentu. S druge pak strane, i hrvatsko pitanje vidi se pripajanjem dijela teritorija Hrvatskoj.<\/p>\n\n\n\n<p>\u2013 Hrvatsko nacionalno pitanje mo\u017ee se rije\u0161iti spajanjem ve\u0107ine hrvatskih \u017eupanija u BiH s Hrvatskom ili davanjem posebnog statusa hrvatskom dijelu BiH (po uzoru na Ju\u017eni Tirol). To bi Bo\u0161njacima dalo neovisno funkcioniraju\u0107u dr\u017eavu i preuzeli bi punu odgovornost za nju. Na referendumu bi ljudi odlu\u010divali ho\u0107e li se pridru\u017eiti EU ili budu\u0107nosti izvan EU (slijede\u0107i primjer Turske). Za sada velika ve\u0107ina Bo\u0161njaka podr\u017eava perspektivu EU, a u naglom porastu turskog utjecaja i radikalnog islama situacija bi se mogla drasti\u010dno pogor\u0161ati u sljede\u0107em desetlje\u0107u \u2013 stoji u navodnom dokumentu. Kada se pak spominju Hrvati u BiH, onda se govori o ve\u0107inski hrvatskim, grani\u010dnim \u017eupanijama s Hrvatskom.<\/p>\n\n\n\n<p>Zanimljivo je kako su se \u201cdistributeri\u201d ovoga navodnog dokumenta prevarili u jednoj stvari. I prije negoli ga je \u201cekskluzivno\u201d objavio slovenski portal, ve\u0107 ga je uspio prokomentirati jedan od najve\u0107ih bo\u0161nja\u010dkih zagovaratelja koji godinama podupire majorizaciju Hrvata i ideje Kom\u0161i\u0107evih unitarista, Kurt Bassuener iz DPC-a. To prakti\u010dki vrlo jasno sugerira otkuda, makar u BiH, vjetar pu\u0161e. A upravo to sugeriraju \u201cupu\u0107eni\u201d sa slovenskog portala Necenzurirano. A onda nastavljaju istu mantru da Rusija, \u0161to godinama ponavljaju sarajevski pismoznanci, uz teze o UZP-u, podr\u017eava stajali\u0161ta Hrvata.<\/p>\n\n\n\n<p>I dok su u Sarajevu upu\u0107ivali poruke koje se te\u0161ko mogu razumjeti, osim \u017eelje za nastavkom sukobljavanja i nepostizanja dogovora o reformama, uklju\u010duju\u0107i i izbornoj, glavni \u201cakteri\u201d afere sve su demantirali. Slovenski premijer Janez Jan\u0161a demantirao je da je autor i po\u0161iljatelj navodnog neslu\u017ebenog diplomatskog dokumenta navode\u0107i kako je cilj \u201copskurnih portala\u201d suprotan onome \u0161to za stabilizaciju regije u vrijeme slovenskog predsjedanja Vije\u0107em EU namjerava poduzeti slovenska vlada.<\/p>\n\n\n\n<p><strong>Ne zna se autor<\/strong><\/p>\n\n\n\n<p>Gotovo jednako je kazao i srbijanski predsjednik Aleksandar Vu\u010di\u0107 tvrde\u0107i da nema informacije oko navodnih planova za promjenu zemljovida na Balkanu. Jedini koji se oglasio, na\u010delno podr\u017eavaju\u0107i planove o mirnome razlazu, bio je srpski \u010dlan bh. Predsjedni\u0161tva Milorad Dodik. Iz diplomatskih krugova doznaje se kako je taj dokument \u201ckru\u017eio\u201d i imale su ga najva\u017enije administracije. Nije pak poznato je li mu autor Slovenija ili, kako se naga\u0111a, Ma\u0111arska.<\/p>\n\n\n\n<p>No takvim stajali\u0161tima, barem kada je u pitanju Bosna i Hercegovina, posve je jasno, nastoji se zadr\u017eati sada\u0161nji status quo ili pak ishoditi promjene koje bi odgovarale projektima ve\u0107inskog nacionalizma i dominacije, \u0161to bi posve sigurno vodilo novim sukobima.<\/p>\n\n\n\n<p>\/HMS\/<\/p>\n","protected":false},"excerpt":{"rendered":"<p>\u2013 Ne\u0107emo komentirati \u0161pekulacije o non-paperu na koji se referirate \u2013 glasio je odgovor ameri\u010dkog Veleposlanstva na navodni non-paper koji se pojavio u javnosti o navodnome planu za podjelu teritorija na podru\u010dju Balkana te \u201ckomadanju\u201d BiH. Navodni dokument objavio je slovenski portal Necenzurirano, no pri tome nije jasno \u010diji je dokument, tko mu je autor [&hellip;]<\/p>\n","protected":false},"author":2,"featured_media":13888,"comment_status":"closed","ping_status":"closed","sticky":false,"template":"","format":"standard","meta":{"h5ap_radio_sources":[],"footnotes":""},"categories":[1],"tags":[],"class_list":["post-13887","post","type-post","status-publish","format-standard","has-post-thumbnail","hentry","category-bihiregija"],"yoast_head":"<!-- This site is optimized with the Yoast SEO plugin v27.4 - https:\/\/yoast.com\/product\/yoast-seo-wordpress\/ -->\n<title>\u201cKomadanje BiH\u201d u funkciji je ru\u0161enja non-papera Hrvatske i sprje\u010davanja izborne reforme - RADIO LJUBU\u0160KI<\/title>\n<meta name=\"robots\" content=\"index, follow, max-snippet:-1, max-image-preview:large, max-video-preview:-1\" \/>\n<link rel=\"canonical\" href=\"https:\/\/radioljubuski.ba\/index.php\/2021\/04\/17\/komadanje-bih-u-funkciji-je-rusenja-non-papera-hrvatske-i-sprjecavanja-izborne-reforme\/\" \/>\n<meta property=\"og:locale\" content=\"hr_HR\" \/>\n<meta property=\"og:type\" content=\"article\" \/>\n<meta property=\"og:title\" content=\"\u201cKomadanje BiH\u201d u funkciji je ru\u0161enja non-papera Hrvatske i sprje\u010davanja izborne reforme - RADIO LJUBU\u0160KI\" \/>\n<meta property=\"og:description\" content=\"\u2013 Ne\u0107emo komentirati \u0161pekulacije o non-paperu na koji se referirate \u2013 glasio je odgovor ameri\u010dkog Veleposlanstva na navodni non-paper koji se pojavio u javnosti o navodnome planu za podjelu teritorija na podru\u010dju Balkana te \u201ckomadanju\u201d BiH. Navodni dokument objavio je slovenski portal Necenzurirano, no pri tome nije jasno \u010diji je dokument, tko mu je autor [&hellip;]\" \/>\n<meta property=\"og:url\" content=\"https:\/\/radioljubuski.ba\/index.php\/2021\/04\/17\/komadanje-bih-u-funkciji-je-rusenja-non-papera-hrvatske-i-sprjecavanja-izborne-reforme\/\" \/>\n<meta property=\"og:site_name\" content=\"RADIO LJUBU\u0160KI\" \/>\n<meta property=\"article:publisher\" content=\"https:\/\/www.facebook.com\/Radiio-Ljubuski-1490835324566332\" \/>\n<meta property=\"article:published_time\" content=\"2021-04-17T15:27:20+00:00\" \/>\n<meta property=\"og:image\" content=\"https:\/\/radioljubuski.ba\/wp-content\/uploads\/2021\/04\/069c842e7245161caff8.jpeg\" \/>\n\t<meta property=\"og:image:width\" content=\"543\" \/>\n\t<meta property=\"og:image:height\" content=\"540\" \/>\n\t<meta property=\"og:image:type\" content=\"image\/jpeg\" \/>\n<meta name=\"author\" content=\"Radio Ljubu\u0161ki\" \/>\n<meta name=\"twitter:card\" content=\"summary_large_image\" \/>\n<meta name=\"twitter:creator\" content=\"@radioljubuski\" \/>\n<meta name=\"twitter:site\" content=\"@radioljubuski\" \/>\n<meta name=\"twitter:label1\" content=\"Napisao\/la\" \/>\n\t<meta name=\"twitter:data1\" content=\"Radio Ljubu\u0161ki\" \/>\n\t<meta name=\"twitter:label2\" content=\"Procijenjeno vrijeme \u010ditanja\" \/>\n\t<meta name=\"twitter:data2\" content=\"4 minute\" \/>\n<script type=\"application\/ld+json\" class=\"yoast-schema-graph\">{\"@context\":\"https:\\\/\\\/schema.org\",\"@graph\":[{\"@type\":\"Article\",\"@id\":\"https:\\\/\\\/radioljubuski.ba\\\/index.php\\\/2021\\\/04\\\/17\\\/komadanje-bih-u-funkciji-je-rusenja-non-papera-hrvatske-i-sprjecavanja-izborne-reforme\\\/#article\",\"isPartOf\":{\"@id\":\"https:\\\/\\\/radioljubuski.ba\\\/index.php\\\/2021\\\/04\\\/17\\\/komadanje-bih-u-funkciji-je-rusenja-non-papera-hrvatske-i-sprjecavanja-izborne-reforme\\\/\"},\"author\":{\"name\":\"Radio Ljubu\u0161ki\",\"@id\":\"https:\\\/\\\/radioljubuski.ba\\\/#\\\/schema\\\/person\\\/19fc700381a780f69665d7956c469e3b\"},\"headline\":\"\u201cKomadanje BiH\u201d u funkciji je ru\u0161enja non-papera Hrvatske i sprje\u010davanja izborne reforme\",\"datePublished\":\"2021-04-17T15:27:20+00:00\",\"mainEntityOfPage\":{\"@id\":\"https:\\\/\\\/radioljubuski.ba\\\/index.php\\\/2021\\\/04\\\/17\\\/komadanje-bih-u-funkciji-je-rusenja-non-papera-hrvatske-i-sprjecavanja-izborne-reforme\\\/\"},\"wordCount\":832,\"publisher\":{\"@id\":\"https:\\\/\\\/radioljubuski.ba\\\/#organization\"},\"image\":{\"@id\":\"https:\\\/\\\/radioljubuski.ba\\\/index.php\\\/2021\\\/04\\\/17\\\/komadanje-bih-u-funkciji-je-rusenja-non-papera-hrvatske-i-sprjecavanja-izborne-reforme\\\/#primaryimage\"},\"thumbnailUrl\":\"https:\\\/\\\/radioljubuski.ba\\\/wp-content\\\/uploads\\\/2021\\\/04\\\/069c842e7245161caff8.jpeg\",\"articleSection\":[\"BIH i regija\"],\"inLanguage\":\"hr\"},{\"@type\":\"WebPage\",\"@id\":\"https:\\\/\\\/radioljubuski.ba\\\/index.php\\\/2021\\\/04\\\/17\\\/komadanje-bih-u-funkciji-je-rusenja-non-papera-hrvatske-i-sprjecavanja-izborne-reforme\\\/\",\"url\":\"https:\\\/\\\/radioljubuski.ba\\\/index.php\\\/2021\\\/04\\\/17\\\/komadanje-bih-u-funkciji-je-rusenja-non-papera-hrvatske-i-sprjecavanja-izborne-reforme\\\/\",\"name\":\"\u201cKomadanje BiH\u201d u funkciji je ru\u0161enja non-papera Hrvatske i sprje\u010davanja izborne reforme - RADIO LJUBU\u0160KI\",\"isPartOf\":{\"@id\":\"https:\\\/\\\/radioljubuski.ba\\\/#website\"},\"primaryImageOfPage\":{\"@id\":\"https:\\\/\\\/radioljubuski.ba\\\/index.php\\\/2021\\\/04\\\/17\\\/komadanje-bih-u-funkciji-je-rusenja-non-papera-hrvatske-i-sprjecavanja-izborne-reforme\\\/#primaryimage\"},\"image\":{\"@id\":\"https:\\\/\\\/radioljubuski.ba\\\/index.php\\\/2021\\\/04\\\/17\\\/komadanje-bih-u-funkciji-je-rusenja-non-papera-hrvatske-i-sprjecavanja-izborne-reforme\\\/#primaryimage\"},\"thumbnailUrl\":\"https:\\\/\\\/radioljubuski.ba\\\/wp-content\\\/uploads\\\/2021\\\/04\\\/069c842e7245161caff8.jpeg\",\"datePublished\":\"2021-04-17T15:27:20+00:00\",\"breadcrumb\":{\"@id\":\"https:\\\/\\\/radioljubuski.ba\\\/index.php\\\/2021\\\/04\\\/17\\\/komadanje-bih-u-funkciji-je-rusenja-non-papera-hrvatske-i-sprjecavanja-izborne-reforme\\\/#breadcrumb\"},\"inLanguage\":\"hr\",\"potentialAction\":[{\"@type\":\"ReadAction\",\"target\":[\"https:\\\/\\\/radioljubuski.ba\\\/index.php\\\/2021\\\/04\\\/17\\\/komadanje-bih-u-funkciji-je-rusenja-non-papera-hrvatske-i-sprjecavanja-izborne-reforme\\\/\"]}]},{\"@type\":\"ImageObject\",\"inLanguage\":\"hr\",\"@id\":\"https:\\\/\\\/radioljubuski.ba\\\/index.php\\\/2021\\\/04\\\/17\\\/komadanje-bih-u-funkciji-je-rusenja-non-papera-hrvatske-i-sprjecavanja-izborne-reforme\\\/#primaryimage\",\"url\":\"https:\\\/\\\/radioljubuski.ba\\\/wp-content\\\/uploads\\\/2021\\\/04\\\/069c842e7245161caff8.jpeg\",\"contentUrl\":\"https:\\\/\\\/radioljubuski.ba\\\/wp-content\\\/uploads\\\/2021\\\/04\\\/069c842e7245161caff8.jpeg\",\"width\":543,\"height\":540},{\"@type\":\"BreadcrumbList\",\"@id\":\"https:\\\/\\\/radioljubuski.ba\\\/index.php\\\/2021\\\/04\\\/17\\\/komadanje-bih-u-funkciji-je-rusenja-non-papera-hrvatske-i-sprjecavanja-izborne-reforme\\\/#breadcrumb\",\"itemListElement\":[{\"@type\":\"ListItem\",\"position\":1,\"name\":\"Po\u010detna stranica\",\"item\":\"https:\\\/\\\/radioljubuski.ba\\\/\"},{\"@type\":\"ListItem\",\"position\":2,\"name\":\"\u201cKomadanje BiH\u201d u funkciji je ru\u0161enja non-papera Hrvatske i sprje\u010davanja izborne reforme\"}]},{\"@type\":\"WebSite\",\"@id\":\"https:\\\/\\\/radioljubuski.ba\\\/#website\",\"url\":\"https:\\\/\\\/radioljubuski.ba\\\/\",\"name\":\"Radio Ljubu\u0161ki\",\"description\":\"Sun\u010dana frekvencija Hercegovine\",\"publisher\":{\"@id\":\"https:\\\/\\\/radioljubuski.ba\\\/#organization\"},\"potentialAction\":[{\"@type\":\"SearchAction\",\"target\":{\"@type\":\"EntryPoint\",\"urlTemplate\":\"https:\\\/\\\/radioljubuski.ba\\\/?s={search_term_string}\"},\"query-input\":{\"@type\":\"PropertyValueSpecification\",\"valueRequired\":true,\"valueName\":\"search_term_string\"}}],\"inLanguage\":\"hr\"},{\"@type\":\"Organization\",\"@id\":\"https:\\\/\\\/radioljubuski.ba\\\/#organization\",\"name\":\"Radio Ljubu\u0161ki\",\"url\":\"https:\\\/\\\/radioljubuski.ba\\\/\",\"logo\":{\"@type\":\"ImageObject\",\"inLanguage\":\"hr\",\"@id\":\"https:\\\/\\\/radioljubuski.ba\\\/#\\\/schema\\\/logo\\\/image\\\/\",\"url\":\"https:\\\/\\\/radioljubuski.ba\\\/wp-content\\\/uploads\\\/2021\\\/02\\\/cropped-Radio_Ljubuski_logo1.jpg\",\"contentUrl\":\"https:\\\/\\\/radioljubuski.ba\\\/wp-content\\\/uploads\\\/2021\\\/02\\\/cropped-Radio_Ljubuski_logo1.jpg\",\"width\":512,\"height\":512,\"caption\":\"Radio Ljubu\u0161ki\"},\"image\":{\"@id\":\"https:\\\/\\\/radioljubuski.ba\\\/#\\\/schema\\\/logo\\\/image\\\/\"},\"sameAs\":[\"https:\\\/\\\/www.facebook.com\\\/Radiio-Ljubuski-1490835324566332\",\"https:\\\/\\\/x.com\\\/radioljubuski\",\"https:\\\/\\\/hr.linkedin.com\\\/company\\\/radio-ljubuski\",\"https:\\\/\\\/www.youtube.com\\\/channel\\\/UCHYaeO_n0Db3tjNGudGpXyw\"]},{\"@type\":\"Person\",\"@id\":\"https:\\\/\\\/radioljubuski.ba\\\/#\\\/schema\\\/person\\\/19fc700381a780f69665d7956c469e3b\",\"name\":\"Radio Ljubu\u0161ki\"}]}<\/script>\n<!-- \/ Yoast SEO plugin. -->","yoast_head_json":{"title":"\u201cKomadanje BiH\u201d u funkciji je ru\u0161enja non-papera Hrvatske i sprje\u010davanja izborne reforme - RADIO LJUBU\u0160KI","robots":{"index":"index","follow":"follow","max-snippet":"max-snippet:-1","max-image-preview":"max-image-preview:large","max-video-preview":"max-video-preview:-1"},"canonical":"https:\/\/radioljubuski.ba\/index.php\/2021\/04\/17\/komadanje-bih-u-funkciji-je-rusenja-non-papera-hrvatske-i-sprjecavanja-izborne-reforme\/","og_locale":"hr_HR","og_type":"article","og_title":"\u201cKomadanje BiH\u201d u funkciji je ru\u0161enja non-papera Hrvatske i sprje\u010davanja izborne reforme - RADIO LJUBU\u0160KI","og_description":"\u2013 Ne\u0107emo komentirati \u0161pekulacije o non-paperu na koji se referirate \u2013 glasio je odgovor ameri\u010dkog Veleposlanstva na navodni non-paper koji se pojavio u javnosti o navodnome planu za podjelu teritorija na podru\u010dju Balkana te \u201ckomadanju\u201d BiH. Navodni dokument objavio je slovenski portal Necenzurirano, no pri tome nije jasno \u010diji je dokument, tko mu je autor [&hellip;]","og_url":"https:\/\/radioljubuski.ba\/index.php\/2021\/04\/17\/komadanje-bih-u-funkciji-je-rusenja-non-papera-hrvatske-i-sprjecavanja-izborne-reforme\/","og_site_name":"RADIO LJUBU\u0160KI","article_publisher":"https:\/\/www.facebook.com\/Radiio-Ljubuski-1490835324566332","article_published_time":"2021-04-17T15:27:20+00:00","og_image":[{"width":543,"height":540,"url":"https:\/\/radioljubuski.ba\/wp-content\/uploads\/2021\/04\/069c842e7245161caff8.jpeg","type":"image\/jpeg"}],"author":"Radio Ljubu\u0161ki","twitter_card":"summary_large_image","twitter_creator":"@radioljubuski","twitter_site":"@radioljubuski","twitter_misc":{"Napisao\/la":"Radio Ljubu\u0161ki","Procijenjeno vrijeme \u010ditanja":"4 minute"},"schema":{"@context":"https:\/\/schema.org","@graph":[{"@type":"Article","@id":"https:\/\/radioljubuski.ba\/index.php\/2021\/04\/17\/komadanje-bih-u-funkciji-je-rusenja-non-papera-hrvatske-i-sprjecavanja-izborne-reforme\/#article","isPartOf":{"@id":"https:\/\/radioljubuski.ba\/index.php\/2021\/04\/17\/komadanje-bih-u-funkciji-je-rusenja-non-papera-hrvatske-i-sprjecavanja-izborne-reforme\/"},"author":{"name":"Radio Ljubu\u0161ki","@id":"https:\/\/radioljubuski.ba\/#\/schema\/person\/19fc700381a780f69665d7956c469e3b"},"headline":"\u201cKomadanje BiH\u201d u funkciji je ru\u0161enja non-papera Hrvatske i sprje\u010davanja izborne reforme","datePublished":"2021-04-17T15:27:20+00:00","mainEntityOfPage":{"@id":"https:\/\/radioljubuski.ba\/index.php\/2021\/04\/17\/komadanje-bih-u-funkciji-je-rusenja-non-papera-hrvatske-i-sprjecavanja-izborne-reforme\/"},"wordCount":832,"publisher":{"@id":"https:\/\/radioljubuski.ba\/#organization"},"image":{"@id":"https:\/\/radioljubuski.ba\/index.php\/2021\/04\/17\/komadanje-bih-u-funkciji-je-rusenja-non-papera-hrvatske-i-sprjecavanja-izborne-reforme\/#primaryimage"},"thumbnailUrl":"https:\/\/radioljubuski.ba\/wp-content\/uploads\/2021\/04\/069c842e7245161caff8.jpeg","articleSection":["BIH i regija"],"inLanguage":"hr"},{"@type":"WebPage","@id":"https:\/\/radioljubuski.ba\/index.php\/2021\/04\/17\/komadanje-bih-u-funkciji-je-rusenja-non-papera-hrvatske-i-sprjecavanja-izborne-reforme\/","url":"https:\/\/radioljubuski.ba\/index.php\/2021\/04\/17\/komadanje-bih-u-funkciji-je-rusenja-non-papera-hrvatske-i-sprjecavanja-izborne-reforme\/","name":"\u201cKomadanje BiH\u201d u funkciji je ru\u0161enja non-papera Hrvatske i sprje\u010davanja izborne reforme - RADIO LJUBU\u0160KI","isPartOf":{"@id":"https:\/\/radioljubuski.ba\/#website"},"primaryImageOfPage":{"@id":"https:\/\/radioljubuski.ba\/index.php\/2021\/04\/17\/komadanje-bih-u-funkciji-je-rusenja-non-papera-hrvatske-i-sprjecavanja-izborne-reforme\/#primaryimage"},"image":{"@id":"https:\/\/radioljubuski.ba\/index.php\/2021\/04\/17\/komadanje-bih-u-funkciji-je-rusenja-non-papera-hrvatske-i-sprjecavanja-izborne-reforme\/#primaryimage"},"thumbnailUrl":"https:\/\/radioljubuski.ba\/wp-content\/uploads\/2021\/04\/069c842e7245161caff8.jpeg","datePublished":"2021-04-17T15:27:20+00:00","breadcrumb":{"@id":"https:\/\/radioljubuski.ba\/index.php\/2021\/04\/17\/komadanje-bih-u-funkciji-je-rusenja-non-papera-hrvatske-i-sprjecavanja-izborne-reforme\/#breadcrumb"},"inLanguage":"hr","potentialAction":[{"@type":"ReadAction","target":["https:\/\/radioljubuski.ba\/index.php\/2021\/04\/17\/komadanje-bih-u-funkciji-je-rusenja-non-papera-hrvatske-i-sprjecavanja-izborne-reforme\/"]}]},{"@type":"ImageObject","inLanguage":"hr","@id":"https:\/\/radioljubuski.ba\/index.php\/2021\/04\/17\/komadanje-bih-u-funkciji-je-rusenja-non-papera-hrvatske-i-sprjecavanja-izborne-reforme\/#primaryimage","url":"https:\/\/radioljubuski.ba\/wp-content\/uploads\/2021\/04\/069c842e7245161caff8.jpeg","contentUrl":"https:\/\/radioljubuski.ba\/wp-content\/uploads\/2021\/04\/069c842e7245161caff8.jpeg","width":543,"height":540},{"@type":"BreadcrumbList","@id":"https:\/\/radioljubuski.ba\/index.php\/2021\/04\/17\/komadanje-bih-u-funkciji-je-rusenja-non-papera-hrvatske-i-sprjecavanja-izborne-reforme\/#breadcrumb","itemListElement":[{"@type":"ListItem","position":1,"name":"Po\u010detna stranica","item":"https:\/\/radioljubuski.ba\/"},{"@type":"ListItem","position":2,"name":"\u201cKomadanje BiH\u201d u funkciji je ru\u0161enja non-papera Hrvatske i sprje\u010davanja izborne reforme"}]},{"@type":"WebSite","@id":"https:\/\/radioljubuski.ba\/#website","url":"https:\/\/radioljubuski.ba\/","name":"Radio Ljubu\u0161ki","description":"Sun\u010dana frekvencija Hercegovine","publisher":{"@id":"https:\/\/radioljubuski.ba\/#organization"},"potentialAction":[{"@type":"SearchAction","target":{"@type":"EntryPoint","urlTemplate":"https:\/\/radioljubuski.ba\/?s={search_term_string}"},"query-input":{"@type":"PropertyValueSpecification","valueRequired":true,"valueName":"search_term_string"}}],"inLanguage":"hr"},{"@type":"Organization","@id":"https:\/\/radioljubuski.ba\/#organization","name":"Radio Ljubu\u0161ki","url":"https:\/\/radioljubuski.ba\/","logo":{"@type":"ImageObject","inLanguage":"hr","@id":"https:\/\/radioljubuski.ba\/#\/schema\/logo\/image\/","url":"https:\/\/radioljubuski.ba\/wp-content\/uploads\/2021\/02\/cropped-Radio_Ljubuski_logo1.jpg","contentUrl":"https:\/\/radioljubuski.ba\/wp-content\/uploads\/2021\/02\/cropped-Radio_Ljubuski_logo1.jpg","width":512,"height":512,"caption":"Radio Ljubu\u0161ki"},"image":{"@id":"https:\/\/radioljubuski.ba\/#\/schema\/logo\/image\/"},"sameAs":["https:\/\/www.facebook.com\/Radiio-Ljubuski-1490835324566332","https:\/\/x.com\/radioljubuski","https:\/\/hr.linkedin.com\/company\/radio-ljubuski","https:\/\/www.youtube.com\/channel\/UCHYaeO_n0Db3tjNGudGpXyw"]},{"@type":"Person","@id":"https:\/\/radioljubuski.ba\/#\/schema\/person\/19fc700381a780f69665d7956c469e3b","name":"Radio Ljubu\u0161ki"}]}},"_links":{"self":[{"href":"https:\/\/radioljubuski.ba\/index.php\/wp-json\/wp\/v2\/posts\/13887","targetHints":{"allow":["GET"]}}],"collection":[{"href":"https:\/\/radioljubuski.ba\/index.php\/wp-json\/wp\/v2\/posts"}],"about":[{"href":"https:\/\/radioljubuski.ba\/index.php\/wp-json\/wp\/v2\/types\/post"}],"author":[{"embeddable":true,"href":"https:\/\/radioljubuski.ba\/index.php\/wp-json\/wp\/v2\/users\/2"}],"replies":[{"embeddable":true,"href":"https:\/\/radioljubuski.ba\/index.php\/wp-json\/wp\/v2\/comments?post=13887"}],"version-history":[{"count":1,"href":"https:\/\/radioljubuski.ba\/index.php\/wp-json\/wp\/v2\/posts\/13887\/revisions"}],"predecessor-version":[{"id":13889,"href":"https:\/\/radioljubuski.ba\/index.php\/wp-json\/wp\/v2\/posts\/13887\/revisions\/13889"}],"wp:featuredmedia":[{"embeddable":true,"href":"https:\/\/radioljubuski.ba\/index.php\/wp-json\/wp\/v2\/media\/13888"}],"wp:attachment":[{"href":"https:\/\/radioljubuski.ba\/index.php\/wp-json\/wp\/v2\/media?parent=13887"}],"wp:term":[{"taxonomy":"category","embeddable":true,"href":"https:\/\/radioljubuski.ba\/index.php\/wp-json\/wp\/v2\/categories?post=13887"},{"taxonomy":"post_tag","embeddable":true,"href":"https:\/\/radioljubuski.ba\/index.php\/wp-json\/wp\/v2\/tags?post=13887"}],"curies":[{"name":"wp","href":"https:\/\/api.w.org\/{rel}","templated":true}]}}