{"id":14007,"date":"2021-04-17T21:14:34","date_gmt":"2021-04-17T20:14:34","guid":{"rendered":"https:\/\/radioljubuski.ba\/?p=14007"},"modified":"2021-04-17T21:14:34","modified_gmt":"2021-04-17T20:14:34","slug":"u-akciji-stit-zaplijenjeno-26-750-kutija-cigareta","status":"publish","type":"post","link":"https:\/\/radioljubuski.ba\/index.php\/2021\/04\/17\/u-akciji-stit-zaplijenjeno-26-750-kutija-cigareta\/","title":{"rendered":"U akciji \u201e\u0160tit\u201c zaplijenjeno 26. 750 kutija cigareta"},"content":{"rendered":"\n<p>U okviru operativne akcije \u201e\u0160tit 2021\u201c pripadnici Jedinice grani\u010dne policije Trebinje u petak su sprije\u010dili krijum\u010darenje 26 750 kutija razli\u010ditih vrsta cigareta na ulasku u Bosnu i Hercegovinu na Zajedni\u010dkom grani\u010dnom prijelazu Deleu\u0161a \u2013 Vra\u0107enovi\u0107i, izvijestili su iz Grani\u010dne policije BiH.<\/p>\n\n\n\n<p>Cigarete su otkrivene detaljnim pregledom teretnog motornog vozila marke \u201eMan\u201c i priklju\u010dnog vozila marke \u201eMol\u201c, bh. nacionalnih oznaka, i uz pomo\u0107 specijalisti\u010dke opreme, a bile su sakrivene u tovarnom dijelu vozila ispod rude \u201cBoksit\u201c. Rudu je iz pravca Crne Gore prevozio dr\u017eavljanin BiH, M.J. (1956.), i nije posjedovao dokumentaciju o porijeklu robe.<\/p>\n\n\n\n<p>Zbog postojanja osnova sumnje da je po\u010dinjeno kazneno djelo \u201ekrijum\u010darenje\u201c, o doga\u0111aju su obavije\u0161teni tu\u017eitelj Tu\u017eiteljstva BiH i sudija za prethodni postupak Suda BiH. Prema njihovim naredbama, M.J. je li\u0161en slobode, a u blizini prijelaza Deleu\u0161a izvr\u0161en je pretres vozila u kojem su otkrivene cigarete bez akciznih markica.<\/p>\n\n\n\n<p>Cigarete, \u010dija se tr\u017ei\u0161na vrijednost procjenjuje 133 750 maraka i drugi dokazni materijali su privremeno oduzeti, a protiv M.J. bit \u0107e dostavljen izvje\u0161taj o po\u010dinjenom kaznenom djelu Tu\u017eiteljstvu BiH.<\/p>\n\n\n\n<p>U tijeku provo\u0111enja aktivnosti koje su doprinijele otkrivanju i dokumentiranju ovog kaznenog djela, pripadnicima JGP Trebinje podr\u0161ku su pru\u017eili slu\u017ebenici Uprave za indirektno oporezivanje BiH na spomenutom grani\u010dnom prijelazu.<\/p>\n\n\n\n<p>U povodu ovog doga\u0111aja, direktor Grani\u010dne policije BiH Zoran Gali\u0107 je pohvalio rad pripadnika JGP Trebinje koji unato\u010d te\u0161kim uvjetima rada u posljednje vrijeme posti\u017eu zna\u010dajne rezultate u spre\u010davanju svih oblika kriminaliteta.&nbsp;<\/p>\n\n\n\n<p>Izvor:avaz.ba<\/p>\n","protected":false},"excerpt":{"rendered":"<p>U okviru operativne akcije \u201e\u0160tit 2021\u201c pripadnici Jedinice grani\u010dne policije Trebinje u petak su sprije\u010dili krijum\u010darenje 26 750 kutija razli\u010ditih vrsta cigareta na ulasku u Bosnu i Hercegovinu na Zajedni\u010dkom grani\u010dnom prijelazu Deleu\u0161a \u2013 Vra\u0107enovi\u0107i, izvijestili su iz Grani\u010dne policije BiH. Cigarete su otkrivene detaljnim pregledom teretnog motornog vozila marke \u201eMan\u201c i priklju\u010dnog vozila marke [&hellip;]<\/p>\n","protected":false},"author":2,"featured_media":14008,"comment_status":"closed","ping_status":"closed","sticky":false,"template":"","format":"standard","meta":{"h5ap_radio_sources":[],"footnotes":""},"categories":[1],"tags":[],"class_list":["post-14007","post","type-post","status-publish","format-standard","has-post-thumbnail","hentry","category-bihiregija"],"yoast_head":"<!-- This site is optimized with the Yoast SEO plugin v27.4 - https:\/\/yoast.com\/product\/yoast-seo-wordpress\/ -->\n<title>U akciji \u201e\u0160tit\u201c zaplijenjeno 26. 750 kutija cigareta - RADIO LJUBU\u0160KI<\/title>\n<meta name=\"robots\" content=\"index, follow, max-snippet:-1, max-image-preview:large, max-video-preview:-1\" \/>\n<link rel=\"canonical\" href=\"https:\/\/radioljubuski.ba\/index.php\/2021\/04\/17\/u-akciji-stit-zaplijenjeno-26-750-kutija-cigareta\/\" \/>\n<meta property=\"og:locale\" content=\"hr_HR\" \/>\n<meta property=\"og:type\" content=\"article\" \/>\n<meta property=\"og:title\" content=\"U akciji \u201e\u0160tit\u201c zaplijenjeno 26. 750 kutija cigareta - RADIO LJUBU\u0160KI\" \/>\n<meta property=\"og:description\" content=\"U okviru operativne akcije \u201e\u0160tit 2021\u201c pripadnici Jedinice grani\u010dne policije Trebinje u petak su sprije\u010dili krijum\u010darenje 26 750 kutija razli\u010ditih vrsta cigareta na ulasku u Bosnu i Hercegovinu na Zajedni\u010dkom grani\u010dnom prijelazu Deleu\u0161a \u2013 Vra\u0107enovi\u0107i, izvijestili su iz Grani\u010dne policije BiH. Cigarete su otkrivene detaljnim pregledom teretnog motornog vozila marke \u201eMan\u201c i priklju\u010dnog vozila marke [&hellip;]\" \/>\n<meta property=\"og:url\" content=\"https:\/\/radioljubuski.ba\/index.php\/2021\/04\/17\/u-akciji-stit-zaplijenjeno-26-750-kutija-cigareta\/\" \/>\n<meta property=\"og:site_name\" content=\"RADIO LJUBU\u0160KI\" \/>\n<meta property=\"article:publisher\" content=\"https:\/\/www.facebook.com\/Radiio-Ljubuski-1490835324566332\" \/>\n<meta property=\"article:published_time\" content=\"2021-04-17T20:14:34+00:00\" \/>\n<meta property=\"og:image\" content=\"https:\/\/radioljubuski.ba\/wp-content\/uploads\/2021\/04\/7-2021-04-17-13-20-18-cigare.jpg\" \/>\n\t<meta property=\"og:image:width\" content=\"1000\" \/>\n\t<meta property=\"og:image:height\" content=\"625\" \/>\n\t<meta property=\"og:image:type\" content=\"image\/jpeg\" \/>\n<meta name=\"author\" content=\"Radio Ljubu\u0161ki\" \/>\n<meta name=\"twitter:card\" content=\"summary_large_image\" \/>\n<meta name=\"twitter:creator\" content=\"@radioljubuski\" \/>\n<meta name=\"twitter:site\" content=\"@radioljubuski\" \/>\n<meta name=\"twitter:label1\" content=\"Napisao\/la\" \/>\n\t<meta name=\"twitter:data1\" content=\"Radio Ljubu\u0161ki\" \/>\n\t<meta name=\"twitter:label2\" content=\"Procijenjeno vrijeme \u010ditanja\" \/>\n\t<meta name=\"twitter:data2\" content=\"2 minute\" \/>\n<script type=\"application\/ld+json\" class=\"yoast-schema-graph\">{\"@context\":\"https:\\\/\\\/schema.org\",\"@graph\":[{\"@type\":\"Article\",\"@id\":\"https:\\\/\\\/radioljubuski.ba\\\/index.php\\\/2021\\\/04\\\/17\\\/u-akciji-stit-zaplijenjeno-26-750-kutija-cigareta\\\/#article\",\"isPartOf\":{\"@id\":\"https:\\\/\\\/radioljubuski.ba\\\/index.php\\\/2021\\\/04\\\/17\\\/u-akciji-stit-zaplijenjeno-26-750-kutija-cigareta\\\/\"},\"author\":{\"name\":\"Radio Ljubu\u0161ki\",\"@id\":\"https:\\\/\\\/radioljubuski.ba\\\/#\\\/schema\\\/person\\\/19fc700381a780f69665d7956c469e3b\"},\"headline\":\"U akciji \u201e\u0160tit\u201c zaplijenjeno 26. 750 kutija cigareta\",\"datePublished\":\"2021-04-17T20:14:34+00:00\",\"mainEntityOfPage\":{\"@id\":\"https:\\\/\\\/radioljubuski.ba\\\/index.php\\\/2021\\\/04\\\/17\\\/u-akciji-stit-zaplijenjeno-26-750-kutija-cigareta\\\/\"},\"wordCount\":275,\"publisher\":{\"@id\":\"https:\\\/\\\/radioljubuski.ba\\\/#organization\"},\"image\":{\"@id\":\"https:\\\/\\\/radioljubuski.ba\\\/index.php\\\/2021\\\/04\\\/17\\\/u-akciji-stit-zaplijenjeno-26-750-kutija-cigareta\\\/#primaryimage\"},\"thumbnailUrl\":\"https:\\\/\\\/radioljubuski.ba\\\/wp-content\\\/uploads\\\/2021\\\/04\\\/7-2021-04-17-13-20-18-cigare.jpg\",\"articleSection\":[\"BIH i regija\"],\"inLanguage\":\"hr\"},{\"@type\":\"WebPage\",\"@id\":\"https:\\\/\\\/radioljubuski.ba\\\/index.php\\\/2021\\\/04\\\/17\\\/u-akciji-stit-zaplijenjeno-26-750-kutija-cigareta\\\/\",\"url\":\"https:\\\/\\\/radioljubuski.ba\\\/index.php\\\/2021\\\/04\\\/17\\\/u-akciji-stit-zaplijenjeno-26-750-kutija-cigareta\\\/\",\"name\":\"U akciji \u201e\u0160tit\u201c zaplijenjeno 26. 750 kutija cigareta - RADIO LJUBU\u0160KI\",\"isPartOf\":{\"@id\":\"https:\\\/\\\/radioljubuski.ba\\\/#website\"},\"primaryImageOfPage\":{\"@id\":\"https:\\\/\\\/radioljubuski.ba\\\/index.php\\\/2021\\\/04\\\/17\\\/u-akciji-stit-zaplijenjeno-26-750-kutija-cigareta\\\/#primaryimage\"},\"image\":{\"@id\":\"https:\\\/\\\/radioljubuski.ba\\\/index.php\\\/2021\\\/04\\\/17\\\/u-akciji-stit-zaplijenjeno-26-750-kutija-cigareta\\\/#primaryimage\"},\"thumbnailUrl\":\"https:\\\/\\\/radioljubuski.ba\\\/wp-content\\\/uploads\\\/2021\\\/04\\\/7-2021-04-17-13-20-18-cigare.jpg\",\"datePublished\":\"2021-04-17T20:14:34+00:00\",\"breadcrumb\":{\"@id\":\"https:\\\/\\\/radioljubuski.ba\\\/index.php\\\/2021\\\/04\\\/17\\\/u-akciji-stit-zaplijenjeno-26-750-kutija-cigareta\\\/#breadcrumb\"},\"inLanguage\":\"hr\",\"potentialAction\":[{\"@type\":\"ReadAction\",\"target\":[\"https:\\\/\\\/radioljubuski.ba\\\/index.php\\\/2021\\\/04\\\/17\\\/u-akciji-stit-zaplijenjeno-26-750-kutija-cigareta\\\/\"]}]},{\"@type\":\"ImageObject\",\"inLanguage\":\"hr\",\"@id\":\"https:\\\/\\\/radioljubuski.ba\\\/index.php\\\/2021\\\/04\\\/17\\\/u-akciji-stit-zaplijenjeno-26-750-kutija-cigareta\\\/#primaryimage\",\"url\":\"https:\\\/\\\/radioljubuski.ba\\\/wp-content\\\/uploads\\\/2021\\\/04\\\/7-2021-04-17-13-20-18-cigare.jpg\",\"contentUrl\":\"https:\\\/\\\/radioljubuski.ba\\\/wp-content\\\/uploads\\\/2021\\\/04\\\/7-2021-04-17-13-20-18-cigare.jpg\",\"width\":1000,\"height\":625},{\"@type\":\"BreadcrumbList\",\"@id\":\"https:\\\/\\\/radioljubuski.ba\\\/index.php\\\/2021\\\/04\\\/17\\\/u-akciji-stit-zaplijenjeno-26-750-kutija-cigareta\\\/#breadcrumb\",\"itemListElement\":[{\"@type\":\"ListItem\",\"position\":1,\"name\":\"Po\u010detna stranica\",\"item\":\"https:\\\/\\\/radioljubuski.ba\\\/\"},{\"@type\":\"ListItem\",\"position\":2,\"name\":\"U akciji \u201e\u0160tit\u201c zaplijenjeno 26. 750 kutija cigareta\"}]},{\"@type\":\"WebSite\",\"@id\":\"https:\\\/\\\/radioljubuski.ba\\\/#website\",\"url\":\"https:\\\/\\\/radioljubuski.ba\\\/\",\"name\":\"Radio Ljubu\u0161ki\",\"description\":\"Sun\u010dana frekvencija Hercegovine\",\"publisher\":{\"@id\":\"https:\\\/\\\/radioljubuski.ba\\\/#organization\"},\"potentialAction\":[{\"@type\":\"SearchAction\",\"target\":{\"@type\":\"EntryPoint\",\"urlTemplate\":\"https:\\\/\\\/radioljubuski.ba\\\/?s={search_term_string}\"},\"query-input\":{\"@type\":\"PropertyValueSpecification\",\"valueRequired\":true,\"valueName\":\"search_term_string\"}}],\"inLanguage\":\"hr\"},{\"@type\":\"Organization\",\"@id\":\"https:\\\/\\\/radioljubuski.ba\\\/#organization\",\"name\":\"Radio Ljubu\u0161ki\",\"url\":\"https:\\\/\\\/radioljubuski.ba\\\/\",\"logo\":{\"@type\":\"ImageObject\",\"inLanguage\":\"hr\",\"@id\":\"https:\\\/\\\/radioljubuski.ba\\\/#\\\/schema\\\/logo\\\/image\\\/\",\"url\":\"https:\\\/\\\/radioljubuski.ba\\\/wp-content\\\/uploads\\\/2021\\\/02\\\/cropped-Radio_Ljubuski_logo1.jpg\",\"contentUrl\":\"https:\\\/\\\/radioljubuski.ba\\\/wp-content\\\/uploads\\\/2021\\\/02\\\/cropped-Radio_Ljubuski_logo1.jpg\",\"width\":512,\"height\":512,\"caption\":\"Radio Ljubu\u0161ki\"},\"image\":{\"@id\":\"https:\\\/\\\/radioljubuski.ba\\\/#\\\/schema\\\/logo\\\/image\\\/\"},\"sameAs\":[\"https:\\\/\\\/www.facebook.com\\\/Radiio-Ljubuski-1490835324566332\",\"https:\\\/\\\/x.com\\\/radioljubuski\",\"https:\\\/\\\/hr.linkedin.com\\\/company\\\/radio-ljubuski\",\"https:\\\/\\\/www.youtube.com\\\/channel\\\/UCHYaeO_n0Db3tjNGudGpXyw\"]},{\"@type\":\"Person\",\"@id\":\"https:\\\/\\\/radioljubuski.ba\\\/#\\\/schema\\\/person\\\/19fc700381a780f69665d7956c469e3b\",\"name\":\"Radio Ljubu\u0161ki\"}]}<\/script>\n<!-- \/ Yoast SEO plugin. -->","yoast_head_json":{"title":"U akciji \u201e\u0160tit\u201c zaplijenjeno 26. 750 kutija cigareta - RADIO LJUBU\u0160KI","robots":{"index":"index","follow":"follow","max-snippet":"max-snippet:-1","max-image-preview":"max-image-preview:large","max-video-preview":"max-video-preview:-1"},"canonical":"https:\/\/radioljubuski.ba\/index.php\/2021\/04\/17\/u-akciji-stit-zaplijenjeno-26-750-kutija-cigareta\/","og_locale":"hr_HR","og_type":"article","og_title":"U akciji \u201e\u0160tit\u201c zaplijenjeno 26. 750 kutija cigareta - RADIO LJUBU\u0160KI","og_description":"U okviru operativne akcije \u201e\u0160tit 2021\u201c pripadnici Jedinice grani\u010dne policije Trebinje u petak su sprije\u010dili krijum\u010darenje 26 750 kutija razli\u010ditih vrsta cigareta na ulasku u Bosnu i Hercegovinu na Zajedni\u010dkom grani\u010dnom prijelazu Deleu\u0161a \u2013 Vra\u0107enovi\u0107i, izvijestili su iz Grani\u010dne policije BiH. Cigarete su otkrivene detaljnim pregledom teretnog motornog vozila marke \u201eMan\u201c i priklju\u010dnog vozila marke [&hellip;]","og_url":"https:\/\/radioljubuski.ba\/index.php\/2021\/04\/17\/u-akciji-stit-zaplijenjeno-26-750-kutija-cigareta\/","og_site_name":"RADIO LJUBU\u0160KI","article_publisher":"https:\/\/www.facebook.com\/Radiio-Ljubuski-1490835324566332","article_published_time":"2021-04-17T20:14:34+00:00","og_image":[{"width":1000,"height":625,"url":"https:\/\/radioljubuski.ba\/wp-content\/uploads\/2021\/04\/7-2021-04-17-13-20-18-cigare.jpg","type":"image\/jpeg"}],"author":"Radio Ljubu\u0161ki","twitter_card":"summary_large_image","twitter_creator":"@radioljubuski","twitter_site":"@radioljubuski","twitter_misc":{"Napisao\/la":"Radio Ljubu\u0161ki","Procijenjeno vrijeme \u010ditanja":"2 minute"},"schema":{"@context":"https:\/\/schema.org","@graph":[{"@type":"Article","@id":"https:\/\/radioljubuski.ba\/index.php\/2021\/04\/17\/u-akciji-stit-zaplijenjeno-26-750-kutija-cigareta\/#article","isPartOf":{"@id":"https:\/\/radioljubuski.ba\/index.php\/2021\/04\/17\/u-akciji-stit-zaplijenjeno-26-750-kutija-cigareta\/"},"author":{"name":"Radio Ljubu\u0161ki","@id":"https:\/\/radioljubuski.ba\/#\/schema\/person\/19fc700381a780f69665d7956c469e3b"},"headline":"U akciji \u201e\u0160tit\u201c zaplijenjeno 26. 750 kutija cigareta","datePublished":"2021-04-17T20:14:34+00:00","mainEntityOfPage":{"@id":"https:\/\/radioljubuski.ba\/index.php\/2021\/04\/17\/u-akciji-stit-zaplijenjeno-26-750-kutija-cigareta\/"},"wordCount":275,"publisher":{"@id":"https:\/\/radioljubuski.ba\/#organization"},"image":{"@id":"https:\/\/radioljubuski.ba\/index.php\/2021\/04\/17\/u-akciji-stit-zaplijenjeno-26-750-kutija-cigareta\/#primaryimage"},"thumbnailUrl":"https:\/\/radioljubuski.ba\/wp-content\/uploads\/2021\/04\/7-2021-04-17-13-20-18-cigare.jpg","articleSection":["BIH i regija"],"inLanguage":"hr"},{"@type":"WebPage","@id":"https:\/\/radioljubuski.ba\/index.php\/2021\/04\/17\/u-akciji-stit-zaplijenjeno-26-750-kutija-cigareta\/","url":"https:\/\/radioljubuski.ba\/index.php\/2021\/04\/17\/u-akciji-stit-zaplijenjeno-26-750-kutija-cigareta\/","name":"U akciji \u201e\u0160tit\u201c zaplijenjeno 26. 750 kutija cigareta - RADIO LJUBU\u0160KI","isPartOf":{"@id":"https:\/\/radioljubuski.ba\/#website"},"primaryImageOfPage":{"@id":"https:\/\/radioljubuski.ba\/index.php\/2021\/04\/17\/u-akciji-stit-zaplijenjeno-26-750-kutija-cigareta\/#primaryimage"},"image":{"@id":"https:\/\/radioljubuski.ba\/index.php\/2021\/04\/17\/u-akciji-stit-zaplijenjeno-26-750-kutija-cigareta\/#primaryimage"},"thumbnailUrl":"https:\/\/radioljubuski.ba\/wp-content\/uploads\/2021\/04\/7-2021-04-17-13-20-18-cigare.jpg","datePublished":"2021-04-17T20:14:34+00:00","breadcrumb":{"@id":"https:\/\/radioljubuski.ba\/index.php\/2021\/04\/17\/u-akciji-stit-zaplijenjeno-26-750-kutija-cigareta\/#breadcrumb"},"inLanguage":"hr","potentialAction":[{"@type":"ReadAction","target":["https:\/\/radioljubuski.ba\/index.php\/2021\/04\/17\/u-akciji-stit-zaplijenjeno-26-750-kutija-cigareta\/"]}]},{"@type":"ImageObject","inLanguage":"hr","@id":"https:\/\/radioljubuski.ba\/index.php\/2021\/04\/17\/u-akciji-stit-zaplijenjeno-26-750-kutija-cigareta\/#primaryimage","url":"https:\/\/radioljubuski.ba\/wp-content\/uploads\/2021\/04\/7-2021-04-17-13-20-18-cigare.jpg","contentUrl":"https:\/\/radioljubuski.ba\/wp-content\/uploads\/2021\/04\/7-2021-04-17-13-20-18-cigare.jpg","width":1000,"height":625},{"@type":"BreadcrumbList","@id":"https:\/\/radioljubuski.ba\/index.php\/2021\/04\/17\/u-akciji-stit-zaplijenjeno-26-750-kutija-cigareta\/#breadcrumb","itemListElement":[{"@type":"ListItem","position":1,"name":"Po\u010detna stranica","item":"https:\/\/radioljubuski.ba\/"},{"@type":"ListItem","position":2,"name":"U akciji \u201e\u0160tit\u201c zaplijenjeno 26. 750 kutija cigareta"}]},{"@type":"WebSite","@id":"https:\/\/radioljubuski.ba\/#website","url":"https:\/\/radioljubuski.ba\/","name":"Radio Ljubu\u0161ki","description":"Sun\u010dana frekvencija Hercegovine","publisher":{"@id":"https:\/\/radioljubuski.ba\/#organization"},"potentialAction":[{"@type":"SearchAction","target":{"@type":"EntryPoint","urlTemplate":"https:\/\/radioljubuski.ba\/?s={search_term_string}"},"query-input":{"@type":"PropertyValueSpecification","valueRequired":true,"valueName":"search_term_string"}}],"inLanguage":"hr"},{"@type":"Organization","@id":"https:\/\/radioljubuski.ba\/#organization","name":"Radio Ljubu\u0161ki","url":"https:\/\/radioljubuski.ba\/","logo":{"@type":"ImageObject","inLanguage":"hr","@id":"https:\/\/radioljubuski.ba\/#\/schema\/logo\/image\/","url":"https:\/\/radioljubuski.ba\/wp-content\/uploads\/2021\/02\/cropped-Radio_Ljubuski_logo1.jpg","contentUrl":"https:\/\/radioljubuski.ba\/wp-content\/uploads\/2021\/02\/cropped-Radio_Ljubuski_logo1.jpg","width":512,"height":512,"caption":"Radio Ljubu\u0161ki"},"image":{"@id":"https:\/\/radioljubuski.ba\/#\/schema\/logo\/image\/"},"sameAs":["https:\/\/www.facebook.com\/Radiio-Ljubuski-1490835324566332","https:\/\/x.com\/radioljubuski","https:\/\/hr.linkedin.com\/company\/radio-ljubuski","https:\/\/www.youtube.com\/channel\/UCHYaeO_n0Db3tjNGudGpXyw"]},{"@type":"Person","@id":"https:\/\/radioljubuski.ba\/#\/schema\/person\/19fc700381a780f69665d7956c469e3b","name":"Radio Ljubu\u0161ki"}]}},"_links":{"self":[{"href":"https:\/\/radioljubuski.ba\/index.php\/wp-json\/wp\/v2\/posts\/14007","targetHints":{"allow":["GET"]}}],"collection":[{"href":"https:\/\/radioljubuski.ba\/index.php\/wp-json\/wp\/v2\/posts"}],"about":[{"href":"https:\/\/radioljubuski.ba\/index.php\/wp-json\/wp\/v2\/types\/post"}],"author":[{"embeddable":true,"href":"https:\/\/radioljubuski.ba\/index.php\/wp-json\/wp\/v2\/users\/2"}],"replies":[{"embeddable":true,"href":"https:\/\/radioljubuski.ba\/index.php\/wp-json\/wp\/v2\/comments?post=14007"}],"version-history":[{"count":1,"href":"https:\/\/radioljubuski.ba\/index.php\/wp-json\/wp\/v2\/posts\/14007\/revisions"}],"predecessor-version":[{"id":14009,"href":"https:\/\/radioljubuski.ba\/index.php\/wp-json\/wp\/v2\/posts\/14007\/revisions\/14009"}],"wp:featuredmedia":[{"embeddable":true,"href":"https:\/\/radioljubuski.ba\/index.php\/wp-json\/wp\/v2\/media\/14008"}],"wp:attachment":[{"href":"https:\/\/radioljubuski.ba\/index.php\/wp-json\/wp\/v2\/media?parent=14007"}],"wp:term":[{"taxonomy":"category","embeddable":true,"href":"https:\/\/radioljubuski.ba\/index.php\/wp-json\/wp\/v2\/categories?post=14007"},{"taxonomy":"post_tag","embeddable":true,"href":"https:\/\/radioljubuski.ba\/index.php\/wp-json\/wp\/v2\/tags?post=14007"}],"curies":[{"name":"wp","href":"https:\/\/api.w.org\/{rel}","templated":true}]}}