{"id":140425,"date":"2022-05-11T10:49:11","date_gmt":"2022-05-11T09:49:11","guid":{"rendered":"https:\/\/radioljubuski.ba\/?p=140425"},"modified":"2022-05-11T10:49:12","modified_gmt":"2022-05-11T09:49:12","slug":"hrvat-navodno-prvo-pojacanje-manutd","status":"publish","type":"post","link":"https:\/\/radioljubuski.ba\/index.php\/2022\/05\/11\/hrvat-navodno-prvo-pojacanje-manutd\/","title":{"rendered":"Hrvat navodno prvo poja\u010danje ManUtd"},"content":{"rendered":"\n<p>Premierliga\u0161 Manchester United na ljeto \u0107e dobiti novog trenera, Ajaxov \u0161ef Erik ten Hag od sljede\u0107e sezone \u0107e preuzeti kormilo Crvenih vragova, a engleski mediji najavljuju kako se sprema za detaljno preure\u0111enje svla\u010dionice. Prvi posao, pi\u0161e Kicker, bit \u0107e mu dovo\u0111enje hrvatskog reprezentativca Borne Sose.<\/p>\n\n\n\n<p>Lijevi bek Stuttgarta jedan je od najboljih mladih igra\u010da u Bundesligi, a taj status sa sobom vu\u010de interes najve\u0107ih premierliga\u0161kih klubova. Kicker prenosi kako je Manchester United odlu\u010dio usko\u010diti u utrku za dovo\u0111enje biv\u0161eg igra\u010da Dinama te dodaje kako \u0107e im najve\u0107a konkurencija biti sunarodnjaci iz Chelseaja.<\/p>\n\n\n\n<p>Nijemci \u0107e na ime od\u0161tete navodno tra\u017eiti oko 25.000.000 eura, 5.000.000 eura vi\u0161e od Sosine trenuta\u010dne vrijednosti, jer im se ne \u017euri prodati. Sosa im je jedan od najboljih igra\u010da u klubu i najve\u0107i potencijal i ne dobiju li koliko tra\u017ee, mogu ga zadr\u017eati jo\u0161 godinu dana budu\u0107i da ima va\u017ee\u0107i ugovor do 2025. godine.<\/p>\n\n\n\n<p>Stigne li Sosa, netko \u0107e od aktualnih bekova morati napustiti klub jer su ve\u0107 dva lijeva beka na platnom spisku Uniteda Luke Shaw i Alex Telles. Realizira li se ovaj transfer, Sosa bi mogao postati prvi Hrvat u povijesti Manchester Uniteda.<\/p>\n\n\n\n<p>Izvor:pogled.ba<\/p>\n","protected":false},"excerpt":{"rendered":"<p>Premierliga\u0161 Manchester United na ljeto \u0107e dobiti novog trenera, Ajaxov \u0161ef Erik ten Hag od sljede\u0107e sezone \u0107e preuzeti kormilo Crvenih vragova, a engleski mediji najavljuju kako se sprema za detaljno preure\u0111enje svla\u010dionice. Prvi posao, pi\u0161e Kicker, bit \u0107e mu dovo\u0111enje hrvatskog reprezentativca Borne Sose. Lijevi bek Stuttgarta jedan je od najboljih mladih igra\u010da u [&hellip;]<\/p>\n","protected":false},"author":2,"featured_media":19330,"comment_status":"closed","ping_status":"closed","sticky":false,"template":"","format":"standard","meta":{"h5ap_radio_sources":[],"footnotes":""},"categories":[7],"tags":[],"class_list":["post-140425","post","type-post","status-publish","format-standard","has-post-thumbnail","hentry","category-sport"],"yoast_head":"<!-- This site is optimized with the Yoast SEO plugin v27.4 - https:\/\/yoast.com\/product\/yoast-seo-wordpress\/ -->\n<title>Hrvat navodno prvo poja\u010danje ManUtd - RADIO LJUBU\u0160KI<\/title>\n<meta name=\"robots\" content=\"index, follow, max-snippet:-1, max-image-preview:large, max-video-preview:-1\" \/>\n<link rel=\"canonical\" href=\"https:\/\/radioljubuski.ba\/index.php\/2022\/05\/11\/hrvat-navodno-prvo-pojacanje-manutd\/\" \/>\n<meta property=\"og:locale\" content=\"hr_HR\" \/>\n<meta property=\"og:type\" content=\"article\" \/>\n<meta property=\"og:title\" content=\"Hrvat navodno prvo poja\u010danje ManUtd - RADIO LJUBU\u0160KI\" \/>\n<meta property=\"og:description\" content=\"Premierliga\u0161 Manchester United na ljeto \u0107e dobiti novog trenera, Ajaxov \u0161ef Erik ten Hag od sljede\u0107e sezone \u0107e preuzeti kormilo Crvenih vragova, a engleski mediji najavljuju kako se sprema za detaljno preure\u0111enje svla\u010dionice. Prvi posao, pi\u0161e Kicker, bit \u0107e mu dovo\u0111enje hrvatskog reprezentativca Borne Sose. Lijevi bek Stuttgarta jedan je od najboljih mladih igra\u010da u [&hellip;]\" \/>\n<meta property=\"og:url\" content=\"https:\/\/radioljubuski.ba\/index.php\/2022\/05\/11\/hrvat-navodno-prvo-pojacanje-manutd\/\" \/>\n<meta property=\"og:site_name\" content=\"RADIO LJUBU\u0160KI\" \/>\n<meta property=\"article:publisher\" content=\"https:\/\/www.facebook.com\/Radiio-Ljubuski-1490835324566332\" \/>\n<meta property=\"article:published_time\" content=\"2022-05-11T09:49:11+00:00\" \/>\n<meta property=\"article:modified_time\" content=\"2022-05-11T09:49:12+00:00\" \/>\n<meta property=\"og:image\" content=\"https:\/\/radioljubuski.ba\/wp-content\/uploads\/2021\/05\/61497018-borna-sosa.jpg\" \/>\n\t<meta property=\"og:image:width\" content=\"600\" \/>\n\t<meta property=\"og:image:height\" content=\"400\" \/>\n\t<meta property=\"og:image:type\" content=\"image\/jpeg\" \/>\n<meta name=\"author\" content=\"Radio Ljubu\u0161ki\" \/>\n<meta name=\"twitter:card\" content=\"summary_large_image\" \/>\n<meta name=\"twitter:creator\" content=\"@radioljubuski\" \/>\n<meta name=\"twitter:site\" content=\"@radioljubuski\" \/>\n<meta name=\"twitter:label1\" content=\"Napisao\/la\" \/>\n\t<meta name=\"twitter:data1\" content=\"Radio Ljubu\u0161ki\" \/>\n\t<meta name=\"twitter:label2\" content=\"Procijenjeno vrijeme \u010ditanja\" \/>\n\t<meta name=\"twitter:data2\" content=\"1 minuta\" \/>\n<script type=\"application\/ld+json\" class=\"yoast-schema-graph\">{\"@context\":\"https:\\\/\\\/schema.org\",\"@graph\":[{\"@type\":\"Article\",\"@id\":\"https:\\\/\\\/radioljubuski.ba\\\/index.php\\\/2022\\\/05\\\/11\\\/hrvat-navodno-prvo-pojacanje-manutd\\\/#article\",\"isPartOf\":{\"@id\":\"https:\\\/\\\/radioljubuski.ba\\\/index.php\\\/2022\\\/05\\\/11\\\/hrvat-navodno-prvo-pojacanje-manutd\\\/\"},\"author\":{\"name\":\"Radio Ljubu\u0161ki\",\"@id\":\"https:\\\/\\\/radioljubuski.ba\\\/#\\\/schema\\\/person\\\/19fc700381a780f69665d7956c469e3b\"},\"headline\":\"Hrvat navodno prvo poja\u010danje ManUtd\",\"datePublished\":\"2022-05-11T09:49:11+00:00\",\"dateModified\":\"2022-05-11T09:49:12+00:00\",\"mainEntityOfPage\":{\"@id\":\"https:\\\/\\\/radioljubuski.ba\\\/index.php\\\/2022\\\/05\\\/11\\\/hrvat-navodno-prvo-pojacanje-manutd\\\/\"},\"wordCount\":220,\"publisher\":{\"@id\":\"https:\\\/\\\/radioljubuski.ba\\\/#organization\"},\"image\":{\"@id\":\"https:\\\/\\\/radioljubuski.ba\\\/index.php\\\/2022\\\/05\\\/11\\\/hrvat-navodno-prvo-pojacanje-manutd\\\/#primaryimage\"},\"thumbnailUrl\":\"https:\\\/\\\/radioljubuski.ba\\\/wp-content\\\/uploads\\\/2021\\\/05\\\/61497018-borna-sosa.jpg\",\"articleSection\":[\"\u0160port\"],\"inLanguage\":\"hr\"},{\"@type\":\"WebPage\",\"@id\":\"https:\\\/\\\/radioljubuski.ba\\\/index.php\\\/2022\\\/05\\\/11\\\/hrvat-navodno-prvo-pojacanje-manutd\\\/\",\"url\":\"https:\\\/\\\/radioljubuski.ba\\\/index.php\\\/2022\\\/05\\\/11\\\/hrvat-navodno-prvo-pojacanje-manutd\\\/\",\"name\":\"Hrvat navodno prvo poja\u010danje ManUtd - RADIO LJUBU\u0160KI\",\"isPartOf\":{\"@id\":\"https:\\\/\\\/radioljubuski.ba\\\/#website\"},\"primaryImageOfPage\":{\"@id\":\"https:\\\/\\\/radioljubuski.ba\\\/index.php\\\/2022\\\/05\\\/11\\\/hrvat-navodno-prvo-pojacanje-manutd\\\/#primaryimage\"},\"image\":{\"@id\":\"https:\\\/\\\/radioljubuski.ba\\\/index.php\\\/2022\\\/05\\\/11\\\/hrvat-navodno-prvo-pojacanje-manutd\\\/#primaryimage\"},\"thumbnailUrl\":\"https:\\\/\\\/radioljubuski.ba\\\/wp-content\\\/uploads\\\/2021\\\/05\\\/61497018-borna-sosa.jpg\",\"datePublished\":\"2022-05-11T09:49:11+00:00\",\"dateModified\":\"2022-05-11T09:49:12+00:00\",\"breadcrumb\":{\"@id\":\"https:\\\/\\\/radioljubuski.ba\\\/index.php\\\/2022\\\/05\\\/11\\\/hrvat-navodno-prvo-pojacanje-manutd\\\/#breadcrumb\"},\"inLanguage\":\"hr\",\"potentialAction\":[{\"@type\":\"ReadAction\",\"target\":[\"https:\\\/\\\/radioljubuski.ba\\\/index.php\\\/2022\\\/05\\\/11\\\/hrvat-navodno-prvo-pojacanje-manutd\\\/\"]}]},{\"@type\":\"ImageObject\",\"inLanguage\":\"hr\",\"@id\":\"https:\\\/\\\/radioljubuski.ba\\\/index.php\\\/2022\\\/05\\\/11\\\/hrvat-navodno-prvo-pojacanje-manutd\\\/#primaryimage\",\"url\":\"https:\\\/\\\/radioljubuski.ba\\\/wp-content\\\/uploads\\\/2021\\\/05\\\/61497018-borna-sosa.jpg\",\"contentUrl\":\"https:\\\/\\\/radioljubuski.ba\\\/wp-content\\\/uploads\\\/2021\\\/05\\\/61497018-borna-sosa.jpg\",\"width\":600,\"height\":400},{\"@type\":\"BreadcrumbList\",\"@id\":\"https:\\\/\\\/radioljubuski.ba\\\/index.php\\\/2022\\\/05\\\/11\\\/hrvat-navodno-prvo-pojacanje-manutd\\\/#breadcrumb\",\"itemListElement\":[{\"@type\":\"ListItem\",\"position\":1,\"name\":\"Po\u010detna stranica\",\"item\":\"https:\\\/\\\/radioljubuski.ba\\\/\"},{\"@type\":\"ListItem\",\"position\":2,\"name\":\"Hrvat navodno prvo poja\u010danje ManUtd\"}]},{\"@type\":\"WebSite\",\"@id\":\"https:\\\/\\\/radioljubuski.ba\\\/#website\",\"url\":\"https:\\\/\\\/radioljubuski.ba\\\/\",\"name\":\"Radio Ljubu\u0161ki\",\"description\":\"Sun\u010dana frekvencija Hercegovine\",\"publisher\":{\"@id\":\"https:\\\/\\\/radioljubuski.ba\\\/#organization\"},\"potentialAction\":[{\"@type\":\"SearchAction\",\"target\":{\"@type\":\"EntryPoint\",\"urlTemplate\":\"https:\\\/\\\/radioljubuski.ba\\\/?s={search_term_string}\"},\"query-input\":{\"@type\":\"PropertyValueSpecification\",\"valueRequired\":true,\"valueName\":\"search_term_string\"}}],\"inLanguage\":\"hr\"},{\"@type\":\"Organization\",\"@id\":\"https:\\\/\\\/radioljubuski.ba\\\/#organization\",\"name\":\"Radio Ljubu\u0161ki\",\"url\":\"https:\\\/\\\/radioljubuski.ba\\\/\",\"logo\":{\"@type\":\"ImageObject\",\"inLanguage\":\"hr\",\"@id\":\"https:\\\/\\\/radioljubuski.ba\\\/#\\\/schema\\\/logo\\\/image\\\/\",\"url\":\"https:\\\/\\\/radioljubuski.ba\\\/wp-content\\\/uploads\\\/2021\\\/02\\\/cropped-Radio_Ljubuski_logo1.jpg\",\"contentUrl\":\"https:\\\/\\\/radioljubuski.ba\\\/wp-content\\\/uploads\\\/2021\\\/02\\\/cropped-Radio_Ljubuski_logo1.jpg\",\"width\":512,\"height\":512,\"caption\":\"Radio Ljubu\u0161ki\"},\"image\":{\"@id\":\"https:\\\/\\\/radioljubuski.ba\\\/#\\\/schema\\\/logo\\\/image\\\/\"},\"sameAs\":[\"https:\\\/\\\/www.facebook.com\\\/Radiio-Ljubuski-1490835324566332\",\"https:\\\/\\\/x.com\\\/radioljubuski\",\"https:\\\/\\\/hr.linkedin.com\\\/company\\\/radio-ljubuski\",\"https:\\\/\\\/www.youtube.com\\\/channel\\\/UCHYaeO_n0Db3tjNGudGpXyw\"]},{\"@type\":\"Person\",\"@id\":\"https:\\\/\\\/radioljubuski.ba\\\/#\\\/schema\\\/person\\\/19fc700381a780f69665d7956c469e3b\",\"name\":\"Radio Ljubu\u0161ki\"}]}<\/script>\n<!-- \/ Yoast SEO plugin. -->","yoast_head_json":{"title":"Hrvat navodno prvo poja\u010danje ManUtd - RADIO LJUBU\u0160KI","robots":{"index":"index","follow":"follow","max-snippet":"max-snippet:-1","max-image-preview":"max-image-preview:large","max-video-preview":"max-video-preview:-1"},"canonical":"https:\/\/radioljubuski.ba\/index.php\/2022\/05\/11\/hrvat-navodno-prvo-pojacanje-manutd\/","og_locale":"hr_HR","og_type":"article","og_title":"Hrvat navodno prvo poja\u010danje ManUtd - RADIO LJUBU\u0160KI","og_description":"Premierliga\u0161 Manchester United na ljeto \u0107e dobiti novog trenera, Ajaxov \u0161ef Erik ten Hag od sljede\u0107e sezone \u0107e preuzeti kormilo Crvenih vragova, a engleski mediji najavljuju kako se sprema za detaljno preure\u0111enje svla\u010dionice. Prvi posao, pi\u0161e Kicker, bit \u0107e mu dovo\u0111enje hrvatskog reprezentativca Borne Sose. Lijevi bek Stuttgarta jedan je od najboljih mladih igra\u010da u [&hellip;]","og_url":"https:\/\/radioljubuski.ba\/index.php\/2022\/05\/11\/hrvat-navodno-prvo-pojacanje-manutd\/","og_site_name":"RADIO LJUBU\u0160KI","article_publisher":"https:\/\/www.facebook.com\/Radiio-Ljubuski-1490835324566332","article_published_time":"2022-05-11T09:49:11+00:00","article_modified_time":"2022-05-11T09:49:12+00:00","og_image":[{"width":600,"height":400,"url":"https:\/\/radioljubuski.ba\/wp-content\/uploads\/2021\/05\/61497018-borna-sosa.jpg","type":"image\/jpeg"}],"author":"Radio Ljubu\u0161ki","twitter_card":"summary_large_image","twitter_creator":"@radioljubuski","twitter_site":"@radioljubuski","twitter_misc":{"Napisao\/la":"Radio Ljubu\u0161ki","Procijenjeno vrijeme \u010ditanja":"1 minuta"},"schema":{"@context":"https:\/\/schema.org","@graph":[{"@type":"Article","@id":"https:\/\/radioljubuski.ba\/index.php\/2022\/05\/11\/hrvat-navodno-prvo-pojacanje-manutd\/#article","isPartOf":{"@id":"https:\/\/radioljubuski.ba\/index.php\/2022\/05\/11\/hrvat-navodno-prvo-pojacanje-manutd\/"},"author":{"name":"Radio Ljubu\u0161ki","@id":"https:\/\/radioljubuski.ba\/#\/schema\/person\/19fc700381a780f69665d7956c469e3b"},"headline":"Hrvat navodno prvo poja\u010danje ManUtd","datePublished":"2022-05-11T09:49:11+00:00","dateModified":"2022-05-11T09:49:12+00:00","mainEntityOfPage":{"@id":"https:\/\/radioljubuski.ba\/index.php\/2022\/05\/11\/hrvat-navodno-prvo-pojacanje-manutd\/"},"wordCount":220,"publisher":{"@id":"https:\/\/radioljubuski.ba\/#organization"},"image":{"@id":"https:\/\/radioljubuski.ba\/index.php\/2022\/05\/11\/hrvat-navodno-prvo-pojacanje-manutd\/#primaryimage"},"thumbnailUrl":"https:\/\/radioljubuski.ba\/wp-content\/uploads\/2021\/05\/61497018-borna-sosa.jpg","articleSection":["\u0160port"],"inLanguage":"hr"},{"@type":"WebPage","@id":"https:\/\/radioljubuski.ba\/index.php\/2022\/05\/11\/hrvat-navodno-prvo-pojacanje-manutd\/","url":"https:\/\/radioljubuski.ba\/index.php\/2022\/05\/11\/hrvat-navodno-prvo-pojacanje-manutd\/","name":"Hrvat navodno prvo poja\u010danje ManUtd - RADIO LJUBU\u0160KI","isPartOf":{"@id":"https:\/\/radioljubuski.ba\/#website"},"primaryImageOfPage":{"@id":"https:\/\/radioljubuski.ba\/index.php\/2022\/05\/11\/hrvat-navodno-prvo-pojacanje-manutd\/#primaryimage"},"image":{"@id":"https:\/\/radioljubuski.ba\/index.php\/2022\/05\/11\/hrvat-navodno-prvo-pojacanje-manutd\/#primaryimage"},"thumbnailUrl":"https:\/\/radioljubuski.ba\/wp-content\/uploads\/2021\/05\/61497018-borna-sosa.jpg","datePublished":"2022-05-11T09:49:11+00:00","dateModified":"2022-05-11T09:49:12+00:00","breadcrumb":{"@id":"https:\/\/radioljubuski.ba\/index.php\/2022\/05\/11\/hrvat-navodno-prvo-pojacanje-manutd\/#breadcrumb"},"inLanguage":"hr","potentialAction":[{"@type":"ReadAction","target":["https:\/\/radioljubuski.ba\/index.php\/2022\/05\/11\/hrvat-navodno-prvo-pojacanje-manutd\/"]}]},{"@type":"ImageObject","inLanguage":"hr","@id":"https:\/\/radioljubuski.ba\/index.php\/2022\/05\/11\/hrvat-navodno-prvo-pojacanje-manutd\/#primaryimage","url":"https:\/\/radioljubuski.ba\/wp-content\/uploads\/2021\/05\/61497018-borna-sosa.jpg","contentUrl":"https:\/\/radioljubuski.ba\/wp-content\/uploads\/2021\/05\/61497018-borna-sosa.jpg","width":600,"height":400},{"@type":"BreadcrumbList","@id":"https:\/\/radioljubuski.ba\/index.php\/2022\/05\/11\/hrvat-navodno-prvo-pojacanje-manutd\/#breadcrumb","itemListElement":[{"@type":"ListItem","position":1,"name":"Po\u010detna stranica","item":"https:\/\/radioljubuski.ba\/"},{"@type":"ListItem","position":2,"name":"Hrvat navodno prvo poja\u010danje ManUtd"}]},{"@type":"WebSite","@id":"https:\/\/radioljubuski.ba\/#website","url":"https:\/\/radioljubuski.ba\/","name":"Radio Ljubu\u0161ki","description":"Sun\u010dana frekvencija Hercegovine","publisher":{"@id":"https:\/\/radioljubuski.ba\/#organization"},"potentialAction":[{"@type":"SearchAction","target":{"@type":"EntryPoint","urlTemplate":"https:\/\/radioljubuski.ba\/?s={search_term_string}"},"query-input":{"@type":"PropertyValueSpecification","valueRequired":true,"valueName":"search_term_string"}}],"inLanguage":"hr"},{"@type":"Organization","@id":"https:\/\/radioljubuski.ba\/#organization","name":"Radio Ljubu\u0161ki","url":"https:\/\/radioljubuski.ba\/","logo":{"@type":"ImageObject","inLanguage":"hr","@id":"https:\/\/radioljubuski.ba\/#\/schema\/logo\/image\/","url":"https:\/\/radioljubuski.ba\/wp-content\/uploads\/2021\/02\/cropped-Radio_Ljubuski_logo1.jpg","contentUrl":"https:\/\/radioljubuski.ba\/wp-content\/uploads\/2021\/02\/cropped-Radio_Ljubuski_logo1.jpg","width":512,"height":512,"caption":"Radio Ljubu\u0161ki"},"image":{"@id":"https:\/\/radioljubuski.ba\/#\/schema\/logo\/image\/"},"sameAs":["https:\/\/www.facebook.com\/Radiio-Ljubuski-1490835324566332","https:\/\/x.com\/radioljubuski","https:\/\/hr.linkedin.com\/company\/radio-ljubuski","https:\/\/www.youtube.com\/channel\/UCHYaeO_n0Db3tjNGudGpXyw"]},{"@type":"Person","@id":"https:\/\/radioljubuski.ba\/#\/schema\/person\/19fc700381a780f69665d7956c469e3b","name":"Radio Ljubu\u0161ki"}]}},"_links":{"self":[{"href":"https:\/\/radioljubuski.ba\/index.php\/wp-json\/wp\/v2\/posts\/140425","targetHints":{"allow":["GET"]}}],"collection":[{"href":"https:\/\/radioljubuski.ba\/index.php\/wp-json\/wp\/v2\/posts"}],"about":[{"href":"https:\/\/radioljubuski.ba\/index.php\/wp-json\/wp\/v2\/types\/post"}],"author":[{"embeddable":true,"href":"https:\/\/radioljubuski.ba\/index.php\/wp-json\/wp\/v2\/users\/2"}],"replies":[{"embeddable":true,"href":"https:\/\/radioljubuski.ba\/index.php\/wp-json\/wp\/v2\/comments?post=140425"}],"version-history":[{"count":1,"href":"https:\/\/radioljubuski.ba\/index.php\/wp-json\/wp\/v2\/posts\/140425\/revisions"}],"predecessor-version":[{"id":140426,"href":"https:\/\/radioljubuski.ba\/index.php\/wp-json\/wp\/v2\/posts\/140425\/revisions\/140426"}],"wp:featuredmedia":[{"embeddable":true,"href":"https:\/\/radioljubuski.ba\/index.php\/wp-json\/wp\/v2\/media\/19330"}],"wp:attachment":[{"href":"https:\/\/radioljubuski.ba\/index.php\/wp-json\/wp\/v2\/media?parent=140425"}],"wp:term":[{"taxonomy":"category","embeddable":true,"href":"https:\/\/radioljubuski.ba\/index.php\/wp-json\/wp\/v2\/categories?post=140425"},{"taxonomy":"post_tag","embeddable":true,"href":"https:\/\/radioljubuski.ba\/index.php\/wp-json\/wp\/v2\/tags?post=140425"}],"curies":[{"name":"wp","href":"https:\/\/api.w.org\/{rel}","templated":true}]}}