{"id":140588,"date":"2022-05-12T08:12:10","date_gmt":"2022-05-12T07:12:10","guid":{"rendered":"https:\/\/radioljubuski.ba\/?p=140588"},"modified":"2022-05-12T08:12:11","modified_gmt":"2022-05-12T07:12:11","slug":"inzaghi-ova-momcad-se-nikad-ne-predaje-allegri-raspali-smo-se","status":"publish","type":"post","link":"https:\/\/radioljubuski.ba\/index.php\/2022\/05\/12\/inzaghi-ova-momcad-se-nikad-ne-predaje-allegri-raspali-smo-se\/","title":{"rendered":"Inzaghi: Ova mom\u010dad se nikad ne predaje; Allegri: Raspali smo se"},"content":{"rendered":"\n<p>Nogometa\u0161i Intera pobjednici su Talijanskog kupa nakon \u0161to su u finalu igranom u Rimu svladali Juventus 4:2 uz dva gola sjajnog<strong>\u00a0Ivana Peri\u0161i\u0107a<\/strong>\u00a0u produ\u017eecima.<\/p>\n\n\n\n<p>Trener pobjedni\u010dke mom\u010dadi&nbsp;<strong>Simone Inzaghi<\/strong>&nbsp;podigao je drugi trofej s milanskim klubom s kojim je u sije\u010dnju uzeo i talijanski Superkup tako\u0111er pobjedom nad Juventusom. I ta je utakmica bila odlu\u010dena u produ\u017eecima i to u posljednjim trenucima dodatnog vremena.&nbsp;<\/p>\n\n\n\n<p>&#8211; Odigrali smo sjajno protiv jakog protivnika. Bili smo odli\u010dni u prvih pola sata, no malo smo se &#8216;izgubili&#8217; u zadnjiih 15 minuta prvog dijela. Na\u0161 pristup u drugom poluvremenu je bio lo\u0161 i primili smo dva pogotka. Morali smo ostati fokusirani, no ova mom\u010dad se nikad ne predaje, i ne govorim to samo zbog ove ve\u010deri, rekao je Inzaghi nakon slavlja u finalu.<\/p>\n\n\n\n<p>&#8211; Sada su pred nama jo\u0161 dvije prvenstvene utakmice i odigrat \u0107emo ih najbolje \u0161to mo\u017eemo, ali sigurno da \u0107emo proslaviti ovaj naslov s navija\u010dima. Sretan sam zbog svojih igra\u010da, kluba i navija\u010da, dodao je strateg Intera.\u00a0<\/p>\n\n\n\n<p>S druge strane, trener Juventusa&nbsp;<strong>Massimiliano Allegri<\/strong>&nbsp;\u017eali za propu\u0161tenim prilikama za osvajanje trofeja. Ljutiti trener pora\u017eene mom\u010dadi bio je isklju\u010den zbog sukoba s Inzaghijevim pomo\u0107nikom&nbsp;<strong>Massimilianom Farrisom<\/strong>.<\/p>\n\n\n\n<p>&#8211; Netko iz Intera je pro\u0161ao pored mene i udario me, razbjesnio sam se i sudac me potpuno opravdano isklju\u010dio, objasnio je Allegri.<\/p>\n\n\n\n<p>&#8211; \u0160to se ti\u010de utakmice, \u010destitam Interu na pobjedi. Dobro smo igrali, ali smo se raspali pred kraj. Neki igra\u010di nisu bili potpuno spremni, no dali su sve od sebe. Ove sezone nismo osvojili nijedan trofej, a ovaj bijes moramo zadr\u017eati za sljede\u0107u sezonu u kojoj se moramo vratiti pobjedama, dodao je strateg Stare dame.\u00a0<\/p>\n\n\n\n<p>izvor: hrt.hr<\/p>\n","protected":false},"excerpt":{"rendered":"<p>Nogometa\u0161i Intera pobjednici su Talijanskog kupa nakon \u0161to su u finalu igranom u Rimu svladali Juventus 4:2 uz dva gola sjajnog\u00a0Ivana Peri\u0161i\u0107a\u00a0u produ\u017eecima. Trener pobjedni\u010dke mom\u010dadi&nbsp;Simone Inzaghi&nbsp;podigao je drugi trofej s milanskim klubom s kojim je u sije\u010dnju uzeo i talijanski Superkup tako\u0111er pobjedom nad Juventusom. I ta je utakmica bila odlu\u010dena u produ\u017eecima i [&hellip;]<\/p>\n","protected":false},"author":2,"featured_media":140589,"comment_status":"closed","ping_status":"closed","sticky":false,"template":"","format":"standard","meta":{"h5ap_radio_sources":[],"footnotes":""},"categories":[7],"tags":[],"class_list":["post-140588","post","type-post","status-publish","format-standard","has-post-thumbnail","hentry","category-sport"],"yoast_head":"<!-- This site is optimized with the Yoast SEO plugin v27.4 - https:\/\/yoast.com\/product\/yoast-seo-wordpress\/ -->\n<title>Inzaghi: Ova mom\u010dad se nikad ne predaje; Allegri: Raspali smo se - RADIO LJUBU\u0160KI<\/title>\n<meta name=\"robots\" content=\"index, follow, max-snippet:-1, max-image-preview:large, max-video-preview:-1\" \/>\n<link rel=\"canonical\" href=\"https:\/\/radioljubuski.ba\/index.php\/2022\/05\/12\/inzaghi-ova-momcad-se-nikad-ne-predaje-allegri-raspali-smo-se\/\" \/>\n<meta property=\"og:locale\" content=\"hr_HR\" \/>\n<meta property=\"og:type\" content=\"article\" \/>\n<meta property=\"og:title\" content=\"Inzaghi: Ova mom\u010dad se nikad ne predaje; Allegri: Raspali smo se - RADIO LJUBU\u0160KI\" \/>\n<meta property=\"og:description\" content=\"Nogometa\u0161i Intera pobjednici su Talijanskog kupa nakon \u0161to su u finalu igranom u Rimu svladali Juventus 4:2 uz dva gola sjajnog\u00a0Ivana Peri\u0161i\u0107a\u00a0u produ\u017eecima. Trener pobjedni\u010dke mom\u010dadi&nbsp;Simone Inzaghi&nbsp;podigao je drugi trofej s milanskim klubom s kojim je u sije\u010dnju uzeo i talijanski Superkup tako\u0111er pobjedom nad Juventusom. I ta je utakmica bila odlu\u010dena u produ\u017eecima i [&hellip;]\" \/>\n<meta property=\"og:url\" content=\"https:\/\/radioljubuski.ba\/index.php\/2022\/05\/12\/inzaghi-ova-momcad-se-nikad-ne-predaje-allegri-raspali-smo-se\/\" \/>\n<meta property=\"og:site_name\" content=\"RADIO LJUBU\u0160KI\" \/>\n<meta property=\"article:publisher\" content=\"https:\/\/www.facebook.com\/Radiio-Ljubuski-1490835324566332\" \/>\n<meta property=\"article:published_time\" content=\"2022-05-12T07:12:10+00:00\" \/>\n<meta property=\"article:modified_time\" content=\"2022-05-12T07:12:11+00:00\" \/>\n<meta property=\"og:image\" content=\"https:\/\/radioljubuski.ba\/wp-content\/uploads\/2022\/05\/perisic.jpg\" \/>\n\t<meta property=\"og:image:width\" content=\"300\" \/>\n\t<meta property=\"og:image:height\" content=\"168\" \/>\n\t<meta property=\"og:image:type\" content=\"image\/jpeg\" \/>\n<meta name=\"author\" content=\"Radio Ljubu\u0161ki\" \/>\n<meta name=\"twitter:card\" content=\"summary_large_image\" \/>\n<meta name=\"twitter:creator\" content=\"@radioljubuski\" \/>\n<meta name=\"twitter:site\" content=\"@radioljubuski\" \/>\n<meta name=\"twitter:label1\" content=\"Napisao\/la\" \/>\n\t<meta name=\"twitter:data1\" content=\"Radio Ljubu\u0161ki\" \/>\n\t<meta name=\"twitter:label2\" content=\"Procijenjeno vrijeme \u010ditanja\" \/>\n\t<meta name=\"twitter:data2\" content=\"2 minute\" \/>\n<script type=\"application\/ld+json\" class=\"yoast-schema-graph\">{\"@context\":\"https:\\\/\\\/schema.org\",\"@graph\":[{\"@type\":\"Article\",\"@id\":\"https:\\\/\\\/radioljubuski.ba\\\/index.php\\\/2022\\\/05\\\/12\\\/inzaghi-ova-momcad-se-nikad-ne-predaje-allegri-raspali-smo-se\\\/#article\",\"isPartOf\":{\"@id\":\"https:\\\/\\\/radioljubuski.ba\\\/index.php\\\/2022\\\/05\\\/12\\\/inzaghi-ova-momcad-se-nikad-ne-predaje-allegri-raspali-smo-se\\\/\"},\"author\":{\"name\":\"Radio Ljubu\u0161ki\",\"@id\":\"https:\\\/\\\/radioljubuski.ba\\\/#\\\/schema\\\/person\\\/19fc700381a780f69665d7956c469e3b\"},\"headline\":\"Inzaghi: Ova mom\u010dad se nikad ne predaje; Allegri: Raspali smo se\",\"datePublished\":\"2022-05-12T07:12:10+00:00\",\"dateModified\":\"2022-05-12T07:12:11+00:00\",\"mainEntityOfPage\":{\"@id\":\"https:\\\/\\\/radioljubuski.ba\\\/index.php\\\/2022\\\/05\\\/12\\\/inzaghi-ova-momcad-se-nikad-ne-predaje-allegri-raspali-smo-se\\\/\"},\"wordCount\":319,\"publisher\":{\"@id\":\"https:\\\/\\\/radioljubuski.ba\\\/#organization\"},\"image\":{\"@id\":\"https:\\\/\\\/radioljubuski.ba\\\/index.php\\\/2022\\\/05\\\/12\\\/inzaghi-ova-momcad-se-nikad-ne-predaje-allegri-raspali-smo-se\\\/#primaryimage\"},\"thumbnailUrl\":\"https:\\\/\\\/radioljubuski.ba\\\/wp-content\\\/uploads\\\/2022\\\/05\\\/perisic.jpg\",\"articleSection\":[\"\u0160port\"],\"inLanguage\":\"hr\"},{\"@type\":\"WebPage\",\"@id\":\"https:\\\/\\\/radioljubuski.ba\\\/index.php\\\/2022\\\/05\\\/12\\\/inzaghi-ova-momcad-se-nikad-ne-predaje-allegri-raspali-smo-se\\\/\",\"url\":\"https:\\\/\\\/radioljubuski.ba\\\/index.php\\\/2022\\\/05\\\/12\\\/inzaghi-ova-momcad-se-nikad-ne-predaje-allegri-raspali-smo-se\\\/\",\"name\":\"Inzaghi: Ova mom\u010dad se nikad ne predaje; Allegri: Raspali smo se - RADIO LJUBU\u0160KI\",\"isPartOf\":{\"@id\":\"https:\\\/\\\/radioljubuski.ba\\\/#website\"},\"primaryImageOfPage\":{\"@id\":\"https:\\\/\\\/radioljubuski.ba\\\/index.php\\\/2022\\\/05\\\/12\\\/inzaghi-ova-momcad-se-nikad-ne-predaje-allegri-raspali-smo-se\\\/#primaryimage\"},\"image\":{\"@id\":\"https:\\\/\\\/radioljubuski.ba\\\/index.php\\\/2022\\\/05\\\/12\\\/inzaghi-ova-momcad-se-nikad-ne-predaje-allegri-raspali-smo-se\\\/#primaryimage\"},\"thumbnailUrl\":\"https:\\\/\\\/radioljubuski.ba\\\/wp-content\\\/uploads\\\/2022\\\/05\\\/perisic.jpg\",\"datePublished\":\"2022-05-12T07:12:10+00:00\",\"dateModified\":\"2022-05-12T07:12:11+00:00\",\"breadcrumb\":{\"@id\":\"https:\\\/\\\/radioljubuski.ba\\\/index.php\\\/2022\\\/05\\\/12\\\/inzaghi-ova-momcad-se-nikad-ne-predaje-allegri-raspali-smo-se\\\/#breadcrumb\"},\"inLanguage\":\"hr\",\"potentialAction\":[{\"@type\":\"ReadAction\",\"target\":[\"https:\\\/\\\/radioljubuski.ba\\\/index.php\\\/2022\\\/05\\\/12\\\/inzaghi-ova-momcad-se-nikad-ne-predaje-allegri-raspali-smo-se\\\/\"]}]},{\"@type\":\"ImageObject\",\"inLanguage\":\"hr\",\"@id\":\"https:\\\/\\\/radioljubuski.ba\\\/index.php\\\/2022\\\/05\\\/12\\\/inzaghi-ova-momcad-se-nikad-ne-predaje-allegri-raspali-smo-se\\\/#primaryimage\",\"url\":\"https:\\\/\\\/radioljubuski.ba\\\/wp-content\\\/uploads\\\/2022\\\/05\\\/perisic.jpg\",\"contentUrl\":\"https:\\\/\\\/radioljubuski.ba\\\/wp-content\\\/uploads\\\/2022\\\/05\\\/perisic.jpg\",\"width\":300,\"height\":168},{\"@type\":\"BreadcrumbList\",\"@id\":\"https:\\\/\\\/radioljubuski.ba\\\/index.php\\\/2022\\\/05\\\/12\\\/inzaghi-ova-momcad-se-nikad-ne-predaje-allegri-raspali-smo-se\\\/#breadcrumb\",\"itemListElement\":[{\"@type\":\"ListItem\",\"position\":1,\"name\":\"Po\u010detna stranica\",\"item\":\"https:\\\/\\\/radioljubuski.ba\\\/\"},{\"@type\":\"ListItem\",\"position\":2,\"name\":\"Inzaghi: Ova mom\u010dad se nikad ne predaje; Allegri: Raspali smo se\"}]},{\"@type\":\"WebSite\",\"@id\":\"https:\\\/\\\/radioljubuski.ba\\\/#website\",\"url\":\"https:\\\/\\\/radioljubuski.ba\\\/\",\"name\":\"Radio Ljubu\u0161ki\",\"description\":\"Sun\u010dana frekvencija Hercegovine\",\"publisher\":{\"@id\":\"https:\\\/\\\/radioljubuski.ba\\\/#organization\"},\"potentialAction\":[{\"@type\":\"SearchAction\",\"target\":{\"@type\":\"EntryPoint\",\"urlTemplate\":\"https:\\\/\\\/radioljubuski.ba\\\/?s={search_term_string}\"},\"query-input\":{\"@type\":\"PropertyValueSpecification\",\"valueRequired\":true,\"valueName\":\"search_term_string\"}}],\"inLanguage\":\"hr\"},{\"@type\":\"Organization\",\"@id\":\"https:\\\/\\\/radioljubuski.ba\\\/#organization\",\"name\":\"Radio Ljubu\u0161ki\",\"url\":\"https:\\\/\\\/radioljubuski.ba\\\/\",\"logo\":{\"@type\":\"ImageObject\",\"inLanguage\":\"hr\",\"@id\":\"https:\\\/\\\/radioljubuski.ba\\\/#\\\/schema\\\/logo\\\/image\\\/\",\"url\":\"https:\\\/\\\/radioljubuski.ba\\\/wp-content\\\/uploads\\\/2021\\\/02\\\/cropped-Radio_Ljubuski_logo1.jpg\",\"contentUrl\":\"https:\\\/\\\/radioljubuski.ba\\\/wp-content\\\/uploads\\\/2021\\\/02\\\/cropped-Radio_Ljubuski_logo1.jpg\",\"width\":512,\"height\":512,\"caption\":\"Radio Ljubu\u0161ki\"},\"image\":{\"@id\":\"https:\\\/\\\/radioljubuski.ba\\\/#\\\/schema\\\/logo\\\/image\\\/\"},\"sameAs\":[\"https:\\\/\\\/www.facebook.com\\\/Radiio-Ljubuski-1490835324566332\",\"https:\\\/\\\/x.com\\\/radioljubuski\",\"https:\\\/\\\/hr.linkedin.com\\\/company\\\/radio-ljubuski\",\"https:\\\/\\\/www.youtube.com\\\/channel\\\/UCHYaeO_n0Db3tjNGudGpXyw\"]},{\"@type\":\"Person\",\"@id\":\"https:\\\/\\\/radioljubuski.ba\\\/#\\\/schema\\\/person\\\/19fc700381a780f69665d7956c469e3b\",\"name\":\"Radio Ljubu\u0161ki\"}]}<\/script>\n<!-- \/ Yoast SEO plugin. -->","yoast_head_json":{"title":"Inzaghi: Ova mom\u010dad se nikad ne predaje; Allegri: Raspali smo se - RADIO LJUBU\u0160KI","robots":{"index":"index","follow":"follow","max-snippet":"max-snippet:-1","max-image-preview":"max-image-preview:large","max-video-preview":"max-video-preview:-1"},"canonical":"https:\/\/radioljubuski.ba\/index.php\/2022\/05\/12\/inzaghi-ova-momcad-se-nikad-ne-predaje-allegri-raspali-smo-se\/","og_locale":"hr_HR","og_type":"article","og_title":"Inzaghi: Ova mom\u010dad se nikad ne predaje; Allegri: Raspali smo se - RADIO LJUBU\u0160KI","og_description":"Nogometa\u0161i Intera pobjednici su Talijanskog kupa nakon \u0161to su u finalu igranom u Rimu svladali Juventus 4:2 uz dva gola sjajnog\u00a0Ivana Peri\u0161i\u0107a\u00a0u produ\u017eecima. Trener pobjedni\u010dke mom\u010dadi&nbsp;Simone Inzaghi&nbsp;podigao je drugi trofej s milanskim klubom s kojim je u sije\u010dnju uzeo i talijanski Superkup tako\u0111er pobjedom nad Juventusom. I ta je utakmica bila odlu\u010dena u produ\u017eecima i [&hellip;]","og_url":"https:\/\/radioljubuski.ba\/index.php\/2022\/05\/12\/inzaghi-ova-momcad-se-nikad-ne-predaje-allegri-raspali-smo-se\/","og_site_name":"RADIO LJUBU\u0160KI","article_publisher":"https:\/\/www.facebook.com\/Radiio-Ljubuski-1490835324566332","article_published_time":"2022-05-12T07:12:10+00:00","article_modified_time":"2022-05-12T07:12:11+00:00","og_image":[{"width":300,"height":168,"url":"https:\/\/radioljubuski.ba\/wp-content\/uploads\/2022\/05\/perisic.jpg","type":"image\/jpeg"}],"author":"Radio Ljubu\u0161ki","twitter_card":"summary_large_image","twitter_creator":"@radioljubuski","twitter_site":"@radioljubuski","twitter_misc":{"Napisao\/la":"Radio Ljubu\u0161ki","Procijenjeno vrijeme \u010ditanja":"2 minute"},"schema":{"@context":"https:\/\/schema.org","@graph":[{"@type":"Article","@id":"https:\/\/radioljubuski.ba\/index.php\/2022\/05\/12\/inzaghi-ova-momcad-se-nikad-ne-predaje-allegri-raspali-smo-se\/#article","isPartOf":{"@id":"https:\/\/radioljubuski.ba\/index.php\/2022\/05\/12\/inzaghi-ova-momcad-se-nikad-ne-predaje-allegri-raspali-smo-se\/"},"author":{"name":"Radio Ljubu\u0161ki","@id":"https:\/\/radioljubuski.ba\/#\/schema\/person\/19fc700381a780f69665d7956c469e3b"},"headline":"Inzaghi: Ova mom\u010dad se nikad ne predaje; Allegri: Raspali smo se","datePublished":"2022-05-12T07:12:10+00:00","dateModified":"2022-05-12T07:12:11+00:00","mainEntityOfPage":{"@id":"https:\/\/radioljubuski.ba\/index.php\/2022\/05\/12\/inzaghi-ova-momcad-se-nikad-ne-predaje-allegri-raspali-smo-se\/"},"wordCount":319,"publisher":{"@id":"https:\/\/radioljubuski.ba\/#organization"},"image":{"@id":"https:\/\/radioljubuski.ba\/index.php\/2022\/05\/12\/inzaghi-ova-momcad-se-nikad-ne-predaje-allegri-raspali-smo-se\/#primaryimage"},"thumbnailUrl":"https:\/\/radioljubuski.ba\/wp-content\/uploads\/2022\/05\/perisic.jpg","articleSection":["\u0160port"],"inLanguage":"hr"},{"@type":"WebPage","@id":"https:\/\/radioljubuski.ba\/index.php\/2022\/05\/12\/inzaghi-ova-momcad-se-nikad-ne-predaje-allegri-raspali-smo-se\/","url":"https:\/\/radioljubuski.ba\/index.php\/2022\/05\/12\/inzaghi-ova-momcad-se-nikad-ne-predaje-allegri-raspali-smo-se\/","name":"Inzaghi: Ova mom\u010dad se nikad ne predaje; Allegri: Raspali smo se - RADIO LJUBU\u0160KI","isPartOf":{"@id":"https:\/\/radioljubuski.ba\/#website"},"primaryImageOfPage":{"@id":"https:\/\/radioljubuski.ba\/index.php\/2022\/05\/12\/inzaghi-ova-momcad-se-nikad-ne-predaje-allegri-raspali-smo-se\/#primaryimage"},"image":{"@id":"https:\/\/radioljubuski.ba\/index.php\/2022\/05\/12\/inzaghi-ova-momcad-se-nikad-ne-predaje-allegri-raspali-smo-se\/#primaryimage"},"thumbnailUrl":"https:\/\/radioljubuski.ba\/wp-content\/uploads\/2022\/05\/perisic.jpg","datePublished":"2022-05-12T07:12:10+00:00","dateModified":"2022-05-12T07:12:11+00:00","breadcrumb":{"@id":"https:\/\/radioljubuski.ba\/index.php\/2022\/05\/12\/inzaghi-ova-momcad-se-nikad-ne-predaje-allegri-raspali-smo-se\/#breadcrumb"},"inLanguage":"hr","potentialAction":[{"@type":"ReadAction","target":["https:\/\/radioljubuski.ba\/index.php\/2022\/05\/12\/inzaghi-ova-momcad-se-nikad-ne-predaje-allegri-raspali-smo-se\/"]}]},{"@type":"ImageObject","inLanguage":"hr","@id":"https:\/\/radioljubuski.ba\/index.php\/2022\/05\/12\/inzaghi-ova-momcad-se-nikad-ne-predaje-allegri-raspali-smo-se\/#primaryimage","url":"https:\/\/radioljubuski.ba\/wp-content\/uploads\/2022\/05\/perisic.jpg","contentUrl":"https:\/\/radioljubuski.ba\/wp-content\/uploads\/2022\/05\/perisic.jpg","width":300,"height":168},{"@type":"BreadcrumbList","@id":"https:\/\/radioljubuski.ba\/index.php\/2022\/05\/12\/inzaghi-ova-momcad-se-nikad-ne-predaje-allegri-raspali-smo-se\/#breadcrumb","itemListElement":[{"@type":"ListItem","position":1,"name":"Po\u010detna stranica","item":"https:\/\/radioljubuski.ba\/"},{"@type":"ListItem","position":2,"name":"Inzaghi: Ova mom\u010dad se nikad ne predaje; Allegri: Raspali smo se"}]},{"@type":"WebSite","@id":"https:\/\/radioljubuski.ba\/#website","url":"https:\/\/radioljubuski.ba\/","name":"Radio Ljubu\u0161ki","description":"Sun\u010dana frekvencija Hercegovine","publisher":{"@id":"https:\/\/radioljubuski.ba\/#organization"},"potentialAction":[{"@type":"SearchAction","target":{"@type":"EntryPoint","urlTemplate":"https:\/\/radioljubuski.ba\/?s={search_term_string}"},"query-input":{"@type":"PropertyValueSpecification","valueRequired":true,"valueName":"search_term_string"}}],"inLanguage":"hr"},{"@type":"Organization","@id":"https:\/\/radioljubuski.ba\/#organization","name":"Radio Ljubu\u0161ki","url":"https:\/\/radioljubuski.ba\/","logo":{"@type":"ImageObject","inLanguage":"hr","@id":"https:\/\/radioljubuski.ba\/#\/schema\/logo\/image\/","url":"https:\/\/radioljubuski.ba\/wp-content\/uploads\/2021\/02\/cropped-Radio_Ljubuski_logo1.jpg","contentUrl":"https:\/\/radioljubuski.ba\/wp-content\/uploads\/2021\/02\/cropped-Radio_Ljubuski_logo1.jpg","width":512,"height":512,"caption":"Radio Ljubu\u0161ki"},"image":{"@id":"https:\/\/radioljubuski.ba\/#\/schema\/logo\/image\/"},"sameAs":["https:\/\/www.facebook.com\/Radiio-Ljubuski-1490835324566332","https:\/\/x.com\/radioljubuski","https:\/\/hr.linkedin.com\/company\/radio-ljubuski","https:\/\/www.youtube.com\/channel\/UCHYaeO_n0Db3tjNGudGpXyw"]},{"@type":"Person","@id":"https:\/\/radioljubuski.ba\/#\/schema\/person\/19fc700381a780f69665d7956c469e3b","name":"Radio Ljubu\u0161ki"}]}},"_links":{"self":[{"href":"https:\/\/radioljubuski.ba\/index.php\/wp-json\/wp\/v2\/posts\/140588","targetHints":{"allow":["GET"]}}],"collection":[{"href":"https:\/\/radioljubuski.ba\/index.php\/wp-json\/wp\/v2\/posts"}],"about":[{"href":"https:\/\/radioljubuski.ba\/index.php\/wp-json\/wp\/v2\/types\/post"}],"author":[{"embeddable":true,"href":"https:\/\/radioljubuski.ba\/index.php\/wp-json\/wp\/v2\/users\/2"}],"replies":[{"embeddable":true,"href":"https:\/\/radioljubuski.ba\/index.php\/wp-json\/wp\/v2\/comments?post=140588"}],"version-history":[{"count":1,"href":"https:\/\/radioljubuski.ba\/index.php\/wp-json\/wp\/v2\/posts\/140588\/revisions"}],"predecessor-version":[{"id":140590,"href":"https:\/\/radioljubuski.ba\/index.php\/wp-json\/wp\/v2\/posts\/140588\/revisions\/140590"}],"wp:featuredmedia":[{"embeddable":true,"href":"https:\/\/radioljubuski.ba\/index.php\/wp-json\/wp\/v2\/media\/140589"}],"wp:attachment":[{"href":"https:\/\/radioljubuski.ba\/index.php\/wp-json\/wp\/v2\/media?parent=140588"}],"wp:term":[{"taxonomy":"category","embeddable":true,"href":"https:\/\/radioljubuski.ba\/index.php\/wp-json\/wp\/v2\/categories?post=140588"},{"taxonomy":"post_tag","embeddable":true,"href":"https:\/\/radioljubuski.ba\/index.php\/wp-json\/wp\/v2\/tags?post=140588"}],"curies":[{"name":"wp","href":"https:\/\/api.w.org\/{rel}","templated":true}]}}