{"id":140661,"date":"2022-05-12T10:19:32","date_gmt":"2022-05-12T09:19:32","guid":{"rendered":"https:\/\/radioljubuski.ba\/?p=140661"},"modified":"2022-05-12T10:19:32","modified_gmt":"2022-05-12T09:19:32","slug":"petra-martic-pobijedila-petu-tenisacicu-svijeta-za-osminu-finala-u-rimu","status":"publish","type":"post","link":"https:\/\/radioljubuski.ba\/index.php\/2022\/05\/12\/petra-martic-pobijedila-petu-tenisacicu-svijeta-za-osminu-finala-u-rimu\/","title":{"rendered":"Petra Marti\u0107 pobijedila petu tenisa\u010dicu svijeta za osminu finala u Rimu"},"content":{"rendered":"\n<p>Najbolja hrvatska tenisa\u010dica Petra Marti\u0107 (WTA \u2013 47.) plasirala se u osminu finala WTA 1000 turnira u Rimu, gdje je sa 6:2, 6:3 svladala petu tenisa\u010dicu svijeta, Estonku Anett Kontaveit, a za pobjedu je trebala 81. minutu.<\/p>\n\n\n\n<p>Bio je to njihov&nbsp;tre\u0107i me\u0111usobni dvoboj&nbsp;i druga pobjeda Du\u0107anke koja u Rimu brani pro\u0161logodi\u0161nje polufinale. Na tom putu \u0107e joj sljede\u0107a suparnica biti bolja iz dvoboja Kana\u0111anke Biance Andreescu (WTA \u2013 90.) i \u0160panjolke Nurije Parrizas-Diaz (WTA \u2013 51.).<\/p>\n\n\n\n<p>Za svoju petu pobjedu u karijeri&nbsp;nad nekom Top 10 igra\u010dicom,&nbsp;a prvu nakon Roland Garrosa 2019., gdje je na putu do \u010detvrtfinala svladala tada drugu tenisa\u010dicu svijeta, \u010cehinju Karolinu Pli\u0161kovu, 31-godi\u0161nja&nbsp;Marti\u0107 je iskoristila \u010dak sedam od 11 prilika&nbsp;za break, tako da je 26-godi\u0161nja Estonka u cijelom me\u010du samo dvaput uspjela osvojiti gem na po\u010detnom udarcu, po jednom u prvom i drugom setu.<\/p>\n\n\n\n<p>Kontaveit je bolje u\u0161la u me\u010d i povela 2:0, ali je&nbsp;Marti\u0107 odmah uzvratila breakom, \u0161to je bio po\u010detak niza od \u0161est uzastopnih gemova koji su joj nakon 36 minuta igre donijeli prvi set.<\/p>\n\n\n\n<p>U po\u010detna dva gema drugog seta&nbsp;obje su tenisa\u010dice spasile&nbsp;po jednu break-loptu, nakon \u010dega je uslijedio niz od pet gemova u kojem su jedna drugoj oduzimale servis. Marti\u0107 je prekinula taj trend osvojiv\u0161i gem za vodstvo 5:3, da bi na prvu me\u010d-loptu, nakon jednog od brojnih proma\u0161aja Kontaveit,&nbsp;do\u0161la do velike pobjede.<\/p>\n\n\n\n<p>Marti\u0107 se cijeli me\u010d&nbsp;odli\u010dno branila, a sjajno je koristila skra\u0107ene lopte na koje Estonka nije imala pravi odgovor jer bi \u010desto grije\u0161ila ili slala loptu ravno na reket hrvatske tenisa\u010dice koja bi potom poentirala.<\/p>\n\n\n\n<p>Takti\u010dki je Marti\u0107 bila besprijekorna, pogotovo u prijelomnim trenucima me\u010da, a i Kontaveit joj je pomogla s pet dvostrukih pogre\u0161aka i realizacijom prvog servisa od samo 37%.<\/p>\n\n\n\n<p>Izvor:pogled.ba<\/p>\n","protected":false},"excerpt":{"rendered":"<p>Najbolja hrvatska tenisa\u010dica Petra Marti\u0107 (WTA \u2013 47.) plasirala se u osminu finala WTA 1000 turnira u Rimu, gdje je sa 6:2, 6:3 svladala petu tenisa\u010dicu svijeta, Estonku Anett Kontaveit, a za pobjedu je trebala 81. minutu. Bio je to njihov&nbsp;tre\u0107i me\u0111usobni dvoboj&nbsp;i druga pobjeda Du\u0107anke koja u Rimu brani pro\u0161logodi\u0161nje polufinale. Na tom putu [&hellip;]<\/p>\n","protected":false},"author":2,"featured_media":37166,"comment_status":"closed","ping_status":"closed","sticky":false,"template":"","format":"standard","meta":{"h5ap_radio_sources":[],"footnotes":""},"categories":[7],"tags":[],"class_list":["post-140661","post","type-post","status-publish","format-standard","has-post-thumbnail","hentry","category-sport"],"yoast_head":"<!-- This site is optimized with the Yoast SEO plugin v27.4 - https:\/\/yoast.com\/product\/yoast-seo-wordpress\/ -->\n<title>Petra Marti\u0107 pobijedila petu tenisa\u010dicu svijeta za osminu finala u Rimu - RADIO LJUBU\u0160KI<\/title>\n<meta name=\"robots\" content=\"index, follow, max-snippet:-1, max-image-preview:large, max-video-preview:-1\" \/>\n<link rel=\"canonical\" href=\"https:\/\/radioljubuski.ba\/index.php\/2022\/05\/12\/petra-martic-pobijedila-petu-tenisacicu-svijeta-za-osminu-finala-u-rimu\/\" \/>\n<meta property=\"og:locale\" content=\"hr_HR\" \/>\n<meta property=\"og:type\" content=\"article\" \/>\n<meta property=\"og:title\" content=\"Petra Marti\u0107 pobijedila petu tenisa\u010dicu svijeta za osminu finala u Rimu - RADIO LJUBU\u0160KI\" \/>\n<meta property=\"og:description\" content=\"Najbolja hrvatska tenisa\u010dica Petra Marti\u0107 (WTA \u2013 47.) plasirala se u osminu finala WTA 1000 turnira u Rimu, gdje je sa 6:2, 6:3 svladala petu tenisa\u010dicu svijeta, Estonku Anett Kontaveit, a za pobjedu je trebala 81. minutu. Bio je to njihov&nbsp;tre\u0107i me\u0111usobni dvoboj&nbsp;i druga pobjeda Du\u0107anke koja u Rimu brani pro\u0161logodi\u0161nje polufinale. Na tom putu [&hellip;]\" \/>\n<meta property=\"og:url\" content=\"https:\/\/radioljubuski.ba\/index.php\/2022\/05\/12\/petra-martic-pobijedila-petu-tenisacicu-svijeta-za-osminu-finala-u-rimu\/\" \/>\n<meta property=\"og:site_name\" content=\"RADIO LJUBU\u0160KI\" \/>\n<meta property=\"article:publisher\" content=\"https:\/\/www.facebook.com\/Radiio-Ljubuski-1490835324566332\" \/>\n<meta property=\"article:published_time\" content=\"2022-05-12T09:19:32+00:00\" \/>\n<meta property=\"og:image\" content=\"https:\/\/radioljubuski.ba\/wp-content\/uploads\/2021\/06\/petra-martic-310x165-1.jpg\" \/>\n\t<meta property=\"og:image:width\" content=\"310\" \/>\n\t<meta property=\"og:image:height\" content=\"165\" \/>\n\t<meta property=\"og:image:type\" content=\"image\/jpeg\" \/>\n<meta name=\"author\" content=\"Radio Ljubu\u0161ki\" \/>\n<meta name=\"twitter:card\" content=\"summary_large_image\" \/>\n<meta name=\"twitter:creator\" content=\"@radioljubuski\" \/>\n<meta name=\"twitter:site\" content=\"@radioljubuski\" \/>\n<meta name=\"twitter:label1\" content=\"Napisao\/la\" \/>\n\t<meta name=\"twitter:data1\" content=\"Radio Ljubu\u0161ki\" \/>\n\t<meta name=\"twitter:label2\" content=\"Procijenjeno vrijeme \u010ditanja\" \/>\n\t<meta name=\"twitter:data2\" content=\"2 minute\" \/>\n<script type=\"application\/ld+json\" class=\"yoast-schema-graph\">{\"@context\":\"https:\\\/\\\/schema.org\",\"@graph\":[{\"@type\":\"Article\",\"@id\":\"https:\\\/\\\/radioljubuski.ba\\\/index.php\\\/2022\\\/05\\\/12\\\/petra-martic-pobijedila-petu-tenisacicu-svijeta-za-osminu-finala-u-rimu\\\/#article\",\"isPartOf\":{\"@id\":\"https:\\\/\\\/radioljubuski.ba\\\/index.php\\\/2022\\\/05\\\/12\\\/petra-martic-pobijedila-petu-tenisacicu-svijeta-za-osminu-finala-u-rimu\\\/\"},\"author\":{\"name\":\"Radio Ljubu\u0161ki\",\"@id\":\"https:\\\/\\\/radioljubuski.ba\\\/#\\\/schema\\\/person\\\/19fc700381a780f69665d7956c469e3b\"},\"headline\":\"Petra Marti\u0107 pobijedila petu tenisa\u010dicu svijeta za osminu finala u Rimu\",\"datePublished\":\"2022-05-12T09:19:32+00:00\",\"mainEntityOfPage\":{\"@id\":\"https:\\\/\\\/radioljubuski.ba\\\/index.php\\\/2022\\\/05\\\/12\\\/petra-martic-pobijedila-petu-tenisacicu-svijeta-za-osminu-finala-u-rimu\\\/\"},\"wordCount\":332,\"publisher\":{\"@id\":\"https:\\\/\\\/radioljubuski.ba\\\/#organization\"},\"image\":{\"@id\":\"https:\\\/\\\/radioljubuski.ba\\\/index.php\\\/2022\\\/05\\\/12\\\/petra-martic-pobijedila-petu-tenisacicu-svijeta-za-osminu-finala-u-rimu\\\/#primaryimage\"},\"thumbnailUrl\":\"https:\\\/\\\/radioljubuski.ba\\\/wp-content\\\/uploads\\\/2021\\\/06\\\/petra-martic-310x165-1.jpg\",\"articleSection\":[\"\u0160port\"],\"inLanguage\":\"hr\"},{\"@type\":\"WebPage\",\"@id\":\"https:\\\/\\\/radioljubuski.ba\\\/index.php\\\/2022\\\/05\\\/12\\\/petra-martic-pobijedila-petu-tenisacicu-svijeta-za-osminu-finala-u-rimu\\\/\",\"url\":\"https:\\\/\\\/radioljubuski.ba\\\/index.php\\\/2022\\\/05\\\/12\\\/petra-martic-pobijedila-petu-tenisacicu-svijeta-za-osminu-finala-u-rimu\\\/\",\"name\":\"Petra Marti\u0107 pobijedila petu tenisa\u010dicu svijeta za osminu finala u Rimu - RADIO LJUBU\u0160KI\",\"isPartOf\":{\"@id\":\"https:\\\/\\\/radioljubuski.ba\\\/#website\"},\"primaryImageOfPage\":{\"@id\":\"https:\\\/\\\/radioljubuski.ba\\\/index.php\\\/2022\\\/05\\\/12\\\/petra-martic-pobijedila-petu-tenisacicu-svijeta-za-osminu-finala-u-rimu\\\/#primaryimage\"},\"image\":{\"@id\":\"https:\\\/\\\/radioljubuski.ba\\\/index.php\\\/2022\\\/05\\\/12\\\/petra-martic-pobijedila-petu-tenisacicu-svijeta-za-osminu-finala-u-rimu\\\/#primaryimage\"},\"thumbnailUrl\":\"https:\\\/\\\/radioljubuski.ba\\\/wp-content\\\/uploads\\\/2021\\\/06\\\/petra-martic-310x165-1.jpg\",\"datePublished\":\"2022-05-12T09:19:32+00:00\",\"breadcrumb\":{\"@id\":\"https:\\\/\\\/radioljubuski.ba\\\/index.php\\\/2022\\\/05\\\/12\\\/petra-martic-pobijedila-petu-tenisacicu-svijeta-za-osminu-finala-u-rimu\\\/#breadcrumb\"},\"inLanguage\":\"hr\",\"potentialAction\":[{\"@type\":\"ReadAction\",\"target\":[\"https:\\\/\\\/radioljubuski.ba\\\/index.php\\\/2022\\\/05\\\/12\\\/petra-martic-pobijedila-petu-tenisacicu-svijeta-za-osminu-finala-u-rimu\\\/\"]}]},{\"@type\":\"ImageObject\",\"inLanguage\":\"hr\",\"@id\":\"https:\\\/\\\/radioljubuski.ba\\\/index.php\\\/2022\\\/05\\\/12\\\/petra-martic-pobijedila-petu-tenisacicu-svijeta-za-osminu-finala-u-rimu\\\/#primaryimage\",\"url\":\"https:\\\/\\\/radioljubuski.ba\\\/wp-content\\\/uploads\\\/2021\\\/06\\\/petra-martic-310x165-1.jpg\",\"contentUrl\":\"https:\\\/\\\/radioljubuski.ba\\\/wp-content\\\/uploads\\\/2021\\\/06\\\/petra-martic-310x165-1.jpg\",\"width\":310,\"height\":165},{\"@type\":\"BreadcrumbList\",\"@id\":\"https:\\\/\\\/radioljubuski.ba\\\/index.php\\\/2022\\\/05\\\/12\\\/petra-martic-pobijedila-petu-tenisacicu-svijeta-za-osminu-finala-u-rimu\\\/#breadcrumb\",\"itemListElement\":[{\"@type\":\"ListItem\",\"position\":1,\"name\":\"Po\u010detna stranica\",\"item\":\"https:\\\/\\\/radioljubuski.ba\\\/\"},{\"@type\":\"ListItem\",\"position\":2,\"name\":\"Petra Marti\u0107 pobijedila petu tenisa\u010dicu svijeta za osminu finala u Rimu\"}]},{\"@type\":\"WebSite\",\"@id\":\"https:\\\/\\\/radioljubuski.ba\\\/#website\",\"url\":\"https:\\\/\\\/radioljubuski.ba\\\/\",\"name\":\"Radio Ljubu\u0161ki\",\"description\":\"Sun\u010dana frekvencija Hercegovine\",\"publisher\":{\"@id\":\"https:\\\/\\\/radioljubuski.ba\\\/#organization\"},\"potentialAction\":[{\"@type\":\"SearchAction\",\"target\":{\"@type\":\"EntryPoint\",\"urlTemplate\":\"https:\\\/\\\/radioljubuski.ba\\\/?s={search_term_string}\"},\"query-input\":{\"@type\":\"PropertyValueSpecification\",\"valueRequired\":true,\"valueName\":\"search_term_string\"}}],\"inLanguage\":\"hr\"},{\"@type\":\"Organization\",\"@id\":\"https:\\\/\\\/radioljubuski.ba\\\/#organization\",\"name\":\"Radio Ljubu\u0161ki\",\"url\":\"https:\\\/\\\/radioljubuski.ba\\\/\",\"logo\":{\"@type\":\"ImageObject\",\"inLanguage\":\"hr\",\"@id\":\"https:\\\/\\\/radioljubuski.ba\\\/#\\\/schema\\\/logo\\\/image\\\/\",\"url\":\"https:\\\/\\\/radioljubuski.ba\\\/wp-content\\\/uploads\\\/2021\\\/02\\\/cropped-Radio_Ljubuski_logo1.jpg\",\"contentUrl\":\"https:\\\/\\\/radioljubuski.ba\\\/wp-content\\\/uploads\\\/2021\\\/02\\\/cropped-Radio_Ljubuski_logo1.jpg\",\"width\":512,\"height\":512,\"caption\":\"Radio Ljubu\u0161ki\"},\"image\":{\"@id\":\"https:\\\/\\\/radioljubuski.ba\\\/#\\\/schema\\\/logo\\\/image\\\/\"},\"sameAs\":[\"https:\\\/\\\/www.facebook.com\\\/Radiio-Ljubuski-1490835324566332\",\"https:\\\/\\\/x.com\\\/radioljubuski\",\"https:\\\/\\\/hr.linkedin.com\\\/company\\\/radio-ljubuski\",\"https:\\\/\\\/www.youtube.com\\\/channel\\\/UCHYaeO_n0Db3tjNGudGpXyw\"]},{\"@type\":\"Person\",\"@id\":\"https:\\\/\\\/radioljubuski.ba\\\/#\\\/schema\\\/person\\\/19fc700381a780f69665d7956c469e3b\",\"name\":\"Radio Ljubu\u0161ki\"}]}<\/script>\n<!-- \/ Yoast SEO plugin. -->","yoast_head_json":{"title":"Petra Marti\u0107 pobijedila petu tenisa\u010dicu svijeta za osminu finala u Rimu - RADIO LJUBU\u0160KI","robots":{"index":"index","follow":"follow","max-snippet":"max-snippet:-1","max-image-preview":"max-image-preview:large","max-video-preview":"max-video-preview:-1"},"canonical":"https:\/\/radioljubuski.ba\/index.php\/2022\/05\/12\/petra-martic-pobijedila-petu-tenisacicu-svijeta-za-osminu-finala-u-rimu\/","og_locale":"hr_HR","og_type":"article","og_title":"Petra Marti\u0107 pobijedila petu tenisa\u010dicu svijeta za osminu finala u Rimu - RADIO LJUBU\u0160KI","og_description":"Najbolja hrvatska tenisa\u010dica Petra Marti\u0107 (WTA \u2013 47.) plasirala se u osminu finala WTA 1000 turnira u Rimu, gdje je sa 6:2, 6:3 svladala petu tenisa\u010dicu svijeta, Estonku Anett Kontaveit, a za pobjedu je trebala 81. minutu. Bio je to njihov&nbsp;tre\u0107i me\u0111usobni dvoboj&nbsp;i druga pobjeda Du\u0107anke koja u Rimu brani pro\u0161logodi\u0161nje polufinale. Na tom putu [&hellip;]","og_url":"https:\/\/radioljubuski.ba\/index.php\/2022\/05\/12\/petra-martic-pobijedila-petu-tenisacicu-svijeta-za-osminu-finala-u-rimu\/","og_site_name":"RADIO LJUBU\u0160KI","article_publisher":"https:\/\/www.facebook.com\/Radiio-Ljubuski-1490835324566332","article_published_time":"2022-05-12T09:19:32+00:00","og_image":[{"width":310,"height":165,"url":"https:\/\/radioljubuski.ba\/wp-content\/uploads\/2021\/06\/petra-martic-310x165-1.jpg","type":"image\/jpeg"}],"author":"Radio Ljubu\u0161ki","twitter_card":"summary_large_image","twitter_creator":"@radioljubuski","twitter_site":"@radioljubuski","twitter_misc":{"Napisao\/la":"Radio Ljubu\u0161ki","Procijenjeno vrijeme \u010ditanja":"2 minute"},"schema":{"@context":"https:\/\/schema.org","@graph":[{"@type":"Article","@id":"https:\/\/radioljubuski.ba\/index.php\/2022\/05\/12\/petra-martic-pobijedila-petu-tenisacicu-svijeta-za-osminu-finala-u-rimu\/#article","isPartOf":{"@id":"https:\/\/radioljubuski.ba\/index.php\/2022\/05\/12\/petra-martic-pobijedila-petu-tenisacicu-svijeta-za-osminu-finala-u-rimu\/"},"author":{"name":"Radio Ljubu\u0161ki","@id":"https:\/\/radioljubuski.ba\/#\/schema\/person\/19fc700381a780f69665d7956c469e3b"},"headline":"Petra Marti\u0107 pobijedila petu tenisa\u010dicu svijeta za osminu finala u Rimu","datePublished":"2022-05-12T09:19:32+00:00","mainEntityOfPage":{"@id":"https:\/\/radioljubuski.ba\/index.php\/2022\/05\/12\/petra-martic-pobijedila-petu-tenisacicu-svijeta-za-osminu-finala-u-rimu\/"},"wordCount":332,"publisher":{"@id":"https:\/\/radioljubuski.ba\/#organization"},"image":{"@id":"https:\/\/radioljubuski.ba\/index.php\/2022\/05\/12\/petra-martic-pobijedila-petu-tenisacicu-svijeta-za-osminu-finala-u-rimu\/#primaryimage"},"thumbnailUrl":"https:\/\/radioljubuski.ba\/wp-content\/uploads\/2021\/06\/petra-martic-310x165-1.jpg","articleSection":["\u0160port"],"inLanguage":"hr"},{"@type":"WebPage","@id":"https:\/\/radioljubuski.ba\/index.php\/2022\/05\/12\/petra-martic-pobijedila-petu-tenisacicu-svijeta-za-osminu-finala-u-rimu\/","url":"https:\/\/radioljubuski.ba\/index.php\/2022\/05\/12\/petra-martic-pobijedila-petu-tenisacicu-svijeta-za-osminu-finala-u-rimu\/","name":"Petra Marti\u0107 pobijedila petu tenisa\u010dicu svijeta za osminu finala u Rimu - RADIO LJUBU\u0160KI","isPartOf":{"@id":"https:\/\/radioljubuski.ba\/#website"},"primaryImageOfPage":{"@id":"https:\/\/radioljubuski.ba\/index.php\/2022\/05\/12\/petra-martic-pobijedila-petu-tenisacicu-svijeta-za-osminu-finala-u-rimu\/#primaryimage"},"image":{"@id":"https:\/\/radioljubuski.ba\/index.php\/2022\/05\/12\/petra-martic-pobijedila-petu-tenisacicu-svijeta-za-osminu-finala-u-rimu\/#primaryimage"},"thumbnailUrl":"https:\/\/radioljubuski.ba\/wp-content\/uploads\/2021\/06\/petra-martic-310x165-1.jpg","datePublished":"2022-05-12T09:19:32+00:00","breadcrumb":{"@id":"https:\/\/radioljubuski.ba\/index.php\/2022\/05\/12\/petra-martic-pobijedila-petu-tenisacicu-svijeta-za-osminu-finala-u-rimu\/#breadcrumb"},"inLanguage":"hr","potentialAction":[{"@type":"ReadAction","target":["https:\/\/radioljubuski.ba\/index.php\/2022\/05\/12\/petra-martic-pobijedila-petu-tenisacicu-svijeta-za-osminu-finala-u-rimu\/"]}]},{"@type":"ImageObject","inLanguage":"hr","@id":"https:\/\/radioljubuski.ba\/index.php\/2022\/05\/12\/petra-martic-pobijedila-petu-tenisacicu-svijeta-za-osminu-finala-u-rimu\/#primaryimage","url":"https:\/\/radioljubuski.ba\/wp-content\/uploads\/2021\/06\/petra-martic-310x165-1.jpg","contentUrl":"https:\/\/radioljubuski.ba\/wp-content\/uploads\/2021\/06\/petra-martic-310x165-1.jpg","width":310,"height":165},{"@type":"BreadcrumbList","@id":"https:\/\/radioljubuski.ba\/index.php\/2022\/05\/12\/petra-martic-pobijedila-petu-tenisacicu-svijeta-za-osminu-finala-u-rimu\/#breadcrumb","itemListElement":[{"@type":"ListItem","position":1,"name":"Po\u010detna stranica","item":"https:\/\/radioljubuski.ba\/"},{"@type":"ListItem","position":2,"name":"Petra Marti\u0107 pobijedila petu tenisa\u010dicu svijeta za osminu finala u Rimu"}]},{"@type":"WebSite","@id":"https:\/\/radioljubuski.ba\/#website","url":"https:\/\/radioljubuski.ba\/","name":"Radio Ljubu\u0161ki","description":"Sun\u010dana frekvencija Hercegovine","publisher":{"@id":"https:\/\/radioljubuski.ba\/#organization"},"potentialAction":[{"@type":"SearchAction","target":{"@type":"EntryPoint","urlTemplate":"https:\/\/radioljubuski.ba\/?s={search_term_string}"},"query-input":{"@type":"PropertyValueSpecification","valueRequired":true,"valueName":"search_term_string"}}],"inLanguage":"hr"},{"@type":"Organization","@id":"https:\/\/radioljubuski.ba\/#organization","name":"Radio Ljubu\u0161ki","url":"https:\/\/radioljubuski.ba\/","logo":{"@type":"ImageObject","inLanguage":"hr","@id":"https:\/\/radioljubuski.ba\/#\/schema\/logo\/image\/","url":"https:\/\/radioljubuski.ba\/wp-content\/uploads\/2021\/02\/cropped-Radio_Ljubuski_logo1.jpg","contentUrl":"https:\/\/radioljubuski.ba\/wp-content\/uploads\/2021\/02\/cropped-Radio_Ljubuski_logo1.jpg","width":512,"height":512,"caption":"Radio Ljubu\u0161ki"},"image":{"@id":"https:\/\/radioljubuski.ba\/#\/schema\/logo\/image\/"},"sameAs":["https:\/\/www.facebook.com\/Radiio-Ljubuski-1490835324566332","https:\/\/x.com\/radioljubuski","https:\/\/hr.linkedin.com\/company\/radio-ljubuski","https:\/\/www.youtube.com\/channel\/UCHYaeO_n0Db3tjNGudGpXyw"]},{"@type":"Person","@id":"https:\/\/radioljubuski.ba\/#\/schema\/person\/19fc700381a780f69665d7956c469e3b","name":"Radio Ljubu\u0161ki"}]}},"_links":{"self":[{"href":"https:\/\/radioljubuski.ba\/index.php\/wp-json\/wp\/v2\/posts\/140661","targetHints":{"allow":["GET"]}}],"collection":[{"href":"https:\/\/radioljubuski.ba\/index.php\/wp-json\/wp\/v2\/posts"}],"about":[{"href":"https:\/\/radioljubuski.ba\/index.php\/wp-json\/wp\/v2\/types\/post"}],"author":[{"embeddable":true,"href":"https:\/\/radioljubuski.ba\/index.php\/wp-json\/wp\/v2\/users\/2"}],"replies":[{"embeddable":true,"href":"https:\/\/radioljubuski.ba\/index.php\/wp-json\/wp\/v2\/comments?post=140661"}],"version-history":[{"count":1,"href":"https:\/\/radioljubuski.ba\/index.php\/wp-json\/wp\/v2\/posts\/140661\/revisions"}],"predecessor-version":[{"id":140662,"href":"https:\/\/radioljubuski.ba\/index.php\/wp-json\/wp\/v2\/posts\/140661\/revisions\/140662"}],"wp:featuredmedia":[{"embeddable":true,"href":"https:\/\/radioljubuski.ba\/index.php\/wp-json\/wp\/v2\/media\/37166"}],"wp:attachment":[{"href":"https:\/\/radioljubuski.ba\/index.php\/wp-json\/wp\/v2\/media?parent=140661"}],"wp:term":[{"taxonomy":"category","embeddable":true,"href":"https:\/\/radioljubuski.ba\/index.php\/wp-json\/wp\/v2\/categories?post=140661"},{"taxonomy":"post_tag","embeddable":true,"href":"https:\/\/radioljubuski.ba\/index.php\/wp-json\/wp\/v2\/tags?post=140661"}],"curies":[{"name":"wp","href":"https:\/\/api.w.org\/{rel}","templated":true}]}}