{"id":140665,"date":"2022-05-12T10:21:57","date_gmt":"2022-05-12T09:21:57","guid":{"rendered":"https:\/\/radioljubuski.ba\/?p=140665"},"modified":"2022-05-12T10:21:58","modified_gmt":"2022-05-12T09:21:58","slug":"poznato-je-tko-ce-suditi-finale-lige-prvaka","status":"publish","type":"post","link":"https:\/\/radioljubuski.ba\/index.php\/2022\/05\/12\/poznato-je-tko-ce-suditi-finale-lige-prvaka\/","title":{"rendered":"Poznato je tko \u0107e suditi finale Lige prvaka"},"content":{"rendered":"\n<p>Finale nogometne Lige prvaka izme\u0111u Liverpoola i Real Madrida sudit \u0107e francuski sudac&nbsp;Clement Turpin, odlu\u010dila je Uefina suda\u010dka komisija.<\/p>\n\n\n\n<p>Utakmica se igra na stadionu Stade de Franceu 28. svibnja od 21 sat.<br><br>Francuskom djelitelju pravde to \u0107e biti prvi finale Lige prvaka kao glavnom sucu, 2018. godine je bio \u010detvrti sudac. Prvi je Francuz od 1986. godine koji \u0107e suditi finale europskog natjecanja.<\/p>\n\n\n\n<p>Finale Europske lige sudit \u0107e Slovenac&nbsp;Slavko Vin\u010di\u0107, a Konferencijske lige Rumunj&nbsp;Istvan Kovacs.<\/p>\n\n\n\n<p>Izvor:pogled.ba<\/p>\n","protected":false},"excerpt":{"rendered":"<p>Finale nogometne Lige prvaka izme\u0111u Liverpoola i Real Madrida sudit \u0107e francuski sudac&nbsp;Clement Turpin, odlu\u010dila je Uefina suda\u010dka komisija. Utakmica se igra na stadionu Stade de Franceu 28. svibnja od 21 sat. Francuskom djelitelju pravde to \u0107e biti prvi finale Lige prvaka kao glavnom sucu, 2018. godine je bio \u010detvrti sudac. Prvi je Francuz od [&hellip;]<\/p>\n","protected":false},"author":2,"featured_media":140666,"comment_status":"closed","ping_status":"closed","sticky":false,"template":"","format":"standard","meta":{"h5ap_radio_sources":[],"footnotes":""},"categories":[7],"tags":[],"class_list":["post-140665","post","type-post","status-publish","format-standard","has-post-thumbnail","hentry","category-sport"],"yoast_head":"<!-- This site is optimized with the Yoast SEO plugin v27.4 - https:\/\/yoast.com\/product\/yoast-seo-wordpress\/ -->\n<title>Poznato je tko \u0107e suditi finale Lige prvaka - RADIO LJUBU\u0160KI<\/title>\n<meta name=\"robots\" content=\"index, follow, max-snippet:-1, max-image-preview:large, max-video-preview:-1\" \/>\n<link rel=\"canonical\" href=\"https:\/\/radioljubuski.ba\/index.php\/2022\/05\/12\/poznato-je-tko-ce-suditi-finale-lige-prvaka\/\" \/>\n<meta property=\"og:locale\" content=\"hr_HR\" \/>\n<meta property=\"og:type\" content=\"article\" \/>\n<meta property=\"og:title\" content=\"Poznato je tko \u0107e suditi finale Lige prvaka - RADIO LJUBU\u0160KI\" \/>\n<meta property=\"og:description\" content=\"Finale nogometne Lige prvaka izme\u0111u Liverpoola i Real Madrida sudit \u0107e francuski sudac&nbsp;Clement Turpin, odlu\u010dila je Uefina suda\u010dka komisija. Utakmica se igra na stadionu Stade de Franceu 28. svibnja od 21 sat. Francuskom djelitelju pravde to \u0107e biti prvi finale Lige prvaka kao glavnom sucu, 2018. godine je bio \u010detvrti sudac. Prvi je Francuz od [&hellip;]\" \/>\n<meta property=\"og:url\" content=\"https:\/\/radioljubuski.ba\/index.php\/2022\/05\/12\/poznato-je-tko-ce-suditi-finale-lige-prvaka\/\" \/>\n<meta property=\"og:site_name\" content=\"RADIO LJUBU\u0160KI\" \/>\n<meta property=\"article:publisher\" content=\"https:\/\/www.facebook.com\/Radiio-Ljubuski-1490835324566332\" \/>\n<meta property=\"article:published_time\" content=\"2022-05-12T09:21:57+00:00\" \/>\n<meta property=\"article:modified_time\" content=\"2022-05-12T09:21:58+00:00\" \/>\n<meta property=\"og:image\" content=\"https:\/\/radioljubuski.ba\/wp-content\/uploads\/2022\/05\/10-2022-05-11-18-55-19-shutterstock-334867892-20210611093722.jpg\" \/>\n\t<meta property=\"og:image:width\" content=\"1000\" \/>\n\t<meta property=\"og:image:height\" content=\"625\" \/>\n\t<meta property=\"og:image:type\" content=\"image\/jpeg\" \/>\n<meta name=\"author\" content=\"Radio Ljubu\u0161ki\" \/>\n<meta name=\"twitter:card\" content=\"summary_large_image\" \/>\n<meta name=\"twitter:creator\" content=\"@radioljubuski\" \/>\n<meta name=\"twitter:site\" content=\"@radioljubuski\" \/>\n<meta name=\"twitter:label1\" content=\"Napisao\/la\" \/>\n\t<meta name=\"twitter:data1\" content=\"Radio Ljubu\u0161ki\" \/>\n\t<meta name=\"twitter:label2\" content=\"Procijenjeno vrijeme \u010ditanja\" \/>\n\t<meta name=\"twitter:data2\" content=\"1 minuta\" \/>\n<script type=\"application\/ld+json\" class=\"yoast-schema-graph\">{\"@context\":\"https:\\\/\\\/schema.org\",\"@graph\":[{\"@type\":\"Article\",\"@id\":\"https:\\\/\\\/radioljubuski.ba\\\/index.php\\\/2022\\\/05\\\/12\\\/poznato-je-tko-ce-suditi-finale-lige-prvaka\\\/#article\",\"isPartOf\":{\"@id\":\"https:\\\/\\\/radioljubuski.ba\\\/index.php\\\/2022\\\/05\\\/12\\\/poznato-je-tko-ce-suditi-finale-lige-prvaka\\\/\"},\"author\":{\"name\":\"Radio Ljubu\u0161ki\",\"@id\":\"https:\\\/\\\/radioljubuski.ba\\\/#\\\/schema\\\/person\\\/19fc700381a780f69665d7956c469e3b\"},\"headline\":\"Poznato je tko \u0107e suditi finale Lige prvaka\",\"datePublished\":\"2022-05-12T09:21:57+00:00\",\"dateModified\":\"2022-05-12T09:21:58+00:00\",\"mainEntityOfPage\":{\"@id\":\"https:\\\/\\\/radioljubuski.ba\\\/index.php\\\/2022\\\/05\\\/12\\\/poznato-je-tko-ce-suditi-finale-lige-prvaka\\\/\"},\"wordCount\":92,\"publisher\":{\"@id\":\"https:\\\/\\\/radioljubuski.ba\\\/#organization\"},\"image\":{\"@id\":\"https:\\\/\\\/radioljubuski.ba\\\/index.php\\\/2022\\\/05\\\/12\\\/poznato-je-tko-ce-suditi-finale-lige-prvaka\\\/#primaryimage\"},\"thumbnailUrl\":\"https:\\\/\\\/radioljubuski.ba\\\/wp-content\\\/uploads\\\/2022\\\/05\\\/10-2022-05-11-18-55-19-shutterstock-334867892-20210611093722.jpg\",\"articleSection\":[\"\u0160port\"],\"inLanguage\":\"hr\"},{\"@type\":\"WebPage\",\"@id\":\"https:\\\/\\\/radioljubuski.ba\\\/index.php\\\/2022\\\/05\\\/12\\\/poznato-je-tko-ce-suditi-finale-lige-prvaka\\\/\",\"url\":\"https:\\\/\\\/radioljubuski.ba\\\/index.php\\\/2022\\\/05\\\/12\\\/poznato-je-tko-ce-suditi-finale-lige-prvaka\\\/\",\"name\":\"Poznato je tko \u0107e suditi finale Lige prvaka - RADIO LJUBU\u0160KI\",\"isPartOf\":{\"@id\":\"https:\\\/\\\/radioljubuski.ba\\\/#website\"},\"primaryImageOfPage\":{\"@id\":\"https:\\\/\\\/radioljubuski.ba\\\/index.php\\\/2022\\\/05\\\/12\\\/poznato-je-tko-ce-suditi-finale-lige-prvaka\\\/#primaryimage\"},\"image\":{\"@id\":\"https:\\\/\\\/radioljubuski.ba\\\/index.php\\\/2022\\\/05\\\/12\\\/poznato-je-tko-ce-suditi-finale-lige-prvaka\\\/#primaryimage\"},\"thumbnailUrl\":\"https:\\\/\\\/radioljubuski.ba\\\/wp-content\\\/uploads\\\/2022\\\/05\\\/10-2022-05-11-18-55-19-shutterstock-334867892-20210611093722.jpg\",\"datePublished\":\"2022-05-12T09:21:57+00:00\",\"dateModified\":\"2022-05-12T09:21:58+00:00\",\"breadcrumb\":{\"@id\":\"https:\\\/\\\/radioljubuski.ba\\\/index.php\\\/2022\\\/05\\\/12\\\/poznato-je-tko-ce-suditi-finale-lige-prvaka\\\/#breadcrumb\"},\"inLanguage\":\"hr\",\"potentialAction\":[{\"@type\":\"ReadAction\",\"target\":[\"https:\\\/\\\/radioljubuski.ba\\\/index.php\\\/2022\\\/05\\\/12\\\/poznato-je-tko-ce-suditi-finale-lige-prvaka\\\/\"]}]},{\"@type\":\"ImageObject\",\"inLanguage\":\"hr\",\"@id\":\"https:\\\/\\\/radioljubuski.ba\\\/index.php\\\/2022\\\/05\\\/12\\\/poznato-je-tko-ce-suditi-finale-lige-prvaka\\\/#primaryimage\",\"url\":\"https:\\\/\\\/radioljubuski.ba\\\/wp-content\\\/uploads\\\/2022\\\/05\\\/10-2022-05-11-18-55-19-shutterstock-334867892-20210611093722.jpg\",\"contentUrl\":\"https:\\\/\\\/radioljubuski.ba\\\/wp-content\\\/uploads\\\/2022\\\/05\\\/10-2022-05-11-18-55-19-shutterstock-334867892-20210611093722.jpg\",\"width\":1000,\"height\":625},{\"@type\":\"BreadcrumbList\",\"@id\":\"https:\\\/\\\/radioljubuski.ba\\\/index.php\\\/2022\\\/05\\\/12\\\/poznato-je-tko-ce-suditi-finale-lige-prvaka\\\/#breadcrumb\",\"itemListElement\":[{\"@type\":\"ListItem\",\"position\":1,\"name\":\"Po\u010detna stranica\",\"item\":\"https:\\\/\\\/radioljubuski.ba\\\/\"},{\"@type\":\"ListItem\",\"position\":2,\"name\":\"Poznato je tko \u0107e suditi finale Lige prvaka\"}]},{\"@type\":\"WebSite\",\"@id\":\"https:\\\/\\\/radioljubuski.ba\\\/#website\",\"url\":\"https:\\\/\\\/radioljubuski.ba\\\/\",\"name\":\"Radio Ljubu\u0161ki\",\"description\":\"Sun\u010dana frekvencija Hercegovine\",\"publisher\":{\"@id\":\"https:\\\/\\\/radioljubuski.ba\\\/#organization\"},\"potentialAction\":[{\"@type\":\"SearchAction\",\"target\":{\"@type\":\"EntryPoint\",\"urlTemplate\":\"https:\\\/\\\/radioljubuski.ba\\\/?s={search_term_string}\"},\"query-input\":{\"@type\":\"PropertyValueSpecification\",\"valueRequired\":true,\"valueName\":\"search_term_string\"}}],\"inLanguage\":\"hr\"},{\"@type\":\"Organization\",\"@id\":\"https:\\\/\\\/radioljubuski.ba\\\/#organization\",\"name\":\"Radio Ljubu\u0161ki\",\"url\":\"https:\\\/\\\/radioljubuski.ba\\\/\",\"logo\":{\"@type\":\"ImageObject\",\"inLanguage\":\"hr\",\"@id\":\"https:\\\/\\\/radioljubuski.ba\\\/#\\\/schema\\\/logo\\\/image\\\/\",\"url\":\"https:\\\/\\\/radioljubuski.ba\\\/wp-content\\\/uploads\\\/2021\\\/02\\\/cropped-Radio_Ljubuski_logo1.jpg\",\"contentUrl\":\"https:\\\/\\\/radioljubuski.ba\\\/wp-content\\\/uploads\\\/2021\\\/02\\\/cropped-Radio_Ljubuski_logo1.jpg\",\"width\":512,\"height\":512,\"caption\":\"Radio Ljubu\u0161ki\"},\"image\":{\"@id\":\"https:\\\/\\\/radioljubuski.ba\\\/#\\\/schema\\\/logo\\\/image\\\/\"},\"sameAs\":[\"https:\\\/\\\/www.facebook.com\\\/Radiio-Ljubuski-1490835324566332\",\"https:\\\/\\\/x.com\\\/radioljubuski\",\"https:\\\/\\\/hr.linkedin.com\\\/company\\\/radio-ljubuski\",\"https:\\\/\\\/www.youtube.com\\\/channel\\\/UCHYaeO_n0Db3tjNGudGpXyw\"]},{\"@type\":\"Person\",\"@id\":\"https:\\\/\\\/radioljubuski.ba\\\/#\\\/schema\\\/person\\\/19fc700381a780f69665d7956c469e3b\",\"name\":\"Radio Ljubu\u0161ki\"}]}<\/script>\n<!-- \/ Yoast SEO plugin. -->","yoast_head_json":{"title":"Poznato je tko \u0107e suditi finale Lige prvaka - RADIO LJUBU\u0160KI","robots":{"index":"index","follow":"follow","max-snippet":"max-snippet:-1","max-image-preview":"max-image-preview:large","max-video-preview":"max-video-preview:-1"},"canonical":"https:\/\/radioljubuski.ba\/index.php\/2022\/05\/12\/poznato-je-tko-ce-suditi-finale-lige-prvaka\/","og_locale":"hr_HR","og_type":"article","og_title":"Poznato je tko \u0107e suditi finale Lige prvaka - RADIO LJUBU\u0160KI","og_description":"Finale nogometne Lige prvaka izme\u0111u Liverpoola i Real Madrida sudit \u0107e francuski sudac&nbsp;Clement Turpin, odlu\u010dila je Uefina suda\u010dka komisija. Utakmica se igra na stadionu Stade de Franceu 28. svibnja od 21 sat. Francuskom djelitelju pravde to \u0107e biti prvi finale Lige prvaka kao glavnom sucu, 2018. godine je bio \u010detvrti sudac. Prvi je Francuz od [&hellip;]","og_url":"https:\/\/radioljubuski.ba\/index.php\/2022\/05\/12\/poznato-je-tko-ce-suditi-finale-lige-prvaka\/","og_site_name":"RADIO LJUBU\u0160KI","article_publisher":"https:\/\/www.facebook.com\/Radiio-Ljubuski-1490835324566332","article_published_time":"2022-05-12T09:21:57+00:00","article_modified_time":"2022-05-12T09:21:58+00:00","og_image":[{"width":1000,"height":625,"url":"https:\/\/radioljubuski.ba\/wp-content\/uploads\/2022\/05\/10-2022-05-11-18-55-19-shutterstock-334867892-20210611093722.jpg","type":"image\/jpeg"}],"author":"Radio Ljubu\u0161ki","twitter_card":"summary_large_image","twitter_creator":"@radioljubuski","twitter_site":"@radioljubuski","twitter_misc":{"Napisao\/la":"Radio Ljubu\u0161ki","Procijenjeno vrijeme \u010ditanja":"1 minuta"},"schema":{"@context":"https:\/\/schema.org","@graph":[{"@type":"Article","@id":"https:\/\/radioljubuski.ba\/index.php\/2022\/05\/12\/poznato-je-tko-ce-suditi-finale-lige-prvaka\/#article","isPartOf":{"@id":"https:\/\/radioljubuski.ba\/index.php\/2022\/05\/12\/poznato-je-tko-ce-suditi-finale-lige-prvaka\/"},"author":{"name":"Radio Ljubu\u0161ki","@id":"https:\/\/radioljubuski.ba\/#\/schema\/person\/19fc700381a780f69665d7956c469e3b"},"headline":"Poznato je tko \u0107e suditi finale Lige prvaka","datePublished":"2022-05-12T09:21:57+00:00","dateModified":"2022-05-12T09:21:58+00:00","mainEntityOfPage":{"@id":"https:\/\/radioljubuski.ba\/index.php\/2022\/05\/12\/poznato-je-tko-ce-suditi-finale-lige-prvaka\/"},"wordCount":92,"publisher":{"@id":"https:\/\/radioljubuski.ba\/#organization"},"image":{"@id":"https:\/\/radioljubuski.ba\/index.php\/2022\/05\/12\/poznato-je-tko-ce-suditi-finale-lige-prvaka\/#primaryimage"},"thumbnailUrl":"https:\/\/radioljubuski.ba\/wp-content\/uploads\/2022\/05\/10-2022-05-11-18-55-19-shutterstock-334867892-20210611093722.jpg","articleSection":["\u0160port"],"inLanguage":"hr"},{"@type":"WebPage","@id":"https:\/\/radioljubuski.ba\/index.php\/2022\/05\/12\/poznato-je-tko-ce-suditi-finale-lige-prvaka\/","url":"https:\/\/radioljubuski.ba\/index.php\/2022\/05\/12\/poznato-je-tko-ce-suditi-finale-lige-prvaka\/","name":"Poznato je tko \u0107e suditi finale Lige prvaka - RADIO LJUBU\u0160KI","isPartOf":{"@id":"https:\/\/radioljubuski.ba\/#website"},"primaryImageOfPage":{"@id":"https:\/\/radioljubuski.ba\/index.php\/2022\/05\/12\/poznato-je-tko-ce-suditi-finale-lige-prvaka\/#primaryimage"},"image":{"@id":"https:\/\/radioljubuski.ba\/index.php\/2022\/05\/12\/poznato-je-tko-ce-suditi-finale-lige-prvaka\/#primaryimage"},"thumbnailUrl":"https:\/\/radioljubuski.ba\/wp-content\/uploads\/2022\/05\/10-2022-05-11-18-55-19-shutterstock-334867892-20210611093722.jpg","datePublished":"2022-05-12T09:21:57+00:00","dateModified":"2022-05-12T09:21:58+00:00","breadcrumb":{"@id":"https:\/\/radioljubuski.ba\/index.php\/2022\/05\/12\/poznato-je-tko-ce-suditi-finale-lige-prvaka\/#breadcrumb"},"inLanguage":"hr","potentialAction":[{"@type":"ReadAction","target":["https:\/\/radioljubuski.ba\/index.php\/2022\/05\/12\/poznato-je-tko-ce-suditi-finale-lige-prvaka\/"]}]},{"@type":"ImageObject","inLanguage":"hr","@id":"https:\/\/radioljubuski.ba\/index.php\/2022\/05\/12\/poznato-je-tko-ce-suditi-finale-lige-prvaka\/#primaryimage","url":"https:\/\/radioljubuski.ba\/wp-content\/uploads\/2022\/05\/10-2022-05-11-18-55-19-shutterstock-334867892-20210611093722.jpg","contentUrl":"https:\/\/radioljubuski.ba\/wp-content\/uploads\/2022\/05\/10-2022-05-11-18-55-19-shutterstock-334867892-20210611093722.jpg","width":1000,"height":625},{"@type":"BreadcrumbList","@id":"https:\/\/radioljubuski.ba\/index.php\/2022\/05\/12\/poznato-je-tko-ce-suditi-finale-lige-prvaka\/#breadcrumb","itemListElement":[{"@type":"ListItem","position":1,"name":"Po\u010detna stranica","item":"https:\/\/radioljubuski.ba\/"},{"@type":"ListItem","position":2,"name":"Poznato je tko \u0107e suditi finale Lige prvaka"}]},{"@type":"WebSite","@id":"https:\/\/radioljubuski.ba\/#website","url":"https:\/\/radioljubuski.ba\/","name":"Radio Ljubu\u0161ki","description":"Sun\u010dana frekvencija Hercegovine","publisher":{"@id":"https:\/\/radioljubuski.ba\/#organization"},"potentialAction":[{"@type":"SearchAction","target":{"@type":"EntryPoint","urlTemplate":"https:\/\/radioljubuski.ba\/?s={search_term_string}"},"query-input":{"@type":"PropertyValueSpecification","valueRequired":true,"valueName":"search_term_string"}}],"inLanguage":"hr"},{"@type":"Organization","@id":"https:\/\/radioljubuski.ba\/#organization","name":"Radio Ljubu\u0161ki","url":"https:\/\/radioljubuski.ba\/","logo":{"@type":"ImageObject","inLanguage":"hr","@id":"https:\/\/radioljubuski.ba\/#\/schema\/logo\/image\/","url":"https:\/\/radioljubuski.ba\/wp-content\/uploads\/2021\/02\/cropped-Radio_Ljubuski_logo1.jpg","contentUrl":"https:\/\/radioljubuski.ba\/wp-content\/uploads\/2021\/02\/cropped-Radio_Ljubuski_logo1.jpg","width":512,"height":512,"caption":"Radio Ljubu\u0161ki"},"image":{"@id":"https:\/\/radioljubuski.ba\/#\/schema\/logo\/image\/"},"sameAs":["https:\/\/www.facebook.com\/Radiio-Ljubuski-1490835324566332","https:\/\/x.com\/radioljubuski","https:\/\/hr.linkedin.com\/company\/radio-ljubuski","https:\/\/www.youtube.com\/channel\/UCHYaeO_n0Db3tjNGudGpXyw"]},{"@type":"Person","@id":"https:\/\/radioljubuski.ba\/#\/schema\/person\/19fc700381a780f69665d7956c469e3b","name":"Radio Ljubu\u0161ki"}]}},"_links":{"self":[{"href":"https:\/\/radioljubuski.ba\/index.php\/wp-json\/wp\/v2\/posts\/140665","targetHints":{"allow":["GET"]}}],"collection":[{"href":"https:\/\/radioljubuski.ba\/index.php\/wp-json\/wp\/v2\/posts"}],"about":[{"href":"https:\/\/radioljubuski.ba\/index.php\/wp-json\/wp\/v2\/types\/post"}],"author":[{"embeddable":true,"href":"https:\/\/radioljubuski.ba\/index.php\/wp-json\/wp\/v2\/users\/2"}],"replies":[{"embeddable":true,"href":"https:\/\/radioljubuski.ba\/index.php\/wp-json\/wp\/v2\/comments?post=140665"}],"version-history":[{"count":1,"href":"https:\/\/radioljubuski.ba\/index.php\/wp-json\/wp\/v2\/posts\/140665\/revisions"}],"predecessor-version":[{"id":140667,"href":"https:\/\/radioljubuski.ba\/index.php\/wp-json\/wp\/v2\/posts\/140665\/revisions\/140667"}],"wp:featuredmedia":[{"embeddable":true,"href":"https:\/\/radioljubuski.ba\/index.php\/wp-json\/wp\/v2\/media\/140666"}],"wp:attachment":[{"href":"https:\/\/radioljubuski.ba\/index.php\/wp-json\/wp\/v2\/media?parent=140665"}],"wp:term":[{"taxonomy":"category","embeddable":true,"href":"https:\/\/radioljubuski.ba\/index.php\/wp-json\/wp\/v2\/categories?post=140665"},{"taxonomy":"post_tag","embeddable":true,"href":"https:\/\/radioljubuski.ba\/index.php\/wp-json\/wp\/v2\/tags?post=140665"}],"curies":[{"name":"wp","href":"https:\/\/api.w.org\/{rel}","templated":true}]}}