{"id":140674,"date":"2022-05-12T10:25:52","date_gmt":"2022-05-12T09:25:52","guid":{"rendered":"https:\/\/radioljubuski.ba\/?p=140674"},"modified":"2022-05-12T10:25:53","modified_gmt":"2022-05-12T09:25:53","slug":"alcaraz-potvrdio-vracam-se-u-umag-braniti-naslov","status":"publish","type":"post","link":"https:\/\/radioljubuski.ba\/index.php\/2022\/05\/12\/alcaraz-potvrdio-vracam-se-u-umag-braniti-naslov\/","title":{"rendered":"Alcaraz potvrdio: Vra\u0107am se u Umag braniti naslov!"},"content":{"rendered":"\n<p>Svjetska teniska senzacija, 19-godi\u0161nji \u0160panjolac Carlos Alcaraz u \u010detvrtak je potvrdio svoj dolazak na ovogodi\u0161nje izdanje Plava Laguna Croatia Opena u Umagu, gdje \u0107e braniti naslov osvojen pro\u0161le godine, \u0161to mu je bio prvi ATP trofej u karijeri.<\/p>\n\n\n\n<p>&#8211; Zahvalan sam \u0161to vam mogu poru\u010diti da se ove godine vra\u0107am u Umag iz kojeg nosim lijepe uspomene. Nadam se da \u0107u obraniti naslov i da \u0107emo se vidjeti tamo, izjavio je Alcaraz u slu\u017ebenom priop\u0107enju organizatora jedinog hrvatskog ATP turnira koji \u0107e u uma\u0161kom Stella Marisu ove godine biti odr\u017ean od 22. do 31. srpnja.<\/p>\n\n\n\n<p>Mladi\u0107 iz Murcije zapo\u010deo je svoj meteorski uspon na ATP Touru ba\u0161 pro\u0161logodi\u0161njim naslovom u Umagu. U trenutku kad je u srpnju pro\u0161le godine osvajao uma\u0161ki naslov Alcaraz je bio na 73. mjestu pojedina\u010dne ATP ljestvice, a deset mjeseci poslije nalazi se na \u0161estom mjestu, nakon \u0161to je pro\u0161log tjedna u Madridu osvojio svoj drugi naslov na Masters 1000 turnirima te na putu do trofeja pobijedio Rafaela Nadala i Novaka \u0110okovi\u0107a, \u010dime je postao prvi tenisa\u010d kojemu je to uspjelo na turniru sa zemljanom podlogom.<\/p>\n\n\n\n<p>Po broju bodova osvojenih u ovoj godini od Alcaraza je bolji samo Nadal. Zahvaljuju\u0107i trijumfu na Australian Openu i osvajanju rekordnog 21. Grand Slam naslova, legendarni \u0160panjolac ima samo 70 bodova vi\u0161e od Alcaraza koji je u 2022. vode\u0107i po broju osvojenih turnira. Osim u Madridu, Alcaraz je slavio i na Masters 1000 turniru u Miamiju te na dva turnira ATP 500 serije u Rio de Janieru i Barceloni.<\/p>\n\n\n\n<p>&#8220;Potvrda Carlosova povratka nagrada je za vi\u0161egodi\u0161nji rad ljudi koji vode Plava Laguna Croatia Open Umag. Alcaraza smo prepoznali kao 15-godi\u0161njaka i ponudili njegovu timu, predvo\u0111enom legendarnim Juanom Carlosom Ferrerom, pozivnicu za kvalifikacije 2019. te vi\u0161egodi\u0161nju suradnju. Upravo zato imamo privilegij biti dio njegove bajke i ponovno ga ugostiti u Umagu, Istri i Hrvatskoj&#8221;, rekao je direktor turnira Tomislav Poljak te dodao:<\/p>\n\n\n\n<p>&#8220;Mnogi ga vide i kao jednog od glavnih favorita u Roland Garrosu. \u010cvrsto vjerujemo da \u0107e svim ljubiteljima tenisa u tjednima koji dolaze ispisati jo\u0161 bolju pozivnicu za dolazak u Stella Maris krajem srpnja.&#8221;<\/p>\n\n\n\n<p>Izvor:pogled.ba<\/p>\n","protected":false},"excerpt":{"rendered":"<p>Svjetska teniska senzacija, 19-godi\u0161nji \u0160panjolac Carlos Alcaraz u \u010detvrtak je potvrdio svoj dolazak na ovogodi\u0161nje izdanje Plava Laguna Croatia Opena u Umagu, gdje \u0107e braniti naslov osvojen pro\u0161le godine, \u0161to mu je bio prvi ATP trofej u karijeri. &#8211; Zahvalan sam \u0161to vam mogu poru\u010diti da se ove godine vra\u0107am u Umag iz kojeg nosim [&hellip;]<\/p>\n","protected":false},"author":2,"featured_media":140675,"comment_status":"closed","ping_status":"closed","sticky":false,"template":"","format":"standard","meta":{"h5ap_radio_sources":[],"footnotes":""},"categories":[7],"tags":[],"class_list":["post-140674","post","type-post","status-publish","format-standard","has-post-thumbnail","hentry","category-sport"],"yoast_head":"<!-- This site is optimized with the Yoast SEO plugin v27.4 - https:\/\/yoast.com\/product\/yoast-seo-wordpress\/ -->\n<title>Alcaraz potvrdio: Vra\u0107am se u Umag braniti naslov! - RADIO LJUBU\u0160KI<\/title>\n<meta name=\"robots\" content=\"index, follow, max-snippet:-1, max-image-preview:large, max-video-preview:-1\" \/>\n<link rel=\"canonical\" href=\"https:\/\/radioljubuski.ba\/index.php\/2022\/05\/12\/alcaraz-potvrdio-vracam-se-u-umag-braniti-naslov\/\" \/>\n<meta property=\"og:locale\" content=\"hr_HR\" \/>\n<meta property=\"og:type\" content=\"article\" \/>\n<meta property=\"og:title\" content=\"Alcaraz potvrdio: Vra\u0107am se u Umag braniti naslov! - RADIO LJUBU\u0160KI\" \/>\n<meta property=\"og:description\" content=\"Svjetska teniska senzacija, 19-godi\u0161nji \u0160panjolac Carlos Alcaraz u \u010detvrtak je potvrdio svoj dolazak na ovogodi\u0161nje izdanje Plava Laguna Croatia Opena u Umagu, gdje \u0107e braniti naslov osvojen pro\u0161le godine, \u0161to mu je bio prvi ATP trofej u karijeri. &#8211; Zahvalan sam \u0161to vam mogu poru\u010diti da se ove godine vra\u0107am u Umag iz kojeg nosim [&hellip;]\" \/>\n<meta property=\"og:url\" content=\"https:\/\/radioljubuski.ba\/index.php\/2022\/05\/12\/alcaraz-potvrdio-vracam-se-u-umag-braniti-naslov\/\" \/>\n<meta property=\"og:site_name\" content=\"RADIO LJUBU\u0160KI\" \/>\n<meta property=\"article:publisher\" content=\"https:\/\/www.facebook.com\/Radiio-Ljubuski-1490835324566332\" \/>\n<meta property=\"article:published_time\" content=\"2022-05-12T09:25:52+00:00\" \/>\n<meta property=\"article:modified_time\" content=\"2022-05-12T09:25:53+00:00\" \/>\n<meta property=\"og:image\" content=\"https:\/\/radioljubuski.ba\/wp-content\/uploads\/2022\/05\/8-2022-05-07-20-06-51-ALCARAZ.jpg\" \/>\n\t<meta property=\"og:image:width\" content=\"1000\" \/>\n\t<meta property=\"og:image:height\" content=\"625\" \/>\n\t<meta property=\"og:image:type\" content=\"image\/jpeg\" \/>\n<meta name=\"author\" content=\"Radio Ljubu\u0161ki\" \/>\n<meta name=\"twitter:card\" content=\"summary_large_image\" \/>\n<meta name=\"twitter:creator\" content=\"@radioljubuski\" \/>\n<meta name=\"twitter:site\" content=\"@radioljubuski\" \/>\n<meta name=\"twitter:label1\" content=\"Napisao\/la\" \/>\n\t<meta name=\"twitter:data1\" content=\"Radio Ljubu\u0161ki\" \/>\n\t<meta name=\"twitter:label2\" content=\"Procijenjeno vrijeme \u010ditanja\" \/>\n\t<meta name=\"twitter:data2\" content=\"2 minute\" \/>\n<script type=\"application\/ld+json\" class=\"yoast-schema-graph\">{\"@context\":\"https:\\\/\\\/schema.org\",\"@graph\":[{\"@type\":\"Article\",\"@id\":\"https:\\\/\\\/radioljubuski.ba\\\/index.php\\\/2022\\\/05\\\/12\\\/alcaraz-potvrdio-vracam-se-u-umag-braniti-naslov\\\/#article\",\"isPartOf\":{\"@id\":\"https:\\\/\\\/radioljubuski.ba\\\/index.php\\\/2022\\\/05\\\/12\\\/alcaraz-potvrdio-vracam-se-u-umag-braniti-naslov\\\/\"},\"author\":{\"name\":\"Radio Ljubu\u0161ki\",\"@id\":\"https:\\\/\\\/radioljubuski.ba\\\/#\\\/schema\\\/person\\\/19fc700381a780f69665d7956c469e3b\"},\"headline\":\"Alcaraz potvrdio: Vra\u0107am se u Umag braniti naslov!\",\"datePublished\":\"2022-05-12T09:25:52+00:00\",\"dateModified\":\"2022-05-12T09:25:53+00:00\",\"mainEntityOfPage\":{\"@id\":\"https:\\\/\\\/radioljubuski.ba\\\/index.php\\\/2022\\\/05\\\/12\\\/alcaraz-potvrdio-vracam-se-u-umag-braniti-naslov\\\/\"},\"wordCount\":373,\"publisher\":{\"@id\":\"https:\\\/\\\/radioljubuski.ba\\\/#organization\"},\"image\":{\"@id\":\"https:\\\/\\\/radioljubuski.ba\\\/index.php\\\/2022\\\/05\\\/12\\\/alcaraz-potvrdio-vracam-se-u-umag-braniti-naslov\\\/#primaryimage\"},\"thumbnailUrl\":\"https:\\\/\\\/radioljubuski.ba\\\/wp-content\\\/uploads\\\/2022\\\/05\\\/8-2022-05-07-20-06-51-ALCARAZ.jpg\",\"articleSection\":[\"\u0160port\"],\"inLanguage\":\"hr\"},{\"@type\":\"WebPage\",\"@id\":\"https:\\\/\\\/radioljubuski.ba\\\/index.php\\\/2022\\\/05\\\/12\\\/alcaraz-potvrdio-vracam-se-u-umag-braniti-naslov\\\/\",\"url\":\"https:\\\/\\\/radioljubuski.ba\\\/index.php\\\/2022\\\/05\\\/12\\\/alcaraz-potvrdio-vracam-se-u-umag-braniti-naslov\\\/\",\"name\":\"Alcaraz potvrdio: Vra\u0107am se u Umag braniti naslov! - RADIO LJUBU\u0160KI\",\"isPartOf\":{\"@id\":\"https:\\\/\\\/radioljubuski.ba\\\/#website\"},\"primaryImageOfPage\":{\"@id\":\"https:\\\/\\\/radioljubuski.ba\\\/index.php\\\/2022\\\/05\\\/12\\\/alcaraz-potvrdio-vracam-se-u-umag-braniti-naslov\\\/#primaryimage\"},\"image\":{\"@id\":\"https:\\\/\\\/radioljubuski.ba\\\/index.php\\\/2022\\\/05\\\/12\\\/alcaraz-potvrdio-vracam-se-u-umag-braniti-naslov\\\/#primaryimage\"},\"thumbnailUrl\":\"https:\\\/\\\/radioljubuski.ba\\\/wp-content\\\/uploads\\\/2022\\\/05\\\/8-2022-05-07-20-06-51-ALCARAZ.jpg\",\"datePublished\":\"2022-05-12T09:25:52+00:00\",\"dateModified\":\"2022-05-12T09:25:53+00:00\",\"breadcrumb\":{\"@id\":\"https:\\\/\\\/radioljubuski.ba\\\/index.php\\\/2022\\\/05\\\/12\\\/alcaraz-potvrdio-vracam-se-u-umag-braniti-naslov\\\/#breadcrumb\"},\"inLanguage\":\"hr\",\"potentialAction\":[{\"@type\":\"ReadAction\",\"target\":[\"https:\\\/\\\/radioljubuski.ba\\\/index.php\\\/2022\\\/05\\\/12\\\/alcaraz-potvrdio-vracam-se-u-umag-braniti-naslov\\\/\"]}]},{\"@type\":\"ImageObject\",\"inLanguage\":\"hr\",\"@id\":\"https:\\\/\\\/radioljubuski.ba\\\/index.php\\\/2022\\\/05\\\/12\\\/alcaraz-potvrdio-vracam-se-u-umag-braniti-naslov\\\/#primaryimage\",\"url\":\"https:\\\/\\\/radioljubuski.ba\\\/wp-content\\\/uploads\\\/2022\\\/05\\\/8-2022-05-07-20-06-51-ALCARAZ.jpg\",\"contentUrl\":\"https:\\\/\\\/radioljubuski.ba\\\/wp-content\\\/uploads\\\/2022\\\/05\\\/8-2022-05-07-20-06-51-ALCARAZ.jpg\",\"width\":1000,\"height\":625},{\"@type\":\"BreadcrumbList\",\"@id\":\"https:\\\/\\\/radioljubuski.ba\\\/index.php\\\/2022\\\/05\\\/12\\\/alcaraz-potvrdio-vracam-se-u-umag-braniti-naslov\\\/#breadcrumb\",\"itemListElement\":[{\"@type\":\"ListItem\",\"position\":1,\"name\":\"Po\u010detna stranica\",\"item\":\"https:\\\/\\\/radioljubuski.ba\\\/\"},{\"@type\":\"ListItem\",\"position\":2,\"name\":\"Alcaraz potvrdio: Vra\u0107am se u Umag braniti naslov!\"}]},{\"@type\":\"WebSite\",\"@id\":\"https:\\\/\\\/radioljubuski.ba\\\/#website\",\"url\":\"https:\\\/\\\/radioljubuski.ba\\\/\",\"name\":\"Radio Ljubu\u0161ki\",\"description\":\"Sun\u010dana frekvencija Hercegovine\",\"publisher\":{\"@id\":\"https:\\\/\\\/radioljubuski.ba\\\/#organization\"},\"potentialAction\":[{\"@type\":\"SearchAction\",\"target\":{\"@type\":\"EntryPoint\",\"urlTemplate\":\"https:\\\/\\\/radioljubuski.ba\\\/?s={search_term_string}\"},\"query-input\":{\"@type\":\"PropertyValueSpecification\",\"valueRequired\":true,\"valueName\":\"search_term_string\"}}],\"inLanguage\":\"hr\"},{\"@type\":\"Organization\",\"@id\":\"https:\\\/\\\/radioljubuski.ba\\\/#organization\",\"name\":\"Radio Ljubu\u0161ki\",\"url\":\"https:\\\/\\\/radioljubuski.ba\\\/\",\"logo\":{\"@type\":\"ImageObject\",\"inLanguage\":\"hr\",\"@id\":\"https:\\\/\\\/radioljubuski.ba\\\/#\\\/schema\\\/logo\\\/image\\\/\",\"url\":\"https:\\\/\\\/radioljubuski.ba\\\/wp-content\\\/uploads\\\/2021\\\/02\\\/cropped-Radio_Ljubuski_logo1.jpg\",\"contentUrl\":\"https:\\\/\\\/radioljubuski.ba\\\/wp-content\\\/uploads\\\/2021\\\/02\\\/cropped-Radio_Ljubuski_logo1.jpg\",\"width\":512,\"height\":512,\"caption\":\"Radio Ljubu\u0161ki\"},\"image\":{\"@id\":\"https:\\\/\\\/radioljubuski.ba\\\/#\\\/schema\\\/logo\\\/image\\\/\"},\"sameAs\":[\"https:\\\/\\\/www.facebook.com\\\/Radiio-Ljubuski-1490835324566332\",\"https:\\\/\\\/x.com\\\/radioljubuski\",\"https:\\\/\\\/hr.linkedin.com\\\/company\\\/radio-ljubuski\",\"https:\\\/\\\/www.youtube.com\\\/channel\\\/UCHYaeO_n0Db3tjNGudGpXyw\"]},{\"@type\":\"Person\",\"@id\":\"https:\\\/\\\/radioljubuski.ba\\\/#\\\/schema\\\/person\\\/19fc700381a780f69665d7956c469e3b\",\"name\":\"Radio Ljubu\u0161ki\"}]}<\/script>\n<!-- \/ Yoast SEO plugin. -->","yoast_head_json":{"title":"Alcaraz potvrdio: Vra\u0107am se u Umag braniti naslov! - RADIO LJUBU\u0160KI","robots":{"index":"index","follow":"follow","max-snippet":"max-snippet:-1","max-image-preview":"max-image-preview:large","max-video-preview":"max-video-preview:-1"},"canonical":"https:\/\/radioljubuski.ba\/index.php\/2022\/05\/12\/alcaraz-potvrdio-vracam-se-u-umag-braniti-naslov\/","og_locale":"hr_HR","og_type":"article","og_title":"Alcaraz potvrdio: Vra\u0107am se u Umag braniti naslov! - RADIO LJUBU\u0160KI","og_description":"Svjetska teniska senzacija, 19-godi\u0161nji \u0160panjolac Carlos Alcaraz u \u010detvrtak je potvrdio svoj dolazak na ovogodi\u0161nje izdanje Plava Laguna Croatia Opena u Umagu, gdje \u0107e braniti naslov osvojen pro\u0161le godine, \u0161to mu je bio prvi ATP trofej u karijeri. &#8211; Zahvalan sam \u0161to vam mogu poru\u010diti da se ove godine vra\u0107am u Umag iz kojeg nosim [&hellip;]","og_url":"https:\/\/radioljubuski.ba\/index.php\/2022\/05\/12\/alcaraz-potvrdio-vracam-se-u-umag-braniti-naslov\/","og_site_name":"RADIO LJUBU\u0160KI","article_publisher":"https:\/\/www.facebook.com\/Radiio-Ljubuski-1490835324566332","article_published_time":"2022-05-12T09:25:52+00:00","article_modified_time":"2022-05-12T09:25:53+00:00","og_image":[{"width":1000,"height":625,"url":"https:\/\/radioljubuski.ba\/wp-content\/uploads\/2022\/05\/8-2022-05-07-20-06-51-ALCARAZ.jpg","type":"image\/jpeg"}],"author":"Radio Ljubu\u0161ki","twitter_card":"summary_large_image","twitter_creator":"@radioljubuski","twitter_site":"@radioljubuski","twitter_misc":{"Napisao\/la":"Radio Ljubu\u0161ki","Procijenjeno vrijeme \u010ditanja":"2 minute"},"schema":{"@context":"https:\/\/schema.org","@graph":[{"@type":"Article","@id":"https:\/\/radioljubuski.ba\/index.php\/2022\/05\/12\/alcaraz-potvrdio-vracam-se-u-umag-braniti-naslov\/#article","isPartOf":{"@id":"https:\/\/radioljubuski.ba\/index.php\/2022\/05\/12\/alcaraz-potvrdio-vracam-se-u-umag-braniti-naslov\/"},"author":{"name":"Radio Ljubu\u0161ki","@id":"https:\/\/radioljubuski.ba\/#\/schema\/person\/19fc700381a780f69665d7956c469e3b"},"headline":"Alcaraz potvrdio: Vra\u0107am se u Umag braniti naslov!","datePublished":"2022-05-12T09:25:52+00:00","dateModified":"2022-05-12T09:25:53+00:00","mainEntityOfPage":{"@id":"https:\/\/radioljubuski.ba\/index.php\/2022\/05\/12\/alcaraz-potvrdio-vracam-se-u-umag-braniti-naslov\/"},"wordCount":373,"publisher":{"@id":"https:\/\/radioljubuski.ba\/#organization"},"image":{"@id":"https:\/\/radioljubuski.ba\/index.php\/2022\/05\/12\/alcaraz-potvrdio-vracam-se-u-umag-braniti-naslov\/#primaryimage"},"thumbnailUrl":"https:\/\/radioljubuski.ba\/wp-content\/uploads\/2022\/05\/8-2022-05-07-20-06-51-ALCARAZ.jpg","articleSection":["\u0160port"],"inLanguage":"hr"},{"@type":"WebPage","@id":"https:\/\/radioljubuski.ba\/index.php\/2022\/05\/12\/alcaraz-potvrdio-vracam-se-u-umag-braniti-naslov\/","url":"https:\/\/radioljubuski.ba\/index.php\/2022\/05\/12\/alcaraz-potvrdio-vracam-se-u-umag-braniti-naslov\/","name":"Alcaraz potvrdio: Vra\u0107am se u Umag braniti naslov! - RADIO LJUBU\u0160KI","isPartOf":{"@id":"https:\/\/radioljubuski.ba\/#website"},"primaryImageOfPage":{"@id":"https:\/\/radioljubuski.ba\/index.php\/2022\/05\/12\/alcaraz-potvrdio-vracam-se-u-umag-braniti-naslov\/#primaryimage"},"image":{"@id":"https:\/\/radioljubuski.ba\/index.php\/2022\/05\/12\/alcaraz-potvrdio-vracam-se-u-umag-braniti-naslov\/#primaryimage"},"thumbnailUrl":"https:\/\/radioljubuski.ba\/wp-content\/uploads\/2022\/05\/8-2022-05-07-20-06-51-ALCARAZ.jpg","datePublished":"2022-05-12T09:25:52+00:00","dateModified":"2022-05-12T09:25:53+00:00","breadcrumb":{"@id":"https:\/\/radioljubuski.ba\/index.php\/2022\/05\/12\/alcaraz-potvrdio-vracam-se-u-umag-braniti-naslov\/#breadcrumb"},"inLanguage":"hr","potentialAction":[{"@type":"ReadAction","target":["https:\/\/radioljubuski.ba\/index.php\/2022\/05\/12\/alcaraz-potvrdio-vracam-se-u-umag-braniti-naslov\/"]}]},{"@type":"ImageObject","inLanguage":"hr","@id":"https:\/\/radioljubuski.ba\/index.php\/2022\/05\/12\/alcaraz-potvrdio-vracam-se-u-umag-braniti-naslov\/#primaryimage","url":"https:\/\/radioljubuski.ba\/wp-content\/uploads\/2022\/05\/8-2022-05-07-20-06-51-ALCARAZ.jpg","contentUrl":"https:\/\/radioljubuski.ba\/wp-content\/uploads\/2022\/05\/8-2022-05-07-20-06-51-ALCARAZ.jpg","width":1000,"height":625},{"@type":"BreadcrumbList","@id":"https:\/\/radioljubuski.ba\/index.php\/2022\/05\/12\/alcaraz-potvrdio-vracam-se-u-umag-braniti-naslov\/#breadcrumb","itemListElement":[{"@type":"ListItem","position":1,"name":"Po\u010detna stranica","item":"https:\/\/radioljubuski.ba\/"},{"@type":"ListItem","position":2,"name":"Alcaraz potvrdio: Vra\u0107am se u Umag braniti naslov!"}]},{"@type":"WebSite","@id":"https:\/\/radioljubuski.ba\/#website","url":"https:\/\/radioljubuski.ba\/","name":"Radio Ljubu\u0161ki","description":"Sun\u010dana frekvencija Hercegovine","publisher":{"@id":"https:\/\/radioljubuski.ba\/#organization"},"potentialAction":[{"@type":"SearchAction","target":{"@type":"EntryPoint","urlTemplate":"https:\/\/radioljubuski.ba\/?s={search_term_string}"},"query-input":{"@type":"PropertyValueSpecification","valueRequired":true,"valueName":"search_term_string"}}],"inLanguage":"hr"},{"@type":"Organization","@id":"https:\/\/radioljubuski.ba\/#organization","name":"Radio Ljubu\u0161ki","url":"https:\/\/radioljubuski.ba\/","logo":{"@type":"ImageObject","inLanguage":"hr","@id":"https:\/\/radioljubuski.ba\/#\/schema\/logo\/image\/","url":"https:\/\/radioljubuski.ba\/wp-content\/uploads\/2021\/02\/cropped-Radio_Ljubuski_logo1.jpg","contentUrl":"https:\/\/radioljubuski.ba\/wp-content\/uploads\/2021\/02\/cropped-Radio_Ljubuski_logo1.jpg","width":512,"height":512,"caption":"Radio Ljubu\u0161ki"},"image":{"@id":"https:\/\/radioljubuski.ba\/#\/schema\/logo\/image\/"},"sameAs":["https:\/\/www.facebook.com\/Radiio-Ljubuski-1490835324566332","https:\/\/x.com\/radioljubuski","https:\/\/hr.linkedin.com\/company\/radio-ljubuski","https:\/\/www.youtube.com\/channel\/UCHYaeO_n0Db3tjNGudGpXyw"]},{"@type":"Person","@id":"https:\/\/radioljubuski.ba\/#\/schema\/person\/19fc700381a780f69665d7956c469e3b","name":"Radio Ljubu\u0161ki"}]}},"_links":{"self":[{"href":"https:\/\/radioljubuski.ba\/index.php\/wp-json\/wp\/v2\/posts\/140674","targetHints":{"allow":["GET"]}}],"collection":[{"href":"https:\/\/radioljubuski.ba\/index.php\/wp-json\/wp\/v2\/posts"}],"about":[{"href":"https:\/\/radioljubuski.ba\/index.php\/wp-json\/wp\/v2\/types\/post"}],"author":[{"embeddable":true,"href":"https:\/\/radioljubuski.ba\/index.php\/wp-json\/wp\/v2\/users\/2"}],"replies":[{"embeddable":true,"href":"https:\/\/radioljubuski.ba\/index.php\/wp-json\/wp\/v2\/comments?post=140674"}],"version-history":[{"count":1,"href":"https:\/\/radioljubuski.ba\/index.php\/wp-json\/wp\/v2\/posts\/140674\/revisions"}],"predecessor-version":[{"id":140676,"href":"https:\/\/radioljubuski.ba\/index.php\/wp-json\/wp\/v2\/posts\/140674\/revisions\/140676"}],"wp:featuredmedia":[{"embeddable":true,"href":"https:\/\/radioljubuski.ba\/index.php\/wp-json\/wp\/v2\/media\/140675"}],"wp:attachment":[{"href":"https:\/\/radioljubuski.ba\/index.php\/wp-json\/wp\/v2\/media?parent=140674"}],"wp:term":[{"taxonomy":"category","embeddable":true,"href":"https:\/\/radioljubuski.ba\/index.php\/wp-json\/wp\/v2\/categories?post=140674"},{"taxonomy":"post_tag","embeddable":true,"href":"https:\/\/radioljubuski.ba\/index.php\/wp-json\/wp\/v2\/tags?post=140674"}],"curies":[{"name":"wp","href":"https:\/\/api.w.org\/{rel}","templated":true}]}}