{"id":140681,"date":"2022-05-12T10:31:07","date_gmt":"2022-05-12T09:31:07","guid":{"rendered":"https:\/\/radioljubuski.ba\/?p=140681"},"modified":"2022-05-12T10:31:07","modified_gmt":"2022-05-12T09:31:07","slug":"barbaric-moramo-biti-zadovoljni-ivkovic-siroki-nas-je-mogao-zaviti-u-crno","status":"publish","type":"post","link":"https:\/\/radioljubuski.ba\/index.php\/2022\/05\/12\/barbaric-moramo-biti-zadovoljni-ivkovic-siroki-nas-je-mogao-zaviti-u-crno\/","title":{"rendered":"Barbari\u0107: Moramo biti zadovoljni ; Ivkovi\u0107: \u0160iroki nas je mogao zaviti u crno"},"content":{"rendered":"\n<h5 class=\"wp-block-heading\">Borac i \u0160iroki Brijeg su u srijedu nave\u010der u Banjoj Luci odigrali utakmicu bez pobjednika (1:1) u sklopu 30. kola Premijer lige BiH.<\/h5>\n\n\n\n<p>Utakmicu je prokomentirao trener \u0160irokobrije\u017eana, <strong>Ivica Barbari\u0107<\/strong>.<\/p>\n\n\n\n<p><em>Ova je utakmica<\/em><strong><em> bila jako zahtjevna za nas<\/em><\/strong><em>, jer smo igrali s jako dobrom i discipliniranom mom\u010dadi. U pripremi smo imali i subjektivnih i objektivnih problema. Uz trojicu igra\u010da iz prvog sastava na koje <\/em><strong><em>nismo mogli ra\u010dunati<\/em><\/strong><em> zbog akumuliranih \u017eutih kartona, \u010detiri-pet igra\u010da je imalo problema s ozljedama u proteklom razdoblju.<\/em><\/p>\n\n\n\n<p><em>U kona\u010dnici, mislim kako je rezultat realan, iako smo <\/em><strong><em>imali dva zicera preko Rozi\u0107a i Iki\u0107a<\/em><\/strong><em>. O\u010dito smo bili umorni. Ipak, kada sve zbrojimo i oduzmemo,<\/em><strong><em> moramo biti zadovoljni<\/em><\/strong><em>. Za nas je bitan ovaj pozitivan rezultat, jer se nalazimo u jednom nizu koji nije nimalo ugodan.<\/em><\/p>\n\n\n\n<p><strong><em>Moram \u010destitati<\/em><\/strong><em> objema mom\u010dadima, posebice mojoj mom\u010dadi jer su dali sve od sebe. Stav i odnos prema igri su bili na razini,<\/em> kazao je Barbari\u0107.<\/p>\n\n\n\n<p>Svoje vi\u0111enje dao je i trener Banjalu\u010dana,<strong> Tomislav Ivkovi\u0107<\/strong>.<\/p>\n\n\n\n<p><em>Dobro smo otvorili utakmicu, <\/em><strong><em>imali smo dva tri zicera, nismo zabili<\/em><\/strong><em>, a nakon toga smo puno grije\u0161ili u pasovima i sami smo sebe doveli u situaciju da iz toga pravimo gre\u0161ke koje su bile klju\u010dne, pogotovo kod penala<\/em>, rekao je Ivkovi\u0107 i nastavio:<\/p>\n\n\n\n<p><em>Moram re\u0107i iskreno i po\u0161teno da<\/em><strong><em> mo\u017eemo biti zadovoljni bodom jer je \u0160iroki odigrao fantasti\u010dnu utakmicu<\/em><\/strong><em>. Imali su dvije vrlo zrele prilike, tako da na kraju kad sve uzmemo u obzir mo\u017eda je nerije\u0161eno okej rezultat, ali <\/em><strong><em>mogao nas je \u0160iroki i zaviti u crno<\/em><\/strong><em>, kako se ka\u017ee.<\/em><\/p>\n\n\n\n<figure class=\"wp-block-embed is-type-wp-embed is-provider-radio-ljubuski wp-block-embed-radio-ljubuski\"><div class=\"wp-block-embed__wrapper\">\n<blockquote class=\"wp-embedded-content\" data-secret=\"Ze5Xosbm83\"><a href=\"https:\/\/radioljubuski.ba\/index.php\/2022\/05\/12\/dva-penala-u-banjoj-luci-i-nevjerojatan-promasaj-sirokobrijezana\/\">Dva penala u Banjoj Luci i nevjerojatan proma\u0161aj \u0160irokobrije\u017eana<\/a><\/blockquote><iframe loading=\"lazy\" class=\"wp-embedded-content\" sandbox=\"allow-scripts\" security=\"restricted\" style=\"position: absolute; clip: rect(1px, 1px, 1px, 1px);\" title=\"&#8220;Dva penala u Banjoj Luci i nevjerojatan proma\u0161aj \u0160irokobrije\u017eana&#8221; &#8212;   RADIO LJUBU\u0160KI\" src=\"https:\/\/radioljubuski.ba\/index.php\/2022\/05\/12\/dva-penala-u-banjoj-luci-i-nevjerojatan-promasaj-sirokobrijezana\/embed\/#?secret=fz612nJfh6#?secret=Ze5Xosbm83\" data-secret=\"Ze5Xosbm83\" width=\"600\" height=\"338\" frameborder=\"0\" marginwidth=\"0\" marginheight=\"0\" scrolling=\"no\"><\/iframe>\n<\/div><\/figure>\n\n\n\n<p>Izvor: <strong>(www.jabuka.tv | Foto: Mondo)<\/strong><\/p>\n","protected":false},"excerpt":{"rendered":"<p>Borac i \u0160iroki Brijeg su u srijedu nave\u010der u Banjoj Luci odigrali utakmicu bez pobjednika (1:1) u sklopu 30. kola Premijer lige BiH. Utakmicu je prokomentirao trener \u0160irokobrije\u017eana, Ivica Barbari\u0107. Ova je utakmica bila jako zahtjevna za nas, jer smo igrali s jako dobrom i discipliniranom mom\u010dadi. U pripremi smo imali i subjektivnih i objektivnih [&hellip;]<\/p>\n","protected":false},"author":2,"featured_media":140682,"comment_status":"closed","ping_status":"closed","sticky":false,"template":"","format":"standard","meta":{"h5ap_radio_sources":[],"footnotes":""},"categories":[7],"tags":[],"class_list":["post-140681","post","type-post","status-publish","format-standard","has-post-thumbnail","hentry","category-sport"],"yoast_head":"<!-- This site is optimized with the Yoast SEO plugin v27.4 - https:\/\/yoast.com\/product\/yoast-seo-wordpress\/ -->\n<title>Barbari\u0107: Moramo biti zadovoljni ; Ivkovi\u0107: \u0160iroki nas je mogao zaviti u crno - RADIO LJUBU\u0160KI<\/title>\n<meta name=\"robots\" content=\"index, follow, max-snippet:-1, max-image-preview:large, max-video-preview:-1\" \/>\n<link rel=\"canonical\" href=\"https:\/\/radioljubuski.ba\/index.php\/2022\/05\/12\/barbaric-moramo-biti-zadovoljni-ivkovic-siroki-nas-je-mogao-zaviti-u-crno\/\" \/>\n<meta property=\"og:locale\" content=\"hr_HR\" \/>\n<meta property=\"og:type\" content=\"article\" \/>\n<meta property=\"og:title\" content=\"Barbari\u0107: Moramo biti zadovoljni ; Ivkovi\u0107: \u0160iroki nas je mogao zaviti u crno - RADIO LJUBU\u0160KI\" \/>\n<meta property=\"og:description\" content=\"Borac i \u0160iroki Brijeg su u srijedu nave\u010der u Banjoj Luci odigrali utakmicu bez pobjednika (1:1) u sklopu 30. kola Premijer lige BiH. Utakmicu je prokomentirao trener \u0160irokobrije\u017eana, Ivica Barbari\u0107. Ova je utakmica bila jako zahtjevna za nas, jer smo igrali s jako dobrom i discipliniranom mom\u010dadi. U pripremi smo imali i subjektivnih i objektivnih [&hellip;]\" \/>\n<meta property=\"og:url\" content=\"https:\/\/radioljubuski.ba\/index.php\/2022\/05\/12\/barbaric-moramo-biti-zadovoljni-ivkovic-siroki-nas-je-mogao-zaviti-u-crno\/\" \/>\n<meta property=\"og:site_name\" content=\"RADIO LJUBU\u0160KI\" \/>\n<meta property=\"article:publisher\" content=\"https:\/\/www.facebook.com\/Radiio-Ljubuski-1490835324566332\" \/>\n<meta property=\"article:published_time\" content=\"2022-05-12T09:31:07+00:00\" \/>\n<meta property=\"og:image\" content=\"https:\/\/radioljubuski.ba\/wp-content\/uploads\/2022\/05\/ivica-barbaric-1.jpg\" \/>\n\t<meta property=\"og:image:width\" content=\"810\" \/>\n\t<meta property=\"og:image:height\" content=\"540\" \/>\n\t<meta property=\"og:image:type\" content=\"image\/jpeg\" \/>\n<meta name=\"author\" content=\"Radio Ljubu\u0161ki\" \/>\n<meta name=\"twitter:card\" content=\"summary_large_image\" \/>\n<meta name=\"twitter:creator\" content=\"@radioljubuski\" \/>\n<meta name=\"twitter:site\" content=\"@radioljubuski\" \/>\n<meta name=\"twitter:label1\" content=\"Napisao\/la\" \/>\n\t<meta name=\"twitter:data1\" content=\"Radio Ljubu\u0161ki\" \/>\n\t<meta name=\"twitter:label2\" content=\"Procijenjeno vrijeme \u010ditanja\" \/>\n\t<meta name=\"twitter:data2\" content=\"2 minute\" \/>\n<script type=\"application\/ld+json\" class=\"yoast-schema-graph\">{\"@context\":\"https:\\\/\\\/schema.org\",\"@graph\":[{\"@type\":\"Article\",\"@id\":\"https:\\\/\\\/radioljubuski.ba\\\/index.php\\\/2022\\\/05\\\/12\\\/barbaric-moramo-biti-zadovoljni-ivkovic-siroki-nas-je-mogao-zaviti-u-crno\\\/#article\",\"isPartOf\":{\"@id\":\"https:\\\/\\\/radioljubuski.ba\\\/index.php\\\/2022\\\/05\\\/12\\\/barbaric-moramo-biti-zadovoljni-ivkovic-siroki-nas-je-mogao-zaviti-u-crno\\\/\"},\"author\":{\"name\":\"Radio Ljubu\u0161ki\",\"@id\":\"https:\\\/\\\/radioljubuski.ba\\\/#\\\/schema\\\/person\\\/19fc700381a780f69665d7956c469e3b\"},\"headline\":\"Barbari\u0107: Moramo biti zadovoljni ; Ivkovi\u0107: \u0160iroki nas je mogao zaviti u crno\",\"datePublished\":\"2022-05-12T09:31:07+00:00\",\"mainEntityOfPage\":{\"@id\":\"https:\\\/\\\/radioljubuski.ba\\\/index.php\\\/2022\\\/05\\\/12\\\/barbaric-moramo-biti-zadovoljni-ivkovic-siroki-nas-je-mogao-zaviti-u-crno\\\/\"},\"wordCount\":298,\"publisher\":{\"@id\":\"https:\\\/\\\/radioljubuski.ba\\\/#organization\"},\"image\":{\"@id\":\"https:\\\/\\\/radioljubuski.ba\\\/index.php\\\/2022\\\/05\\\/12\\\/barbaric-moramo-biti-zadovoljni-ivkovic-siroki-nas-je-mogao-zaviti-u-crno\\\/#primaryimage\"},\"thumbnailUrl\":\"https:\\\/\\\/radioljubuski.ba\\\/wp-content\\\/uploads\\\/2022\\\/05\\\/ivica-barbaric-1.jpg\",\"articleSection\":[\"\u0160port\"],\"inLanguage\":\"hr\"},{\"@type\":\"WebPage\",\"@id\":\"https:\\\/\\\/radioljubuski.ba\\\/index.php\\\/2022\\\/05\\\/12\\\/barbaric-moramo-biti-zadovoljni-ivkovic-siroki-nas-je-mogao-zaviti-u-crno\\\/\",\"url\":\"https:\\\/\\\/radioljubuski.ba\\\/index.php\\\/2022\\\/05\\\/12\\\/barbaric-moramo-biti-zadovoljni-ivkovic-siroki-nas-je-mogao-zaviti-u-crno\\\/\",\"name\":\"Barbari\u0107: Moramo biti zadovoljni ; Ivkovi\u0107: \u0160iroki nas je mogao zaviti u crno - RADIO LJUBU\u0160KI\",\"isPartOf\":{\"@id\":\"https:\\\/\\\/radioljubuski.ba\\\/#website\"},\"primaryImageOfPage\":{\"@id\":\"https:\\\/\\\/radioljubuski.ba\\\/index.php\\\/2022\\\/05\\\/12\\\/barbaric-moramo-biti-zadovoljni-ivkovic-siroki-nas-je-mogao-zaviti-u-crno\\\/#primaryimage\"},\"image\":{\"@id\":\"https:\\\/\\\/radioljubuski.ba\\\/index.php\\\/2022\\\/05\\\/12\\\/barbaric-moramo-biti-zadovoljni-ivkovic-siroki-nas-je-mogao-zaviti-u-crno\\\/#primaryimage\"},\"thumbnailUrl\":\"https:\\\/\\\/radioljubuski.ba\\\/wp-content\\\/uploads\\\/2022\\\/05\\\/ivica-barbaric-1.jpg\",\"datePublished\":\"2022-05-12T09:31:07+00:00\",\"breadcrumb\":{\"@id\":\"https:\\\/\\\/radioljubuski.ba\\\/index.php\\\/2022\\\/05\\\/12\\\/barbaric-moramo-biti-zadovoljni-ivkovic-siroki-nas-je-mogao-zaviti-u-crno\\\/#breadcrumb\"},\"inLanguage\":\"hr\",\"potentialAction\":[{\"@type\":\"ReadAction\",\"target\":[\"https:\\\/\\\/radioljubuski.ba\\\/index.php\\\/2022\\\/05\\\/12\\\/barbaric-moramo-biti-zadovoljni-ivkovic-siroki-nas-je-mogao-zaviti-u-crno\\\/\"]}]},{\"@type\":\"ImageObject\",\"inLanguage\":\"hr\",\"@id\":\"https:\\\/\\\/radioljubuski.ba\\\/index.php\\\/2022\\\/05\\\/12\\\/barbaric-moramo-biti-zadovoljni-ivkovic-siroki-nas-je-mogao-zaviti-u-crno\\\/#primaryimage\",\"url\":\"https:\\\/\\\/radioljubuski.ba\\\/wp-content\\\/uploads\\\/2022\\\/05\\\/ivica-barbaric-1.jpg\",\"contentUrl\":\"https:\\\/\\\/radioljubuski.ba\\\/wp-content\\\/uploads\\\/2022\\\/05\\\/ivica-barbaric-1.jpg\",\"width\":810,\"height\":540},{\"@type\":\"BreadcrumbList\",\"@id\":\"https:\\\/\\\/radioljubuski.ba\\\/index.php\\\/2022\\\/05\\\/12\\\/barbaric-moramo-biti-zadovoljni-ivkovic-siroki-nas-je-mogao-zaviti-u-crno\\\/#breadcrumb\",\"itemListElement\":[{\"@type\":\"ListItem\",\"position\":1,\"name\":\"Po\u010detna stranica\",\"item\":\"https:\\\/\\\/radioljubuski.ba\\\/\"},{\"@type\":\"ListItem\",\"position\":2,\"name\":\"Barbari\u0107: Moramo biti zadovoljni ; Ivkovi\u0107: \u0160iroki nas je mogao zaviti u crno\"}]},{\"@type\":\"WebSite\",\"@id\":\"https:\\\/\\\/radioljubuski.ba\\\/#website\",\"url\":\"https:\\\/\\\/radioljubuski.ba\\\/\",\"name\":\"Radio Ljubu\u0161ki\",\"description\":\"Sun\u010dana frekvencija Hercegovine\",\"publisher\":{\"@id\":\"https:\\\/\\\/radioljubuski.ba\\\/#organization\"},\"potentialAction\":[{\"@type\":\"SearchAction\",\"target\":{\"@type\":\"EntryPoint\",\"urlTemplate\":\"https:\\\/\\\/radioljubuski.ba\\\/?s={search_term_string}\"},\"query-input\":{\"@type\":\"PropertyValueSpecification\",\"valueRequired\":true,\"valueName\":\"search_term_string\"}}],\"inLanguage\":\"hr\"},{\"@type\":\"Organization\",\"@id\":\"https:\\\/\\\/radioljubuski.ba\\\/#organization\",\"name\":\"Radio Ljubu\u0161ki\",\"url\":\"https:\\\/\\\/radioljubuski.ba\\\/\",\"logo\":{\"@type\":\"ImageObject\",\"inLanguage\":\"hr\",\"@id\":\"https:\\\/\\\/radioljubuski.ba\\\/#\\\/schema\\\/logo\\\/image\\\/\",\"url\":\"https:\\\/\\\/radioljubuski.ba\\\/wp-content\\\/uploads\\\/2021\\\/02\\\/cropped-Radio_Ljubuski_logo1.jpg\",\"contentUrl\":\"https:\\\/\\\/radioljubuski.ba\\\/wp-content\\\/uploads\\\/2021\\\/02\\\/cropped-Radio_Ljubuski_logo1.jpg\",\"width\":512,\"height\":512,\"caption\":\"Radio Ljubu\u0161ki\"},\"image\":{\"@id\":\"https:\\\/\\\/radioljubuski.ba\\\/#\\\/schema\\\/logo\\\/image\\\/\"},\"sameAs\":[\"https:\\\/\\\/www.facebook.com\\\/Radiio-Ljubuski-1490835324566332\",\"https:\\\/\\\/x.com\\\/radioljubuski\",\"https:\\\/\\\/hr.linkedin.com\\\/company\\\/radio-ljubuski\",\"https:\\\/\\\/www.youtube.com\\\/channel\\\/UCHYaeO_n0Db3tjNGudGpXyw\"]},{\"@type\":\"Person\",\"@id\":\"https:\\\/\\\/radioljubuski.ba\\\/#\\\/schema\\\/person\\\/19fc700381a780f69665d7956c469e3b\",\"name\":\"Radio Ljubu\u0161ki\"}]}<\/script>\n<!-- \/ Yoast SEO plugin. -->","yoast_head_json":{"title":"Barbari\u0107: Moramo biti zadovoljni ; Ivkovi\u0107: \u0160iroki nas je mogao zaviti u crno - RADIO LJUBU\u0160KI","robots":{"index":"index","follow":"follow","max-snippet":"max-snippet:-1","max-image-preview":"max-image-preview:large","max-video-preview":"max-video-preview:-1"},"canonical":"https:\/\/radioljubuski.ba\/index.php\/2022\/05\/12\/barbaric-moramo-biti-zadovoljni-ivkovic-siroki-nas-je-mogao-zaviti-u-crno\/","og_locale":"hr_HR","og_type":"article","og_title":"Barbari\u0107: Moramo biti zadovoljni ; Ivkovi\u0107: \u0160iroki nas je mogao zaviti u crno - RADIO LJUBU\u0160KI","og_description":"Borac i \u0160iroki Brijeg su u srijedu nave\u010der u Banjoj Luci odigrali utakmicu bez pobjednika (1:1) u sklopu 30. kola Premijer lige BiH. Utakmicu je prokomentirao trener \u0160irokobrije\u017eana, Ivica Barbari\u0107. Ova je utakmica bila jako zahtjevna za nas, jer smo igrali s jako dobrom i discipliniranom mom\u010dadi. U pripremi smo imali i subjektivnih i objektivnih [&hellip;]","og_url":"https:\/\/radioljubuski.ba\/index.php\/2022\/05\/12\/barbaric-moramo-biti-zadovoljni-ivkovic-siroki-nas-je-mogao-zaviti-u-crno\/","og_site_name":"RADIO LJUBU\u0160KI","article_publisher":"https:\/\/www.facebook.com\/Radiio-Ljubuski-1490835324566332","article_published_time":"2022-05-12T09:31:07+00:00","og_image":[{"width":810,"height":540,"url":"https:\/\/radioljubuski.ba\/wp-content\/uploads\/2022\/05\/ivica-barbaric-1.jpg","type":"image\/jpeg"}],"author":"Radio Ljubu\u0161ki","twitter_card":"summary_large_image","twitter_creator":"@radioljubuski","twitter_site":"@radioljubuski","twitter_misc":{"Napisao\/la":"Radio Ljubu\u0161ki","Procijenjeno vrijeme \u010ditanja":"2 minute"},"schema":{"@context":"https:\/\/schema.org","@graph":[{"@type":"Article","@id":"https:\/\/radioljubuski.ba\/index.php\/2022\/05\/12\/barbaric-moramo-biti-zadovoljni-ivkovic-siroki-nas-je-mogao-zaviti-u-crno\/#article","isPartOf":{"@id":"https:\/\/radioljubuski.ba\/index.php\/2022\/05\/12\/barbaric-moramo-biti-zadovoljni-ivkovic-siroki-nas-je-mogao-zaviti-u-crno\/"},"author":{"name":"Radio Ljubu\u0161ki","@id":"https:\/\/radioljubuski.ba\/#\/schema\/person\/19fc700381a780f69665d7956c469e3b"},"headline":"Barbari\u0107: Moramo biti zadovoljni ; Ivkovi\u0107: \u0160iroki nas je mogao zaviti u crno","datePublished":"2022-05-12T09:31:07+00:00","mainEntityOfPage":{"@id":"https:\/\/radioljubuski.ba\/index.php\/2022\/05\/12\/barbaric-moramo-biti-zadovoljni-ivkovic-siroki-nas-je-mogao-zaviti-u-crno\/"},"wordCount":298,"publisher":{"@id":"https:\/\/radioljubuski.ba\/#organization"},"image":{"@id":"https:\/\/radioljubuski.ba\/index.php\/2022\/05\/12\/barbaric-moramo-biti-zadovoljni-ivkovic-siroki-nas-je-mogao-zaviti-u-crno\/#primaryimage"},"thumbnailUrl":"https:\/\/radioljubuski.ba\/wp-content\/uploads\/2022\/05\/ivica-barbaric-1.jpg","articleSection":["\u0160port"],"inLanguage":"hr"},{"@type":"WebPage","@id":"https:\/\/radioljubuski.ba\/index.php\/2022\/05\/12\/barbaric-moramo-biti-zadovoljni-ivkovic-siroki-nas-je-mogao-zaviti-u-crno\/","url":"https:\/\/radioljubuski.ba\/index.php\/2022\/05\/12\/barbaric-moramo-biti-zadovoljni-ivkovic-siroki-nas-je-mogao-zaviti-u-crno\/","name":"Barbari\u0107: Moramo biti zadovoljni ; Ivkovi\u0107: \u0160iroki nas je mogao zaviti u crno - RADIO LJUBU\u0160KI","isPartOf":{"@id":"https:\/\/radioljubuski.ba\/#website"},"primaryImageOfPage":{"@id":"https:\/\/radioljubuski.ba\/index.php\/2022\/05\/12\/barbaric-moramo-biti-zadovoljni-ivkovic-siroki-nas-je-mogao-zaviti-u-crno\/#primaryimage"},"image":{"@id":"https:\/\/radioljubuski.ba\/index.php\/2022\/05\/12\/barbaric-moramo-biti-zadovoljni-ivkovic-siroki-nas-je-mogao-zaviti-u-crno\/#primaryimage"},"thumbnailUrl":"https:\/\/radioljubuski.ba\/wp-content\/uploads\/2022\/05\/ivica-barbaric-1.jpg","datePublished":"2022-05-12T09:31:07+00:00","breadcrumb":{"@id":"https:\/\/radioljubuski.ba\/index.php\/2022\/05\/12\/barbaric-moramo-biti-zadovoljni-ivkovic-siroki-nas-je-mogao-zaviti-u-crno\/#breadcrumb"},"inLanguage":"hr","potentialAction":[{"@type":"ReadAction","target":["https:\/\/radioljubuski.ba\/index.php\/2022\/05\/12\/barbaric-moramo-biti-zadovoljni-ivkovic-siroki-nas-je-mogao-zaviti-u-crno\/"]}]},{"@type":"ImageObject","inLanguage":"hr","@id":"https:\/\/radioljubuski.ba\/index.php\/2022\/05\/12\/barbaric-moramo-biti-zadovoljni-ivkovic-siroki-nas-je-mogao-zaviti-u-crno\/#primaryimage","url":"https:\/\/radioljubuski.ba\/wp-content\/uploads\/2022\/05\/ivica-barbaric-1.jpg","contentUrl":"https:\/\/radioljubuski.ba\/wp-content\/uploads\/2022\/05\/ivica-barbaric-1.jpg","width":810,"height":540},{"@type":"BreadcrumbList","@id":"https:\/\/radioljubuski.ba\/index.php\/2022\/05\/12\/barbaric-moramo-biti-zadovoljni-ivkovic-siroki-nas-je-mogao-zaviti-u-crno\/#breadcrumb","itemListElement":[{"@type":"ListItem","position":1,"name":"Po\u010detna stranica","item":"https:\/\/radioljubuski.ba\/"},{"@type":"ListItem","position":2,"name":"Barbari\u0107: Moramo biti zadovoljni ; Ivkovi\u0107: \u0160iroki nas je mogao zaviti u crno"}]},{"@type":"WebSite","@id":"https:\/\/radioljubuski.ba\/#website","url":"https:\/\/radioljubuski.ba\/","name":"Radio Ljubu\u0161ki","description":"Sun\u010dana frekvencija Hercegovine","publisher":{"@id":"https:\/\/radioljubuski.ba\/#organization"},"potentialAction":[{"@type":"SearchAction","target":{"@type":"EntryPoint","urlTemplate":"https:\/\/radioljubuski.ba\/?s={search_term_string}"},"query-input":{"@type":"PropertyValueSpecification","valueRequired":true,"valueName":"search_term_string"}}],"inLanguage":"hr"},{"@type":"Organization","@id":"https:\/\/radioljubuski.ba\/#organization","name":"Radio Ljubu\u0161ki","url":"https:\/\/radioljubuski.ba\/","logo":{"@type":"ImageObject","inLanguage":"hr","@id":"https:\/\/radioljubuski.ba\/#\/schema\/logo\/image\/","url":"https:\/\/radioljubuski.ba\/wp-content\/uploads\/2021\/02\/cropped-Radio_Ljubuski_logo1.jpg","contentUrl":"https:\/\/radioljubuski.ba\/wp-content\/uploads\/2021\/02\/cropped-Radio_Ljubuski_logo1.jpg","width":512,"height":512,"caption":"Radio Ljubu\u0161ki"},"image":{"@id":"https:\/\/radioljubuski.ba\/#\/schema\/logo\/image\/"},"sameAs":["https:\/\/www.facebook.com\/Radiio-Ljubuski-1490835324566332","https:\/\/x.com\/radioljubuski","https:\/\/hr.linkedin.com\/company\/radio-ljubuski","https:\/\/www.youtube.com\/channel\/UCHYaeO_n0Db3tjNGudGpXyw"]},{"@type":"Person","@id":"https:\/\/radioljubuski.ba\/#\/schema\/person\/19fc700381a780f69665d7956c469e3b","name":"Radio Ljubu\u0161ki"}]}},"_links":{"self":[{"href":"https:\/\/radioljubuski.ba\/index.php\/wp-json\/wp\/v2\/posts\/140681","targetHints":{"allow":["GET"]}}],"collection":[{"href":"https:\/\/radioljubuski.ba\/index.php\/wp-json\/wp\/v2\/posts"}],"about":[{"href":"https:\/\/radioljubuski.ba\/index.php\/wp-json\/wp\/v2\/types\/post"}],"author":[{"embeddable":true,"href":"https:\/\/radioljubuski.ba\/index.php\/wp-json\/wp\/v2\/users\/2"}],"replies":[{"embeddable":true,"href":"https:\/\/radioljubuski.ba\/index.php\/wp-json\/wp\/v2\/comments?post=140681"}],"version-history":[{"count":1,"href":"https:\/\/radioljubuski.ba\/index.php\/wp-json\/wp\/v2\/posts\/140681\/revisions"}],"predecessor-version":[{"id":140683,"href":"https:\/\/radioljubuski.ba\/index.php\/wp-json\/wp\/v2\/posts\/140681\/revisions\/140683"}],"wp:featuredmedia":[{"embeddable":true,"href":"https:\/\/radioljubuski.ba\/index.php\/wp-json\/wp\/v2\/media\/140682"}],"wp:attachment":[{"href":"https:\/\/radioljubuski.ba\/index.php\/wp-json\/wp\/v2\/media?parent=140681"}],"wp:term":[{"taxonomy":"category","embeddable":true,"href":"https:\/\/radioljubuski.ba\/index.php\/wp-json\/wp\/v2\/categories?post=140681"},{"taxonomy":"post_tag","embeddable":true,"href":"https:\/\/radioljubuski.ba\/index.php\/wp-json\/wp\/v2\/tags?post=140681"}],"curies":[{"name":"wp","href":"https:\/\/api.w.org\/{rel}","templated":true}]}}