{"id":140939,"date":"2022-05-12T15:06:31","date_gmt":"2022-05-12T14:06:31","guid":{"rendered":"https:\/\/radioljubuski.ba\/?p=140939"},"modified":"2022-05-12T15:06:33","modified_gmt":"2022-05-12T14:06:33","slug":"poraz-petre-martic-slijedi-joj-veliki-pad-na-wta-ljestvici","status":"publish","type":"post","link":"https:\/\/radioljubuski.ba\/index.php\/2022\/05\/12\/poraz-petre-martic-slijedi-joj-veliki-pad-na-wta-ljestvici\/","title":{"rendered":"Poraz Petre Marti\u0107, slijedi joj veliki pad na WTA ljestvici"},"content":{"rendered":"\n<p>Nekada\u0161nja \u010detvrta tenisa\u010dica svijeta i pobjednika US Opena 2019. Kana\u0111anka Bianca Andreescu (WTA &#8211; 90.) zaustavila je Petru Marti\u0107 (WTA &#8211; 47.) u osmini finala WTA 1000 turnira u Rimu pobijediv\u0161i ju sa 6-4, 6-4 nakon jednog sata i 43 minute igre.<\/p>\n\n\n\n<p>Marti\u0107 je bila ravnopravna suparnica, ali je za razliku od ju\u010dera\u0161njeg dvoboja protiv Anett Kontaveit, vi\u0161e prijelomnih poena oti\u0161lo na stranu 21-godi\u0161nje Kana\u0111anke kojoj je ovo debitantski nastup na rimskom turniru.<\/p>\n\n\n\n<p>Hrvatska 31-godi\u0161nja igra\u010dica je imala problema i sa servisom: pogodila je 50 posto prvih servisa i napravila \u0161est dvostrukih pogre\u0161aka koje su pomogle njezinoj suparnici da triput u me\u010du do\u0111e do &#8216;breaka&#8217;, jednom u prvom i dvaput u drugom setu.<\/p>\n\n\n\n<p>Marti\u0107 je u prvom set imala propu\u0161tenu priliku za oduzimanje servisa kod vodstva od 2-1 i sigurno dr\u017eala servis do devetog gema, kad je Kana\u0111anka do\u0161la do prednosti. No, u sljede\u0107em gemu se Marti\u0107 mogla vratiti, ali je propustila jo\u0161 dvije break-lopte.<\/p>\n\n\n\n<p>Nakon \u0161to su u drugom i tre\u0107em gemu drugog seta tenisa\u010dice razmijenile &#8216;breakove&#8217;, Petra je kod 3-2 imala dvije prilike za vodstvo 4-2, ali se Andreescu jo\u0161 jednom izvukla te u sljede\u0107em gemu do\u0161la do novog &#8216;breaka&#8217; prednosti. Marti\u0107 je u desetom gemu, kad je Andreescu servirala za pobjedu, spasila tri me\u010d-lopte, ali ne i \u010detvrtu.<\/p>\n\n\n\n<p>Kako nije uspjela obraniti pro\u0161logodi\u0161nje bodove zara\u0111ene probojem do polufinala u Rimu, Marti\u0107 \u0107e do\u017eivjeti zna\u010dajan pad na WTA ljestvici te u ponedjeljak biti oko 70. pozicije. Tako \u0107e ponovno najbolje rangirana hrvatska tenisa\u010dica postati Ana Konjuh koja je u Rimu zapela u kvalifikacijama, na korak do glavnog turnira.<\/p>\n\n\n\n<p>WTA Rim &#8211; osmina finala<\/p>\n\n\n\n<p>Bianca Andreescu (KAN) &#8211; PETRA MARTI\u0106 (HRV) 6-4, 6-4<\/p>\n\n\n\n<p>Arina Sabalenka (3) &#8211; Jessica Pegula (SAD\/13) 6-1, 6-4<\/p>\n\n\n\n<p>Jil Teichmann (\u0160VI) &#8211; Jelena Ribakina (KAZ) 6-7 (3), 6-3, 7-5<\/p>\n\n\n\n<p>Izvor:pogled.ba<\/p>\n","protected":false},"excerpt":{"rendered":"<p>Nekada\u0161nja \u010detvrta tenisa\u010dica svijeta i pobjednika US Opena 2019. Kana\u0111anka Bianca Andreescu (WTA &#8211; 90.) zaustavila je Petru Marti\u0107 (WTA &#8211; 47.) u osmini finala WTA 1000 turnira u Rimu pobijediv\u0161i ju sa 6-4, 6-4 nakon jednog sata i 43 minute igre. Marti\u0107 je bila ravnopravna suparnica, ali je za razliku od ju\u010dera\u0161njeg dvoboja protiv [&hellip;]<\/p>\n","protected":false},"author":2,"featured_media":22303,"comment_status":"closed","ping_status":"closed","sticky":false,"template":"","format":"standard","meta":{"h5ap_radio_sources":[],"footnotes":""},"categories":[7],"tags":[],"class_list":["post-140939","post","type-post","status-publish","format-standard","has-post-thumbnail","hentry","category-sport"],"yoast_head":"<!-- This site is optimized with the Yoast SEO plugin v27.4 - https:\/\/yoast.com\/product\/yoast-seo-wordpress\/ -->\n<title>Poraz Petre Marti\u0107, slijedi joj veliki pad na WTA ljestvici - RADIO LJUBU\u0160KI<\/title>\n<meta name=\"robots\" content=\"index, follow, max-snippet:-1, max-image-preview:large, max-video-preview:-1\" \/>\n<link rel=\"canonical\" href=\"https:\/\/radioljubuski.ba\/index.php\/2022\/05\/12\/poraz-petre-martic-slijedi-joj-veliki-pad-na-wta-ljestvici\/\" \/>\n<meta property=\"og:locale\" content=\"hr_HR\" \/>\n<meta property=\"og:type\" content=\"article\" \/>\n<meta property=\"og:title\" content=\"Poraz Petre Marti\u0107, slijedi joj veliki pad na WTA ljestvici - RADIO LJUBU\u0160KI\" \/>\n<meta property=\"og:description\" content=\"Nekada\u0161nja \u010detvrta tenisa\u010dica svijeta i pobjednika US Opena 2019. Kana\u0111anka Bianca Andreescu (WTA &#8211; 90.) zaustavila je Petru Marti\u0107 (WTA &#8211; 47.) u osmini finala WTA 1000 turnira u Rimu pobijediv\u0161i ju sa 6-4, 6-4 nakon jednog sata i 43 minute igre. Marti\u0107 je bila ravnopravna suparnica, ali je za razliku od ju\u010dera\u0161njeg dvoboja protiv [&hellip;]\" \/>\n<meta property=\"og:url\" content=\"https:\/\/radioljubuski.ba\/index.php\/2022\/05\/12\/poraz-petre-martic-slijedi-joj-veliki-pad-na-wta-ljestvici\/\" \/>\n<meta property=\"og:site_name\" content=\"RADIO LJUBU\u0160KI\" \/>\n<meta property=\"article:publisher\" content=\"https:\/\/www.facebook.com\/Radiio-Ljubuski-1490835324566332\" \/>\n<meta property=\"article:published_time\" content=\"2022-05-12T14:06:31+00:00\" \/>\n<meta property=\"article:modified_time\" content=\"2022-05-12T14:06:33+00:00\" \/>\n<meta property=\"og:image\" content=\"https:\/\/radioljubuski.ba\/wp-content\/uploads\/2021\/05\/martic-1705-20210517075049-scaled.jpg\" \/>\n\t<meta property=\"og:image:width\" content=\"2560\" \/>\n\t<meta property=\"og:image:height\" content=\"1730\" \/>\n\t<meta property=\"og:image:type\" content=\"image\/jpeg\" \/>\n<meta name=\"author\" content=\"Radio Ljubu\u0161ki\" \/>\n<meta name=\"twitter:card\" content=\"summary_large_image\" \/>\n<meta name=\"twitter:creator\" content=\"@radioljubuski\" \/>\n<meta name=\"twitter:site\" content=\"@radioljubuski\" \/>\n<meta name=\"twitter:label1\" content=\"Napisao\/la\" \/>\n\t<meta name=\"twitter:data1\" content=\"Radio Ljubu\u0161ki\" \/>\n\t<meta name=\"twitter:label2\" content=\"Procijenjeno vrijeme \u010ditanja\" \/>\n\t<meta name=\"twitter:data2\" content=\"2 minute\" \/>\n<script type=\"application\/ld+json\" class=\"yoast-schema-graph\">{\"@context\":\"https:\\\/\\\/schema.org\",\"@graph\":[{\"@type\":\"Article\",\"@id\":\"https:\\\/\\\/radioljubuski.ba\\\/index.php\\\/2022\\\/05\\\/12\\\/poraz-petre-martic-slijedi-joj-veliki-pad-na-wta-ljestvici\\\/#article\",\"isPartOf\":{\"@id\":\"https:\\\/\\\/radioljubuski.ba\\\/index.php\\\/2022\\\/05\\\/12\\\/poraz-petre-martic-slijedi-joj-veliki-pad-na-wta-ljestvici\\\/\"},\"author\":{\"name\":\"Radio Ljubu\u0161ki\",\"@id\":\"https:\\\/\\\/radioljubuski.ba\\\/#\\\/schema\\\/person\\\/19fc700381a780f69665d7956c469e3b\"},\"headline\":\"Poraz Petre Marti\u0107, slijedi joj veliki pad na WTA ljestvici\",\"datePublished\":\"2022-05-12T14:06:31+00:00\",\"dateModified\":\"2022-05-12T14:06:33+00:00\",\"mainEntityOfPage\":{\"@id\":\"https:\\\/\\\/radioljubuski.ba\\\/index.php\\\/2022\\\/05\\\/12\\\/poraz-petre-martic-slijedi-joj-veliki-pad-na-wta-ljestvici\\\/\"},\"wordCount\":329,\"publisher\":{\"@id\":\"https:\\\/\\\/radioljubuski.ba\\\/#organization\"},\"image\":{\"@id\":\"https:\\\/\\\/radioljubuski.ba\\\/index.php\\\/2022\\\/05\\\/12\\\/poraz-petre-martic-slijedi-joj-veliki-pad-na-wta-ljestvici\\\/#primaryimage\"},\"thumbnailUrl\":\"https:\\\/\\\/radioljubuski.ba\\\/wp-content\\\/uploads\\\/2021\\\/05\\\/martic-1705-20210517075049-scaled.jpg\",\"articleSection\":[\"\u0160port\"],\"inLanguage\":\"hr\"},{\"@type\":\"WebPage\",\"@id\":\"https:\\\/\\\/radioljubuski.ba\\\/index.php\\\/2022\\\/05\\\/12\\\/poraz-petre-martic-slijedi-joj-veliki-pad-na-wta-ljestvici\\\/\",\"url\":\"https:\\\/\\\/radioljubuski.ba\\\/index.php\\\/2022\\\/05\\\/12\\\/poraz-petre-martic-slijedi-joj-veliki-pad-na-wta-ljestvici\\\/\",\"name\":\"Poraz Petre Marti\u0107, slijedi joj veliki pad na WTA ljestvici - RADIO LJUBU\u0160KI\",\"isPartOf\":{\"@id\":\"https:\\\/\\\/radioljubuski.ba\\\/#website\"},\"primaryImageOfPage\":{\"@id\":\"https:\\\/\\\/radioljubuski.ba\\\/index.php\\\/2022\\\/05\\\/12\\\/poraz-petre-martic-slijedi-joj-veliki-pad-na-wta-ljestvici\\\/#primaryimage\"},\"image\":{\"@id\":\"https:\\\/\\\/radioljubuski.ba\\\/index.php\\\/2022\\\/05\\\/12\\\/poraz-petre-martic-slijedi-joj-veliki-pad-na-wta-ljestvici\\\/#primaryimage\"},\"thumbnailUrl\":\"https:\\\/\\\/radioljubuski.ba\\\/wp-content\\\/uploads\\\/2021\\\/05\\\/martic-1705-20210517075049-scaled.jpg\",\"datePublished\":\"2022-05-12T14:06:31+00:00\",\"dateModified\":\"2022-05-12T14:06:33+00:00\",\"breadcrumb\":{\"@id\":\"https:\\\/\\\/radioljubuski.ba\\\/index.php\\\/2022\\\/05\\\/12\\\/poraz-petre-martic-slijedi-joj-veliki-pad-na-wta-ljestvici\\\/#breadcrumb\"},\"inLanguage\":\"hr\",\"potentialAction\":[{\"@type\":\"ReadAction\",\"target\":[\"https:\\\/\\\/radioljubuski.ba\\\/index.php\\\/2022\\\/05\\\/12\\\/poraz-petre-martic-slijedi-joj-veliki-pad-na-wta-ljestvici\\\/\"]}]},{\"@type\":\"ImageObject\",\"inLanguage\":\"hr\",\"@id\":\"https:\\\/\\\/radioljubuski.ba\\\/index.php\\\/2022\\\/05\\\/12\\\/poraz-petre-martic-slijedi-joj-veliki-pad-na-wta-ljestvici\\\/#primaryimage\",\"url\":\"https:\\\/\\\/radioljubuski.ba\\\/wp-content\\\/uploads\\\/2021\\\/05\\\/martic-1705-20210517075049-scaled.jpg\",\"contentUrl\":\"https:\\\/\\\/radioljubuski.ba\\\/wp-content\\\/uploads\\\/2021\\\/05\\\/martic-1705-20210517075049-scaled.jpg\",\"width\":2560,\"height\":1730},{\"@type\":\"BreadcrumbList\",\"@id\":\"https:\\\/\\\/radioljubuski.ba\\\/index.php\\\/2022\\\/05\\\/12\\\/poraz-petre-martic-slijedi-joj-veliki-pad-na-wta-ljestvici\\\/#breadcrumb\",\"itemListElement\":[{\"@type\":\"ListItem\",\"position\":1,\"name\":\"Po\u010detna stranica\",\"item\":\"https:\\\/\\\/radioljubuski.ba\\\/\"},{\"@type\":\"ListItem\",\"position\":2,\"name\":\"Poraz Petre Marti\u0107, slijedi joj veliki pad na WTA ljestvici\"}]},{\"@type\":\"WebSite\",\"@id\":\"https:\\\/\\\/radioljubuski.ba\\\/#website\",\"url\":\"https:\\\/\\\/radioljubuski.ba\\\/\",\"name\":\"Radio Ljubu\u0161ki\",\"description\":\"Sun\u010dana frekvencija Hercegovine\",\"publisher\":{\"@id\":\"https:\\\/\\\/radioljubuski.ba\\\/#organization\"},\"potentialAction\":[{\"@type\":\"SearchAction\",\"target\":{\"@type\":\"EntryPoint\",\"urlTemplate\":\"https:\\\/\\\/radioljubuski.ba\\\/?s={search_term_string}\"},\"query-input\":{\"@type\":\"PropertyValueSpecification\",\"valueRequired\":true,\"valueName\":\"search_term_string\"}}],\"inLanguage\":\"hr\"},{\"@type\":\"Organization\",\"@id\":\"https:\\\/\\\/radioljubuski.ba\\\/#organization\",\"name\":\"Radio Ljubu\u0161ki\",\"url\":\"https:\\\/\\\/radioljubuski.ba\\\/\",\"logo\":{\"@type\":\"ImageObject\",\"inLanguage\":\"hr\",\"@id\":\"https:\\\/\\\/radioljubuski.ba\\\/#\\\/schema\\\/logo\\\/image\\\/\",\"url\":\"https:\\\/\\\/radioljubuski.ba\\\/wp-content\\\/uploads\\\/2021\\\/02\\\/cropped-Radio_Ljubuski_logo1.jpg\",\"contentUrl\":\"https:\\\/\\\/radioljubuski.ba\\\/wp-content\\\/uploads\\\/2021\\\/02\\\/cropped-Radio_Ljubuski_logo1.jpg\",\"width\":512,\"height\":512,\"caption\":\"Radio Ljubu\u0161ki\"},\"image\":{\"@id\":\"https:\\\/\\\/radioljubuski.ba\\\/#\\\/schema\\\/logo\\\/image\\\/\"},\"sameAs\":[\"https:\\\/\\\/www.facebook.com\\\/Radiio-Ljubuski-1490835324566332\",\"https:\\\/\\\/x.com\\\/radioljubuski\",\"https:\\\/\\\/hr.linkedin.com\\\/company\\\/radio-ljubuski\",\"https:\\\/\\\/www.youtube.com\\\/channel\\\/UCHYaeO_n0Db3tjNGudGpXyw\"]},{\"@type\":\"Person\",\"@id\":\"https:\\\/\\\/radioljubuski.ba\\\/#\\\/schema\\\/person\\\/19fc700381a780f69665d7956c469e3b\",\"name\":\"Radio Ljubu\u0161ki\"}]}<\/script>\n<!-- \/ Yoast SEO plugin. -->","yoast_head_json":{"title":"Poraz Petre Marti\u0107, slijedi joj veliki pad na WTA ljestvici - RADIO LJUBU\u0160KI","robots":{"index":"index","follow":"follow","max-snippet":"max-snippet:-1","max-image-preview":"max-image-preview:large","max-video-preview":"max-video-preview:-1"},"canonical":"https:\/\/radioljubuski.ba\/index.php\/2022\/05\/12\/poraz-petre-martic-slijedi-joj-veliki-pad-na-wta-ljestvici\/","og_locale":"hr_HR","og_type":"article","og_title":"Poraz Petre Marti\u0107, slijedi joj veliki pad na WTA ljestvici - RADIO LJUBU\u0160KI","og_description":"Nekada\u0161nja \u010detvrta tenisa\u010dica svijeta i pobjednika US Opena 2019. Kana\u0111anka Bianca Andreescu (WTA &#8211; 90.) zaustavila je Petru Marti\u0107 (WTA &#8211; 47.) u osmini finala WTA 1000 turnira u Rimu pobijediv\u0161i ju sa 6-4, 6-4 nakon jednog sata i 43 minute igre. Marti\u0107 je bila ravnopravna suparnica, ali je za razliku od ju\u010dera\u0161njeg dvoboja protiv [&hellip;]","og_url":"https:\/\/radioljubuski.ba\/index.php\/2022\/05\/12\/poraz-petre-martic-slijedi-joj-veliki-pad-na-wta-ljestvici\/","og_site_name":"RADIO LJUBU\u0160KI","article_publisher":"https:\/\/www.facebook.com\/Radiio-Ljubuski-1490835324566332","article_published_time":"2022-05-12T14:06:31+00:00","article_modified_time":"2022-05-12T14:06:33+00:00","og_image":[{"width":2560,"height":1730,"url":"https:\/\/radioljubuski.ba\/wp-content\/uploads\/2021\/05\/martic-1705-20210517075049-scaled.jpg","type":"image\/jpeg"}],"author":"Radio Ljubu\u0161ki","twitter_card":"summary_large_image","twitter_creator":"@radioljubuski","twitter_site":"@radioljubuski","twitter_misc":{"Napisao\/la":"Radio Ljubu\u0161ki","Procijenjeno vrijeme \u010ditanja":"2 minute"},"schema":{"@context":"https:\/\/schema.org","@graph":[{"@type":"Article","@id":"https:\/\/radioljubuski.ba\/index.php\/2022\/05\/12\/poraz-petre-martic-slijedi-joj-veliki-pad-na-wta-ljestvici\/#article","isPartOf":{"@id":"https:\/\/radioljubuski.ba\/index.php\/2022\/05\/12\/poraz-petre-martic-slijedi-joj-veliki-pad-na-wta-ljestvici\/"},"author":{"name":"Radio Ljubu\u0161ki","@id":"https:\/\/radioljubuski.ba\/#\/schema\/person\/19fc700381a780f69665d7956c469e3b"},"headline":"Poraz Petre Marti\u0107, slijedi joj veliki pad na WTA ljestvici","datePublished":"2022-05-12T14:06:31+00:00","dateModified":"2022-05-12T14:06:33+00:00","mainEntityOfPage":{"@id":"https:\/\/radioljubuski.ba\/index.php\/2022\/05\/12\/poraz-petre-martic-slijedi-joj-veliki-pad-na-wta-ljestvici\/"},"wordCount":329,"publisher":{"@id":"https:\/\/radioljubuski.ba\/#organization"},"image":{"@id":"https:\/\/radioljubuski.ba\/index.php\/2022\/05\/12\/poraz-petre-martic-slijedi-joj-veliki-pad-na-wta-ljestvici\/#primaryimage"},"thumbnailUrl":"https:\/\/radioljubuski.ba\/wp-content\/uploads\/2021\/05\/martic-1705-20210517075049-scaled.jpg","articleSection":["\u0160port"],"inLanguage":"hr"},{"@type":"WebPage","@id":"https:\/\/radioljubuski.ba\/index.php\/2022\/05\/12\/poraz-petre-martic-slijedi-joj-veliki-pad-na-wta-ljestvici\/","url":"https:\/\/radioljubuski.ba\/index.php\/2022\/05\/12\/poraz-petre-martic-slijedi-joj-veliki-pad-na-wta-ljestvici\/","name":"Poraz Petre Marti\u0107, slijedi joj veliki pad na WTA ljestvici - RADIO LJUBU\u0160KI","isPartOf":{"@id":"https:\/\/radioljubuski.ba\/#website"},"primaryImageOfPage":{"@id":"https:\/\/radioljubuski.ba\/index.php\/2022\/05\/12\/poraz-petre-martic-slijedi-joj-veliki-pad-na-wta-ljestvici\/#primaryimage"},"image":{"@id":"https:\/\/radioljubuski.ba\/index.php\/2022\/05\/12\/poraz-petre-martic-slijedi-joj-veliki-pad-na-wta-ljestvici\/#primaryimage"},"thumbnailUrl":"https:\/\/radioljubuski.ba\/wp-content\/uploads\/2021\/05\/martic-1705-20210517075049-scaled.jpg","datePublished":"2022-05-12T14:06:31+00:00","dateModified":"2022-05-12T14:06:33+00:00","breadcrumb":{"@id":"https:\/\/radioljubuski.ba\/index.php\/2022\/05\/12\/poraz-petre-martic-slijedi-joj-veliki-pad-na-wta-ljestvici\/#breadcrumb"},"inLanguage":"hr","potentialAction":[{"@type":"ReadAction","target":["https:\/\/radioljubuski.ba\/index.php\/2022\/05\/12\/poraz-petre-martic-slijedi-joj-veliki-pad-na-wta-ljestvici\/"]}]},{"@type":"ImageObject","inLanguage":"hr","@id":"https:\/\/radioljubuski.ba\/index.php\/2022\/05\/12\/poraz-petre-martic-slijedi-joj-veliki-pad-na-wta-ljestvici\/#primaryimage","url":"https:\/\/radioljubuski.ba\/wp-content\/uploads\/2021\/05\/martic-1705-20210517075049-scaled.jpg","contentUrl":"https:\/\/radioljubuski.ba\/wp-content\/uploads\/2021\/05\/martic-1705-20210517075049-scaled.jpg","width":2560,"height":1730},{"@type":"BreadcrumbList","@id":"https:\/\/radioljubuski.ba\/index.php\/2022\/05\/12\/poraz-petre-martic-slijedi-joj-veliki-pad-na-wta-ljestvici\/#breadcrumb","itemListElement":[{"@type":"ListItem","position":1,"name":"Po\u010detna stranica","item":"https:\/\/radioljubuski.ba\/"},{"@type":"ListItem","position":2,"name":"Poraz Petre Marti\u0107, slijedi joj veliki pad na WTA ljestvici"}]},{"@type":"WebSite","@id":"https:\/\/radioljubuski.ba\/#website","url":"https:\/\/radioljubuski.ba\/","name":"Radio Ljubu\u0161ki","description":"Sun\u010dana frekvencija Hercegovine","publisher":{"@id":"https:\/\/radioljubuski.ba\/#organization"},"potentialAction":[{"@type":"SearchAction","target":{"@type":"EntryPoint","urlTemplate":"https:\/\/radioljubuski.ba\/?s={search_term_string}"},"query-input":{"@type":"PropertyValueSpecification","valueRequired":true,"valueName":"search_term_string"}}],"inLanguage":"hr"},{"@type":"Organization","@id":"https:\/\/radioljubuski.ba\/#organization","name":"Radio Ljubu\u0161ki","url":"https:\/\/radioljubuski.ba\/","logo":{"@type":"ImageObject","inLanguage":"hr","@id":"https:\/\/radioljubuski.ba\/#\/schema\/logo\/image\/","url":"https:\/\/radioljubuski.ba\/wp-content\/uploads\/2021\/02\/cropped-Radio_Ljubuski_logo1.jpg","contentUrl":"https:\/\/radioljubuski.ba\/wp-content\/uploads\/2021\/02\/cropped-Radio_Ljubuski_logo1.jpg","width":512,"height":512,"caption":"Radio Ljubu\u0161ki"},"image":{"@id":"https:\/\/radioljubuski.ba\/#\/schema\/logo\/image\/"},"sameAs":["https:\/\/www.facebook.com\/Radiio-Ljubuski-1490835324566332","https:\/\/x.com\/radioljubuski","https:\/\/hr.linkedin.com\/company\/radio-ljubuski","https:\/\/www.youtube.com\/channel\/UCHYaeO_n0Db3tjNGudGpXyw"]},{"@type":"Person","@id":"https:\/\/radioljubuski.ba\/#\/schema\/person\/19fc700381a780f69665d7956c469e3b","name":"Radio Ljubu\u0161ki"}]}},"_links":{"self":[{"href":"https:\/\/radioljubuski.ba\/index.php\/wp-json\/wp\/v2\/posts\/140939","targetHints":{"allow":["GET"]}}],"collection":[{"href":"https:\/\/radioljubuski.ba\/index.php\/wp-json\/wp\/v2\/posts"}],"about":[{"href":"https:\/\/radioljubuski.ba\/index.php\/wp-json\/wp\/v2\/types\/post"}],"author":[{"embeddable":true,"href":"https:\/\/radioljubuski.ba\/index.php\/wp-json\/wp\/v2\/users\/2"}],"replies":[{"embeddable":true,"href":"https:\/\/radioljubuski.ba\/index.php\/wp-json\/wp\/v2\/comments?post=140939"}],"version-history":[{"count":1,"href":"https:\/\/radioljubuski.ba\/index.php\/wp-json\/wp\/v2\/posts\/140939\/revisions"}],"predecessor-version":[{"id":140940,"href":"https:\/\/radioljubuski.ba\/index.php\/wp-json\/wp\/v2\/posts\/140939\/revisions\/140940"}],"wp:featuredmedia":[{"embeddable":true,"href":"https:\/\/radioljubuski.ba\/index.php\/wp-json\/wp\/v2\/media\/22303"}],"wp:attachment":[{"href":"https:\/\/radioljubuski.ba\/index.php\/wp-json\/wp\/v2\/media?parent=140939"}],"wp:term":[{"taxonomy":"category","embeddable":true,"href":"https:\/\/radioljubuski.ba\/index.php\/wp-json\/wp\/v2\/categories?post=140939"},{"taxonomy":"post_tag","embeddable":true,"href":"https:\/\/radioljubuski.ba\/index.php\/wp-json\/wp\/v2\/tags?post=140939"}],"curies":[{"name":"wp","href":"https:\/\/api.w.org\/{rel}","templated":true}]}}