{"id":140989,"date":"2022-05-13T08:14:33","date_gmt":"2022-05-13T07:14:33","guid":{"rendered":"https:\/\/radioljubuski.ba\/?p=140989"},"modified":"2022-05-13T08:14:34","modified_gmt":"2022-05-13T07:14:34","slug":"sestica-real-madrida-modric-briljirao","status":"publish","type":"post","link":"https:\/\/radioljubuski.ba\/index.php\/2022\/05\/13\/sestica-real-madrida-modric-briljirao\/","title":{"rendered":"&#8220;\u0160estica&#8221; Real Madrida, Modri\u0107 briljirao"},"content":{"rendered":"\n<p>U posljednjem susretu 36. kola \u0161panjolskog nogometnog prvenstva Real Madrid je na stadionu Santiago Bernabeu pobijedio &#8220;fenjera\u0161a&#8221; Levante s \u010dak 6-0, uz tri asistencije\u00a0<strong>Luke Modri\u0107a<\/strong>.<\/p>\n\n\n\n<p>Ovim porazom Levante je dva kola prije kraja prvenstva ostao i bez matemati\u010dkih izgleda za prvoliga\u0161ki spas.<\/p>\n\n\n\n<p>Bila je to jo\u0161 jedna sjajna predstava novog \u0161panjolskog prvaka, a &#8220;Kraljevski klub&#8221; su do slavlja vukli trostruki strijelac<strong>&nbsp;Vinicius Junior<\/strong>&nbsp;i trostruki asistent&nbsp;<strong>Luka Modri\u0107<\/strong>.<\/p>\n\n\n\n<p>Modri\u0107 je prvi put u 434 nastupa u Realovom dresu u jednom susretu zabilje\u017eio tri asistencije, a posljednji igra\u010d Reala kojem je to uspjelo bio je&nbsp;<strong>James Rodr\u00edguez&nbsp;<\/strong>protiv Rayo Vallecana prije sedam godina.<\/p>\n\n\n\n<p>Kapetan hrvatske vrste je ove sezone zabilje\u017eio 13 asistencija u svim natjecanjima za Real Madrid, a zabio je i tri gola.<\/p>\n\n\n\n<p>Dodajmo kako je Benzema stigao do brojke od 323 gola u Realovom dresu izjedna\u010div\u0161i se na drugom mjestu klupske ljestvice s&nbsp;<strong>Raulom<\/strong>. Ispred njih je samo&nbsp;<strong>Cristiano Ronaldo<\/strong>&nbsp;s 450 golova.<\/p>\n\n\n\n<p>&#8220;Kraljevski klub&#8221; je poveo u 13. minuti golom&nbsp;<strong>Ferlanda Mendyja<\/strong>&nbsp;na Modri\u0107evo dodavanje. \u0160est minuta poslije Karim Benzema je zabio za 2-0, ovoga puta asistent je bio Vinicius Junior.<\/p>\n\n\n\n<p>Do kraja prvog dijela Real je za zabio jo\u0161 dva gola, a kod oba je asistirao kapetan hrvatske reprezentacije, u 34. za&nbsp;<strong>Rodryga<\/strong>, a u 45. za Viniciusa Juniora.<\/p>\n\n\n\n<p>Golijada se nastavila u 68. minuti kada je Junior zabio svoj drugi gol na utakmici, da bi u 83. minuti upisao i hat-trick za kona\u010dnih 6-0. Modri\u0107 je igrao do 75. minute kada ga je zamijenio\u00a0<strong>Peter Gonzalez<\/strong>.<\/p>\n\n\n\n<p>U ranije odigranom susretu Villarreal je kao gost s 5-1 porazio Rayo Vallecano. Za &#8220;\u017dutu podmornicu&#8221; su zabili&nbsp;<strong>Alfonso Pedraza<\/strong>&nbsp;(3, 88),&nbsp;<strong>Juan Foyth<\/strong>&nbsp;(27),&nbsp;<strong>Paco Alcacer<\/strong>&nbsp;(38) i&nbsp;<strong>Pau Torres<\/strong>&nbsp;(45+1), dok je za doma\u0107i sastav zabio&nbsp;<strong>Sergi Guardiola<\/strong>&nbsp;(21).<\/p>\n\n\n\n<p>Uvjerljiv je bio i Real Sociedad koji je s 3-0 slavio protiv Cadiz, a golove su zabili<strong>&nbsp;Alexander Sorloth<\/strong>&nbsp;(19),&nbsp;<strong>Adnan Januzaj<\/strong>&nbsp;(53-11m) i&nbsp;<strong>Cristian Portu<\/strong>&nbsp;(90+8-11m).<\/p>\n\n\n\n<p>Real Madrid vodi na ljestvici s nedosti\u017ena 84 boda, Barcelona je druga sa 72 boda, dok je Atletico Madrid tre\u0107i sa 67 bodova. Slijede Sevilla (66), Real Betis (61)&#8230;<\/p>\n\n\n\n<p>Levante je ostao na za\u010delju s 29 bodova, \u0161est manje od Cadiza koji dr\u017ei 17. poziciju koja osigurava spas. Me\u0111utim, Cadiz je bolji u me\u0111usobnom srazu (2-0, 1-1), pa za Levante vi\u0161e nema spasa.<\/p>\n\n\n\n<p>U o\u010dajnoj sezoni Levante su vodila tri trenera. Po\u010deo je&nbsp;<strong>Paco Lopez<\/strong>, slijedio ga je&nbsp;<strong>Javier Pereira<\/strong>&nbsp;i na kraju je kontrolu preuzeo<strong>&nbsp;Alessio Lisci<\/strong>, me\u0111utim mom\u010dad iz Valencije nije se uspjela spasiti.<\/p>\n\n\n\n<p>REZULTATI:<\/p>\n\n\n\n<p>Real Sociedad &#8211; Cadiz 3-0 (Sorloth 19, Januzaj 53-11m, Portu 90+8-11m)<\/p>\n\n\n\n<p>Rayo Vallecano &#8211; Villarreal 1-5 (Guardiola 21 \/ Pedraza 3, Foyth 27, Alcacer 38, Torres 45+1, Pedraza 88)<\/p>\n\n\n\n<p>Real Madrid &#8211; Levante 6-0 (Mendy 13, Benzema 19, Rodrygo 34, Junior 45, 68, 83)<\/p>\n\n\n\n<p>U srijedu:<\/p>\n\n\n\n<p>Sevilla &#8211; Mallorca 0-0<\/p>\n\n\n\n<p>Elche &#8211; Atletico Madrid 0-2 (Matheus Cunha 28, De Paul 62)<\/p>\n\n\n\n<p>Alaves &#8211; Espanyol 2-1 (De la Fuente 7, Escalante 59 \/ Raul Tomas 14-11m)<\/p>\n\n\n\n<p>Osasuna &#8211; Getafe 1-1 (Oier 9 \/ Lucas Torro 20-ag)<\/p>\n\n\n\n<p>Utorak:<\/p>\n\n\n\n<p>Valencia &#8211; Betis 0-3 (Willian Jose 57, Canales 87, Borja Iglesias 90)<\/p>\n\n\n\n<p>Granada &#8211; Athletic Bilbao 1-0 (Collado 35)<\/p>\n\n\n\n<p>Barcelona &#8211; Celta 3-1 (Depay 30, Aubameyang 41, 48 \/ Aspas 50)<\/p>\n\n\n\n<p>izvor: hrt.hr<\/p>\n","protected":false},"excerpt":{"rendered":"<p>U posljednjem susretu 36. kola \u0161panjolskog nogometnog prvenstva Real Madrid je na stadionu Santiago Bernabeu pobijedio &#8220;fenjera\u0161a&#8221; Levante s \u010dak 6-0, uz tri asistencije\u00a0Luke Modri\u0107a. Ovim porazom Levante je dva kola prije kraja prvenstva ostao i bez matemati\u010dkih izgleda za prvoliga\u0161ki spas. Bila je to jo\u0161 jedna sjajna predstava novog \u0161panjolskog prvaka, a &#8220;Kraljevski klub&#8221; [&hellip;]<\/p>\n","protected":false},"author":2,"featured_media":140990,"comment_status":"closed","ping_status":"closed","sticky":false,"template":"","format":"standard","meta":{"h5ap_radio_sources":[],"footnotes":""},"categories":[7],"tags":[],"class_list":["post-140989","post","type-post","status-publish","format-standard","has-post-thumbnail","hentry","category-sport"],"yoast_head":"<!-- This site is optimized with the Yoast SEO plugin v27.4 - https:\/\/yoast.com\/product\/yoast-seo-wordpress\/ -->\n<title>&quot;\u0160estica&quot; Real Madrida, Modri\u0107 briljirao - RADIO LJUBU\u0160KI<\/title>\n<meta name=\"robots\" content=\"index, follow, max-snippet:-1, max-image-preview:large, max-video-preview:-1\" \/>\n<link rel=\"canonical\" href=\"https:\/\/radioljubuski.ba\/index.php\/2022\/05\/13\/sestica-real-madrida-modric-briljirao\/\" \/>\n<meta property=\"og:locale\" content=\"hr_HR\" \/>\n<meta property=\"og:type\" content=\"article\" \/>\n<meta property=\"og:title\" content=\"&quot;\u0160estica&quot; Real Madrida, Modri\u0107 briljirao - RADIO LJUBU\u0160KI\" \/>\n<meta property=\"og:description\" content=\"U posljednjem susretu 36. kola \u0161panjolskog nogometnog prvenstva Real Madrid je na stadionu Santiago Bernabeu pobijedio &#8220;fenjera\u0161a&#8221; Levante s \u010dak 6-0, uz tri asistencije\u00a0Luke Modri\u0107a. Ovim porazom Levante je dva kola prije kraja prvenstva ostao i bez matemati\u010dkih izgleda za prvoliga\u0161ki spas. Bila je to jo\u0161 jedna sjajna predstava novog \u0161panjolskog prvaka, a &#8220;Kraljevski klub&#8221; [&hellip;]\" \/>\n<meta property=\"og:url\" content=\"https:\/\/radioljubuski.ba\/index.php\/2022\/05\/13\/sestica-real-madrida-modric-briljirao\/\" \/>\n<meta property=\"og:site_name\" content=\"RADIO LJUBU\u0160KI\" \/>\n<meta property=\"article:publisher\" content=\"https:\/\/www.facebook.com\/Radiio-Ljubuski-1490835324566332\" \/>\n<meta property=\"article:published_time\" content=\"2022-05-13T07:14:33+00:00\" \/>\n<meta property=\"article:modified_time\" content=\"2022-05-13T07:14:34+00:00\" \/>\n<meta property=\"og:image\" content=\"https:\/\/radioljubuski.ba\/wp-content\/uploads\/2022\/05\/junior.jpg\" \/>\n\t<meta property=\"og:image:width\" content=\"300\" \/>\n\t<meta property=\"og:image:height\" content=\"168\" \/>\n\t<meta property=\"og:image:type\" content=\"image\/jpeg\" \/>\n<meta name=\"author\" content=\"Radio Ljubu\u0161ki\" \/>\n<meta name=\"twitter:card\" content=\"summary_large_image\" \/>\n<meta name=\"twitter:creator\" content=\"@radioljubuski\" \/>\n<meta name=\"twitter:site\" content=\"@radioljubuski\" \/>\n<meta name=\"twitter:label1\" content=\"Napisao\/la\" \/>\n\t<meta name=\"twitter:data1\" content=\"Radio Ljubu\u0161ki\" \/>\n\t<meta name=\"twitter:label2\" content=\"Procijenjeno vrijeme \u010ditanja\" \/>\n\t<meta name=\"twitter:data2\" content=\"3 minute\" \/>\n<script type=\"application\/ld+json\" class=\"yoast-schema-graph\">{\"@context\":\"https:\\\/\\\/schema.org\",\"@graph\":[{\"@type\":\"Article\",\"@id\":\"https:\\\/\\\/radioljubuski.ba\\\/index.php\\\/2022\\\/05\\\/13\\\/sestica-real-madrida-modric-briljirao\\\/#article\",\"isPartOf\":{\"@id\":\"https:\\\/\\\/radioljubuski.ba\\\/index.php\\\/2022\\\/05\\\/13\\\/sestica-real-madrida-modric-briljirao\\\/\"},\"author\":{\"name\":\"Radio Ljubu\u0161ki\",\"@id\":\"https:\\\/\\\/radioljubuski.ba\\\/#\\\/schema\\\/person\\\/19fc700381a780f69665d7956c469e3b\"},\"headline\":\"&#8220;\u0160estica&#8221; Real Madrida, Modri\u0107 briljirao\",\"datePublished\":\"2022-05-13T07:14:33+00:00\",\"dateModified\":\"2022-05-13T07:14:34+00:00\",\"mainEntityOfPage\":{\"@id\":\"https:\\\/\\\/radioljubuski.ba\\\/index.php\\\/2022\\\/05\\\/13\\\/sestica-real-madrida-modric-briljirao\\\/\"},\"wordCount\":545,\"publisher\":{\"@id\":\"https:\\\/\\\/radioljubuski.ba\\\/#organization\"},\"image\":{\"@id\":\"https:\\\/\\\/radioljubuski.ba\\\/index.php\\\/2022\\\/05\\\/13\\\/sestica-real-madrida-modric-briljirao\\\/#primaryimage\"},\"thumbnailUrl\":\"https:\\\/\\\/radioljubuski.ba\\\/wp-content\\\/uploads\\\/2022\\\/05\\\/junior.jpg\",\"articleSection\":[\"\u0160port\"],\"inLanguage\":\"hr\"},{\"@type\":\"WebPage\",\"@id\":\"https:\\\/\\\/radioljubuski.ba\\\/index.php\\\/2022\\\/05\\\/13\\\/sestica-real-madrida-modric-briljirao\\\/\",\"url\":\"https:\\\/\\\/radioljubuski.ba\\\/index.php\\\/2022\\\/05\\\/13\\\/sestica-real-madrida-modric-briljirao\\\/\",\"name\":\"\\\"\u0160estica\\\" Real Madrida, Modri\u0107 briljirao - RADIO LJUBU\u0160KI\",\"isPartOf\":{\"@id\":\"https:\\\/\\\/radioljubuski.ba\\\/#website\"},\"primaryImageOfPage\":{\"@id\":\"https:\\\/\\\/radioljubuski.ba\\\/index.php\\\/2022\\\/05\\\/13\\\/sestica-real-madrida-modric-briljirao\\\/#primaryimage\"},\"image\":{\"@id\":\"https:\\\/\\\/radioljubuski.ba\\\/index.php\\\/2022\\\/05\\\/13\\\/sestica-real-madrida-modric-briljirao\\\/#primaryimage\"},\"thumbnailUrl\":\"https:\\\/\\\/radioljubuski.ba\\\/wp-content\\\/uploads\\\/2022\\\/05\\\/junior.jpg\",\"datePublished\":\"2022-05-13T07:14:33+00:00\",\"dateModified\":\"2022-05-13T07:14:34+00:00\",\"breadcrumb\":{\"@id\":\"https:\\\/\\\/radioljubuski.ba\\\/index.php\\\/2022\\\/05\\\/13\\\/sestica-real-madrida-modric-briljirao\\\/#breadcrumb\"},\"inLanguage\":\"hr\",\"potentialAction\":[{\"@type\":\"ReadAction\",\"target\":[\"https:\\\/\\\/radioljubuski.ba\\\/index.php\\\/2022\\\/05\\\/13\\\/sestica-real-madrida-modric-briljirao\\\/\"]}]},{\"@type\":\"ImageObject\",\"inLanguage\":\"hr\",\"@id\":\"https:\\\/\\\/radioljubuski.ba\\\/index.php\\\/2022\\\/05\\\/13\\\/sestica-real-madrida-modric-briljirao\\\/#primaryimage\",\"url\":\"https:\\\/\\\/radioljubuski.ba\\\/wp-content\\\/uploads\\\/2022\\\/05\\\/junior.jpg\",\"contentUrl\":\"https:\\\/\\\/radioljubuski.ba\\\/wp-content\\\/uploads\\\/2022\\\/05\\\/junior.jpg\",\"width\":300,\"height\":168},{\"@type\":\"BreadcrumbList\",\"@id\":\"https:\\\/\\\/radioljubuski.ba\\\/index.php\\\/2022\\\/05\\\/13\\\/sestica-real-madrida-modric-briljirao\\\/#breadcrumb\",\"itemListElement\":[{\"@type\":\"ListItem\",\"position\":1,\"name\":\"Po\u010detna stranica\",\"item\":\"https:\\\/\\\/radioljubuski.ba\\\/\"},{\"@type\":\"ListItem\",\"position\":2,\"name\":\"&#8220;\u0160estica&#8221; Real Madrida, Modri\u0107 briljirao\"}]},{\"@type\":\"WebSite\",\"@id\":\"https:\\\/\\\/radioljubuski.ba\\\/#website\",\"url\":\"https:\\\/\\\/radioljubuski.ba\\\/\",\"name\":\"Radio Ljubu\u0161ki\",\"description\":\"Sun\u010dana frekvencija Hercegovine\",\"publisher\":{\"@id\":\"https:\\\/\\\/radioljubuski.ba\\\/#organization\"},\"potentialAction\":[{\"@type\":\"SearchAction\",\"target\":{\"@type\":\"EntryPoint\",\"urlTemplate\":\"https:\\\/\\\/radioljubuski.ba\\\/?s={search_term_string}\"},\"query-input\":{\"@type\":\"PropertyValueSpecification\",\"valueRequired\":true,\"valueName\":\"search_term_string\"}}],\"inLanguage\":\"hr\"},{\"@type\":\"Organization\",\"@id\":\"https:\\\/\\\/radioljubuski.ba\\\/#organization\",\"name\":\"Radio Ljubu\u0161ki\",\"url\":\"https:\\\/\\\/radioljubuski.ba\\\/\",\"logo\":{\"@type\":\"ImageObject\",\"inLanguage\":\"hr\",\"@id\":\"https:\\\/\\\/radioljubuski.ba\\\/#\\\/schema\\\/logo\\\/image\\\/\",\"url\":\"https:\\\/\\\/radioljubuski.ba\\\/wp-content\\\/uploads\\\/2021\\\/02\\\/cropped-Radio_Ljubuski_logo1.jpg\",\"contentUrl\":\"https:\\\/\\\/radioljubuski.ba\\\/wp-content\\\/uploads\\\/2021\\\/02\\\/cropped-Radio_Ljubuski_logo1.jpg\",\"width\":512,\"height\":512,\"caption\":\"Radio Ljubu\u0161ki\"},\"image\":{\"@id\":\"https:\\\/\\\/radioljubuski.ba\\\/#\\\/schema\\\/logo\\\/image\\\/\"},\"sameAs\":[\"https:\\\/\\\/www.facebook.com\\\/Radiio-Ljubuski-1490835324566332\",\"https:\\\/\\\/x.com\\\/radioljubuski\",\"https:\\\/\\\/hr.linkedin.com\\\/company\\\/radio-ljubuski\",\"https:\\\/\\\/www.youtube.com\\\/channel\\\/UCHYaeO_n0Db3tjNGudGpXyw\"]},{\"@type\":\"Person\",\"@id\":\"https:\\\/\\\/radioljubuski.ba\\\/#\\\/schema\\\/person\\\/19fc700381a780f69665d7956c469e3b\",\"name\":\"Radio Ljubu\u0161ki\"}]}<\/script>\n<!-- \/ Yoast SEO plugin. -->","yoast_head_json":{"title":"\"\u0160estica\" Real Madrida, Modri\u0107 briljirao - RADIO LJUBU\u0160KI","robots":{"index":"index","follow":"follow","max-snippet":"max-snippet:-1","max-image-preview":"max-image-preview:large","max-video-preview":"max-video-preview:-1"},"canonical":"https:\/\/radioljubuski.ba\/index.php\/2022\/05\/13\/sestica-real-madrida-modric-briljirao\/","og_locale":"hr_HR","og_type":"article","og_title":"\"\u0160estica\" Real Madrida, Modri\u0107 briljirao - RADIO LJUBU\u0160KI","og_description":"U posljednjem susretu 36. kola \u0161panjolskog nogometnog prvenstva Real Madrid je na stadionu Santiago Bernabeu pobijedio &#8220;fenjera\u0161a&#8221; Levante s \u010dak 6-0, uz tri asistencije\u00a0Luke Modri\u0107a. Ovim porazom Levante je dva kola prije kraja prvenstva ostao i bez matemati\u010dkih izgleda za prvoliga\u0161ki spas. Bila je to jo\u0161 jedna sjajna predstava novog \u0161panjolskog prvaka, a &#8220;Kraljevski klub&#8221; [&hellip;]","og_url":"https:\/\/radioljubuski.ba\/index.php\/2022\/05\/13\/sestica-real-madrida-modric-briljirao\/","og_site_name":"RADIO LJUBU\u0160KI","article_publisher":"https:\/\/www.facebook.com\/Radiio-Ljubuski-1490835324566332","article_published_time":"2022-05-13T07:14:33+00:00","article_modified_time":"2022-05-13T07:14:34+00:00","og_image":[{"width":300,"height":168,"url":"https:\/\/radioljubuski.ba\/wp-content\/uploads\/2022\/05\/junior.jpg","type":"image\/jpeg"}],"author":"Radio Ljubu\u0161ki","twitter_card":"summary_large_image","twitter_creator":"@radioljubuski","twitter_site":"@radioljubuski","twitter_misc":{"Napisao\/la":"Radio Ljubu\u0161ki","Procijenjeno vrijeme \u010ditanja":"3 minute"},"schema":{"@context":"https:\/\/schema.org","@graph":[{"@type":"Article","@id":"https:\/\/radioljubuski.ba\/index.php\/2022\/05\/13\/sestica-real-madrida-modric-briljirao\/#article","isPartOf":{"@id":"https:\/\/radioljubuski.ba\/index.php\/2022\/05\/13\/sestica-real-madrida-modric-briljirao\/"},"author":{"name":"Radio Ljubu\u0161ki","@id":"https:\/\/radioljubuski.ba\/#\/schema\/person\/19fc700381a780f69665d7956c469e3b"},"headline":"&#8220;\u0160estica&#8221; Real Madrida, Modri\u0107 briljirao","datePublished":"2022-05-13T07:14:33+00:00","dateModified":"2022-05-13T07:14:34+00:00","mainEntityOfPage":{"@id":"https:\/\/radioljubuski.ba\/index.php\/2022\/05\/13\/sestica-real-madrida-modric-briljirao\/"},"wordCount":545,"publisher":{"@id":"https:\/\/radioljubuski.ba\/#organization"},"image":{"@id":"https:\/\/radioljubuski.ba\/index.php\/2022\/05\/13\/sestica-real-madrida-modric-briljirao\/#primaryimage"},"thumbnailUrl":"https:\/\/radioljubuski.ba\/wp-content\/uploads\/2022\/05\/junior.jpg","articleSection":["\u0160port"],"inLanguage":"hr"},{"@type":"WebPage","@id":"https:\/\/radioljubuski.ba\/index.php\/2022\/05\/13\/sestica-real-madrida-modric-briljirao\/","url":"https:\/\/radioljubuski.ba\/index.php\/2022\/05\/13\/sestica-real-madrida-modric-briljirao\/","name":"\"\u0160estica\" Real Madrida, Modri\u0107 briljirao - RADIO LJUBU\u0160KI","isPartOf":{"@id":"https:\/\/radioljubuski.ba\/#website"},"primaryImageOfPage":{"@id":"https:\/\/radioljubuski.ba\/index.php\/2022\/05\/13\/sestica-real-madrida-modric-briljirao\/#primaryimage"},"image":{"@id":"https:\/\/radioljubuski.ba\/index.php\/2022\/05\/13\/sestica-real-madrida-modric-briljirao\/#primaryimage"},"thumbnailUrl":"https:\/\/radioljubuski.ba\/wp-content\/uploads\/2022\/05\/junior.jpg","datePublished":"2022-05-13T07:14:33+00:00","dateModified":"2022-05-13T07:14:34+00:00","breadcrumb":{"@id":"https:\/\/radioljubuski.ba\/index.php\/2022\/05\/13\/sestica-real-madrida-modric-briljirao\/#breadcrumb"},"inLanguage":"hr","potentialAction":[{"@type":"ReadAction","target":["https:\/\/radioljubuski.ba\/index.php\/2022\/05\/13\/sestica-real-madrida-modric-briljirao\/"]}]},{"@type":"ImageObject","inLanguage":"hr","@id":"https:\/\/radioljubuski.ba\/index.php\/2022\/05\/13\/sestica-real-madrida-modric-briljirao\/#primaryimage","url":"https:\/\/radioljubuski.ba\/wp-content\/uploads\/2022\/05\/junior.jpg","contentUrl":"https:\/\/radioljubuski.ba\/wp-content\/uploads\/2022\/05\/junior.jpg","width":300,"height":168},{"@type":"BreadcrumbList","@id":"https:\/\/radioljubuski.ba\/index.php\/2022\/05\/13\/sestica-real-madrida-modric-briljirao\/#breadcrumb","itemListElement":[{"@type":"ListItem","position":1,"name":"Po\u010detna stranica","item":"https:\/\/radioljubuski.ba\/"},{"@type":"ListItem","position":2,"name":"&#8220;\u0160estica&#8221; Real Madrida, Modri\u0107 briljirao"}]},{"@type":"WebSite","@id":"https:\/\/radioljubuski.ba\/#website","url":"https:\/\/radioljubuski.ba\/","name":"Radio Ljubu\u0161ki","description":"Sun\u010dana frekvencija Hercegovine","publisher":{"@id":"https:\/\/radioljubuski.ba\/#organization"},"potentialAction":[{"@type":"SearchAction","target":{"@type":"EntryPoint","urlTemplate":"https:\/\/radioljubuski.ba\/?s={search_term_string}"},"query-input":{"@type":"PropertyValueSpecification","valueRequired":true,"valueName":"search_term_string"}}],"inLanguage":"hr"},{"@type":"Organization","@id":"https:\/\/radioljubuski.ba\/#organization","name":"Radio Ljubu\u0161ki","url":"https:\/\/radioljubuski.ba\/","logo":{"@type":"ImageObject","inLanguage":"hr","@id":"https:\/\/radioljubuski.ba\/#\/schema\/logo\/image\/","url":"https:\/\/radioljubuski.ba\/wp-content\/uploads\/2021\/02\/cropped-Radio_Ljubuski_logo1.jpg","contentUrl":"https:\/\/radioljubuski.ba\/wp-content\/uploads\/2021\/02\/cropped-Radio_Ljubuski_logo1.jpg","width":512,"height":512,"caption":"Radio Ljubu\u0161ki"},"image":{"@id":"https:\/\/radioljubuski.ba\/#\/schema\/logo\/image\/"},"sameAs":["https:\/\/www.facebook.com\/Radiio-Ljubuski-1490835324566332","https:\/\/x.com\/radioljubuski","https:\/\/hr.linkedin.com\/company\/radio-ljubuski","https:\/\/www.youtube.com\/channel\/UCHYaeO_n0Db3tjNGudGpXyw"]},{"@type":"Person","@id":"https:\/\/radioljubuski.ba\/#\/schema\/person\/19fc700381a780f69665d7956c469e3b","name":"Radio Ljubu\u0161ki"}]}},"_links":{"self":[{"href":"https:\/\/radioljubuski.ba\/index.php\/wp-json\/wp\/v2\/posts\/140989","targetHints":{"allow":["GET"]}}],"collection":[{"href":"https:\/\/radioljubuski.ba\/index.php\/wp-json\/wp\/v2\/posts"}],"about":[{"href":"https:\/\/radioljubuski.ba\/index.php\/wp-json\/wp\/v2\/types\/post"}],"author":[{"embeddable":true,"href":"https:\/\/radioljubuski.ba\/index.php\/wp-json\/wp\/v2\/users\/2"}],"replies":[{"embeddable":true,"href":"https:\/\/radioljubuski.ba\/index.php\/wp-json\/wp\/v2\/comments?post=140989"}],"version-history":[{"count":1,"href":"https:\/\/radioljubuski.ba\/index.php\/wp-json\/wp\/v2\/posts\/140989\/revisions"}],"predecessor-version":[{"id":140991,"href":"https:\/\/radioljubuski.ba\/index.php\/wp-json\/wp\/v2\/posts\/140989\/revisions\/140991"}],"wp:featuredmedia":[{"embeddable":true,"href":"https:\/\/radioljubuski.ba\/index.php\/wp-json\/wp\/v2\/media\/140990"}],"wp:attachment":[{"href":"https:\/\/radioljubuski.ba\/index.php\/wp-json\/wp\/v2\/media?parent=140989"}],"wp:term":[{"taxonomy":"category","embeddable":true,"href":"https:\/\/radioljubuski.ba\/index.php\/wp-json\/wp\/v2\/categories?post=140989"},{"taxonomy":"post_tag","embeddable":true,"href":"https:\/\/radioljubuski.ba\/index.php\/wp-json\/wp\/v2\/tags?post=140989"}],"curies":[{"name":"wp","href":"https:\/\/api.w.org\/{rel}","templated":true}]}}