{"id":140992,"date":"2022-05-13T08:21:30","date_gmt":"2022-05-13T07:21:30","guid":{"rendered":"https:\/\/radioljubuski.ba\/?p=140992"},"modified":"2022-05-13T08:21:31","modified_gmt":"2022-05-13T07:21:31","slug":"ljubicic-korak-do-prelaska-u-dinamo","status":"publish","type":"post","link":"https:\/\/radioljubuski.ba\/index.php\/2022\/05\/13\/ljubicic-korak-do-prelaska-u-dinamo\/","title":{"rendered":"Ljubi\u010di\u0107 korak do prelaska u Dinamo"},"content":{"rendered":"\n<p>Veznjak be\u010dkog Rapida&nbsp;<strong>Robert Ljubi\u010di\u0107&nbsp;<\/strong>(22) od idu\u0107e sezone trebao bi nositi dres zagreba\u010dkog Dinama, prenose austrijski mediji.<\/p>\n\n\n\n<p>Kurier i Kronen Zeitung su objavili kako bi Ljubi\u010di\u0107 trebao preseliti u Maksimir za 2.5 milijuna eura, te odre\u0111eni postotak kod idu\u0107e prodaje.<\/p>\n\n\n\n<p>Klubovi su navodno postigli dogovor, a va\u017eno je i da Ljubi\u010di\u0107 \u017eeli u Dinamo.<\/p>\n\n\n\n<p>Ljubi\u010di\u0107 je zapeo za oko Dinama u me\u0111usobnom susretu u Europskoj ligi kada je bio jedan od najboljih Rapidovih igra\u010da u pobjedi (2-1).<\/p>\n\n\n\n<p>Nakon \u0161to je tri sezone proveo u St. P\u00f6ltenu, Ljubi\u010di\u0107 je u Rapid stigao u lipnju pro\u0161le godine kao slobodan igra\u010d i odmah se izborio za mjesto u mom\u010dadi. Njegov godinu dana stariji brat&nbsp;<strong>Dejan&nbsp;<\/strong>trenuta\u010dno je \u010dlan njema\u010dkog Kolna.<\/p>\n\n\n\n<p>Bra\u0107a Ljubi\u010di\u0107 su ro\u0111eni u Austriji, a roditelji su im Hrvati iz Bosne i Hercegovine. Dejan je igrao za mla\u0111e uzraste austrijske reprezentacije, a ima i dva seniorska nastupa, dok je Robert sakupio dva nastupa za hrvatsku U-20 reprezentaciju, no kasnije je nastupio i za austrijsku U-21 reprezentaciju.<\/p>\n\n\n\n<p>izvor: hrt.hr<\/p>\n","protected":false},"excerpt":{"rendered":"<p>Veznjak be\u010dkog Rapida&nbsp;Robert Ljubi\u010di\u0107&nbsp;(22) od idu\u0107e sezone trebao bi nositi dres zagreba\u010dkog Dinama, prenose austrijski mediji. Kurier i Kronen Zeitung su objavili kako bi Ljubi\u010di\u0107 trebao preseliti u Maksimir za 2.5 milijuna eura, te odre\u0111eni postotak kod idu\u0107e prodaje. Klubovi su navodno postigli dogovor, a va\u017eno je i da Ljubi\u010di\u0107 \u017eeli u Dinamo. Ljubi\u010di\u0107 je [&hellip;]<\/p>\n","protected":false},"author":2,"featured_media":140993,"comment_status":"closed","ping_status":"closed","sticky":false,"template":"","format":"standard","meta":{"h5ap_radio_sources":[],"footnotes":""},"categories":[7],"tags":[],"class_list":["post-140992","post","type-post","status-publish","format-standard","has-post-thumbnail","hentry","category-sport"],"yoast_head":"<!-- This site is optimized with the Yoast SEO plugin v27.4 - https:\/\/yoast.com\/product\/yoast-seo-wordpress\/ -->\n<title>Ljubi\u010di\u0107 korak do prelaska u Dinamo - RADIO LJUBU\u0160KI<\/title>\n<meta name=\"robots\" content=\"index, follow, max-snippet:-1, max-image-preview:large, max-video-preview:-1\" \/>\n<link rel=\"canonical\" href=\"https:\/\/radioljubuski.ba\/index.php\/2022\/05\/13\/ljubicic-korak-do-prelaska-u-dinamo\/\" \/>\n<meta property=\"og:locale\" content=\"hr_HR\" \/>\n<meta property=\"og:type\" content=\"article\" \/>\n<meta property=\"og:title\" content=\"Ljubi\u010di\u0107 korak do prelaska u Dinamo - RADIO LJUBU\u0160KI\" \/>\n<meta property=\"og:description\" content=\"Veznjak be\u010dkog Rapida&nbsp;Robert Ljubi\u010di\u0107&nbsp;(22) od idu\u0107e sezone trebao bi nositi dres zagreba\u010dkog Dinama, prenose austrijski mediji. Kurier i Kronen Zeitung su objavili kako bi Ljubi\u010di\u0107 trebao preseliti u Maksimir za 2.5 milijuna eura, te odre\u0111eni postotak kod idu\u0107e prodaje. Klubovi su navodno postigli dogovor, a va\u017eno je i da Ljubi\u010di\u0107 \u017eeli u Dinamo. Ljubi\u010di\u0107 je [&hellip;]\" \/>\n<meta property=\"og:url\" content=\"https:\/\/radioljubuski.ba\/index.php\/2022\/05\/13\/ljubicic-korak-do-prelaska-u-dinamo\/\" \/>\n<meta property=\"og:site_name\" content=\"RADIO LJUBU\u0160KI\" \/>\n<meta property=\"article:publisher\" content=\"https:\/\/www.facebook.com\/Radiio-Ljubuski-1490835324566332\" \/>\n<meta property=\"article:published_time\" content=\"2022-05-13T07:21:30+00:00\" \/>\n<meta property=\"article:modified_time\" content=\"2022-05-13T07:21:31+00:00\" \/>\n<meta property=\"og:image\" content=\"https:\/\/radioljubuski.ba\/wp-content\/uploads\/2022\/05\/ljubicic.jpg\" \/>\n\t<meta property=\"og:image:width\" content=\"275\" \/>\n\t<meta property=\"og:image:height\" content=\"183\" \/>\n\t<meta property=\"og:image:type\" content=\"image\/jpeg\" \/>\n<meta name=\"author\" content=\"Radio Ljubu\u0161ki\" \/>\n<meta name=\"twitter:card\" content=\"summary_large_image\" \/>\n<meta name=\"twitter:creator\" content=\"@radioljubuski\" \/>\n<meta name=\"twitter:site\" content=\"@radioljubuski\" \/>\n<meta name=\"twitter:label1\" content=\"Napisao\/la\" \/>\n\t<meta name=\"twitter:data1\" content=\"Radio Ljubu\u0161ki\" \/>\n\t<meta name=\"twitter:label2\" content=\"Procijenjeno vrijeme \u010ditanja\" \/>\n\t<meta name=\"twitter:data2\" content=\"1 minuta\" \/>\n<script type=\"application\/ld+json\" class=\"yoast-schema-graph\">{\"@context\":\"https:\\\/\\\/schema.org\",\"@graph\":[{\"@type\":\"Article\",\"@id\":\"https:\\\/\\\/radioljubuski.ba\\\/index.php\\\/2022\\\/05\\\/13\\\/ljubicic-korak-do-prelaska-u-dinamo\\\/#article\",\"isPartOf\":{\"@id\":\"https:\\\/\\\/radioljubuski.ba\\\/index.php\\\/2022\\\/05\\\/13\\\/ljubicic-korak-do-prelaska-u-dinamo\\\/\"},\"author\":{\"name\":\"Radio Ljubu\u0161ki\",\"@id\":\"https:\\\/\\\/radioljubuski.ba\\\/#\\\/schema\\\/person\\\/19fc700381a780f69665d7956c469e3b\"},\"headline\":\"Ljubi\u010di\u0107 korak do prelaska u Dinamo\",\"datePublished\":\"2022-05-13T07:21:30+00:00\",\"dateModified\":\"2022-05-13T07:21:31+00:00\",\"mainEntityOfPage\":{\"@id\":\"https:\\\/\\\/radioljubuski.ba\\\/index.php\\\/2022\\\/05\\\/13\\\/ljubicic-korak-do-prelaska-u-dinamo\\\/\"},\"wordCount\":200,\"publisher\":{\"@id\":\"https:\\\/\\\/radioljubuski.ba\\\/#organization\"},\"image\":{\"@id\":\"https:\\\/\\\/radioljubuski.ba\\\/index.php\\\/2022\\\/05\\\/13\\\/ljubicic-korak-do-prelaska-u-dinamo\\\/#primaryimage\"},\"thumbnailUrl\":\"https:\\\/\\\/radioljubuski.ba\\\/wp-content\\\/uploads\\\/2022\\\/05\\\/ljubicic.jpg\",\"articleSection\":[\"\u0160port\"],\"inLanguage\":\"hr\"},{\"@type\":\"WebPage\",\"@id\":\"https:\\\/\\\/radioljubuski.ba\\\/index.php\\\/2022\\\/05\\\/13\\\/ljubicic-korak-do-prelaska-u-dinamo\\\/\",\"url\":\"https:\\\/\\\/radioljubuski.ba\\\/index.php\\\/2022\\\/05\\\/13\\\/ljubicic-korak-do-prelaska-u-dinamo\\\/\",\"name\":\"Ljubi\u010di\u0107 korak do prelaska u Dinamo - RADIO LJUBU\u0160KI\",\"isPartOf\":{\"@id\":\"https:\\\/\\\/radioljubuski.ba\\\/#website\"},\"primaryImageOfPage\":{\"@id\":\"https:\\\/\\\/radioljubuski.ba\\\/index.php\\\/2022\\\/05\\\/13\\\/ljubicic-korak-do-prelaska-u-dinamo\\\/#primaryimage\"},\"image\":{\"@id\":\"https:\\\/\\\/radioljubuski.ba\\\/index.php\\\/2022\\\/05\\\/13\\\/ljubicic-korak-do-prelaska-u-dinamo\\\/#primaryimage\"},\"thumbnailUrl\":\"https:\\\/\\\/radioljubuski.ba\\\/wp-content\\\/uploads\\\/2022\\\/05\\\/ljubicic.jpg\",\"datePublished\":\"2022-05-13T07:21:30+00:00\",\"dateModified\":\"2022-05-13T07:21:31+00:00\",\"breadcrumb\":{\"@id\":\"https:\\\/\\\/radioljubuski.ba\\\/index.php\\\/2022\\\/05\\\/13\\\/ljubicic-korak-do-prelaska-u-dinamo\\\/#breadcrumb\"},\"inLanguage\":\"hr\",\"potentialAction\":[{\"@type\":\"ReadAction\",\"target\":[\"https:\\\/\\\/radioljubuski.ba\\\/index.php\\\/2022\\\/05\\\/13\\\/ljubicic-korak-do-prelaska-u-dinamo\\\/\"]}]},{\"@type\":\"ImageObject\",\"inLanguage\":\"hr\",\"@id\":\"https:\\\/\\\/radioljubuski.ba\\\/index.php\\\/2022\\\/05\\\/13\\\/ljubicic-korak-do-prelaska-u-dinamo\\\/#primaryimage\",\"url\":\"https:\\\/\\\/radioljubuski.ba\\\/wp-content\\\/uploads\\\/2022\\\/05\\\/ljubicic.jpg\",\"contentUrl\":\"https:\\\/\\\/radioljubuski.ba\\\/wp-content\\\/uploads\\\/2022\\\/05\\\/ljubicic.jpg\",\"width\":275,\"height\":183},{\"@type\":\"BreadcrumbList\",\"@id\":\"https:\\\/\\\/radioljubuski.ba\\\/index.php\\\/2022\\\/05\\\/13\\\/ljubicic-korak-do-prelaska-u-dinamo\\\/#breadcrumb\",\"itemListElement\":[{\"@type\":\"ListItem\",\"position\":1,\"name\":\"Po\u010detna stranica\",\"item\":\"https:\\\/\\\/radioljubuski.ba\\\/\"},{\"@type\":\"ListItem\",\"position\":2,\"name\":\"Ljubi\u010di\u0107 korak do prelaska u Dinamo\"}]},{\"@type\":\"WebSite\",\"@id\":\"https:\\\/\\\/radioljubuski.ba\\\/#website\",\"url\":\"https:\\\/\\\/radioljubuski.ba\\\/\",\"name\":\"Radio Ljubu\u0161ki\",\"description\":\"Sun\u010dana frekvencija Hercegovine\",\"publisher\":{\"@id\":\"https:\\\/\\\/radioljubuski.ba\\\/#organization\"},\"potentialAction\":[{\"@type\":\"SearchAction\",\"target\":{\"@type\":\"EntryPoint\",\"urlTemplate\":\"https:\\\/\\\/radioljubuski.ba\\\/?s={search_term_string}\"},\"query-input\":{\"@type\":\"PropertyValueSpecification\",\"valueRequired\":true,\"valueName\":\"search_term_string\"}}],\"inLanguage\":\"hr\"},{\"@type\":\"Organization\",\"@id\":\"https:\\\/\\\/radioljubuski.ba\\\/#organization\",\"name\":\"Radio Ljubu\u0161ki\",\"url\":\"https:\\\/\\\/radioljubuski.ba\\\/\",\"logo\":{\"@type\":\"ImageObject\",\"inLanguage\":\"hr\",\"@id\":\"https:\\\/\\\/radioljubuski.ba\\\/#\\\/schema\\\/logo\\\/image\\\/\",\"url\":\"https:\\\/\\\/radioljubuski.ba\\\/wp-content\\\/uploads\\\/2021\\\/02\\\/cropped-Radio_Ljubuski_logo1.jpg\",\"contentUrl\":\"https:\\\/\\\/radioljubuski.ba\\\/wp-content\\\/uploads\\\/2021\\\/02\\\/cropped-Radio_Ljubuski_logo1.jpg\",\"width\":512,\"height\":512,\"caption\":\"Radio Ljubu\u0161ki\"},\"image\":{\"@id\":\"https:\\\/\\\/radioljubuski.ba\\\/#\\\/schema\\\/logo\\\/image\\\/\"},\"sameAs\":[\"https:\\\/\\\/www.facebook.com\\\/Radiio-Ljubuski-1490835324566332\",\"https:\\\/\\\/x.com\\\/radioljubuski\",\"https:\\\/\\\/hr.linkedin.com\\\/company\\\/radio-ljubuski\",\"https:\\\/\\\/www.youtube.com\\\/channel\\\/UCHYaeO_n0Db3tjNGudGpXyw\"]},{\"@type\":\"Person\",\"@id\":\"https:\\\/\\\/radioljubuski.ba\\\/#\\\/schema\\\/person\\\/19fc700381a780f69665d7956c469e3b\",\"name\":\"Radio Ljubu\u0161ki\"}]}<\/script>\n<!-- \/ Yoast SEO plugin. -->","yoast_head_json":{"title":"Ljubi\u010di\u0107 korak do prelaska u Dinamo - RADIO LJUBU\u0160KI","robots":{"index":"index","follow":"follow","max-snippet":"max-snippet:-1","max-image-preview":"max-image-preview:large","max-video-preview":"max-video-preview:-1"},"canonical":"https:\/\/radioljubuski.ba\/index.php\/2022\/05\/13\/ljubicic-korak-do-prelaska-u-dinamo\/","og_locale":"hr_HR","og_type":"article","og_title":"Ljubi\u010di\u0107 korak do prelaska u Dinamo - RADIO LJUBU\u0160KI","og_description":"Veznjak be\u010dkog Rapida&nbsp;Robert Ljubi\u010di\u0107&nbsp;(22) od idu\u0107e sezone trebao bi nositi dres zagreba\u010dkog Dinama, prenose austrijski mediji. Kurier i Kronen Zeitung su objavili kako bi Ljubi\u010di\u0107 trebao preseliti u Maksimir za 2.5 milijuna eura, te odre\u0111eni postotak kod idu\u0107e prodaje. Klubovi su navodno postigli dogovor, a va\u017eno je i da Ljubi\u010di\u0107 \u017eeli u Dinamo. Ljubi\u010di\u0107 je [&hellip;]","og_url":"https:\/\/radioljubuski.ba\/index.php\/2022\/05\/13\/ljubicic-korak-do-prelaska-u-dinamo\/","og_site_name":"RADIO LJUBU\u0160KI","article_publisher":"https:\/\/www.facebook.com\/Radiio-Ljubuski-1490835324566332","article_published_time":"2022-05-13T07:21:30+00:00","article_modified_time":"2022-05-13T07:21:31+00:00","og_image":[{"width":275,"height":183,"url":"https:\/\/radioljubuski.ba\/wp-content\/uploads\/2022\/05\/ljubicic.jpg","type":"image\/jpeg"}],"author":"Radio Ljubu\u0161ki","twitter_card":"summary_large_image","twitter_creator":"@radioljubuski","twitter_site":"@radioljubuski","twitter_misc":{"Napisao\/la":"Radio Ljubu\u0161ki","Procijenjeno vrijeme \u010ditanja":"1 minuta"},"schema":{"@context":"https:\/\/schema.org","@graph":[{"@type":"Article","@id":"https:\/\/radioljubuski.ba\/index.php\/2022\/05\/13\/ljubicic-korak-do-prelaska-u-dinamo\/#article","isPartOf":{"@id":"https:\/\/radioljubuski.ba\/index.php\/2022\/05\/13\/ljubicic-korak-do-prelaska-u-dinamo\/"},"author":{"name":"Radio Ljubu\u0161ki","@id":"https:\/\/radioljubuski.ba\/#\/schema\/person\/19fc700381a780f69665d7956c469e3b"},"headline":"Ljubi\u010di\u0107 korak do prelaska u Dinamo","datePublished":"2022-05-13T07:21:30+00:00","dateModified":"2022-05-13T07:21:31+00:00","mainEntityOfPage":{"@id":"https:\/\/radioljubuski.ba\/index.php\/2022\/05\/13\/ljubicic-korak-do-prelaska-u-dinamo\/"},"wordCount":200,"publisher":{"@id":"https:\/\/radioljubuski.ba\/#organization"},"image":{"@id":"https:\/\/radioljubuski.ba\/index.php\/2022\/05\/13\/ljubicic-korak-do-prelaska-u-dinamo\/#primaryimage"},"thumbnailUrl":"https:\/\/radioljubuski.ba\/wp-content\/uploads\/2022\/05\/ljubicic.jpg","articleSection":["\u0160port"],"inLanguage":"hr"},{"@type":"WebPage","@id":"https:\/\/radioljubuski.ba\/index.php\/2022\/05\/13\/ljubicic-korak-do-prelaska-u-dinamo\/","url":"https:\/\/radioljubuski.ba\/index.php\/2022\/05\/13\/ljubicic-korak-do-prelaska-u-dinamo\/","name":"Ljubi\u010di\u0107 korak do prelaska u Dinamo - RADIO LJUBU\u0160KI","isPartOf":{"@id":"https:\/\/radioljubuski.ba\/#website"},"primaryImageOfPage":{"@id":"https:\/\/radioljubuski.ba\/index.php\/2022\/05\/13\/ljubicic-korak-do-prelaska-u-dinamo\/#primaryimage"},"image":{"@id":"https:\/\/radioljubuski.ba\/index.php\/2022\/05\/13\/ljubicic-korak-do-prelaska-u-dinamo\/#primaryimage"},"thumbnailUrl":"https:\/\/radioljubuski.ba\/wp-content\/uploads\/2022\/05\/ljubicic.jpg","datePublished":"2022-05-13T07:21:30+00:00","dateModified":"2022-05-13T07:21:31+00:00","breadcrumb":{"@id":"https:\/\/radioljubuski.ba\/index.php\/2022\/05\/13\/ljubicic-korak-do-prelaska-u-dinamo\/#breadcrumb"},"inLanguage":"hr","potentialAction":[{"@type":"ReadAction","target":["https:\/\/radioljubuski.ba\/index.php\/2022\/05\/13\/ljubicic-korak-do-prelaska-u-dinamo\/"]}]},{"@type":"ImageObject","inLanguage":"hr","@id":"https:\/\/radioljubuski.ba\/index.php\/2022\/05\/13\/ljubicic-korak-do-prelaska-u-dinamo\/#primaryimage","url":"https:\/\/radioljubuski.ba\/wp-content\/uploads\/2022\/05\/ljubicic.jpg","contentUrl":"https:\/\/radioljubuski.ba\/wp-content\/uploads\/2022\/05\/ljubicic.jpg","width":275,"height":183},{"@type":"BreadcrumbList","@id":"https:\/\/radioljubuski.ba\/index.php\/2022\/05\/13\/ljubicic-korak-do-prelaska-u-dinamo\/#breadcrumb","itemListElement":[{"@type":"ListItem","position":1,"name":"Po\u010detna stranica","item":"https:\/\/radioljubuski.ba\/"},{"@type":"ListItem","position":2,"name":"Ljubi\u010di\u0107 korak do prelaska u Dinamo"}]},{"@type":"WebSite","@id":"https:\/\/radioljubuski.ba\/#website","url":"https:\/\/radioljubuski.ba\/","name":"Radio Ljubu\u0161ki","description":"Sun\u010dana frekvencija Hercegovine","publisher":{"@id":"https:\/\/radioljubuski.ba\/#organization"},"potentialAction":[{"@type":"SearchAction","target":{"@type":"EntryPoint","urlTemplate":"https:\/\/radioljubuski.ba\/?s={search_term_string}"},"query-input":{"@type":"PropertyValueSpecification","valueRequired":true,"valueName":"search_term_string"}}],"inLanguage":"hr"},{"@type":"Organization","@id":"https:\/\/radioljubuski.ba\/#organization","name":"Radio Ljubu\u0161ki","url":"https:\/\/radioljubuski.ba\/","logo":{"@type":"ImageObject","inLanguage":"hr","@id":"https:\/\/radioljubuski.ba\/#\/schema\/logo\/image\/","url":"https:\/\/radioljubuski.ba\/wp-content\/uploads\/2021\/02\/cropped-Radio_Ljubuski_logo1.jpg","contentUrl":"https:\/\/radioljubuski.ba\/wp-content\/uploads\/2021\/02\/cropped-Radio_Ljubuski_logo1.jpg","width":512,"height":512,"caption":"Radio Ljubu\u0161ki"},"image":{"@id":"https:\/\/radioljubuski.ba\/#\/schema\/logo\/image\/"},"sameAs":["https:\/\/www.facebook.com\/Radiio-Ljubuski-1490835324566332","https:\/\/x.com\/radioljubuski","https:\/\/hr.linkedin.com\/company\/radio-ljubuski","https:\/\/www.youtube.com\/channel\/UCHYaeO_n0Db3tjNGudGpXyw"]},{"@type":"Person","@id":"https:\/\/radioljubuski.ba\/#\/schema\/person\/19fc700381a780f69665d7956c469e3b","name":"Radio Ljubu\u0161ki"}]}},"_links":{"self":[{"href":"https:\/\/radioljubuski.ba\/index.php\/wp-json\/wp\/v2\/posts\/140992","targetHints":{"allow":["GET"]}}],"collection":[{"href":"https:\/\/radioljubuski.ba\/index.php\/wp-json\/wp\/v2\/posts"}],"about":[{"href":"https:\/\/radioljubuski.ba\/index.php\/wp-json\/wp\/v2\/types\/post"}],"author":[{"embeddable":true,"href":"https:\/\/radioljubuski.ba\/index.php\/wp-json\/wp\/v2\/users\/2"}],"replies":[{"embeddable":true,"href":"https:\/\/radioljubuski.ba\/index.php\/wp-json\/wp\/v2\/comments?post=140992"}],"version-history":[{"count":1,"href":"https:\/\/radioljubuski.ba\/index.php\/wp-json\/wp\/v2\/posts\/140992\/revisions"}],"predecessor-version":[{"id":140994,"href":"https:\/\/radioljubuski.ba\/index.php\/wp-json\/wp\/v2\/posts\/140992\/revisions\/140994"}],"wp:featuredmedia":[{"embeddable":true,"href":"https:\/\/radioljubuski.ba\/index.php\/wp-json\/wp\/v2\/media\/140993"}],"wp:attachment":[{"href":"https:\/\/radioljubuski.ba\/index.php\/wp-json\/wp\/v2\/media?parent=140992"}],"wp:term":[{"taxonomy":"category","embeddable":true,"href":"https:\/\/radioljubuski.ba\/index.php\/wp-json\/wp\/v2\/categories?post=140992"},{"taxonomy":"post_tag","embeddable":true,"href":"https:\/\/radioljubuski.ba\/index.php\/wp-json\/wp\/v2\/tags?post=140992"}],"curies":[{"name":"wp","href":"https:\/\/api.w.org\/{rel}","templated":true}]}}