{"id":141012,"date":"2022-05-13T08:50:50","date_gmt":"2022-05-13T07:50:50","guid":{"rendered":"https:\/\/radioljubuski.ba\/?p=141012"},"modified":"2022-05-13T08:51:29","modified_gmt":"2022-05-13T07:51:29","slug":"milicajac-koji-je-kobnog-13-svibnja-1990-udario-bobana-nagovarali-su-me-da-mu-pucam-u-leda","status":"publish","type":"post","link":"https:\/\/radioljubuski.ba\/index.php\/2022\/05\/13\/milicajac-koji-je-kobnog-13-svibnja-1990-udario-bobana-nagovarali-su-me-da-mu-pucam-u-leda\/","title":{"rendered":"Milicajac koji je kobnog 13. svibnja 1990. udario Bobana: &#8220;Nagovarali su me da mu pucam u le\u0111a&#8221;"},"content":{"rendered":"\n<p>Utakmica izme\u0111u Dinama i Crvene zvezde trebala se igrati 13. svibnja 1990. godine. Umjesto nogometnog spektakla, do\u0161lo je do divljanja gostuju\u0107ih navija\u010da nakon \u010dega su Bad Blue Boysi probili ogradu na sjevernoj tribini stadiona i sukobili se s tada\u0161njom milicijom jer je \u0161titila divljanje Delija.&nbsp; Izgredi su zapo\u010deli kada su srpski huligani pod vodstvom ratnog zlo\u010dinca \u017deljka Ra\u017enatovi\u0107a Arkana po\u010deli uni\u0161tavati ju\u017enu tribinu, a potom&nbsp;napali i gledatelje. Tada\u0161nja milicija nije reagirala, pa su Bad Blue Boysi sru\u0161ili ogradu na Sjeveru i utr\u010dali na travnjak, gdje je nastao kaos. Milicija je uzvratila upotrijebiv\u0161i pendreke, suzavac&nbsp;te vodeni top. U sveop\u0107em mete\u017eu, dok se ve\u0107ina igra\u010da oba sastava povukla u svla\u010dionice, tada\u0161nji kapetan Dinama&nbsp;Zvonimir Boban krenuo je braniti navija\u010de. Kada ga je jedan od &#8221;plavaca&#8221;&nbsp;udario pendrekom, Zvone mu je uzvratio sko\u010div\u0161i mu nogama u trbuh. Zbog toga je Boban ka\u017enjen s devet mjeseci neigranja, a kasnije mu je kazna smanjena na \u010detiri mjeseca i izbornik Ivica Osim nije ga vodio na Svjetsko prvenstvo u Italiji.<\/p>\n\n\n\n<p>\u2013 Sje\u0107am se toga, s ponosom sam bio dio te pri\u010de, zajedno s Boysima i hrvatskim narodom. Tada sam riskirao karijeru, ali neki drugi, bezimeni navija\u010di, riskirali su svoje \u017eivote. Opet bih udario onog milicajca, ali nisam htio biti nikakav heroj, samo sam reagirao na nepravdu koja je trajala godinama. Junaci su i\u0161li u rat, mi smo bili samo buntovnici \u2013&nbsp;rekao je Zvonimir Boban u jednom od intervjua.<\/p>\n\n\n\n<p>Ba\u010den je i suzavac, postalo je jasno kako nogometa na Maksimiru ne\u0107e biti, a sukobi su ubrzo preba\u010deni s tribina na prostor oko stadiona. Utakmica nikada nije odigrana, a u neredima je ozlije\u0111eno 79 &#8220;milicionera&#8221; i 59 gledatelja, no sre\u0107om nije bilo mrtvih. Utakmica je kasnije registrirana pobjedom gostiju 3:0 bez borbe. Maksimirski klub ka\u017enjen je tako da je dvije prvenstvene ili kup-utakmice u statusu doma\u0107ina morao odigrati izvan Zagreba. Kasnije je te dvije utakmice odigrao kao doma\u0107in na rije\u010dkoj Kantridi. Crvenoj zvezdi prvotna je kazna od dvije doma\u0107e utakmice izvan Beograda zamijenjena nov\u010danom sankcijom. Tada\u0161nji milicajac Refik Ahmetovi\u0107, koji je udario Bobana, u razgovoru za Hrvatski radio kasnije je otkrio kako su ga kolege nagovarale da ubije Bobana. \u2013 Kad sam se digao, tad su me moji\u00a0kolege koji\u00a0su bili\u00a0blizu mene nagovarali\u00a0da mu pucam u le\u0111a. Da ga ubijem. Ja to nisam u\u010dinio. Nagovarali su me cijelo vrijeme dok je on tu bio na stazi. Njega je Josip\u00a0Ku\u017ee odveo prema svla\u010dionici. Ja sam rekao: &#8220;Ako vi ho\u0107ete pucati, imate svoj pi\u0161tolj i pucajte. Ja ne\u0107u pucati&#8221; \u2013\u00a0kazao je Ahmetovi\u0107.<\/p>\n\n\n\n<p>izvor: ve\u010dernji.hr<\/p>\n\n\n\n<p><\/p>\n\n\n\n<p><\/p>\n\n\n\n<p><\/p>\n","protected":false},"excerpt":{"rendered":"<p>Utakmica izme\u0111u Dinama i Crvene zvezde trebala se igrati 13. svibnja 1990. godine. Umjesto nogometnog spektakla, do\u0161lo je do divljanja gostuju\u0107ih navija\u010da nakon \u010dega su Bad Blue Boysi probili ogradu na sjevernoj tribini stadiona i sukobili se s tada\u0161njom milicijom jer je \u0161titila divljanje Delija.&nbsp; Izgredi su zapo\u010deli kada su srpski huligani pod vodstvom ratnog [&hellip;]<\/p>\n","protected":false},"author":2,"featured_media":141018,"comment_status":"closed","ping_status":"closed","sticky":false,"template":"","format":"standard","meta":{"h5ap_radio_sources":[],"footnotes":""},"categories":[7],"tags":[],"class_list":["post-141012","post","type-post","status-publish","format-standard","has-post-thumbnail","hentry","category-sport"],"yoast_head":"<!-- This site is optimized with the Yoast SEO plugin v27.4 - https:\/\/yoast.com\/product\/yoast-seo-wordpress\/ -->\n<title>Milicajac koji je kobnog 13. svibnja 1990. udario Bobana: &quot;Nagovarali su me da mu pucam u le\u0111a&quot; - RADIO LJUBU\u0160KI<\/title>\n<meta name=\"robots\" content=\"index, follow, max-snippet:-1, max-image-preview:large, max-video-preview:-1\" \/>\n<link rel=\"canonical\" href=\"https:\/\/radioljubuski.ba\/index.php\/2022\/05\/13\/milicajac-koji-je-kobnog-13-svibnja-1990-udario-bobana-nagovarali-su-me-da-mu-pucam-u-leda\/\" \/>\n<meta property=\"og:locale\" content=\"hr_HR\" \/>\n<meta property=\"og:type\" content=\"article\" \/>\n<meta property=\"og:title\" content=\"Milicajac koji je kobnog 13. svibnja 1990. udario Bobana: &quot;Nagovarali su me da mu pucam u le\u0111a&quot; - RADIO LJUBU\u0160KI\" \/>\n<meta property=\"og:description\" content=\"Utakmica izme\u0111u Dinama i Crvene zvezde trebala se igrati 13. svibnja 1990. godine. Umjesto nogometnog spektakla, do\u0161lo je do divljanja gostuju\u0107ih navija\u010da nakon \u010dega su Bad Blue Boysi probili ogradu na sjevernoj tribini stadiona i sukobili se s tada\u0161njom milicijom jer je \u0161titila divljanje Delija.&nbsp; Izgredi su zapo\u010deli kada su srpski huligani pod vodstvom ratnog [&hellip;]\" \/>\n<meta property=\"og:url\" content=\"https:\/\/radioljubuski.ba\/index.php\/2022\/05\/13\/milicajac-koji-je-kobnog-13-svibnja-1990-udario-bobana-nagovarali-su-me-da-mu-pucam-u-leda\/\" \/>\n<meta property=\"og:site_name\" content=\"RADIO LJUBU\u0160KI\" \/>\n<meta property=\"article:publisher\" content=\"https:\/\/www.facebook.com\/Radiio-Ljubuski-1490835324566332\" \/>\n<meta property=\"article:published_time\" content=\"2022-05-13T07:50:50+00:00\" \/>\n<meta property=\"article:modified_time\" content=\"2022-05-13T07:51:29+00:00\" \/>\n<meta property=\"og:image\" content=\"https:\/\/radioljubuski.ba\/wp-content\/uploads\/2022\/05\/maksimir.jpeg\" \/>\n\t<meta property=\"og:image:width\" content=\"1000\" \/>\n\t<meta property=\"og:image:height\" content=\"571\" \/>\n\t<meta property=\"og:image:type\" content=\"image\/jpeg\" \/>\n<meta name=\"author\" content=\"Radio Ljubu\u0161ki\" \/>\n<meta name=\"twitter:card\" content=\"summary_large_image\" \/>\n<meta name=\"twitter:creator\" content=\"@radioljubuski\" \/>\n<meta name=\"twitter:site\" content=\"@radioljubuski\" \/>\n<meta name=\"twitter:label1\" content=\"Napisao\/la\" \/>\n\t<meta name=\"twitter:data1\" content=\"Radio Ljubu\u0161ki\" \/>\n\t<meta name=\"twitter:label2\" content=\"Procijenjeno vrijeme \u010ditanja\" \/>\n\t<meta name=\"twitter:data2\" content=\"2 minute\" \/>\n<script type=\"application\/ld+json\" class=\"yoast-schema-graph\">{\"@context\":\"https:\\\/\\\/schema.org\",\"@graph\":[{\"@type\":\"Article\",\"@id\":\"https:\\\/\\\/radioljubuski.ba\\\/index.php\\\/2022\\\/05\\\/13\\\/milicajac-koji-je-kobnog-13-svibnja-1990-udario-bobana-nagovarali-su-me-da-mu-pucam-u-leda\\\/#article\",\"isPartOf\":{\"@id\":\"https:\\\/\\\/radioljubuski.ba\\\/index.php\\\/2022\\\/05\\\/13\\\/milicajac-koji-je-kobnog-13-svibnja-1990-udario-bobana-nagovarali-su-me-da-mu-pucam-u-leda\\\/\"},\"author\":{\"name\":\"Radio Ljubu\u0161ki\",\"@id\":\"https:\\\/\\\/radioljubuski.ba\\\/#\\\/schema\\\/person\\\/19fc700381a780f69665d7956c469e3b\"},\"headline\":\"Milicajac koji je kobnog 13. svibnja 1990. udario Bobana: &#8220;Nagovarali su me da mu pucam u le\u0111a&#8221;\",\"datePublished\":\"2022-05-13T07:50:50+00:00\",\"dateModified\":\"2022-05-13T07:51:29+00:00\",\"mainEntityOfPage\":{\"@id\":\"https:\\\/\\\/radioljubuski.ba\\\/index.php\\\/2022\\\/05\\\/13\\\/milicajac-koji-je-kobnog-13-svibnja-1990-udario-bobana-nagovarali-su-me-da-mu-pucam-u-leda\\\/\"},\"wordCount\":486,\"publisher\":{\"@id\":\"https:\\\/\\\/radioljubuski.ba\\\/#organization\"},\"image\":{\"@id\":\"https:\\\/\\\/radioljubuski.ba\\\/index.php\\\/2022\\\/05\\\/13\\\/milicajac-koji-je-kobnog-13-svibnja-1990-udario-bobana-nagovarali-su-me-da-mu-pucam-u-leda\\\/#primaryimage\"},\"thumbnailUrl\":\"https:\\\/\\\/radioljubuski.ba\\\/wp-content\\\/uploads\\\/2022\\\/05\\\/maksimir.jpeg\",\"articleSection\":[\"\u0160port\"],\"inLanguage\":\"hr\"},{\"@type\":\"WebPage\",\"@id\":\"https:\\\/\\\/radioljubuski.ba\\\/index.php\\\/2022\\\/05\\\/13\\\/milicajac-koji-je-kobnog-13-svibnja-1990-udario-bobana-nagovarali-su-me-da-mu-pucam-u-leda\\\/\",\"url\":\"https:\\\/\\\/radioljubuski.ba\\\/index.php\\\/2022\\\/05\\\/13\\\/milicajac-koji-je-kobnog-13-svibnja-1990-udario-bobana-nagovarali-su-me-da-mu-pucam-u-leda\\\/\",\"name\":\"Milicajac koji je kobnog 13. svibnja 1990. udario Bobana: \\\"Nagovarali su me da mu pucam u le\u0111a\\\" - RADIO LJUBU\u0160KI\",\"isPartOf\":{\"@id\":\"https:\\\/\\\/radioljubuski.ba\\\/#website\"},\"primaryImageOfPage\":{\"@id\":\"https:\\\/\\\/radioljubuski.ba\\\/index.php\\\/2022\\\/05\\\/13\\\/milicajac-koji-je-kobnog-13-svibnja-1990-udario-bobana-nagovarali-su-me-da-mu-pucam-u-leda\\\/#primaryimage\"},\"image\":{\"@id\":\"https:\\\/\\\/radioljubuski.ba\\\/index.php\\\/2022\\\/05\\\/13\\\/milicajac-koji-je-kobnog-13-svibnja-1990-udario-bobana-nagovarali-su-me-da-mu-pucam-u-leda\\\/#primaryimage\"},\"thumbnailUrl\":\"https:\\\/\\\/radioljubuski.ba\\\/wp-content\\\/uploads\\\/2022\\\/05\\\/maksimir.jpeg\",\"datePublished\":\"2022-05-13T07:50:50+00:00\",\"dateModified\":\"2022-05-13T07:51:29+00:00\",\"breadcrumb\":{\"@id\":\"https:\\\/\\\/radioljubuski.ba\\\/index.php\\\/2022\\\/05\\\/13\\\/milicajac-koji-je-kobnog-13-svibnja-1990-udario-bobana-nagovarali-su-me-da-mu-pucam-u-leda\\\/#breadcrumb\"},\"inLanguage\":\"hr\",\"potentialAction\":[{\"@type\":\"ReadAction\",\"target\":[\"https:\\\/\\\/radioljubuski.ba\\\/index.php\\\/2022\\\/05\\\/13\\\/milicajac-koji-je-kobnog-13-svibnja-1990-udario-bobana-nagovarali-su-me-da-mu-pucam-u-leda\\\/\"]}]},{\"@type\":\"ImageObject\",\"inLanguage\":\"hr\",\"@id\":\"https:\\\/\\\/radioljubuski.ba\\\/index.php\\\/2022\\\/05\\\/13\\\/milicajac-koji-je-kobnog-13-svibnja-1990-udario-bobana-nagovarali-su-me-da-mu-pucam-u-leda\\\/#primaryimage\",\"url\":\"https:\\\/\\\/radioljubuski.ba\\\/wp-content\\\/uploads\\\/2022\\\/05\\\/maksimir.jpeg\",\"contentUrl\":\"https:\\\/\\\/radioljubuski.ba\\\/wp-content\\\/uploads\\\/2022\\\/05\\\/maksimir.jpeg\",\"width\":1000,\"height\":571},{\"@type\":\"BreadcrumbList\",\"@id\":\"https:\\\/\\\/radioljubuski.ba\\\/index.php\\\/2022\\\/05\\\/13\\\/milicajac-koji-je-kobnog-13-svibnja-1990-udario-bobana-nagovarali-su-me-da-mu-pucam-u-leda\\\/#breadcrumb\",\"itemListElement\":[{\"@type\":\"ListItem\",\"position\":1,\"name\":\"Po\u010detna stranica\",\"item\":\"https:\\\/\\\/radioljubuski.ba\\\/\"},{\"@type\":\"ListItem\",\"position\":2,\"name\":\"Milicajac koji je kobnog 13. svibnja 1990. udario Bobana: &#8220;Nagovarali su me da mu pucam u le\u0111a&#8221;\"}]},{\"@type\":\"WebSite\",\"@id\":\"https:\\\/\\\/radioljubuski.ba\\\/#website\",\"url\":\"https:\\\/\\\/radioljubuski.ba\\\/\",\"name\":\"Radio Ljubu\u0161ki\",\"description\":\"Sun\u010dana frekvencija Hercegovine\",\"publisher\":{\"@id\":\"https:\\\/\\\/radioljubuski.ba\\\/#organization\"},\"potentialAction\":[{\"@type\":\"SearchAction\",\"target\":{\"@type\":\"EntryPoint\",\"urlTemplate\":\"https:\\\/\\\/radioljubuski.ba\\\/?s={search_term_string}\"},\"query-input\":{\"@type\":\"PropertyValueSpecification\",\"valueRequired\":true,\"valueName\":\"search_term_string\"}}],\"inLanguage\":\"hr\"},{\"@type\":\"Organization\",\"@id\":\"https:\\\/\\\/radioljubuski.ba\\\/#organization\",\"name\":\"Radio Ljubu\u0161ki\",\"url\":\"https:\\\/\\\/radioljubuski.ba\\\/\",\"logo\":{\"@type\":\"ImageObject\",\"inLanguage\":\"hr\",\"@id\":\"https:\\\/\\\/radioljubuski.ba\\\/#\\\/schema\\\/logo\\\/image\\\/\",\"url\":\"https:\\\/\\\/radioljubuski.ba\\\/wp-content\\\/uploads\\\/2021\\\/02\\\/cropped-Radio_Ljubuski_logo1.jpg\",\"contentUrl\":\"https:\\\/\\\/radioljubuski.ba\\\/wp-content\\\/uploads\\\/2021\\\/02\\\/cropped-Radio_Ljubuski_logo1.jpg\",\"width\":512,\"height\":512,\"caption\":\"Radio Ljubu\u0161ki\"},\"image\":{\"@id\":\"https:\\\/\\\/radioljubuski.ba\\\/#\\\/schema\\\/logo\\\/image\\\/\"},\"sameAs\":[\"https:\\\/\\\/www.facebook.com\\\/Radiio-Ljubuski-1490835324566332\",\"https:\\\/\\\/x.com\\\/radioljubuski\",\"https:\\\/\\\/hr.linkedin.com\\\/company\\\/radio-ljubuski\",\"https:\\\/\\\/www.youtube.com\\\/channel\\\/UCHYaeO_n0Db3tjNGudGpXyw\"]},{\"@type\":\"Person\",\"@id\":\"https:\\\/\\\/radioljubuski.ba\\\/#\\\/schema\\\/person\\\/19fc700381a780f69665d7956c469e3b\",\"name\":\"Radio Ljubu\u0161ki\"}]}<\/script>\n<!-- \/ Yoast SEO plugin. -->","yoast_head_json":{"title":"Milicajac koji je kobnog 13. svibnja 1990. udario Bobana: \"Nagovarali su me da mu pucam u le\u0111a\" - RADIO LJUBU\u0160KI","robots":{"index":"index","follow":"follow","max-snippet":"max-snippet:-1","max-image-preview":"max-image-preview:large","max-video-preview":"max-video-preview:-1"},"canonical":"https:\/\/radioljubuski.ba\/index.php\/2022\/05\/13\/milicajac-koji-je-kobnog-13-svibnja-1990-udario-bobana-nagovarali-su-me-da-mu-pucam-u-leda\/","og_locale":"hr_HR","og_type":"article","og_title":"Milicajac koji je kobnog 13. svibnja 1990. udario Bobana: \"Nagovarali su me da mu pucam u le\u0111a\" - RADIO LJUBU\u0160KI","og_description":"Utakmica izme\u0111u Dinama i Crvene zvezde trebala se igrati 13. svibnja 1990. godine. Umjesto nogometnog spektakla, do\u0161lo je do divljanja gostuju\u0107ih navija\u010da nakon \u010dega su Bad Blue Boysi probili ogradu na sjevernoj tribini stadiona i sukobili se s tada\u0161njom milicijom jer je \u0161titila divljanje Delija.&nbsp; Izgredi su zapo\u010deli kada su srpski huligani pod vodstvom ratnog [&hellip;]","og_url":"https:\/\/radioljubuski.ba\/index.php\/2022\/05\/13\/milicajac-koji-je-kobnog-13-svibnja-1990-udario-bobana-nagovarali-su-me-da-mu-pucam-u-leda\/","og_site_name":"RADIO LJUBU\u0160KI","article_publisher":"https:\/\/www.facebook.com\/Radiio-Ljubuski-1490835324566332","article_published_time":"2022-05-13T07:50:50+00:00","article_modified_time":"2022-05-13T07:51:29+00:00","og_image":[{"width":1000,"height":571,"url":"https:\/\/radioljubuski.ba\/wp-content\/uploads\/2022\/05\/maksimir.jpeg","type":"image\/jpeg"}],"author":"Radio Ljubu\u0161ki","twitter_card":"summary_large_image","twitter_creator":"@radioljubuski","twitter_site":"@radioljubuski","twitter_misc":{"Napisao\/la":"Radio Ljubu\u0161ki","Procijenjeno vrijeme \u010ditanja":"2 minute"},"schema":{"@context":"https:\/\/schema.org","@graph":[{"@type":"Article","@id":"https:\/\/radioljubuski.ba\/index.php\/2022\/05\/13\/milicajac-koji-je-kobnog-13-svibnja-1990-udario-bobana-nagovarali-su-me-da-mu-pucam-u-leda\/#article","isPartOf":{"@id":"https:\/\/radioljubuski.ba\/index.php\/2022\/05\/13\/milicajac-koji-je-kobnog-13-svibnja-1990-udario-bobana-nagovarali-su-me-da-mu-pucam-u-leda\/"},"author":{"name":"Radio Ljubu\u0161ki","@id":"https:\/\/radioljubuski.ba\/#\/schema\/person\/19fc700381a780f69665d7956c469e3b"},"headline":"Milicajac koji je kobnog 13. svibnja 1990. udario Bobana: &#8220;Nagovarali su me da mu pucam u le\u0111a&#8221;","datePublished":"2022-05-13T07:50:50+00:00","dateModified":"2022-05-13T07:51:29+00:00","mainEntityOfPage":{"@id":"https:\/\/radioljubuski.ba\/index.php\/2022\/05\/13\/milicajac-koji-je-kobnog-13-svibnja-1990-udario-bobana-nagovarali-su-me-da-mu-pucam-u-leda\/"},"wordCount":486,"publisher":{"@id":"https:\/\/radioljubuski.ba\/#organization"},"image":{"@id":"https:\/\/radioljubuski.ba\/index.php\/2022\/05\/13\/milicajac-koji-je-kobnog-13-svibnja-1990-udario-bobana-nagovarali-su-me-da-mu-pucam-u-leda\/#primaryimage"},"thumbnailUrl":"https:\/\/radioljubuski.ba\/wp-content\/uploads\/2022\/05\/maksimir.jpeg","articleSection":["\u0160port"],"inLanguage":"hr"},{"@type":"WebPage","@id":"https:\/\/radioljubuski.ba\/index.php\/2022\/05\/13\/milicajac-koji-je-kobnog-13-svibnja-1990-udario-bobana-nagovarali-su-me-da-mu-pucam-u-leda\/","url":"https:\/\/radioljubuski.ba\/index.php\/2022\/05\/13\/milicajac-koji-je-kobnog-13-svibnja-1990-udario-bobana-nagovarali-su-me-da-mu-pucam-u-leda\/","name":"Milicajac koji je kobnog 13. svibnja 1990. udario Bobana: \"Nagovarali su me da mu pucam u le\u0111a\" - RADIO LJUBU\u0160KI","isPartOf":{"@id":"https:\/\/radioljubuski.ba\/#website"},"primaryImageOfPage":{"@id":"https:\/\/radioljubuski.ba\/index.php\/2022\/05\/13\/milicajac-koji-je-kobnog-13-svibnja-1990-udario-bobana-nagovarali-su-me-da-mu-pucam-u-leda\/#primaryimage"},"image":{"@id":"https:\/\/radioljubuski.ba\/index.php\/2022\/05\/13\/milicajac-koji-je-kobnog-13-svibnja-1990-udario-bobana-nagovarali-su-me-da-mu-pucam-u-leda\/#primaryimage"},"thumbnailUrl":"https:\/\/radioljubuski.ba\/wp-content\/uploads\/2022\/05\/maksimir.jpeg","datePublished":"2022-05-13T07:50:50+00:00","dateModified":"2022-05-13T07:51:29+00:00","breadcrumb":{"@id":"https:\/\/radioljubuski.ba\/index.php\/2022\/05\/13\/milicajac-koji-je-kobnog-13-svibnja-1990-udario-bobana-nagovarali-su-me-da-mu-pucam-u-leda\/#breadcrumb"},"inLanguage":"hr","potentialAction":[{"@type":"ReadAction","target":["https:\/\/radioljubuski.ba\/index.php\/2022\/05\/13\/milicajac-koji-je-kobnog-13-svibnja-1990-udario-bobana-nagovarali-su-me-da-mu-pucam-u-leda\/"]}]},{"@type":"ImageObject","inLanguage":"hr","@id":"https:\/\/radioljubuski.ba\/index.php\/2022\/05\/13\/milicajac-koji-je-kobnog-13-svibnja-1990-udario-bobana-nagovarali-su-me-da-mu-pucam-u-leda\/#primaryimage","url":"https:\/\/radioljubuski.ba\/wp-content\/uploads\/2022\/05\/maksimir.jpeg","contentUrl":"https:\/\/radioljubuski.ba\/wp-content\/uploads\/2022\/05\/maksimir.jpeg","width":1000,"height":571},{"@type":"BreadcrumbList","@id":"https:\/\/radioljubuski.ba\/index.php\/2022\/05\/13\/milicajac-koji-je-kobnog-13-svibnja-1990-udario-bobana-nagovarali-su-me-da-mu-pucam-u-leda\/#breadcrumb","itemListElement":[{"@type":"ListItem","position":1,"name":"Po\u010detna stranica","item":"https:\/\/radioljubuski.ba\/"},{"@type":"ListItem","position":2,"name":"Milicajac koji je kobnog 13. svibnja 1990. udario Bobana: &#8220;Nagovarali su me da mu pucam u le\u0111a&#8221;"}]},{"@type":"WebSite","@id":"https:\/\/radioljubuski.ba\/#website","url":"https:\/\/radioljubuski.ba\/","name":"Radio Ljubu\u0161ki","description":"Sun\u010dana frekvencija Hercegovine","publisher":{"@id":"https:\/\/radioljubuski.ba\/#organization"},"potentialAction":[{"@type":"SearchAction","target":{"@type":"EntryPoint","urlTemplate":"https:\/\/radioljubuski.ba\/?s={search_term_string}"},"query-input":{"@type":"PropertyValueSpecification","valueRequired":true,"valueName":"search_term_string"}}],"inLanguage":"hr"},{"@type":"Organization","@id":"https:\/\/radioljubuski.ba\/#organization","name":"Radio Ljubu\u0161ki","url":"https:\/\/radioljubuski.ba\/","logo":{"@type":"ImageObject","inLanguage":"hr","@id":"https:\/\/radioljubuski.ba\/#\/schema\/logo\/image\/","url":"https:\/\/radioljubuski.ba\/wp-content\/uploads\/2021\/02\/cropped-Radio_Ljubuski_logo1.jpg","contentUrl":"https:\/\/radioljubuski.ba\/wp-content\/uploads\/2021\/02\/cropped-Radio_Ljubuski_logo1.jpg","width":512,"height":512,"caption":"Radio Ljubu\u0161ki"},"image":{"@id":"https:\/\/radioljubuski.ba\/#\/schema\/logo\/image\/"},"sameAs":["https:\/\/www.facebook.com\/Radiio-Ljubuski-1490835324566332","https:\/\/x.com\/radioljubuski","https:\/\/hr.linkedin.com\/company\/radio-ljubuski","https:\/\/www.youtube.com\/channel\/UCHYaeO_n0Db3tjNGudGpXyw"]},{"@type":"Person","@id":"https:\/\/radioljubuski.ba\/#\/schema\/person\/19fc700381a780f69665d7956c469e3b","name":"Radio Ljubu\u0161ki"}]}},"_links":{"self":[{"href":"https:\/\/radioljubuski.ba\/index.php\/wp-json\/wp\/v2\/posts\/141012","targetHints":{"allow":["GET"]}}],"collection":[{"href":"https:\/\/radioljubuski.ba\/index.php\/wp-json\/wp\/v2\/posts"}],"about":[{"href":"https:\/\/radioljubuski.ba\/index.php\/wp-json\/wp\/v2\/types\/post"}],"author":[{"embeddable":true,"href":"https:\/\/radioljubuski.ba\/index.php\/wp-json\/wp\/v2\/users\/2"}],"replies":[{"embeddable":true,"href":"https:\/\/radioljubuski.ba\/index.php\/wp-json\/wp\/v2\/comments?post=141012"}],"version-history":[{"count":2,"href":"https:\/\/radioljubuski.ba\/index.php\/wp-json\/wp\/v2\/posts\/141012\/revisions"}],"predecessor-version":[{"id":141020,"href":"https:\/\/radioljubuski.ba\/index.php\/wp-json\/wp\/v2\/posts\/141012\/revisions\/141020"}],"wp:featuredmedia":[{"embeddable":true,"href":"https:\/\/radioljubuski.ba\/index.php\/wp-json\/wp\/v2\/media\/141018"}],"wp:attachment":[{"href":"https:\/\/radioljubuski.ba\/index.php\/wp-json\/wp\/v2\/media?parent=141012"}],"wp:term":[{"taxonomy":"category","embeddable":true,"href":"https:\/\/radioljubuski.ba\/index.php\/wp-json\/wp\/v2\/categories?post=141012"},{"taxonomy":"post_tag","embeddable":true,"href":"https:\/\/radioljubuski.ba\/index.php\/wp-json\/wp\/v2\/tags?post=141012"}],"curies":[{"name":"wp","href":"https:\/\/api.w.org\/{rel}","templated":true}]}}