{"id":141028,"date":"2022-05-13T09:15:34","date_gmt":"2022-05-13T08:15:34","guid":{"rendered":"https:\/\/radioljubuski.ba\/?p=141028"},"modified":"2022-05-13T09:15:35","modified_gmt":"2022-05-13T08:15:35","slug":"ancelotti-otkrio-benzeminu-tajnu-sta-se-desilo-da-francuz-eksplodira-nakon-odlaska-ronalda","status":"publish","type":"post","link":"https:\/\/radioljubuski.ba\/index.php\/2022\/05\/13\/ancelotti-otkrio-benzeminu-tajnu-sta-se-desilo-da-francuz-eksplodira-nakon-odlaska-ronalda\/","title":{"rendered":"Ancelotti otkrio Benzeminu tajnu: \u0160ta se desilo da Francuz eksplodira nakon odlaska Ronalda?"},"content":{"rendered":"\n<p>Real Madrid je sino\u0107 sa 6:0 deklasirao Levante i poslao ga u ni\u017ei rang. Opet je svoj dan imao Karim Benzema koji je postigao 323. gol za Real Madrid i tako se izjedna\u010dio na drugom mjestu vje\u010dne liste strijelaca s legendarnim Raulom.<\/p>\n\n\n\n<p>Ne\u0107emo tro\u0161iti mnogo rije\u010di oko toga da je Benzema najbolji igra\u010d Real Madrida ove sezone i najzuslu\u017eniji \u010dovjek za osvajanje titule prvaka \u0160panije i ulaska u finale Lige prvaka.<\/p>\n\n\n\n<p>Trener Los Blancosa Carlo Ancelotti otkrio je njegovu tajnu i objasnio da je eksplodirao nakon odlaska Cristiana Ronalda zato \u0161to je preuzeo njegovu odgovornost u timu.<\/p>\n\n\n\n<p>&#8220;Te\u0161ko mi je Benzemu smatrati jednostavnim centralnim napada\u010dem, jer u stvarnosti je on fantasti\u010dan igra\u010d koji igra u napadu. On nije samo strijelac, ve\u0107 i&nbsp;asistent svojim saigra\u010dima&#8221;, rekao je Ancelotti pa nastavio:<\/p>\n\n\n\n<p>&#8220;On je kompletan igra\u010d i jako nam je va\u017ean. Vrhunski igra\u010d, za kojeg mislim da je trenutno najbolji na svijetu. Mislim da je Karim postao vo\u0111a kada je Ronaldo oti\u0161ao.&#8221;<\/p>\n\n\n\n<p>&#8220;Ronaldo je bio igra\u010d koji je postizao 50 golova po sezoni i bez njega je Real Madrid imao velikih pote\u0161ko\u0107a u zabijanju. Karim je preuzeo tu odgovornost i postao jo\u0161 va\u017eniji za tim.&#8221;<\/p>\n\n\n\n<p>&#8220;On je vo\u0111a ove ekipe, ali ne i jedini. Uspjeli smo izgraditi sna\u017ean duh za ovu mom\u010dad i to se vidi po utakmicama koje igramo. Oni podr\u017eavaju jedni druge i to je klju\u010d uspjeha&#8221;, objasnio je Ancelotti, prenosi Football Espana.<\/p>\n\n\n\n<p>izvor: sportsport.ba<\/p>\n","protected":false},"excerpt":{"rendered":"<p>Real Madrid je sino\u0107 sa 6:0 deklasirao Levante i poslao ga u ni\u017ei rang. Opet je svoj dan imao Karim Benzema koji je postigao 323. gol za Real Madrid i tako se izjedna\u010dio na drugom mjestu vje\u010dne liste strijelaca s legendarnim Raulom. Ne\u0107emo tro\u0161iti mnogo rije\u010di oko toga da je Benzema najbolji igra\u010d Real Madrida [&hellip;]<\/p>\n","protected":false},"author":2,"featured_media":141029,"comment_status":"closed","ping_status":"closed","sticky":false,"template":"","format":"standard","meta":{"h5ap_radio_sources":[],"footnotes":""},"categories":[7],"tags":[],"class_list":["post-141028","post","type-post","status-publish","format-standard","has-post-thumbnail","hentry","category-sport"],"yoast_head":"<!-- This site is optimized with the Yoast SEO plugin v27.4 - https:\/\/yoast.com\/product\/yoast-seo-wordpress\/ -->\n<title>Ancelotti otkrio Benzeminu tajnu: \u0160ta se desilo da Francuz eksplodira nakon odlaska Ronalda? - RADIO LJUBU\u0160KI<\/title>\n<meta name=\"robots\" content=\"index, follow, max-snippet:-1, max-image-preview:large, max-video-preview:-1\" \/>\n<link rel=\"canonical\" href=\"https:\/\/radioljubuski.ba\/index.php\/2022\/05\/13\/ancelotti-otkrio-benzeminu-tajnu-sta-se-desilo-da-francuz-eksplodira-nakon-odlaska-ronalda\/\" \/>\n<meta property=\"og:locale\" content=\"hr_HR\" \/>\n<meta property=\"og:type\" content=\"article\" \/>\n<meta property=\"og:title\" content=\"Ancelotti otkrio Benzeminu tajnu: \u0160ta se desilo da Francuz eksplodira nakon odlaska Ronalda? - RADIO LJUBU\u0160KI\" \/>\n<meta property=\"og:description\" content=\"Real Madrid je sino\u0107 sa 6:0 deklasirao Levante i poslao ga u ni\u017ei rang. Opet je svoj dan imao Karim Benzema koji je postigao 323. gol za Real Madrid i tako se izjedna\u010dio na drugom mjestu vje\u010dne liste strijelaca s legendarnim Raulom. Ne\u0107emo tro\u0161iti mnogo rije\u010di oko toga da je Benzema najbolji igra\u010d Real Madrida [&hellip;]\" \/>\n<meta property=\"og:url\" content=\"https:\/\/radioljubuski.ba\/index.php\/2022\/05\/13\/ancelotti-otkrio-benzeminu-tajnu-sta-se-desilo-da-francuz-eksplodira-nakon-odlaska-ronalda\/\" \/>\n<meta property=\"og:site_name\" content=\"RADIO LJUBU\u0160KI\" \/>\n<meta property=\"article:publisher\" content=\"https:\/\/www.facebook.com\/Radiio-Ljubuski-1490835324566332\" \/>\n<meta property=\"article:published_time\" content=\"2022-05-13T08:15:34+00:00\" \/>\n<meta property=\"article:modified_time\" content=\"2022-05-13T08:15:35+00:00\" \/>\n<meta property=\"og:image\" content=\"https:\/\/radioljubuski.ba\/wp-content\/uploads\/2022\/05\/benzema.jpg\" \/>\n\t<meta property=\"og:image:width\" content=\"300\" \/>\n\t<meta property=\"og:image:height\" content=\"168\" \/>\n\t<meta property=\"og:image:type\" content=\"image\/jpeg\" \/>\n<meta name=\"author\" content=\"Radio Ljubu\u0161ki\" \/>\n<meta name=\"twitter:card\" content=\"summary_large_image\" \/>\n<meta name=\"twitter:creator\" content=\"@radioljubuski\" \/>\n<meta name=\"twitter:site\" content=\"@radioljubuski\" \/>\n<meta name=\"twitter:label1\" content=\"Napisao\/la\" \/>\n\t<meta name=\"twitter:data1\" content=\"Radio Ljubu\u0161ki\" \/>\n\t<meta name=\"twitter:label2\" content=\"Procijenjeno vrijeme \u010ditanja\" \/>\n\t<meta name=\"twitter:data2\" content=\"2 minute\" \/>\n<script type=\"application\/ld+json\" class=\"yoast-schema-graph\">{\"@context\":\"https:\\\/\\\/schema.org\",\"@graph\":[{\"@type\":\"Article\",\"@id\":\"https:\\\/\\\/radioljubuski.ba\\\/index.php\\\/2022\\\/05\\\/13\\\/ancelotti-otkrio-benzeminu-tajnu-sta-se-desilo-da-francuz-eksplodira-nakon-odlaska-ronalda\\\/#article\",\"isPartOf\":{\"@id\":\"https:\\\/\\\/radioljubuski.ba\\\/index.php\\\/2022\\\/05\\\/13\\\/ancelotti-otkrio-benzeminu-tajnu-sta-se-desilo-da-francuz-eksplodira-nakon-odlaska-ronalda\\\/\"},\"author\":{\"name\":\"Radio Ljubu\u0161ki\",\"@id\":\"https:\\\/\\\/radioljubuski.ba\\\/#\\\/schema\\\/person\\\/19fc700381a780f69665d7956c469e3b\"},\"headline\":\"Ancelotti otkrio Benzeminu tajnu: \u0160ta se desilo da Francuz eksplodira nakon odlaska Ronalda?\",\"datePublished\":\"2022-05-13T08:15:34+00:00\",\"dateModified\":\"2022-05-13T08:15:35+00:00\",\"mainEntityOfPage\":{\"@id\":\"https:\\\/\\\/radioljubuski.ba\\\/index.php\\\/2022\\\/05\\\/13\\\/ancelotti-otkrio-benzeminu-tajnu-sta-se-desilo-da-francuz-eksplodira-nakon-odlaska-ronalda\\\/\"},\"wordCount\":268,\"publisher\":{\"@id\":\"https:\\\/\\\/radioljubuski.ba\\\/#organization\"},\"image\":{\"@id\":\"https:\\\/\\\/radioljubuski.ba\\\/index.php\\\/2022\\\/05\\\/13\\\/ancelotti-otkrio-benzeminu-tajnu-sta-se-desilo-da-francuz-eksplodira-nakon-odlaska-ronalda\\\/#primaryimage\"},\"thumbnailUrl\":\"https:\\\/\\\/radioljubuski.ba\\\/wp-content\\\/uploads\\\/2022\\\/05\\\/benzema.jpg\",\"articleSection\":[\"\u0160port\"],\"inLanguage\":\"hr\"},{\"@type\":\"WebPage\",\"@id\":\"https:\\\/\\\/radioljubuski.ba\\\/index.php\\\/2022\\\/05\\\/13\\\/ancelotti-otkrio-benzeminu-tajnu-sta-se-desilo-da-francuz-eksplodira-nakon-odlaska-ronalda\\\/\",\"url\":\"https:\\\/\\\/radioljubuski.ba\\\/index.php\\\/2022\\\/05\\\/13\\\/ancelotti-otkrio-benzeminu-tajnu-sta-se-desilo-da-francuz-eksplodira-nakon-odlaska-ronalda\\\/\",\"name\":\"Ancelotti otkrio Benzeminu tajnu: \u0160ta se desilo da Francuz eksplodira nakon odlaska Ronalda? - RADIO LJUBU\u0160KI\",\"isPartOf\":{\"@id\":\"https:\\\/\\\/radioljubuski.ba\\\/#website\"},\"primaryImageOfPage\":{\"@id\":\"https:\\\/\\\/radioljubuski.ba\\\/index.php\\\/2022\\\/05\\\/13\\\/ancelotti-otkrio-benzeminu-tajnu-sta-se-desilo-da-francuz-eksplodira-nakon-odlaska-ronalda\\\/#primaryimage\"},\"image\":{\"@id\":\"https:\\\/\\\/radioljubuski.ba\\\/index.php\\\/2022\\\/05\\\/13\\\/ancelotti-otkrio-benzeminu-tajnu-sta-se-desilo-da-francuz-eksplodira-nakon-odlaska-ronalda\\\/#primaryimage\"},\"thumbnailUrl\":\"https:\\\/\\\/radioljubuski.ba\\\/wp-content\\\/uploads\\\/2022\\\/05\\\/benzema.jpg\",\"datePublished\":\"2022-05-13T08:15:34+00:00\",\"dateModified\":\"2022-05-13T08:15:35+00:00\",\"breadcrumb\":{\"@id\":\"https:\\\/\\\/radioljubuski.ba\\\/index.php\\\/2022\\\/05\\\/13\\\/ancelotti-otkrio-benzeminu-tajnu-sta-se-desilo-da-francuz-eksplodira-nakon-odlaska-ronalda\\\/#breadcrumb\"},\"inLanguage\":\"hr\",\"potentialAction\":[{\"@type\":\"ReadAction\",\"target\":[\"https:\\\/\\\/radioljubuski.ba\\\/index.php\\\/2022\\\/05\\\/13\\\/ancelotti-otkrio-benzeminu-tajnu-sta-se-desilo-da-francuz-eksplodira-nakon-odlaska-ronalda\\\/\"]}]},{\"@type\":\"ImageObject\",\"inLanguage\":\"hr\",\"@id\":\"https:\\\/\\\/radioljubuski.ba\\\/index.php\\\/2022\\\/05\\\/13\\\/ancelotti-otkrio-benzeminu-tajnu-sta-se-desilo-da-francuz-eksplodira-nakon-odlaska-ronalda\\\/#primaryimage\",\"url\":\"https:\\\/\\\/radioljubuski.ba\\\/wp-content\\\/uploads\\\/2022\\\/05\\\/benzema.jpg\",\"contentUrl\":\"https:\\\/\\\/radioljubuski.ba\\\/wp-content\\\/uploads\\\/2022\\\/05\\\/benzema.jpg\",\"width\":300,\"height\":168},{\"@type\":\"BreadcrumbList\",\"@id\":\"https:\\\/\\\/radioljubuski.ba\\\/index.php\\\/2022\\\/05\\\/13\\\/ancelotti-otkrio-benzeminu-tajnu-sta-se-desilo-da-francuz-eksplodira-nakon-odlaska-ronalda\\\/#breadcrumb\",\"itemListElement\":[{\"@type\":\"ListItem\",\"position\":1,\"name\":\"Po\u010detna stranica\",\"item\":\"https:\\\/\\\/radioljubuski.ba\\\/\"},{\"@type\":\"ListItem\",\"position\":2,\"name\":\"Ancelotti otkrio Benzeminu tajnu: \u0160ta se desilo da Francuz eksplodira nakon odlaska Ronalda?\"}]},{\"@type\":\"WebSite\",\"@id\":\"https:\\\/\\\/radioljubuski.ba\\\/#website\",\"url\":\"https:\\\/\\\/radioljubuski.ba\\\/\",\"name\":\"Radio Ljubu\u0161ki\",\"description\":\"Sun\u010dana frekvencija Hercegovine\",\"publisher\":{\"@id\":\"https:\\\/\\\/radioljubuski.ba\\\/#organization\"},\"potentialAction\":[{\"@type\":\"SearchAction\",\"target\":{\"@type\":\"EntryPoint\",\"urlTemplate\":\"https:\\\/\\\/radioljubuski.ba\\\/?s={search_term_string}\"},\"query-input\":{\"@type\":\"PropertyValueSpecification\",\"valueRequired\":true,\"valueName\":\"search_term_string\"}}],\"inLanguage\":\"hr\"},{\"@type\":\"Organization\",\"@id\":\"https:\\\/\\\/radioljubuski.ba\\\/#organization\",\"name\":\"Radio Ljubu\u0161ki\",\"url\":\"https:\\\/\\\/radioljubuski.ba\\\/\",\"logo\":{\"@type\":\"ImageObject\",\"inLanguage\":\"hr\",\"@id\":\"https:\\\/\\\/radioljubuski.ba\\\/#\\\/schema\\\/logo\\\/image\\\/\",\"url\":\"https:\\\/\\\/radioljubuski.ba\\\/wp-content\\\/uploads\\\/2021\\\/02\\\/cropped-Radio_Ljubuski_logo1.jpg\",\"contentUrl\":\"https:\\\/\\\/radioljubuski.ba\\\/wp-content\\\/uploads\\\/2021\\\/02\\\/cropped-Radio_Ljubuski_logo1.jpg\",\"width\":512,\"height\":512,\"caption\":\"Radio Ljubu\u0161ki\"},\"image\":{\"@id\":\"https:\\\/\\\/radioljubuski.ba\\\/#\\\/schema\\\/logo\\\/image\\\/\"},\"sameAs\":[\"https:\\\/\\\/www.facebook.com\\\/Radiio-Ljubuski-1490835324566332\",\"https:\\\/\\\/x.com\\\/radioljubuski\",\"https:\\\/\\\/hr.linkedin.com\\\/company\\\/radio-ljubuski\",\"https:\\\/\\\/www.youtube.com\\\/channel\\\/UCHYaeO_n0Db3tjNGudGpXyw\"]},{\"@type\":\"Person\",\"@id\":\"https:\\\/\\\/radioljubuski.ba\\\/#\\\/schema\\\/person\\\/19fc700381a780f69665d7956c469e3b\",\"name\":\"Radio Ljubu\u0161ki\"}]}<\/script>\n<!-- \/ Yoast SEO plugin. -->","yoast_head_json":{"title":"Ancelotti otkrio Benzeminu tajnu: \u0160ta se desilo da Francuz eksplodira nakon odlaska Ronalda? - RADIO LJUBU\u0160KI","robots":{"index":"index","follow":"follow","max-snippet":"max-snippet:-1","max-image-preview":"max-image-preview:large","max-video-preview":"max-video-preview:-1"},"canonical":"https:\/\/radioljubuski.ba\/index.php\/2022\/05\/13\/ancelotti-otkrio-benzeminu-tajnu-sta-se-desilo-da-francuz-eksplodira-nakon-odlaska-ronalda\/","og_locale":"hr_HR","og_type":"article","og_title":"Ancelotti otkrio Benzeminu tajnu: \u0160ta se desilo da Francuz eksplodira nakon odlaska Ronalda? - RADIO LJUBU\u0160KI","og_description":"Real Madrid je sino\u0107 sa 6:0 deklasirao Levante i poslao ga u ni\u017ei rang. Opet je svoj dan imao Karim Benzema koji je postigao 323. gol za Real Madrid i tako se izjedna\u010dio na drugom mjestu vje\u010dne liste strijelaca s legendarnim Raulom. Ne\u0107emo tro\u0161iti mnogo rije\u010di oko toga da je Benzema najbolji igra\u010d Real Madrida [&hellip;]","og_url":"https:\/\/radioljubuski.ba\/index.php\/2022\/05\/13\/ancelotti-otkrio-benzeminu-tajnu-sta-se-desilo-da-francuz-eksplodira-nakon-odlaska-ronalda\/","og_site_name":"RADIO LJUBU\u0160KI","article_publisher":"https:\/\/www.facebook.com\/Radiio-Ljubuski-1490835324566332","article_published_time":"2022-05-13T08:15:34+00:00","article_modified_time":"2022-05-13T08:15:35+00:00","og_image":[{"width":300,"height":168,"url":"https:\/\/radioljubuski.ba\/wp-content\/uploads\/2022\/05\/benzema.jpg","type":"image\/jpeg"}],"author":"Radio Ljubu\u0161ki","twitter_card":"summary_large_image","twitter_creator":"@radioljubuski","twitter_site":"@radioljubuski","twitter_misc":{"Napisao\/la":"Radio Ljubu\u0161ki","Procijenjeno vrijeme \u010ditanja":"2 minute"},"schema":{"@context":"https:\/\/schema.org","@graph":[{"@type":"Article","@id":"https:\/\/radioljubuski.ba\/index.php\/2022\/05\/13\/ancelotti-otkrio-benzeminu-tajnu-sta-se-desilo-da-francuz-eksplodira-nakon-odlaska-ronalda\/#article","isPartOf":{"@id":"https:\/\/radioljubuski.ba\/index.php\/2022\/05\/13\/ancelotti-otkrio-benzeminu-tajnu-sta-se-desilo-da-francuz-eksplodira-nakon-odlaska-ronalda\/"},"author":{"name":"Radio Ljubu\u0161ki","@id":"https:\/\/radioljubuski.ba\/#\/schema\/person\/19fc700381a780f69665d7956c469e3b"},"headline":"Ancelotti otkrio Benzeminu tajnu: \u0160ta se desilo da Francuz eksplodira nakon odlaska Ronalda?","datePublished":"2022-05-13T08:15:34+00:00","dateModified":"2022-05-13T08:15:35+00:00","mainEntityOfPage":{"@id":"https:\/\/radioljubuski.ba\/index.php\/2022\/05\/13\/ancelotti-otkrio-benzeminu-tajnu-sta-se-desilo-da-francuz-eksplodira-nakon-odlaska-ronalda\/"},"wordCount":268,"publisher":{"@id":"https:\/\/radioljubuski.ba\/#organization"},"image":{"@id":"https:\/\/radioljubuski.ba\/index.php\/2022\/05\/13\/ancelotti-otkrio-benzeminu-tajnu-sta-se-desilo-da-francuz-eksplodira-nakon-odlaska-ronalda\/#primaryimage"},"thumbnailUrl":"https:\/\/radioljubuski.ba\/wp-content\/uploads\/2022\/05\/benzema.jpg","articleSection":["\u0160port"],"inLanguage":"hr"},{"@type":"WebPage","@id":"https:\/\/radioljubuski.ba\/index.php\/2022\/05\/13\/ancelotti-otkrio-benzeminu-tajnu-sta-se-desilo-da-francuz-eksplodira-nakon-odlaska-ronalda\/","url":"https:\/\/radioljubuski.ba\/index.php\/2022\/05\/13\/ancelotti-otkrio-benzeminu-tajnu-sta-se-desilo-da-francuz-eksplodira-nakon-odlaska-ronalda\/","name":"Ancelotti otkrio Benzeminu tajnu: \u0160ta se desilo da Francuz eksplodira nakon odlaska Ronalda? - RADIO LJUBU\u0160KI","isPartOf":{"@id":"https:\/\/radioljubuski.ba\/#website"},"primaryImageOfPage":{"@id":"https:\/\/radioljubuski.ba\/index.php\/2022\/05\/13\/ancelotti-otkrio-benzeminu-tajnu-sta-se-desilo-da-francuz-eksplodira-nakon-odlaska-ronalda\/#primaryimage"},"image":{"@id":"https:\/\/radioljubuski.ba\/index.php\/2022\/05\/13\/ancelotti-otkrio-benzeminu-tajnu-sta-se-desilo-da-francuz-eksplodira-nakon-odlaska-ronalda\/#primaryimage"},"thumbnailUrl":"https:\/\/radioljubuski.ba\/wp-content\/uploads\/2022\/05\/benzema.jpg","datePublished":"2022-05-13T08:15:34+00:00","dateModified":"2022-05-13T08:15:35+00:00","breadcrumb":{"@id":"https:\/\/radioljubuski.ba\/index.php\/2022\/05\/13\/ancelotti-otkrio-benzeminu-tajnu-sta-se-desilo-da-francuz-eksplodira-nakon-odlaska-ronalda\/#breadcrumb"},"inLanguage":"hr","potentialAction":[{"@type":"ReadAction","target":["https:\/\/radioljubuski.ba\/index.php\/2022\/05\/13\/ancelotti-otkrio-benzeminu-tajnu-sta-se-desilo-da-francuz-eksplodira-nakon-odlaska-ronalda\/"]}]},{"@type":"ImageObject","inLanguage":"hr","@id":"https:\/\/radioljubuski.ba\/index.php\/2022\/05\/13\/ancelotti-otkrio-benzeminu-tajnu-sta-se-desilo-da-francuz-eksplodira-nakon-odlaska-ronalda\/#primaryimage","url":"https:\/\/radioljubuski.ba\/wp-content\/uploads\/2022\/05\/benzema.jpg","contentUrl":"https:\/\/radioljubuski.ba\/wp-content\/uploads\/2022\/05\/benzema.jpg","width":300,"height":168},{"@type":"BreadcrumbList","@id":"https:\/\/radioljubuski.ba\/index.php\/2022\/05\/13\/ancelotti-otkrio-benzeminu-tajnu-sta-se-desilo-da-francuz-eksplodira-nakon-odlaska-ronalda\/#breadcrumb","itemListElement":[{"@type":"ListItem","position":1,"name":"Po\u010detna stranica","item":"https:\/\/radioljubuski.ba\/"},{"@type":"ListItem","position":2,"name":"Ancelotti otkrio Benzeminu tajnu: \u0160ta se desilo da Francuz eksplodira nakon odlaska Ronalda?"}]},{"@type":"WebSite","@id":"https:\/\/radioljubuski.ba\/#website","url":"https:\/\/radioljubuski.ba\/","name":"Radio Ljubu\u0161ki","description":"Sun\u010dana frekvencija Hercegovine","publisher":{"@id":"https:\/\/radioljubuski.ba\/#organization"},"potentialAction":[{"@type":"SearchAction","target":{"@type":"EntryPoint","urlTemplate":"https:\/\/radioljubuski.ba\/?s={search_term_string}"},"query-input":{"@type":"PropertyValueSpecification","valueRequired":true,"valueName":"search_term_string"}}],"inLanguage":"hr"},{"@type":"Organization","@id":"https:\/\/radioljubuski.ba\/#organization","name":"Radio Ljubu\u0161ki","url":"https:\/\/radioljubuski.ba\/","logo":{"@type":"ImageObject","inLanguage":"hr","@id":"https:\/\/radioljubuski.ba\/#\/schema\/logo\/image\/","url":"https:\/\/radioljubuski.ba\/wp-content\/uploads\/2021\/02\/cropped-Radio_Ljubuski_logo1.jpg","contentUrl":"https:\/\/radioljubuski.ba\/wp-content\/uploads\/2021\/02\/cropped-Radio_Ljubuski_logo1.jpg","width":512,"height":512,"caption":"Radio Ljubu\u0161ki"},"image":{"@id":"https:\/\/radioljubuski.ba\/#\/schema\/logo\/image\/"},"sameAs":["https:\/\/www.facebook.com\/Radiio-Ljubuski-1490835324566332","https:\/\/x.com\/radioljubuski","https:\/\/hr.linkedin.com\/company\/radio-ljubuski","https:\/\/www.youtube.com\/channel\/UCHYaeO_n0Db3tjNGudGpXyw"]},{"@type":"Person","@id":"https:\/\/radioljubuski.ba\/#\/schema\/person\/19fc700381a780f69665d7956c469e3b","name":"Radio Ljubu\u0161ki"}]}},"_links":{"self":[{"href":"https:\/\/radioljubuski.ba\/index.php\/wp-json\/wp\/v2\/posts\/141028","targetHints":{"allow":["GET"]}}],"collection":[{"href":"https:\/\/radioljubuski.ba\/index.php\/wp-json\/wp\/v2\/posts"}],"about":[{"href":"https:\/\/radioljubuski.ba\/index.php\/wp-json\/wp\/v2\/types\/post"}],"author":[{"embeddable":true,"href":"https:\/\/radioljubuski.ba\/index.php\/wp-json\/wp\/v2\/users\/2"}],"replies":[{"embeddable":true,"href":"https:\/\/radioljubuski.ba\/index.php\/wp-json\/wp\/v2\/comments?post=141028"}],"version-history":[{"count":1,"href":"https:\/\/radioljubuski.ba\/index.php\/wp-json\/wp\/v2\/posts\/141028\/revisions"}],"predecessor-version":[{"id":141030,"href":"https:\/\/radioljubuski.ba\/index.php\/wp-json\/wp\/v2\/posts\/141028\/revisions\/141030"}],"wp:featuredmedia":[{"embeddable":true,"href":"https:\/\/radioljubuski.ba\/index.php\/wp-json\/wp\/v2\/media\/141029"}],"wp:attachment":[{"href":"https:\/\/radioljubuski.ba\/index.php\/wp-json\/wp\/v2\/media?parent=141028"}],"wp:term":[{"taxonomy":"category","embeddable":true,"href":"https:\/\/radioljubuski.ba\/index.php\/wp-json\/wp\/v2\/categories?post=141028"},{"taxonomy":"post_tag","embeddable":true,"href":"https:\/\/radioljubuski.ba\/index.php\/wp-json\/wp\/v2\/tags?post=141028"}],"curies":[{"name":"wp","href":"https:\/\/api.w.org\/{rel}","templated":true}]}}