{"id":141305,"date":"2022-05-13T14:48:06","date_gmt":"2022-05-13T13:48:06","guid":{"rendered":"https:\/\/radioljubuski.ba\/?p=141305"},"modified":"2022-05-13T14:48:08","modified_gmt":"2022-05-13T13:48:08","slug":"13-svibnja-1990-bbb-prvi-u-jugoslaviji-napali-komunisticku-miliciju-i-najavili-borbu-za-neovisnost-hrvatske","status":"publish","type":"post","link":"https:\/\/radioljubuski.ba\/index.php\/2022\/05\/13\/13-svibnja-1990-bbb-prvi-u-jugoslaviji-napali-komunisticku-miliciju-i-najavili-borbu-za-neovisnost-hrvatske\/","title":{"rendered":"13. svibnja 1990. BBB prvi u Jugoslaviji napali komunisti\u010dku miliciju i najavili borbu za neovisnost Hrvatske"},"content":{"rendered":"\n<p><strong>Na dana\u0161nji dan 13. svibnja 1990. u Zagrebu je do\u0161lo do velikog okr\u0161aja navija\u010da Dinama BBB i komunisti\u010dke milicije.<\/strong><\/p>\n\n\n\n<p>Iako je prvi veliki sukob BBB sa milicijom bio 1988. na utakmici s Hajdukom kada su torcida\u0161i vikali s juga na stajanje istok \u201eAjmo purgeri!\u201c, ovaj sukob je imao ogromne razmjere jer je bio ranjen velik broj komunisti\u010dkih milicajaca, navija\u010da, a ulicama Zagreba odjekivali su pucnjevi iz vatrenog oru\u017eja.<\/p>\n\n\n\n<p>Jugoslavenski re\u017eim osobito je, poput svih totalitarnih re\u017eima, polagao pozornost da sport bude u potpunosti pod njegovom kontrolom. Najpopularniji od svih sportova, nogomet, je tako privla\u010dio njihovu posebnu pa\u017enju i bio umnogome sredstvom promicanja i veli\u010danja komunisti\u010dkih vrijednosti, a kasnije i velikosrpskih ideja.<\/p>\n\n\n\n<p>Upravo su navija\u010di splitskog Hajduka i zagreba\u010dkog Dinama bili zbog svog izra\u017eenog hrvatskog domoljublja trn u oku jugoslavenskog \u0161ovinizma i komunisti\u010dke diktature. Zbog toga je re\u017eim posebnu pa\u017enju obra\u0107ao na ta dva kluba i njihove navija\u010de.<\/p>\n\n\n\n<p>Smrt Josipa Broza bila je dodatni okida\u010d za ekspanziju srbijanskog nacionalizma, pa su tako nogometni klubovi Crvena Zvezda i Partizan, te njihovi navija\u010di kori\u0161teni kao udarne jedinice promid\u017ebe ideja Velike Srbije i \u010detni\u0161tva, \u0161to se kasnije prenijelo i na ulice gradova srbijanske dr\u017eave.<\/p>\n\n\n\n<p>Ali i protuudarac je do\u0161ao na stadionima: me\u0111u hrvatskim navija\u010dima, prvenstveno BBB i Torcide, ali i Armade, Kohorte i drugih javlja se otpor prema srbijanskim te\u017enjama i otpor velikosrbijanskom \u0161ovinizmu. Upravo nogometni stadioni postaju mjesta gdje se prvo po\u010dinju nositi hrvatske zastave, pjevati zabranjene domoljubne pjesme, prizivati hrvatski povijesni junaci i svaki dugi oblik hrvatskog domoljublja.<\/p>\n\n\n\n<p>Kako je vrijeme prolazilo sukob se sve vi\u0161e produbljivao, a hrvatski navija\u010di su bili pod velikom represijom komunisti\u010dkog re\u017eima, nerijetko dobivaju\u0107i vi\u0161egodi\u0161nje robije ( napr. slu\u010daj bacanja pitomaca JNA u more na Rivi u Splitu).<\/p>\n\n\n\nhttps:\/\/www.youtube.com\/watch?v=59v_RRIkMPM\n\n\n\n<h3 class=\"wp-block-heading\"><strong>Sukob na Maksimiru \u2013 kulminacija sukoba milicajaca i domoljubnih navija\u010da<\/strong><\/h3>\n\n\n\n<p>Sukob je kulminaciju do\u017eivio na dana\u0161nji dan na stadionu u Maksimiru prije nikada odigranog susreta Dinamo-Crvena Zvezda. Navija\u010di Crvene Zvezde, me\u0111u koje su bili uba\u010deni komunisti\u010dki agenti i ubojice poput \u017deljka Ra\u017enjatovi\u0107a Arkana, namjerno su izazvali sukob prije utakmice.<\/p>\n\n\n\n<p>Prvo je na samom stadionu do\u0161lo do sukoba sa milicijom gdje je bilo ozlije\u0111enih na obje strane, a kada su se sukobi prenijeli na gradske ulice stvari su izmakle kontroli.<\/p>\n\n\n\n<p>Oko stadiona u Maksimiru \u010duli su se pucnjevi, pale\u017e vozila, izlazile su na ulice naoru\u017eane milicijske postrojbe, suzavci su bacani posvuda. Tada je prvi put napadnut i jedan vod Vojne policije JNA koji je jedva izvukao \u017eivu glavu.<\/p>\n\n\n\n<p>Sukob je trajao do kasno u no\u0107 i milicija nikada nije dala pravo izvje\u0161\u0107e o njemu jer je to bio pravi op\u0107enarodni bunt protiv komunisti\u010dkog ugnjetavanja. Gra\u0111ani Zagreba, koji nisu navija\u010di, dolazili su na stadion kada su preko radija \u010duli \u0161to se doga\u0111a, samo da bi obranili svoj grad.<\/p>\n\n\n\n<p>Kada su se sukobi smirili, iza pono\u0107i su navija\u010di Zvezde provedeni na vlak, koji je bio cijelim putem kroz Slavoniju napadan od ogor\u010denih i bijesnih Hrvata koji vi\u0161e nisu htjeli trpjeti prijetnje Slobodana Milo\u0161evi\u0107a i srbijanskih \u010delnika.<\/p>\n\n\n\n<h3 class=\"wp-block-heading\"><strong>Hrvatski navija\u010di i Domovinski rat<\/strong><\/h3>\n\n\n\n<p>Tako je ova utakmica bila zapravo mali uvod u ono \u0161to \u0107e se ubrzo dogoditi \u2013 Domovinski rat.<\/p>\n\n\n\n<p>Brojni BBB, kao i pripadnici drugih navija\u010dkih skupina Torcide, Kohorte, Armade i drugih, prvi su pohrlili goloruki u obranu domovine.<\/p>\n\n\n\n<iframe loading=\"lazy\" title=\"13.05.1990. neredi, neobjavljene snimke, dinamo - crvena zvezda\" width=\"640\" height=\"480\" src=\"https:\/\/www.youtube.com\/embed\/oZEOZIw620Y?feature=oembed\" frameborder=\"0\" allow=\"accelerometer; autoplay; clipboard-write; encrypted-media; gyroscope; picture-in-picture; web-share\" referrerpolicy=\"strict-origin-when-cross-origin\" allowfullscreen><\/iframe>\n\n\n\n<p><em>Izvor: narod.hr<\/em><\/p>\n","protected":false},"excerpt":{"rendered":"<p>Na dana\u0161nji dan 13. svibnja 1990. u Zagrebu je do\u0161lo do velikog okr\u0161aja navija\u010da Dinama BBB i komunisti\u010dke milicije. Iako je prvi veliki sukob BBB sa milicijom bio 1988. na utakmici s Hajdukom kada su torcida\u0161i vikali s juga na stajanje istok \u201eAjmo purgeri!\u201c, ovaj sukob je imao ogromne razmjere jer je bio ranjen velik [&hellip;]<\/p>\n","protected":false},"author":2,"featured_media":141306,"comment_status":"closed","ping_status":"closed","sticky":false,"template":"","format":"standard","meta":{"h5ap_radio_sources":[],"footnotes":""},"categories":[7],"tags":[],"class_list":["post-141305","post","type-post","status-publish","format-standard","has-post-thumbnail","hentry","category-sport"],"yoast_head":"<!-- This site is optimized with the Yoast SEO plugin v27.4 - https:\/\/yoast.com\/product\/yoast-seo-wordpress\/ -->\n<title>13. svibnja 1990. BBB prvi u Jugoslaviji napali komunisti\u010dku miliciju i najavili borbu za neovisnost Hrvatske - RADIO LJUBU\u0160KI<\/title>\n<meta name=\"robots\" content=\"index, follow, max-snippet:-1, max-image-preview:large, max-video-preview:-1\" \/>\n<link rel=\"canonical\" href=\"https:\/\/radioljubuski.ba\/index.php\/2022\/05\/13\/13-svibnja-1990-bbb-prvi-u-jugoslaviji-napali-komunisticku-miliciju-i-najavili-borbu-za-neovisnost-hrvatske\/\" \/>\n<meta property=\"og:locale\" content=\"hr_HR\" \/>\n<meta property=\"og:type\" content=\"article\" \/>\n<meta property=\"og:title\" content=\"13. svibnja 1990. BBB prvi u Jugoslaviji napali komunisti\u010dku miliciju i najavili borbu za neovisnost Hrvatske - RADIO LJUBU\u0160KI\" \/>\n<meta property=\"og:description\" content=\"Na dana\u0161nji dan 13. svibnja 1990. u Zagrebu je do\u0161lo do velikog okr\u0161aja navija\u010da Dinama BBB i komunisti\u010dke milicije. Iako je prvi veliki sukob BBB sa milicijom bio 1988. na utakmici s Hajdukom kada su torcida\u0161i vikali s juga na stajanje istok \u201eAjmo purgeri!\u201c, ovaj sukob je imao ogromne razmjere jer je bio ranjen velik [&hellip;]\" \/>\n<meta property=\"og:url\" content=\"https:\/\/radioljubuski.ba\/index.php\/2022\/05\/13\/13-svibnja-1990-bbb-prvi-u-jugoslaviji-napali-komunisticku-miliciju-i-najavili-borbu-za-neovisnost-hrvatske\/\" \/>\n<meta property=\"og:site_name\" content=\"RADIO LJUBU\u0160KI\" \/>\n<meta property=\"article:publisher\" content=\"https:\/\/www.facebook.com\/Radiio-Ljubuski-1490835324566332\" \/>\n<meta property=\"article:published_time\" content=\"2022-05-13T13:48:06+00:00\" \/>\n<meta property=\"article:modified_time\" content=\"2022-05-13T13:48:08+00:00\" \/>\n<meta property=\"og:image\" content=\"https:\/\/radioljubuski.ba\/wp-content\/uploads\/2022\/05\/UTAKMICA-DINAMO-CRVENA-ZVEZDA-1990-1024x641-1-696x436-1.jpg\" \/>\n\t<meta property=\"og:image:width\" content=\"696\" \/>\n\t<meta property=\"og:image:height\" content=\"436\" \/>\n\t<meta property=\"og:image:type\" content=\"image\/jpeg\" \/>\n<meta name=\"author\" content=\"Radio Ljubu\u0161ki\" \/>\n<meta name=\"twitter:card\" content=\"summary_large_image\" \/>\n<meta name=\"twitter:creator\" content=\"@radioljubuski\" \/>\n<meta name=\"twitter:site\" content=\"@radioljubuski\" \/>\n<meta name=\"twitter:label1\" content=\"Napisao\/la\" \/>\n\t<meta name=\"twitter:data1\" content=\"Radio Ljubu\u0161ki\" \/>\n\t<meta name=\"twitter:label2\" content=\"Procijenjeno vrijeme \u010ditanja\" \/>\n\t<meta name=\"twitter:data2\" content=\"3 minute\" \/>\n<script type=\"application\/ld+json\" class=\"yoast-schema-graph\">{\"@context\":\"https:\\\/\\\/schema.org\",\"@graph\":[{\"@type\":\"Article\",\"@id\":\"https:\\\/\\\/radioljubuski.ba\\\/index.php\\\/2022\\\/05\\\/13\\\/13-svibnja-1990-bbb-prvi-u-jugoslaviji-napali-komunisticku-miliciju-i-najavili-borbu-za-neovisnost-hrvatske\\\/#article\",\"isPartOf\":{\"@id\":\"https:\\\/\\\/radioljubuski.ba\\\/index.php\\\/2022\\\/05\\\/13\\\/13-svibnja-1990-bbb-prvi-u-jugoslaviji-napali-komunisticku-miliciju-i-najavili-borbu-za-neovisnost-hrvatske\\\/\"},\"author\":{\"name\":\"Radio Ljubu\u0161ki\",\"@id\":\"https:\\\/\\\/radioljubuski.ba\\\/#\\\/schema\\\/person\\\/19fc700381a780f69665d7956c469e3b\"},\"headline\":\"13. svibnja 1990. BBB prvi u Jugoslaviji napali komunisti\u010dku miliciju i najavili borbu za neovisnost Hrvatske\",\"datePublished\":\"2022-05-13T13:48:06+00:00\",\"dateModified\":\"2022-05-13T13:48:08+00:00\",\"mainEntityOfPage\":{\"@id\":\"https:\\\/\\\/radioljubuski.ba\\\/index.php\\\/2022\\\/05\\\/13\\\/13-svibnja-1990-bbb-prvi-u-jugoslaviji-napali-komunisticku-miliciju-i-najavili-borbu-za-neovisnost-hrvatske\\\/\"},\"wordCount\":622,\"publisher\":{\"@id\":\"https:\\\/\\\/radioljubuski.ba\\\/#organization\"},\"image\":{\"@id\":\"https:\\\/\\\/radioljubuski.ba\\\/index.php\\\/2022\\\/05\\\/13\\\/13-svibnja-1990-bbb-prvi-u-jugoslaviji-napali-komunisticku-miliciju-i-najavili-borbu-za-neovisnost-hrvatske\\\/#primaryimage\"},\"thumbnailUrl\":\"https:\\\/\\\/radioljubuski.ba\\\/wp-content\\\/uploads\\\/2022\\\/05\\\/UTAKMICA-DINAMO-CRVENA-ZVEZDA-1990-1024x641-1-696x436-1.jpg\",\"articleSection\":[\"\u0160port\"],\"inLanguage\":\"hr\"},{\"@type\":\"WebPage\",\"@id\":\"https:\\\/\\\/radioljubuski.ba\\\/index.php\\\/2022\\\/05\\\/13\\\/13-svibnja-1990-bbb-prvi-u-jugoslaviji-napali-komunisticku-miliciju-i-najavili-borbu-za-neovisnost-hrvatske\\\/\",\"url\":\"https:\\\/\\\/radioljubuski.ba\\\/index.php\\\/2022\\\/05\\\/13\\\/13-svibnja-1990-bbb-prvi-u-jugoslaviji-napali-komunisticku-miliciju-i-najavili-borbu-za-neovisnost-hrvatske\\\/\",\"name\":\"13. svibnja 1990. BBB prvi u Jugoslaviji napali komunisti\u010dku miliciju i najavili borbu za neovisnost Hrvatske - RADIO LJUBU\u0160KI\",\"isPartOf\":{\"@id\":\"https:\\\/\\\/radioljubuski.ba\\\/#website\"},\"primaryImageOfPage\":{\"@id\":\"https:\\\/\\\/radioljubuski.ba\\\/index.php\\\/2022\\\/05\\\/13\\\/13-svibnja-1990-bbb-prvi-u-jugoslaviji-napali-komunisticku-miliciju-i-najavili-borbu-za-neovisnost-hrvatske\\\/#primaryimage\"},\"image\":{\"@id\":\"https:\\\/\\\/radioljubuski.ba\\\/index.php\\\/2022\\\/05\\\/13\\\/13-svibnja-1990-bbb-prvi-u-jugoslaviji-napali-komunisticku-miliciju-i-najavili-borbu-za-neovisnost-hrvatske\\\/#primaryimage\"},\"thumbnailUrl\":\"https:\\\/\\\/radioljubuski.ba\\\/wp-content\\\/uploads\\\/2022\\\/05\\\/UTAKMICA-DINAMO-CRVENA-ZVEZDA-1990-1024x641-1-696x436-1.jpg\",\"datePublished\":\"2022-05-13T13:48:06+00:00\",\"dateModified\":\"2022-05-13T13:48:08+00:00\",\"breadcrumb\":{\"@id\":\"https:\\\/\\\/radioljubuski.ba\\\/index.php\\\/2022\\\/05\\\/13\\\/13-svibnja-1990-bbb-prvi-u-jugoslaviji-napali-komunisticku-miliciju-i-najavili-borbu-za-neovisnost-hrvatske\\\/#breadcrumb\"},\"inLanguage\":\"hr\",\"potentialAction\":[{\"@type\":\"ReadAction\",\"target\":[\"https:\\\/\\\/radioljubuski.ba\\\/index.php\\\/2022\\\/05\\\/13\\\/13-svibnja-1990-bbb-prvi-u-jugoslaviji-napali-komunisticku-miliciju-i-najavili-borbu-za-neovisnost-hrvatske\\\/\"]}]},{\"@type\":\"ImageObject\",\"inLanguage\":\"hr\",\"@id\":\"https:\\\/\\\/radioljubuski.ba\\\/index.php\\\/2022\\\/05\\\/13\\\/13-svibnja-1990-bbb-prvi-u-jugoslaviji-napali-komunisticku-miliciju-i-najavili-borbu-za-neovisnost-hrvatske\\\/#primaryimage\",\"url\":\"https:\\\/\\\/radioljubuski.ba\\\/wp-content\\\/uploads\\\/2022\\\/05\\\/UTAKMICA-DINAMO-CRVENA-ZVEZDA-1990-1024x641-1-696x436-1.jpg\",\"contentUrl\":\"https:\\\/\\\/radioljubuski.ba\\\/wp-content\\\/uploads\\\/2022\\\/05\\\/UTAKMICA-DINAMO-CRVENA-ZVEZDA-1990-1024x641-1-696x436-1.jpg\",\"width\":696,\"height\":436},{\"@type\":\"BreadcrumbList\",\"@id\":\"https:\\\/\\\/radioljubuski.ba\\\/index.php\\\/2022\\\/05\\\/13\\\/13-svibnja-1990-bbb-prvi-u-jugoslaviji-napali-komunisticku-miliciju-i-najavili-borbu-za-neovisnost-hrvatske\\\/#breadcrumb\",\"itemListElement\":[{\"@type\":\"ListItem\",\"position\":1,\"name\":\"Po\u010detna stranica\",\"item\":\"https:\\\/\\\/radioljubuski.ba\\\/\"},{\"@type\":\"ListItem\",\"position\":2,\"name\":\"13. svibnja 1990. BBB prvi u Jugoslaviji napali komunisti\u010dku miliciju i najavili borbu za neovisnost Hrvatske\"}]},{\"@type\":\"WebSite\",\"@id\":\"https:\\\/\\\/radioljubuski.ba\\\/#website\",\"url\":\"https:\\\/\\\/radioljubuski.ba\\\/\",\"name\":\"Radio Ljubu\u0161ki\",\"description\":\"Sun\u010dana frekvencija Hercegovine\",\"publisher\":{\"@id\":\"https:\\\/\\\/radioljubuski.ba\\\/#organization\"},\"potentialAction\":[{\"@type\":\"SearchAction\",\"target\":{\"@type\":\"EntryPoint\",\"urlTemplate\":\"https:\\\/\\\/radioljubuski.ba\\\/?s={search_term_string}\"},\"query-input\":{\"@type\":\"PropertyValueSpecification\",\"valueRequired\":true,\"valueName\":\"search_term_string\"}}],\"inLanguage\":\"hr\"},{\"@type\":\"Organization\",\"@id\":\"https:\\\/\\\/radioljubuski.ba\\\/#organization\",\"name\":\"Radio Ljubu\u0161ki\",\"url\":\"https:\\\/\\\/radioljubuski.ba\\\/\",\"logo\":{\"@type\":\"ImageObject\",\"inLanguage\":\"hr\",\"@id\":\"https:\\\/\\\/radioljubuski.ba\\\/#\\\/schema\\\/logo\\\/image\\\/\",\"url\":\"https:\\\/\\\/radioljubuski.ba\\\/wp-content\\\/uploads\\\/2021\\\/02\\\/cropped-Radio_Ljubuski_logo1.jpg\",\"contentUrl\":\"https:\\\/\\\/radioljubuski.ba\\\/wp-content\\\/uploads\\\/2021\\\/02\\\/cropped-Radio_Ljubuski_logo1.jpg\",\"width\":512,\"height\":512,\"caption\":\"Radio Ljubu\u0161ki\"},\"image\":{\"@id\":\"https:\\\/\\\/radioljubuski.ba\\\/#\\\/schema\\\/logo\\\/image\\\/\"},\"sameAs\":[\"https:\\\/\\\/www.facebook.com\\\/Radiio-Ljubuski-1490835324566332\",\"https:\\\/\\\/x.com\\\/radioljubuski\",\"https:\\\/\\\/hr.linkedin.com\\\/company\\\/radio-ljubuski\",\"https:\\\/\\\/www.youtube.com\\\/channel\\\/UCHYaeO_n0Db3tjNGudGpXyw\"]},{\"@type\":\"Person\",\"@id\":\"https:\\\/\\\/radioljubuski.ba\\\/#\\\/schema\\\/person\\\/19fc700381a780f69665d7956c469e3b\",\"name\":\"Radio Ljubu\u0161ki\"}]}<\/script>\n<!-- \/ Yoast SEO plugin. -->","yoast_head_json":{"title":"13. svibnja 1990. BBB prvi u Jugoslaviji napali komunisti\u010dku miliciju i najavili borbu za neovisnost Hrvatske - RADIO LJUBU\u0160KI","robots":{"index":"index","follow":"follow","max-snippet":"max-snippet:-1","max-image-preview":"max-image-preview:large","max-video-preview":"max-video-preview:-1"},"canonical":"https:\/\/radioljubuski.ba\/index.php\/2022\/05\/13\/13-svibnja-1990-bbb-prvi-u-jugoslaviji-napali-komunisticku-miliciju-i-najavili-borbu-za-neovisnost-hrvatske\/","og_locale":"hr_HR","og_type":"article","og_title":"13. svibnja 1990. BBB prvi u Jugoslaviji napali komunisti\u010dku miliciju i najavili borbu za neovisnost Hrvatske - RADIO LJUBU\u0160KI","og_description":"Na dana\u0161nji dan 13. svibnja 1990. u Zagrebu je do\u0161lo do velikog okr\u0161aja navija\u010da Dinama BBB i komunisti\u010dke milicije. Iako je prvi veliki sukob BBB sa milicijom bio 1988. na utakmici s Hajdukom kada su torcida\u0161i vikali s juga na stajanje istok \u201eAjmo purgeri!\u201c, ovaj sukob je imao ogromne razmjere jer je bio ranjen velik [&hellip;]","og_url":"https:\/\/radioljubuski.ba\/index.php\/2022\/05\/13\/13-svibnja-1990-bbb-prvi-u-jugoslaviji-napali-komunisticku-miliciju-i-najavili-borbu-za-neovisnost-hrvatske\/","og_site_name":"RADIO LJUBU\u0160KI","article_publisher":"https:\/\/www.facebook.com\/Radiio-Ljubuski-1490835324566332","article_published_time":"2022-05-13T13:48:06+00:00","article_modified_time":"2022-05-13T13:48:08+00:00","og_image":[{"width":696,"height":436,"url":"https:\/\/radioljubuski.ba\/wp-content\/uploads\/2022\/05\/UTAKMICA-DINAMO-CRVENA-ZVEZDA-1990-1024x641-1-696x436-1.jpg","type":"image\/jpeg"}],"author":"Radio Ljubu\u0161ki","twitter_card":"summary_large_image","twitter_creator":"@radioljubuski","twitter_site":"@radioljubuski","twitter_misc":{"Napisao\/la":"Radio Ljubu\u0161ki","Procijenjeno vrijeme \u010ditanja":"3 minute"},"schema":{"@context":"https:\/\/schema.org","@graph":[{"@type":"Article","@id":"https:\/\/radioljubuski.ba\/index.php\/2022\/05\/13\/13-svibnja-1990-bbb-prvi-u-jugoslaviji-napali-komunisticku-miliciju-i-najavili-borbu-za-neovisnost-hrvatske\/#article","isPartOf":{"@id":"https:\/\/radioljubuski.ba\/index.php\/2022\/05\/13\/13-svibnja-1990-bbb-prvi-u-jugoslaviji-napali-komunisticku-miliciju-i-najavili-borbu-za-neovisnost-hrvatske\/"},"author":{"name":"Radio Ljubu\u0161ki","@id":"https:\/\/radioljubuski.ba\/#\/schema\/person\/19fc700381a780f69665d7956c469e3b"},"headline":"13. svibnja 1990. BBB prvi u Jugoslaviji napali komunisti\u010dku miliciju i najavili borbu za neovisnost Hrvatske","datePublished":"2022-05-13T13:48:06+00:00","dateModified":"2022-05-13T13:48:08+00:00","mainEntityOfPage":{"@id":"https:\/\/radioljubuski.ba\/index.php\/2022\/05\/13\/13-svibnja-1990-bbb-prvi-u-jugoslaviji-napali-komunisticku-miliciju-i-najavili-borbu-za-neovisnost-hrvatske\/"},"wordCount":622,"publisher":{"@id":"https:\/\/radioljubuski.ba\/#organization"},"image":{"@id":"https:\/\/radioljubuski.ba\/index.php\/2022\/05\/13\/13-svibnja-1990-bbb-prvi-u-jugoslaviji-napali-komunisticku-miliciju-i-najavili-borbu-za-neovisnost-hrvatske\/#primaryimage"},"thumbnailUrl":"https:\/\/radioljubuski.ba\/wp-content\/uploads\/2022\/05\/UTAKMICA-DINAMO-CRVENA-ZVEZDA-1990-1024x641-1-696x436-1.jpg","articleSection":["\u0160port"],"inLanguage":"hr"},{"@type":"WebPage","@id":"https:\/\/radioljubuski.ba\/index.php\/2022\/05\/13\/13-svibnja-1990-bbb-prvi-u-jugoslaviji-napali-komunisticku-miliciju-i-najavili-borbu-za-neovisnost-hrvatske\/","url":"https:\/\/radioljubuski.ba\/index.php\/2022\/05\/13\/13-svibnja-1990-bbb-prvi-u-jugoslaviji-napali-komunisticku-miliciju-i-najavili-borbu-za-neovisnost-hrvatske\/","name":"13. svibnja 1990. BBB prvi u Jugoslaviji napali komunisti\u010dku miliciju i najavili borbu za neovisnost Hrvatske - RADIO LJUBU\u0160KI","isPartOf":{"@id":"https:\/\/radioljubuski.ba\/#website"},"primaryImageOfPage":{"@id":"https:\/\/radioljubuski.ba\/index.php\/2022\/05\/13\/13-svibnja-1990-bbb-prvi-u-jugoslaviji-napali-komunisticku-miliciju-i-najavili-borbu-za-neovisnost-hrvatske\/#primaryimage"},"image":{"@id":"https:\/\/radioljubuski.ba\/index.php\/2022\/05\/13\/13-svibnja-1990-bbb-prvi-u-jugoslaviji-napali-komunisticku-miliciju-i-najavili-borbu-za-neovisnost-hrvatske\/#primaryimage"},"thumbnailUrl":"https:\/\/radioljubuski.ba\/wp-content\/uploads\/2022\/05\/UTAKMICA-DINAMO-CRVENA-ZVEZDA-1990-1024x641-1-696x436-1.jpg","datePublished":"2022-05-13T13:48:06+00:00","dateModified":"2022-05-13T13:48:08+00:00","breadcrumb":{"@id":"https:\/\/radioljubuski.ba\/index.php\/2022\/05\/13\/13-svibnja-1990-bbb-prvi-u-jugoslaviji-napali-komunisticku-miliciju-i-najavili-borbu-za-neovisnost-hrvatske\/#breadcrumb"},"inLanguage":"hr","potentialAction":[{"@type":"ReadAction","target":["https:\/\/radioljubuski.ba\/index.php\/2022\/05\/13\/13-svibnja-1990-bbb-prvi-u-jugoslaviji-napali-komunisticku-miliciju-i-najavili-borbu-za-neovisnost-hrvatske\/"]}]},{"@type":"ImageObject","inLanguage":"hr","@id":"https:\/\/radioljubuski.ba\/index.php\/2022\/05\/13\/13-svibnja-1990-bbb-prvi-u-jugoslaviji-napali-komunisticku-miliciju-i-najavili-borbu-za-neovisnost-hrvatske\/#primaryimage","url":"https:\/\/radioljubuski.ba\/wp-content\/uploads\/2022\/05\/UTAKMICA-DINAMO-CRVENA-ZVEZDA-1990-1024x641-1-696x436-1.jpg","contentUrl":"https:\/\/radioljubuski.ba\/wp-content\/uploads\/2022\/05\/UTAKMICA-DINAMO-CRVENA-ZVEZDA-1990-1024x641-1-696x436-1.jpg","width":696,"height":436},{"@type":"BreadcrumbList","@id":"https:\/\/radioljubuski.ba\/index.php\/2022\/05\/13\/13-svibnja-1990-bbb-prvi-u-jugoslaviji-napali-komunisticku-miliciju-i-najavili-borbu-za-neovisnost-hrvatske\/#breadcrumb","itemListElement":[{"@type":"ListItem","position":1,"name":"Po\u010detna stranica","item":"https:\/\/radioljubuski.ba\/"},{"@type":"ListItem","position":2,"name":"13. svibnja 1990. BBB prvi u Jugoslaviji napali komunisti\u010dku miliciju i najavili borbu za neovisnost Hrvatske"}]},{"@type":"WebSite","@id":"https:\/\/radioljubuski.ba\/#website","url":"https:\/\/radioljubuski.ba\/","name":"Radio Ljubu\u0161ki","description":"Sun\u010dana frekvencija Hercegovine","publisher":{"@id":"https:\/\/radioljubuski.ba\/#organization"},"potentialAction":[{"@type":"SearchAction","target":{"@type":"EntryPoint","urlTemplate":"https:\/\/radioljubuski.ba\/?s={search_term_string}"},"query-input":{"@type":"PropertyValueSpecification","valueRequired":true,"valueName":"search_term_string"}}],"inLanguage":"hr"},{"@type":"Organization","@id":"https:\/\/radioljubuski.ba\/#organization","name":"Radio Ljubu\u0161ki","url":"https:\/\/radioljubuski.ba\/","logo":{"@type":"ImageObject","inLanguage":"hr","@id":"https:\/\/radioljubuski.ba\/#\/schema\/logo\/image\/","url":"https:\/\/radioljubuski.ba\/wp-content\/uploads\/2021\/02\/cropped-Radio_Ljubuski_logo1.jpg","contentUrl":"https:\/\/radioljubuski.ba\/wp-content\/uploads\/2021\/02\/cropped-Radio_Ljubuski_logo1.jpg","width":512,"height":512,"caption":"Radio Ljubu\u0161ki"},"image":{"@id":"https:\/\/radioljubuski.ba\/#\/schema\/logo\/image\/"},"sameAs":["https:\/\/www.facebook.com\/Radiio-Ljubuski-1490835324566332","https:\/\/x.com\/radioljubuski","https:\/\/hr.linkedin.com\/company\/radio-ljubuski","https:\/\/www.youtube.com\/channel\/UCHYaeO_n0Db3tjNGudGpXyw"]},{"@type":"Person","@id":"https:\/\/radioljubuski.ba\/#\/schema\/person\/19fc700381a780f69665d7956c469e3b","name":"Radio Ljubu\u0161ki"}]}},"_links":{"self":[{"href":"https:\/\/radioljubuski.ba\/index.php\/wp-json\/wp\/v2\/posts\/141305","targetHints":{"allow":["GET"]}}],"collection":[{"href":"https:\/\/radioljubuski.ba\/index.php\/wp-json\/wp\/v2\/posts"}],"about":[{"href":"https:\/\/radioljubuski.ba\/index.php\/wp-json\/wp\/v2\/types\/post"}],"author":[{"embeddable":true,"href":"https:\/\/radioljubuski.ba\/index.php\/wp-json\/wp\/v2\/users\/2"}],"replies":[{"embeddable":true,"href":"https:\/\/radioljubuski.ba\/index.php\/wp-json\/wp\/v2\/comments?post=141305"}],"version-history":[{"count":1,"href":"https:\/\/radioljubuski.ba\/index.php\/wp-json\/wp\/v2\/posts\/141305\/revisions"}],"predecessor-version":[{"id":141307,"href":"https:\/\/radioljubuski.ba\/index.php\/wp-json\/wp\/v2\/posts\/141305\/revisions\/141307"}],"wp:featuredmedia":[{"embeddable":true,"href":"https:\/\/radioljubuski.ba\/index.php\/wp-json\/wp\/v2\/media\/141306"}],"wp:attachment":[{"href":"https:\/\/radioljubuski.ba\/index.php\/wp-json\/wp\/v2\/media?parent=141305"}],"wp:term":[{"taxonomy":"category","embeddable":true,"href":"https:\/\/radioljubuski.ba\/index.php\/wp-json\/wp\/v2\/categories?post=141305"},{"taxonomy":"post_tag","embeddable":true,"href":"https:\/\/radioljubuski.ba\/index.php\/wp-json\/wp\/v2\/tags?post=141305"}],"curies":[{"name":"wp","href":"https:\/\/api.w.org\/{rel}","templated":true}]}}