{"id":14163,"date":"2021-04-18T18:42:11","date_gmt":"2021-04-18T17:42:11","guid":{"rendered":"https:\/\/radioljubuski.ba\/?p=14163"},"modified":"2021-04-18T18:42:11","modified_gmt":"2021-04-18T17:42:11","slug":"ovaj-tjedan-vise-od-15-tisuca-novozarazenih-22-vise-u-odnosu-na-prosli","status":"publish","type":"post","link":"https:\/\/radioljubuski.ba\/index.php\/2021\/04\/18\/ovaj-tjedan-vise-od-15-tisuca-novozarazenih-22-vise-u-odnosu-na-prosli\/","title":{"rendered":"Ovaj tjedan vi\u0161e od 15 tisu\u0107a novozara\u017eenih, 22% vi\u0161e u odnosu na pro\u0161li!"},"content":{"rendered":"\n<p><strong>U posljednja 24 sata zabilje\u017eeno je 1565 novih slu\u010dajeva zaraze virusom SARS-CoV-2 te je broj aktivnih slu\u010dajeva u Hrvatskoj danas ukupno 15.668. Me\u0111u njima je 2105 pacijenata na bolni\u010dkom lije\u010denju, od toga su na respiratoru 194 pacijenta. Preminulo je 39 osoba. Ipak, danas je oporavljenih oko 2.100, pa je broj trenuta\u010dno oboljelih u zemlji pao ispod \u0161esnaest tisu\u0107a. Ako se takav trend nastavi i u idu\u0107em tjednu, to bi moglo zna\u010diti da smo pro\u0161li vrhunac tre\u0107eg vala epidemije.<\/strong><\/p>\n\n\n\n<p>Od 25. velja\u010de 2020., kada je zabilje\u017een prvi slu\u010daj zaraze u Hrvatskoj, do danas ukupno je zabilje\u017eeno 307.790 osoba zara\u017eenih novim koronavirusom, od kojih su 6562 preminule, ukupno se oporavilo 285.560 osoba od toga 2142 u posljednja 24 sata.<br><br>U samoizolaciji je trenutno 32.040 osoba.<br><br>Do danas je ukupno testirano 1.700.615 osoba, od toga 7535 u posljednja 24 sata.<br><br>Zaklju\u010dno sa 17. travnjem utro\u0161eno je 691.265 doza, a cijepljeno je 552.559 osoba. Prvom dozom cijepljeno je 411.760 osoba, dok je drugom dozom cijepljeno 138.706 osoba. Za 2093 osobe nema podataka kojom dozom su cijepljene.&nbsp;<\/p>\n\n\n\n<p><strong>Podaci \u017eupanijskih sto\u017eera:<\/strong><strong><br><br><\/strong>\u25cf Na podru\u010dju&nbsp;<strong>Krapinsko-zagorske \u017eupanije&nbsp;<\/strong>evidentirane su 44 nove osobe pozitivne na koronavirus, a dvije su osobe umrle, izvijestio je u nedjelju \u017dupanijski sto\u017eer Civilne za\u0161tite.<br>\u25cf Ukupan broj novooboljelih osoba u&nbsp;<strong>gradu Zagrebu<\/strong>&nbsp;je 285.<br>\u25cf U&nbsp;<strong>Brodsko-posavskoj \u017eupaniji<\/strong>&nbsp;ima 64 nova slu\u010daja zaraze koronavirusom.<br>\u25cf&nbsp;&nbsp;<strong>Me\u0111imurska \u017eupanija&nbsp;<\/strong>ima 89 novih slu\u010dajeva zaraze koronavirusom.<br>\u25cf&nbsp; Na podru\u010dju&nbsp;<strong>Splitsko-dalmatinske \u017eupanije<\/strong>&nbsp;je 317 novooboljelih, preminule su tri osobe.<br>\u25cf U&nbsp;<strong>Karlova\u010dkoj \u017eupaniji<\/strong>&nbsp;ima 65 novozare\u017eenih.<br>\u25cf U&nbsp;<strong>Vara\u017edinskoj \u017eupaniji<\/strong>&nbsp;je evidentirano 130 novih slu\u010dajeva zaraze koronavirusom.<\/p>\n\n\n\n<p>\u25cf Na podru\u010dju&nbsp;<strong>Osje\u010dko-baranjske \u017eupanije<\/strong>&nbsp;ima 64 novopozitivnih, preminula je jedna osoba.<br>\u25cf Na podru\u010dju&nbsp;<strong>Viroviti\u010dko-podravske \u017eupanije<\/strong>&nbsp;zabilje\u017eeno je 8 novopozitivnih na virus SARS-CoV-2, preminula je jedna osoba.<br>\u25cf U&nbsp;<strong>Dubrova\u010dko-neretvanskoj \u017eupaniji<\/strong>&nbsp;zabilje\u017eena su 52 nova slu\u010daja zaraze koronavirusom<br>\u25cf U&nbsp;<strong>Zagreba\u010dkoj \u017eupaniji&nbsp;<\/strong>novozara\u017eenih koronavirusom je 227.<br>\u25cf Na podru\u010dju&nbsp;<strong>Zadarske \u017eupanije<\/strong>&nbsp;89 je novih slu\u010dajeva zaraze koronavirusom, a 4 su osobe preminule.<br>\u25cf U&nbsp;<strong>Primorsko-goranskoj \u017eupaniji<\/strong>&nbsp;je danas 246 novooboljelih, preminulo je 8 osoba.<br>\u25cf S podru\u010dja&nbsp;<strong>Li\u010dko-senjske \u017eupanije<\/strong>&nbsp;u posljednja 24 sata 27 je novooboljelih osoba, tri osobe su preminule.<br>\u25cf U&nbsp;<strong>Bjelovarsko-bilogorskoj \u017eupaniji&nbsp;<\/strong>potvr\u0111en je 31 novi slu\u010daj zaraze koronavirusom, jedna osoba je preminula.<br>\u25cf U&nbsp;<strong>Vukovarsko-srijemskoj \u017eupaniji<\/strong>&nbsp;je 55 novoboljelih, preminula je jedna osoba.<br>\u25cf U protekla 24 sata, na podru\u010dju&nbsp;<strong>\u0160ibensko-kninske \u017eupanije<\/strong>&nbsp;20 osoba je oboljelo od COVID-19, jedna osoba je preminula.<br>\u25cf Na podru\u010dju&nbsp;<strong>Koprivni\u010dko-kri\u017eeva\u010dke \u017eupanije<\/strong>&nbsp;potvr\u0111eno je 15 novih slu\u010daja zaraze.<br>\u25cf U&nbsp;<strong>Po\u017ee\u0161ko-slavonskoj \u017eupaniji<\/strong>&nbsp;u posljednja 24 sata je 36 novih slu\u010dajeva zaraze.<br>\u25cf&nbsp;<strong>Istarska \u017eupanija<\/strong>&nbsp;ima 7 novozara\u017eenih osoba.<br>\u25cf U&nbsp;<strong>Sisa\u010dko-moslava\u010dkoj \u017eupaniji<\/strong>&nbsp;danas ima 7 novoboljelih osoba od COVID-19.<\/p>\n\n\n\n<p>Nismo zadovoljni brojevima. Izjava epidemiologa je da smo pri vrhu tog platoa. O\u010dekujemo i nadamo se da \u0107e te brojke padati. Ono \u0161to je realno &#8211; da se u srijedu pojave to\u010dni rezultati, a na idu\u0107oj sjednici sto\u017eera raspravljat \u0107emo kako dalje postupati, rekao je za Dnevnik HTV-a na\u010delnik Sto\u017eera civilne za\u0161tite Primorsko-goranske \u017eupanije&nbsp;<strong>Mladen \u0160\u0107ulac.<\/strong><\/p>\n\n\n\n<p>Izvor:hrt.hr<\/p>\n","protected":false},"excerpt":{"rendered":"<p>U posljednja 24 sata zabilje\u017eeno je 1565 novih slu\u010dajeva zaraze virusom SARS-CoV-2 te je broj aktivnih slu\u010dajeva u Hrvatskoj danas ukupno 15.668. Me\u0111u njima je 2105 pacijenata na bolni\u010dkom lije\u010denju, od toga su na respiratoru 194 pacijenta. Preminulo je 39 osoba. Ipak, danas je oporavljenih oko 2.100, pa je broj trenuta\u010dno oboljelih u zemlji pao [&hellip;]<\/p>\n","protected":false},"author":2,"featured_media":14164,"comment_status":"closed","ping_status":"closed","sticky":false,"template":"","format":"standard","meta":{"h5ap_radio_sources":[],"footnotes":""},"categories":[1],"tags":[],"class_list":["post-14163","post","type-post","status-publish","format-standard","has-post-thumbnail","hentry","category-bihiregija"],"yoast_head":"<!-- This site is optimized with the Yoast SEO plugin v27.5 - https:\/\/yoast.com\/product\/yoast-seo-wordpress\/ -->\n<title>Ovaj tjedan vi\u0161e od 15 tisu\u0107a novozara\u017eenih, 22% vi\u0161e u odnosu na pro\u0161li! - RADIO LJUBU\u0160KI<\/title>\n<meta name=\"robots\" content=\"index, follow, max-snippet:-1, max-image-preview:large, max-video-preview:-1\" \/>\n<link rel=\"canonical\" href=\"https:\/\/radioljubuski.ba\/index.php\/2021\/04\/18\/ovaj-tjedan-vise-od-15-tisuca-novozarazenih-22-vise-u-odnosu-na-prosli\/\" \/>\n<meta property=\"og:locale\" content=\"hr_HR\" \/>\n<meta property=\"og:type\" content=\"article\" \/>\n<meta property=\"og:title\" content=\"Ovaj tjedan vi\u0161e od 15 tisu\u0107a novozara\u017eenih, 22% vi\u0161e u odnosu na pro\u0161li! - RADIO LJUBU\u0160KI\" \/>\n<meta property=\"og:description\" content=\"U posljednja 24 sata zabilje\u017eeno je 1565 novih slu\u010dajeva zaraze virusom SARS-CoV-2 te je broj aktivnih slu\u010dajeva u Hrvatskoj danas ukupno 15.668. Me\u0111u njima je 2105 pacijenata na bolni\u010dkom lije\u010denju, od toga su na respiratoru 194 pacijenta. Preminulo je 39 osoba. Ipak, danas je oporavljenih oko 2.100, pa je broj trenuta\u010dno oboljelih u zemlji pao [&hellip;]\" \/>\n<meta property=\"og:url\" content=\"https:\/\/radioljubuski.ba\/index.php\/2021\/04\/18\/ovaj-tjedan-vise-od-15-tisuca-novozarazenih-22-vise-u-odnosu-na-prosli\/\" \/>\n<meta property=\"og:site_name\" content=\"RADIO LJUBU\u0160KI\" \/>\n<meta property=\"article:publisher\" content=\"https:\/\/www.facebook.com\/Radiio-Ljubuski-1490835324566332\" \/>\n<meta property=\"article:published_time\" content=\"2021-04-18T17:42:11+00:00\" \/>\n<meta property=\"og:image\" content=\"https:\/\/radioljubuski.ba\/wp-content\/uploads\/2021\/04\/preuzmi-6.jpg\" \/>\n\t<meta property=\"og:image:width\" content=\"311\" \/>\n\t<meta property=\"og:image:height\" content=\"162\" \/>\n\t<meta property=\"og:image:type\" content=\"image\/jpeg\" \/>\n<meta name=\"author\" content=\"Radio Ljubu\u0161ki\" \/>\n<meta name=\"twitter:card\" content=\"summary_large_image\" \/>\n<meta name=\"twitter:creator\" content=\"@radioljubuski\" \/>\n<meta name=\"twitter:site\" content=\"@radioljubuski\" \/>\n<meta name=\"twitter:label1\" content=\"Napisao\/la\" \/>\n\t<meta name=\"twitter:data1\" content=\"Radio Ljubu\u0161ki\" \/>\n\t<meta name=\"twitter:label2\" content=\"Procijenjeno vrijeme \u010ditanja\" \/>\n\t<meta name=\"twitter:data2\" content=\"3 minute\" \/>\n<script type=\"application\/ld+json\" class=\"yoast-schema-graph\">{\"@context\":\"https:\\\/\\\/schema.org\",\"@graph\":[{\"@type\":\"Article\",\"@id\":\"https:\\\/\\\/radioljubuski.ba\\\/index.php\\\/2021\\\/04\\\/18\\\/ovaj-tjedan-vise-od-15-tisuca-novozarazenih-22-vise-u-odnosu-na-prosli\\\/#article\",\"isPartOf\":{\"@id\":\"https:\\\/\\\/radioljubuski.ba\\\/index.php\\\/2021\\\/04\\\/18\\\/ovaj-tjedan-vise-od-15-tisuca-novozarazenih-22-vise-u-odnosu-na-prosli\\\/\"},\"author\":{\"name\":\"Radio Ljubu\u0161ki\",\"@id\":\"https:\\\/\\\/radioljubuski.ba\\\/#\\\/schema\\\/person\\\/19fc700381a780f69665d7956c469e3b\"},\"headline\":\"Ovaj tjedan vi\u0161e od 15 tisu\u0107a novozara\u017eenih, 22% vi\u0161e u odnosu na pro\u0161li!\",\"datePublished\":\"2021-04-18T17:42:11+00:00\",\"mainEntityOfPage\":{\"@id\":\"https:\\\/\\\/radioljubuski.ba\\\/index.php\\\/2021\\\/04\\\/18\\\/ovaj-tjedan-vise-od-15-tisuca-novozarazenih-22-vise-u-odnosu-na-prosli\\\/\"},\"wordCount\":556,\"publisher\":{\"@id\":\"https:\\\/\\\/radioljubuski.ba\\\/#organization\"},\"image\":{\"@id\":\"https:\\\/\\\/radioljubuski.ba\\\/index.php\\\/2021\\\/04\\\/18\\\/ovaj-tjedan-vise-od-15-tisuca-novozarazenih-22-vise-u-odnosu-na-prosli\\\/#primaryimage\"},\"thumbnailUrl\":\"https:\\\/\\\/radioljubuski.ba\\\/wp-content\\\/uploads\\\/2021\\\/04\\\/preuzmi-6.jpg\",\"articleSection\":[\"BIH i regija\"],\"inLanguage\":\"hr\"},{\"@type\":\"WebPage\",\"@id\":\"https:\\\/\\\/radioljubuski.ba\\\/index.php\\\/2021\\\/04\\\/18\\\/ovaj-tjedan-vise-od-15-tisuca-novozarazenih-22-vise-u-odnosu-na-prosli\\\/\",\"url\":\"https:\\\/\\\/radioljubuski.ba\\\/index.php\\\/2021\\\/04\\\/18\\\/ovaj-tjedan-vise-od-15-tisuca-novozarazenih-22-vise-u-odnosu-na-prosli\\\/\",\"name\":\"Ovaj tjedan vi\u0161e od 15 tisu\u0107a novozara\u017eenih, 22% vi\u0161e u odnosu na pro\u0161li! - RADIO LJUBU\u0160KI\",\"isPartOf\":{\"@id\":\"https:\\\/\\\/radioljubuski.ba\\\/#website\"},\"primaryImageOfPage\":{\"@id\":\"https:\\\/\\\/radioljubuski.ba\\\/index.php\\\/2021\\\/04\\\/18\\\/ovaj-tjedan-vise-od-15-tisuca-novozarazenih-22-vise-u-odnosu-na-prosli\\\/#primaryimage\"},\"image\":{\"@id\":\"https:\\\/\\\/radioljubuski.ba\\\/index.php\\\/2021\\\/04\\\/18\\\/ovaj-tjedan-vise-od-15-tisuca-novozarazenih-22-vise-u-odnosu-na-prosli\\\/#primaryimage\"},\"thumbnailUrl\":\"https:\\\/\\\/radioljubuski.ba\\\/wp-content\\\/uploads\\\/2021\\\/04\\\/preuzmi-6.jpg\",\"datePublished\":\"2021-04-18T17:42:11+00:00\",\"breadcrumb\":{\"@id\":\"https:\\\/\\\/radioljubuski.ba\\\/index.php\\\/2021\\\/04\\\/18\\\/ovaj-tjedan-vise-od-15-tisuca-novozarazenih-22-vise-u-odnosu-na-prosli\\\/#breadcrumb\"},\"inLanguage\":\"hr\",\"potentialAction\":[{\"@type\":\"ReadAction\",\"target\":[\"https:\\\/\\\/radioljubuski.ba\\\/index.php\\\/2021\\\/04\\\/18\\\/ovaj-tjedan-vise-od-15-tisuca-novozarazenih-22-vise-u-odnosu-na-prosli\\\/\"]}]},{\"@type\":\"ImageObject\",\"inLanguage\":\"hr\",\"@id\":\"https:\\\/\\\/radioljubuski.ba\\\/index.php\\\/2021\\\/04\\\/18\\\/ovaj-tjedan-vise-od-15-tisuca-novozarazenih-22-vise-u-odnosu-na-prosli\\\/#primaryimage\",\"url\":\"https:\\\/\\\/radioljubuski.ba\\\/wp-content\\\/uploads\\\/2021\\\/04\\\/preuzmi-6.jpg\",\"contentUrl\":\"https:\\\/\\\/radioljubuski.ba\\\/wp-content\\\/uploads\\\/2021\\\/04\\\/preuzmi-6.jpg\",\"width\":311,\"height\":162},{\"@type\":\"BreadcrumbList\",\"@id\":\"https:\\\/\\\/radioljubuski.ba\\\/index.php\\\/2021\\\/04\\\/18\\\/ovaj-tjedan-vise-od-15-tisuca-novozarazenih-22-vise-u-odnosu-na-prosli\\\/#breadcrumb\",\"itemListElement\":[{\"@type\":\"ListItem\",\"position\":1,\"name\":\"Po\u010detna stranica\",\"item\":\"https:\\\/\\\/radioljubuski.ba\\\/\"},{\"@type\":\"ListItem\",\"position\":2,\"name\":\"Ovaj tjedan vi\u0161e od 15 tisu\u0107a novozara\u017eenih, 22% vi\u0161e u odnosu na pro\u0161li!\"}]},{\"@type\":\"WebSite\",\"@id\":\"https:\\\/\\\/radioljubuski.ba\\\/#website\",\"url\":\"https:\\\/\\\/radioljubuski.ba\\\/\",\"name\":\"Radio Ljubu\u0161ki\",\"description\":\"Sun\u010dana frekvencija Hercegovine\",\"publisher\":{\"@id\":\"https:\\\/\\\/radioljubuski.ba\\\/#organization\"},\"potentialAction\":[{\"@type\":\"SearchAction\",\"target\":{\"@type\":\"EntryPoint\",\"urlTemplate\":\"https:\\\/\\\/radioljubuski.ba\\\/?s={search_term_string}\"},\"query-input\":{\"@type\":\"PropertyValueSpecification\",\"valueRequired\":true,\"valueName\":\"search_term_string\"}}],\"inLanguage\":\"hr\"},{\"@type\":\"Organization\",\"@id\":\"https:\\\/\\\/radioljubuski.ba\\\/#organization\",\"name\":\"Radio Ljubu\u0161ki\",\"url\":\"https:\\\/\\\/radioljubuski.ba\\\/\",\"logo\":{\"@type\":\"ImageObject\",\"inLanguage\":\"hr\",\"@id\":\"https:\\\/\\\/radioljubuski.ba\\\/#\\\/schema\\\/logo\\\/image\\\/\",\"url\":\"https:\\\/\\\/radioljubuski.ba\\\/wp-content\\\/uploads\\\/2021\\\/02\\\/cropped-Radio_Ljubuski_logo1.jpg\",\"contentUrl\":\"https:\\\/\\\/radioljubuski.ba\\\/wp-content\\\/uploads\\\/2021\\\/02\\\/cropped-Radio_Ljubuski_logo1.jpg\",\"width\":512,\"height\":512,\"caption\":\"Radio Ljubu\u0161ki\"},\"image\":{\"@id\":\"https:\\\/\\\/radioljubuski.ba\\\/#\\\/schema\\\/logo\\\/image\\\/\"},\"sameAs\":[\"https:\\\/\\\/www.facebook.com\\\/Radiio-Ljubuski-1490835324566332\",\"https:\\\/\\\/x.com\\\/radioljubuski\",\"https:\\\/\\\/hr.linkedin.com\\\/company\\\/radio-ljubuski\",\"https:\\\/\\\/www.youtube.com\\\/channel\\\/UCHYaeO_n0Db3tjNGudGpXyw\"]},{\"@type\":\"Person\",\"@id\":\"https:\\\/\\\/radioljubuski.ba\\\/#\\\/schema\\\/person\\\/19fc700381a780f69665d7956c469e3b\",\"name\":\"Radio Ljubu\u0161ki\"}]}<\/script>\n<!-- \/ Yoast SEO plugin. -->","yoast_head_json":{"title":"Ovaj tjedan vi\u0161e od 15 tisu\u0107a novozara\u017eenih, 22% vi\u0161e u odnosu na pro\u0161li! - RADIO LJUBU\u0160KI","robots":{"index":"index","follow":"follow","max-snippet":"max-snippet:-1","max-image-preview":"max-image-preview:large","max-video-preview":"max-video-preview:-1"},"canonical":"https:\/\/radioljubuski.ba\/index.php\/2021\/04\/18\/ovaj-tjedan-vise-od-15-tisuca-novozarazenih-22-vise-u-odnosu-na-prosli\/","og_locale":"hr_HR","og_type":"article","og_title":"Ovaj tjedan vi\u0161e od 15 tisu\u0107a novozara\u017eenih, 22% vi\u0161e u odnosu na pro\u0161li! - RADIO LJUBU\u0160KI","og_description":"U posljednja 24 sata zabilje\u017eeno je 1565 novih slu\u010dajeva zaraze virusom SARS-CoV-2 te je broj aktivnih slu\u010dajeva u Hrvatskoj danas ukupno 15.668. Me\u0111u njima je 2105 pacijenata na bolni\u010dkom lije\u010denju, od toga su na respiratoru 194 pacijenta. Preminulo je 39 osoba. Ipak, danas je oporavljenih oko 2.100, pa je broj trenuta\u010dno oboljelih u zemlji pao [&hellip;]","og_url":"https:\/\/radioljubuski.ba\/index.php\/2021\/04\/18\/ovaj-tjedan-vise-od-15-tisuca-novozarazenih-22-vise-u-odnosu-na-prosli\/","og_site_name":"RADIO LJUBU\u0160KI","article_publisher":"https:\/\/www.facebook.com\/Radiio-Ljubuski-1490835324566332","article_published_time":"2021-04-18T17:42:11+00:00","og_image":[{"width":311,"height":162,"url":"https:\/\/radioljubuski.ba\/wp-content\/uploads\/2021\/04\/preuzmi-6.jpg","type":"image\/jpeg"}],"author":"Radio Ljubu\u0161ki","twitter_card":"summary_large_image","twitter_creator":"@radioljubuski","twitter_site":"@radioljubuski","twitter_misc":{"Napisao\/la":"Radio Ljubu\u0161ki","Procijenjeno vrijeme \u010ditanja":"3 minute"},"schema":{"@context":"https:\/\/schema.org","@graph":[{"@type":"Article","@id":"https:\/\/radioljubuski.ba\/index.php\/2021\/04\/18\/ovaj-tjedan-vise-od-15-tisuca-novozarazenih-22-vise-u-odnosu-na-prosli\/#article","isPartOf":{"@id":"https:\/\/radioljubuski.ba\/index.php\/2021\/04\/18\/ovaj-tjedan-vise-od-15-tisuca-novozarazenih-22-vise-u-odnosu-na-prosli\/"},"author":{"name":"Radio Ljubu\u0161ki","@id":"https:\/\/radioljubuski.ba\/#\/schema\/person\/19fc700381a780f69665d7956c469e3b"},"headline":"Ovaj tjedan vi\u0161e od 15 tisu\u0107a novozara\u017eenih, 22% vi\u0161e u odnosu na pro\u0161li!","datePublished":"2021-04-18T17:42:11+00:00","mainEntityOfPage":{"@id":"https:\/\/radioljubuski.ba\/index.php\/2021\/04\/18\/ovaj-tjedan-vise-od-15-tisuca-novozarazenih-22-vise-u-odnosu-na-prosli\/"},"wordCount":556,"publisher":{"@id":"https:\/\/radioljubuski.ba\/#organization"},"image":{"@id":"https:\/\/radioljubuski.ba\/index.php\/2021\/04\/18\/ovaj-tjedan-vise-od-15-tisuca-novozarazenih-22-vise-u-odnosu-na-prosli\/#primaryimage"},"thumbnailUrl":"https:\/\/radioljubuski.ba\/wp-content\/uploads\/2021\/04\/preuzmi-6.jpg","articleSection":["BIH i regija"],"inLanguage":"hr"},{"@type":"WebPage","@id":"https:\/\/radioljubuski.ba\/index.php\/2021\/04\/18\/ovaj-tjedan-vise-od-15-tisuca-novozarazenih-22-vise-u-odnosu-na-prosli\/","url":"https:\/\/radioljubuski.ba\/index.php\/2021\/04\/18\/ovaj-tjedan-vise-od-15-tisuca-novozarazenih-22-vise-u-odnosu-na-prosli\/","name":"Ovaj tjedan vi\u0161e od 15 tisu\u0107a novozara\u017eenih, 22% vi\u0161e u odnosu na pro\u0161li! - RADIO LJUBU\u0160KI","isPartOf":{"@id":"https:\/\/radioljubuski.ba\/#website"},"primaryImageOfPage":{"@id":"https:\/\/radioljubuski.ba\/index.php\/2021\/04\/18\/ovaj-tjedan-vise-od-15-tisuca-novozarazenih-22-vise-u-odnosu-na-prosli\/#primaryimage"},"image":{"@id":"https:\/\/radioljubuski.ba\/index.php\/2021\/04\/18\/ovaj-tjedan-vise-od-15-tisuca-novozarazenih-22-vise-u-odnosu-na-prosli\/#primaryimage"},"thumbnailUrl":"https:\/\/radioljubuski.ba\/wp-content\/uploads\/2021\/04\/preuzmi-6.jpg","datePublished":"2021-04-18T17:42:11+00:00","breadcrumb":{"@id":"https:\/\/radioljubuski.ba\/index.php\/2021\/04\/18\/ovaj-tjedan-vise-od-15-tisuca-novozarazenih-22-vise-u-odnosu-na-prosli\/#breadcrumb"},"inLanguage":"hr","potentialAction":[{"@type":"ReadAction","target":["https:\/\/radioljubuski.ba\/index.php\/2021\/04\/18\/ovaj-tjedan-vise-od-15-tisuca-novozarazenih-22-vise-u-odnosu-na-prosli\/"]}]},{"@type":"ImageObject","inLanguage":"hr","@id":"https:\/\/radioljubuski.ba\/index.php\/2021\/04\/18\/ovaj-tjedan-vise-od-15-tisuca-novozarazenih-22-vise-u-odnosu-na-prosli\/#primaryimage","url":"https:\/\/radioljubuski.ba\/wp-content\/uploads\/2021\/04\/preuzmi-6.jpg","contentUrl":"https:\/\/radioljubuski.ba\/wp-content\/uploads\/2021\/04\/preuzmi-6.jpg","width":311,"height":162},{"@type":"BreadcrumbList","@id":"https:\/\/radioljubuski.ba\/index.php\/2021\/04\/18\/ovaj-tjedan-vise-od-15-tisuca-novozarazenih-22-vise-u-odnosu-na-prosli\/#breadcrumb","itemListElement":[{"@type":"ListItem","position":1,"name":"Po\u010detna stranica","item":"https:\/\/radioljubuski.ba\/"},{"@type":"ListItem","position":2,"name":"Ovaj tjedan vi\u0161e od 15 tisu\u0107a novozara\u017eenih, 22% vi\u0161e u odnosu na pro\u0161li!"}]},{"@type":"WebSite","@id":"https:\/\/radioljubuski.ba\/#website","url":"https:\/\/radioljubuski.ba\/","name":"Radio Ljubu\u0161ki","description":"Sun\u010dana frekvencija Hercegovine","publisher":{"@id":"https:\/\/radioljubuski.ba\/#organization"},"potentialAction":[{"@type":"SearchAction","target":{"@type":"EntryPoint","urlTemplate":"https:\/\/radioljubuski.ba\/?s={search_term_string}"},"query-input":{"@type":"PropertyValueSpecification","valueRequired":true,"valueName":"search_term_string"}}],"inLanguage":"hr"},{"@type":"Organization","@id":"https:\/\/radioljubuski.ba\/#organization","name":"Radio Ljubu\u0161ki","url":"https:\/\/radioljubuski.ba\/","logo":{"@type":"ImageObject","inLanguage":"hr","@id":"https:\/\/radioljubuski.ba\/#\/schema\/logo\/image\/","url":"https:\/\/radioljubuski.ba\/wp-content\/uploads\/2021\/02\/cropped-Radio_Ljubuski_logo1.jpg","contentUrl":"https:\/\/radioljubuski.ba\/wp-content\/uploads\/2021\/02\/cropped-Radio_Ljubuski_logo1.jpg","width":512,"height":512,"caption":"Radio Ljubu\u0161ki"},"image":{"@id":"https:\/\/radioljubuski.ba\/#\/schema\/logo\/image\/"},"sameAs":["https:\/\/www.facebook.com\/Radiio-Ljubuski-1490835324566332","https:\/\/x.com\/radioljubuski","https:\/\/hr.linkedin.com\/company\/radio-ljubuski","https:\/\/www.youtube.com\/channel\/UCHYaeO_n0Db3tjNGudGpXyw"]},{"@type":"Person","@id":"https:\/\/radioljubuski.ba\/#\/schema\/person\/19fc700381a780f69665d7956c469e3b","name":"Radio Ljubu\u0161ki"}]}},"_links":{"self":[{"href":"https:\/\/radioljubuski.ba\/index.php\/wp-json\/wp\/v2\/posts\/14163","targetHints":{"allow":["GET"]}}],"collection":[{"href":"https:\/\/radioljubuski.ba\/index.php\/wp-json\/wp\/v2\/posts"}],"about":[{"href":"https:\/\/radioljubuski.ba\/index.php\/wp-json\/wp\/v2\/types\/post"}],"author":[{"embeddable":true,"href":"https:\/\/radioljubuski.ba\/index.php\/wp-json\/wp\/v2\/users\/2"}],"replies":[{"embeddable":true,"href":"https:\/\/radioljubuski.ba\/index.php\/wp-json\/wp\/v2\/comments?post=14163"}],"version-history":[{"count":1,"href":"https:\/\/radioljubuski.ba\/index.php\/wp-json\/wp\/v2\/posts\/14163\/revisions"}],"predecessor-version":[{"id":14165,"href":"https:\/\/radioljubuski.ba\/index.php\/wp-json\/wp\/v2\/posts\/14163\/revisions\/14165"}],"wp:featuredmedia":[{"embeddable":true,"href":"https:\/\/radioljubuski.ba\/index.php\/wp-json\/wp\/v2\/media\/14164"}],"wp:attachment":[{"href":"https:\/\/radioljubuski.ba\/index.php\/wp-json\/wp\/v2\/media?parent=14163"}],"wp:term":[{"taxonomy":"category","embeddable":true,"href":"https:\/\/radioljubuski.ba\/index.php\/wp-json\/wp\/v2\/categories?post=14163"},{"taxonomy":"post_tag","embeddable":true,"href":"https:\/\/radioljubuski.ba\/index.php\/wp-json\/wp\/v2\/tags?post=14163"}],"curies":[{"name":"wp","href":"https:\/\/api.w.org\/{rel}","templated":true}]}}