{"id":14176,"date":"2021-04-18T18:50:22","date_gmt":"2021-04-18T17:50:22","guid":{"rendered":"https:\/\/radioljubuski.ba\/?p=14176"},"modified":"2021-04-18T18:50:23","modified_gmt":"2021-04-18T17:50:23","slug":"ministar-ne-potpisuje-ugovore-o-javnoj-nabavi-koju-provode-bolnice","status":"publish","type":"post","link":"https:\/\/radioljubuski.ba\/index.php\/2021\/04\/18\/ministar-ne-potpisuje-ugovore-o-javnoj-nabavi-koju-provode-bolnice\/","title":{"rendered":"&#8220;Ministar ne potpisuje ugovore o javnoj nabavi koju provode bolnice&#8221;"},"content":{"rendered":"\n<p><strong>Ministarstvo zdravstva demantiralo je u nedjelju medijske napise da je 2019. provodilo postupak nabave automatskog biokemijskog katalizatora, isti\u010du\u0107i da ministar ne potpisuje ugovore o javnoj nabavi koju provode zdravstvene ustanove, ve\u0107 to \u010dine ravnatelji kao naru\u010ditelji.<\/strong><\/p>\n\n\n\n<p>Ministarstvo je priop\u0107ilo kako demantira navode da su pod istragom u pojedinim bolnicama nabavka skupih CT ure\u0111aja te, konkretno iz 2019., nabava automatskog biokemijskog katalizatora.<br><br>Odbacuju i tvrdnje da se u svim tim procesima pojavljuju imena istih poduze\u0107a na koja bi ministar zdravstva trebao dati odgovor, jer da on potpisuje ugovore.<br><br>Poja\u0161njavaju\u0107i svoju ulogu u procesu javne nabave u zdravstvenim ustanovama, u Ministarstvu isti\u010du da ministar ne potpisuje ugovore o javnoj nabavi koju provode zdravstvene ustanove, ve\u0107 te ugovore potpisuje ravnatelj svake pojedine ustanove koja je i naru\u010ditelj u postupku javne nabave.<br><br>&#8211; Ministar zdravstva potpisuje ugovore o javnoj nabavi za predmete nabave za koje je postupak kao javni naru\u010ditelj provelo Ministarstvo zdravstva, navode u priop\u0107enju.<br><br>Tvrde i da nisu provodili postupak javne nabave za CT ure\u0111aje od 2015., kada su takvi ure\u0111aji nabavljeni financiranjem iz fondova EU.<br><br>&#8211; Me\u0111u provedenim postupcima javne nabave Ministarstva zdravstva u 2019. tako\u0111er se ne nalazi niti postupak nabave za ure\u0111aj pod nazivom &#8216;automatski biokemijski katalizator&#8217; koji se spominje u medijskim navodima, isti\u010du u Ministarstvu zdravstva.<\/p>\n\n\n\n<p>Izvor:hrt.hr<\/p>\n","protected":false},"excerpt":{"rendered":"<p>Ministarstvo zdravstva demantiralo je u nedjelju medijske napise da je 2019. provodilo postupak nabave automatskog biokemijskog katalizatora, isti\u010du\u0107i da ministar ne potpisuje ugovore o javnoj nabavi koju provode zdravstvene ustanove, ve\u0107 to \u010dine ravnatelji kao naru\u010ditelji. Ministarstvo je priop\u0107ilo kako demantira navode da su pod istragom u pojedinim bolnicama nabavka skupih CT ure\u0111aja te, konkretno [&hellip;]<\/p>\n","protected":false},"author":2,"featured_media":10766,"comment_status":"closed","ping_status":"closed","sticky":false,"template":"","format":"standard","meta":{"h5ap_radio_sources":[],"footnotes":""},"categories":[1],"tags":[],"class_list":["post-14176","post","type-post","status-publish","format-standard","has-post-thumbnail","hentry","category-bihiregija"],"yoast_head":"<!-- This site is optimized with the Yoast SEO plugin v27.5 - https:\/\/yoast.com\/product\/yoast-seo-wordpress\/ -->\n<title>&quot;Ministar ne potpisuje ugovore o javnoj nabavi koju provode bolnice&quot; - RADIO LJUBU\u0160KI<\/title>\n<meta name=\"robots\" content=\"index, follow, max-snippet:-1, max-image-preview:large, max-video-preview:-1\" \/>\n<link rel=\"canonical\" href=\"https:\/\/radioljubuski.ba\/index.php\/2021\/04\/18\/ministar-ne-potpisuje-ugovore-o-javnoj-nabavi-koju-provode-bolnice\/\" \/>\n<meta property=\"og:locale\" content=\"hr_HR\" \/>\n<meta property=\"og:type\" content=\"article\" \/>\n<meta property=\"og:title\" content=\"&quot;Ministar ne potpisuje ugovore o javnoj nabavi koju provode bolnice&quot; - RADIO LJUBU\u0160KI\" \/>\n<meta property=\"og:description\" content=\"Ministarstvo zdravstva demantiralo je u nedjelju medijske napise da je 2019. provodilo postupak nabave automatskog biokemijskog katalizatora, isti\u010du\u0107i da ministar ne potpisuje ugovore o javnoj nabavi koju provode zdravstvene ustanove, ve\u0107 to \u010dine ravnatelji kao naru\u010ditelji. Ministarstvo je priop\u0107ilo kako demantira navode da su pod istragom u pojedinim bolnicama nabavka skupih CT ure\u0111aja te, konkretno [&hellip;]\" \/>\n<meta property=\"og:url\" content=\"https:\/\/radioljubuski.ba\/index.php\/2021\/04\/18\/ministar-ne-potpisuje-ugovore-o-javnoj-nabavi-koju-provode-bolnice\/\" \/>\n<meta property=\"og:site_name\" content=\"RADIO LJUBU\u0160KI\" \/>\n<meta property=\"article:publisher\" content=\"https:\/\/www.facebook.com\/Radiio-Ljubuski-1490835324566332\" \/>\n<meta property=\"article:published_time\" content=\"2021-04-18T17:50:22+00:00\" \/>\n<meta property=\"article:modified_time\" content=\"2021-04-18T17:50:23+00:00\" \/>\n<meta property=\"og:image\" content=\"https:\/\/radioljubuski.ba\/wp-content\/uploads\/2021\/04\/beros-rlj.png\" \/>\n\t<meta property=\"og:image:width\" content=\"645\" \/>\n\t<meta property=\"og:image:height\" content=\"359\" \/>\n\t<meta property=\"og:image:type\" content=\"image\/png\" \/>\n<meta name=\"author\" content=\"Radio Ljubu\u0161ki\" \/>\n<meta name=\"twitter:card\" content=\"summary_large_image\" \/>\n<meta name=\"twitter:creator\" content=\"@radioljubuski\" \/>\n<meta name=\"twitter:site\" content=\"@radioljubuski\" \/>\n<meta name=\"twitter:label1\" content=\"Napisao\/la\" \/>\n\t<meta name=\"twitter:data1\" content=\"Radio Ljubu\u0161ki\" \/>\n\t<meta name=\"twitter:label2\" content=\"Procijenjeno vrijeme \u010ditanja\" \/>\n\t<meta name=\"twitter:data2\" content=\"1 minuta\" \/>\n<script type=\"application\/ld+json\" class=\"yoast-schema-graph\">{\"@context\":\"https:\\\/\\\/schema.org\",\"@graph\":[{\"@type\":\"Article\",\"@id\":\"https:\\\/\\\/radioljubuski.ba\\\/index.php\\\/2021\\\/04\\\/18\\\/ministar-ne-potpisuje-ugovore-o-javnoj-nabavi-koju-provode-bolnice\\\/#article\",\"isPartOf\":{\"@id\":\"https:\\\/\\\/radioljubuski.ba\\\/index.php\\\/2021\\\/04\\\/18\\\/ministar-ne-potpisuje-ugovore-o-javnoj-nabavi-koju-provode-bolnice\\\/\"},\"author\":{\"name\":\"Radio Ljubu\u0161ki\",\"@id\":\"https:\\\/\\\/radioljubuski.ba\\\/#\\\/schema\\\/person\\\/19fc700381a780f69665d7956c469e3b\"},\"headline\":\"&#8220;Ministar ne potpisuje ugovore o javnoj nabavi koju provode bolnice&#8221;\",\"datePublished\":\"2021-04-18T17:50:22+00:00\",\"dateModified\":\"2021-04-18T17:50:23+00:00\",\"mainEntityOfPage\":{\"@id\":\"https:\\\/\\\/radioljubuski.ba\\\/index.php\\\/2021\\\/04\\\/18\\\/ministar-ne-potpisuje-ugovore-o-javnoj-nabavi-koju-provode-bolnice\\\/\"},\"wordCount\":235,\"publisher\":{\"@id\":\"https:\\\/\\\/radioljubuski.ba\\\/#organization\"},\"image\":{\"@id\":\"https:\\\/\\\/radioljubuski.ba\\\/index.php\\\/2021\\\/04\\\/18\\\/ministar-ne-potpisuje-ugovore-o-javnoj-nabavi-koju-provode-bolnice\\\/#primaryimage\"},\"thumbnailUrl\":\"https:\\\/\\\/radioljubuski.ba\\\/wp-content\\\/uploads\\\/2021\\\/04\\\/beros-rlj.png\",\"articleSection\":[\"BIH i regija\"],\"inLanguage\":\"hr\"},{\"@type\":\"WebPage\",\"@id\":\"https:\\\/\\\/radioljubuski.ba\\\/index.php\\\/2021\\\/04\\\/18\\\/ministar-ne-potpisuje-ugovore-o-javnoj-nabavi-koju-provode-bolnice\\\/\",\"url\":\"https:\\\/\\\/radioljubuski.ba\\\/index.php\\\/2021\\\/04\\\/18\\\/ministar-ne-potpisuje-ugovore-o-javnoj-nabavi-koju-provode-bolnice\\\/\",\"name\":\"\\\"Ministar ne potpisuje ugovore o javnoj nabavi koju provode bolnice\\\" - RADIO LJUBU\u0160KI\",\"isPartOf\":{\"@id\":\"https:\\\/\\\/radioljubuski.ba\\\/#website\"},\"primaryImageOfPage\":{\"@id\":\"https:\\\/\\\/radioljubuski.ba\\\/index.php\\\/2021\\\/04\\\/18\\\/ministar-ne-potpisuje-ugovore-o-javnoj-nabavi-koju-provode-bolnice\\\/#primaryimage\"},\"image\":{\"@id\":\"https:\\\/\\\/radioljubuski.ba\\\/index.php\\\/2021\\\/04\\\/18\\\/ministar-ne-potpisuje-ugovore-o-javnoj-nabavi-koju-provode-bolnice\\\/#primaryimage\"},\"thumbnailUrl\":\"https:\\\/\\\/radioljubuski.ba\\\/wp-content\\\/uploads\\\/2021\\\/04\\\/beros-rlj.png\",\"datePublished\":\"2021-04-18T17:50:22+00:00\",\"dateModified\":\"2021-04-18T17:50:23+00:00\",\"breadcrumb\":{\"@id\":\"https:\\\/\\\/radioljubuski.ba\\\/index.php\\\/2021\\\/04\\\/18\\\/ministar-ne-potpisuje-ugovore-o-javnoj-nabavi-koju-provode-bolnice\\\/#breadcrumb\"},\"inLanguage\":\"hr\",\"potentialAction\":[{\"@type\":\"ReadAction\",\"target\":[\"https:\\\/\\\/radioljubuski.ba\\\/index.php\\\/2021\\\/04\\\/18\\\/ministar-ne-potpisuje-ugovore-o-javnoj-nabavi-koju-provode-bolnice\\\/\"]}]},{\"@type\":\"ImageObject\",\"inLanguage\":\"hr\",\"@id\":\"https:\\\/\\\/radioljubuski.ba\\\/index.php\\\/2021\\\/04\\\/18\\\/ministar-ne-potpisuje-ugovore-o-javnoj-nabavi-koju-provode-bolnice\\\/#primaryimage\",\"url\":\"https:\\\/\\\/radioljubuski.ba\\\/wp-content\\\/uploads\\\/2021\\\/04\\\/beros-rlj.png\",\"contentUrl\":\"https:\\\/\\\/radioljubuski.ba\\\/wp-content\\\/uploads\\\/2021\\\/04\\\/beros-rlj.png\",\"width\":645,\"height\":359},{\"@type\":\"BreadcrumbList\",\"@id\":\"https:\\\/\\\/radioljubuski.ba\\\/index.php\\\/2021\\\/04\\\/18\\\/ministar-ne-potpisuje-ugovore-o-javnoj-nabavi-koju-provode-bolnice\\\/#breadcrumb\",\"itemListElement\":[{\"@type\":\"ListItem\",\"position\":1,\"name\":\"Po\u010detna stranica\",\"item\":\"https:\\\/\\\/radioljubuski.ba\\\/\"},{\"@type\":\"ListItem\",\"position\":2,\"name\":\"&#8220;Ministar ne potpisuje ugovore o javnoj nabavi koju provode bolnice&#8221;\"}]},{\"@type\":\"WebSite\",\"@id\":\"https:\\\/\\\/radioljubuski.ba\\\/#website\",\"url\":\"https:\\\/\\\/radioljubuski.ba\\\/\",\"name\":\"Radio Ljubu\u0161ki\",\"description\":\"Sun\u010dana frekvencija Hercegovine\",\"publisher\":{\"@id\":\"https:\\\/\\\/radioljubuski.ba\\\/#organization\"},\"potentialAction\":[{\"@type\":\"SearchAction\",\"target\":{\"@type\":\"EntryPoint\",\"urlTemplate\":\"https:\\\/\\\/radioljubuski.ba\\\/?s={search_term_string}\"},\"query-input\":{\"@type\":\"PropertyValueSpecification\",\"valueRequired\":true,\"valueName\":\"search_term_string\"}}],\"inLanguage\":\"hr\"},{\"@type\":\"Organization\",\"@id\":\"https:\\\/\\\/radioljubuski.ba\\\/#organization\",\"name\":\"Radio Ljubu\u0161ki\",\"url\":\"https:\\\/\\\/radioljubuski.ba\\\/\",\"logo\":{\"@type\":\"ImageObject\",\"inLanguage\":\"hr\",\"@id\":\"https:\\\/\\\/radioljubuski.ba\\\/#\\\/schema\\\/logo\\\/image\\\/\",\"url\":\"https:\\\/\\\/radioljubuski.ba\\\/wp-content\\\/uploads\\\/2021\\\/02\\\/cropped-Radio_Ljubuski_logo1.jpg\",\"contentUrl\":\"https:\\\/\\\/radioljubuski.ba\\\/wp-content\\\/uploads\\\/2021\\\/02\\\/cropped-Radio_Ljubuski_logo1.jpg\",\"width\":512,\"height\":512,\"caption\":\"Radio Ljubu\u0161ki\"},\"image\":{\"@id\":\"https:\\\/\\\/radioljubuski.ba\\\/#\\\/schema\\\/logo\\\/image\\\/\"},\"sameAs\":[\"https:\\\/\\\/www.facebook.com\\\/Radiio-Ljubuski-1490835324566332\",\"https:\\\/\\\/x.com\\\/radioljubuski\",\"https:\\\/\\\/hr.linkedin.com\\\/company\\\/radio-ljubuski\",\"https:\\\/\\\/www.youtube.com\\\/channel\\\/UCHYaeO_n0Db3tjNGudGpXyw\"]},{\"@type\":\"Person\",\"@id\":\"https:\\\/\\\/radioljubuski.ba\\\/#\\\/schema\\\/person\\\/19fc700381a780f69665d7956c469e3b\",\"name\":\"Radio Ljubu\u0161ki\"}]}<\/script>\n<!-- \/ Yoast SEO plugin. -->","yoast_head_json":{"title":"\"Ministar ne potpisuje ugovore o javnoj nabavi koju provode bolnice\" - RADIO LJUBU\u0160KI","robots":{"index":"index","follow":"follow","max-snippet":"max-snippet:-1","max-image-preview":"max-image-preview:large","max-video-preview":"max-video-preview:-1"},"canonical":"https:\/\/radioljubuski.ba\/index.php\/2021\/04\/18\/ministar-ne-potpisuje-ugovore-o-javnoj-nabavi-koju-provode-bolnice\/","og_locale":"hr_HR","og_type":"article","og_title":"\"Ministar ne potpisuje ugovore o javnoj nabavi koju provode bolnice\" - RADIO LJUBU\u0160KI","og_description":"Ministarstvo zdravstva demantiralo je u nedjelju medijske napise da je 2019. provodilo postupak nabave automatskog biokemijskog katalizatora, isti\u010du\u0107i da ministar ne potpisuje ugovore o javnoj nabavi koju provode zdravstvene ustanove, ve\u0107 to \u010dine ravnatelji kao naru\u010ditelji. Ministarstvo je priop\u0107ilo kako demantira navode da su pod istragom u pojedinim bolnicama nabavka skupih CT ure\u0111aja te, konkretno [&hellip;]","og_url":"https:\/\/radioljubuski.ba\/index.php\/2021\/04\/18\/ministar-ne-potpisuje-ugovore-o-javnoj-nabavi-koju-provode-bolnice\/","og_site_name":"RADIO LJUBU\u0160KI","article_publisher":"https:\/\/www.facebook.com\/Radiio-Ljubuski-1490835324566332","article_published_time":"2021-04-18T17:50:22+00:00","article_modified_time":"2021-04-18T17:50:23+00:00","og_image":[{"width":645,"height":359,"url":"https:\/\/radioljubuski.ba\/wp-content\/uploads\/2021\/04\/beros-rlj.png","type":"image\/png"}],"author":"Radio Ljubu\u0161ki","twitter_card":"summary_large_image","twitter_creator":"@radioljubuski","twitter_site":"@radioljubuski","twitter_misc":{"Napisao\/la":"Radio Ljubu\u0161ki","Procijenjeno vrijeme \u010ditanja":"1 minuta"},"schema":{"@context":"https:\/\/schema.org","@graph":[{"@type":"Article","@id":"https:\/\/radioljubuski.ba\/index.php\/2021\/04\/18\/ministar-ne-potpisuje-ugovore-o-javnoj-nabavi-koju-provode-bolnice\/#article","isPartOf":{"@id":"https:\/\/radioljubuski.ba\/index.php\/2021\/04\/18\/ministar-ne-potpisuje-ugovore-o-javnoj-nabavi-koju-provode-bolnice\/"},"author":{"name":"Radio Ljubu\u0161ki","@id":"https:\/\/radioljubuski.ba\/#\/schema\/person\/19fc700381a780f69665d7956c469e3b"},"headline":"&#8220;Ministar ne potpisuje ugovore o javnoj nabavi koju provode bolnice&#8221;","datePublished":"2021-04-18T17:50:22+00:00","dateModified":"2021-04-18T17:50:23+00:00","mainEntityOfPage":{"@id":"https:\/\/radioljubuski.ba\/index.php\/2021\/04\/18\/ministar-ne-potpisuje-ugovore-o-javnoj-nabavi-koju-provode-bolnice\/"},"wordCount":235,"publisher":{"@id":"https:\/\/radioljubuski.ba\/#organization"},"image":{"@id":"https:\/\/radioljubuski.ba\/index.php\/2021\/04\/18\/ministar-ne-potpisuje-ugovore-o-javnoj-nabavi-koju-provode-bolnice\/#primaryimage"},"thumbnailUrl":"https:\/\/radioljubuski.ba\/wp-content\/uploads\/2021\/04\/beros-rlj.png","articleSection":["BIH i regija"],"inLanguage":"hr"},{"@type":"WebPage","@id":"https:\/\/radioljubuski.ba\/index.php\/2021\/04\/18\/ministar-ne-potpisuje-ugovore-o-javnoj-nabavi-koju-provode-bolnice\/","url":"https:\/\/radioljubuski.ba\/index.php\/2021\/04\/18\/ministar-ne-potpisuje-ugovore-o-javnoj-nabavi-koju-provode-bolnice\/","name":"\"Ministar ne potpisuje ugovore o javnoj nabavi koju provode bolnice\" - RADIO LJUBU\u0160KI","isPartOf":{"@id":"https:\/\/radioljubuski.ba\/#website"},"primaryImageOfPage":{"@id":"https:\/\/radioljubuski.ba\/index.php\/2021\/04\/18\/ministar-ne-potpisuje-ugovore-o-javnoj-nabavi-koju-provode-bolnice\/#primaryimage"},"image":{"@id":"https:\/\/radioljubuski.ba\/index.php\/2021\/04\/18\/ministar-ne-potpisuje-ugovore-o-javnoj-nabavi-koju-provode-bolnice\/#primaryimage"},"thumbnailUrl":"https:\/\/radioljubuski.ba\/wp-content\/uploads\/2021\/04\/beros-rlj.png","datePublished":"2021-04-18T17:50:22+00:00","dateModified":"2021-04-18T17:50:23+00:00","breadcrumb":{"@id":"https:\/\/radioljubuski.ba\/index.php\/2021\/04\/18\/ministar-ne-potpisuje-ugovore-o-javnoj-nabavi-koju-provode-bolnice\/#breadcrumb"},"inLanguage":"hr","potentialAction":[{"@type":"ReadAction","target":["https:\/\/radioljubuski.ba\/index.php\/2021\/04\/18\/ministar-ne-potpisuje-ugovore-o-javnoj-nabavi-koju-provode-bolnice\/"]}]},{"@type":"ImageObject","inLanguage":"hr","@id":"https:\/\/radioljubuski.ba\/index.php\/2021\/04\/18\/ministar-ne-potpisuje-ugovore-o-javnoj-nabavi-koju-provode-bolnice\/#primaryimage","url":"https:\/\/radioljubuski.ba\/wp-content\/uploads\/2021\/04\/beros-rlj.png","contentUrl":"https:\/\/radioljubuski.ba\/wp-content\/uploads\/2021\/04\/beros-rlj.png","width":645,"height":359},{"@type":"BreadcrumbList","@id":"https:\/\/radioljubuski.ba\/index.php\/2021\/04\/18\/ministar-ne-potpisuje-ugovore-o-javnoj-nabavi-koju-provode-bolnice\/#breadcrumb","itemListElement":[{"@type":"ListItem","position":1,"name":"Po\u010detna stranica","item":"https:\/\/radioljubuski.ba\/"},{"@type":"ListItem","position":2,"name":"&#8220;Ministar ne potpisuje ugovore o javnoj nabavi koju provode bolnice&#8221;"}]},{"@type":"WebSite","@id":"https:\/\/radioljubuski.ba\/#website","url":"https:\/\/radioljubuski.ba\/","name":"Radio Ljubu\u0161ki","description":"Sun\u010dana frekvencija Hercegovine","publisher":{"@id":"https:\/\/radioljubuski.ba\/#organization"},"potentialAction":[{"@type":"SearchAction","target":{"@type":"EntryPoint","urlTemplate":"https:\/\/radioljubuski.ba\/?s={search_term_string}"},"query-input":{"@type":"PropertyValueSpecification","valueRequired":true,"valueName":"search_term_string"}}],"inLanguage":"hr"},{"@type":"Organization","@id":"https:\/\/radioljubuski.ba\/#organization","name":"Radio Ljubu\u0161ki","url":"https:\/\/radioljubuski.ba\/","logo":{"@type":"ImageObject","inLanguage":"hr","@id":"https:\/\/radioljubuski.ba\/#\/schema\/logo\/image\/","url":"https:\/\/radioljubuski.ba\/wp-content\/uploads\/2021\/02\/cropped-Radio_Ljubuski_logo1.jpg","contentUrl":"https:\/\/radioljubuski.ba\/wp-content\/uploads\/2021\/02\/cropped-Radio_Ljubuski_logo1.jpg","width":512,"height":512,"caption":"Radio Ljubu\u0161ki"},"image":{"@id":"https:\/\/radioljubuski.ba\/#\/schema\/logo\/image\/"},"sameAs":["https:\/\/www.facebook.com\/Radiio-Ljubuski-1490835324566332","https:\/\/x.com\/radioljubuski","https:\/\/hr.linkedin.com\/company\/radio-ljubuski","https:\/\/www.youtube.com\/channel\/UCHYaeO_n0Db3tjNGudGpXyw"]},{"@type":"Person","@id":"https:\/\/radioljubuski.ba\/#\/schema\/person\/19fc700381a780f69665d7956c469e3b","name":"Radio Ljubu\u0161ki"}]}},"_links":{"self":[{"href":"https:\/\/radioljubuski.ba\/index.php\/wp-json\/wp\/v2\/posts\/14176","targetHints":{"allow":["GET"]}}],"collection":[{"href":"https:\/\/radioljubuski.ba\/index.php\/wp-json\/wp\/v2\/posts"}],"about":[{"href":"https:\/\/radioljubuski.ba\/index.php\/wp-json\/wp\/v2\/types\/post"}],"author":[{"embeddable":true,"href":"https:\/\/radioljubuski.ba\/index.php\/wp-json\/wp\/v2\/users\/2"}],"replies":[{"embeddable":true,"href":"https:\/\/radioljubuski.ba\/index.php\/wp-json\/wp\/v2\/comments?post=14176"}],"version-history":[{"count":1,"href":"https:\/\/radioljubuski.ba\/index.php\/wp-json\/wp\/v2\/posts\/14176\/revisions"}],"predecessor-version":[{"id":14177,"href":"https:\/\/radioljubuski.ba\/index.php\/wp-json\/wp\/v2\/posts\/14176\/revisions\/14177"}],"wp:featuredmedia":[{"embeddable":true,"href":"https:\/\/radioljubuski.ba\/index.php\/wp-json\/wp\/v2\/media\/10766"}],"wp:attachment":[{"href":"https:\/\/radioljubuski.ba\/index.php\/wp-json\/wp\/v2\/media?parent=14176"}],"wp:term":[{"taxonomy":"category","embeddable":true,"href":"https:\/\/radioljubuski.ba\/index.php\/wp-json\/wp\/v2\/categories?post=14176"},{"taxonomy":"post_tag","embeddable":true,"href":"https:\/\/radioljubuski.ba\/index.php\/wp-json\/wp\/v2\/tags?post=14176"}],"curies":[{"name":"wp","href":"https:\/\/api.w.org\/{rel}","templated":true}]}}