{"id":14207,"date":"2021-04-18T21:21:27","date_gmt":"2021-04-18T20:21:27","guid":{"rendered":"https:\/\/radioljubuski.ba\/?p=14207"},"modified":"2021-04-18T21:21:28","modified_gmt":"2021-04-18T20:21:28","slug":"radnik-i-zeljeznicar-podijelili-bodove","status":"publish","type":"post","link":"https:\/\/radioljubuski.ba\/index.php\/2021\/04\/18\/radnik-i-zeljeznicar-podijelili-bodove\/","title":{"rendered":"Radnik i \u017deljezni\u010dar podijelili bodove"},"content":{"rendered":"\n<p>Nogometa\u0161i \u017deljezni\u010dara su u okviru 26. kola m:tel Premijer lige BiH remizirali s Radnikom 1:1. Prvi udarac bilje\u017eimo u 14. minuti kada je Vu\u0161urovi\u0107 mlako \u0161utirao sa 18 metara, a Eri\u0107 sigurno uhvatio. U narednoj minuti \u017deljo dolazi do vodstva.<\/p>\n\n\n\n<p>Zec je iskosa sna\u017eno \u0161utirao, Bilobrk obranio, a na odbijenu loptu je natr\u010dao Semir \u0160tili\u0107 i pogodio mre\u017eu Radnika. &nbsp;Suba\u0161i\u0107 u 23. minuti \u0161utira sa distance, Bilobrik dobro brani. Dvije minute poslije \u0160tili\u0107 ubacuje, Zec glavom \u0161utira, potom Mileti\u0107 glavom zahva\u0107a loptu, ali defanzivci Radnika izbacuju iz peterca. Do kraja prvog dijela bilje\u017eimo jo\u0161 jedan opasan uba\u010daj Mili\u0107evi\u0107a kada je lopta pro\u0161la kroz peterac doma\u0107ih. Na poluvrijeme se oti\u0161lo s 0:1. Radnik do poravnanja dolazi u 59. minuti. Vu\u0161urovi\u0107 je ubacio, Eri\u0107 odbio, a Popara smjestio loptu u mre\u017eu &#8220;Plavih&#8221;. &nbsp;\u017deljezni\u010dar je u 83. minuti propustio dobru priliku, Mili\u0107evi\u0107 je ubacio, a Lendri\u0107 s prve stative \u0161utirao pored gola. &nbsp;<\/p>\n\n\n\n<p>Na klupi sarajevskog tima debitirvao je novi trener Bla\u017e Sli\u0161kovi\u0107. &nbsp;Idu\u0107u utakmicu \u017deljezni\u010dar igra u nedjelju protiv Olimpika. Susret na Grbavici po\u010dinje u 17 sati. &nbsp;<\/p>\n\n\n\n<p>Izvor:pogled.ba<\/p>\n","protected":false},"excerpt":{"rendered":"<p>Nogometa\u0161i \u017deljezni\u010dara su u okviru 26. kola m:tel Premijer lige BiH remizirali s Radnikom 1:1. Prvi udarac bilje\u017eimo u 14. minuti kada je Vu\u0161urovi\u0107 mlako \u0161utirao sa 18 metara, a Eri\u0107 sigurno uhvatio. U narednoj minuti \u017deljo dolazi do vodstva. Zec je iskosa sna\u017eno \u0161utirao, Bilobrk obranio, a na odbijenu loptu je natr\u010dao Semir \u0160tili\u0107 [&hellip;]<\/p>\n","protected":false},"author":2,"featured_media":14208,"comment_status":"closed","ping_status":"closed","sticky":false,"template":"","format":"standard","meta":{"h5ap_radio_sources":[],"footnotes":""},"categories":[1],"tags":[],"class_list":["post-14207","post","type-post","status-publish","format-standard","has-post-thumbnail","hentry","category-bihiregija"],"yoast_head":"<!-- This site is optimized with the Yoast SEO plugin v27.5 - https:\/\/yoast.com\/product\/yoast-seo-wordpress\/ -->\n<title>Radnik i \u017deljezni\u010dar podijelili bodove - RADIO LJUBU\u0160KI<\/title>\n<meta name=\"robots\" content=\"index, follow, max-snippet:-1, max-image-preview:large, max-video-preview:-1\" \/>\n<link rel=\"canonical\" href=\"https:\/\/radioljubuski.ba\/index.php\/2021\/04\/18\/radnik-i-zeljeznicar-podijelili-bodove\/\" \/>\n<meta property=\"og:locale\" content=\"hr_HR\" \/>\n<meta property=\"og:type\" content=\"article\" \/>\n<meta property=\"og:title\" content=\"Radnik i \u017deljezni\u010dar podijelili bodove - RADIO LJUBU\u0160KI\" \/>\n<meta property=\"og:description\" content=\"Nogometa\u0161i \u017deljezni\u010dara su u okviru 26. kola m:tel Premijer lige BiH remizirali s Radnikom 1:1. Prvi udarac bilje\u017eimo u 14. minuti kada je Vu\u0161urovi\u0107 mlako \u0161utirao sa 18 metara, a Eri\u0107 sigurno uhvatio. U narednoj minuti \u017deljo dolazi do vodstva. Zec je iskosa sna\u017eno \u0161utirao, Bilobrk obranio, a na odbijenu loptu je natr\u010dao Semir \u0160tili\u0107 [&hellip;]\" \/>\n<meta property=\"og:url\" content=\"https:\/\/radioljubuski.ba\/index.php\/2021\/04\/18\/radnik-i-zeljeznicar-podijelili-bodove\/\" \/>\n<meta property=\"og:site_name\" content=\"RADIO LJUBU\u0160KI\" \/>\n<meta property=\"article:publisher\" content=\"https:\/\/www.facebook.com\/Radiio-Ljubuski-1490835324566332\" \/>\n<meta property=\"article:published_time\" content=\"2021-04-18T20:21:27+00:00\" \/>\n<meta property=\"article:modified_time\" content=\"2021-04-18T20:21:28+00:00\" \/>\n<meta property=\"og:image\" content=\"https:\/\/radioljubuski.ba\/wp-content\/uploads\/2021\/04\/Ee7C2yNJ_nogometj.jpg\" \/>\n\t<meta property=\"og:image:width\" content=\"1000\" \/>\n\t<meta property=\"og:image:height\" content=\"625\" \/>\n\t<meta property=\"og:image:type\" content=\"image\/jpeg\" \/>\n<meta name=\"author\" content=\"Radio Ljubu\u0161ki\" \/>\n<meta name=\"twitter:card\" content=\"summary_large_image\" \/>\n<meta name=\"twitter:creator\" content=\"@radioljubuski\" \/>\n<meta name=\"twitter:site\" content=\"@radioljubuski\" \/>\n<meta name=\"twitter:label1\" content=\"Napisao\/la\" \/>\n\t<meta name=\"twitter:data1\" content=\"Radio Ljubu\u0161ki\" \/>\n\t<meta name=\"twitter:label2\" content=\"Procijenjeno vrijeme \u010ditanja\" \/>\n\t<meta name=\"twitter:data2\" content=\"1 minuta\" \/>\n<script type=\"application\/ld+json\" class=\"yoast-schema-graph\">{\"@context\":\"https:\\\/\\\/schema.org\",\"@graph\":[{\"@type\":\"Article\",\"@id\":\"https:\\\/\\\/radioljubuski.ba\\\/index.php\\\/2021\\\/04\\\/18\\\/radnik-i-zeljeznicar-podijelili-bodove\\\/#article\",\"isPartOf\":{\"@id\":\"https:\\\/\\\/radioljubuski.ba\\\/index.php\\\/2021\\\/04\\\/18\\\/radnik-i-zeljeznicar-podijelili-bodove\\\/\"},\"author\":{\"name\":\"Radio Ljubu\u0161ki\",\"@id\":\"https:\\\/\\\/radioljubuski.ba\\\/#\\\/schema\\\/person\\\/19fc700381a780f69665d7956c469e3b\"},\"headline\":\"Radnik i \u017deljezni\u010dar podijelili bodove\",\"datePublished\":\"2021-04-18T20:21:27+00:00\",\"dateModified\":\"2021-04-18T20:21:28+00:00\",\"mainEntityOfPage\":{\"@id\":\"https:\\\/\\\/radioljubuski.ba\\\/index.php\\\/2021\\\/04\\\/18\\\/radnik-i-zeljeznicar-podijelili-bodove\\\/\"},\"wordCount\":204,\"publisher\":{\"@id\":\"https:\\\/\\\/radioljubuski.ba\\\/#organization\"},\"image\":{\"@id\":\"https:\\\/\\\/radioljubuski.ba\\\/index.php\\\/2021\\\/04\\\/18\\\/radnik-i-zeljeznicar-podijelili-bodove\\\/#primaryimage\"},\"thumbnailUrl\":\"https:\\\/\\\/radioljubuski.ba\\\/wp-content\\\/uploads\\\/2021\\\/04\\\/Ee7C2yNJ_nogometj.jpg\",\"articleSection\":[\"BIH i regija\"],\"inLanguage\":\"hr\"},{\"@type\":\"WebPage\",\"@id\":\"https:\\\/\\\/radioljubuski.ba\\\/index.php\\\/2021\\\/04\\\/18\\\/radnik-i-zeljeznicar-podijelili-bodove\\\/\",\"url\":\"https:\\\/\\\/radioljubuski.ba\\\/index.php\\\/2021\\\/04\\\/18\\\/radnik-i-zeljeznicar-podijelili-bodove\\\/\",\"name\":\"Radnik i \u017deljezni\u010dar podijelili bodove - RADIO LJUBU\u0160KI\",\"isPartOf\":{\"@id\":\"https:\\\/\\\/radioljubuski.ba\\\/#website\"},\"primaryImageOfPage\":{\"@id\":\"https:\\\/\\\/radioljubuski.ba\\\/index.php\\\/2021\\\/04\\\/18\\\/radnik-i-zeljeznicar-podijelili-bodove\\\/#primaryimage\"},\"image\":{\"@id\":\"https:\\\/\\\/radioljubuski.ba\\\/index.php\\\/2021\\\/04\\\/18\\\/radnik-i-zeljeznicar-podijelili-bodove\\\/#primaryimage\"},\"thumbnailUrl\":\"https:\\\/\\\/radioljubuski.ba\\\/wp-content\\\/uploads\\\/2021\\\/04\\\/Ee7C2yNJ_nogometj.jpg\",\"datePublished\":\"2021-04-18T20:21:27+00:00\",\"dateModified\":\"2021-04-18T20:21:28+00:00\",\"breadcrumb\":{\"@id\":\"https:\\\/\\\/radioljubuski.ba\\\/index.php\\\/2021\\\/04\\\/18\\\/radnik-i-zeljeznicar-podijelili-bodove\\\/#breadcrumb\"},\"inLanguage\":\"hr\",\"potentialAction\":[{\"@type\":\"ReadAction\",\"target\":[\"https:\\\/\\\/radioljubuski.ba\\\/index.php\\\/2021\\\/04\\\/18\\\/radnik-i-zeljeznicar-podijelili-bodove\\\/\"]}]},{\"@type\":\"ImageObject\",\"inLanguage\":\"hr\",\"@id\":\"https:\\\/\\\/radioljubuski.ba\\\/index.php\\\/2021\\\/04\\\/18\\\/radnik-i-zeljeznicar-podijelili-bodove\\\/#primaryimage\",\"url\":\"https:\\\/\\\/radioljubuski.ba\\\/wp-content\\\/uploads\\\/2021\\\/04\\\/Ee7C2yNJ_nogometj.jpg\",\"contentUrl\":\"https:\\\/\\\/radioljubuski.ba\\\/wp-content\\\/uploads\\\/2021\\\/04\\\/Ee7C2yNJ_nogometj.jpg\",\"width\":1000,\"height\":625},{\"@type\":\"BreadcrumbList\",\"@id\":\"https:\\\/\\\/radioljubuski.ba\\\/index.php\\\/2021\\\/04\\\/18\\\/radnik-i-zeljeznicar-podijelili-bodove\\\/#breadcrumb\",\"itemListElement\":[{\"@type\":\"ListItem\",\"position\":1,\"name\":\"Po\u010detna stranica\",\"item\":\"https:\\\/\\\/radioljubuski.ba\\\/\"},{\"@type\":\"ListItem\",\"position\":2,\"name\":\"Radnik i \u017deljezni\u010dar podijelili bodove\"}]},{\"@type\":\"WebSite\",\"@id\":\"https:\\\/\\\/radioljubuski.ba\\\/#website\",\"url\":\"https:\\\/\\\/radioljubuski.ba\\\/\",\"name\":\"Radio Ljubu\u0161ki\",\"description\":\"Sun\u010dana frekvencija Hercegovine\",\"publisher\":{\"@id\":\"https:\\\/\\\/radioljubuski.ba\\\/#organization\"},\"potentialAction\":[{\"@type\":\"SearchAction\",\"target\":{\"@type\":\"EntryPoint\",\"urlTemplate\":\"https:\\\/\\\/radioljubuski.ba\\\/?s={search_term_string}\"},\"query-input\":{\"@type\":\"PropertyValueSpecification\",\"valueRequired\":true,\"valueName\":\"search_term_string\"}}],\"inLanguage\":\"hr\"},{\"@type\":\"Organization\",\"@id\":\"https:\\\/\\\/radioljubuski.ba\\\/#organization\",\"name\":\"Radio Ljubu\u0161ki\",\"url\":\"https:\\\/\\\/radioljubuski.ba\\\/\",\"logo\":{\"@type\":\"ImageObject\",\"inLanguage\":\"hr\",\"@id\":\"https:\\\/\\\/radioljubuski.ba\\\/#\\\/schema\\\/logo\\\/image\\\/\",\"url\":\"https:\\\/\\\/radioljubuski.ba\\\/wp-content\\\/uploads\\\/2021\\\/02\\\/cropped-Radio_Ljubuski_logo1.jpg\",\"contentUrl\":\"https:\\\/\\\/radioljubuski.ba\\\/wp-content\\\/uploads\\\/2021\\\/02\\\/cropped-Radio_Ljubuski_logo1.jpg\",\"width\":512,\"height\":512,\"caption\":\"Radio Ljubu\u0161ki\"},\"image\":{\"@id\":\"https:\\\/\\\/radioljubuski.ba\\\/#\\\/schema\\\/logo\\\/image\\\/\"},\"sameAs\":[\"https:\\\/\\\/www.facebook.com\\\/Radiio-Ljubuski-1490835324566332\",\"https:\\\/\\\/x.com\\\/radioljubuski\",\"https:\\\/\\\/hr.linkedin.com\\\/company\\\/radio-ljubuski\",\"https:\\\/\\\/www.youtube.com\\\/channel\\\/UCHYaeO_n0Db3tjNGudGpXyw\"]},{\"@type\":\"Person\",\"@id\":\"https:\\\/\\\/radioljubuski.ba\\\/#\\\/schema\\\/person\\\/19fc700381a780f69665d7956c469e3b\",\"name\":\"Radio Ljubu\u0161ki\"}]}<\/script>\n<!-- \/ Yoast SEO plugin. -->","yoast_head_json":{"title":"Radnik i \u017deljezni\u010dar podijelili bodove - RADIO LJUBU\u0160KI","robots":{"index":"index","follow":"follow","max-snippet":"max-snippet:-1","max-image-preview":"max-image-preview:large","max-video-preview":"max-video-preview:-1"},"canonical":"https:\/\/radioljubuski.ba\/index.php\/2021\/04\/18\/radnik-i-zeljeznicar-podijelili-bodove\/","og_locale":"hr_HR","og_type":"article","og_title":"Radnik i \u017deljezni\u010dar podijelili bodove - RADIO LJUBU\u0160KI","og_description":"Nogometa\u0161i \u017deljezni\u010dara su u okviru 26. kola m:tel Premijer lige BiH remizirali s Radnikom 1:1. Prvi udarac bilje\u017eimo u 14. minuti kada je Vu\u0161urovi\u0107 mlako \u0161utirao sa 18 metara, a Eri\u0107 sigurno uhvatio. U narednoj minuti \u017deljo dolazi do vodstva. Zec je iskosa sna\u017eno \u0161utirao, Bilobrk obranio, a na odbijenu loptu je natr\u010dao Semir \u0160tili\u0107 [&hellip;]","og_url":"https:\/\/radioljubuski.ba\/index.php\/2021\/04\/18\/radnik-i-zeljeznicar-podijelili-bodove\/","og_site_name":"RADIO LJUBU\u0160KI","article_publisher":"https:\/\/www.facebook.com\/Radiio-Ljubuski-1490835324566332","article_published_time":"2021-04-18T20:21:27+00:00","article_modified_time":"2021-04-18T20:21:28+00:00","og_image":[{"width":1000,"height":625,"url":"https:\/\/radioljubuski.ba\/wp-content\/uploads\/2021\/04\/Ee7C2yNJ_nogometj.jpg","type":"image\/jpeg"}],"author":"Radio Ljubu\u0161ki","twitter_card":"summary_large_image","twitter_creator":"@radioljubuski","twitter_site":"@radioljubuski","twitter_misc":{"Napisao\/la":"Radio Ljubu\u0161ki","Procijenjeno vrijeme \u010ditanja":"1 minuta"},"schema":{"@context":"https:\/\/schema.org","@graph":[{"@type":"Article","@id":"https:\/\/radioljubuski.ba\/index.php\/2021\/04\/18\/radnik-i-zeljeznicar-podijelili-bodove\/#article","isPartOf":{"@id":"https:\/\/radioljubuski.ba\/index.php\/2021\/04\/18\/radnik-i-zeljeznicar-podijelili-bodove\/"},"author":{"name":"Radio Ljubu\u0161ki","@id":"https:\/\/radioljubuski.ba\/#\/schema\/person\/19fc700381a780f69665d7956c469e3b"},"headline":"Radnik i \u017deljezni\u010dar podijelili bodove","datePublished":"2021-04-18T20:21:27+00:00","dateModified":"2021-04-18T20:21:28+00:00","mainEntityOfPage":{"@id":"https:\/\/radioljubuski.ba\/index.php\/2021\/04\/18\/radnik-i-zeljeznicar-podijelili-bodove\/"},"wordCount":204,"publisher":{"@id":"https:\/\/radioljubuski.ba\/#organization"},"image":{"@id":"https:\/\/radioljubuski.ba\/index.php\/2021\/04\/18\/radnik-i-zeljeznicar-podijelili-bodove\/#primaryimage"},"thumbnailUrl":"https:\/\/radioljubuski.ba\/wp-content\/uploads\/2021\/04\/Ee7C2yNJ_nogometj.jpg","articleSection":["BIH i regija"],"inLanguage":"hr"},{"@type":"WebPage","@id":"https:\/\/radioljubuski.ba\/index.php\/2021\/04\/18\/radnik-i-zeljeznicar-podijelili-bodove\/","url":"https:\/\/radioljubuski.ba\/index.php\/2021\/04\/18\/radnik-i-zeljeznicar-podijelili-bodove\/","name":"Radnik i \u017deljezni\u010dar podijelili bodove - RADIO LJUBU\u0160KI","isPartOf":{"@id":"https:\/\/radioljubuski.ba\/#website"},"primaryImageOfPage":{"@id":"https:\/\/radioljubuski.ba\/index.php\/2021\/04\/18\/radnik-i-zeljeznicar-podijelili-bodove\/#primaryimage"},"image":{"@id":"https:\/\/radioljubuski.ba\/index.php\/2021\/04\/18\/radnik-i-zeljeznicar-podijelili-bodove\/#primaryimage"},"thumbnailUrl":"https:\/\/radioljubuski.ba\/wp-content\/uploads\/2021\/04\/Ee7C2yNJ_nogometj.jpg","datePublished":"2021-04-18T20:21:27+00:00","dateModified":"2021-04-18T20:21:28+00:00","breadcrumb":{"@id":"https:\/\/radioljubuski.ba\/index.php\/2021\/04\/18\/radnik-i-zeljeznicar-podijelili-bodove\/#breadcrumb"},"inLanguage":"hr","potentialAction":[{"@type":"ReadAction","target":["https:\/\/radioljubuski.ba\/index.php\/2021\/04\/18\/radnik-i-zeljeznicar-podijelili-bodove\/"]}]},{"@type":"ImageObject","inLanguage":"hr","@id":"https:\/\/radioljubuski.ba\/index.php\/2021\/04\/18\/radnik-i-zeljeznicar-podijelili-bodove\/#primaryimage","url":"https:\/\/radioljubuski.ba\/wp-content\/uploads\/2021\/04\/Ee7C2yNJ_nogometj.jpg","contentUrl":"https:\/\/radioljubuski.ba\/wp-content\/uploads\/2021\/04\/Ee7C2yNJ_nogometj.jpg","width":1000,"height":625},{"@type":"BreadcrumbList","@id":"https:\/\/radioljubuski.ba\/index.php\/2021\/04\/18\/radnik-i-zeljeznicar-podijelili-bodove\/#breadcrumb","itemListElement":[{"@type":"ListItem","position":1,"name":"Po\u010detna stranica","item":"https:\/\/radioljubuski.ba\/"},{"@type":"ListItem","position":2,"name":"Radnik i \u017deljezni\u010dar podijelili bodove"}]},{"@type":"WebSite","@id":"https:\/\/radioljubuski.ba\/#website","url":"https:\/\/radioljubuski.ba\/","name":"Radio Ljubu\u0161ki","description":"Sun\u010dana frekvencija Hercegovine","publisher":{"@id":"https:\/\/radioljubuski.ba\/#organization"},"potentialAction":[{"@type":"SearchAction","target":{"@type":"EntryPoint","urlTemplate":"https:\/\/radioljubuski.ba\/?s={search_term_string}"},"query-input":{"@type":"PropertyValueSpecification","valueRequired":true,"valueName":"search_term_string"}}],"inLanguage":"hr"},{"@type":"Organization","@id":"https:\/\/radioljubuski.ba\/#organization","name":"Radio Ljubu\u0161ki","url":"https:\/\/radioljubuski.ba\/","logo":{"@type":"ImageObject","inLanguage":"hr","@id":"https:\/\/radioljubuski.ba\/#\/schema\/logo\/image\/","url":"https:\/\/radioljubuski.ba\/wp-content\/uploads\/2021\/02\/cropped-Radio_Ljubuski_logo1.jpg","contentUrl":"https:\/\/radioljubuski.ba\/wp-content\/uploads\/2021\/02\/cropped-Radio_Ljubuski_logo1.jpg","width":512,"height":512,"caption":"Radio Ljubu\u0161ki"},"image":{"@id":"https:\/\/radioljubuski.ba\/#\/schema\/logo\/image\/"},"sameAs":["https:\/\/www.facebook.com\/Radiio-Ljubuski-1490835324566332","https:\/\/x.com\/radioljubuski","https:\/\/hr.linkedin.com\/company\/radio-ljubuski","https:\/\/www.youtube.com\/channel\/UCHYaeO_n0Db3tjNGudGpXyw"]},{"@type":"Person","@id":"https:\/\/radioljubuski.ba\/#\/schema\/person\/19fc700381a780f69665d7956c469e3b","name":"Radio Ljubu\u0161ki"}]}},"_links":{"self":[{"href":"https:\/\/radioljubuski.ba\/index.php\/wp-json\/wp\/v2\/posts\/14207","targetHints":{"allow":["GET"]}}],"collection":[{"href":"https:\/\/radioljubuski.ba\/index.php\/wp-json\/wp\/v2\/posts"}],"about":[{"href":"https:\/\/radioljubuski.ba\/index.php\/wp-json\/wp\/v2\/types\/post"}],"author":[{"embeddable":true,"href":"https:\/\/radioljubuski.ba\/index.php\/wp-json\/wp\/v2\/users\/2"}],"replies":[{"embeddable":true,"href":"https:\/\/radioljubuski.ba\/index.php\/wp-json\/wp\/v2\/comments?post=14207"}],"version-history":[{"count":1,"href":"https:\/\/radioljubuski.ba\/index.php\/wp-json\/wp\/v2\/posts\/14207\/revisions"}],"predecessor-version":[{"id":14209,"href":"https:\/\/radioljubuski.ba\/index.php\/wp-json\/wp\/v2\/posts\/14207\/revisions\/14209"}],"wp:featuredmedia":[{"embeddable":true,"href":"https:\/\/radioljubuski.ba\/index.php\/wp-json\/wp\/v2\/media\/14208"}],"wp:attachment":[{"href":"https:\/\/radioljubuski.ba\/index.php\/wp-json\/wp\/v2\/media?parent=14207"}],"wp:term":[{"taxonomy":"category","embeddable":true,"href":"https:\/\/radioljubuski.ba\/index.php\/wp-json\/wp\/v2\/categories?post=14207"},{"taxonomy":"post_tag","embeddable":true,"href":"https:\/\/radioljubuski.ba\/index.php\/wp-json\/wp\/v2\/tags?post=14207"}],"curies":[{"name":"wp","href":"https:\/\/api.w.org\/{rel}","templated":true}]}}