{"id":14219,"date":"2021-04-18T21:29:15","date_gmt":"2021-04-18T20:29:15","guid":{"rendered":"https:\/\/radioljubuski.ba\/?p=14219"},"modified":"2021-04-18T21:29:16","modified_gmt":"2021-04-18T20:29:16","slug":"spajanje-mosta-gradiska-preko-save-u-zavrsnoj-fazi","status":"publish","type":"post","link":"https:\/\/radioljubuski.ba\/index.php\/2021\/04\/18\/spajanje-mosta-gradiska-preko-save-u-zavrsnoj-fazi\/","title":{"rendered":"Spajanje mosta Gradi\u0161ka preko Save u zavr\u0161noj fazi"},"content":{"rendered":"\n<p><strong>Dok su o\u010di hrvatske javnosti uglavnom usmjerene na gradili\u0161te Pelje\u0161kog mosta, na drugom kraju Hrvatske, u Slavoniji, radovi na jednome drugom mostu idu punom parom. Rije\u010d je o mostu Gradi\u0161ka, na rijeci Savi, koji \u0107e spojiti hrvatsku i bosanskohercegova\u010dku obalu te rijeke. Hrvatske su ceste ustupile&nbsp;<a href=\"https:\/\/www.vecernji.hr\/vijesti\/ekskluzivne-fotografije-s-gradilista-spajanje-mosta-gradiska-preko-save-u-zavrsnoj-fazi-1485326\" target=\"_blank\" rel=\"noreferrer noopener\">Ve\u010dernjem listu<\/a>&nbsp;najnovije fotografije s gradili\u0161ta mosta Gradi\u0161ka na kojima se vidi da su radovi poprili\u010dno poodmakli i da se most ve\u0107 po\u010deo protezati s obje obale prema sredini, gdje \u0107e se spojiti.<\/strong><\/p>\n\n\n\n<p>Planirani rok za dovr\u0161etak mosta Gradi\u0161ka je za godinu dana, sredinom travnja, a plan je da se na prolje\u0107e sljede\u0107e godine pusti u promet i Pelje\u0161ki most, \u010dija \u0107e gradnja biti zavr\u0161ena potkraj ove godine.<\/p>\n\n\n\n<p>Tako bi Hrvatska sljede\u0107e godine otvorila dva vrlo va\u017ena mosta za promet. Pelje\u0161ki \u0107e spojiti Hrvatsku, a most Gradi\u0161ka olak\u0161at \u0107e i ubrzati prijelaz granice RH \u2013 BiH. Radove na mostu Gradi\u0161ka izvodi bosanskohercegova\u010dko-hrvatski konzorcij koji \u010dine Integral in\u017eenjering, \u0110uro \u0110akovi\u0107 monta\u017ea i Zagreb monta\u017ea. Oni su taj posao dobili na javnom nadmetanju ponudiv\u0161i cijenu od 19,57 milijuna eura bez PDV-a. Uvedeni su u posao 16. listopada 2019., a imaju rok od 30 mjeseci od toga datuma da sagrade most. Gradnju mosta sufinanciraju Hrvatska i BiH, odnosno Hrvatske ceste i Ministarstvo komunikacija i prometa BiH.<\/p>\n\n\n\n<p>Ugovorena je cijena nadzora radova koji provode Institut IGH i Krebs+Kiefer 1,85 milijuna eura, a i taj tro\u0161ak u podjednakom iznosu snose hrvatska i BiH strana. Europska investicijska banka osigurala je zajam BiH u iznosu od 6,8 milijuna kuna za ovaj projekt. Prema podacima Hrvatskih cesta, projekt mosta preko rijeke Save kod Gradi\u0161ke sastoji se od pristupnog puta do mosta koji je tipi\u010dnog presjeka autoceste u RH ukupne duljine 59,79 metara, me\u0111unarodnog mosta s tipi\u010dnim presjekom brze ceste ukupne du\u017eine 411,54 metara, te pristupnog puta do mosta s BiH strane, tipi\u010dnog presjeka autoceste ukupne duljine 411 metara.<\/p>\n\n\n\n<p>Most Gradi\u0161ka smje\u0161ten je na grani\u010dnoj liniji izme\u0111u RH i BiH, u blizini grada Gradi\u0161ka u BiH i naselja Gornji Varo\u0161 u RH. U HC-u navode da je nakon detaljne analize odabrano optimalno rje\u0161enje \u2013 \u010deli\u010dni nosa\u010d mosta s tri raspona. Izvedba temelja mosta pak obuhva\u0107a specifi\u010dne tehnologije \u2013 pobolj\u0161anje tla, za\u0161titu gra\u0111evne jame pobijanjem \u010deli\u010dnih talpi i vodonepropusno brtvljenje mlaznim injektiranjem. Konstrukcija upornjaka U1 i U4 te stupova S2 i S3 izvode se klasi\u010dnim oplatama u punoj visini zbog male visine nad tlom. Monta\u017ea rasponske konstrukcije U1-S2 i S3. U4 izvodi se na skeli, s pomo\u0107u pokretnih dizalica. Glavni raspon S2-S3 bit \u0107e sastavljen s pomo\u0107u slobodne konzolne konstrukcije. Sastavljanje je simetri\u010dno s oba stupa S2 i S3 prema sredini.<\/p>\n\n\n\n<p>Most Gradi\u0161ka je ina\u010de dio projekta brze ceste ma\u0111arska granica \u2013 Virovitica \u2013 Oku\u010dani \u2013 granica BiH, a osim za RH i BiH, ima i europsko zna\u010denje. Sastavni je dio priklju\u010dnog transverzalnog cestovnog smjera E-661 koji povezuje Split s Banjom Lukom i Balatonom. Zbog svoga prometnog i gospodarskog zna\u010denja ovaj je cestovni smjer uvr\u0161ten u III. skupinu prioriteta u mre\u017ei prema Strategiji prometnog razvitka RH, a dionica Oku\u010dani \u2013 granica BiH predstavlja prioritet s obzirom na mogu\u0107nost povezivanja na autocestu A3 Bregana \u2013 Lipovac.<\/p>\n\n\n\n<p><strong>Planiran i most preko<\/strong> <strong>Dragonje<\/strong><\/p>\n\n\n\n<p>Radovi na mostu bili su se malo zakomplicirali izme\u0111u Bo\u017ei\u0107a i Sveta tri kralja kada je zbog visokog vodostaja rijeke Save poplavljen dio inundacije na kojem su bili strojevi i oprema te su dizalice bile evakuirane s tog podru\u010dja dok vodostaj nije po\u010deo padati. Me\u0111utim, ubrzo nakon toga, kad su se radovi mogli nastaviti, izvo\u0111a\u010d radova u suradnji s Hrvatskim cestama pove\u0107ao je kapacitet i dinamiku gradnje kako bi dostigao ka\u0161njenja nastala prirodnom nepogodom.<\/p>\n\n\n\n<p>Ovaj most pak nije prvi koji Hrvatska gradi zajedno s BiH. Te su dvije dr\u017eave ve\u0107 zajedno sagradile most Svilaj, na koridoru VC, tako\u0111er preko rijeke Save. No ne\u0107emo graditi samo zajedni\u010dki mostove s BiH nego i s drugim susjedima pa je tako hrvatski ministar mora, prometa i infrastrukture Oleg Butkovi\u0107 u petak sa slovenskim kolegom ministrom infrastrukture Jernejem Vrtovcem potpisao sporazum o zajedni\u010dkoj gradnji novog mosta preko rijeke Dragonje na hrvatsko-slovenskoj granici.<\/p>\n\n\n\n<p>\/HMS\/<\/p>\n","protected":false},"excerpt":{"rendered":"<p>Dok su o\u010di hrvatske javnosti uglavnom usmjerene na gradili\u0161te Pelje\u0161kog mosta, na drugom kraju Hrvatske, u Slavoniji, radovi na jednome drugom mostu idu punom parom. Rije\u010d je o mostu Gradi\u0161ka, na rijeci Savi, koji \u0107e spojiti hrvatsku i bosanskohercegova\u010dku obalu te rijeke. Hrvatske su ceste ustupile&nbsp;Ve\u010dernjem listu&nbsp;najnovije fotografije s gradili\u0161ta mosta Gradi\u0161ka na kojima se [&hellip;]<\/p>\n","protected":false},"author":2,"featured_media":14220,"comment_status":"closed","ping_status":"closed","sticky":false,"template":"","format":"standard","meta":{"h5ap_radio_sources":[],"footnotes":""},"categories":[1],"tags":[],"class_list":["post-14219","post","type-post","status-publish","format-standard","has-post-thumbnail","hentry","category-bihiregija"],"yoast_head":"<!-- This site is optimized with the Yoast SEO plugin v27.5 - https:\/\/yoast.com\/product\/yoast-seo-wordpress\/ -->\n<title>Spajanje mosta Gradi\u0161ka preko Save u zavr\u0161noj fazi - RADIO LJUBU\u0160KI<\/title>\n<meta name=\"robots\" content=\"index, follow, max-snippet:-1, max-image-preview:large, max-video-preview:-1\" \/>\n<link rel=\"canonical\" href=\"https:\/\/radioljubuski.ba\/index.php\/2021\/04\/18\/spajanje-mosta-gradiska-preko-save-u-zavrsnoj-fazi\/\" \/>\n<meta property=\"og:locale\" content=\"hr_HR\" \/>\n<meta property=\"og:type\" content=\"article\" \/>\n<meta property=\"og:title\" content=\"Spajanje mosta Gradi\u0161ka preko Save u zavr\u0161noj fazi - RADIO LJUBU\u0160KI\" \/>\n<meta property=\"og:description\" content=\"Dok su o\u010di hrvatske javnosti uglavnom usmjerene na gradili\u0161te Pelje\u0161kog mosta, na drugom kraju Hrvatske, u Slavoniji, radovi na jednome drugom mostu idu punom parom. Rije\u010d je o mostu Gradi\u0161ka, na rijeci Savi, koji \u0107e spojiti hrvatsku i bosanskohercegova\u010dku obalu te rijeke. Hrvatske su ceste ustupile&nbsp;Ve\u010dernjem listu&nbsp;najnovije fotografije s gradili\u0161ta mosta Gradi\u0161ka na kojima se [&hellip;]\" \/>\n<meta property=\"og:url\" content=\"https:\/\/radioljubuski.ba\/index.php\/2021\/04\/18\/spajanje-mosta-gradiska-preko-save-u-zavrsnoj-fazi\/\" \/>\n<meta property=\"og:site_name\" content=\"RADIO LJUBU\u0160KI\" \/>\n<meta property=\"article:publisher\" content=\"https:\/\/www.facebook.com\/Radiio-Ljubuski-1490835324566332\" \/>\n<meta property=\"article:published_time\" content=\"2021-04-18T20:29:15+00:00\" \/>\n<meta property=\"article:modified_time\" content=\"2021-04-18T20:29:16+00:00\" \/>\n<meta property=\"og:image\" content=\"https:\/\/radioljubuski.ba\/wp-content\/uploads\/2021\/04\/gradisska-most2-1068x600-1.png\" \/>\n\t<meta property=\"og:image:width\" content=\"1068\" \/>\n\t<meta property=\"og:image:height\" content=\"600\" \/>\n\t<meta property=\"og:image:type\" content=\"image\/png\" \/>\n<meta name=\"author\" content=\"Radio Ljubu\u0161ki\" \/>\n<meta name=\"twitter:card\" content=\"summary_large_image\" \/>\n<meta name=\"twitter:creator\" content=\"@radioljubuski\" \/>\n<meta name=\"twitter:site\" content=\"@radioljubuski\" \/>\n<meta name=\"twitter:label1\" content=\"Napisao\/la\" \/>\n\t<meta name=\"twitter:data1\" content=\"Radio Ljubu\u0161ki\" \/>\n\t<meta name=\"twitter:label2\" content=\"Procijenjeno vrijeme \u010ditanja\" \/>\n\t<meta name=\"twitter:data2\" content=\"3 minute\" \/>\n<script type=\"application\/ld+json\" class=\"yoast-schema-graph\">{\"@context\":\"https:\\\/\\\/schema.org\",\"@graph\":[{\"@type\":\"Article\",\"@id\":\"https:\\\/\\\/radioljubuski.ba\\\/index.php\\\/2021\\\/04\\\/18\\\/spajanje-mosta-gradiska-preko-save-u-zavrsnoj-fazi\\\/#article\",\"isPartOf\":{\"@id\":\"https:\\\/\\\/radioljubuski.ba\\\/index.php\\\/2021\\\/04\\\/18\\\/spajanje-mosta-gradiska-preko-save-u-zavrsnoj-fazi\\\/\"},\"author\":{\"name\":\"Radio Ljubu\u0161ki\",\"@id\":\"https:\\\/\\\/radioljubuski.ba\\\/#\\\/schema\\\/person\\\/19fc700381a780f69665d7956c469e3b\"},\"headline\":\"Spajanje mosta Gradi\u0161ka preko Save u zavr\u0161noj fazi\",\"datePublished\":\"2021-04-18T20:29:15+00:00\",\"dateModified\":\"2021-04-18T20:29:16+00:00\",\"mainEntityOfPage\":{\"@id\":\"https:\\\/\\\/radioljubuski.ba\\\/index.php\\\/2021\\\/04\\\/18\\\/spajanje-mosta-gradiska-preko-save-u-zavrsnoj-fazi\\\/\"},\"wordCount\":739,\"publisher\":{\"@id\":\"https:\\\/\\\/radioljubuski.ba\\\/#organization\"},\"image\":{\"@id\":\"https:\\\/\\\/radioljubuski.ba\\\/index.php\\\/2021\\\/04\\\/18\\\/spajanje-mosta-gradiska-preko-save-u-zavrsnoj-fazi\\\/#primaryimage\"},\"thumbnailUrl\":\"https:\\\/\\\/radioljubuski.ba\\\/wp-content\\\/uploads\\\/2021\\\/04\\\/gradisska-most2-1068x600-1.png\",\"articleSection\":[\"BIH i regija\"],\"inLanguage\":\"hr\"},{\"@type\":\"WebPage\",\"@id\":\"https:\\\/\\\/radioljubuski.ba\\\/index.php\\\/2021\\\/04\\\/18\\\/spajanje-mosta-gradiska-preko-save-u-zavrsnoj-fazi\\\/\",\"url\":\"https:\\\/\\\/radioljubuski.ba\\\/index.php\\\/2021\\\/04\\\/18\\\/spajanje-mosta-gradiska-preko-save-u-zavrsnoj-fazi\\\/\",\"name\":\"Spajanje mosta Gradi\u0161ka preko Save u zavr\u0161noj fazi - RADIO LJUBU\u0160KI\",\"isPartOf\":{\"@id\":\"https:\\\/\\\/radioljubuski.ba\\\/#website\"},\"primaryImageOfPage\":{\"@id\":\"https:\\\/\\\/radioljubuski.ba\\\/index.php\\\/2021\\\/04\\\/18\\\/spajanje-mosta-gradiska-preko-save-u-zavrsnoj-fazi\\\/#primaryimage\"},\"image\":{\"@id\":\"https:\\\/\\\/radioljubuski.ba\\\/index.php\\\/2021\\\/04\\\/18\\\/spajanje-mosta-gradiska-preko-save-u-zavrsnoj-fazi\\\/#primaryimage\"},\"thumbnailUrl\":\"https:\\\/\\\/radioljubuski.ba\\\/wp-content\\\/uploads\\\/2021\\\/04\\\/gradisska-most2-1068x600-1.png\",\"datePublished\":\"2021-04-18T20:29:15+00:00\",\"dateModified\":\"2021-04-18T20:29:16+00:00\",\"breadcrumb\":{\"@id\":\"https:\\\/\\\/radioljubuski.ba\\\/index.php\\\/2021\\\/04\\\/18\\\/spajanje-mosta-gradiska-preko-save-u-zavrsnoj-fazi\\\/#breadcrumb\"},\"inLanguage\":\"hr\",\"potentialAction\":[{\"@type\":\"ReadAction\",\"target\":[\"https:\\\/\\\/radioljubuski.ba\\\/index.php\\\/2021\\\/04\\\/18\\\/spajanje-mosta-gradiska-preko-save-u-zavrsnoj-fazi\\\/\"]}]},{\"@type\":\"ImageObject\",\"inLanguage\":\"hr\",\"@id\":\"https:\\\/\\\/radioljubuski.ba\\\/index.php\\\/2021\\\/04\\\/18\\\/spajanje-mosta-gradiska-preko-save-u-zavrsnoj-fazi\\\/#primaryimage\",\"url\":\"https:\\\/\\\/radioljubuski.ba\\\/wp-content\\\/uploads\\\/2021\\\/04\\\/gradisska-most2-1068x600-1.png\",\"contentUrl\":\"https:\\\/\\\/radioljubuski.ba\\\/wp-content\\\/uploads\\\/2021\\\/04\\\/gradisska-most2-1068x600-1.png\",\"width\":1068,\"height\":600},{\"@type\":\"BreadcrumbList\",\"@id\":\"https:\\\/\\\/radioljubuski.ba\\\/index.php\\\/2021\\\/04\\\/18\\\/spajanje-mosta-gradiska-preko-save-u-zavrsnoj-fazi\\\/#breadcrumb\",\"itemListElement\":[{\"@type\":\"ListItem\",\"position\":1,\"name\":\"Po\u010detna stranica\",\"item\":\"https:\\\/\\\/radioljubuski.ba\\\/\"},{\"@type\":\"ListItem\",\"position\":2,\"name\":\"Spajanje mosta Gradi\u0161ka preko Save u zavr\u0161noj fazi\"}]},{\"@type\":\"WebSite\",\"@id\":\"https:\\\/\\\/radioljubuski.ba\\\/#website\",\"url\":\"https:\\\/\\\/radioljubuski.ba\\\/\",\"name\":\"Radio Ljubu\u0161ki\",\"description\":\"Sun\u010dana frekvencija Hercegovine\",\"publisher\":{\"@id\":\"https:\\\/\\\/radioljubuski.ba\\\/#organization\"},\"potentialAction\":[{\"@type\":\"SearchAction\",\"target\":{\"@type\":\"EntryPoint\",\"urlTemplate\":\"https:\\\/\\\/radioljubuski.ba\\\/?s={search_term_string}\"},\"query-input\":{\"@type\":\"PropertyValueSpecification\",\"valueRequired\":true,\"valueName\":\"search_term_string\"}}],\"inLanguage\":\"hr\"},{\"@type\":\"Organization\",\"@id\":\"https:\\\/\\\/radioljubuski.ba\\\/#organization\",\"name\":\"Radio Ljubu\u0161ki\",\"url\":\"https:\\\/\\\/radioljubuski.ba\\\/\",\"logo\":{\"@type\":\"ImageObject\",\"inLanguage\":\"hr\",\"@id\":\"https:\\\/\\\/radioljubuski.ba\\\/#\\\/schema\\\/logo\\\/image\\\/\",\"url\":\"https:\\\/\\\/radioljubuski.ba\\\/wp-content\\\/uploads\\\/2021\\\/02\\\/cropped-Radio_Ljubuski_logo1.jpg\",\"contentUrl\":\"https:\\\/\\\/radioljubuski.ba\\\/wp-content\\\/uploads\\\/2021\\\/02\\\/cropped-Radio_Ljubuski_logo1.jpg\",\"width\":512,\"height\":512,\"caption\":\"Radio Ljubu\u0161ki\"},\"image\":{\"@id\":\"https:\\\/\\\/radioljubuski.ba\\\/#\\\/schema\\\/logo\\\/image\\\/\"},\"sameAs\":[\"https:\\\/\\\/www.facebook.com\\\/Radiio-Ljubuski-1490835324566332\",\"https:\\\/\\\/x.com\\\/radioljubuski\",\"https:\\\/\\\/hr.linkedin.com\\\/company\\\/radio-ljubuski\",\"https:\\\/\\\/www.youtube.com\\\/channel\\\/UCHYaeO_n0Db3tjNGudGpXyw\"]},{\"@type\":\"Person\",\"@id\":\"https:\\\/\\\/radioljubuski.ba\\\/#\\\/schema\\\/person\\\/19fc700381a780f69665d7956c469e3b\",\"name\":\"Radio Ljubu\u0161ki\"}]}<\/script>\n<!-- \/ Yoast SEO plugin. -->","yoast_head_json":{"title":"Spajanje mosta Gradi\u0161ka preko Save u zavr\u0161noj fazi - RADIO LJUBU\u0160KI","robots":{"index":"index","follow":"follow","max-snippet":"max-snippet:-1","max-image-preview":"max-image-preview:large","max-video-preview":"max-video-preview:-1"},"canonical":"https:\/\/radioljubuski.ba\/index.php\/2021\/04\/18\/spajanje-mosta-gradiska-preko-save-u-zavrsnoj-fazi\/","og_locale":"hr_HR","og_type":"article","og_title":"Spajanje mosta Gradi\u0161ka preko Save u zavr\u0161noj fazi - RADIO LJUBU\u0160KI","og_description":"Dok su o\u010di hrvatske javnosti uglavnom usmjerene na gradili\u0161te Pelje\u0161kog mosta, na drugom kraju Hrvatske, u Slavoniji, radovi na jednome drugom mostu idu punom parom. Rije\u010d je o mostu Gradi\u0161ka, na rijeci Savi, koji \u0107e spojiti hrvatsku i bosanskohercegova\u010dku obalu te rijeke. Hrvatske su ceste ustupile&nbsp;Ve\u010dernjem listu&nbsp;najnovije fotografije s gradili\u0161ta mosta Gradi\u0161ka na kojima se [&hellip;]","og_url":"https:\/\/radioljubuski.ba\/index.php\/2021\/04\/18\/spajanje-mosta-gradiska-preko-save-u-zavrsnoj-fazi\/","og_site_name":"RADIO LJUBU\u0160KI","article_publisher":"https:\/\/www.facebook.com\/Radiio-Ljubuski-1490835324566332","article_published_time":"2021-04-18T20:29:15+00:00","article_modified_time":"2021-04-18T20:29:16+00:00","og_image":[{"width":1068,"height":600,"url":"https:\/\/radioljubuski.ba\/wp-content\/uploads\/2021\/04\/gradisska-most2-1068x600-1.png","type":"image\/png"}],"author":"Radio Ljubu\u0161ki","twitter_card":"summary_large_image","twitter_creator":"@radioljubuski","twitter_site":"@radioljubuski","twitter_misc":{"Napisao\/la":"Radio Ljubu\u0161ki","Procijenjeno vrijeme \u010ditanja":"3 minute"},"schema":{"@context":"https:\/\/schema.org","@graph":[{"@type":"Article","@id":"https:\/\/radioljubuski.ba\/index.php\/2021\/04\/18\/spajanje-mosta-gradiska-preko-save-u-zavrsnoj-fazi\/#article","isPartOf":{"@id":"https:\/\/radioljubuski.ba\/index.php\/2021\/04\/18\/spajanje-mosta-gradiska-preko-save-u-zavrsnoj-fazi\/"},"author":{"name":"Radio Ljubu\u0161ki","@id":"https:\/\/radioljubuski.ba\/#\/schema\/person\/19fc700381a780f69665d7956c469e3b"},"headline":"Spajanje mosta Gradi\u0161ka preko Save u zavr\u0161noj fazi","datePublished":"2021-04-18T20:29:15+00:00","dateModified":"2021-04-18T20:29:16+00:00","mainEntityOfPage":{"@id":"https:\/\/radioljubuski.ba\/index.php\/2021\/04\/18\/spajanje-mosta-gradiska-preko-save-u-zavrsnoj-fazi\/"},"wordCount":739,"publisher":{"@id":"https:\/\/radioljubuski.ba\/#organization"},"image":{"@id":"https:\/\/radioljubuski.ba\/index.php\/2021\/04\/18\/spajanje-mosta-gradiska-preko-save-u-zavrsnoj-fazi\/#primaryimage"},"thumbnailUrl":"https:\/\/radioljubuski.ba\/wp-content\/uploads\/2021\/04\/gradisska-most2-1068x600-1.png","articleSection":["BIH i regija"],"inLanguage":"hr"},{"@type":"WebPage","@id":"https:\/\/radioljubuski.ba\/index.php\/2021\/04\/18\/spajanje-mosta-gradiska-preko-save-u-zavrsnoj-fazi\/","url":"https:\/\/radioljubuski.ba\/index.php\/2021\/04\/18\/spajanje-mosta-gradiska-preko-save-u-zavrsnoj-fazi\/","name":"Spajanje mosta Gradi\u0161ka preko Save u zavr\u0161noj fazi - RADIO LJUBU\u0160KI","isPartOf":{"@id":"https:\/\/radioljubuski.ba\/#website"},"primaryImageOfPage":{"@id":"https:\/\/radioljubuski.ba\/index.php\/2021\/04\/18\/spajanje-mosta-gradiska-preko-save-u-zavrsnoj-fazi\/#primaryimage"},"image":{"@id":"https:\/\/radioljubuski.ba\/index.php\/2021\/04\/18\/spajanje-mosta-gradiska-preko-save-u-zavrsnoj-fazi\/#primaryimage"},"thumbnailUrl":"https:\/\/radioljubuski.ba\/wp-content\/uploads\/2021\/04\/gradisska-most2-1068x600-1.png","datePublished":"2021-04-18T20:29:15+00:00","dateModified":"2021-04-18T20:29:16+00:00","breadcrumb":{"@id":"https:\/\/radioljubuski.ba\/index.php\/2021\/04\/18\/spajanje-mosta-gradiska-preko-save-u-zavrsnoj-fazi\/#breadcrumb"},"inLanguage":"hr","potentialAction":[{"@type":"ReadAction","target":["https:\/\/radioljubuski.ba\/index.php\/2021\/04\/18\/spajanje-mosta-gradiska-preko-save-u-zavrsnoj-fazi\/"]}]},{"@type":"ImageObject","inLanguage":"hr","@id":"https:\/\/radioljubuski.ba\/index.php\/2021\/04\/18\/spajanje-mosta-gradiska-preko-save-u-zavrsnoj-fazi\/#primaryimage","url":"https:\/\/radioljubuski.ba\/wp-content\/uploads\/2021\/04\/gradisska-most2-1068x600-1.png","contentUrl":"https:\/\/radioljubuski.ba\/wp-content\/uploads\/2021\/04\/gradisska-most2-1068x600-1.png","width":1068,"height":600},{"@type":"BreadcrumbList","@id":"https:\/\/radioljubuski.ba\/index.php\/2021\/04\/18\/spajanje-mosta-gradiska-preko-save-u-zavrsnoj-fazi\/#breadcrumb","itemListElement":[{"@type":"ListItem","position":1,"name":"Po\u010detna stranica","item":"https:\/\/radioljubuski.ba\/"},{"@type":"ListItem","position":2,"name":"Spajanje mosta Gradi\u0161ka preko Save u zavr\u0161noj fazi"}]},{"@type":"WebSite","@id":"https:\/\/radioljubuski.ba\/#website","url":"https:\/\/radioljubuski.ba\/","name":"Radio Ljubu\u0161ki","description":"Sun\u010dana frekvencija Hercegovine","publisher":{"@id":"https:\/\/radioljubuski.ba\/#organization"},"potentialAction":[{"@type":"SearchAction","target":{"@type":"EntryPoint","urlTemplate":"https:\/\/radioljubuski.ba\/?s={search_term_string}"},"query-input":{"@type":"PropertyValueSpecification","valueRequired":true,"valueName":"search_term_string"}}],"inLanguage":"hr"},{"@type":"Organization","@id":"https:\/\/radioljubuski.ba\/#organization","name":"Radio Ljubu\u0161ki","url":"https:\/\/radioljubuski.ba\/","logo":{"@type":"ImageObject","inLanguage":"hr","@id":"https:\/\/radioljubuski.ba\/#\/schema\/logo\/image\/","url":"https:\/\/radioljubuski.ba\/wp-content\/uploads\/2021\/02\/cropped-Radio_Ljubuski_logo1.jpg","contentUrl":"https:\/\/radioljubuski.ba\/wp-content\/uploads\/2021\/02\/cropped-Radio_Ljubuski_logo1.jpg","width":512,"height":512,"caption":"Radio Ljubu\u0161ki"},"image":{"@id":"https:\/\/radioljubuski.ba\/#\/schema\/logo\/image\/"},"sameAs":["https:\/\/www.facebook.com\/Radiio-Ljubuski-1490835324566332","https:\/\/x.com\/radioljubuski","https:\/\/hr.linkedin.com\/company\/radio-ljubuski","https:\/\/www.youtube.com\/channel\/UCHYaeO_n0Db3tjNGudGpXyw"]},{"@type":"Person","@id":"https:\/\/radioljubuski.ba\/#\/schema\/person\/19fc700381a780f69665d7956c469e3b","name":"Radio Ljubu\u0161ki"}]}},"_links":{"self":[{"href":"https:\/\/radioljubuski.ba\/index.php\/wp-json\/wp\/v2\/posts\/14219","targetHints":{"allow":["GET"]}}],"collection":[{"href":"https:\/\/radioljubuski.ba\/index.php\/wp-json\/wp\/v2\/posts"}],"about":[{"href":"https:\/\/radioljubuski.ba\/index.php\/wp-json\/wp\/v2\/types\/post"}],"author":[{"embeddable":true,"href":"https:\/\/radioljubuski.ba\/index.php\/wp-json\/wp\/v2\/users\/2"}],"replies":[{"embeddable":true,"href":"https:\/\/radioljubuski.ba\/index.php\/wp-json\/wp\/v2\/comments?post=14219"}],"version-history":[{"count":1,"href":"https:\/\/radioljubuski.ba\/index.php\/wp-json\/wp\/v2\/posts\/14219\/revisions"}],"predecessor-version":[{"id":14221,"href":"https:\/\/radioljubuski.ba\/index.php\/wp-json\/wp\/v2\/posts\/14219\/revisions\/14221"}],"wp:featuredmedia":[{"embeddable":true,"href":"https:\/\/radioljubuski.ba\/index.php\/wp-json\/wp\/v2\/media\/14220"}],"wp:attachment":[{"href":"https:\/\/radioljubuski.ba\/index.php\/wp-json\/wp\/v2\/media?parent=14219"}],"wp:term":[{"taxonomy":"category","embeddable":true,"href":"https:\/\/radioljubuski.ba\/index.php\/wp-json\/wp\/v2\/categories?post=14219"},{"taxonomy":"post_tag","embeddable":true,"href":"https:\/\/radioljubuski.ba\/index.php\/wp-json\/wp\/v2\/tags?post=14219"}],"curies":[{"name":"wp","href":"https:\/\/api.w.org\/{rel}","templated":true}]}}